{"id":4407,"date":"2021-05-30T06:53:15","date_gmt":"2021-05-30T11:53:15","guid":{"rendered":"https:\/\/redamlo.com\/?p=4407"},"modified":"2021-05-30T06:53:15","modified_gmt":"2021-05-30T11:53:15","slug":"la-ola-verde-llega-a-moctezuma-junto-con-el-pollo-gallardo","status":"publish","type":"post","link":"https:\/\/redamlo.com\/index.php\/2021\/05\/30\/la-ola-verde-llega-a-moctezuma-junto-con-el-pollo-gallardo\/","title":{"rendered":"La ola verde llega a Moctezuma junto con El Pollo Gallardo"},"content":{"rendered":"<p>El candidato de los partidos del Trabajo y Verde Ecologista de M\u00e9xico (PT-PVEM), como parte de sus recorridos asisti\u00f3 al cierre de campa\u00f1a del aspirante a Alcalde Luis Vega, en Moctezuma, se vieron rodeados de cientos de potosinos que los apoyaban con porras, banderas verdes y peticiones de la gente exigiendo un cambio en el Estado.<\/p>\n<p>Por su parte, el PVEM y PT buscan ganar en coalici\u00f3n la Gubernatura de San Luis, ya que aseguran hasta ahora es el candidato con las mejores propuestas, mismas que buscan erradicar las carencias de los pobladores.<\/p>\n<p>Cabe destacar que Gallardo, es licenciado en Derecho por la Universidad del Centro de M\u00e9xico, ha encabezado las \u00faltimas encuestas y asegura que durante su cargo como Alcalde de Soledad de Graciano, logr\u00f3 hacer que progresara implementando estrategias que beneficiaron a las familias.<\/p>\n<p>Al d\u00eda de hoy, _El Pollo_ Gallardo asegura ser blanco de una guerra sucia emprendida por los l\u00edderes que se encuentran actualmente en el poder, por lo que realiz\u00f3 un llamado a los potosinos de no dejarse enga\u00f1ar por las falsas promesas de otros partidos que ya han gobernado por a\u00f1os y no han dejado nada bueno para nadie.<\/p>\n<p>Concluy\u00f3 asegurando que traer\u00e1 el progreso para la entidad y proyectos que beneficien los bolsillos de la gente trabajadora y as\u00ed poder mejorar su calidad de vida.<\/p>\n","protected":false},"excerpt":{"rendered":"<p>El candidato de los partidos del Trabajo y Verde Ecologista de M\u00e9xico (PT-PVEM), como parte&#8230;<\/p>\n","protected":false},"author":2,"featured_media":4408,"comment_status":"open","ping_status":"closed","sticky":false,"template":"","format":"standard","meta":{"footnotes":""},"categories":[1],"tags":[761,795,389,390,790,267,764],"class_list":["post-4407","post","type-post","status-publish","format-standard","has-post-thumbnail","hentry","category-uncategorized","tag-el-pollo-gallardo","tag-juntos-haremos-historia","tag-pt","tag-pvem","tag-ricardo-gallardo-cardona","tag-san-luis-potosi","tag-slp"],"yoast_head":"<!-- This site is optimized with the Yoast SEO plugin v27.5 - https:\/\/yoast.com\/product\/yoast-seo-wordpress\/ -->\n<title>La ola verde llega a Moctezuma junto con El Pollo Gallardo - NOTICIAS DE LA 4T<\/title>\n<meta name=\"robots\" content=\"noindex, follow, max-snippet:-1, max-image-preview:large, max-video-preview:-1\" \/>\n<meta property=\"og:locale\" content=\"es_MX\" \/>\n<meta property=\"og:type\" content=\"article\" \/>\n<meta property=\"og:title\" content=\"La ola verde llega a Moctezuma junto con El Pollo Gallardo - NOTICIAS DE LA 4T\" \/>\n<meta property=\"og:description\" content=\"El candidato de los partidos del Trabajo y Verde Ecologista de M\u00e9xico (PT-PVEM), como parte...\" \/>\n<meta property=\"og:url\" content=\"https:\/\/redamlo.com\/index.php\/2021\/05\/30\/la-ola-verde-llega-a-moctezuma-junto-con-el-pollo-gallardo\/\" \/>\n<meta property=\"og:site_name\" content=\"NOTICIAS DE LA 4T\" \/>\n<meta property=\"article:published_time\" content=\"2021-05-30T11:53:15+00:00\" \/>\n<meta property=\"og:image\" content=\"https:\/\/redamlo.com\/wp-content\/uploads\/2021\/05\/20210530_062212.jpg\" \/>\n\t<meta property=\"og:image:width\" content=\"1024\" \/>\n\t<meta property=\"og:image:height\" content=\"682\" \/>\n\t<meta property=\"og:image:type\" content=\"image\/jpeg\" \/>\n<meta name=\"author\" content=\"Blanca\" \/>\n<meta name=\"twitter:card\" content=\"summary_large_image\" \/>\n<meta name=\"twitter:label1\" content=\"Escrito por\" \/>\n\t<meta name=\"twitter:data1\" content=\"Blanca\" \/>\n\t<meta name=\"twitter:label2\" content=\"Tiempo de lectura\" \/>\n\t<meta name=\"twitter:data2\" content=\"1 minuto\" \/>\n<script type=\"application\/ld+json\" class=\"yoast-schema-graph\">{\"@context\":\"https:\\\/\\\/schema.org\",\"@graph\":[{\"@type\":\"Article\",\"@id\":\"https:\\\/\\\/redamlo.com\\\/index.php\\\/2021\\\/05\\\/30\\\/la-ola-verde-llega-a-moctezuma-junto-con-el-pollo-gallardo\\\/#article\",\"isPartOf\":{\"@id\":\"https:\\\/\\\/redamlo.com\\\/index.php\\\/2021\\\/05\\\/30\\\/la-ola-verde-llega-a-moctezuma-junto-con-el-pollo-gallardo\\\/\"},\"author\":{\"name\":\"Blanca\",\"@id\":\"https:\\\/\\\/redamlo.com\\\/#\\\/schema\\\/person\\\/7223a4375eb8f1a782fcae010a7115cf\"},\"headline\":\"La ola verde llega a Moctezuma junto con El Pollo Gallardo\",\"datePublished\":\"2021-05-30T11:53:15+00:00\",\"mainEntityOfPage\":{\"@id\":\"https:\\\/\\\/redamlo.com\\\/index.php\\\/2021\\\/05\\\/30\\\/la-ola-verde-llega-a-moctezuma-junto-con-el-pollo-gallardo\\\/\"},\"wordCount\":241,\"commentCount\":0,\"publisher\":{\"@id\":\"https:\\\/\\\/redamlo.com\\\/#organization\"},\"image\":{\"@id\":\"https:\\\/\\\/redamlo.com\\\/index.php\\\/2021\\\/05\\\/30\\\/la-ola-verde-llega-a-moctezuma-junto-con-el-pollo-gallardo\\\/#primaryimage\"},\"thumbnailUrl\":\"https:\\\/\\\/redamlo.com\\\/wp-content\\\/uploads\\\/2021\\\/05\\\/20210530_062212.jpg\",\"keywords\":[\"El Pollo Gallardo\",\"Juntos Haremos Historia\",\"PT\",\"PVEM\",\"Ricardo Gallardo Cardona\",\"San Luis Potos\u00ed\",\"SLP\"],\"articleSection\":[\"Uncategorized\"],\"inLanguage\":\"es\",\"potentialAction\":[{\"@type\":\"CommentAction\",\"name\":\"Comment\",\"target\":[\"https:\\\/\\\/redamlo.com\\\/index.php\\\/2021\\\/05\\\/30\\\/la-ola-verde-llega-a-moctezuma-junto-con-el-pollo-gallardo\\\/#respond\"]}]},{\"@type\":\"WebPage\",\"@id\":\"https:\\\/\\\/redamlo.com\\\/index.php\\\/2021\\\/05\\\/30\\\/la-ola-verde-llega-a-moctezuma-junto-con-el-pollo-gallardo\\\/\",\"url\":\"https:\\\/\\\/redamlo.com\\\/index.php\\\/2021\\\/05\\\/30\\\/la-ola-verde-llega-a-moctezuma-junto-con-el-pollo-gallardo\\\/\",\"name\":\"La ola verde llega a Moctezuma junto con El Pollo Gallardo - NOTICIAS DE LA 4T\",\"isPartOf\":{\"@id\":\"https:\\\/\\\/redamlo.com\\\/#website\"},\"primaryImageOfPage\":{\"@id\":\"https:\\\/\\\/redamlo.com\\\/index.php\\\/2021\\\/05\\\/30\\\/la-ola-verde-llega-a-moctezuma-junto-con-el-pollo-gallardo\\\/#primaryimage\"},\"image\":{\"@id\":\"https:\\\/\\\/redamlo.com\\\/index.php\\\/2021\\\/05\\\/30\\\/la-ola-verde-llega-a-moctezuma-junto-con-el-pollo-gallardo\\\/#primaryimage\"},\"thumbnailUrl\":\"https:\\\/\\\/redamlo.com\\\/wp-content\\\/uploads\\\/2021\\\/05\\\/20210530_062212.jpg\",\"datePublished\":\"2021-05-30T11:53:15+00:00\",\"breadcrumb\":{\"@id\":\"https:\\\/\\\/redamlo.com\\\/index.php\\\/2021\\\/05\\\/30\\\/la-ola-verde-llega-a-moctezuma-junto-con-el-pollo-gallardo\\\/#breadcrumb\"},\"inLanguage\":\"es\",\"potentialAction\":[{\"@type\":\"ReadAction\",\"target\":[\"https:\\\/\\\/redamlo.com\\\/index.php\\\/2021\\\/05\\\/30\\\/la-ola-verde-llega-a-moctezuma-junto-con-el-pollo-gallardo\\\/\"]}]},{\"@type\":\"ImageObject\",\"inLanguage\":\"es\",\"@id\":\"https:\\\/\\\/redamlo.com\\\/index.php\\\/2021\\\/05\\\/30\\\/la-ola-verde-llega-a-moctezuma-junto-con-el-pollo-gallardo\\\/#primaryimage\",\"url\":\"https:\\\/\\\/redamlo.com\\\/wp-content\\\/uploads\\\/2021\\\/05\\\/20210530_062212.jpg\",\"contentUrl\":\"https:\\\/\\\/redamlo.com\\\/wp-content\\\/uploads\\\/2021\\\/05\\\/20210530_062212.jpg\",\"width\":1024,\"height\":682},{\"@type\":\"BreadcrumbList\",\"@id\":\"https:\\\/\\\/redamlo.com\\\/index.php\\\/2021\\\/05\\\/30\\\/la-ola-verde-llega-a-moctezuma-junto-con-el-pollo-gallardo\\\/#breadcrumb\",\"itemListElement\":[{\"@type\":\"ListItem\",\"position\":1,\"name\":\"Inicio\",\"item\":\"https:\\\/\\\/redamlo.com\\\/\"},{\"@type\":\"ListItem\",\"position\":2,\"name\":\"La ola verde llega a Moctezuma junto con El Pollo Gallardo\"}]},{\"@type\":\"WebSite\",\"@id\":\"https:\\\/\\\/redamlo.com\\\/#website\",\"url\":\"https:\\\/\\\/redamlo.com\\\/\",\"name\":\"NOTICIAS DE LA 4T\",\"description\":\"\",\"publisher\":{\"@id\":\"https:\\\/\\\/redamlo.com\\\/#organization\"},\"potentialAction\":[{\"@type\":\"SearchAction\",\"target\":{\"@type\":\"EntryPoint\",\"urlTemplate\":\"https:\\\/\\\/redamlo.com\\\/?s={search_term_string}\"},\"query-input\":{\"@type\":\"PropertyValueSpecification\",\"valueRequired\":true,\"valueName\":\"search_term_string\"}}],\"inLanguage\":\"es\"},{\"@type\":\"Organization\",\"@id\":\"https:\\\/\\\/redamlo.com\\\/#organization\",\"name\":\"NOTICIAS DE LA 4T\",\"url\":\"https:\\\/\\\/redamlo.com\\\/\",\"logo\":{\"@type\":\"ImageObject\",\"inLanguage\":\"es\",\"@id\":\"https:\\\/\\\/redamlo.com\\\/#\\\/schema\\\/logo\\\/image\\\/\",\"url\":\"https:\\\/\\\/redamlo.com\\\/wp-content\\\/uploads\\\/2024\\\/08\\\/cropped-RED-AMLO-logo-50.png\",\"contentUrl\":\"https:\\\/\\\/redamlo.com\\\/wp-content\\\/uploads\\\/2024\\\/08\\\/cropped-RED-AMLO-logo-50.png\",\"width\":256,\"height\":256,\"caption\":\"NOTICIAS DE LA 4T\"},\"image\":{\"@id\":\"https:\\\/\\\/redamlo.com\\\/#\\\/schema\\\/logo\\\/image\\\/\"}},{\"@type\":\"Person\",\"@id\":\"https:\\\/\\\/redamlo.com\\\/#\\\/schema\\\/person\\\/7223a4375eb8f1a782fcae010a7115cf\",\"name\":\"Blanca\",\"image\":{\"@type\":\"ImageObject\",\"inLanguage\":\"es\",\"@id\":\"https:\\\/\\\/secure.gravatar.com\\\/avatar\\\/3f79bc8336367a4e6093eae8757acaaf61d1124834b905616de7829b0273426d?s=96&d=mm&r=g\",\"url\":\"https:\\\/\\\/secure.gravatar.com\\\/avatar\\\/3f79bc8336367a4e6093eae8757acaaf61d1124834b905616de7829b0273426d?s=96&d=mm&r=g\",\"contentUrl\":\"https:\\\/\\\/secure.gravatar.com\\\/avatar\\\/3f79bc8336367a4e6093eae8757acaaf61d1124834b905616de7829b0273426d?s=96&d=mm&r=g\",\"caption\":\"Blanca\"},\"url\":\"https:\\\/\\\/redamlo.com\\\/index.php\\\/author\\\/blanca\\\/\"}]}<\/script>\n<!-- \/ Yoast SEO plugin. -->","yoast_head_json":{"title":"La ola verde llega a Moctezuma junto con El Pollo Gallardo - NOTICIAS DE LA 4T","robots":{"index":"noindex","follow":"follow","max-snippet":"max-snippet:-1","max-image-preview":"max-image-preview:large","max-video-preview":"max-video-preview:-1"},"og_locale":"es_MX","og_type":"article","og_title":"La ola verde llega a Moctezuma junto con El Pollo Gallardo - NOTICIAS DE LA 4T","og_description":"El candidato de los partidos del Trabajo y Verde Ecologista de M\u00e9xico (PT-PVEM), como parte...","og_url":"https:\/\/redamlo.com\/index.php\/2021\/05\/30\/la-ola-verde-llega-a-moctezuma-junto-con-el-pollo-gallardo\/","og_site_name":"NOTICIAS DE LA 4T","article_published_time":"2021-05-30T11:53:15+00:00","og_image":[{"width":1024,"height":682,"url":"https:\/\/redamlo.com\/wp-content\/uploads\/2021\/05\/20210530_062212.jpg","type":"image\/jpeg"}],"author":"Blanca","twitter_card":"summary_large_image","twitter_misc":{"Escrito por":"Blanca","Tiempo de lectura":"1 minuto"},"schema":{"@context":"https:\/\/schema.org","@graph":[{"@type":"Article","@id":"https:\/\/redamlo.com\/index.php\/2021\/05\/30\/la-ola-verde-llega-a-moctezuma-junto-con-el-pollo-gallardo\/#article","isPartOf":{"@id":"https:\/\/redamlo.com\/index.php\/2021\/05\/30\/la-ola-verde-llega-a-moctezuma-junto-con-el-pollo-gallardo\/"},"author":{"name":"Blanca","@id":"https:\/\/redamlo.com\/#\/schema\/person\/7223a4375eb8f1a782fcae010a7115cf"},"headline":"La ola verde llega a Moctezuma junto con El Pollo Gallardo","datePublished":"2021-05-30T11:53:15+00:00","mainEntityOfPage":{"@id":"https:\/\/redamlo.com\/index.php\/2021\/05\/30\/la-ola-verde-llega-a-moctezuma-junto-con-el-pollo-gallardo\/"},"wordCount":241,"commentCount":0,"publisher":{"@id":"https:\/\/redamlo.com\/#organization"},"image":{"@id":"https:\/\/redamlo.com\/index.php\/2021\/05\/30\/la-ola-verde-llega-a-moctezuma-junto-con-el-pollo-gallardo\/#primaryimage"},"thumbnailUrl":"https:\/\/redamlo.com\/wp-content\/uploads\/2021\/05\/20210530_062212.jpg","keywords":["El Pollo Gallardo","Juntos Haremos Historia","PT","PVEM","Ricardo Gallardo Cardona","San Luis Potos\u00ed","SLP"],"articleSection":["Uncategorized"],"inLanguage":"es","potentialAction":[{"@type":"CommentAction","name":"Comment","target":["https:\/\/redamlo.com\/index.php\/2021\/05\/30\/la-ola-verde-llega-a-moctezuma-junto-con-el-pollo-gallardo\/#respond"]}]},{"@type":"WebPage","@id":"https:\/\/redamlo.com\/index.php\/2021\/05\/30\/la-ola-verde-llega-a-moctezuma-junto-con-el-pollo-gallardo\/","url":"https:\/\/redamlo.com\/index.php\/2021\/05\/30\/la-ola-verde-llega-a-moctezuma-junto-con-el-pollo-gallardo\/","name":"La ola verde llega a Moctezuma junto con El Pollo Gallardo - NOTICIAS DE LA 4T","isPartOf":{"@id":"https:\/\/redamlo.com\/#website"},"primaryImageOfPage":{"@id":"https:\/\/redamlo.com\/index.php\/2021\/05\/30\/la-ola-verde-llega-a-moctezuma-junto-con-el-pollo-gallardo\/#primaryimage"},"image":{"@id":"https:\/\/redamlo.com\/index.php\/2021\/05\/30\/la-ola-verde-llega-a-moctezuma-junto-con-el-pollo-gallardo\/#primaryimage"},"thumbnailUrl":"https:\/\/redamlo.com\/wp-content\/uploads\/2021\/05\/20210530_062212.jpg","datePublished":"2021-05-30T11:53:15+00:00","breadcrumb":{"@id":"https:\/\/redamlo.com\/index.php\/2021\/05\/30\/la-ola-verde-llega-a-moctezuma-junto-con-el-pollo-gallardo\/#breadcrumb"},"inLanguage":"es","potentialAction":[{"@type":"ReadAction","target":["https:\/\/redamlo.com\/index.php\/2021\/05\/30\/la-ola-verde-llega-a-moctezuma-junto-con-el-pollo-gallardo\/"]}]},{"@type":"ImageObject","inLanguage":"es","@id":"https:\/\/redamlo.com\/index.php\/2021\/05\/30\/la-ola-verde-llega-a-moctezuma-junto-con-el-pollo-gallardo\/#primaryimage","url":"https:\/\/redamlo.com\/wp-content\/uploads\/2021\/05\/20210530_062212.jpg","contentUrl":"https:\/\/redamlo.com\/wp-content\/uploads\/2021\/05\/20210530_062212.jpg","width":1024,"height":682},{"@type":"BreadcrumbList","@id":"https:\/\/redamlo.com\/index.php\/2021\/05\/30\/la-ola-verde-llega-a-moctezuma-junto-con-el-pollo-gallardo\/#breadcrumb","itemListElement":[{"@type":"ListItem","position":1,"name":"Inicio","item":"https:\/\/redamlo.com\/"},{"@type":"ListItem","position":2,"name":"La ola verde llega a Moctezuma junto con El Pollo Gallardo"}]},{"@type":"WebSite","@id":"https:\/\/redamlo.com\/#website","url":"https:\/\/redamlo.com\/","name":"NOTICIAS DE LA 4T","description":"","publisher":{"@id":"https:\/\/redamlo.com\/#organization"},"potentialAction":[{"@type":"SearchAction","target":{"@type":"EntryPoint","urlTemplate":"https:\/\/redamlo.com\/?s={search_term_string}"},"query-input":{"@type":"PropertyValueSpecification","valueRequired":true,"valueName":"search_term_string"}}],"inLanguage":"es"},{"@type":"Organization","@id":"https:\/\/redamlo.com\/#organization","name":"NOTICIAS DE LA 4T","url":"https:\/\/redamlo.com\/","logo":{"@type":"ImageObject","inLanguage":"es","@id":"https:\/\/redamlo.com\/#\/schema\/logo\/image\/","url":"https:\/\/redamlo.com\/wp-content\/uploads\/2024\/08\/cropped-RED-AMLO-logo-50.png","contentUrl":"https:\/\/redamlo.com\/wp-content\/uploads\/2024\/08\/cropped-RED-AMLO-logo-50.png","width":256,"height":256,"caption":"NOTICIAS DE LA 4T"},"image":{"@id":"https:\/\/redamlo.com\/#\/schema\/logo\/image\/"}},{"@type":"Person","@id":"https:\/\/redamlo.com\/#\/schema\/person\/7223a4375eb8f1a782fcae010a7115cf","name":"Blanca","image":{"@type":"ImageObject","inLanguage":"es","@id":"https:\/\/secure.gravatar.com\/avatar\/3f79bc8336367a4e6093eae8757acaaf61d1124834b905616de7829b0273426d?s=96&d=mm&r=g","url":"https:\/\/secure.gravatar.com\/avatar\/3f79bc8336367a4e6093eae8757acaaf61d1124834b905616de7829b0273426d?s=96&d=mm&r=g","contentUrl":"https:\/\/secure.gravatar.com\/avatar\/3f79bc8336367a4e6093eae8757acaaf61d1124834b905616de7829b0273426d?s=96&d=mm&r=g","caption":"Blanca"},"url":"https:\/\/redamlo.com\/index.php\/author\/blanca\/"}]}},"_links":{"self":[{"href":"https:\/\/redamlo.com\/index.php\/wp-json\/wp\/v2\/posts\/4407","targetHints":{"allow":["GET"]}}],"collection":[{"href":"https:\/\/redamlo.com\/index.php\/wp-json\/wp\/v2\/posts"}],"about":[{"href":"https:\/\/redamlo.com\/index.php\/wp-json\/wp\/v2\/types\/post"}],"author":[{"embeddable":true,"href":"https:\/\/redamlo.com\/index.php\/wp-json\/wp\/v2\/users\/2"}],"replies":[{"embeddable":true,"href":"https:\/\/redamlo.com\/index.php\/wp-json\/wp\/v2\/comments?post=4407"}],"version-history":[{"count":0,"href":"https:\/\/redamlo.com\/index.php\/wp-json\/wp\/v2\/posts\/4407\/revisions"}],"wp:featuredmedia":[{"embeddable":true,"href":"https:\/\/redamlo.com\/index.php\/wp-json\/wp\/v2\/media\/4408"}],"wp:attachment":[{"href":"https:\/\/redamlo.com\/index.php\/wp-json\/wp\/v2\/media?parent=4407"}],"wp:term":[{"taxonomy":"category","embeddable":true,"href":"https:\/\/redamlo.com\/index.php\/wp-json\/wp\/v2\/categories?post=4407"},{"taxonomy":"post_tag","embeddable":true,"href":"https:\/\/redamlo.com\/index.php\/wp-json\/wp\/v2\/tags?post=4407"}],"curies":[{"name":"wp","href":"https:\/\/api.w.org\/{rel}","templated":true}]}}