{"id":4404,"date":"2021-05-29T06:35:05","date_gmt":"2021-05-29T11:35:05","guid":{"rendered":"https:\/\/redamlo.com\/?p=4404"},"modified":"2021-05-29T06:35:05","modified_gmt":"2021-05-29T11:35:05","slug":"ricardo-gallardo-afirma-ser-victima-de-ataques-por-parte-de-la-elite-politica","status":"publish","type":"post","link":"https:\/\/redamlo.com\/index.php\/2021\/05\/29\/ricardo-gallardo-afirma-ser-victima-de-ataques-por-parte-de-la-elite-politica\/","title":{"rendered":"Ricardo Gallardo afirma ser v\u00edctima de ataques por parte de la \u00e9lite pol\u00edtica"},"content":{"rendered":"<p>&nbsp;<\/p>\n<p>Ante miles de personas el candidato de la coalici\u00f3n &#8220;Juntos Haremos Historia&#8221; a la Gubernatura del Estado, Ricardo Gallardo Cardona, afirm\u00f3 que en proceso de su campa\u00f1a se ha enfrentado a la campa\u00f1a negra, asegurando que &#8220;las mafias de San Luis Potos\u00ed est\u00e1n desesperadas porque ya se les acab\u00f3 el hueso, se les acab\u00f3 la madera porque parecen becerros pegados a la ubre del presupuesto, todo el d\u00eda succione y succione para los bolsillos de ellos y no le dan un peso a los potosinos y a los huastecos&#8221;.<\/p>\n<p>Gallardo Cardona, declar\u00f3 que \u00e9l sabe las necesidades de la gente con jornadas de m\u00e1s de 8 horas al d\u00eda y no les alcanza para vivir dignamente, mientras que los pol\u00edticos del _PRIAN_ se gastan y lapidan millones de pesos para complacer sus lujos y extravagancias, destac\u00f3 que eso es lo que va a cambiar en el nuevo gobierno, ya que el repartir el dinero del gobierno en toda la gente trabajadora de San Luis Potos\u00ed, la Huasteca Potosina y en cada rinc\u00f3n de los 45 municipios, siendo la principal raz\u00f3n por la que a sus adversarios les, &#8220;tiene ardiendo totalmente las entra\u00f1as a los _priistas_ y a los _panistas_ , al candidato del _PRIAN_ que no podr\u00e1 precisamente defender a su hermano el Secretario de Finanzas, porque ahora la desesperaci\u00f3n es esa, que de ah\u00ed se manten\u00eda toda la familia, los ricos de la Secretar\u00eda de Finanzas y ahora ya no la van a tener&#8221;.<\/p>\n<p>Exclam\u00f3 ante los aplausos de la gente, &#8220;Ahora ese dinero va a parar a los bolsillos de toda la gente trabajadora de la Huasteca Potosina y eso es lo que los tiene molestos, inc\u00f3modos, gastando millones y millones en campa\u00f1as negras en radio, en televisi\u00f3n, en medios nacionales, en redes sociales, en espectaculares, es una desesperaci\u00f3n total la que tiene ya el _PRIAN_ &#8220;.<\/p>\n<p>_El Pollo_ Gallardo pidi\u00f3, &#8220;que toda la gente salga a votar el 6 de junio, que haya una participaci\u00f3n hist\u00f3rica en este 2021, imag\u00ednate cu\u00e1nto abstencionismo hemos tenido en los \u00faltimos 30 a\u00f1os, que a lo m\u00e1s que hemos llegado es al 52-53% de participaci\u00f3n, es muy lamentable, quiere decir que los organismos que se encargan precisamente de reproducir el tema del voto o polarizar las frases y los comerciales que llegue a toda la gente para votar, pues est\u00e1n fracasando, es dinero tirado porque no est\u00e1 llegando al objetivo que queremos, que es tener una participaci\u00f3n de arriba del 70%&#8221;.<\/p>\n<p>Para finalizar, declar\u00f3 que acabar\u00e1 con todos esos vicios y de esa manera, &#8220;dejen ahora a los medios de comunicaci\u00f3n despegar, de qu\u00e9 dejen a los sindicatos despegar, qu\u00e9 dejen a la gente de la clase trabajadora despegar, de qu\u00e9 dejen al sector salud, al sector educativo despegar, es muy lamentable que nada m\u00e1s unas cu\u00e1ntas familias se enriquezcan cada sexenio y que todos los dem\u00e1s est\u00e9n viviendo en la pobreza&#8221;.<\/p>\n","protected":false},"excerpt":{"rendered":"<p>&nbsp; Ante miles de personas el candidato de la coalici\u00f3n &#8220;Juntos Haremos Historia&#8221; a la&#8230;<\/p>\n","protected":false},"author":2,"featured_media":4405,"comment_status":"open","ping_status":"closed","sticky":false,"template":"","format":"standard","meta":{"footnotes":""},"categories":[1],"tags":[761,795,389,390,790,267,764],"class_list":["post-4404","post","type-post","status-publish","format-standard","has-post-thumbnail","hentry","category-uncategorized","tag-el-pollo-gallardo","tag-juntos-haremos-historia","tag-pt","tag-pvem","tag-ricardo-gallardo-cardona","tag-san-luis-potosi","tag-slp"],"yoast_head":"<!-- This site is optimized with the Yoast SEO plugin v27.5 - https:\/\/yoast.com\/product\/yoast-seo-wordpress\/ -->\n<title>Ricardo Gallardo afirma ser v\u00edctima de ataques por parte de la \u00e9lite pol\u00edtica - NOTICIAS DE LA 4T<\/title>\n<meta name=\"robots\" content=\"noindex, follow, max-snippet:-1, max-image-preview:large, max-video-preview:-1\" \/>\n<meta property=\"og:locale\" content=\"es_MX\" \/>\n<meta property=\"og:type\" content=\"article\" \/>\n<meta property=\"og:title\" content=\"Ricardo Gallardo afirma ser v\u00edctima de ataques por parte de la \u00e9lite pol\u00edtica - NOTICIAS DE LA 4T\" \/>\n<meta property=\"og:description\" content=\"&nbsp; Ante miles de personas el candidato de la coalici\u00f3n &#8220;Juntos Haremos Historia&#8221; a la...\" \/>\n<meta property=\"og:url\" content=\"https:\/\/redamlo.com\/index.php\/2021\/05\/29\/ricardo-gallardo-afirma-ser-victima-de-ataques-por-parte-de-la-elite-politica\/\" \/>\n<meta property=\"og:site_name\" content=\"NOTICIAS DE LA 4T\" \/>\n<meta property=\"article:published_time\" content=\"2021-05-29T11:35:05+00:00\" \/>\n<meta property=\"og:image\" content=\"https:\/\/redamlo.com\/wp-content\/uploads\/2021\/05\/20210529_061454.jpg\" \/>\n\t<meta property=\"og:image:width\" content=\"1024\" \/>\n\t<meta property=\"og:image:height\" content=\"576\" \/>\n\t<meta property=\"og:image:type\" content=\"image\/jpeg\" \/>\n<meta name=\"author\" content=\"Blanca\" \/>\n<meta name=\"twitter:card\" content=\"summary_large_image\" \/>\n<meta name=\"twitter:label1\" content=\"Escrito por\" \/>\n\t<meta name=\"twitter:data1\" content=\"Blanca\" \/>\n\t<meta name=\"twitter:label2\" content=\"Tiempo de lectura\" \/>\n\t<meta name=\"twitter:data2\" content=\"3 minutos\" \/>\n<script type=\"application\/ld+json\" class=\"yoast-schema-graph\">{\"@context\":\"https:\\\/\\\/schema.org\",\"@graph\":[{\"@type\":\"Article\",\"@id\":\"https:\\\/\\\/redamlo.com\\\/index.php\\\/2021\\\/05\\\/29\\\/ricardo-gallardo-afirma-ser-victima-de-ataques-por-parte-de-la-elite-politica\\\/#article\",\"isPartOf\":{\"@id\":\"https:\\\/\\\/redamlo.com\\\/index.php\\\/2021\\\/05\\\/29\\\/ricardo-gallardo-afirma-ser-victima-de-ataques-por-parte-de-la-elite-politica\\\/\"},\"author\":{\"name\":\"Blanca\",\"@id\":\"https:\\\/\\\/redamlo.com\\\/#\\\/schema\\\/person\\\/7223a4375eb8f1a782fcae010a7115cf\"},\"headline\":\"Ricardo Gallardo afirma ser v\u00edctima de ataques por parte de la \u00e9lite pol\u00edtica\",\"datePublished\":\"2021-05-29T11:35:05+00:00\",\"mainEntityOfPage\":{\"@id\":\"https:\\\/\\\/redamlo.com\\\/index.php\\\/2021\\\/05\\\/29\\\/ricardo-gallardo-afirma-ser-victima-de-ataques-por-parte-de-la-elite-politica\\\/\"},\"wordCount\":521,\"commentCount\":0,\"publisher\":{\"@id\":\"https:\\\/\\\/redamlo.com\\\/#organization\"},\"image\":{\"@id\":\"https:\\\/\\\/redamlo.com\\\/index.php\\\/2021\\\/05\\\/29\\\/ricardo-gallardo-afirma-ser-victima-de-ataques-por-parte-de-la-elite-politica\\\/#primaryimage\"},\"thumbnailUrl\":\"https:\\\/\\\/redamlo.com\\\/wp-content\\\/uploads\\\/2021\\\/05\\\/20210529_061454.jpg\",\"keywords\":[\"El Pollo Gallardo\",\"Juntos Haremos Historia\",\"PT\",\"PVEM\",\"Ricardo Gallardo Cardona\",\"San Luis Potos\u00ed\",\"SLP\"],\"articleSection\":[\"Uncategorized\"],\"inLanguage\":\"es\",\"potentialAction\":[{\"@type\":\"CommentAction\",\"name\":\"Comment\",\"target\":[\"https:\\\/\\\/redamlo.com\\\/index.php\\\/2021\\\/05\\\/29\\\/ricardo-gallardo-afirma-ser-victima-de-ataques-por-parte-de-la-elite-politica\\\/#respond\"]}]},{\"@type\":\"WebPage\",\"@id\":\"https:\\\/\\\/redamlo.com\\\/index.php\\\/2021\\\/05\\\/29\\\/ricardo-gallardo-afirma-ser-victima-de-ataques-por-parte-de-la-elite-politica\\\/\",\"url\":\"https:\\\/\\\/redamlo.com\\\/index.php\\\/2021\\\/05\\\/29\\\/ricardo-gallardo-afirma-ser-victima-de-ataques-por-parte-de-la-elite-politica\\\/\",\"name\":\"Ricardo Gallardo afirma ser v\u00edctima de ataques por parte de la \u00e9lite pol\u00edtica - NOTICIAS DE LA 4T\",\"isPartOf\":{\"@id\":\"https:\\\/\\\/redamlo.com\\\/#website\"},\"primaryImageOfPage\":{\"@id\":\"https:\\\/\\\/redamlo.com\\\/index.php\\\/2021\\\/05\\\/29\\\/ricardo-gallardo-afirma-ser-victima-de-ataques-por-parte-de-la-elite-politica\\\/#primaryimage\"},\"image\":{\"@id\":\"https:\\\/\\\/redamlo.com\\\/index.php\\\/2021\\\/05\\\/29\\\/ricardo-gallardo-afirma-ser-victima-de-ataques-por-parte-de-la-elite-politica\\\/#primaryimage\"},\"thumbnailUrl\":\"https:\\\/\\\/redamlo.com\\\/wp-content\\\/uploads\\\/2021\\\/05\\\/20210529_061454.jpg\",\"datePublished\":\"2021-05-29T11:35:05+00:00\",\"breadcrumb\":{\"@id\":\"https:\\\/\\\/redamlo.com\\\/index.php\\\/2021\\\/05\\\/29\\\/ricardo-gallardo-afirma-ser-victima-de-ataques-por-parte-de-la-elite-politica\\\/#breadcrumb\"},\"inLanguage\":\"es\",\"potentialAction\":[{\"@type\":\"ReadAction\",\"target\":[\"https:\\\/\\\/redamlo.com\\\/index.php\\\/2021\\\/05\\\/29\\\/ricardo-gallardo-afirma-ser-victima-de-ataques-por-parte-de-la-elite-politica\\\/\"]}]},{\"@type\":\"ImageObject\",\"inLanguage\":\"es\",\"@id\":\"https:\\\/\\\/redamlo.com\\\/index.php\\\/2021\\\/05\\\/29\\\/ricardo-gallardo-afirma-ser-victima-de-ataques-por-parte-de-la-elite-politica\\\/#primaryimage\",\"url\":\"https:\\\/\\\/redamlo.com\\\/wp-content\\\/uploads\\\/2021\\\/05\\\/20210529_061454.jpg\",\"contentUrl\":\"https:\\\/\\\/redamlo.com\\\/wp-content\\\/uploads\\\/2021\\\/05\\\/20210529_061454.jpg\",\"width\":1024,\"height\":576},{\"@type\":\"BreadcrumbList\",\"@id\":\"https:\\\/\\\/redamlo.com\\\/index.php\\\/2021\\\/05\\\/29\\\/ricardo-gallardo-afirma-ser-victima-de-ataques-por-parte-de-la-elite-politica\\\/#breadcrumb\",\"itemListElement\":[{\"@type\":\"ListItem\",\"position\":1,\"name\":\"Inicio\",\"item\":\"https:\\\/\\\/redamlo.com\\\/\"},{\"@type\":\"ListItem\",\"position\":2,\"name\":\"Ricardo Gallardo afirma ser v\u00edctima de ataques por parte de la \u00e9lite pol\u00edtica\"}]},{\"@type\":\"WebSite\",\"@id\":\"https:\\\/\\\/redamlo.com\\\/#website\",\"url\":\"https:\\\/\\\/redamlo.com\\\/\",\"name\":\"NOTICIAS DE LA 4T\",\"description\":\"\",\"publisher\":{\"@id\":\"https:\\\/\\\/redamlo.com\\\/#organization\"},\"potentialAction\":[{\"@type\":\"SearchAction\",\"target\":{\"@type\":\"EntryPoint\",\"urlTemplate\":\"https:\\\/\\\/redamlo.com\\\/?s={search_term_string}\"},\"query-input\":{\"@type\":\"PropertyValueSpecification\",\"valueRequired\":true,\"valueName\":\"search_term_string\"}}],\"inLanguage\":\"es\"},{\"@type\":\"Organization\",\"@id\":\"https:\\\/\\\/redamlo.com\\\/#organization\",\"name\":\"NOTICIAS DE LA 4T\",\"url\":\"https:\\\/\\\/redamlo.com\\\/\",\"logo\":{\"@type\":\"ImageObject\",\"inLanguage\":\"es\",\"@id\":\"https:\\\/\\\/redamlo.com\\\/#\\\/schema\\\/logo\\\/image\\\/\",\"url\":\"https:\\\/\\\/redamlo.com\\\/wp-content\\\/uploads\\\/2024\\\/08\\\/cropped-RED-AMLO-logo-50.png\",\"contentUrl\":\"https:\\\/\\\/redamlo.com\\\/wp-content\\\/uploads\\\/2024\\\/08\\\/cropped-RED-AMLO-logo-50.png\",\"width\":256,\"height\":256,\"caption\":\"NOTICIAS DE LA 4T\"},\"image\":{\"@id\":\"https:\\\/\\\/redamlo.com\\\/#\\\/schema\\\/logo\\\/image\\\/\"}},{\"@type\":\"Person\",\"@id\":\"https:\\\/\\\/redamlo.com\\\/#\\\/schema\\\/person\\\/7223a4375eb8f1a782fcae010a7115cf\",\"name\":\"Blanca\",\"image\":{\"@type\":\"ImageObject\",\"inLanguage\":\"es\",\"@id\":\"https:\\\/\\\/secure.gravatar.com\\\/avatar\\\/3f79bc8336367a4e6093eae8757acaaf61d1124834b905616de7829b0273426d?s=96&d=mm&r=g\",\"url\":\"https:\\\/\\\/secure.gravatar.com\\\/avatar\\\/3f79bc8336367a4e6093eae8757acaaf61d1124834b905616de7829b0273426d?s=96&d=mm&r=g\",\"contentUrl\":\"https:\\\/\\\/secure.gravatar.com\\\/avatar\\\/3f79bc8336367a4e6093eae8757acaaf61d1124834b905616de7829b0273426d?s=96&d=mm&r=g\",\"caption\":\"Blanca\"},\"url\":\"https:\\\/\\\/redamlo.com\\\/index.php\\\/author\\\/blanca\\\/\"}]}<\/script>\n<!-- \/ Yoast SEO plugin. -->","yoast_head_json":{"title":"Ricardo Gallardo afirma ser v\u00edctima de ataques por parte de la \u00e9lite pol\u00edtica - NOTICIAS DE LA 4T","robots":{"index":"noindex","follow":"follow","max-snippet":"max-snippet:-1","max-image-preview":"max-image-preview:large","max-video-preview":"max-video-preview:-1"},"og_locale":"es_MX","og_type":"article","og_title":"Ricardo Gallardo afirma ser v\u00edctima de ataques por parte de la \u00e9lite pol\u00edtica - NOTICIAS DE LA 4T","og_description":"&nbsp; Ante miles de personas el candidato de la coalici\u00f3n &#8220;Juntos Haremos Historia&#8221; a la...","og_url":"https:\/\/redamlo.com\/index.php\/2021\/05\/29\/ricardo-gallardo-afirma-ser-victima-de-ataques-por-parte-de-la-elite-politica\/","og_site_name":"NOTICIAS DE LA 4T","article_published_time":"2021-05-29T11:35:05+00:00","og_image":[{"width":1024,"height":576,"url":"https:\/\/redamlo.com\/wp-content\/uploads\/2021\/05\/20210529_061454.jpg","type":"image\/jpeg"}],"author":"Blanca","twitter_card":"summary_large_image","twitter_misc":{"Escrito por":"Blanca","Tiempo de lectura":"3 minutos"},"schema":{"@context":"https:\/\/schema.org","@graph":[{"@type":"Article","@id":"https:\/\/redamlo.com\/index.php\/2021\/05\/29\/ricardo-gallardo-afirma-ser-victima-de-ataques-por-parte-de-la-elite-politica\/#article","isPartOf":{"@id":"https:\/\/redamlo.com\/index.php\/2021\/05\/29\/ricardo-gallardo-afirma-ser-victima-de-ataques-por-parte-de-la-elite-politica\/"},"author":{"name":"Blanca","@id":"https:\/\/redamlo.com\/#\/schema\/person\/7223a4375eb8f1a782fcae010a7115cf"},"headline":"Ricardo Gallardo afirma ser v\u00edctima de ataques por parte de la \u00e9lite pol\u00edtica","datePublished":"2021-05-29T11:35:05+00:00","mainEntityOfPage":{"@id":"https:\/\/redamlo.com\/index.php\/2021\/05\/29\/ricardo-gallardo-afirma-ser-victima-de-ataques-por-parte-de-la-elite-politica\/"},"wordCount":521,"commentCount":0,"publisher":{"@id":"https:\/\/redamlo.com\/#organization"},"image":{"@id":"https:\/\/redamlo.com\/index.php\/2021\/05\/29\/ricardo-gallardo-afirma-ser-victima-de-ataques-por-parte-de-la-elite-politica\/#primaryimage"},"thumbnailUrl":"https:\/\/redamlo.com\/wp-content\/uploads\/2021\/05\/20210529_061454.jpg","keywords":["El Pollo Gallardo","Juntos Haremos Historia","PT","PVEM","Ricardo Gallardo Cardona","San Luis Potos\u00ed","SLP"],"articleSection":["Uncategorized"],"inLanguage":"es","potentialAction":[{"@type":"CommentAction","name":"Comment","target":["https:\/\/redamlo.com\/index.php\/2021\/05\/29\/ricardo-gallardo-afirma-ser-victima-de-ataques-por-parte-de-la-elite-politica\/#respond"]}]},{"@type":"WebPage","@id":"https:\/\/redamlo.com\/index.php\/2021\/05\/29\/ricardo-gallardo-afirma-ser-victima-de-ataques-por-parte-de-la-elite-politica\/","url":"https:\/\/redamlo.com\/index.php\/2021\/05\/29\/ricardo-gallardo-afirma-ser-victima-de-ataques-por-parte-de-la-elite-politica\/","name":"Ricardo Gallardo afirma ser v\u00edctima de ataques por parte de la \u00e9lite pol\u00edtica - NOTICIAS DE LA 4T","isPartOf":{"@id":"https:\/\/redamlo.com\/#website"},"primaryImageOfPage":{"@id":"https:\/\/redamlo.com\/index.php\/2021\/05\/29\/ricardo-gallardo-afirma-ser-victima-de-ataques-por-parte-de-la-elite-politica\/#primaryimage"},"image":{"@id":"https:\/\/redamlo.com\/index.php\/2021\/05\/29\/ricardo-gallardo-afirma-ser-victima-de-ataques-por-parte-de-la-elite-politica\/#primaryimage"},"thumbnailUrl":"https:\/\/redamlo.com\/wp-content\/uploads\/2021\/05\/20210529_061454.jpg","datePublished":"2021-05-29T11:35:05+00:00","breadcrumb":{"@id":"https:\/\/redamlo.com\/index.php\/2021\/05\/29\/ricardo-gallardo-afirma-ser-victima-de-ataques-por-parte-de-la-elite-politica\/#breadcrumb"},"inLanguage":"es","potentialAction":[{"@type":"ReadAction","target":["https:\/\/redamlo.com\/index.php\/2021\/05\/29\/ricardo-gallardo-afirma-ser-victima-de-ataques-por-parte-de-la-elite-politica\/"]}]},{"@type":"ImageObject","inLanguage":"es","@id":"https:\/\/redamlo.com\/index.php\/2021\/05\/29\/ricardo-gallardo-afirma-ser-victima-de-ataques-por-parte-de-la-elite-politica\/#primaryimage","url":"https:\/\/redamlo.com\/wp-content\/uploads\/2021\/05\/20210529_061454.jpg","contentUrl":"https:\/\/redamlo.com\/wp-content\/uploads\/2021\/05\/20210529_061454.jpg","width":1024,"height":576},{"@type":"BreadcrumbList","@id":"https:\/\/redamlo.com\/index.php\/2021\/05\/29\/ricardo-gallardo-afirma-ser-victima-de-ataques-por-parte-de-la-elite-politica\/#breadcrumb","itemListElement":[{"@type":"ListItem","position":1,"name":"Inicio","item":"https:\/\/redamlo.com\/"},{"@type":"ListItem","position":2,"name":"Ricardo Gallardo afirma ser v\u00edctima de ataques por parte de la \u00e9lite pol\u00edtica"}]},{"@type":"WebSite","@id":"https:\/\/redamlo.com\/#website","url":"https:\/\/redamlo.com\/","name":"NOTICIAS DE LA 4T","description":"","publisher":{"@id":"https:\/\/redamlo.com\/#organization"},"potentialAction":[{"@type":"SearchAction","target":{"@type":"EntryPoint","urlTemplate":"https:\/\/redamlo.com\/?s={search_term_string}"},"query-input":{"@type":"PropertyValueSpecification","valueRequired":true,"valueName":"search_term_string"}}],"inLanguage":"es"},{"@type":"Organization","@id":"https:\/\/redamlo.com\/#organization","name":"NOTICIAS DE LA 4T","url":"https:\/\/redamlo.com\/","logo":{"@type":"ImageObject","inLanguage":"es","@id":"https:\/\/redamlo.com\/#\/schema\/logo\/image\/","url":"https:\/\/redamlo.com\/wp-content\/uploads\/2024\/08\/cropped-RED-AMLO-logo-50.png","contentUrl":"https:\/\/redamlo.com\/wp-content\/uploads\/2024\/08\/cropped-RED-AMLO-logo-50.png","width":256,"height":256,"caption":"NOTICIAS DE LA 4T"},"image":{"@id":"https:\/\/redamlo.com\/#\/schema\/logo\/image\/"}},{"@type":"Person","@id":"https:\/\/redamlo.com\/#\/schema\/person\/7223a4375eb8f1a782fcae010a7115cf","name":"Blanca","image":{"@type":"ImageObject","inLanguage":"es","@id":"https:\/\/secure.gravatar.com\/avatar\/3f79bc8336367a4e6093eae8757acaaf61d1124834b905616de7829b0273426d?s=96&d=mm&r=g","url":"https:\/\/secure.gravatar.com\/avatar\/3f79bc8336367a4e6093eae8757acaaf61d1124834b905616de7829b0273426d?s=96&d=mm&r=g","contentUrl":"https:\/\/secure.gravatar.com\/avatar\/3f79bc8336367a4e6093eae8757acaaf61d1124834b905616de7829b0273426d?s=96&d=mm&r=g","caption":"Blanca"},"url":"https:\/\/redamlo.com\/index.php\/author\/blanca\/"}]}},"_links":{"self":[{"href":"https:\/\/redamlo.com\/index.php\/wp-json\/wp\/v2\/posts\/4404","targetHints":{"allow":["GET"]}}],"collection":[{"href":"https:\/\/redamlo.com\/index.php\/wp-json\/wp\/v2\/posts"}],"about":[{"href":"https:\/\/redamlo.com\/index.php\/wp-json\/wp\/v2\/types\/post"}],"author":[{"embeddable":true,"href":"https:\/\/redamlo.com\/index.php\/wp-json\/wp\/v2\/users\/2"}],"replies":[{"embeddable":true,"href":"https:\/\/redamlo.com\/index.php\/wp-json\/wp\/v2\/comments?post=4404"}],"version-history":[{"count":0,"href":"https:\/\/redamlo.com\/index.php\/wp-json\/wp\/v2\/posts\/4404\/revisions"}],"wp:featuredmedia":[{"embeddable":true,"href":"https:\/\/redamlo.com\/index.php\/wp-json\/wp\/v2\/media\/4405"}],"wp:attachment":[{"href":"https:\/\/redamlo.com\/index.php\/wp-json\/wp\/v2\/media?parent=4404"}],"wp:term":[{"taxonomy":"category","embeddable":true,"href":"https:\/\/redamlo.com\/index.php\/wp-json\/wp\/v2\/categories?post=4404"},{"taxonomy":"post_tag","embeddable":true,"href":"https:\/\/redamlo.com\/index.php\/wp-json\/wp\/v2\/tags?post=4404"}],"curies":[{"name":"wp","href":"https:\/\/api.w.org\/{rel}","templated":true}]}}