{"id":4387,"date":"2021-05-24T12:00:35","date_gmt":"2021-05-24T12:00:35","guid":{"rendered":"https:\/\/redamlo.com\/?p=4387"},"modified":"2021-05-24T12:00:35","modified_gmt":"2021-05-24T12:00:35","slug":"lopez-obrador-destaca-recuperacion-economica-y-suficiencia-presupuestal-para-financiar-el-desarrollo","status":"publish","type":"post","link":"https:\/\/redamlo.com\/index.php\/2021\/05\/24\/lopez-obrador-destaca-recuperacion-economica-y-suficiencia-presupuestal-para-financiar-el-desarrollo\/","title":{"rendered":"L\u00f3pez Obrador destaca recuperaci\u00f3n econ\u00f3mica y suficiencia presupuestal para financiar el desarrollo"},"content":{"rendered":"<p style=\"text-align: justify;\"><span style=\"font-family: Arial, Helvetica, sans-serif; color: #000000;\">M\u00c9XICO, 24 de mayo de 2021.- El presidente de M\u00e9xico, Andr\u00e9s Manuel L\u00f3pez Obrador afirm\u00f3 que M\u00e9xico tiene solvencia para concretar proyectos estrat\u00e9gicos y cumplir todos los compromisos del Gobierno de la Cuarta Transformaci\u00f3n.<\/span><\/p>\n<p style=\"text-align: justify;\"><span style=\"font-family: Arial, Helvetica, sans-serif; color: #000000;\">\u201cEn t\u00e9rminos generales hay solvencia, es decir, tenemos finanzas p\u00fablicas sanas y fuertes. No vamos, consideramos, a tener problemas para financiar proyectos. (\u2026) Est\u00e1 s\u00f3lida la econom\u00eda; las calificadoras no nos bajaron la calificaci\u00f3n como pa\u00eds en cuanto a riesgo. En fin, vamos saliendo bien\u201d, remarc\u00f3.<\/span><\/p>\n<p style=\"text-align: justify;\"><span style=\"font-family: Arial, Helvetica, sans-serif; color: #000000;\">Sostuvo que hay suficiencia presupuestal para concluir la refiner\u00eda de Dos Bocas y rehabilitar las seis refiner\u00edas ya existentes; avanzar en la construcci\u00f3n del Tren Maya y del Aeropuerto Internacional General Felipe \u00c1ngeles y continuar con el Programa para el Desarrollo del Istmo.<\/span><\/p>\n<p style=\"text-align: justify;\"><span style=\"font-family: Arial, Helvetica, sans-serif; color: #000000;\">En conferencia de prensa matutina dijo que tambi\u00e9n est\u00e1n garantizados, e incluso incrementar\u00e1n, los recursos de los programas prioritarios dedicados al bienestar de la poblaci\u00f3n.<\/span><\/p>\n<p style=\"text-align: justify;\"><span style=\"font-family: Arial, Helvetica, sans-serif; color: #000000;\">La recaudaci\u00f3n se mantiene estable y no habr\u00e1 necesidad de contratar deuda adicional; adem\u00e1s, la moneda nacional se mantiene y los empleos perdidos por la pandemia de Covid-19 est\u00e1n recuper\u00e1ndose, a\u00f1adi\u00f3 el jefe del Ejecutivo.<\/span><\/p>\n<p style=\"text-align: justify;\"><span style=\"font-family: Arial, Helvetica, sans-serif; color: #000000;\">\u201cHay buenos indicadores porque la econom\u00eda est\u00e1 creciendo, hasta las empresas, las calificadoras, los bancos est\u00e1n hablando de que vamos a crecer este a\u00f1o 5 por ciento, es lo m\u00e1s conservador, yo espero que se tenga m\u00e1s crecimiento econ\u00f3mico\u201d, acot\u00f3.<\/span><\/p>\n<p style=\"text-align: justify;\"><span style=\"font-family: Arial, Helvetica, sans-serif; color: #000000;\">El mandatario destac\u00f3 que la inversi\u00f3n privada, nacional y extranjera, es fundamental para el desarrollo del pa\u00eds.<\/span><\/p>\n<p style=\"text-align: justify;\"><span style=\"font-family: Arial, Helvetica, sans-serif; color: #000000;\">Inform\u00f3 que el primer trimestre del a\u00f1o fue r\u00e9cord para M\u00e9xico y hasta este d\u00eda, se coloca en el s\u00e9ptimo lugar de los pa\u00edses m\u00e1s atractivos para invertir.<\/span><\/p>\n<p style=\"text-align: justify;\"><span style=\"font-family: Arial, Helvetica, sans-serif; color: #000000;\">\u201cEn general, no puede el Estado mexicano ser el \u00fanico promotor del desarrollo, ni puede ni debe ser el \u00fanico. Se necesita la participaci\u00f3n del sector privado y del sector social. La econom\u00eda que nosotros concebimos es la que logra armonizar para conseguir el desarrollo de M\u00e9xico. La inversi\u00f3n p\u00fablica, la inversi\u00f3n privada y la inversi\u00f3n social, son los tres motores que se requieren para lograr el desarrollo del pa\u00eds con la rector\u00eda del Estado\u201d, asever\u00f3.<\/span><\/p>\n<p><iframe loading=\"lazy\" title=\"Tenemos presupuesto para financiar proyectos y programas prioritarios. Conferencia presidente AMLO\" width=\"640\" height=\"360\" src=\"https:\/\/www.youtube.com\/embed\/zGElG6EfFBU?start=1644&#038;feature=oembed\" frameborder=\"0\" allow=\"accelerometer; autoplay; clipboard-write; encrypted-media; gyroscope; picture-in-picture; web-share\" referrerpolicy=\"strict-origin-when-cross-origin\" allowfullscreen><\/iframe><\/p>\n","protected":false},"excerpt":{"rendered":"<p>M\u00c9XICO, 24 de mayo de 2021.- El presidente de M\u00e9xico, Andr\u00e9s Manuel L\u00f3pez Obrador afirm\u00f3&#8230;<\/p>\n","protected":false},"author":2,"featured_media":4390,"comment_status":"open","ping_status":"closed","sticky":false,"template":"","format":"standard","meta":{"footnotes":""},"categories":[25,20,27],"tags":[84,131,473,442,556,9,567,875,876],"class_list":["post-4387","post","type-post","status-publish","format-standard","has-post-thumbnail","hentry","category-4t","category-nacionales","category-presidencia","tag-amlo","tag-andres-manuel-lopez-obrador","tag-covid-19","tag-cuarta-transformacion","tag-gobierno-de-mexico","tag-mexico","tag-pandemia","tag-recuperacion-economica","tag-suficiencia-presupuestal"],"yoast_head":"<!-- This site is optimized with the Yoast SEO plugin v27.5 - https:\/\/yoast.com\/product\/yoast-seo-wordpress\/ -->\n<title>L\u00f3pez Obrador destaca recuperaci\u00f3n econ\u00f3mica y suficiencia presupuestal para financiar el desarrollo - NOTICIAS DE LA 4T<\/title>\n<meta name=\"robots\" content=\"noindex, follow, max-snippet:-1, max-image-preview:large, max-video-preview:-1\" \/>\n<meta property=\"og:locale\" content=\"es_MX\" \/>\n<meta property=\"og:type\" content=\"article\" \/>\n<meta property=\"og:title\" content=\"L\u00f3pez Obrador destaca recuperaci\u00f3n econ\u00f3mica y suficiencia presupuestal para financiar el desarrollo - NOTICIAS DE LA 4T\" \/>\n<meta property=\"og:description\" content=\"M\u00c9XICO, 24 de mayo de 2021.- El presidente de M\u00e9xico, Andr\u00e9s Manuel L\u00f3pez Obrador afirm\u00f3...\" \/>\n<meta property=\"og:url\" content=\"https:\/\/redamlo.com\/index.php\/2021\/05\/24\/lopez-obrador-destaca-recuperacion-economica-y-suficiencia-presupuestal-para-financiar-el-desarrollo\/\" \/>\n<meta property=\"og:site_name\" content=\"NOTICIAS DE LA 4T\" \/>\n<meta property=\"article:published_time\" content=\"2021-05-24T12:00:35+00:00\" \/>\n<meta property=\"og:image\" content=\"https:\/\/redamlo.com\/wp-content\/uploads\/2021\/05\/Lopez-Obrador-destaca-recuperacion-economica-y-suficiencia-presupuestal-para-financiar-el-desarrollo.jpg\" \/>\n\t<meta property=\"og:image:width\" content=\"770\" \/>\n\t<meta property=\"og:image:height\" content=\"412\" \/>\n\t<meta property=\"og:image:type\" content=\"image\/jpeg\" \/>\n<meta name=\"author\" content=\"Blanca\" \/>\n<meta name=\"twitter:card\" content=\"summary_large_image\" \/>\n<meta name=\"twitter:label1\" content=\"Escrito por\" \/>\n\t<meta name=\"twitter:data1\" content=\"Blanca\" \/>\n\t<meta name=\"twitter:label2\" content=\"Tiempo de lectura\" \/>\n\t<meta name=\"twitter:data2\" content=\"2 minutos\" \/>\n<script type=\"application\/ld+json\" class=\"yoast-schema-graph\">{\"@context\":\"https:\\\/\\\/schema.org\",\"@graph\":[{\"@type\":\"Article\",\"@id\":\"https:\\\/\\\/redamlo.com\\\/index.php\\\/2021\\\/05\\\/24\\\/lopez-obrador-destaca-recuperacion-economica-y-suficiencia-presupuestal-para-financiar-el-desarrollo\\\/#article\",\"isPartOf\":{\"@id\":\"https:\\\/\\\/redamlo.com\\\/index.php\\\/2021\\\/05\\\/24\\\/lopez-obrador-destaca-recuperacion-economica-y-suficiencia-presupuestal-para-financiar-el-desarrollo\\\/\"},\"author\":{\"name\":\"Blanca\",\"@id\":\"https:\\\/\\\/redamlo.com\\\/#\\\/schema\\\/person\\\/7223a4375eb8f1a782fcae010a7115cf\"},\"headline\":\"L\u00f3pez Obrador destaca recuperaci\u00f3n econ\u00f3mica y suficiencia presupuestal para financiar el desarrollo\",\"datePublished\":\"2021-05-24T12:00:35+00:00\",\"mainEntityOfPage\":{\"@id\":\"https:\\\/\\\/redamlo.com\\\/index.php\\\/2021\\\/05\\\/24\\\/lopez-obrador-destaca-recuperacion-economica-y-suficiencia-presupuestal-para-financiar-el-desarrollo\\\/\"},\"wordCount\":420,\"commentCount\":0,\"publisher\":{\"@id\":\"https:\\\/\\\/redamlo.com\\\/#organization\"},\"image\":{\"@id\":\"https:\\\/\\\/redamlo.com\\\/index.php\\\/2021\\\/05\\\/24\\\/lopez-obrador-destaca-recuperacion-economica-y-suficiencia-presupuestal-para-financiar-el-desarrollo\\\/#primaryimage\"},\"thumbnailUrl\":\"https:\\\/\\\/redamlo.com\\\/wp-content\\\/uploads\\\/2021\\\/05\\\/Lopez-Obrador-destaca-recuperacion-economica-y-suficiencia-presupuestal-para-financiar-el-desarrollo.jpg\",\"keywords\":[\"AMLO\",\"Andr\u00e9s Manuel L\u00f3pez Obrador\",\"COVID-19\",\"Cuarta Transformaci\u00f3n\",\"Gobierno de M\u00e9xico\",\"M\u00e9xico\",\"pandemia\",\"recuperaci\u00f3n econ\u00f3mica\",\"suficiencia presupuestal\"],\"articleSection\":[\"4T\",\"Nacionales\",\"Presidencia\"],\"inLanguage\":\"es\",\"potentialAction\":[{\"@type\":\"CommentAction\",\"name\":\"Comment\",\"target\":[\"https:\\\/\\\/redamlo.com\\\/index.php\\\/2021\\\/05\\\/24\\\/lopez-obrador-destaca-recuperacion-economica-y-suficiencia-presupuestal-para-financiar-el-desarrollo\\\/#respond\"]}]},{\"@type\":\"WebPage\",\"@id\":\"https:\\\/\\\/redamlo.com\\\/index.php\\\/2021\\\/05\\\/24\\\/lopez-obrador-destaca-recuperacion-economica-y-suficiencia-presupuestal-para-financiar-el-desarrollo\\\/\",\"url\":\"https:\\\/\\\/redamlo.com\\\/index.php\\\/2021\\\/05\\\/24\\\/lopez-obrador-destaca-recuperacion-economica-y-suficiencia-presupuestal-para-financiar-el-desarrollo\\\/\",\"name\":\"L\u00f3pez Obrador destaca recuperaci\u00f3n econ\u00f3mica y suficiencia presupuestal para financiar el desarrollo - NOTICIAS DE LA 4T\",\"isPartOf\":{\"@id\":\"https:\\\/\\\/redamlo.com\\\/#website\"},\"primaryImageOfPage\":{\"@id\":\"https:\\\/\\\/redamlo.com\\\/index.php\\\/2021\\\/05\\\/24\\\/lopez-obrador-destaca-recuperacion-economica-y-suficiencia-presupuestal-para-financiar-el-desarrollo\\\/#primaryimage\"},\"image\":{\"@id\":\"https:\\\/\\\/redamlo.com\\\/index.php\\\/2021\\\/05\\\/24\\\/lopez-obrador-destaca-recuperacion-economica-y-suficiencia-presupuestal-para-financiar-el-desarrollo\\\/#primaryimage\"},\"thumbnailUrl\":\"https:\\\/\\\/redamlo.com\\\/wp-content\\\/uploads\\\/2021\\\/05\\\/Lopez-Obrador-destaca-recuperacion-economica-y-suficiencia-presupuestal-para-financiar-el-desarrollo.jpg\",\"datePublished\":\"2021-05-24T12:00:35+00:00\",\"breadcrumb\":{\"@id\":\"https:\\\/\\\/redamlo.com\\\/index.php\\\/2021\\\/05\\\/24\\\/lopez-obrador-destaca-recuperacion-economica-y-suficiencia-presupuestal-para-financiar-el-desarrollo\\\/#breadcrumb\"},\"inLanguage\":\"es\",\"potentialAction\":[{\"@type\":\"ReadAction\",\"target\":[\"https:\\\/\\\/redamlo.com\\\/index.php\\\/2021\\\/05\\\/24\\\/lopez-obrador-destaca-recuperacion-economica-y-suficiencia-presupuestal-para-financiar-el-desarrollo\\\/\"]}]},{\"@type\":\"ImageObject\",\"inLanguage\":\"es\",\"@id\":\"https:\\\/\\\/redamlo.com\\\/index.php\\\/2021\\\/05\\\/24\\\/lopez-obrador-destaca-recuperacion-economica-y-suficiencia-presupuestal-para-financiar-el-desarrollo\\\/#primaryimage\",\"url\":\"https:\\\/\\\/redamlo.com\\\/wp-content\\\/uploads\\\/2021\\\/05\\\/Lopez-Obrador-destaca-recuperacion-economica-y-suficiencia-presupuestal-para-financiar-el-desarrollo.jpg\",\"contentUrl\":\"https:\\\/\\\/redamlo.com\\\/wp-content\\\/uploads\\\/2021\\\/05\\\/Lopez-Obrador-destaca-recuperacion-economica-y-suficiencia-presupuestal-para-financiar-el-desarrollo.jpg\",\"width\":770,\"height\":412},{\"@type\":\"BreadcrumbList\",\"@id\":\"https:\\\/\\\/redamlo.com\\\/index.php\\\/2021\\\/05\\\/24\\\/lopez-obrador-destaca-recuperacion-economica-y-suficiencia-presupuestal-para-financiar-el-desarrollo\\\/#breadcrumb\",\"itemListElement\":[{\"@type\":\"ListItem\",\"position\":1,\"name\":\"Inicio\",\"item\":\"https:\\\/\\\/redamlo.com\\\/\"},{\"@type\":\"ListItem\",\"position\":2,\"name\":\"L\u00f3pez Obrador destaca recuperaci\u00f3n econ\u00f3mica y suficiencia presupuestal para financiar el desarrollo\"}]},{\"@type\":\"WebSite\",\"@id\":\"https:\\\/\\\/redamlo.com\\\/#website\",\"url\":\"https:\\\/\\\/redamlo.com\\\/\",\"name\":\"NOTICIAS DE LA 4T\",\"description\":\"\",\"publisher\":{\"@id\":\"https:\\\/\\\/redamlo.com\\\/#organization\"},\"potentialAction\":[{\"@type\":\"SearchAction\",\"target\":{\"@type\":\"EntryPoint\",\"urlTemplate\":\"https:\\\/\\\/redamlo.com\\\/?s={search_term_string}\"},\"query-input\":{\"@type\":\"PropertyValueSpecification\",\"valueRequired\":true,\"valueName\":\"search_term_string\"}}],\"inLanguage\":\"es\"},{\"@type\":\"Organization\",\"@id\":\"https:\\\/\\\/redamlo.com\\\/#organization\",\"name\":\"NOTICIAS DE LA 4T\",\"url\":\"https:\\\/\\\/redamlo.com\\\/\",\"logo\":{\"@type\":\"ImageObject\",\"inLanguage\":\"es\",\"@id\":\"https:\\\/\\\/redamlo.com\\\/#\\\/schema\\\/logo\\\/image\\\/\",\"url\":\"https:\\\/\\\/redamlo.com\\\/wp-content\\\/uploads\\\/2024\\\/08\\\/cropped-RED-AMLO-logo-50.png\",\"contentUrl\":\"https:\\\/\\\/redamlo.com\\\/wp-content\\\/uploads\\\/2024\\\/08\\\/cropped-RED-AMLO-logo-50.png\",\"width\":256,\"height\":256,\"caption\":\"NOTICIAS DE LA 4T\"},\"image\":{\"@id\":\"https:\\\/\\\/redamlo.com\\\/#\\\/schema\\\/logo\\\/image\\\/\"}},{\"@type\":\"Person\",\"@id\":\"https:\\\/\\\/redamlo.com\\\/#\\\/schema\\\/person\\\/7223a4375eb8f1a782fcae010a7115cf\",\"name\":\"Blanca\",\"image\":{\"@type\":\"ImageObject\",\"inLanguage\":\"es\",\"@id\":\"https:\\\/\\\/secure.gravatar.com\\\/avatar\\\/3f79bc8336367a4e6093eae8757acaaf61d1124834b905616de7829b0273426d?s=96&d=mm&r=g\",\"url\":\"https:\\\/\\\/secure.gravatar.com\\\/avatar\\\/3f79bc8336367a4e6093eae8757acaaf61d1124834b905616de7829b0273426d?s=96&d=mm&r=g\",\"contentUrl\":\"https:\\\/\\\/secure.gravatar.com\\\/avatar\\\/3f79bc8336367a4e6093eae8757acaaf61d1124834b905616de7829b0273426d?s=96&d=mm&r=g\",\"caption\":\"Blanca\"},\"url\":\"https:\\\/\\\/redamlo.com\\\/index.php\\\/author\\\/blanca\\\/\"}]}<\/script>\n<!-- \/ Yoast SEO plugin. -->","yoast_head_json":{"title":"L\u00f3pez Obrador destaca recuperaci\u00f3n econ\u00f3mica y suficiencia presupuestal para financiar el desarrollo - NOTICIAS DE LA 4T","robots":{"index":"noindex","follow":"follow","max-snippet":"max-snippet:-1","max-image-preview":"max-image-preview:large","max-video-preview":"max-video-preview:-1"},"og_locale":"es_MX","og_type":"article","og_title":"L\u00f3pez Obrador destaca recuperaci\u00f3n econ\u00f3mica y suficiencia presupuestal para financiar el desarrollo - NOTICIAS DE LA 4T","og_description":"M\u00c9XICO, 24 de mayo de 2021.- El presidente de M\u00e9xico, Andr\u00e9s Manuel L\u00f3pez Obrador afirm\u00f3...","og_url":"https:\/\/redamlo.com\/index.php\/2021\/05\/24\/lopez-obrador-destaca-recuperacion-economica-y-suficiencia-presupuestal-para-financiar-el-desarrollo\/","og_site_name":"NOTICIAS DE LA 4T","article_published_time":"2021-05-24T12:00:35+00:00","og_image":[{"width":770,"height":412,"url":"https:\/\/redamlo.com\/wp-content\/uploads\/2021\/05\/Lopez-Obrador-destaca-recuperacion-economica-y-suficiencia-presupuestal-para-financiar-el-desarrollo.jpg","type":"image\/jpeg"}],"author":"Blanca","twitter_card":"summary_large_image","twitter_misc":{"Escrito por":"Blanca","Tiempo de lectura":"2 minutos"},"schema":{"@context":"https:\/\/schema.org","@graph":[{"@type":"Article","@id":"https:\/\/redamlo.com\/index.php\/2021\/05\/24\/lopez-obrador-destaca-recuperacion-economica-y-suficiencia-presupuestal-para-financiar-el-desarrollo\/#article","isPartOf":{"@id":"https:\/\/redamlo.com\/index.php\/2021\/05\/24\/lopez-obrador-destaca-recuperacion-economica-y-suficiencia-presupuestal-para-financiar-el-desarrollo\/"},"author":{"name":"Blanca","@id":"https:\/\/redamlo.com\/#\/schema\/person\/7223a4375eb8f1a782fcae010a7115cf"},"headline":"L\u00f3pez Obrador destaca recuperaci\u00f3n econ\u00f3mica y suficiencia presupuestal para financiar el desarrollo","datePublished":"2021-05-24T12:00:35+00:00","mainEntityOfPage":{"@id":"https:\/\/redamlo.com\/index.php\/2021\/05\/24\/lopez-obrador-destaca-recuperacion-economica-y-suficiencia-presupuestal-para-financiar-el-desarrollo\/"},"wordCount":420,"commentCount":0,"publisher":{"@id":"https:\/\/redamlo.com\/#organization"},"image":{"@id":"https:\/\/redamlo.com\/index.php\/2021\/05\/24\/lopez-obrador-destaca-recuperacion-economica-y-suficiencia-presupuestal-para-financiar-el-desarrollo\/#primaryimage"},"thumbnailUrl":"https:\/\/redamlo.com\/wp-content\/uploads\/2021\/05\/Lopez-Obrador-destaca-recuperacion-economica-y-suficiencia-presupuestal-para-financiar-el-desarrollo.jpg","keywords":["AMLO","Andr\u00e9s Manuel L\u00f3pez Obrador","COVID-19","Cuarta Transformaci\u00f3n","Gobierno de M\u00e9xico","M\u00e9xico","pandemia","recuperaci\u00f3n econ\u00f3mica","suficiencia presupuestal"],"articleSection":["4T","Nacionales","Presidencia"],"inLanguage":"es","potentialAction":[{"@type":"CommentAction","name":"Comment","target":["https:\/\/redamlo.com\/index.php\/2021\/05\/24\/lopez-obrador-destaca-recuperacion-economica-y-suficiencia-presupuestal-para-financiar-el-desarrollo\/#respond"]}]},{"@type":"WebPage","@id":"https:\/\/redamlo.com\/index.php\/2021\/05\/24\/lopez-obrador-destaca-recuperacion-economica-y-suficiencia-presupuestal-para-financiar-el-desarrollo\/","url":"https:\/\/redamlo.com\/index.php\/2021\/05\/24\/lopez-obrador-destaca-recuperacion-economica-y-suficiencia-presupuestal-para-financiar-el-desarrollo\/","name":"L\u00f3pez Obrador destaca recuperaci\u00f3n econ\u00f3mica y suficiencia presupuestal para financiar el desarrollo - NOTICIAS DE LA 4T","isPartOf":{"@id":"https:\/\/redamlo.com\/#website"},"primaryImageOfPage":{"@id":"https:\/\/redamlo.com\/index.php\/2021\/05\/24\/lopez-obrador-destaca-recuperacion-economica-y-suficiencia-presupuestal-para-financiar-el-desarrollo\/#primaryimage"},"image":{"@id":"https:\/\/redamlo.com\/index.php\/2021\/05\/24\/lopez-obrador-destaca-recuperacion-economica-y-suficiencia-presupuestal-para-financiar-el-desarrollo\/#primaryimage"},"thumbnailUrl":"https:\/\/redamlo.com\/wp-content\/uploads\/2021\/05\/Lopez-Obrador-destaca-recuperacion-economica-y-suficiencia-presupuestal-para-financiar-el-desarrollo.jpg","datePublished":"2021-05-24T12:00:35+00:00","breadcrumb":{"@id":"https:\/\/redamlo.com\/index.php\/2021\/05\/24\/lopez-obrador-destaca-recuperacion-economica-y-suficiencia-presupuestal-para-financiar-el-desarrollo\/#breadcrumb"},"inLanguage":"es","potentialAction":[{"@type":"ReadAction","target":["https:\/\/redamlo.com\/index.php\/2021\/05\/24\/lopez-obrador-destaca-recuperacion-economica-y-suficiencia-presupuestal-para-financiar-el-desarrollo\/"]}]},{"@type":"ImageObject","inLanguage":"es","@id":"https:\/\/redamlo.com\/index.php\/2021\/05\/24\/lopez-obrador-destaca-recuperacion-economica-y-suficiencia-presupuestal-para-financiar-el-desarrollo\/#primaryimage","url":"https:\/\/redamlo.com\/wp-content\/uploads\/2021\/05\/Lopez-Obrador-destaca-recuperacion-economica-y-suficiencia-presupuestal-para-financiar-el-desarrollo.jpg","contentUrl":"https:\/\/redamlo.com\/wp-content\/uploads\/2021\/05\/Lopez-Obrador-destaca-recuperacion-economica-y-suficiencia-presupuestal-para-financiar-el-desarrollo.jpg","width":770,"height":412},{"@type":"BreadcrumbList","@id":"https:\/\/redamlo.com\/index.php\/2021\/05\/24\/lopez-obrador-destaca-recuperacion-economica-y-suficiencia-presupuestal-para-financiar-el-desarrollo\/#breadcrumb","itemListElement":[{"@type":"ListItem","position":1,"name":"Inicio","item":"https:\/\/redamlo.com\/"},{"@type":"ListItem","position":2,"name":"L\u00f3pez Obrador destaca recuperaci\u00f3n econ\u00f3mica y suficiencia presupuestal para financiar el desarrollo"}]},{"@type":"WebSite","@id":"https:\/\/redamlo.com\/#website","url":"https:\/\/redamlo.com\/","name":"NOTICIAS DE LA 4T","description":"","publisher":{"@id":"https:\/\/redamlo.com\/#organization"},"potentialAction":[{"@type":"SearchAction","target":{"@type":"EntryPoint","urlTemplate":"https:\/\/redamlo.com\/?s={search_term_string}"},"query-input":{"@type":"PropertyValueSpecification","valueRequired":true,"valueName":"search_term_string"}}],"inLanguage":"es"},{"@type":"Organization","@id":"https:\/\/redamlo.com\/#organization","name":"NOTICIAS DE LA 4T","url":"https:\/\/redamlo.com\/","logo":{"@type":"ImageObject","inLanguage":"es","@id":"https:\/\/redamlo.com\/#\/schema\/logo\/image\/","url":"https:\/\/redamlo.com\/wp-content\/uploads\/2024\/08\/cropped-RED-AMLO-logo-50.png","contentUrl":"https:\/\/redamlo.com\/wp-content\/uploads\/2024\/08\/cropped-RED-AMLO-logo-50.png","width":256,"height":256,"caption":"NOTICIAS DE LA 4T"},"image":{"@id":"https:\/\/redamlo.com\/#\/schema\/logo\/image\/"}},{"@type":"Person","@id":"https:\/\/redamlo.com\/#\/schema\/person\/7223a4375eb8f1a782fcae010a7115cf","name":"Blanca","image":{"@type":"ImageObject","inLanguage":"es","@id":"https:\/\/secure.gravatar.com\/avatar\/3f79bc8336367a4e6093eae8757acaaf61d1124834b905616de7829b0273426d?s=96&d=mm&r=g","url":"https:\/\/secure.gravatar.com\/avatar\/3f79bc8336367a4e6093eae8757acaaf61d1124834b905616de7829b0273426d?s=96&d=mm&r=g","contentUrl":"https:\/\/secure.gravatar.com\/avatar\/3f79bc8336367a4e6093eae8757acaaf61d1124834b905616de7829b0273426d?s=96&d=mm&r=g","caption":"Blanca"},"url":"https:\/\/redamlo.com\/index.php\/author\/blanca\/"}]}},"_links":{"self":[{"href":"https:\/\/redamlo.com\/index.php\/wp-json\/wp\/v2\/posts\/4387","targetHints":{"allow":["GET"]}}],"collection":[{"href":"https:\/\/redamlo.com\/index.php\/wp-json\/wp\/v2\/posts"}],"about":[{"href":"https:\/\/redamlo.com\/index.php\/wp-json\/wp\/v2\/types\/post"}],"author":[{"embeddable":true,"href":"https:\/\/redamlo.com\/index.php\/wp-json\/wp\/v2\/users\/2"}],"replies":[{"embeddable":true,"href":"https:\/\/redamlo.com\/index.php\/wp-json\/wp\/v2\/comments?post=4387"}],"version-history":[{"count":0,"href":"https:\/\/redamlo.com\/index.php\/wp-json\/wp\/v2\/posts\/4387\/revisions"}],"wp:featuredmedia":[{"embeddable":true,"href":"https:\/\/redamlo.com\/index.php\/wp-json\/wp\/v2\/media\/4390"}],"wp:attachment":[{"href":"https:\/\/redamlo.com\/index.php\/wp-json\/wp\/v2\/media?parent=4387"}],"wp:term":[{"taxonomy":"category","embeddable":true,"href":"https:\/\/redamlo.com\/index.php\/wp-json\/wp\/v2\/categories?post=4387"},{"taxonomy":"post_tag","embeddable":true,"href":"https:\/\/redamlo.com\/index.php\/wp-json\/wp\/v2\/tags?post=4387"}],"curies":[{"name":"wp","href":"https:\/\/api.w.org\/{rel}","templated":true}]}}