{"id":4368,"date":"2021-05-24T15:33:55","date_gmt":"2021-05-24T15:33:55","guid":{"rendered":"https:\/\/redamlo.com\/?p=4368"},"modified":"2021-05-24T15:33:55","modified_gmt":"2021-05-24T15:33:55","slug":"morena-defendera-el-voto-ante-posible-fraude-en-solidaridad-quintana-roo","status":"publish","type":"post","link":"https:\/\/redamlo.com\/index.php\/2021\/05\/24\/morena-defendera-el-voto-ante-posible-fraude-en-solidaridad-quintana-roo\/","title":{"rendered":"Morena defender\u00e1 el voto ante posible fraude en Solidaridad Quintana Roo"},"content":{"rendered":"<p>Playa del Carmen Quintana Roo a 24 de Mayo 2021<\/p>\n<p><strong>Laura Beristain,<\/strong>\u00a0dio la bienvenida al proyecto de\u00a0<strong>Morena<\/strong>\u00a0y de esta coalici\u00f3n, a los pol\u00edticos\u00a0<strong>Luis Rold\u00e1n y Rub\u00e9n Dar\u00edo Rodr\u00edguez.<\/strong><\/p>\n<p>Luis Rold\u00e1n, quien declin\u00f3 a favor\u00a0<em><strong>Laura Beristain<\/strong><\/em>\u00a0durante el debate del jueves pasado entre candidatas y candidatos a presidenta municipal, se desempe\u00f1ar\u00e1 como vocero de la campa\u00f1a en Solidaridad, de la coalici\u00f3n\u00a0<strong>Juntos Haremos Historia.<\/strong><\/p>\n<p>En su Intervenci\u00f3n\u00a0<strong>Luis Roldan,<\/strong>\u00a0afirmo que:\u00a0<strong>Laura Beristain<\/strong>\u00a0arraso en el debate, esa noche exprese que debemos hacer historia, hay que frenar el intento por arrebatarnos\u00a0 la elecci\u00f3n,<em>\u00a0El Gobierno de solidaridad es el reflejo de el Gobierno de<\/em>\u00a0<strong>Andr\u00e9s Manuel L\u00f3pez Obrador.<\/strong><\/p>\n<p><strong>El PRIAND<\/strong>\u00a0Con el poder del dinero y con el uso del poder del estado pretenden cometer un fraude electoral.<\/p>\n<p>La\u00a0<strong>Riviera Maya<\/strong>\u00a0esta recuper\u00e1ndose de los efectos de la\u00a0<strong>pandemia<\/strong>\u00a0y la recesi\u00f3n econ\u00f3mica. Lo que la mafia del poder pretende es seguir saqueando el pa\u00eds, el estado y el municipio de solidaridad, pero no lo vamos a permitir.<\/p>\n<p>La distribuci\u00f3n de la Riqueza ser\u00e1 de manera equitativa y no para unos cuantos.<\/p>\n<p><strong>Luis Roldan<\/strong>\u00a0pidi\u00f3 a sus militantes apoyar 100% el proyecto de Noci\u00f3n del\u00a0<strong>Presidente Andres Manuel Lopez Obrador. \u00a0<\/strong><\/p>\n<p><strong>\u201cdebemos defender este proyecto con toda nuestra fuerza. Solo hay dos opciones, o es la corrupci\u00f3n; o la Cuarta Transformaci\u00f3n\u201d<\/strong><\/p>\n<p>&nbsp;<\/p>\n<p><img loading=\"lazy\" decoding=\"async\" class=\"alignnone wp-image-31766 jetpack-lazy-image jetpack-lazy-image--handled\" src=\"https:\/\/i0.wp.com\/cdmxpress.com\/wp-content\/uploads\/2021\/05\/LUIS-ROLDAN-SE-SUMA-A-LA-CUARTA-TRANSFORMACION.jpg?resize=420%2C315&amp;ssl=1\" sizes=\"auto, (max-width: 420px) 100vw, 420px\" srcset=\"https:\/\/i0.wp.com\/cdmxpress.com\/wp-content\/uploads\/2021\/05\/LUIS-ROLDAN-SE-SUMA-A-LA-CUARTA-TRANSFORMACION.jpg?resize=300%2C225&amp;ssl=1 300w, https:\/\/i0.wp.com\/cdmxpress.com\/wp-content\/uploads\/2021\/05\/LUIS-ROLDAN-SE-SUMA-A-LA-CUARTA-TRANSFORMACION.jpg?resize=1024%2C768&amp;ssl=1 1024w, https:\/\/i0.wp.com\/cdmxpress.com\/wp-content\/uploads\/2021\/05\/LUIS-ROLDAN-SE-SUMA-A-LA-CUARTA-TRANSFORMACION.jpg?resize=768%2C576&amp;ssl=1 768w, https:\/\/i0.wp.com\/cdmxpress.com\/wp-content\/uploads\/2021\/05\/LUIS-ROLDAN-SE-SUMA-A-LA-CUARTA-TRANSFORMACION.jpg?resize=1536%2C1152&amp;ssl=1 1536w, https:\/\/i0.wp.com\/cdmxpress.com\/wp-content\/uploads\/2021\/05\/LUIS-ROLDAN-SE-SUMA-A-LA-CUARTA-TRANSFORMACION.jpg?resize=696%2C522&amp;ssl=1 696w, https:\/\/i0.wp.com\/cdmxpress.com\/wp-content\/uploads\/2021\/05\/LUIS-ROLDAN-SE-SUMA-A-LA-CUARTA-TRANSFORMACION.jpg?resize=1068%2C801&amp;ssl=1 1068w, https:\/\/i0.wp.com\/cdmxpress.com\/wp-content\/uploads\/2021\/05\/LUIS-ROLDAN-SE-SUMA-A-LA-CUARTA-TRANSFORMACION.jpg?resize=560%2C420&amp;ssl=1 560w, https:\/\/i0.wp.com\/cdmxpress.com\/wp-content\/uploads\/2021\/05\/LUIS-ROLDAN-SE-SUMA-A-LA-CUARTA-TRANSFORMACION.jpg?resize=80%2C60&amp;ssl=1 80w, https:\/\/i0.wp.com\/cdmxpress.com\/wp-content\/uploads\/2021\/05\/LUIS-ROLDAN-SE-SUMA-A-LA-CUARTA-TRANSFORMACION.jpg?resize=265%2C198&amp;ssl=1 265w, https:\/\/i0.wp.com\/cdmxpress.com\/wp-content\/uploads\/2021\/05\/LUIS-ROLDAN-SE-SUMA-A-LA-CUARTA-TRANSFORMACION.jpg?w=1600&amp;ssl=1 1600w, https:\/\/i0.wp.com\/cdmxpress.com\/wp-content\/uploads\/2021\/05\/LUIS-ROLDAN-SE-SUMA-A-LA-CUARTA-TRANSFORMACION.jpg?w=1392&amp;ssl=1 1392w\" alt=\"\" width=\"420\" height=\"315\" data-attachment-id=\"31766\" data-permalink=\"https:\/\/cdmxpress.com\/4t-no-permitira-posible-fraude-electoral-en-quintana-roo-por-parte-de-pri-pan-y-prd\/luis-roldan-se-suma-a-la-cuarta-transformacion\/\" data-orig-file=\"https:\/\/i0.wp.com\/cdmxpress.com\/wp-content\/uploads\/2021\/05\/LUIS-ROLDAN-SE-SUMA-A-LA-CUARTA-TRANSFORMACION.jpg?fit=1600%2C1200&amp;ssl=1\" data-orig-size=\"1600,1200\" data-comments-opened=\"1\" data-image-meta=\"{&quot;aperture&quot;:&quot;0&quot;,&quot;credit&quot;:&quot;&quot;,&quot;camera&quot;:&quot;&quot;,&quot;caption&quot;:&quot;&quot;,&quot;created_timestamp&quot;:&quot;0&quot;,&quot;copyright&quot;:&quot;&quot;,&quot;focal_length&quot;:&quot;0&quot;,&quot;iso&quot;:&quot;0&quot;,&quot;shutter_speed&quot;:&quot;0&quot;,&quot;title&quot;:&quot;&quot;,&quot;orientation&quot;:&quot;0&quot;}\" data-image-title=\"LUIS ROLDAN SE SUMA A LA CUARTA TRANSFORMACION\" data-image-description=\"\" data-medium-file=\"https:\/\/i0.wp.com\/cdmxpress.com\/wp-content\/uploads\/2021\/05\/LUIS-ROLDAN-SE-SUMA-A-LA-CUARTA-TRANSFORMACION.jpg?fit=300%2C225&amp;ssl=1\" data-large-file=\"https:\/\/i0.wp.com\/cdmxpress.com\/wp-content\/uploads\/2021\/05\/LUIS-ROLDAN-SE-SUMA-A-LA-CUARTA-TRANSFORMACION.jpg?fit=696%2C522&amp;ssl=1\" data-recalc-dims=\"1\" data-lazy-loaded=\"1\" \/><\/p>\n<p>Laura Beristain, tambi\u00e9n dio a conocer que\u00a0<strong>Rub\u00e9n Dar\u00edo Rodr\u00edguez,<\/strong>\u00a0se une a su equipo de campa\u00f1a como asesor en las reuniones del Gabinete de Estrategia Pol\u00edtica.<\/p>\n<p>En su intervenci\u00f3n Rub\u00e9n Dar\u00edo Rodr\u00edguez destac\u00f3 que\u00a0<strong>\u201choy nos toca cerrar filas como lo ha dicho el arquitecto Luis Rold\u00e1n y trabajar por el bienestar de la poblaci\u00f3n de Solidaridad. Tenemos unidad de prop\u00f3sitos y unidad de acci\u00f3n\u201d<\/strong><\/p>\n<p>Entre los puntos que se dieron a conocer en la Rueda de prensa se manifest\u00f3 que los partidos opositores, principalmente la\u00a0<strong>Coalici\u00f3n Va por M\u00e9xico,<\/strong>\u00a0adem\u00e1s de hacer uso de sus ya conocidas artima\u00f1as pol\u00edticas y guerra sucia,\u00a0<em><strong>pretenden arrebatar la elecci\u00f3n por medio de un fraude electoral.<\/strong><\/em><\/p>\n<p><img loading=\"lazy\" decoding=\"async\" class=\"alignnone wp-image-31765 jetpack-lazy-image jetpack-lazy-image--handled\" src=\"https:\/\/i0.wp.com\/cdmxpress.com\/wp-content\/uploads\/2021\/05\/LAURA-BERISTAIN-LUIS-ROLDAN-Y-RUBEN-DARIO-SOLIDARIDAD.jpg?resize=420%2C315&amp;ssl=1\" sizes=\"auto, (max-width: 420px) 100vw, 420px\" srcset=\"https:\/\/i0.wp.com\/cdmxpress.com\/wp-content\/uploads\/2021\/05\/LAURA-BERISTAIN-LUIS-ROLDAN-Y-RUBEN-DARIO-SOLIDARIDAD.jpg?resize=300%2C225&amp;ssl=1 300w, https:\/\/i0.wp.com\/cdmxpress.com\/wp-content\/uploads\/2021\/05\/LAURA-BERISTAIN-LUIS-ROLDAN-Y-RUBEN-DARIO-SOLIDARIDAD.jpg?resize=1024%2C768&amp;ssl=1 1024w, https:\/\/i0.wp.com\/cdmxpress.com\/wp-content\/uploads\/2021\/05\/LAURA-BERISTAIN-LUIS-ROLDAN-Y-RUBEN-DARIO-SOLIDARIDAD.jpg?resize=768%2C576&amp;ssl=1 768w, https:\/\/i0.wp.com\/cdmxpress.com\/wp-content\/uploads\/2021\/05\/LAURA-BERISTAIN-LUIS-ROLDAN-Y-RUBEN-DARIO-SOLIDARIDAD.jpg?resize=1536%2C1152&amp;ssl=1 1536w, https:\/\/i0.wp.com\/cdmxpress.com\/wp-content\/uploads\/2021\/05\/LAURA-BERISTAIN-LUIS-ROLDAN-Y-RUBEN-DARIO-SOLIDARIDAD.jpg?resize=696%2C522&amp;ssl=1 696w, https:\/\/i0.wp.com\/cdmxpress.com\/wp-content\/uploads\/2021\/05\/LAURA-BERISTAIN-LUIS-ROLDAN-Y-RUBEN-DARIO-SOLIDARIDAD.jpg?resize=1068%2C801&amp;ssl=1 1068w, https:\/\/i0.wp.com\/cdmxpress.com\/wp-content\/uploads\/2021\/05\/LAURA-BERISTAIN-LUIS-ROLDAN-Y-RUBEN-DARIO-SOLIDARIDAD.jpg?resize=560%2C420&amp;ssl=1 560w, https:\/\/i0.wp.com\/cdmxpress.com\/wp-content\/uploads\/2021\/05\/LAURA-BERISTAIN-LUIS-ROLDAN-Y-RUBEN-DARIO-SOLIDARIDAD.jpg?resize=80%2C60&amp;ssl=1 80w, https:\/\/i0.wp.com\/cdmxpress.com\/wp-content\/uploads\/2021\/05\/LAURA-BERISTAIN-LUIS-ROLDAN-Y-RUBEN-DARIO-SOLIDARIDAD.jpg?resize=265%2C198&amp;ssl=1 265w, https:\/\/i0.wp.com\/cdmxpress.com\/wp-content\/uploads\/2021\/05\/LAURA-BERISTAIN-LUIS-ROLDAN-Y-RUBEN-DARIO-SOLIDARIDAD.jpg?w=1600&amp;ssl=1 1600w, https:\/\/i0.wp.com\/cdmxpress.com\/wp-content\/uploads\/2021\/05\/LAURA-BERISTAIN-LUIS-ROLDAN-Y-RUBEN-DARIO-SOLIDARIDAD.jpg?w=1392&amp;ssl=1 1392w\" alt=\"\" width=\"420\" height=\"315\" data-attachment-id=\"31765\" data-permalink=\"https:\/\/cdmxpress.com\/4t-no-permitira-posible-fraude-electoral-en-quintana-roo-por-parte-de-pri-pan-y-prd\/laura-beristain-luis-roldan-y-ruben-dario-solidaridad\/\" data-orig-file=\"https:\/\/i0.wp.com\/cdmxpress.com\/wp-content\/uploads\/2021\/05\/LAURA-BERISTAIN-LUIS-ROLDAN-Y-RUBEN-DARIO-SOLIDARIDAD.jpg?fit=1600%2C1200&amp;ssl=1\" data-orig-size=\"1600,1200\" data-comments-opened=\"1\" data-image-meta=\"{&quot;aperture&quot;:&quot;0&quot;,&quot;credit&quot;:&quot;&quot;,&quot;camera&quot;:&quot;&quot;,&quot;caption&quot;:&quot;&quot;,&quot;created_timestamp&quot;:&quot;0&quot;,&quot;copyright&quot;:&quot;&quot;,&quot;focal_length&quot;:&quot;0&quot;,&quot;iso&quot;:&quot;0&quot;,&quot;shutter_speed&quot;:&quot;0&quot;,&quot;title&quot;:&quot;&quot;,&quot;orientation&quot;:&quot;0&quot;}\" data-image-title=\"LAURA BERISTAIN LUIS ROLDAN Y RUBEN DARIO SOLIDARIDAD\" data-image-description=\"\" data-medium-file=\"https:\/\/i0.wp.com\/cdmxpress.com\/wp-content\/uploads\/2021\/05\/LAURA-BERISTAIN-LUIS-ROLDAN-Y-RUBEN-DARIO-SOLIDARIDAD.jpg?fit=300%2C225&amp;ssl=1\" data-large-file=\"https:\/\/i0.wp.com\/cdmxpress.com\/wp-content\/uploads\/2021\/05\/LAURA-BERISTAIN-LUIS-ROLDAN-Y-RUBEN-DARIO-SOLIDARIDAD.jpg?fit=696%2C522&amp;ssl=1\" data-recalc-dims=\"1\" data-lazy-loaded=\"1\" \/><\/p>\n<p>El municipio de Solidaridad llamado la Joya de la Corona, es determinante para que los partidos de la coalici\u00f3n\u00a0<strong>PRI-PAN-PRD<\/strong>\u00a0contin\u00faen en el poder del Estado.<\/p>\n<p>Saben que es su ultima batalla, y si Morena logra obtener la mayor\u00eda de votos en\u00a0<strong>Quintana Roo,<\/strong>\u00a0esto puede concluir en la Aniquilaci\u00f3n de los partidos conservadores.<\/p>\n<p>Finalmente la candidata de\u00a0<strong>Morena<\/strong>\u00a0y de la coalici\u00f3n\u00a0<strong>Juntos Haremos Historia,<\/strong>\u00a0convoc\u00f3 a los simpatizantes, militantes y ciudadanos a prepararse para salir a votar este\u00a0<strong>6 de junio<\/strong>\u00a0de manera ordenada y masiva por los candidatos de Morena.<\/p>\n","protected":false},"excerpt":{"rendered":"<p>Playa del Carmen Quintana Roo a 24 de Mayo 2021 Laura Beristain,\u00a0dio la bienvenida al&#8230;<\/p>\n","protected":false},"author":2,"featured_media":4370,"comment_status":"open","ping_status":"closed","sticky":false,"template":"","format":"standard","meta":{"footnotes":""},"categories":[25],"tags":[447,374,873,117,21,874,360],"class_list":["post-4368","post","type-post","status-publish","format-standard","has-post-thumbnail","hentry","category-4t","tag-elecciones","tag-laura-beristain-navarrete","tag-luis-roldan","tag-playa-del-carmen","tag-quintana-roo","tag-ruben-dario","tag-solidaridad"],"yoast_head":"<!-- This site is optimized with the Yoast SEO plugin v27.5 - https:\/\/yoast.com\/product\/yoast-seo-wordpress\/ -->\n<title>Morena defender\u00e1 el voto ante posible fraude en Solidaridad Quintana Roo - NOTICIAS DE LA 4T<\/title>\n<meta name=\"robots\" content=\"noindex, follow, max-snippet:-1, max-image-preview:large, max-video-preview:-1\" \/>\n<meta property=\"og:locale\" content=\"es_MX\" \/>\n<meta property=\"og:type\" content=\"article\" \/>\n<meta property=\"og:title\" content=\"Morena defender\u00e1 el voto ante posible fraude en Solidaridad Quintana Roo - NOTICIAS DE LA 4T\" \/>\n<meta property=\"og:description\" content=\"Playa del Carmen Quintana Roo a 24 de Mayo 2021 Laura Beristain,\u00a0dio la bienvenida al...\" \/>\n<meta property=\"og:url\" content=\"https:\/\/redamlo.com\/index.php\/2021\/05\/24\/morena-defendera-el-voto-ante-posible-fraude-en-solidaridad-quintana-roo\/\" \/>\n<meta property=\"og:site_name\" content=\"NOTICIAS DE LA 4T\" \/>\n<meta property=\"article:published_time\" content=\"2021-05-24T15:33:55+00:00\" \/>\n<meta property=\"og:image\" content=\"https:\/\/redamlo.com\/wp-content\/uploads\/2021\/05\/LAURA-BERISTAIN-SOLIDARIDAD-LA-CUARTA-TRANSFORMACION-AMLO.jpg\" \/>\n\t<meta property=\"og:image:width\" content=\"1600\" \/>\n\t<meta property=\"og:image:height\" content=\"1200\" \/>\n\t<meta property=\"og:image:type\" content=\"image\/jpeg\" \/>\n<meta name=\"author\" content=\"Blanca\" \/>\n<meta name=\"twitter:card\" content=\"summary_large_image\" \/>\n<meta name=\"twitter:label1\" content=\"Escrito por\" \/>\n\t<meta name=\"twitter:data1\" content=\"Blanca\" \/>\n\t<meta name=\"twitter:label2\" content=\"Tiempo de lectura\" \/>\n\t<meta name=\"twitter:data2\" content=\"2 minutos\" \/>\n<script type=\"application\/ld+json\" class=\"yoast-schema-graph\">{\"@context\":\"https:\\\/\\\/schema.org\",\"@graph\":[{\"@type\":\"Article\",\"@id\":\"https:\\\/\\\/redamlo.com\\\/index.php\\\/2021\\\/05\\\/24\\\/morena-defendera-el-voto-ante-posible-fraude-en-solidaridad-quintana-roo\\\/#article\",\"isPartOf\":{\"@id\":\"https:\\\/\\\/redamlo.com\\\/index.php\\\/2021\\\/05\\\/24\\\/morena-defendera-el-voto-ante-posible-fraude-en-solidaridad-quintana-roo\\\/\"},\"author\":{\"name\":\"Blanca\",\"@id\":\"https:\\\/\\\/redamlo.com\\\/#\\\/schema\\\/person\\\/7223a4375eb8f1a782fcae010a7115cf\"},\"headline\":\"Morena defender\u00e1 el voto ante posible fraude en Solidaridad Quintana Roo\",\"datePublished\":\"2021-05-24T15:33:55+00:00\",\"mainEntityOfPage\":{\"@id\":\"https:\\\/\\\/redamlo.com\\\/index.php\\\/2021\\\/05\\\/24\\\/morena-defendera-el-voto-ante-posible-fraude-en-solidaridad-quintana-roo\\\/\"},\"wordCount\":486,\"commentCount\":0,\"publisher\":{\"@id\":\"https:\\\/\\\/redamlo.com\\\/#organization\"},\"image\":{\"@id\":\"https:\\\/\\\/redamlo.com\\\/index.php\\\/2021\\\/05\\\/24\\\/morena-defendera-el-voto-ante-posible-fraude-en-solidaridad-quintana-roo\\\/#primaryimage\"},\"thumbnailUrl\":\"https:\\\/\\\/redamlo.com\\\/wp-content\\\/uploads\\\/2021\\\/05\\\/LAURA-BERISTAIN-SOLIDARIDAD-LA-CUARTA-TRANSFORMACION-AMLO.jpg\",\"keywords\":[\"Elecciones\",\"Laura Beristain Navarrete\",\"Luis Roldan\",\"playa del carmen\",\"Quintana Roo\",\"Rub\u00e9n Dar\u00edo\",\"Solidaridad\"],\"articleSection\":[\"4T\"],\"inLanguage\":\"es\",\"potentialAction\":[{\"@type\":\"CommentAction\",\"name\":\"Comment\",\"target\":[\"https:\\\/\\\/redamlo.com\\\/index.php\\\/2021\\\/05\\\/24\\\/morena-defendera-el-voto-ante-posible-fraude-en-solidaridad-quintana-roo\\\/#respond\"]}]},{\"@type\":\"WebPage\",\"@id\":\"https:\\\/\\\/redamlo.com\\\/index.php\\\/2021\\\/05\\\/24\\\/morena-defendera-el-voto-ante-posible-fraude-en-solidaridad-quintana-roo\\\/\",\"url\":\"https:\\\/\\\/redamlo.com\\\/index.php\\\/2021\\\/05\\\/24\\\/morena-defendera-el-voto-ante-posible-fraude-en-solidaridad-quintana-roo\\\/\",\"name\":\"Morena defender\u00e1 el voto ante posible fraude en Solidaridad Quintana Roo - NOTICIAS DE LA 4T\",\"isPartOf\":{\"@id\":\"https:\\\/\\\/redamlo.com\\\/#website\"},\"primaryImageOfPage\":{\"@id\":\"https:\\\/\\\/redamlo.com\\\/index.php\\\/2021\\\/05\\\/24\\\/morena-defendera-el-voto-ante-posible-fraude-en-solidaridad-quintana-roo\\\/#primaryimage\"},\"image\":{\"@id\":\"https:\\\/\\\/redamlo.com\\\/index.php\\\/2021\\\/05\\\/24\\\/morena-defendera-el-voto-ante-posible-fraude-en-solidaridad-quintana-roo\\\/#primaryimage\"},\"thumbnailUrl\":\"https:\\\/\\\/redamlo.com\\\/wp-content\\\/uploads\\\/2021\\\/05\\\/LAURA-BERISTAIN-SOLIDARIDAD-LA-CUARTA-TRANSFORMACION-AMLO.jpg\",\"datePublished\":\"2021-05-24T15:33:55+00:00\",\"breadcrumb\":{\"@id\":\"https:\\\/\\\/redamlo.com\\\/index.php\\\/2021\\\/05\\\/24\\\/morena-defendera-el-voto-ante-posible-fraude-en-solidaridad-quintana-roo\\\/#breadcrumb\"},\"inLanguage\":\"es\",\"potentialAction\":[{\"@type\":\"ReadAction\",\"target\":[\"https:\\\/\\\/redamlo.com\\\/index.php\\\/2021\\\/05\\\/24\\\/morena-defendera-el-voto-ante-posible-fraude-en-solidaridad-quintana-roo\\\/\"]}]},{\"@type\":\"ImageObject\",\"inLanguage\":\"es\",\"@id\":\"https:\\\/\\\/redamlo.com\\\/index.php\\\/2021\\\/05\\\/24\\\/morena-defendera-el-voto-ante-posible-fraude-en-solidaridad-quintana-roo\\\/#primaryimage\",\"url\":\"https:\\\/\\\/redamlo.com\\\/wp-content\\\/uploads\\\/2021\\\/05\\\/LAURA-BERISTAIN-SOLIDARIDAD-LA-CUARTA-TRANSFORMACION-AMLO.jpg\",\"contentUrl\":\"https:\\\/\\\/redamlo.com\\\/wp-content\\\/uploads\\\/2021\\\/05\\\/LAURA-BERISTAIN-SOLIDARIDAD-LA-CUARTA-TRANSFORMACION-AMLO.jpg\",\"width\":1600,\"height\":1200},{\"@type\":\"BreadcrumbList\",\"@id\":\"https:\\\/\\\/redamlo.com\\\/index.php\\\/2021\\\/05\\\/24\\\/morena-defendera-el-voto-ante-posible-fraude-en-solidaridad-quintana-roo\\\/#breadcrumb\",\"itemListElement\":[{\"@type\":\"ListItem\",\"position\":1,\"name\":\"Inicio\",\"item\":\"https:\\\/\\\/redamlo.com\\\/\"},{\"@type\":\"ListItem\",\"position\":2,\"name\":\"Morena defender\u00e1 el voto ante posible fraude en Solidaridad Quintana Roo\"}]},{\"@type\":\"WebSite\",\"@id\":\"https:\\\/\\\/redamlo.com\\\/#website\",\"url\":\"https:\\\/\\\/redamlo.com\\\/\",\"name\":\"NOTICIAS DE LA 4T\",\"description\":\"\",\"publisher\":{\"@id\":\"https:\\\/\\\/redamlo.com\\\/#organization\"},\"potentialAction\":[{\"@type\":\"SearchAction\",\"target\":{\"@type\":\"EntryPoint\",\"urlTemplate\":\"https:\\\/\\\/redamlo.com\\\/?s={search_term_string}\"},\"query-input\":{\"@type\":\"PropertyValueSpecification\",\"valueRequired\":true,\"valueName\":\"search_term_string\"}}],\"inLanguage\":\"es\"},{\"@type\":\"Organization\",\"@id\":\"https:\\\/\\\/redamlo.com\\\/#organization\",\"name\":\"NOTICIAS DE LA 4T\",\"url\":\"https:\\\/\\\/redamlo.com\\\/\",\"logo\":{\"@type\":\"ImageObject\",\"inLanguage\":\"es\",\"@id\":\"https:\\\/\\\/redamlo.com\\\/#\\\/schema\\\/logo\\\/image\\\/\",\"url\":\"https:\\\/\\\/redamlo.com\\\/wp-content\\\/uploads\\\/2024\\\/08\\\/cropped-RED-AMLO-logo-50.png\",\"contentUrl\":\"https:\\\/\\\/redamlo.com\\\/wp-content\\\/uploads\\\/2024\\\/08\\\/cropped-RED-AMLO-logo-50.png\",\"width\":256,\"height\":256,\"caption\":\"NOTICIAS DE LA 4T\"},\"image\":{\"@id\":\"https:\\\/\\\/redamlo.com\\\/#\\\/schema\\\/logo\\\/image\\\/\"}},{\"@type\":\"Person\",\"@id\":\"https:\\\/\\\/redamlo.com\\\/#\\\/schema\\\/person\\\/7223a4375eb8f1a782fcae010a7115cf\",\"name\":\"Blanca\",\"image\":{\"@type\":\"ImageObject\",\"inLanguage\":\"es\",\"@id\":\"https:\\\/\\\/secure.gravatar.com\\\/avatar\\\/3f79bc8336367a4e6093eae8757acaaf61d1124834b905616de7829b0273426d?s=96&d=mm&r=g\",\"url\":\"https:\\\/\\\/secure.gravatar.com\\\/avatar\\\/3f79bc8336367a4e6093eae8757acaaf61d1124834b905616de7829b0273426d?s=96&d=mm&r=g\",\"contentUrl\":\"https:\\\/\\\/secure.gravatar.com\\\/avatar\\\/3f79bc8336367a4e6093eae8757acaaf61d1124834b905616de7829b0273426d?s=96&d=mm&r=g\",\"caption\":\"Blanca\"},\"url\":\"https:\\\/\\\/redamlo.com\\\/index.php\\\/author\\\/blanca\\\/\"}]}<\/script>\n<!-- \/ Yoast SEO plugin. -->","yoast_head_json":{"title":"Morena defender\u00e1 el voto ante posible fraude en Solidaridad Quintana Roo - NOTICIAS DE LA 4T","robots":{"index":"noindex","follow":"follow","max-snippet":"max-snippet:-1","max-image-preview":"max-image-preview:large","max-video-preview":"max-video-preview:-1"},"og_locale":"es_MX","og_type":"article","og_title":"Morena defender\u00e1 el voto ante posible fraude en Solidaridad Quintana Roo - NOTICIAS DE LA 4T","og_description":"Playa del Carmen Quintana Roo a 24 de Mayo 2021 Laura Beristain,\u00a0dio la bienvenida al...","og_url":"https:\/\/redamlo.com\/index.php\/2021\/05\/24\/morena-defendera-el-voto-ante-posible-fraude-en-solidaridad-quintana-roo\/","og_site_name":"NOTICIAS DE LA 4T","article_published_time":"2021-05-24T15:33:55+00:00","og_image":[{"width":1600,"height":1200,"url":"https:\/\/redamlo.com\/wp-content\/uploads\/2021\/05\/LAURA-BERISTAIN-SOLIDARIDAD-LA-CUARTA-TRANSFORMACION-AMLO.jpg","type":"image\/jpeg"}],"author":"Blanca","twitter_card":"summary_large_image","twitter_misc":{"Escrito por":"Blanca","Tiempo de lectura":"2 minutos"},"schema":{"@context":"https:\/\/schema.org","@graph":[{"@type":"Article","@id":"https:\/\/redamlo.com\/index.php\/2021\/05\/24\/morena-defendera-el-voto-ante-posible-fraude-en-solidaridad-quintana-roo\/#article","isPartOf":{"@id":"https:\/\/redamlo.com\/index.php\/2021\/05\/24\/morena-defendera-el-voto-ante-posible-fraude-en-solidaridad-quintana-roo\/"},"author":{"name":"Blanca","@id":"https:\/\/redamlo.com\/#\/schema\/person\/7223a4375eb8f1a782fcae010a7115cf"},"headline":"Morena defender\u00e1 el voto ante posible fraude en Solidaridad Quintana Roo","datePublished":"2021-05-24T15:33:55+00:00","mainEntityOfPage":{"@id":"https:\/\/redamlo.com\/index.php\/2021\/05\/24\/morena-defendera-el-voto-ante-posible-fraude-en-solidaridad-quintana-roo\/"},"wordCount":486,"commentCount":0,"publisher":{"@id":"https:\/\/redamlo.com\/#organization"},"image":{"@id":"https:\/\/redamlo.com\/index.php\/2021\/05\/24\/morena-defendera-el-voto-ante-posible-fraude-en-solidaridad-quintana-roo\/#primaryimage"},"thumbnailUrl":"https:\/\/redamlo.com\/wp-content\/uploads\/2021\/05\/LAURA-BERISTAIN-SOLIDARIDAD-LA-CUARTA-TRANSFORMACION-AMLO.jpg","keywords":["Elecciones","Laura Beristain Navarrete","Luis Roldan","playa del carmen","Quintana Roo","Rub\u00e9n Dar\u00edo","Solidaridad"],"articleSection":["4T"],"inLanguage":"es","potentialAction":[{"@type":"CommentAction","name":"Comment","target":["https:\/\/redamlo.com\/index.php\/2021\/05\/24\/morena-defendera-el-voto-ante-posible-fraude-en-solidaridad-quintana-roo\/#respond"]}]},{"@type":"WebPage","@id":"https:\/\/redamlo.com\/index.php\/2021\/05\/24\/morena-defendera-el-voto-ante-posible-fraude-en-solidaridad-quintana-roo\/","url":"https:\/\/redamlo.com\/index.php\/2021\/05\/24\/morena-defendera-el-voto-ante-posible-fraude-en-solidaridad-quintana-roo\/","name":"Morena defender\u00e1 el voto ante posible fraude en Solidaridad Quintana Roo - NOTICIAS DE LA 4T","isPartOf":{"@id":"https:\/\/redamlo.com\/#website"},"primaryImageOfPage":{"@id":"https:\/\/redamlo.com\/index.php\/2021\/05\/24\/morena-defendera-el-voto-ante-posible-fraude-en-solidaridad-quintana-roo\/#primaryimage"},"image":{"@id":"https:\/\/redamlo.com\/index.php\/2021\/05\/24\/morena-defendera-el-voto-ante-posible-fraude-en-solidaridad-quintana-roo\/#primaryimage"},"thumbnailUrl":"https:\/\/redamlo.com\/wp-content\/uploads\/2021\/05\/LAURA-BERISTAIN-SOLIDARIDAD-LA-CUARTA-TRANSFORMACION-AMLO.jpg","datePublished":"2021-05-24T15:33:55+00:00","breadcrumb":{"@id":"https:\/\/redamlo.com\/index.php\/2021\/05\/24\/morena-defendera-el-voto-ante-posible-fraude-en-solidaridad-quintana-roo\/#breadcrumb"},"inLanguage":"es","potentialAction":[{"@type":"ReadAction","target":["https:\/\/redamlo.com\/index.php\/2021\/05\/24\/morena-defendera-el-voto-ante-posible-fraude-en-solidaridad-quintana-roo\/"]}]},{"@type":"ImageObject","inLanguage":"es","@id":"https:\/\/redamlo.com\/index.php\/2021\/05\/24\/morena-defendera-el-voto-ante-posible-fraude-en-solidaridad-quintana-roo\/#primaryimage","url":"https:\/\/redamlo.com\/wp-content\/uploads\/2021\/05\/LAURA-BERISTAIN-SOLIDARIDAD-LA-CUARTA-TRANSFORMACION-AMLO.jpg","contentUrl":"https:\/\/redamlo.com\/wp-content\/uploads\/2021\/05\/LAURA-BERISTAIN-SOLIDARIDAD-LA-CUARTA-TRANSFORMACION-AMLO.jpg","width":1600,"height":1200},{"@type":"BreadcrumbList","@id":"https:\/\/redamlo.com\/index.php\/2021\/05\/24\/morena-defendera-el-voto-ante-posible-fraude-en-solidaridad-quintana-roo\/#breadcrumb","itemListElement":[{"@type":"ListItem","position":1,"name":"Inicio","item":"https:\/\/redamlo.com\/"},{"@type":"ListItem","position":2,"name":"Morena defender\u00e1 el voto ante posible fraude en Solidaridad Quintana Roo"}]},{"@type":"WebSite","@id":"https:\/\/redamlo.com\/#website","url":"https:\/\/redamlo.com\/","name":"NOTICIAS DE LA 4T","description":"","publisher":{"@id":"https:\/\/redamlo.com\/#organization"},"potentialAction":[{"@type":"SearchAction","target":{"@type":"EntryPoint","urlTemplate":"https:\/\/redamlo.com\/?s={search_term_string}"},"query-input":{"@type":"PropertyValueSpecification","valueRequired":true,"valueName":"search_term_string"}}],"inLanguage":"es"},{"@type":"Organization","@id":"https:\/\/redamlo.com\/#organization","name":"NOTICIAS DE LA 4T","url":"https:\/\/redamlo.com\/","logo":{"@type":"ImageObject","inLanguage":"es","@id":"https:\/\/redamlo.com\/#\/schema\/logo\/image\/","url":"https:\/\/redamlo.com\/wp-content\/uploads\/2024\/08\/cropped-RED-AMLO-logo-50.png","contentUrl":"https:\/\/redamlo.com\/wp-content\/uploads\/2024\/08\/cropped-RED-AMLO-logo-50.png","width":256,"height":256,"caption":"NOTICIAS DE LA 4T"},"image":{"@id":"https:\/\/redamlo.com\/#\/schema\/logo\/image\/"}},{"@type":"Person","@id":"https:\/\/redamlo.com\/#\/schema\/person\/7223a4375eb8f1a782fcae010a7115cf","name":"Blanca","image":{"@type":"ImageObject","inLanguage":"es","@id":"https:\/\/secure.gravatar.com\/avatar\/3f79bc8336367a4e6093eae8757acaaf61d1124834b905616de7829b0273426d?s=96&d=mm&r=g","url":"https:\/\/secure.gravatar.com\/avatar\/3f79bc8336367a4e6093eae8757acaaf61d1124834b905616de7829b0273426d?s=96&d=mm&r=g","contentUrl":"https:\/\/secure.gravatar.com\/avatar\/3f79bc8336367a4e6093eae8757acaaf61d1124834b905616de7829b0273426d?s=96&d=mm&r=g","caption":"Blanca"},"url":"https:\/\/redamlo.com\/index.php\/author\/blanca\/"}]}},"_links":{"self":[{"href":"https:\/\/redamlo.com\/index.php\/wp-json\/wp\/v2\/posts\/4368","targetHints":{"allow":["GET"]}}],"collection":[{"href":"https:\/\/redamlo.com\/index.php\/wp-json\/wp\/v2\/posts"}],"about":[{"href":"https:\/\/redamlo.com\/index.php\/wp-json\/wp\/v2\/types\/post"}],"author":[{"embeddable":true,"href":"https:\/\/redamlo.com\/index.php\/wp-json\/wp\/v2\/users\/2"}],"replies":[{"embeddable":true,"href":"https:\/\/redamlo.com\/index.php\/wp-json\/wp\/v2\/comments?post=4368"}],"version-history":[{"count":0,"href":"https:\/\/redamlo.com\/index.php\/wp-json\/wp\/v2\/posts\/4368\/revisions"}],"wp:featuredmedia":[{"embeddable":true,"href":"https:\/\/redamlo.com\/index.php\/wp-json\/wp\/v2\/media\/4370"}],"wp:attachment":[{"href":"https:\/\/redamlo.com\/index.php\/wp-json\/wp\/v2\/media?parent=4368"}],"wp:term":[{"taxonomy":"category","embeddable":true,"href":"https:\/\/redamlo.com\/index.php\/wp-json\/wp\/v2\/categories?post=4368"},{"taxonomy":"post_tag","embeddable":true,"href":"https:\/\/redamlo.com\/index.php\/wp-json\/wp\/v2\/tags?post=4368"}],"curies":[{"name":"wp","href":"https:\/\/api.w.org\/{rel}","templated":true}]}}