{"id":4340,"date":"2021-05-20T06:15:48","date_gmt":"2021-05-20T11:15:48","guid":{"rendered":"https:\/\/redamlo.com\/?p=4340"},"modified":"2021-05-20T06:15:48","modified_gmt":"2021-05-20T11:15:48","slug":"gallardo-se-compromete-ana-vida-sin-miedo-al-ganar-las-elecciones-para-gobernador","status":"publish","type":"post","link":"https:\/\/redamlo.com\/index.php\/2021\/05\/20\/gallardo-se-compromete-ana-vida-sin-miedo-al-ganar-las-elecciones-para-gobernador\/","title":{"rendered":"Gallardo se compromete ana Vida sin Miedo al ganar las elecciones para Gobernador"},"content":{"rendered":"<p>Ricardo Gallardo en su reciente recorrido en la Huasteca potosina se dirigi\u00f3 a los militantes pri\u00edstas, panistas y morenistas, haciendo un llamado para votar por las propuestas de los partidos Verde Ecologista de M\u00e9xico y del Trabajo (PVEM- PT), ya que su \u00fanica intenci\u00f3n es llevar a San Luis Potos\u00ed (SLP) por un buen camino de la mano del<br \/>\n&#8220;Buen Gobierno&#8221; asegurando velar por el bienestar de los potosinos que ya est\u00e1n hartos, de estos 90 a\u00f1os viviendo los saqueos del &#8220;PRI-PAN&#8221;, que ahora quieren ser \u201cMorena\u201d.<\/p>\n<p>Destac\u00f3 Gallardo Cardona \u201cNo es posible elegir a los mismos que han robado dinero de los potosinos, por el PRI, como S\u00e1nchez Unzueta que dej\u00f3 a Silva Nieto para que le tapara sus transas y luego los dos pusieron a su contador Marcelo por el PAN, para limpiar sus deudas, pero este dej\u00f3 m\u00e1s de 7,600 millones pesos en deudas a su Secretario de Salud Fernando Toranzo y \u00e9ste dej\u00f3 a Carreras, para tapar lo que robaron y ahora, \u00e9ste quiere dejar al hermano de su jefe de Finanzas o la encargada de salud, que tiene observados 1,700 millones de pesos\u2026 Son los mismos todos ellos..\u201d<\/p>\n<p>&#8220;El Pollo&#8221; Gallardo aprovech\u00f3 para recordarle a los vecinos, que en medio de toda la confusi\u00f3n mal intencionada que se ha dado en su contra en los recientes d\u00edas, es grato para \u00e9l que escuchen sus propuestas ya que con est\u00e1s lograr\u00e1 mejorar en el sector salud; con la construcci\u00f3n de los Hospitales de especialidades en beneficio para los que los usen y tambi\u00e9n los que presten servicios en ellos, tambi\u00e9n repas\u00f3 los apoyos en Internet y transporte p\u00fablico gratuitos para los estudiantes y adultos mayores, as\u00ed como los beneficios para las mam\u00e1s solteras.<\/p>\n<p>Cardona dej\u00f3 muy en claro que el voto \u00fatil es por la coalici\u00f3n m\u00e1s real en SLP<br \/>\n&#8220;Juntos Haremos Historia&#8221;, siendo la \u00fanica opci\u00f3n del cambio verdadero, por lo que invit\u00f3 a los potosinos a &#8220;empaparse&#8221; de la ola verde en las urnas el pr\u00f3ximo 6 de junio.<\/p>\n","protected":false},"excerpt":{"rendered":"<p>Ricardo Gallardo en su reciente recorrido en la Huasteca potosina se dirigi\u00f3 a los militantes&#8230;<\/p>\n","protected":false},"author":2,"featured_media":4341,"comment_status":"open","ping_status":"closed","sticky":false,"template":"","format":"standard","meta":{"footnotes":""},"categories":[1],"tags":[761,795,389,390,790,267,764],"class_list":["post-4340","post","type-post","status-publish","format-standard","has-post-thumbnail","hentry","category-uncategorized","tag-el-pollo-gallardo","tag-juntos-haremos-historia","tag-pt","tag-pvem","tag-ricardo-gallardo-cardona","tag-san-luis-potosi","tag-slp"],"yoast_head":"<!-- This site is optimized with the Yoast SEO plugin v27.5 - https:\/\/yoast.com\/product\/yoast-seo-wordpress\/ -->\n<title>Gallardo se compromete ana Vida sin Miedo al ganar las elecciones para Gobernador - NOTICIAS DE LA 4T<\/title>\n<meta name=\"robots\" content=\"noindex, follow, max-snippet:-1, max-image-preview:large, max-video-preview:-1\" \/>\n<meta property=\"og:locale\" content=\"es_MX\" \/>\n<meta property=\"og:type\" content=\"article\" \/>\n<meta property=\"og:title\" content=\"Gallardo se compromete ana Vida sin Miedo al ganar las elecciones para Gobernador - NOTICIAS DE LA 4T\" \/>\n<meta property=\"og:description\" content=\"Ricardo Gallardo en su reciente recorrido en la Huasteca potosina se dirigi\u00f3 a los militantes...\" \/>\n<meta property=\"og:url\" content=\"https:\/\/redamlo.com\/index.php\/2021\/05\/20\/gallardo-se-compromete-ana-vida-sin-miedo-al-ganar-las-elecciones-para-gobernador\/\" \/>\n<meta property=\"og:site_name\" content=\"NOTICIAS DE LA 4T\" \/>\n<meta property=\"article:published_time\" content=\"2021-05-20T11:15:48+00:00\" \/>\n<meta property=\"og:image\" content=\"https:\/\/redamlo.com\/wp-content\/uploads\/2021\/05\/20210520_053751.jpg\" \/>\n\t<meta property=\"og:image:width\" content=\"1600\" \/>\n\t<meta property=\"og:image:height\" content=\"1066\" \/>\n\t<meta property=\"og:image:type\" content=\"image\/jpeg\" \/>\n<meta name=\"author\" content=\"Blanca\" \/>\n<meta name=\"twitter:card\" content=\"summary_large_image\" \/>\n<meta name=\"twitter:label1\" content=\"Escrito por\" \/>\n\t<meta name=\"twitter:data1\" content=\"Blanca\" \/>\n\t<meta name=\"twitter:label2\" content=\"Tiempo de lectura\" \/>\n\t<meta name=\"twitter:data2\" content=\"2 minutos\" \/>\n<script type=\"application\/ld+json\" class=\"yoast-schema-graph\">{\"@context\":\"https:\\\/\\\/schema.org\",\"@graph\":[{\"@type\":\"Article\",\"@id\":\"https:\\\/\\\/redamlo.com\\\/index.php\\\/2021\\\/05\\\/20\\\/gallardo-se-compromete-ana-vida-sin-miedo-al-ganar-las-elecciones-para-gobernador\\\/#article\",\"isPartOf\":{\"@id\":\"https:\\\/\\\/redamlo.com\\\/index.php\\\/2021\\\/05\\\/20\\\/gallardo-se-compromete-ana-vida-sin-miedo-al-ganar-las-elecciones-para-gobernador\\\/\"},\"author\":{\"name\":\"Blanca\",\"@id\":\"https:\\\/\\\/redamlo.com\\\/#\\\/schema\\\/person\\\/7223a4375eb8f1a782fcae010a7115cf\"},\"headline\":\"Gallardo se compromete ana Vida sin Miedo al ganar las elecciones para Gobernador\",\"datePublished\":\"2021-05-20T11:15:48+00:00\",\"mainEntityOfPage\":{\"@id\":\"https:\\\/\\\/redamlo.com\\\/index.php\\\/2021\\\/05\\\/20\\\/gallardo-se-compromete-ana-vida-sin-miedo-al-ganar-las-elecciones-para-gobernador\\\/\"},\"wordCount\":363,\"commentCount\":0,\"publisher\":{\"@id\":\"https:\\\/\\\/redamlo.com\\\/#organization\"},\"image\":{\"@id\":\"https:\\\/\\\/redamlo.com\\\/index.php\\\/2021\\\/05\\\/20\\\/gallardo-se-compromete-ana-vida-sin-miedo-al-ganar-las-elecciones-para-gobernador\\\/#primaryimage\"},\"thumbnailUrl\":\"https:\\\/\\\/redamlo.com\\\/wp-content\\\/uploads\\\/2021\\\/05\\\/20210520_053751.jpg\",\"keywords\":[\"El Pollo Gallardo\",\"Juntos Haremos Historia\",\"PT\",\"PVEM\",\"Ricardo Gallardo Cardona\",\"San Luis Potos\u00ed\",\"SLP\"],\"articleSection\":[\"Uncategorized\"],\"inLanguage\":\"es\",\"potentialAction\":[{\"@type\":\"CommentAction\",\"name\":\"Comment\",\"target\":[\"https:\\\/\\\/redamlo.com\\\/index.php\\\/2021\\\/05\\\/20\\\/gallardo-se-compromete-ana-vida-sin-miedo-al-ganar-las-elecciones-para-gobernador\\\/#respond\"]}]},{\"@type\":\"WebPage\",\"@id\":\"https:\\\/\\\/redamlo.com\\\/index.php\\\/2021\\\/05\\\/20\\\/gallardo-se-compromete-ana-vida-sin-miedo-al-ganar-las-elecciones-para-gobernador\\\/\",\"url\":\"https:\\\/\\\/redamlo.com\\\/index.php\\\/2021\\\/05\\\/20\\\/gallardo-se-compromete-ana-vida-sin-miedo-al-ganar-las-elecciones-para-gobernador\\\/\",\"name\":\"Gallardo se compromete ana Vida sin Miedo al ganar las elecciones para Gobernador - NOTICIAS DE LA 4T\",\"isPartOf\":{\"@id\":\"https:\\\/\\\/redamlo.com\\\/#website\"},\"primaryImageOfPage\":{\"@id\":\"https:\\\/\\\/redamlo.com\\\/index.php\\\/2021\\\/05\\\/20\\\/gallardo-se-compromete-ana-vida-sin-miedo-al-ganar-las-elecciones-para-gobernador\\\/#primaryimage\"},\"image\":{\"@id\":\"https:\\\/\\\/redamlo.com\\\/index.php\\\/2021\\\/05\\\/20\\\/gallardo-se-compromete-ana-vida-sin-miedo-al-ganar-las-elecciones-para-gobernador\\\/#primaryimage\"},\"thumbnailUrl\":\"https:\\\/\\\/redamlo.com\\\/wp-content\\\/uploads\\\/2021\\\/05\\\/20210520_053751.jpg\",\"datePublished\":\"2021-05-20T11:15:48+00:00\",\"breadcrumb\":{\"@id\":\"https:\\\/\\\/redamlo.com\\\/index.php\\\/2021\\\/05\\\/20\\\/gallardo-se-compromete-ana-vida-sin-miedo-al-ganar-las-elecciones-para-gobernador\\\/#breadcrumb\"},\"inLanguage\":\"es\",\"potentialAction\":[{\"@type\":\"ReadAction\",\"target\":[\"https:\\\/\\\/redamlo.com\\\/index.php\\\/2021\\\/05\\\/20\\\/gallardo-se-compromete-ana-vida-sin-miedo-al-ganar-las-elecciones-para-gobernador\\\/\"]}]},{\"@type\":\"ImageObject\",\"inLanguage\":\"es\",\"@id\":\"https:\\\/\\\/redamlo.com\\\/index.php\\\/2021\\\/05\\\/20\\\/gallardo-se-compromete-ana-vida-sin-miedo-al-ganar-las-elecciones-para-gobernador\\\/#primaryimage\",\"url\":\"https:\\\/\\\/redamlo.com\\\/wp-content\\\/uploads\\\/2021\\\/05\\\/20210520_053751.jpg\",\"contentUrl\":\"https:\\\/\\\/redamlo.com\\\/wp-content\\\/uploads\\\/2021\\\/05\\\/20210520_053751.jpg\",\"width\":1600,\"height\":1066},{\"@type\":\"BreadcrumbList\",\"@id\":\"https:\\\/\\\/redamlo.com\\\/index.php\\\/2021\\\/05\\\/20\\\/gallardo-se-compromete-ana-vida-sin-miedo-al-ganar-las-elecciones-para-gobernador\\\/#breadcrumb\",\"itemListElement\":[{\"@type\":\"ListItem\",\"position\":1,\"name\":\"Inicio\",\"item\":\"https:\\\/\\\/redamlo.com\\\/\"},{\"@type\":\"ListItem\",\"position\":2,\"name\":\"Gallardo se compromete ana Vida sin Miedo al ganar las elecciones para Gobernador\"}]},{\"@type\":\"WebSite\",\"@id\":\"https:\\\/\\\/redamlo.com\\\/#website\",\"url\":\"https:\\\/\\\/redamlo.com\\\/\",\"name\":\"NOTICIAS DE LA 4T\",\"description\":\"\",\"publisher\":{\"@id\":\"https:\\\/\\\/redamlo.com\\\/#organization\"},\"potentialAction\":[{\"@type\":\"SearchAction\",\"target\":{\"@type\":\"EntryPoint\",\"urlTemplate\":\"https:\\\/\\\/redamlo.com\\\/?s={search_term_string}\"},\"query-input\":{\"@type\":\"PropertyValueSpecification\",\"valueRequired\":true,\"valueName\":\"search_term_string\"}}],\"inLanguage\":\"es\"},{\"@type\":\"Organization\",\"@id\":\"https:\\\/\\\/redamlo.com\\\/#organization\",\"name\":\"NOTICIAS DE LA 4T\",\"url\":\"https:\\\/\\\/redamlo.com\\\/\",\"logo\":{\"@type\":\"ImageObject\",\"inLanguage\":\"es\",\"@id\":\"https:\\\/\\\/redamlo.com\\\/#\\\/schema\\\/logo\\\/image\\\/\",\"url\":\"https:\\\/\\\/redamlo.com\\\/wp-content\\\/uploads\\\/2024\\\/08\\\/cropped-RED-AMLO-logo-50.png\",\"contentUrl\":\"https:\\\/\\\/redamlo.com\\\/wp-content\\\/uploads\\\/2024\\\/08\\\/cropped-RED-AMLO-logo-50.png\",\"width\":256,\"height\":256,\"caption\":\"NOTICIAS DE LA 4T\"},\"image\":{\"@id\":\"https:\\\/\\\/redamlo.com\\\/#\\\/schema\\\/logo\\\/image\\\/\"}},{\"@type\":\"Person\",\"@id\":\"https:\\\/\\\/redamlo.com\\\/#\\\/schema\\\/person\\\/7223a4375eb8f1a782fcae010a7115cf\",\"name\":\"Blanca\",\"image\":{\"@type\":\"ImageObject\",\"inLanguage\":\"es\",\"@id\":\"https:\\\/\\\/secure.gravatar.com\\\/avatar\\\/3f79bc8336367a4e6093eae8757acaaf61d1124834b905616de7829b0273426d?s=96&d=mm&r=g\",\"url\":\"https:\\\/\\\/secure.gravatar.com\\\/avatar\\\/3f79bc8336367a4e6093eae8757acaaf61d1124834b905616de7829b0273426d?s=96&d=mm&r=g\",\"contentUrl\":\"https:\\\/\\\/secure.gravatar.com\\\/avatar\\\/3f79bc8336367a4e6093eae8757acaaf61d1124834b905616de7829b0273426d?s=96&d=mm&r=g\",\"caption\":\"Blanca\"},\"url\":\"https:\\\/\\\/redamlo.com\\\/index.php\\\/author\\\/blanca\\\/\"}]}<\/script>\n<!-- \/ Yoast SEO plugin. -->","yoast_head_json":{"title":"Gallardo se compromete ana Vida sin Miedo al ganar las elecciones para Gobernador - NOTICIAS DE LA 4T","robots":{"index":"noindex","follow":"follow","max-snippet":"max-snippet:-1","max-image-preview":"max-image-preview:large","max-video-preview":"max-video-preview:-1"},"og_locale":"es_MX","og_type":"article","og_title":"Gallardo se compromete ana Vida sin Miedo al ganar las elecciones para Gobernador - NOTICIAS DE LA 4T","og_description":"Ricardo Gallardo en su reciente recorrido en la Huasteca potosina se dirigi\u00f3 a los militantes...","og_url":"https:\/\/redamlo.com\/index.php\/2021\/05\/20\/gallardo-se-compromete-ana-vida-sin-miedo-al-ganar-las-elecciones-para-gobernador\/","og_site_name":"NOTICIAS DE LA 4T","article_published_time":"2021-05-20T11:15:48+00:00","og_image":[{"width":1600,"height":1066,"url":"https:\/\/redamlo.com\/wp-content\/uploads\/2021\/05\/20210520_053751.jpg","type":"image\/jpeg"}],"author":"Blanca","twitter_card":"summary_large_image","twitter_misc":{"Escrito por":"Blanca","Tiempo de lectura":"2 minutos"},"schema":{"@context":"https:\/\/schema.org","@graph":[{"@type":"Article","@id":"https:\/\/redamlo.com\/index.php\/2021\/05\/20\/gallardo-se-compromete-ana-vida-sin-miedo-al-ganar-las-elecciones-para-gobernador\/#article","isPartOf":{"@id":"https:\/\/redamlo.com\/index.php\/2021\/05\/20\/gallardo-se-compromete-ana-vida-sin-miedo-al-ganar-las-elecciones-para-gobernador\/"},"author":{"name":"Blanca","@id":"https:\/\/redamlo.com\/#\/schema\/person\/7223a4375eb8f1a782fcae010a7115cf"},"headline":"Gallardo se compromete ana Vida sin Miedo al ganar las elecciones para Gobernador","datePublished":"2021-05-20T11:15:48+00:00","mainEntityOfPage":{"@id":"https:\/\/redamlo.com\/index.php\/2021\/05\/20\/gallardo-se-compromete-ana-vida-sin-miedo-al-ganar-las-elecciones-para-gobernador\/"},"wordCount":363,"commentCount":0,"publisher":{"@id":"https:\/\/redamlo.com\/#organization"},"image":{"@id":"https:\/\/redamlo.com\/index.php\/2021\/05\/20\/gallardo-se-compromete-ana-vida-sin-miedo-al-ganar-las-elecciones-para-gobernador\/#primaryimage"},"thumbnailUrl":"https:\/\/redamlo.com\/wp-content\/uploads\/2021\/05\/20210520_053751.jpg","keywords":["El Pollo Gallardo","Juntos Haremos Historia","PT","PVEM","Ricardo Gallardo Cardona","San Luis Potos\u00ed","SLP"],"articleSection":["Uncategorized"],"inLanguage":"es","potentialAction":[{"@type":"CommentAction","name":"Comment","target":["https:\/\/redamlo.com\/index.php\/2021\/05\/20\/gallardo-se-compromete-ana-vida-sin-miedo-al-ganar-las-elecciones-para-gobernador\/#respond"]}]},{"@type":"WebPage","@id":"https:\/\/redamlo.com\/index.php\/2021\/05\/20\/gallardo-se-compromete-ana-vida-sin-miedo-al-ganar-las-elecciones-para-gobernador\/","url":"https:\/\/redamlo.com\/index.php\/2021\/05\/20\/gallardo-se-compromete-ana-vida-sin-miedo-al-ganar-las-elecciones-para-gobernador\/","name":"Gallardo se compromete ana Vida sin Miedo al ganar las elecciones para Gobernador - NOTICIAS DE LA 4T","isPartOf":{"@id":"https:\/\/redamlo.com\/#website"},"primaryImageOfPage":{"@id":"https:\/\/redamlo.com\/index.php\/2021\/05\/20\/gallardo-se-compromete-ana-vida-sin-miedo-al-ganar-las-elecciones-para-gobernador\/#primaryimage"},"image":{"@id":"https:\/\/redamlo.com\/index.php\/2021\/05\/20\/gallardo-se-compromete-ana-vida-sin-miedo-al-ganar-las-elecciones-para-gobernador\/#primaryimage"},"thumbnailUrl":"https:\/\/redamlo.com\/wp-content\/uploads\/2021\/05\/20210520_053751.jpg","datePublished":"2021-05-20T11:15:48+00:00","breadcrumb":{"@id":"https:\/\/redamlo.com\/index.php\/2021\/05\/20\/gallardo-se-compromete-ana-vida-sin-miedo-al-ganar-las-elecciones-para-gobernador\/#breadcrumb"},"inLanguage":"es","potentialAction":[{"@type":"ReadAction","target":["https:\/\/redamlo.com\/index.php\/2021\/05\/20\/gallardo-se-compromete-ana-vida-sin-miedo-al-ganar-las-elecciones-para-gobernador\/"]}]},{"@type":"ImageObject","inLanguage":"es","@id":"https:\/\/redamlo.com\/index.php\/2021\/05\/20\/gallardo-se-compromete-ana-vida-sin-miedo-al-ganar-las-elecciones-para-gobernador\/#primaryimage","url":"https:\/\/redamlo.com\/wp-content\/uploads\/2021\/05\/20210520_053751.jpg","contentUrl":"https:\/\/redamlo.com\/wp-content\/uploads\/2021\/05\/20210520_053751.jpg","width":1600,"height":1066},{"@type":"BreadcrumbList","@id":"https:\/\/redamlo.com\/index.php\/2021\/05\/20\/gallardo-se-compromete-ana-vida-sin-miedo-al-ganar-las-elecciones-para-gobernador\/#breadcrumb","itemListElement":[{"@type":"ListItem","position":1,"name":"Inicio","item":"https:\/\/redamlo.com\/"},{"@type":"ListItem","position":2,"name":"Gallardo se compromete ana Vida sin Miedo al ganar las elecciones para Gobernador"}]},{"@type":"WebSite","@id":"https:\/\/redamlo.com\/#website","url":"https:\/\/redamlo.com\/","name":"NOTICIAS DE LA 4T","description":"","publisher":{"@id":"https:\/\/redamlo.com\/#organization"},"potentialAction":[{"@type":"SearchAction","target":{"@type":"EntryPoint","urlTemplate":"https:\/\/redamlo.com\/?s={search_term_string}"},"query-input":{"@type":"PropertyValueSpecification","valueRequired":true,"valueName":"search_term_string"}}],"inLanguage":"es"},{"@type":"Organization","@id":"https:\/\/redamlo.com\/#organization","name":"NOTICIAS DE LA 4T","url":"https:\/\/redamlo.com\/","logo":{"@type":"ImageObject","inLanguage":"es","@id":"https:\/\/redamlo.com\/#\/schema\/logo\/image\/","url":"https:\/\/redamlo.com\/wp-content\/uploads\/2024\/08\/cropped-RED-AMLO-logo-50.png","contentUrl":"https:\/\/redamlo.com\/wp-content\/uploads\/2024\/08\/cropped-RED-AMLO-logo-50.png","width":256,"height":256,"caption":"NOTICIAS DE LA 4T"},"image":{"@id":"https:\/\/redamlo.com\/#\/schema\/logo\/image\/"}},{"@type":"Person","@id":"https:\/\/redamlo.com\/#\/schema\/person\/7223a4375eb8f1a782fcae010a7115cf","name":"Blanca","image":{"@type":"ImageObject","inLanguage":"es","@id":"https:\/\/secure.gravatar.com\/avatar\/3f79bc8336367a4e6093eae8757acaaf61d1124834b905616de7829b0273426d?s=96&d=mm&r=g","url":"https:\/\/secure.gravatar.com\/avatar\/3f79bc8336367a4e6093eae8757acaaf61d1124834b905616de7829b0273426d?s=96&d=mm&r=g","contentUrl":"https:\/\/secure.gravatar.com\/avatar\/3f79bc8336367a4e6093eae8757acaaf61d1124834b905616de7829b0273426d?s=96&d=mm&r=g","caption":"Blanca"},"url":"https:\/\/redamlo.com\/index.php\/author\/blanca\/"}]}},"_links":{"self":[{"href":"https:\/\/redamlo.com\/index.php\/wp-json\/wp\/v2\/posts\/4340","targetHints":{"allow":["GET"]}}],"collection":[{"href":"https:\/\/redamlo.com\/index.php\/wp-json\/wp\/v2\/posts"}],"about":[{"href":"https:\/\/redamlo.com\/index.php\/wp-json\/wp\/v2\/types\/post"}],"author":[{"embeddable":true,"href":"https:\/\/redamlo.com\/index.php\/wp-json\/wp\/v2\/users\/2"}],"replies":[{"embeddable":true,"href":"https:\/\/redamlo.com\/index.php\/wp-json\/wp\/v2\/comments?post=4340"}],"version-history":[{"count":0,"href":"https:\/\/redamlo.com\/index.php\/wp-json\/wp\/v2\/posts\/4340\/revisions"}],"wp:featuredmedia":[{"embeddable":true,"href":"https:\/\/redamlo.com\/index.php\/wp-json\/wp\/v2\/media\/4341"}],"wp:attachment":[{"href":"https:\/\/redamlo.com\/index.php\/wp-json\/wp\/v2\/media?parent=4340"}],"wp:term":[{"taxonomy":"category","embeddable":true,"href":"https:\/\/redamlo.com\/index.php\/wp-json\/wp\/v2\/categories?post=4340"},{"taxonomy":"post_tag","embeddable":true,"href":"https:\/\/redamlo.com\/index.php\/wp-json\/wp\/v2\/tags?post=4340"}],"curies":[{"name":"wp","href":"https:\/\/api.w.org\/{rel}","templated":true}]}}