{"id":4305,"date":"2021-05-14T14:04:57","date_gmt":"2021-05-14T19:04:57","guid":{"rendered":"https:\/\/redamlo.com\/?p=4305"},"modified":"2021-05-14T14:04:57","modified_gmt":"2021-05-14T19:04:57","slug":"homero-novelo-ofrece-crear-el-instituto-municipal-del-trabajo-en-valladolid-yucatan","status":"publish","type":"post","link":"https:\/\/redamlo.com\/index.php\/2021\/05\/14\/homero-novelo-ofrece-crear-el-instituto-municipal-del-trabajo-en-valladolid-yucatan\/","title":{"rendered":"Homero Novelo ofrece crear el Instituto Municipal del Trabajo en Valladolid, Yucat\u00e1n"},"content":{"rendered":"<p>Valladolid, Yucat\u00e1n a 12 de mayo de 2021.- Con el objetivo de ofrecer capacitaciones y talleres con validez oficial, Homero Novelo Burgos, candidato a la alcald\u00eda de Valladolid por el partido Movimiento Regeneraci\u00f3n Nacional (Morena), coment\u00f3 que una de sus propuestas es crear el Instituto Municipal del Trabajo.<\/p>\n<p>\u201cQueremos ofrecerles a las personas la oportunidad de que aprendan o refuercen sus conocimientos laborales sin costo alguno, para que puedan llevar el sustento a casa\u201d, dijo.<\/p>\n<p>El Instituto impartir\u00e1 talleres donde hombres y mujeres podr\u00e1n aprender un oficio. Adem\u00e1s, que existir\u00e1n cursos de capacitaci\u00f3n para profesionalizar el trabajo.<\/p>\n<p>\u201cHay ciudadanos que quieren aprender m\u00e1s de su profesi\u00f3n y desean mejorar sus conocimientos en diversas \u00e1reas. En el Instituto Municipal del Trabajo lo lograr\u00e1n y tendr\u00e1n la capacidad de aumentar sus ingresos diarios\u201d, expres\u00f3.<\/p>\n<p>El candidato de Morena coment\u00f3 que durante su administraci\u00f3n se trabajar\u00e1 para activar la econom\u00eda en Valladolid y record\u00f3 que vienen grandes proyectos.<\/p>\n<p>\u201cTenemos tiempo de profesionalizar los trabajos porque necesitamos tener servicios de calidad, las obras que vienen a continuaci\u00f3n detonar\u00e1n a nuestro municipio y debemos estar preparados\u201d, finaliz\u00f3.<\/p>\n","protected":false},"excerpt":{"rendered":"<p>Valladolid, Yucat\u00e1n a 12 de mayo de 2021.- Con el objetivo de ofrecer capacitaciones y&#8230;<\/p>\n","protected":false},"author":2,"featured_media":4307,"comment_status":"closed","ping_status":"closed","sticky":false,"template":"","format":"standard","meta":{"footnotes":""},"categories":[1],"tags":[841,24,842],"class_list":["post-4305","post","type-post","status-publish","format-standard","has-post-thumbnail","hentry","category-uncategorized","tag-homero-novelo","tag-morena","tag-valladolid"],"yoast_head":"<!-- This site is optimized with the Yoast SEO plugin v27.5 - https:\/\/yoast.com\/product\/yoast-seo-wordpress\/ -->\n<title>Homero Novelo ofrece crear el Instituto Municipal del Trabajo en Valladolid, Yucat\u00e1n - NOTICIAS DE LA 4T<\/title>\n<meta name=\"robots\" content=\"noindex, follow, max-snippet:-1, max-image-preview:large, max-video-preview:-1\" \/>\n<meta property=\"og:locale\" content=\"es_MX\" \/>\n<meta property=\"og:type\" content=\"article\" \/>\n<meta property=\"og:title\" content=\"Homero Novelo ofrece crear el Instituto Municipal del Trabajo en Valladolid, Yucat\u00e1n - NOTICIAS DE LA 4T\" \/>\n<meta property=\"og:description\" content=\"Valladolid, Yucat\u00e1n a 12 de mayo de 2021.- Con el objetivo de ofrecer capacitaciones y...\" \/>\n<meta property=\"og:url\" content=\"https:\/\/redamlo.com\/index.php\/2021\/05\/14\/homero-novelo-ofrece-crear-el-instituto-municipal-del-trabajo-en-valladolid-yucatan\/\" \/>\n<meta property=\"og:site_name\" content=\"NOTICIAS DE LA 4T\" \/>\n<meta property=\"article:published_time\" content=\"2021-05-14T19:04:57+00:00\" \/>\n<meta property=\"og:image\" content=\"https:\/\/redamlo.com\/wp-content\/uploads\/2021\/05\/WhatsApp-Image-2021-05-12-at-21.14.00.jpeg\" \/>\n\t<meta property=\"og:image:width\" content=\"1280\" \/>\n\t<meta property=\"og:image:height\" content=\"853\" \/>\n\t<meta property=\"og:image:type\" content=\"image\/jpeg\" \/>\n<meta name=\"author\" content=\"Blanca\" \/>\n<meta name=\"twitter:card\" content=\"summary_large_image\" \/>\n<meta name=\"twitter:label1\" content=\"Escrito por\" \/>\n\t<meta name=\"twitter:data1\" content=\"Blanca\" \/>\n\t<meta name=\"twitter:label2\" content=\"Tiempo de lectura\" \/>\n\t<meta name=\"twitter:data2\" content=\"1 minuto\" \/>\n<script type=\"application\/ld+json\" class=\"yoast-schema-graph\">{\"@context\":\"https:\\\/\\\/schema.org\",\"@graph\":[{\"@type\":\"Article\",\"@id\":\"https:\\\/\\\/redamlo.com\\\/index.php\\\/2021\\\/05\\\/14\\\/homero-novelo-ofrece-crear-el-instituto-municipal-del-trabajo-en-valladolid-yucatan\\\/#article\",\"isPartOf\":{\"@id\":\"https:\\\/\\\/redamlo.com\\\/index.php\\\/2021\\\/05\\\/14\\\/homero-novelo-ofrece-crear-el-instituto-municipal-del-trabajo-en-valladolid-yucatan\\\/\"},\"author\":{\"name\":\"Blanca\",\"@id\":\"https:\\\/\\\/redamlo.com\\\/#\\\/schema\\\/person\\\/7223a4375eb8f1a782fcae010a7115cf\"},\"headline\":\"Homero Novelo ofrece crear el Instituto Municipal del Trabajo en Valladolid, Yucat\u00e1n\",\"datePublished\":\"2021-05-14T19:04:57+00:00\",\"mainEntityOfPage\":{\"@id\":\"https:\\\/\\\/redamlo.com\\\/index.php\\\/2021\\\/05\\\/14\\\/homero-novelo-ofrece-crear-el-instituto-municipal-del-trabajo-en-valladolid-yucatan\\\/\"},\"wordCount\":209,\"publisher\":{\"@id\":\"https:\\\/\\\/redamlo.com\\\/#organization\"},\"image\":{\"@id\":\"https:\\\/\\\/redamlo.com\\\/index.php\\\/2021\\\/05\\\/14\\\/homero-novelo-ofrece-crear-el-instituto-municipal-del-trabajo-en-valladolid-yucatan\\\/#primaryimage\"},\"thumbnailUrl\":\"https:\\\/\\\/redamlo.com\\\/wp-content\\\/uploads\\\/2021\\\/05\\\/WhatsApp-Image-2021-05-12-at-21.14.00.jpeg\",\"keywords\":[\"Homero Novelo\",\"Morena\",\"Valladolid\"],\"articleSection\":[\"Uncategorized\"],\"inLanguage\":\"es\"},{\"@type\":\"WebPage\",\"@id\":\"https:\\\/\\\/redamlo.com\\\/index.php\\\/2021\\\/05\\\/14\\\/homero-novelo-ofrece-crear-el-instituto-municipal-del-trabajo-en-valladolid-yucatan\\\/\",\"url\":\"https:\\\/\\\/redamlo.com\\\/index.php\\\/2021\\\/05\\\/14\\\/homero-novelo-ofrece-crear-el-instituto-municipal-del-trabajo-en-valladolid-yucatan\\\/\",\"name\":\"Homero Novelo ofrece crear el Instituto Municipal del Trabajo en Valladolid, Yucat\u00e1n - NOTICIAS DE LA 4T\",\"isPartOf\":{\"@id\":\"https:\\\/\\\/redamlo.com\\\/#website\"},\"primaryImageOfPage\":{\"@id\":\"https:\\\/\\\/redamlo.com\\\/index.php\\\/2021\\\/05\\\/14\\\/homero-novelo-ofrece-crear-el-instituto-municipal-del-trabajo-en-valladolid-yucatan\\\/#primaryimage\"},\"image\":{\"@id\":\"https:\\\/\\\/redamlo.com\\\/index.php\\\/2021\\\/05\\\/14\\\/homero-novelo-ofrece-crear-el-instituto-municipal-del-trabajo-en-valladolid-yucatan\\\/#primaryimage\"},\"thumbnailUrl\":\"https:\\\/\\\/redamlo.com\\\/wp-content\\\/uploads\\\/2021\\\/05\\\/WhatsApp-Image-2021-05-12-at-21.14.00.jpeg\",\"datePublished\":\"2021-05-14T19:04:57+00:00\",\"breadcrumb\":{\"@id\":\"https:\\\/\\\/redamlo.com\\\/index.php\\\/2021\\\/05\\\/14\\\/homero-novelo-ofrece-crear-el-instituto-municipal-del-trabajo-en-valladolid-yucatan\\\/#breadcrumb\"},\"inLanguage\":\"es\",\"potentialAction\":[{\"@type\":\"ReadAction\",\"target\":[\"https:\\\/\\\/redamlo.com\\\/index.php\\\/2021\\\/05\\\/14\\\/homero-novelo-ofrece-crear-el-instituto-municipal-del-trabajo-en-valladolid-yucatan\\\/\"]}]},{\"@type\":\"ImageObject\",\"inLanguage\":\"es\",\"@id\":\"https:\\\/\\\/redamlo.com\\\/index.php\\\/2021\\\/05\\\/14\\\/homero-novelo-ofrece-crear-el-instituto-municipal-del-trabajo-en-valladolid-yucatan\\\/#primaryimage\",\"url\":\"https:\\\/\\\/redamlo.com\\\/wp-content\\\/uploads\\\/2021\\\/05\\\/WhatsApp-Image-2021-05-12-at-21.14.00.jpeg\",\"contentUrl\":\"https:\\\/\\\/redamlo.com\\\/wp-content\\\/uploads\\\/2021\\\/05\\\/WhatsApp-Image-2021-05-12-at-21.14.00.jpeg\",\"width\":1280,\"height\":853},{\"@type\":\"BreadcrumbList\",\"@id\":\"https:\\\/\\\/redamlo.com\\\/index.php\\\/2021\\\/05\\\/14\\\/homero-novelo-ofrece-crear-el-instituto-municipal-del-trabajo-en-valladolid-yucatan\\\/#breadcrumb\",\"itemListElement\":[{\"@type\":\"ListItem\",\"position\":1,\"name\":\"Inicio\",\"item\":\"https:\\\/\\\/redamlo.com\\\/\"},{\"@type\":\"ListItem\",\"position\":2,\"name\":\"Homero Novelo ofrece crear el Instituto Municipal del Trabajo en Valladolid, Yucat\u00e1n\"}]},{\"@type\":\"WebSite\",\"@id\":\"https:\\\/\\\/redamlo.com\\\/#website\",\"url\":\"https:\\\/\\\/redamlo.com\\\/\",\"name\":\"NOTICIAS DE LA 4T\",\"description\":\"\",\"publisher\":{\"@id\":\"https:\\\/\\\/redamlo.com\\\/#organization\"},\"potentialAction\":[{\"@type\":\"SearchAction\",\"target\":{\"@type\":\"EntryPoint\",\"urlTemplate\":\"https:\\\/\\\/redamlo.com\\\/?s={search_term_string}\"},\"query-input\":{\"@type\":\"PropertyValueSpecification\",\"valueRequired\":true,\"valueName\":\"search_term_string\"}}],\"inLanguage\":\"es\"},{\"@type\":\"Organization\",\"@id\":\"https:\\\/\\\/redamlo.com\\\/#organization\",\"name\":\"NOTICIAS DE LA 4T\",\"url\":\"https:\\\/\\\/redamlo.com\\\/\",\"logo\":{\"@type\":\"ImageObject\",\"inLanguage\":\"es\",\"@id\":\"https:\\\/\\\/redamlo.com\\\/#\\\/schema\\\/logo\\\/image\\\/\",\"url\":\"https:\\\/\\\/redamlo.com\\\/wp-content\\\/uploads\\\/2024\\\/08\\\/cropped-RED-AMLO-logo-50.png\",\"contentUrl\":\"https:\\\/\\\/redamlo.com\\\/wp-content\\\/uploads\\\/2024\\\/08\\\/cropped-RED-AMLO-logo-50.png\",\"width\":256,\"height\":256,\"caption\":\"NOTICIAS DE LA 4T\"},\"image\":{\"@id\":\"https:\\\/\\\/redamlo.com\\\/#\\\/schema\\\/logo\\\/image\\\/\"}},{\"@type\":\"Person\",\"@id\":\"https:\\\/\\\/redamlo.com\\\/#\\\/schema\\\/person\\\/7223a4375eb8f1a782fcae010a7115cf\",\"name\":\"Blanca\",\"image\":{\"@type\":\"ImageObject\",\"inLanguage\":\"es\",\"@id\":\"https:\\\/\\\/secure.gravatar.com\\\/avatar\\\/3f79bc8336367a4e6093eae8757acaaf61d1124834b905616de7829b0273426d?s=96&d=mm&r=g\",\"url\":\"https:\\\/\\\/secure.gravatar.com\\\/avatar\\\/3f79bc8336367a4e6093eae8757acaaf61d1124834b905616de7829b0273426d?s=96&d=mm&r=g\",\"contentUrl\":\"https:\\\/\\\/secure.gravatar.com\\\/avatar\\\/3f79bc8336367a4e6093eae8757acaaf61d1124834b905616de7829b0273426d?s=96&d=mm&r=g\",\"caption\":\"Blanca\"},\"url\":\"https:\\\/\\\/redamlo.com\\\/index.php\\\/author\\\/blanca\\\/\"}]}<\/script>\n<!-- \/ Yoast SEO plugin. -->","yoast_head_json":{"title":"Homero Novelo ofrece crear el Instituto Municipal del Trabajo en Valladolid, Yucat\u00e1n - NOTICIAS DE LA 4T","robots":{"index":"noindex","follow":"follow","max-snippet":"max-snippet:-1","max-image-preview":"max-image-preview:large","max-video-preview":"max-video-preview:-1"},"og_locale":"es_MX","og_type":"article","og_title":"Homero Novelo ofrece crear el Instituto Municipal del Trabajo en Valladolid, Yucat\u00e1n - NOTICIAS DE LA 4T","og_description":"Valladolid, Yucat\u00e1n a 12 de mayo de 2021.- Con el objetivo de ofrecer capacitaciones y...","og_url":"https:\/\/redamlo.com\/index.php\/2021\/05\/14\/homero-novelo-ofrece-crear-el-instituto-municipal-del-trabajo-en-valladolid-yucatan\/","og_site_name":"NOTICIAS DE LA 4T","article_published_time":"2021-05-14T19:04:57+00:00","og_image":[{"width":1280,"height":853,"url":"https:\/\/redamlo.com\/wp-content\/uploads\/2021\/05\/WhatsApp-Image-2021-05-12-at-21.14.00.jpeg","type":"image\/jpeg"}],"author":"Blanca","twitter_card":"summary_large_image","twitter_misc":{"Escrito por":"Blanca","Tiempo de lectura":"1 minuto"},"schema":{"@context":"https:\/\/schema.org","@graph":[{"@type":"Article","@id":"https:\/\/redamlo.com\/index.php\/2021\/05\/14\/homero-novelo-ofrece-crear-el-instituto-municipal-del-trabajo-en-valladolid-yucatan\/#article","isPartOf":{"@id":"https:\/\/redamlo.com\/index.php\/2021\/05\/14\/homero-novelo-ofrece-crear-el-instituto-municipal-del-trabajo-en-valladolid-yucatan\/"},"author":{"name":"Blanca","@id":"https:\/\/redamlo.com\/#\/schema\/person\/7223a4375eb8f1a782fcae010a7115cf"},"headline":"Homero Novelo ofrece crear el Instituto Municipal del Trabajo en Valladolid, Yucat\u00e1n","datePublished":"2021-05-14T19:04:57+00:00","mainEntityOfPage":{"@id":"https:\/\/redamlo.com\/index.php\/2021\/05\/14\/homero-novelo-ofrece-crear-el-instituto-municipal-del-trabajo-en-valladolid-yucatan\/"},"wordCount":209,"publisher":{"@id":"https:\/\/redamlo.com\/#organization"},"image":{"@id":"https:\/\/redamlo.com\/index.php\/2021\/05\/14\/homero-novelo-ofrece-crear-el-instituto-municipal-del-trabajo-en-valladolid-yucatan\/#primaryimage"},"thumbnailUrl":"https:\/\/redamlo.com\/wp-content\/uploads\/2021\/05\/WhatsApp-Image-2021-05-12-at-21.14.00.jpeg","keywords":["Homero Novelo","Morena","Valladolid"],"articleSection":["Uncategorized"],"inLanguage":"es"},{"@type":"WebPage","@id":"https:\/\/redamlo.com\/index.php\/2021\/05\/14\/homero-novelo-ofrece-crear-el-instituto-municipal-del-trabajo-en-valladolid-yucatan\/","url":"https:\/\/redamlo.com\/index.php\/2021\/05\/14\/homero-novelo-ofrece-crear-el-instituto-municipal-del-trabajo-en-valladolid-yucatan\/","name":"Homero Novelo ofrece crear el Instituto Municipal del Trabajo en Valladolid, Yucat\u00e1n - NOTICIAS DE LA 4T","isPartOf":{"@id":"https:\/\/redamlo.com\/#website"},"primaryImageOfPage":{"@id":"https:\/\/redamlo.com\/index.php\/2021\/05\/14\/homero-novelo-ofrece-crear-el-instituto-municipal-del-trabajo-en-valladolid-yucatan\/#primaryimage"},"image":{"@id":"https:\/\/redamlo.com\/index.php\/2021\/05\/14\/homero-novelo-ofrece-crear-el-instituto-municipal-del-trabajo-en-valladolid-yucatan\/#primaryimage"},"thumbnailUrl":"https:\/\/redamlo.com\/wp-content\/uploads\/2021\/05\/WhatsApp-Image-2021-05-12-at-21.14.00.jpeg","datePublished":"2021-05-14T19:04:57+00:00","breadcrumb":{"@id":"https:\/\/redamlo.com\/index.php\/2021\/05\/14\/homero-novelo-ofrece-crear-el-instituto-municipal-del-trabajo-en-valladolid-yucatan\/#breadcrumb"},"inLanguage":"es","potentialAction":[{"@type":"ReadAction","target":["https:\/\/redamlo.com\/index.php\/2021\/05\/14\/homero-novelo-ofrece-crear-el-instituto-municipal-del-trabajo-en-valladolid-yucatan\/"]}]},{"@type":"ImageObject","inLanguage":"es","@id":"https:\/\/redamlo.com\/index.php\/2021\/05\/14\/homero-novelo-ofrece-crear-el-instituto-municipal-del-trabajo-en-valladolid-yucatan\/#primaryimage","url":"https:\/\/redamlo.com\/wp-content\/uploads\/2021\/05\/WhatsApp-Image-2021-05-12-at-21.14.00.jpeg","contentUrl":"https:\/\/redamlo.com\/wp-content\/uploads\/2021\/05\/WhatsApp-Image-2021-05-12-at-21.14.00.jpeg","width":1280,"height":853},{"@type":"BreadcrumbList","@id":"https:\/\/redamlo.com\/index.php\/2021\/05\/14\/homero-novelo-ofrece-crear-el-instituto-municipal-del-trabajo-en-valladolid-yucatan\/#breadcrumb","itemListElement":[{"@type":"ListItem","position":1,"name":"Inicio","item":"https:\/\/redamlo.com\/"},{"@type":"ListItem","position":2,"name":"Homero Novelo ofrece crear el Instituto Municipal del Trabajo en Valladolid, Yucat\u00e1n"}]},{"@type":"WebSite","@id":"https:\/\/redamlo.com\/#website","url":"https:\/\/redamlo.com\/","name":"NOTICIAS DE LA 4T","description":"","publisher":{"@id":"https:\/\/redamlo.com\/#organization"},"potentialAction":[{"@type":"SearchAction","target":{"@type":"EntryPoint","urlTemplate":"https:\/\/redamlo.com\/?s={search_term_string}"},"query-input":{"@type":"PropertyValueSpecification","valueRequired":true,"valueName":"search_term_string"}}],"inLanguage":"es"},{"@type":"Organization","@id":"https:\/\/redamlo.com\/#organization","name":"NOTICIAS DE LA 4T","url":"https:\/\/redamlo.com\/","logo":{"@type":"ImageObject","inLanguage":"es","@id":"https:\/\/redamlo.com\/#\/schema\/logo\/image\/","url":"https:\/\/redamlo.com\/wp-content\/uploads\/2024\/08\/cropped-RED-AMLO-logo-50.png","contentUrl":"https:\/\/redamlo.com\/wp-content\/uploads\/2024\/08\/cropped-RED-AMLO-logo-50.png","width":256,"height":256,"caption":"NOTICIAS DE LA 4T"},"image":{"@id":"https:\/\/redamlo.com\/#\/schema\/logo\/image\/"}},{"@type":"Person","@id":"https:\/\/redamlo.com\/#\/schema\/person\/7223a4375eb8f1a782fcae010a7115cf","name":"Blanca","image":{"@type":"ImageObject","inLanguage":"es","@id":"https:\/\/secure.gravatar.com\/avatar\/3f79bc8336367a4e6093eae8757acaaf61d1124834b905616de7829b0273426d?s=96&d=mm&r=g","url":"https:\/\/secure.gravatar.com\/avatar\/3f79bc8336367a4e6093eae8757acaaf61d1124834b905616de7829b0273426d?s=96&d=mm&r=g","contentUrl":"https:\/\/secure.gravatar.com\/avatar\/3f79bc8336367a4e6093eae8757acaaf61d1124834b905616de7829b0273426d?s=96&d=mm&r=g","caption":"Blanca"},"url":"https:\/\/redamlo.com\/index.php\/author\/blanca\/"}]}},"_links":{"self":[{"href":"https:\/\/redamlo.com\/index.php\/wp-json\/wp\/v2\/posts\/4305","targetHints":{"allow":["GET"]}}],"collection":[{"href":"https:\/\/redamlo.com\/index.php\/wp-json\/wp\/v2\/posts"}],"about":[{"href":"https:\/\/redamlo.com\/index.php\/wp-json\/wp\/v2\/types\/post"}],"author":[{"embeddable":true,"href":"https:\/\/redamlo.com\/index.php\/wp-json\/wp\/v2\/users\/2"}],"replies":[{"embeddable":true,"href":"https:\/\/redamlo.com\/index.php\/wp-json\/wp\/v2\/comments?post=4305"}],"version-history":[{"count":0,"href":"https:\/\/redamlo.com\/index.php\/wp-json\/wp\/v2\/posts\/4305\/revisions"}],"wp:featuredmedia":[{"embeddable":true,"href":"https:\/\/redamlo.com\/index.php\/wp-json\/wp\/v2\/media\/4307"}],"wp:attachment":[{"href":"https:\/\/redamlo.com\/index.php\/wp-json\/wp\/v2\/media?parent=4305"}],"wp:term":[{"taxonomy":"category","embeddable":true,"href":"https:\/\/redamlo.com\/index.php\/wp-json\/wp\/v2\/categories?post=4305"},{"taxonomy":"post_tag","embeddable":true,"href":"https:\/\/redamlo.com\/index.php\/wp-json\/wp\/v2\/tags?post=4305"}],"curies":[{"name":"wp","href":"https:\/\/api.w.org\/{rel}","templated":true}]}}