{"id":4286,"date":"2021-05-12T13:53:46","date_gmt":"2021-05-12T18:53:46","guid":{"rendered":"https:\/\/redamlo.com\/?p=4286"},"modified":"2021-05-12T13:53:46","modified_gmt":"2021-05-12T18:53:46","slug":"los-jovenes-no-venden-su-voto-ellos-decidiran-la-eleccion-del-06-de-junio-en-respaldo-de-morena-y-la-cuarta-transformacion-laura-beristain","status":"publish","type":"post","link":"https:\/\/redamlo.com\/index.php\/2021\/05\/12\/los-jovenes-no-venden-su-voto-ellos-decidiran-la-eleccion-del-06-de-junio-en-respaldo-de-morena-y-la-cuarta-transformacion-laura-beristain\/","title":{"rendered":"Los j\u00f3venes no venden su voto, ellos decidir\u00e1n la elecci\u00f3n del 06 de junio en respaldo de MORENA y la cuarta transformaci\u00f3n: Laura Beristain"},"content":{"rendered":"<p>Solidaridad, Quintana Roo, a 11 de mayo de 2021. La tarde de esta martes, Laura Beristain, candidata de Morena, PT, Partido Verde y MAS, a la presidencia municipal de Solidaridad, se\u00f1al\u00f3 que los j\u00f3venes no son el futuro de nadie, son el presente de todo. \u201cNuestra filosof\u00eda en Morena es que los j\u00f3venes sean felices\u201d.<\/p>\n<p>Nuestra juventud es pieza clave de la Cuarta Transformaci\u00f3n y por eso est\u00e1 al centro de todas nuestras pol\u00edticas p\u00fablicas, se\u00f1al\u00f3 la morenista.<\/p>\n<p><strong>Los j\u00f3venes playenses son entusiasmo, pero tambi\u00e9n capacidad y energ\u00eda. Representan la responsabilidad, \u00edmpetu, pasi\u00f3n y amor a Solidaridad. Jam\u00e1s regresar\u00e1n al olvido, sentenci\u00f3, Laura Beristain.<\/strong><\/p>\n<p>Hay que recordar que antes, no hace tanto tiempo, a los j\u00f3venes, los del PRI y PAN les daban la espalda, les discriminaban; despectivamente les llamaban \u201cninis\u201d.<\/p>\n<p>Con Morena las cosas se transformaron, ahora tienen garantizado el derecho a la educaci\u00f3n y al trabajo; hoy son estudiantes con diversos apoyos o aprendices contratados para capacitarse y salir adelante. Ya no est\u00e1n solos, con los j\u00f3venes estamos perfilando el futuro.<\/p>\n<p>A lo largo de sus recorridos como candidata, los j\u00f3venes le han planteado a Laura Beristain, que se incorpore a la planeaci\u00f3n del pr\u00f3ximo gobierno municipal, el Presupuesto Participativo para que sean los propios vecinos quienes dispongan de una parte de presupuesto, para proyectos espec\u00edficos en las colonias.<\/p>\n<p>Otros j\u00f3venes le han solicitado apoyos para iniciar proyectos productivos de ecoturismo. Tambi\u00e9n requirieron recursos materiales para diversificar actividades y deportes extremos.<\/p>\n<p>Los j\u00f3venes est\u00e1n comprometidos en apoyar nuevamente el proyecto de Morena en Solidaridad y tambi\u00e9n invitar a sus amigos y familiares a consolidar con votos la Cuarta Transformaci\u00f3n.<\/p>\n","protected":false},"excerpt":{"rendered":"<p>Solidaridad, Quintana Roo, a 11 de mayo de 2021. La tarde de esta martes, Laura&#8230;<\/p>\n","protected":false},"author":2,"featured_media":4288,"comment_status":"open","ping_status":"closed","sticky":false,"template":"","format":"standard","meta":{"footnotes":""},"categories":[6],"tags":[470,24],"class_list":["post-4286","post","type-post","status-publish","format-standard","has-post-thumbnail","hentry","category-estados","tag-jovenes","tag-morena"],"yoast_head":"<!-- This site is optimized with the Yoast SEO plugin v27.5 - https:\/\/yoast.com\/product\/yoast-seo-wordpress\/ -->\n<title>Los j\u00f3venes no venden su voto, ellos decidir\u00e1n la elecci\u00f3n del 06 de junio en respaldo de MORENA y la cuarta transformaci\u00f3n: Laura Beristain - NOTICIAS DE LA 4T<\/title>\n<meta name=\"robots\" content=\"noindex, follow, max-snippet:-1, max-image-preview:large, max-video-preview:-1\" \/>\n<meta property=\"og:locale\" content=\"es_MX\" \/>\n<meta property=\"og:type\" content=\"article\" \/>\n<meta property=\"og:title\" content=\"Los j\u00f3venes no venden su voto, ellos decidir\u00e1n la elecci\u00f3n del 06 de junio en respaldo de MORENA y la cuarta transformaci\u00f3n: Laura Beristain - NOTICIAS DE LA 4T\" \/>\n<meta property=\"og:description\" content=\"Solidaridad, Quintana Roo, a 11 de mayo de 2021. La tarde de esta martes, Laura...\" \/>\n<meta property=\"og:url\" content=\"https:\/\/redamlo.com\/index.php\/2021\/05\/12\/los-jovenes-no-venden-su-voto-ellos-decidiran-la-eleccion-del-06-de-junio-en-respaldo-de-morena-y-la-cuarta-transformacion-laura-beristain\/\" \/>\n<meta property=\"og:site_name\" content=\"NOTICIAS DE LA 4T\" \/>\n<meta property=\"article:published_time\" content=\"2021-05-12T18:53:46+00:00\" \/>\n<meta property=\"og:image\" content=\"https:\/\/redamlo.com\/wp-content\/uploads\/2021\/05\/LAURA-BERISTAIN-CON-LOS-JOVENES.jpg\" \/>\n\t<meta property=\"og:image:width\" content=\"1080\" \/>\n\t<meta property=\"og:image:height\" content=\"881\" \/>\n\t<meta property=\"og:image:type\" content=\"image\/jpeg\" \/>\n<meta name=\"author\" content=\"Blanca\" \/>\n<meta name=\"twitter:card\" content=\"summary_large_image\" \/>\n<meta name=\"twitter:label1\" content=\"Escrito por\" \/>\n\t<meta name=\"twitter:data1\" content=\"Blanca\" \/>\n\t<meta name=\"twitter:label2\" content=\"Tiempo de lectura\" \/>\n\t<meta name=\"twitter:data2\" content=\"1 minuto\" \/>\n<script type=\"application\/ld+json\" class=\"yoast-schema-graph\">{\"@context\":\"https:\\\/\\\/schema.org\",\"@graph\":[{\"@type\":\"Article\",\"@id\":\"https:\\\/\\\/redamlo.com\\\/index.php\\\/2021\\\/05\\\/12\\\/los-jovenes-no-venden-su-voto-ellos-decidiran-la-eleccion-del-06-de-junio-en-respaldo-de-morena-y-la-cuarta-transformacion-laura-beristain\\\/#article\",\"isPartOf\":{\"@id\":\"https:\\\/\\\/redamlo.com\\\/index.php\\\/2021\\\/05\\\/12\\\/los-jovenes-no-venden-su-voto-ellos-decidiran-la-eleccion-del-06-de-junio-en-respaldo-de-morena-y-la-cuarta-transformacion-laura-beristain\\\/\"},\"author\":{\"name\":\"Blanca\",\"@id\":\"https:\\\/\\\/redamlo.com\\\/#\\\/schema\\\/person\\\/7223a4375eb8f1a782fcae010a7115cf\"},\"headline\":\"Los j\u00f3venes no venden su voto, ellos decidir\u00e1n la elecci\u00f3n del 06 de junio en respaldo de MORENA y la cuarta transformaci\u00f3n: Laura Beristain\",\"datePublished\":\"2021-05-12T18:53:46+00:00\",\"mainEntityOfPage\":{\"@id\":\"https:\\\/\\\/redamlo.com\\\/index.php\\\/2021\\\/05\\\/12\\\/los-jovenes-no-venden-su-voto-ellos-decidiran-la-eleccion-del-06-de-junio-en-respaldo-de-morena-y-la-cuarta-transformacion-laura-beristain\\\/\"},\"wordCount\":324,\"commentCount\":0,\"publisher\":{\"@id\":\"https:\\\/\\\/redamlo.com\\\/#organization\"},\"image\":{\"@id\":\"https:\\\/\\\/redamlo.com\\\/index.php\\\/2021\\\/05\\\/12\\\/los-jovenes-no-venden-su-voto-ellos-decidiran-la-eleccion-del-06-de-junio-en-respaldo-de-morena-y-la-cuarta-transformacion-laura-beristain\\\/#primaryimage\"},\"thumbnailUrl\":\"https:\\\/\\\/redamlo.com\\\/wp-content\\\/uploads\\\/2021\\\/05\\\/LAURA-BERISTAIN-CON-LOS-JOVENES.jpg\",\"keywords\":[\"j\u00f3venes\",\"Morena\"],\"articleSection\":[\"Estados\"],\"inLanguage\":\"es\",\"potentialAction\":[{\"@type\":\"CommentAction\",\"name\":\"Comment\",\"target\":[\"https:\\\/\\\/redamlo.com\\\/index.php\\\/2021\\\/05\\\/12\\\/los-jovenes-no-venden-su-voto-ellos-decidiran-la-eleccion-del-06-de-junio-en-respaldo-de-morena-y-la-cuarta-transformacion-laura-beristain\\\/#respond\"]}]},{\"@type\":\"WebPage\",\"@id\":\"https:\\\/\\\/redamlo.com\\\/index.php\\\/2021\\\/05\\\/12\\\/los-jovenes-no-venden-su-voto-ellos-decidiran-la-eleccion-del-06-de-junio-en-respaldo-de-morena-y-la-cuarta-transformacion-laura-beristain\\\/\",\"url\":\"https:\\\/\\\/redamlo.com\\\/index.php\\\/2021\\\/05\\\/12\\\/los-jovenes-no-venden-su-voto-ellos-decidiran-la-eleccion-del-06-de-junio-en-respaldo-de-morena-y-la-cuarta-transformacion-laura-beristain\\\/\",\"name\":\"Los j\u00f3venes no venden su voto, ellos decidir\u00e1n la elecci\u00f3n del 06 de junio en respaldo de MORENA y la cuarta transformaci\u00f3n: Laura Beristain - NOTICIAS DE LA 4T\",\"isPartOf\":{\"@id\":\"https:\\\/\\\/redamlo.com\\\/#website\"},\"primaryImageOfPage\":{\"@id\":\"https:\\\/\\\/redamlo.com\\\/index.php\\\/2021\\\/05\\\/12\\\/los-jovenes-no-venden-su-voto-ellos-decidiran-la-eleccion-del-06-de-junio-en-respaldo-de-morena-y-la-cuarta-transformacion-laura-beristain\\\/#primaryimage\"},\"image\":{\"@id\":\"https:\\\/\\\/redamlo.com\\\/index.php\\\/2021\\\/05\\\/12\\\/los-jovenes-no-venden-su-voto-ellos-decidiran-la-eleccion-del-06-de-junio-en-respaldo-de-morena-y-la-cuarta-transformacion-laura-beristain\\\/#primaryimage\"},\"thumbnailUrl\":\"https:\\\/\\\/redamlo.com\\\/wp-content\\\/uploads\\\/2021\\\/05\\\/LAURA-BERISTAIN-CON-LOS-JOVENES.jpg\",\"datePublished\":\"2021-05-12T18:53:46+00:00\",\"breadcrumb\":{\"@id\":\"https:\\\/\\\/redamlo.com\\\/index.php\\\/2021\\\/05\\\/12\\\/los-jovenes-no-venden-su-voto-ellos-decidiran-la-eleccion-del-06-de-junio-en-respaldo-de-morena-y-la-cuarta-transformacion-laura-beristain\\\/#breadcrumb\"},\"inLanguage\":\"es\",\"potentialAction\":[{\"@type\":\"ReadAction\",\"target\":[\"https:\\\/\\\/redamlo.com\\\/index.php\\\/2021\\\/05\\\/12\\\/los-jovenes-no-venden-su-voto-ellos-decidiran-la-eleccion-del-06-de-junio-en-respaldo-de-morena-y-la-cuarta-transformacion-laura-beristain\\\/\"]}]},{\"@type\":\"ImageObject\",\"inLanguage\":\"es\",\"@id\":\"https:\\\/\\\/redamlo.com\\\/index.php\\\/2021\\\/05\\\/12\\\/los-jovenes-no-venden-su-voto-ellos-decidiran-la-eleccion-del-06-de-junio-en-respaldo-de-morena-y-la-cuarta-transformacion-laura-beristain\\\/#primaryimage\",\"url\":\"https:\\\/\\\/redamlo.com\\\/wp-content\\\/uploads\\\/2021\\\/05\\\/LAURA-BERISTAIN-CON-LOS-JOVENES.jpg\",\"contentUrl\":\"https:\\\/\\\/redamlo.com\\\/wp-content\\\/uploads\\\/2021\\\/05\\\/LAURA-BERISTAIN-CON-LOS-JOVENES.jpg\",\"width\":1080,\"height\":881},{\"@type\":\"BreadcrumbList\",\"@id\":\"https:\\\/\\\/redamlo.com\\\/index.php\\\/2021\\\/05\\\/12\\\/los-jovenes-no-venden-su-voto-ellos-decidiran-la-eleccion-del-06-de-junio-en-respaldo-de-morena-y-la-cuarta-transformacion-laura-beristain\\\/#breadcrumb\",\"itemListElement\":[{\"@type\":\"ListItem\",\"position\":1,\"name\":\"Inicio\",\"item\":\"https:\\\/\\\/redamlo.com\\\/\"},{\"@type\":\"ListItem\",\"position\":2,\"name\":\"Los j\u00f3venes no venden su voto, ellos decidir\u00e1n la elecci\u00f3n del 06 de junio en respaldo de MORENA y la cuarta transformaci\u00f3n: Laura Beristain\"}]},{\"@type\":\"WebSite\",\"@id\":\"https:\\\/\\\/redamlo.com\\\/#website\",\"url\":\"https:\\\/\\\/redamlo.com\\\/\",\"name\":\"NOTICIAS DE LA 4T\",\"description\":\"\",\"publisher\":{\"@id\":\"https:\\\/\\\/redamlo.com\\\/#organization\"},\"potentialAction\":[{\"@type\":\"SearchAction\",\"target\":{\"@type\":\"EntryPoint\",\"urlTemplate\":\"https:\\\/\\\/redamlo.com\\\/?s={search_term_string}\"},\"query-input\":{\"@type\":\"PropertyValueSpecification\",\"valueRequired\":true,\"valueName\":\"search_term_string\"}}],\"inLanguage\":\"es\"},{\"@type\":\"Organization\",\"@id\":\"https:\\\/\\\/redamlo.com\\\/#organization\",\"name\":\"NOTICIAS DE LA 4T\",\"url\":\"https:\\\/\\\/redamlo.com\\\/\",\"logo\":{\"@type\":\"ImageObject\",\"inLanguage\":\"es\",\"@id\":\"https:\\\/\\\/redamlo.com\\\/#\\\/schema\\\/logo\\\/image\\\/\",\"url\":\"https:\\\/\\\/redamlo.com\\\/wp-content\\\/uploads\\\/2024\\\/08\\\/cropped-RED-AMLO-logo-50.png\",\"contentUrl\":\"https:\\\/\\\/redamlo.com\\\/wp-content\\\/uploads\\\/2024\\\/08\\\/cropped-RED-AMLO-logo-50.png\",\"width\":256,\"height\":256,\"caption\":\"NOTICIAS DE LA 4T\"},\"image\":{\"@id\":\"https:\\\/\\\/redamlo.com\\\/#\\\/schema\\\/logo\\\/image\\\/\"}},{\"@type\":\"Person\",\"@id\":\"https:\\\/\\\/redamlo.com\\\/#\\\/schema\\\/person\\\/7223a4375eb8f1a782fcae010a7115cf\",\"name\":\"Blanca\",\"image\":{\"@type\":\"ImageObject\",\"inLanguage\":\"es\",\"@id\":\"https:\\\/\\\/secure.gravatar.com\\\/avatar\\\/3f79bc8336367a4e6093eae8757acaaf61d1124834b905616de7829b0273426d?s=96&d=mm&r=g\",\"url\":\"https:\\\/\\\/secure.gravatar.com\\\/avatar\\\/3f79bc8336367a4e6093eae8757acaaf61d1124834b905616de7829b0273426d?s=96&d=mm&r=g\",\"contentUrl\":\"https:\\\/\\\/secure.gravatar.com\\\/avatar\\\/3f79bc8336367a4e6093eae8757acaaf61d1124834b905616de7829b0273426d?s=96&d=mm&r=g\",\"caption\":\"Blanca\"},\"url\":\"https:\\\/\\\/redamlo.com\\\/index.php\\\/author\\\/blanca\\\/\"}]}<\/script>\n<!-- \/ Yoast SEO plugin. -->","yoast_head_json":{"title":"Los j\u00f3venes no venden su voto, ellos decidir\u00e1n la elecci\u00f3n del 06 de junio en respaldo de MORENA y la cuarta transformaci\u00f3n: Laura Beristain - NOTICIAS DE LA 4T","robots":{"index":"noindex","follow":"follow","max-snippet":"max-snippet:-1","max-image-preview":"max-image-preview:large","max-video-preview":"max-video-preview:-1"},"og_locale":"es_MX","og_type":"article","og_title":"Los j\u00f3venes no venden su voto, ellos decidir\u00e1n la elecci\u00f3n del 06 de junio en respaldo de MORENA y la cuarta transformaci\u00f3n: Laura Beristain - NOTICIAS DE LA 4T","og_description":"Solidaridad, Quintana Roo, a 11 de mayo de 2021. La tarde de esta martes, Laura...","og_url":"https:\/\/redamlo.com\/index.php\/2021\/05\/12\/los-jovenes-no-venden-su-voto-ellos-decidiran-la-eleccion-del-06-de-junio-en-respaldo-de-morena-y-la-cuarta-transformacion-laura-beristain\/","og_site_name":"NOTICIAS DE LA 4T","article_published_time":"2021-05-12T18:53:46+00:00","og_image":[{"width":1080,"height":881,"url":"https:\/\/redamlo.com\/wp-content\/uploads\/2021\/05\/LAURA-BERISTAIN-CON-LOS-JOVENES.jpg","type":"image\/jpeg"}],"author":"Blanca","twitter_card":"summary_large_image","twitter_misc":{"Escrito por":"Blanca","Tiempo de lectura":"1 minuto"},"schema":{"@context":"https:\/\/schema.org","@graph":[{"@type":"Article","@id":"https:\/\/redamlo.com\/index.php\/2021\/05\/12\/los-jovenes-no-venden-su-voto-ellos-decidiran-la-eleccion-del-06-de-junio-en-respaldo-de-morena-y-la-cuarta-transformacion-laura-beristain\/#article","isPartOf":{"@id":"https:\/\/redamlo.com\/index.php\/2021\/05\/12\/los-jovenes-no-venden-su-voto-ellos-decidiran-la-eleccion-del-06-de-junio-en-respaldo-de-morena-y-la-cuarta-transformacion-laura-beristain\/"},"author":{"name":"Blanca","@id":"https:\/\/redamlo.com\/#\/schema\/person\/7223a4375eb8f1a782fcae010a7115cf"},"headline":"Los j\u00f3venes no venden su voto, ellos decidir\u00e1n la elecci\u00f3n del 06 de junio en respaldo de MORENA y la cuarta transformaci\u00f3n: Laura Beristain","datePublished":"2021-05-12T18:53:46+00:00","mainEntityOfPage":{"@id":"https:\/\/redamlo.com\/index.php\/2021\/05\/12\/los-jovenes-no-venden-su-voto-ellos-decidiran-la-eleccion-del-06-de-junio-en-respaldo-de-morena-y-la-cuarta-transformacion-laura-beristain\/"},"wordCount":324,"commentCount":0,"publisher":{"@id":"https:\/\/redamlo.com\/#organization"},"image":{"@id":"https:\/\/redamlo.com\/index.php\/2021\/05\/12\/los-jovenes-no-venden-su-voto-ellos-decidiran-la-eleccion-del-06-de-junio-en-respaldo-de-morena-y-la-cuarta-transformacion-laura-beristain\/#primaryimage"},"thumbnailUrl":"https:\/\/redamlo.com\/wp-content\/uploads\/2021\/05\/LAURA-BERISTAIN-CON-LOS-JOVENES.jpg","keywords":["j\u00f3venes","Morena"],"articleSection":["Estados"],"inLanguage":"es","potentialAction":[{"@type":"CommentAction","name":"Comment","target":["https:\/\/redamlo.com\/index.php\/2021\/05\/12\/los-jovenes-no-venden-su-voto-ellos-decidiran-la-eleccion-del-06-de-junio-en-respaldo-de-morena-y-la-cuarta-transformacion-laura-beristain\/#respond"]}]},{"@type":"WebPage","@id":"https:\/\/redamlo.com\/index.php\/2021\/05\/12\/los-jovenes-no-venden-su-voto-ellos-decidiran-la-eleccion-del-06-de-junio-en-respaldo-de-morena-y-la-cuarta-transformacion-laura-beristain\/","url":"https:\/\/redamlo.com\/index.php\/2021\/05\/12\/los-jovenes-no-venden-su-voto-ellos-decidiran-la-eleccion-del-06-de-junio-en-respaldo-de-morena-y-la-cuarta-transformacion-laura-beristain\/","name":"Los j\u00f3venes no venden su voto, ellos decidir\u00e1n la elecci\u00f3n del 06 de junio en respaldo de MORENA y la cuarta transformaci\u00f3n: Laura Beristain - NOTICIAS DE LA 4T","isPartOf":{"@id":"https:\/\/redamlo.com\/#website"},"primaryImageOfPage":{"@id":"https:\/\/redamlo.com\/index.php\/2021\/05\/12\/los-jovenes-no-venden-su-voto-ellos-decidiran-la-eleccion-del-06-de-junio-en-respaldo-de-morena-y-la-cuarta-transformacion-laura-beristain\/#primaryimage"},"image":{"@id":"https:\/\/redamlo.com\/index.php\/2021\/05\/12\/los-jovenes-no-venden-su-voto-ellos-decidiran-la-eleccion-del-06-de-junio-en-respaldo-de-morena-y-la-cuarta-transformacion-laura-beristain\/#primaryimage"},"thumbnailUrl":"https:\/\/redamlo.com\/wp-content\/uploads\/2021\/05\/LAURA-BERISTAIN-CON-LOS-JOVENES.jpg","datePublished":"2021-05-12T18:53:46+00:00","breadcrumb":{"@id":"https:\/\/redamlo.com\/index.php\/2021\/05\/12\/los-jovenes-no-venden-su-voto-ellos-decidiran-la-eleccion-del-06-de-junio-en-respaldo-de-morena-y-la-cuarta-transformacion-laura-beristain\/#breadcrumb"},"inLanguage":"es","potentialAction":[{"@type":"ReadAction","target":["https:\/\/redamlo.com\/index.php\/2021\/05\/12\/los-jovenes-no-venden-su-voto-ellos-decidiran-la-eleccion-del-06-de-junio-en-respaldo-de-morena-y-la-cuarta-transformacion-laura-beristain\/"]}]},{"@type":"ImageObject","inLanguage":"es","@id":"https:\/\/redamlo.com\/index.php\/2021\/05\/12\/los-jovenes-no-venden-su-voto-ellos-decidiran-la-eleccion-del-06-de-junio-en-respaldo-de-morena-y-la-cuarta-transformacion-laura-beristain\/#primaryimage","url":"https:\/\/redamlo.com\/wp-content\/uploads\/2021\/05\/LAURA-BERISTAIN-CON-LOS-JOVENES.jpg","contentUrl":"https:\/\/redamlo.com\/wp-content\/uploads\/2021\/05\/LAURA-BERISTAIN-CON-LOS-JOVENES.jpg","width":1080,"height":881},{"@type":"BreadcrumbList","@id":"https:\/\/redamlo.com\/index.php\/2021\/05\/12\/los-jovenes-no-venden-su-voto-ellos-decidiran-la-eleccion-del-06-de-junio-en-respaldo-de-morena-y-la-cuarta-transformacion-laura-beristain\/#breadcrumb","itemListElement":[{"@type":"ListItem","position":1,"name":"Inicio","item":"https:\/\/redamlo.com\/"},{"@type":"ListItem","position":2,"name":"Los j\u00f3venes no venden su voto, ellos decidir\u00e1n la elecci\u00f3n del 06 de junio en respaldo de MORENA y la cuarta transformaci\u00f3n: Laura Beristain"}]},{"@type":"WebSite","@id":"https:\/\/redamlo.com\/#website","url":"https:\/\/redamlo.com\/","name":"NOTICIAS DE LA 4T","description":"","publisher":{"@id":"https:\/\/redamlo.com\/#organization"},"potentialAction":[{"@type":"SearchAction","target":{"@type":"EntryPoint","urlTemplate":"https:\/\/redamlo.com\/?s={search_term_string}"},"query-input":{"@type":"PropertyValueSpecification","valueRequired":true,"valueName":"search_term_string"}}],"inLanguage":"es"},{"@type":"Organization","@id":"https:\/\/redamlo.com\/#organization","name":"NOTICIAS DE LA 4T","url":"https:\/\/redamlo.com\/","logo":{"@type":"ImageObject","inLanguage":"es","@id":"https:\/\/redamlo.com\/#\/schema\/logo\/image\/","url":"https:\/\/redamlo.com\/wp-content\/uploads\/2024\/08\/cropped-RED-AMLO-logo-50.png","contentUrl":"https:\/\/redamlo.com\/wp-content\/uploads\/2024\/08\/cropped-RED-AMLO-logo-50.png","width":256,"height":256,"caption":"NOTICIAS DE LA 4T"},"image":{"@id":"https:\/\/redamlo.com\/#\/schema\/logo\/image\/"}},{"@type":"Person","@id":"https:\/\/redamlo.com\/#\/schema\/person\/7223a4375eb8f1a782fcae010a7115cf","name":"Blanca","image":{"@type":"ImageObject","inLanguage":"es","@id":"https:\/\/secure.gravatar.com\/avatar\/3f79bc8336367a4e6093eae8757acaaf61d1124834b905616de7829b0273426d?s=96&d=mm&r=g","url":"https:\/\/secure.gravatar.com\/avatar\/3f79bc8336367a4e6093eae8757acaaf61d1124834b905616de7829b0273426d?s=96&d=mm&r=g","contentUrl":"https:\/\/secure.gravatar.com\/avatar\/3f79bc8336367a4e6093eae8757acaaf61d1124834b905616de7829b0273426d?s=96&d=mm&r=g","caption":"Blanca"},"url":"https:\/\/redamlo.com\/index.php\/author\/blanca\/"}]}},"_links":{"self":[{"href":"https:\/\/redamlo.com\/index.php\/wp-json\/wp\/v2\/posts\/4286","targetHints":{"allow":["GET"]}}],"collection":[{"href":"https:\/\/redamlo.com\/index.php\/wp-json\/wp\/v2\/posts"}],"about":[{"href":"https:\/\/redamlo.com\/index.php\/wp-json\/wp\/v2\/types\/post"}],"author":[{"embeddable":true,"href":"https:\/\/redamlo.com\/index.php\/wp-json\/wp\/v2\/users\/2"}],"replies":[{"embeddable":true,"href":"https:\/\/redamlo.com\/index.php\/wp-json\/wp\/v2\/comments?post=4286"}],"version-history":[{"count":0,"href":"https:\/\/redamlo.com\/index.php\/wp-json\/wp\/v2\/posts\/4286\/revisions"}],"wp:featuredmedia":[{"embeddable":true,"href":"https:\/\/redamlo.com\/index.php\/wp-json\/wp\/v2\/media\/4288"}],"wp:attachment":[{"href":"https:\/\/redamlo.com\/index.php\/wp-json\/wp\/v2\/media?parent=4286"}],"wp:term":[{"taxonomy":"category","embeddable":true,"href":"https:\/\/redamlo.com\/index.php\/wp-json\/wp\/v2\/categories?post=4286"},{"taxonomy":"post_tag","embeddable":true,"href":"https:\/\/redamlo.com\/index.php\/wp-json\/wp\/v2\/tags?post=4286"}],"curies":[{"name":"wp","href":"https:\/\/api.w.org\/{rel}","templated":true}]}}