{"id":426,"date":"2019-09-19T08:53:07","date_gmt":"2019-09-19T13:53:07","guid":{"rendered":"http:\/\/redamlo.com\/?p=426"},"modified":"2019-09-19T08:53:07","modified_gmt":"2019-09-19T13:53:07","slug":"19-cdmx","status":"publish","type":"post","link":"https:\/\/redamlo.com\/index.php\/2019\/09\/19\/19-cdmx\/","title":{"rendered":"19 CDMX"},"content":{"rendered":"<p>Cdmx Press.- Ciudad de M\u00e9xico a 19 de Septiembre 2019. El Dia de hoy el presidente Andr\u00e9s Manuel L\u00f3pez Obrador iz\u00f3 a media asta la bandera de M\u00e9xico en recuerdo de las v\u00edctimas de los sismos que azotaron M\u00e9xico en 1985 y 2017..<\/p>\n<p>En 1985, cerca de las 7:30 am la tierra se estremeci\u00f3 con un terremoto de 8.1 grados. El saldo extraoficial habla de casi 40,000 v\u00edctimas.<\/p>\n<p>Justo cuando se cumpl\u00edan 32 a\u00f1os del temblor del 85, otro movimiento pasada la 1 pm tiempo de M\u00e9xico, estremeci\u00f3 la CDMX con fuerza 7.1 y puso a prueba la resistencia y la unidad de la poblaci\u00f3n.<\/p>\n<p>El 19 de septiembre de 2017, un terremoto de magnitud 7,1 y con epicentro entre Puebla y Morelos (centro del pa\u00eds), dej\u00f3 369 muertos, 228 de ellos en Ciudad de M\u00e9xico.<\/p>\n<p>D\u00edas antes, el 7 de septiembre de 2017, un sismo de magnitud 8,2 con epicentro en el sure\u00f1o estado de Chiapas hab\u00eda causado 98 v\u00edctimas mortales.<\/p>\n<p>El estruendoso movimiento dejo\u0301 edificios cai\u0301dos y 369 fallecidos. No so\u0301lo sacudio\u0301 la zona centrosur de Me\u0301xico, tambie\u0301n el sentir de sus pobladores. Sabi\u0301an que pudieron ser ellos; que reaccionar un segundo ma\u0301s tarde o un movimiento distinto hubieran marcado la diferencia entre la vida y la muerte.<\/p>\n<p>Tras la nube de polvo que terminaba de dispersarse, se pudo ver la cata\u0301strofe. No hubo diferencia de clase social ni edad. En un instante los mexicanos se dividieron en dos: los que estaban bajo los escombros y quienes no. Sus rostros expresaban un sentimiento: miedo. Su cuerpo reaccionaba de la misma forma: ayudando al necesitado.<\/p>\n<h3><strong>Las vialidades eran irreconocibles<\/strong><\/h3>\n<p>Medelli\u0301n, Viaducto, Gabriel Mancera son algunas de las vialidades que Luis recorrio\u0301 ca\u0301mara en mano. En esta u\u0301ltima una escena lo marco\u0301: un grupo de gente sacando a alguien de entre los escombros. No supo si la persona estaba con vida o no y no quiso averiguarlo. Capturo\u0301 una imagen que decidio\u0301 guardar en su archivo personal y no publicarla.<\/p>\n<blockquote><p><strong>\u201cSABI\u0301A QUE HABI\u0301A GENTE AHI\u0301, SABI\u0301A QUE SE ESTABA LUCHANDO POR VIDAS, SABI\u0301A QUE LOS MINUTOS CORRI\u0301AN Y ERAN SUPERIMPORTANTES, PERO FUE LA PRIMERA IMAGEN QUE YO TOME\u0301 DEL RESCATE DE UN CUERPO\u201d, REMEMORA TRAS CASI UN AN\u0303O DE QUE OCURRIO\u0301 EL TERREMOTO.<\/strong><\/p><\/blockquote>\n<p><strong>Esa fotografi\u0301a fue una de las ma\u0301s de 500 instanta\u0301neas que tomo\u0301 durante las casi 12 horas de recorrido<\/strong>\u00a0por las calles de una devastada Ciudad de Me\u0301xico, pero cuyos habitantes se mostraron con ma\u0301s fuerza que nunca.\u00a0<strong>La CDMX cayo\u0301, pero sus ciudadanos no.<\/strong><\/p>\n<blockquote><p><strong>\u201cAL FINAL DEL DI\u0301A SOY FOTO\u0301GRAFO Y ME DEDICO A HACER UNA DOCUMENTACIO\u0301N DE SUCESOS, LLA\u0301MESE PUBLICITARIO O, EN ESTE CASO, DE UNA DESGRACIA, FUE MUY COMPLICADO PARA MI\u0301. NUNCA EN LA VIDA HABI\u0301A SENTIDO QUE ALGO QUE ME APASIONA TANTO ME PUSIERA TAN TRISTE\u201d, ASEGURA AL RECORDAR CON NOSTALGIA ESA JORNADA.<\/strong><\/p><\/blockquote>\n<p><strong>\u201cCREO QUE EL 19 DE SEPTIEMBRE FUE AMOR. POCO A POCO SE NOS FUE ACABANDO, PERO EN ESE MOMENTO FUE UN AMOR DESMEDIDO POR TODOS\u201d, REFLEXIONA.<\/strong><\/p>\n","protected":false},"excerpt":{"rendered":"<p>Cdmx Press.- Ciudad de M\u00e9xico a 19 de Septiembre 2019. El Dia de hoy el&#8230;<\/p>\n","protected":false},"author":2,"featured_media":428,"comment_status":"open","ping_status":"closed","sticky":false,"template":"","format":"standard","meta":{"footnotes":""},"categories":[17,13,215],"tags":[],"class_list":["post-426","post","type-post","status-publish","format-standard","has-post-thumbnail","hentry","category-cdmx","category-internacionales","category-opinion"],"yoast_head":"<!-- This site is optimized with the Yoast SEO plugin v27.5 - https:\/\/yoast.com\/product\/yoast-seo-wordpress\/ -->\n<title>19 CDMX - NOTICIAS DE LA 4T<\/title>\n<meta name=\"robots\" content=\"noindex, follow, max-snippet:-1, max-image-preview:large, max-video-preview:-1\" \/>\n<meta property=\"og:locale\" content=\"es_MX\" \/>\n<meta property=\"og:type\" content=\"article\" \/>\n<meta property=\"og:title\" content=\"19 CDMX - NOTICIAS DE LA 4T\" \/>\n<meta property=\"og:description\" content=\"Cdmx Press.- Ciudad de M\u00e9xico a 19 de Septiembre 2019. El Dia de hoy el...\" \/>\n<meta property=\"og:url\" content=\"https:\/\/redamlo.com\/index.php\/2019\/09\/19\/19-cdmx\/\" \/>\n<meta property=\"og:site_name\" content=\"NOTICIAS DE LA 4T\" \/>\n<meta property=\"article:published_time\" content=\"2019-09-19T13:53:07+00:00\" \/>\n<meta property=\"og:image\" content=\"https:\/\/redamlo.com\/wp-content\/uploads\/2019\/09\/Brigadistas-sismo-19-S-CDMXPRESS-LUIS-ANTONIO-GONZALEZ-MONTES.jpg\" \/>\n\t<meta property=\"og:image:width\" content=\"1176\" \/>\n\t<meta property=\"og:image:height\" content=\"800\" \/>\n\t<meta property=\"og:image:type\" content=\"image\/jpeg\" \/>\n<meta name=\"author\" content=\"Blanca\" \/>\n<meta name=\"twitter:card\" content=\"summary_large_image\" \/>\n<meta name=\"twitter:label1\" content=\"Escrito por\" \/>\n\t<meta name=\"twitter:data1\" content=\"Blanca\" \/>\n\t<meta name=\"twitter:label2\" content=\"Tiempo de lectura\" \/>\n\t<meta name=\"twitter:data2\" content=\"3 minutos\" \/>\n<script type=\"application\/ld+json\" class=\"yoast-schema-graph\">{\"@context\":\"https:\\\/\\\/schema.org\",\"@graph\":[{\"@type\":\"Article\",\"@id\":\"https:\\\/\\\/redamlo.com\\\/index.php\\\/2019\\\/09\\\/19\\\/19-cdmx\\\/#article\",\"isPartOf\":{\"@id\":\"https:\\\/\\\/redamlo.com\\\/index.php\\\/2019\\\/09\\\/19\\\/19-cdmx\\\/\"},\"author\":{\"name\":\"Blanca\",\"@id\":\"https:\\\/\\\/redamlo.com\\\/#\\\/schema\\\/person\\\/7223a4375eb8f1a782fcae010a7115cf\"},\"headline\":\"19 CDMX\",\"datePublished\":\"2019-09-19T13:53:07+00:00\",\"mainEntityOfPage\":{\"@id\":\"https:\\\/\\\/redamlo.com\\\/index.php\\\/2019\\\/09\\\/19\\\/19-cdmx\\\/\"},\"wordCount\":516,\"commentCount\":0,\"publisher\":{\"@id\":\"https:\\\/\\\/redamlo.com\\\/#organization\"},\"image\":{\"@id\":\"https:\\\/\\\/redamlo.com\\\/index.php\\\/2019\\\/09\\\/19\\\/19-cdmx\\\/#primaryimage\"},\"thumbnailUrl\":\"https:\\\/\\\/redamlo.com\\\/wp-content\\\/uploads\\\/2019\\\/09\\\/Brigadistas-sismo-19-S-CDMXPRESS-LUIS-ANTONIO-GONZALEZ-MONTES.jpg\",\"articleSection\":[\"CDMX\",\"Internacionales\",\"Opini\u00f3n\"],\"inLanguage\":\"es\",\"potentialAction\":[{\"@type\":\"CommentAction\",\"name\":\"Comment\",\"target\":[\"https:\\\/\\\/redamlo.com\\\/index.php\\\/2019\\\/09\\\/19\\\/19-cdmx\\\/#respond\"]}]},{\"@type\":\"WebPage\",\"@id\":\"https:\\\/\\\/redamlo.com\\\/index.php\\\/2019\\\/09\\\/19\\\/19-cdmx\\\/\",\"url\":\"https:\\\/\\\/redamlo.com\\\/index.php\\\/2019\\\/09\\\/19\\\/19-cdmx\\\/\",\"name\":\"19 CDMX - NOTICIAS DE LA 4T\",\"isPartOf\":{\"@id\":\"https:\\\/\\\/redamlo.com\\\/#website\"},\"primaryImageOfPage\":{\"@id\":\"https:\\\/\\\/redamlo.com\\\/index.php\\\/2019\\\/09\\\/19\\\/19-cdmx\\\/#primaryimage\"},\"image\":{\"@id\":\"https:\\\/\\\/redamlo.com\\\/index.php\\\/2019\\\/09\\\/19\\\/19-cdmx\\\/#primaryimage\"},\"thumbnailUrl\":\"https:\\\/\\\/redamlo.com\\\/wp-content\\\/uploads\\\/2019\\\/09\\\/Brigadistas-sismo-19-S-CDMXPRESS-LUIS-ANTONIO-GONZALEZ-MONTES.jpg\",\"datePublished\":\"2019-09-19T13:53:07+00:00\",\"breadcrumb\":{\"@id\":\"https:\\\/\\\/redamlo.com\\\/index.php\\\/2019\\\/09\\\/19\\\/19-cdmx\\\/#breadcrumb\"},\"inLanguage\":\"es\",\"potentialAction\":[{\"@type\":\"ReadAction\",\"target\":[\"https:\\\/\\\/redamlo.com\\\/index.php\\\/2019\\\/09\\\/19\\\/19-cdmx\\\/\"]}]},{\"@type\":\"ImageObject\",\"inLanguage\":\"es\",\"@id\":\"https:\\\/\\\/redamlo.com\\\/index.php\\\/2019\\\/09\\\/19\\\/19-cdmx\\\/#primaryimage\",\"url\":\"https:\\\/\\\/redamlo.com\\\/wp-content\\\/uploads\\\/2019\\\/09\\\/Brigadistas-sismo-19-S-CDMXPRESS-LUIS-ANTONIO-GONZALEZ-MONTES.jpg\",\"contentUrl\":\"https:\\\/\\\/redamlo.com\\\/wp-content\\\/uploads\\\/2019\\\/09\\\/Brigadistas-sismo-19-S-CDMXPRESS-LUIS-ANTONIO-GONZALEZ-MONTES.jpg\",\"width\":1176,\"height\":800},{\"@type\":\"BreadcrumbList\",\"@id\":\"https:\\\/\\\/redamlo.com\\\/index.php\\\/2019\\\/09\\\/19\\\/19-cdmx\\\/#breadcrumb\",\"itemListElement\":[{\"@type\":\"ListItem\",\"position\":1,\"name\":\"Inicio\",\"item\":\"https:\\\/\\\/redamlo.com\\\/\"},{\"@type\":\"ListItem\",\"position\":2,\"name\":\"19 CDMX\"}]},{\"@type\":\"WebSite\",\"@id\":\"https:\\\/\\\/redamlo.com\\\/#website\",\"url\":\"https:\\\/\\\/redamlo.com\\\/\",\"name\":\"NOTICIAS DE LA 4T\",\"description\":\"\",\"publisher\":{\"@id\":\"https:\\\/\\\/redamlo.com\\\/#organization\"},\"potentialAction\":[{\"@type\":\"SearchAction\",\"target\":{\"@type\":\"EntryPoint\",\"urlTemplate\":\"https:\\\/\\\/redamlo.com\\\/?s={search_term_string}\"},\"query-input\":{\"@type\":\"PropertyValueSpecification\",\"valueRequired\":true,\"valueName\":\"search_term_string\"}}],\"inLanguage\":\"es\"},{\"@type\":\"Organization\",\"@id\":\"https:\\\/\\\/redamlo.com\\\/#organization\",\"name\":\"NOTICIAS DE LA 4T\",\"url\":\"https:\\\/\\\/redamlo.com\\\/\",\"logo\":{\"@type\":\"ImageObject\",\"inLanguage\":\"es\",\"@id\":\"https:\\\/\\\/redamlo.com\\\/#\\\/schema\\\/logo\\\/image\\\/\",\"url\":\"https:\\\/\\\/redamlo.com\\\/wp-content\\\/uploads\\\/2024\\\/08\\\/cropped-RED-AMLO-logo-50.png\",\"contentUrl\":\"https:\\\/\\\/redamlo.com\\\/wp-content\\\/uploads\\\/2024\\\/08\\\/cropped-RED-AMLO-logo-50.png\",\"width\":256,\"height\":256,\"caption\":\"NOTICIAS DE LA 4T\"},\"image\":{\"@id\":\"https:\\\/\\\/redamlo.com\\\/#\\\/schema\\\/logo\\\/image\\\/\"}},{\"@type\":\"Person\",\"@id\":\"https:\\\/\\\/redamlo.com\\\/#\\\/schema\\\/person\\\/7223a4375eb8f1a782fcae010a7115cf\",\"name\":\"Blanca\",\"image\":{\"@type\":\"ImageObject\",\"inLanguage\":\"es\",\"@id\":\"https:\\\/\\\/secure.gravatar.com\\\/avatar\\\/3f79bc8336367a4e6093eae8757acaaf61d1124834b905616de7829b0273426d?s=96&d=mm&r=g\",\"url\":\"https:\\\/\\\/secure.gravatar.com\\\/avatar\\\/3f79bc8336367a4e6093eae8757acaaf61d1124834b905616de7829b0273426d?s=96&d=mm&r=g\",\"contentUrl\":\"https:\\\/\\\/secure.gravatar.com\\\/avatar\\\/3f79bc8336367a4e6093eae8757acaaf61d1124834b905616de7829b0273426d?s=96&d=mm&r=g\",\"caption\":\"Blanca\"},\"url\":\"https:\\\/\\\/redamlo.com\\\/index.php\\\/author\\\/blanca\\\/\"}]}<\/script>\n<!-- \/ Yoast SEO plugin. -->","yoast_head_json":{"title":"19 CDMX - NOTICIAS DE LA 4T","robots":{"index":"noindex","follow":"follow","max-snippet":"max-snippet:-1","max-image-preview":"max-image-preview:large","max-video-preview":"max-video-preview:-1"},"og_locale":"es_MX","og_type":"article","og_title":"19 CDMX - NOTICIAS DE LA 4T","og_description":"Cdmx Press.- Ciudad de M\u00e9xico a 19 de Septiembre 2019. El Dia de hoy el...","og_url":"https:\/\/redamlo.com\/index.php\/2019\/09\/19\/19-cdmx\/","og_site_name":"NOTICIAS DE LA 4T","article_published_time":"2019-09-19T13:53:07+00:00","og_image":[{"width":1176,"height":800,"url":"https:\/\/redamlo.com\/wp-content\/uploads\/2019\/09\/Brigadistas-sismo-19-S-CDMXPRESS-LUIS-ANTONIO-GONZALEZ-MONTES.jpg","type":"image\/jpeg"}],"author":"Blanca","twitter_card":"summary_large_image","twitter_misc":{"Escrito por":"Blanca","Tiempo de lectura":"3 minutos"},"schema":{"@context":"https:\/\/schema.org","@graph":[{"@type":"Article","@id":"https:\/\/redamlo.com\/index.php\/2019\/09\/19\/19-cdmx\/#article","isPartOf":{"@id":"https:\/\/redamlo.com\/index.php\/2019\/09\/19\/19-cdmx\/"},"author":{"name":"Blanca","@id":"https:\/\/redamlo.com\/#\/schema\/person\/7223a4375eb8f1a782fcae010a7115cf"},"headline":"19 CDMX","datePublished":"2019-09-19T13:53:07+00:00","mainEntityOfPage":{"@id":"https:\/\/redamlo.com\/index.php\/2019\/09\/19\/19-cdmx\/"},"wordCount":516,"commentCount":0,"publisher":{"@id":"https:\/\/redamlo.com\/#organization"},"image":{"@id":"https:\/\/redamlo.com\/index.php\/2019\/09\/19\/19-cdmx\/#primaryimage"},"thumbnailUrl":"https:\/\/redamlo.com\/wp-content\/uploads\/2019\/09\/Brigadistas-sismo-19-S-CDMXPRESS-LUIS-ANTONIO-GONZALEZ-MONTES.jpg","articleSection":["CDMX","Internacionales","Opini\u00f3n"],"inLanguage":"es","potentialAction":[{"@type":"CommentAction","name":"Comment","target":["https:\/\/redamlo.com\/index.php\/2019\/09\/19\/19-cdmx\/#respond"]}]},{"@type":"WebPage","@id":"https:\/\/redamlo.com\/index.php\/2019\/09\/19\/19-cdmx\/","url":"https:\/\/redamlo.com\/index.php\/2019\/09\/19\/19-cdmx\/","name":"19 CDMX - NOTICIAS DE LA 4T","isPartOf":{"@id":"https:\/\/redamlo.com\/#website"},"primaryImageOfPage":{"@id":"https:\/\/redamlo.com\/index.php\/2019\/09\/19\/19-cdmx\/#primaryimage"},"image":{"@id":"https:\/\/redamlo.com\/index.php\/2019\/09\/19\/19-cdmx\/#primaryimage"},"thumbnailUrl":"https:\/\/redamlo.com\/wp-content\/uploads\/2019\/09\/Brigadistas-sismo-19-S-CDMXPRESS-LUIS-ANTONIO-GONZALEZ-MONTES.jpg","datePublished":"2019-09-19T13:53:07+00:00","breadcrumb":{"@id":"https:\/\/redamlo.com\/index.php\/2019\/09\/19\/19-cdmx\/#breadcrumb"},"inLanguage":"es","potentialAction":[{"@type":"ReadAction","target":["https:\/\/redamlo.com\/index.php\/2019\/09\/19\/19-cdmx\/"]}]},{"@type":"ImageObject","inLanguage":"es","@id":"https:\/\/redamlo.com\/index.php\/2019\/09\/19\/19-cdmx\/#primaryimage","url":"https:\/\/redamlo.com\/wp-content\/uploads\/2019\/09\/Brigadistas-sismo-19-S-CDMXPRESS-LUIS-ANTONIO-GONZALEZ-MONTES.jpg","contentUrl":"https:\/\/redamlo.com\/wp-content\/uploads\/2019\/09\/Brigadistas-sismo-19-S-CDMXPRESS-LUIS-ANTONIO-GONZALEZ-MONTES.jpg","width":1176,"height":800},{"@type":"BreadcrumbList","@id":"https:\/\/redamlo.com\/index.php\/2019\/09\/19\/19-cdmx\/#breadcrumb","itemListElement":[{"@type":"ListItem","position":1,"name":"Inicio","item":"https:\/\/redamlo.com\/"},{"@type":"ListItem","position":2,"name":"19 CDMX"}]},{"@type":"WebSite","@id":"https:\/\/redamlo.com\/#website","url":"https:\/\/redamlo.com\/","name":"NOTICIAS DE LA 4T","description":"","publisher":{"@id":"https:\/\/redamlo.com\/#organization"},"potentialAction":[{"@type":"SearchAction","target":{"@type":"EntryPoint","urlTemplate":"https:\/\/redamlo.com\/?s={search_term_string}"},"query-input":{"@type":"PropertyValueSpecification","valueRequired":true,"valueName":"search_term_string"}}],"inLanguage":"es"},{"@type":"Organization","@id":"https:\/\/redamlo.com\/#organization","name":"NOTICIAS DE LA 4T","url":"https:\/\/redamlo.com\/","logo":{"@type":"ImageObject","inLanguage":"es","@id":"https:\/\/redamlo.com\/#\/schema\/logo\/image\/","url":"https:\/\/redamlo.com\/wp-content\/uploads\/2024\/08\/cropped-RED-AMLO-logo-50.png","contentUrl":"https:\/\/redamlo.com\/wp-content\/uploads\/2024\/08\/cropped-RED-AMLO-logo-50.png","width":256,"height":256,"caption":"NOTICIAS DE LA 4T"},"image":{"@id":"https:\/\/redamlo.com\/#\/schema\/logo\/image\/"}},{"@type":"Person","@id":"https:\/\/redamlo.com\/#\/schema\/person\/7223a4375eb8f1a782fcae010a7115cf","name":"Blanca","image":{"@type":"ImageObject","inLanguage":"es","@id":"https:\/\/secure.gravatar.com\/avatar\/3f79bc8336367a4e6093eae8757acaaf61d1124834b905616de7829b0273426d?s=96&d=mm&r=g","url":"https:\/\/secure.gravatar.com\/avatar\/3f79bc8336367a4e6093eae8757acaaf61d1124834b905616de7829b0273426d?s=96&d=mm&r=g","contentUrl":"https:\/\/secure.gravatar.com\/avatar\/3f79bc8336367a4e6093eae8757acaaf61d1124834b905616de7829b0273426d?s=96&d=mm&r=g","caption":"Blanca"},"url":"https:\/\/redamlo.com\/index.php\/author\/blanca\/"}]}},"_links":{"self":[{"href":"https:\/\/redamlo.com\/index.php\/wp-json\/wp\/v2\/posts\/426","targetHints":{"allow":["GET"]}}],"collection":[{"href":"https:\/\/redamlo.com\/index.php\/wp-json\/wp\/v2\/posts"}],"about":[{"href":"https:\/\/redamlo.com\/index.php\/wp-json\/wp\/v2\/types\/post"}],"author":[{"embeddable":true,"href":"https:\/\/redamlo.com\/index.php\/wp-json\/wp\/v2\/users\/2"}],"replies":[{"embeddable":true,"href":"https:\/\/redamlo.com\/index.php\/wp-json\/wp\/v2\/comments?post=426"}],"version-history":[{"count":0,"href":"https:\/\/redamlo.com\/index.php\/wp-json\/wp\/v2\/posts\/426\/revisions"}],"wp:featuredmedia":[{"embeddable":true,"href":"https:\/\/redamlo.com\/index.php\/wp-json\/wp\/v2\/media\/428"}],"wp:attachment":[{"href":"https:\/\/redamlo.com\/index.php\/wp-json\/wp\/v2\/media?parent=426"}],"wp:term":[{"taxonomy":"category","embeddable":true,"href":"https:\/\/redamlo.com\/index.php\/wp-json\/wp\/v2\/categories?post=426"},{"taxonomy":"post_tag","embeddable":true,"href":"https:\/\/redamlo.com\/index.php\/wp-json\/wp\/v2\/tags?post=426"}],"curies":[{"name":"wp","href":"https:\/\/api.w.org\/{rel}","templated":true}]}}