{"id":4256,"date":"2021-05-07T19:10:10","date_gmt":"2021-05-08T00:10:10","guid":{"rendered":"https:\/\/redamlo.com\/?p=4256"},"modified":"2021-05-07T19:10:10","modified_gmt":"2021-05-08T00:10:10","slug":"ieqroo-ordena-cese-de-guerra-sucia-y-retiro-de-publicidad-enganosa-utilizada-contra-laura-beristain","status":"publish","type":"post","link":"https:\/\/redamlo.com\/index.php\/2021\/05\/07\/ieqroo-ordena-cese-de-guerra-sucia-y-retiro-de-publicidad-enganosa-utilizada-contra-laura-beristain\/","title":{"rendered":"IEQROO ordena  cese de guerra sucia y retiro de publicidad enga\u00f1osa utilizada contra Laura Beristain"},"content":{"rendered":"<p><strong>IEQRoo<\/strong>\u00a0ordena medidas cautelares por <strong>\u201cfakenews\u201d<\/strong> en contra de <strong>Laura Beristain<\/strong> financiadas por montos millonarios<\/p>\n<p><strong>El Instituto Electoral del Estado de Quintana Roo<\/strong>\u00a0ordeno\u0301 a\u00a0<strong>fanpages<\/strong>\u00a0<strong>apo\u0301crifas de Facebook<\/strong>\u00a0el retiro de contenidos que incurren en actos de<strong> difamacio\u0301n<\/strong> contra L<strong>aura Berista\u0301in\u00a0 Navarrete,<\/strong>\u00a0candidata de\u00a0<strong>Morena<\/strong>\u00a0a la reeleccio\u0301n a la\u00a0<strong>Presidencia Municipal de Solidaridad.<\/strong><\/p>\n<p>Se ha sen\u0303alando como responsable de esta campan\u0303a de desprestigio a los due\u00f1os de la pagina digital\u00a0 \u201c<strong>Todos por Solidaridad<\/strong>\u201dy a quien resulte responsable, quienes han destinado recursos pu\u0301blicos millonarios a realizar ataques a la Edil morenista.<\/p>\n<p><strong>El IEEEQROO<\/strong>\u00a0ordeno\u0301 la eliminacio\u0301n de dos videos con contenido difamatorio de la fanpage \u201c<strong>Todos por Solidaridad<\/strong>\u201d, una plataforma creada por periodistas cercanos a Gobierno y\u00a0<strong>Candidatos Conservadores<\/strong>\u00a0cuya finalidad es realizar ataques a la administracio\u0301n pu\u0301blica municipal de Solidaridad.<\/p>\n<p>&nbsp;<\/p>\n<p><strong>No conformes con ello los conservadores ordenan reiniciar ataques.<\/strong><\/p>\n<p>Ante el ordenamiento legal, los\u00a0 desinformadores y sicarios medi\u00e1ticos cambiaron el origen de los ataques a las plataformas: <b>Playa al d\u00eda, Noticias Rumbo del Caribe, Chismorreo Pol\u00edtico y Alerta PLAYA DC, <\/b>paginas que , sen\u0303alan a\u00a0<strong>Luis Antonio Gonza\u0301lez Montes, Director de los medios Informativos Cdmx Press, Playa Press y Quintana Roo Press, <\/strong>a<strong> Roberto Lo\u0301pez Cota, Ricardo Chong Ruiz y Miguel Naranjo<\/strong> como los arti\u0301fices de una campan\u0303a negra, en contra de la candidata de la coalici\u00f3n va por M\u00e9xico <strong>(PRI,PAN,PRD) Lili Campos Miranda,<\/strong> sen\u0303ala\u0301ndolos de pagar pautas comerciales en Facebook, y que ni siquiera pueden considerarse de campa\u00f1as negras como lo se\u00f1alan los reporteros pagados por el Estado.<\/p>\n<p>Recordaremos que tambi\u00e9n se encuentran dentro de este grupo de Paginas del Desprestigio:\u00a0<strong>Anonymous Playa del Carmen, Ocurri\u00f3 Aqu\u00ed, NetaCaribe, Neta Noticias, Fundadores Morena, Morena Quintana Roo<\/strong>\u00a0(Pagina Falsa).<\/p>\n<p>[dflip id=&#8221;4260&#8243;][\/dflip]<\/p>\n","protected":false},"excerpt":{"rendered":"<p>IEQRoo\u00a0ordena medidas cautelares por \u201cfakenews\u201d en contra de Laura Beristain financiadas por montos millonarios El&#8230;<\/p>\n","protected":false},"author":2,"featured_media":4258,"comment_status":"open","ping_status":"closed","sticky":false,"template":"","format":"standard","meta":{"footnotes":""},"categories":[1],"tags":[829,830,831,832,826,833,358,834,359],"class_list":["post-4256","post","type-post","status-publish","format-standard","has-post-thumbnail","hentry","category-uncategorized","tag-alerta-playa-dc","tag-anonymous-playa-del-carmen","tag-chismorreo-politico","tag-fundadores-morena","tag-guerra-sucia","tag-ieqroo","tag-laura-beristain","tag-lili-campos","tag-morena-quintana-roo"],"yoast_head":"<!-- This site is optimized with the Yoast SEO plugin v27.5 - https:\/\/yoast.com\/product\/yoast-seo-wordpress\/ -->\n<title>IEQROO ordena cese de guerra sucia y retiro de publicidad enga\u00f1osa utilizada contra Laura Beristain - NOTICIAS DE LA 4T<\/title>\n<meta name=\"robots\" content=\"noindex, follow, max-snippet:-1, max-image-preview:large, max-video-preview:-1\" \/>\n<meta property=\"og:locale\" content=\"es_MX\" \/>\n<meta property=\"og:type\" content=\"article\" \/>\n<meta property=\"og:title\" content=\"IEQROO ordena cese de guerra sucia y retiro de publicidad enga\u00f1osa utilizada contra Laura Beristain - NOTICIAS DE LA 4T\" \/>\n<meta property=\"og:description\" content=\"IEQRoo\u00a0ordena medidas cautelares por \u201cfakenews\u201d en contra de Laura Beristain financiadas por montos millonarios El...\" \/>\n<meta property=\"og:url\" content=\"https:\/\/redamlo.com\/index.php\/2021\/05\/07\/ieqroo-ordena-cese-de-guerra-sucia-y-retiro-de-publicidad-enganosa-utilizada-contra-laura-beristain\/\" \/>\n<meta property=\"og:site_name\" content=\"NOTICIAS DE LA 4T\" \/>\n<meta property=\"article:published_time\" content=\"2021-05-08T00:10:10+00:00\" \/>\n<meta property=\"og:image\" content=\"https:\/\/redamlo.com\/wp-content\/uploads\/2021\/05\/ACUERDA-IEQROO-RETIRAR-CAMPANA-NEGRA-CONTRA-LAURA-BERISTAIN.jpg\" \/>\n\t<meta property=\"og:image:width\" content=\"1100\" \/>\n\t<meta property=\"og:image:height\" content=\"750\" \/>\n\t<meta property=\"og:image:type\" content=\"image\/jpeg\" \/>\n<meta name=\"author\" content=\"Blanca\" \/>\n<meta name=\"twitter:card\" content=\"summary_large_image\" \/>\n<meta name=\"twitter:label1\" content=\"Escrito por\" \/>\n\t<meta name=\"twitter:data1\" content=\"Blanca\" \/>\n\t<meta name=\"twitter:label2\" content=\"Tiempo de lectura\" \/>\n\t<meta name=\"twitter:data2\" content=\"2 minutos\" \/>\n<script type=\"application\/ld+json\" class=\"yoast-schema-graph\">{\"@context\":\"https:\\\/\\\/schema.org\",\"@graph\":[{\"@type\":\"Article\",\"@id\":\"https:\\\/\\\/redamlo.com\\\/index.php\\\/2021\\\/05\\\/07\\\/ieqroo-ordena-cese-de-guerra-sucia-y-retiro-de-publicidad-enganosa-utilizada-contra-laura-beristain\\\/#article\",\"isPartOf\":{\"@id\":\"https:\\\/\\\/redamlo.com\\\/index.php\\\/2021\\\/05\\\/07\\\/ieqroo-ordena-cese-de-guerra-sucia-y-retiro-de-publicidad-enganosa-utilizada-contra-laura-beristain\\\/\"},\"author\":{\"name\":\"Blanca\",\"@id\":\"https:\\\/\\\/redamlo.com\\\/#\\\/schema\\\/person\\\/7223a4375eb8f1a782fcae010a7115cf\"},\"headline\":\"IEQROO ordena cese de guerra sucia y retiro de publicidad enga\u00f1osa utilizada contra Laura Beristain\",\"datePublished\":\"2021-05-08T00:10:10+00:00\",\"mainEntityOfPage\":{\"@id\":\"https:\\\/\\\/redamlo.com\\\/index.php\\\/2021\\\/05\\\/07\\\/ieqroo-ordena-cese-de-guerra-sucia-y-retiro-de-publicidad-enganosa-utilizada-contra-laura-beristain\\\/\"},\"wordCount\":328,\"commentCount\":0,\"publisher\":{\"@id\":\"https:\\\/\\\/redamlo.com\\\/#organization\"},\"image\":{\"@id\":\"https:\\\/\\\/redamlo.com\\\/index.php\\\/2021\\\/05\\\/07\\\/ieqroo-ordena-cese-de-guerra-sucia-y-retiro-de-publicidad-enganosa-utilizada-contra-laura-beristain\\\/#primaryimage\"},\"thumbnailUrl\":\"https:\\\/\\\/redamlo.com\\\/wp-content\\\/uploads\\\/2021\\\/05\\\/ACUERDA-IEQROO-RETIRAR-CAMPANA-NEGRA-CONTRA-LAURA-BERISTAIN.jpg\",\"keywords\":[\"Alerta Playa DC\",\"Anonymous Playa del Carmen\",\"Chismorreo Pol\u00edtico\",\"Fundadores Morena\",\"guerra sucia\",\"IEQROO\",\"Laura Beristain\",\"Lili Campos\",\"Morena Quintana Roo\"],\"articleSection\":[\"Uncategorized\"],\"inLanguage\":\"es\",\"potentialAction\":[{\"@type\":\"CommentAction\",\"name\":\"Comment\",\"target\":[\"https:\\\/\\\/redamlo.com\\\/index.php\\\/2021\\\/05\\\/07\\\/ieqroo-ordena-cese-de-guerra-sucia-y-retiro-de-publicidad-enganosa-utilizada-contra-laura-beristain\\\/#respond\"]}]},{\"@type\":\"WebPage\",\"@id\":\"https:\\\/\\\/redamlo.com\\\/index.php\\\/2021\\\/05\\\/07\\\/ieqroo-ordena-cese-de-guerra-sucia-y-retiro-de-publicidad-enganosa-utilizada-contra-laura-beristain\\\/\",\"url\":\"https:\\\/\\\/redamlo.com\\\/index.php\\\/2021\\\/05\\\/07\\\/ieqroo-ordena-cese-de-guerra-sucia-y-retiro-de-publicidad-enganosa-utilizada-contra-laura-beristain\\\/\",\"name\":\"IEQROO ordena cese de guerra sucia y retiro de publicidad enga\u00f1osa utilizada contra Laura Beristain - NOTICIAS DE LA 4T\",\"isPartOf\":{\"@id\":\"https:\\\/\\\/redamlo.com\\\/#website\"},\"primaryImageOfPage\":{\"@id\":\"https:\\\/\\\/redamlo.com\\\/index.php\\\/2021\\\/05\\\/07\\\/ieqroo-ordena-cese-de-guerra-sucia-y-retiro-de-publicidad-enganosa-utilizada-contra-laura-beristain\\\/#primaryimage\"},\"image\":{\"@id\":\"https:\\\/\\\/redamlo.com\\\/index.php\\\/2021\\\/05\\\/07\\\/ieqroo-ordena-cese-de-guerra-sucia-y-retiro-de-publicidad-enganosa-utilizada-contra-laura-beristain\\\/#primaryimage\"},\"thumbnailUrl\":\"https:\\\/\\\/redamlo.com\\\/wp-content\\\/uploads\\\/2021\\\/05\\\/ACUERDA-IEQROO-RETIRAR-CAMPANA-NEGRA-CONTRA-LAURA-BERISTAIN.jpg\",\"datePublished\":\"2021-05-08T00:10:10+00:00\",\"breadcrumb\":{\"@id\":\"https:\\\/\\\/redamlo.com\\\/index.php\\\/2021\\\/05\\\/07\\\/ieqroo-ordena-cese-de-guerra-sucia-y-retiro-de-publicidad-enganosa-utilizada-contra-laura-beristain\\\/#breadcrumb\"},\"inLanguage\":\"es\",\"potentialAction\":[{\"@type\":\"ReadAction\",\"target\":[\"https:\\\/\\\/redamlo.com\\\/index.php\\\/2021\\\/05\\\/07\\\/ieqroo-ordena-cese-de-guerra-sucia-y-retiro-de-publicidad-enganosa-utilizada-contra-laura-beristain\\\/\"]}]},{\"@type\":\"ImageObject\",\"inLanguage\":\"es\",\"@id\":\"https:\\\/\\\/redamlo.com\\\/index.php\\\/2021\\\/05\\\/07\\\/ieqroo-ordena-cese-de-guerra-sucia-y-retiro-de-publicidad-enganosa-utilizada-contra-laura-beristain\\\/#primaryimage\",\"url\":\"https:\\\/\\\/redamlo.com\\\/wp-content\\\/uploads\\\/2021\\\/05\\\/ACUERDA-IEQROO-RETIRAR-CAMPANA-NEGRA-CONTRA-LAURA-BERISTAIN.jpg\",\"contentUrl\":\"https:\\\/\\\/redamlo.com\\\/wp-content\\\/uploads\\\/2021\\\/05\\\/ACUERDA-IEQROO-RETIRAR-CAMPANA-NEGRA-CONTRA-LAURA-BERISTAIN.jpg\",\"width\":1100,\"height\":750},{\"@type\":\"BreadcrumbList\",\"@id\":\"https:\\\/\\\/redamlo.com\\\/index.php\\\/2021\\\/05\\\/07\\\/ieqroo-ordena-cese-de-guerra-sucia-y-retiro-de-publicidad-enganosa-utilizada-contra-laura-beristain\\\/#breadcrumb\",\"itemListElement\":[{\"@type\":\"ListItem\",\"position\":1,\"name\":\"Inicio\",\"item\":\"https:\\\/\\\/redamlo.com\\\/\"},{\"@type\":\"ListItem\",\"position\":2,\"name\":\"IEQROO ordena cese de guerra sucia y retiro de publicidad enga\u00f1osa utilizada contra Laura Beristain\"}]},{\"@type\":\"WebSite\",\"@id\":\"https:\\\/\\\/redamlo.com\\\/#website\",\"url\":\"https:\\\/\\\/redamlo.com\\\/\",\"name\":\"NOTICIAS DE LA 4T\",\"description\":\"\",\"publisher\":{\"@id\":\"https:\\\/\\\/redamlo.com\\\/#organization\"},\"potentialAction\":[{\"@type\":\"SearchAction\",\"target\":{\"@type\":\"EntryPoint\",\"urlTemplate\":\"https:\\\/\\\/redamlo.com\\\/?s={search_term_string}\"},\"query-input\":{\"@type\":\"PropertyValueSpecification\",\"valueRequired\":true,\"valueName\":\"search_term_string\"}}],\"inLanguage\":\"es\"},{\"@type\":\"Organization\",\"@id\":\"https:\\\/\\\/redamlo.com\\\/#organization\",\"name\":\"NOTICIAS DE LA 4T\",\"url\":\"https:\\\/\\\/redamlo.com\\\/\",\"logo\":{\"@type\":\"ImageObject\",\"inLanguage\":\"es\",\"@id\":\"https:\\\/\\\/redamlo.com\\\/#\\\/schema\\\/logo\\\/image\\\/\",\"url\":\"https:\\\/\\\/redamlo.com\\\/wp-content\\\/uploads\\\/2024\\\/08\\\/cropped-RED-AMLO-logo-50.png\",\"contentUrl\":\"https:\\\/\\\/redamlo.com\\\/wp-content\\\/uploads\\\/2024\\\/08\\\/cropped-RED-AMLO-logo-50.png\",\"width\":256,\"height\":256,\"caption\":\"NOTICIAS DE LA 4T\"},\"image\":{\"@id\":\"https:\\\/\\\/redamlo.com\\\/#\\\/schema\\\/logo\\\/image\\\/\"}},{\"@type\":\"Person\",\"@id\":\"https:\\\/\\\/redamlo.com\\\/#\\\/schema\\\/person\\\/7223a4375eb8f1a782fcae010a7115cf\",\"name\":\"Blanca\",\"image\":{\"@type\":\"ImageObject\",\"inLanguage\":\"es\",\"@id\":\"https:\\\/\\\/secure.gravatar.com\\\/avatar\\\/3f79bc8336367a4e6093eae8757acaaf61d1124834b905616de7829b0273426d?s=96&d=mm&r=g\",\"url\":\"https:\\\/\\\/secure.gravatar.com\\\/avatar\\\/3f79bc8336367a4e6093eae8757acaaf61d1124834b905616de7829b0273426d?s=96&d=mm&r=g\",\"contentUrl\":\"https:\\\/\\\/secure.gravatar.com\\\/avatar\\\/3f79bc8336367a4e6093eae8757acaaf61d1124834b905616de7829b0273426d?s=96&d=mm&r=g\",\"caption\":\"Blanca\"},\"url\":\"https:\\\/\\\/redamlo.com\\\/index.php\\\/author\\\/blanca\\\/\"}]}<\/script>\n<!-- \/ Yoast SEO plugin. -->","yoast_head_json":{"title":"IEQROO ordena cese de guerra sucia y retiro de publicidad enga\u00f1osa utilizada contra Laura Beristain - NOTICIAS DE LA 4T","robots":{"index":"noindex","follow":"follow","max-snippet":"max-snippet:-1","max-image-preview":"max-image-preview:large","max-video-preview":"max-video-preview:-1"},"og_locale":"es_MX","og_type":"article","og_title":"IEQROO ordena cese de guerra sucia y retiro de publicidad enga\u00f1osa utilizada contra Laura Beristain - NOTICIAS DE LA 4T","og_description":"IEQRoo\u00a0ordena medidas cautelares por \u201cfakenews\u201d en contra de Laura Beristain financiadas por montos millonarios El...","og_url":"https:\/\/redamlo.com\/index.php\/2021\/05\/07\/ieqroo-ordena-cese-de-guerra-sucia-y-retiro-de-publicidad-enganosa-utilizada-contra-laura-beristain\/","og_site_name":"NOTICIAS DE LA 4T","article_published_time":"2021-05-08T00:10:10+00:00","og_image":[{"width":1100,"height":750,"url":"https:\/\/redamlo.com\/wp-content\/uploads\/2021\/05\/ACUERDA-IEQROO-RETIRAR-CAMPANA-NEGRA-CONTRA-LAURA-BERISTAIN.jpg","type":"image\/jpeg"}],"author":"Blanca","twitter_card":"summary_large_image","twitter_misc":{"Escrito por":"Blanca","Tiempo de lectura":"2 minutos"},"schema":{"@context":"https:\/\/schema.org","@graph":[{"@type":"Article","@id":"https:\/\/redamlo.com\/index.php\/2021\/05\/07\/ieqroo-ordena-cese-de-guerra-sucia-y-retiro-de-publicidad-enganosa-utilizada-contra-laura-beristain\/#article","isPartOf":{"@id":"https:\/\/redamlo.com\/index.php\/2021\/05\/07\/ieqroo-ordena-cese-de-guerra-sucia-y-retiro-de-publicidad-enganosa-utilizada-contra-laura-beristain\/"},"author":{"name":"Blanca","@id":"https:\/\/redamlo.com\/#\/schema\/person\/7223a4375eb8f1a782fcae010a7115cf"},"headline":"IEQROO ordena cese de guerra sucia y retiro de publicidad enga\u00f1osa utilizada contra Laura Beristain","datePublished":"2021-05-08T00:10:10+00:00","mainEntityOfPage":{"@id":"https:\/\/redamlo.com\/index.php\/2021\/05\/07\/ieqroo-ordena-cese-de-guerra-sucia-y-retiro-de-publicidad-enganosa-utilizada-contra-laura-beristain\/"},"wordCount":328,"commentCount":0,"publisher":{"@id":"https:\/\/redamlo.com\/#organization"},"image":{"@id":"https:\/\/redamlo.com\/index.php\/2021\/05\/07\/ieqroo-ordena-cese-de-guerra-sucia-y-retiro-de-publicidad-enganosa-utilizada-contra-laura-beristain\/#primaryimage"},"thumbnailUrl":"https:\/\/redamlo.com\/wp-content\/uploads\/2021\/05\/ACUERDA-IEQROO-RETIRAR-CAMPANA-NEGRA-CONTRA-LAURA-BERISTAIN.jpg","keywords":["Alerta Playa DC","Anonymous Playa del Carmen","Chismorreo Pol\u00edtico","Fundadores Morena","guerra sucia","IEQROO","Laura Beristain","Lili Campos","Morena Quintana Roo"],"articleSection":["Uncategorized"],"inLanguage":"es","potentialAction":[{"@type":"CommentAction","name":"Comment","target":["https:\/\/redamlo.com\/index.php\/2021\/05\/07\/ieqroo-ordena-cese-de-guerra-sucia-y-retiro-de-publicidad-enganosa-utilizada-contra-laura-beristain\/#respond"]}]},{"@type":"WebPage","@id":"https:\/\/redamlo.com\/index.php\/2021\/05\/07\/ieqroo-ordena-cese-de-guerra-sucia-y-retiro-de-publicidad-enganosa-utilizada-contra-laura-beristain\/","url":"https:\/\/redamlo.com\/index.php\/2021\/05\/07\/ieqroo-ordena-cese-de-guerra-sucia-y-retiro-de-publicidad-enganosa-utilizada-contra-laura-beristain\/","name":"IEQROO ordena cese de guerra sucia y retiro de publicidad enga\u00f1osa utilizada contra Laura Beristain - NOTICIAS DE LA 4T","isPartOf":{"@id":"https:\/\/redamlo.com\/#website"},"primaryImageOfPage":{"@id":"https:\/\/redamlo.com\/index.php\/2021\/05\/07\/ieqroo-ordena-cese-de-guerra-sucia-y-retiro-de-publicidad-enganosa-utilizada-contra-laura-beristain\/#primaryimage"},"image":{"@id":"https:\/\/redamlo.com\/index.php\/2021\/05\/07\/ieqroo-ordena-cese-de-guerra-sucia-y-retiro-de-publicidad-enganosa-utilizada-contra-laura-beristain\/#primaryimage"},"thumbnailUrl":"https:\/\/redamlo.com\/wp-content\/uploads\/2021\/05\/ACUERDA-IEQROO-RETIRAR-CAMPANA-NEGRA-CONTRA-LAURA-BERISTAIN.jpg","datePublished":"2021-05-08T00:10:10+00:00","breadcrumb":{"@id":"https:\/\/redamlo.com\/index.php\/2021\/05\/07\/ieqroo-ordena-cese-de-guerra-sucia-y-retiro-de-publicidad-enganosa-utilizada-contra-laura-beristain\/#breadcrumb"},"inLanguage":"es","potentialAction":[{"@type":"ReadAction","target":["https:\/\/redamlo.com\/index.php\/2021\/05\/07\/ieqroo-ordena-cese-de-guerra-sucia-y-retiro-de-publicidad-enganosa-utilizada-contra-laura-beristain\/"]}]},{"@type":"ImageObject","inLanguage":"es","@id":"https:\/\/redamlo.com\/index.php\/2021\/05\/07\/ieqroo-ordena-cese-de-guerra-sucia-y-retiro-de-publicidad-enganosa-utilizada-contra-laura-beristain\/#primaryimage","url":"https:\/\/redamlo.com\/wp-content\/uploads\/2021\/05\/ACUERDA-IEQROO-RETIRAR-CAMPANA-NEGRA-CONTRA-LAURA-BERISTAIN.jpg","contentUrl":"https:\/\/redamlo.com\/wp-content\/uploads\/2021\/05\/ACUERDA-IEQROO-RETIRAR-CAMPANA-NEGRA-CONTRA-LAURA-BERISTAIN.jpg","width":1100,"height":750},{"@type":"BreadcrumbList","@id":"https:\/\/redamlo.com\/index.php\/2021\/05\/07\/ieqroo-ordena-cese-de-guerra-sucia-y-retiro-de-publicidad-enganosa-utilizada-contra-laura-beristain\/#breadcrumb","itemListElement":[{"@type":"ListItem","position":1,"name":"Inicio","item":"https:\/\/redamlo.com\/"},{"@type":"ListItem","position":2,"name":"IEQROO ordena cese de guerra sucia y retiro de publicidad enga\u00f1osa utilizada contra Laura Beristain"}]},{"@type":"WebSite","@id":"https:\/\/redamlo.com\/#website","url":"https:\/\/redamlo.com\/","name":"NOTICIAS DE LA 4T","description":"","publisher":{"@id":"https:\/\/redamlo.com\/#organization"},"potentialAction":[{"@type":"SearchAction","target":{"@type":"EntryPoint","urlTemplate":"https:\/\/redamlo.com\/?s={search_term_string}"},"query-input":{"@type":"PropertyValueSpecification","valueRequired":true,"valueName":"search_term_string"}}],"inLanguage":"es"},{"@type":"Organization","@id":"https:\/\/redamlo.com\/#organization","name":"NOTICIAS DE LA 4T","url":"https:\/\/redamlo.com\/","logo":{"@type":"ImageObject","inLanguage":"es","@id":"https:\/\/redamlo.com\/#\/schema\/logo\/image\/","url":"https:\/\/redamlo.com\/wp-content\/uploads\/2024\/08\/cropped-RED-AMLO-logo-50.png","contentUrl":"https:\/\/redamlo.com\/wp-content\/uploads\/2024\/08\/cropped-RED-AMLO-logo-50.png","width":256,"height":256,"caption":"NOTICIAS DE LA 4T"},"image":{"@id":"https:\/\/redamlo.com\/#\/schema\/logo\/image\/"}},{"@type":"Person","@id":"https:\/\/redamlo.com\/#\/schema\/person\/7223a4375eb8f1a782fcae010a7115cf","name":"Blanca","image":{"@type":"ImageObject","inLanguage":"es","@id":"https:\/\/secure.gravatar.com\/avatar\/3f79bc8336367a4e6093eae8757acaaf61d1124834b905616de7829b0273426d?s=96&d=mm&r=g","url":"https:\/\/secure.gravatar.com\/avatar\/3f79bc8336367a4e6093eae8757acaaf61d1124834b905616de7829b0273426d?s=96&d=mm&r=g","contentUrl":"https:\/\/secure.gravatar.com\/avatar\/3f79bc8336367a4e6093eae8757acaaf61d1124834b905616de7829b0273426d?s=96&d=mm&r=g","caption":"Blanca"},"url":"https:\/\/redamlo.com\/index.php\/author\/blanca\/"}]}},"_links":{"self":[{"href":"https:\/\/redamlo.com\/index.php\/wp-json\/wp\/v2\/posts\/4256","targetHints":{"allow":["GET"]}}],"collection":[{"href":"https:\/\/redamlo.com\/index.php\/wp-json\/wp\/v2\/posts"}],"about":[{"href":"https:\/\/redamlo.com\/index.php\/wp-json\/wp\/v2\/types\/post"}],"author":[{"embeddable":true,"href":"https:\/\/redamlo.com\/index.php\/wp-json\/wp\/v2\/users\/2"}],"replies":[{"embeddable":true,"href":"https:\/\/redamlo.com\/index.php\/wp-json\/wp\/v2\/comments?post=4256"}],"version-history":[{"count":0,"href":"https:\/\/redamlo.com\/index.php\/wp-json\/wp\/v2\/posts\/4256\/revisions"}],"wp:featuredmedia":[{"embeddable":true,"href":"https:\/\/redamlo.com\/index.php\/wp-json\/wp\/v2\/media\/4258"}],"wp:attachment":[{"href":"https:\/\/redamlo.com\/index.php\/wp-json\/wp\/v2\/media?parent=4256"}],"wp:term":[{"taxonomy":"category","embeddable":true,"href":"https:\/\/redamlo.com\/index.php\/wp-json\/wp\/v2\/categories?post=4256"},{"taxonomy":"post_tag","embeddable":true,"href":"https:\/\/redamlo.com\/index.php\/wp-json\/wp\/v2\/tags?post=4256"}],"curies":[{"name":"wp","href":"https:\/\/api.w.org\/{rel}","templated":true}]}}