{"id":4253,"date":"2021-05-07T16:48:15","date_gmt":"2021-05-07T21:48:15","guid":{"rendered":"https:\/\/redamlo.com\/?p=4253"},"modified":"2021-05-07T16:48:15","modified_gmt":"2021-05-07T21:48:15","slug":"pide-morena-a-la-ciudadania-voto-util-en-yucatan","status":"publish","type":"post","link":"https:\/\/redamlo.com\/index.php\/2021\/05\/07\/pide-morena-a-la-ciudadania-voto-util-en-yucatan\/","title":{"rendered":"Pide Morena a la ciudadan\u00eda voto \u00fatil en Yucat\u00e1n"},"content":{"rendered":"<p>M\u00e9rida, Yucat\u00e1n, 07 de mayo del 2021.- Con un llamado a la ciudadan\u00eda para ejercer el voto, representantes del Partido Movimiento Regeneraci\u00f3n Nacional (Morena), encabezaron una rueda de prensa.<br \/>\nEl Senador Ovidio Peralta, delegado del Comit\u00e9 Ejecutivo Nacional (CEN) de Morena en Yucat\u00e1n, afirm\u00f3 que la campa\u00f1a del partido, que ha enfocado sus esfuerzos en territorio, arroja resultados alentadores.<\/p>\n<p>\u201cHemos podido constatar de primera mano el \u00e1nimo de las personas, a las que visitamos casa por casa, y su intenci\u00f3n de apoyar este movimiento, para hacer el cambio que necesita Yucat\u00e1n y en especial M\u00e9rida\u201d, dijo.<\/p>\n<p>Record\u00f3 que el 50% de las prerrogativas de Morena se donaron a la vacunaci\u00f3n de la poblaci\u00f3n contra el COVID- 19, por lo que la campa\u00f1a de todas las candidaturas ha sido austera y enfocada al contacto ciudadano.<\/p>\n<p>\u201cLa ciudadan\u00eda ya est\u00e1 molesta de las campa\u00f1as onerosas, por ejemplo, en M\u00e9rida, podemos ver un dispendio excesivo que nos lleva a plantearnos una elecci\u00f3n de estado. Es por ello que queremos llamar al voto \u00fatil, para que las personas nos ayudemos entre todos a eliminar a la mafia del poder\u201d, expres\u00f3.<\/p>\n<p>A la reuni\u00f3n asisti\u00f3 Eder Guevara, representante Instituto Nacional de Formaci\u00f3n Pol\u00edtica de Morena, en representaci\u00f3n del presidente nacional del partido, Mario Delgado, para respaldar a las y los candidatos de Yucat\u00e1n.<\/p>\n<p>Guevara se\u00f1al\u00f3 que, tras acompa\u00f1ar a la candidata por la alcald\u00eda de M\u00e9rida, Ver\u00f3nica Camino, por caminata vespertina del d\u00eda anterior, pudo escuchar el sentir ciudadano sobre la precariedad de los servicios p\u00fablicos que son responsabilidad de municipio.<\/p>\n<p>Asever\u00f3 que las encuestas publicadas han sido enga\u00f1osas, pues empresas serias revelan a la fecha un empate t\u00e9cnico entre la candidata a la alcald\u00eda de M\u00e9rida y el segundo lugar.<br \/>\n\u201cVengo a invitar a la ciudadan\u00eda a votar todo Morena, porque tenemos que consolidar el proceso de la 4t, tienen nuestro compromiso y no les vamos a fallar\u201d, expres\u00f3.<\/p>\n<p>En su turno Ver\u00f3nica Camino, apunt\u00f3 que en su recorrido por las calles ha recibido la aceptaci\u00f3n de la ciudadan\u00eda que quiere un cambio para bien y que agradece que existan candidaturas, como las de Morena, que den la cara y ofrezcan soluciones.<\/p>\n<p>Asever\u00f3 que, de ser favorecida por la ciudadan\u00eda, en sus primeros d\u00edas de mandato implementar\u00e1 un programa de austeridad al interior del ayuntamiento, sin mermar la calidad de los servicios p\u00fablicos; adem\u00e1s de un programa de rendici\u00f3n de cuentas ciudadano.<\/p>\n<p>\u201cQueremos una ciudad progresista, humana, diversa y plural, en la que llegue la econom\u00eda a todos los sectores. Ya lo he dicho, no le vamos a quitar nada a nadie, si no elevar al mejor nivel a todas las personas\u201d, coment\u00f3.<br \/>\nEn la rueda de prensa estuvieron presentes Oscar Brito, candidato a diputado por el 3er. Distrito federal; Antonio Figueroa, candidato a diputado por el 1er. Distrito local; Daniel Gonz\u00e1lez, diputado por el 2do. Distrito local; Hilda Escobedo, diputada por el 3er. Distrito local; F\u00e9lix Novelo, diputado por el 4to. Distrito local; Naomi Peniche, diputada por el 5to. Distrito local y Alejandrina Le\u00f3n, diputada por el 7mo. Distrito local.<\/p>\n","protected":false},"excerpt":{"rendered":"<p>M\u00e9rida, Yucat\u00e1n, 07 de mayo del 2021.- Con un llamado a la ciudadan\u00eda para ejercer&#8230;<\/p>\n","protected":false},"author":2,"featured_media":4255,"comment_status":"open","ping_status":"closed","sticky":false,"template":"","format":"standard","meta":{"footnotes":""},"categories":[1],"tags":[811,24,812,828],"class_list":["post-4253","post","type-post","status-publish","format-standard","has-post-thumbnail","hentry","category-uncategorized","tag-merida","tag-morena","tag-veronica-camino","tag-yucatan"],"yoast_head":"<!-- This site is optimized with the Yoast SEO plugin v27.5 - https:\/\/yoast.com\/product\/yoast-seo-wordpress\/ -->\n<title>Pide Morena a la ciudadan\u00eda voto \u00fatil en Yucat\u00e1n - NOTICIAS DE LA 4T<\/title>\n<meta name=\"robots\" content=\"noindex, follow, max-snippet:-1, max-image-preview:large, max-video-preview:-1\" \/>\n<meta property=\"og:locale\" content=\"es_MX\" \/>\n<meta property=\"og:type\" content=\"article\" \/>\n<meta property=\"og:title\" content=\"Pide Morena a la ciudadan\u00eda voto \u00fatil en Yucat\u00e1n - NOTICIAS DE LA 4T\" \/>\n<meta property=\"og:description\" content=\"M\u00e9rida, Yucat\u00e1n, 07 de mayo del 2021.- Con un llamado a la ciudadan\u00eda para ejercer...\" \/>\n<meta property=\"og:url\" content=\"https:\/\/redamlo.com\/index.php\/2021\/05\/07\/pide-morena-a-la-ciudadania-voto-util-en-yucatan\/\" \/>\n<meta property=\"og:site_name\" content=\"NOTICIAS DE LA 4T\" \/>\n<meta property=\"article:published_time\" content=\"2021-05-07T21:48:15+00:00\" \/>\n<meta property=\"og:image\" content=\"https:\/\/redamlo.com\/wp-content\/uploads\/2021\/05\/FFB48B31-CA98-468D-B092-49CF51EDD21E.jpeg\" \/>\n\t<meta property=\"og:image:width\" content=\"1280\" \/>\n\t<meta property=\"og:image:height\" content=\"853\" \/>\n\t<meta property=\"og:image:type\" content=\"image\/jpeg\" \/>\n<meta name=\"author\" content=\"Blanca\" \/>\n<meta name=\"twitter:card\" content=\"summary_large_image\" \/>\n<meta name=\"twitter:label1\" content=\"Escrito por\" \/>\n\t<meta name=\"twitter:data1\" content=\"Blanca\" \/>\n\t<meta name=\"twitter:label2\" content=\"Tiempo de lectura\" \/>\n\t<meta name=\"twitter:data2\" content=\"3 minutos\" \/>\n<script type=\"application\/ld+json\" class=\"yoast-schema-graph\">{\"@context\":\"https:\\\/\\\/schema.org\",\"@graph\":[{\"@type\":\"Article\",\"@id\":\"https:\\\/\\\/redamlo.com\\\/index.php\\\/2021\\\/05\\\/07\\\/pide-morena-a-la-ciudadania-voto-util-en-yucatan\\\/#article\",\"isPartOf\":{\"@id\":\"https:\\\/\\\/redamlo.com\\\/index.php\\\/2021\\\/05\\\/07\\\/pide-morena-a-la-ciudadania-voto-util-en-yucatan\\\/\"},\"author\":{\"name\":\"Blanca\",\"@id\":\"https:\\\/\\\/redamlo.com\\\/#\\\/schema\\\/person\\\/7223a4375eb8f1a782fcae010a7115cf\"},\"headline\":\"Pide Morena a la ciudadan\u00eda voto \u00fatil en Yucat\u00e1n\",\"datePublished\":\"2021-05-07T21:48:15+00:00\",\"mainEntityOfPage\":{\"@id\":\"https:\\\/\\\/redamlo.com\\\/index.php\\\/2021\\\/05\\\/07\\\/pide-morena-a-la-ciudadania-voto-util-en-yucatan\\\/\"},\"wordCount\":560,\"commentCount\":0,\"publisher\":{\"@id\":\"https:\\\/\\\/redamlo.com\\\/#organization\"},\"image\":{\"@id\":\"https:\\\/\\\/redamlo.com\\\/index.php\\\/2021\\\/05\\\/07\\\/pide-morena-a-la-ciudadania-voto-util-en-yucatan\\\/#primaryimage\"},\"thumbnailUrl\":\"https:\\\/\\\/redamlo.com\\\/wp-content\\\/uploads\\\/2021\\\/05\\\/FFB48B31-CA98-468D-B092-49CF51EDD21E.jpeg\",\"keywords\":[\"M\u00e9rida\",\"Morena\",\"Veronica Camino\",\"Yucat\u00e1n\"],\"articleSection\":[\"Uncategorized\"],\"inLanguage\":\"es\",\"potentialAction\":[{\"@type\":\"CommentAction\",\"name\":\"Comment\",\"target\":[\"https:\\\/\\\/redamlo.com\\\/index.php\\\/2021\\\/05\\\/07\\\/pide-morena-a-la-ciudadania-voto-util-en-yucatan\\\/#respond\"]}]},{\"@type\":\"WebPage\",\"@id\":\"https:\\\/\\\/redamlo.com\\\/index.php\\\/2021\\\/05\\\/07\\\/pide-morena-a-la-ciudadania-voto-util-en-yucatan\\\/\",\"url\":\"https:\\\/\\\/redamlo.com\\\/index.php\\\/2021\\\/05\\\/07\\\/pide-morena-a-la-ciudadania-voto-util-en-yucatan\\\/\",\"name\":\"Pide Morena a la ciudadan\u00eda voto \u00fatil en Yucat\u00e1n - NOTICIAS DE LA 4T\",\"isPartOf\":{\"@id\":\"https:\\\/\\\/redamlo.com\\\/#website\"},\"primaryImageOfPage\":{\"@id\":\"https:\\\/\\\/redamlo.com\\\/index.php\\\/2021\\\/05\\\/07\\\/pide-morena-a-la-ciudadania-voto-util-en-yucatan\\\/#primaryimage\"},\"image\":{\"@id\":\"https:\\\/\\\/redamlo.com\\\/index.php\\\/2021\\\/05\\\/07\\\/pide-morena-a-la-ciudadania-voto-util-en-yucatan\\\/#primaryimage\"},\"thumbnailUrl\":\"https:\\\/\\\/redamlo.com\\\/wp-content\\\/uploads\\\/2021\\\/05\\\/FFB48B31-CA98-468D-B092-49CF51EDD21E.jpeg\",\"datePublished\":\"2021-05-07T21:48:15+00:00\",\"breadcrumb\":{\"@id\":\"https:\\\/\\\/redamlo.com\\\/index.php\\\/2021\\\/05\\\/07\\\/pide-morena-a-la-ciudadania-voto-util-en-yucatan\\\/#breadcrumb\"},\"inLanguage\":\"es\",\"potentialAction\":[{\"@type\":\"ReadAction\",\"target\":[\"https:\\\/\\\/redamlo.com\\\/index.php\\\/2021\\\/05\\\/07\\\/pide-morena-a-la-ciudadania-voto-util-en-yucatan\\\/\"]}]},{\"@type\":\"ImageObject\",\"inLanguage\":\"es\",\"@id\":\"https:\\\/\\\/redamlo.com\\\/index.php\\\/2021\\\/05\\\/07\\\/pide-morena-a-la-ciudadania-voto-util-en-yucatan\\\/#primaryimage\",\"url\":\"https:\\\/\\\/redamlo.com\\\/wp-content\\\/uploads\\\/2021\\\/05\\\/FFB48B31-CA98-468D-B092-49CF51EDD21E.jpeg\",\"contentUrl\":\"https:\\\/\\\/redamlo.com\\\/wp-content\\\/uploads\\\/2021\\\/05\\\/FFB48B31-CA98-468D-B092-49CF51EDD21E.jpeg\",\"width\":1280,\"height\":853},{\"@type\":\"BreadcrumbList\",\"@id\":\"https:\\\/\\\/redamlo.com\\\/index.php\\\/2021\\\/05\\\/07\\\/pide-morena-a-la-ciudadania-voto-util-en-yucatan\\\/#breadcrumb\",\"itemListElement\":[{\"@type\":\"ListItem\",\"position\":1,\"name\":\"Inicio\",\"item\":\"https:\\\/\\\/redamlo.com\\\/\"},{\"@type\":\"ListItem\",\"position\":2,\"name\":\"Pide Morena a la ciudadan\u00eda voto \u00fatil en Yucat\u00e1n\"}]},{\"@type\":\"WebSite\",\"@id\":\"https:\\\/\\\/redamlo.com\\\/#website\",\"url\":\"https:\\\/\\\/redamlo.com\\\/\",\"name\":\"NOTICIAS DE LA 4T\",\"description\":\"\",\"publisher\":{\"@id\":\"https:\\\/\\\/redamlo.com\\\/#organization\"},\"potentialAction\":[{\"@type\":\"SearchAction\",\"target\":{\"@type\":\"EntryPoint\",\"urlTemplate\":\"https:\\\/\\\/redamlo.com\\\/?s={search_term_string}\"},\"query-input\":{\"@type\":\"PropertyValueSpecification\",\"valueRequired\":true,\"valueName\":\"search_term_string\"}}],\"inLanguage\":\"es\"},{\"@type\":\"Organization\",\"@id\":\"https:\\\/\\\/redamlo.com\\\/#organization\",\"name\":\"NOTICIAS DE LA 4T\",\"url\":\"https:\\\/\\\/redamlo.com\\\/\",\"logo\":{\"@type\":\"ImageObject\",\"inLanguage\":\"es\",\"@id\":\"https:\\\/\\\/redamlo.com\\\/#\\\/schema\\\/logo\\\/image\\\/\",\"url\":\"https:\\\/\\\/redamlo.com\\\/wp-content\\\/uploads\\\/2024\\\/08\\\/cropped-RED-AMLO-logo-50.png\",\"contentUrl\":\"https:\\\/\\\/redamlo.com\\\/wp-content\\\/uploads\\\/2024\\\/08\\\/cropped-RED-AMLO-logo-50.png\",\"width\":256,\"height\":256,\"caption\":\"NOTICIAS DE LA 4T\"},\"image\":{\"@id\":\"https:\\\/\\\/redamlo.com\\\/#\\\/schema\\\/logo\\\/image\\\/\"}},{\"@type\":\"Person\",\"@id\":\"https:\\\/\\\/redamlo.com\\\/#\\\/schema\\\/person\\\/7223a4375eb8f1a782fcae010a7115cf\",\"name\":\"Blanca\",\"image\":{\"@type\":\"ImageObject\",\"inLanguage\":\"es\",\"@id\":\"https:\\\/\\\/secure.gravatar.com\\\/avatar\\\/3f79bc8336367a4e6093eae8757acaaf61d1124834b905616de7829b0273426d?s=96&d=mm&r=g\",\"url\":\"https:\\\/\\\/secure.gravatar.com\\\/avatar\\\/3f79bc8336367a4e6093eae8757acaaf61d1124834b905616de7829b0273426d?s=96&d=mm&r=g\",\"contentUrl\":\"https:\\\/\\\/secure.gravatar.com\\\/avatar\\\/3f79bc8336367a4e6093eae8757acaaf61d1124834b905616de7829b0273426d?s=96&d=mm&r=g\",\"caption\":\"Blanca\"},\"url\":\"https:\\\/\\\/redamlo.com\\\/index.php\\\/author\\\/blanca\\\/\"}]}<\/script>\n<!-- \/ Yoast SEO plugin. -->","yoast_head_json":{"title":"Pide Morena a la ciudadan\u00eda voto \u00fatil en Yucat\u00e1n - NOTICIAS DE LA 4T","robots":{"index":"noindex","follow":"follow","max-snippet":"max-snippet:-1","max-image-preview":"max-image-preview:large","max-video-preview":"max-video-preview:-1"},"og_locale":"es_MX","og_type":"article","og_title":"Pide Morena a la ciudadan\u00eda voto \u00fatil en Yucat\u00e1n - NOTICIAS DE LA 4T","og_description":"M\u00e9rida, Yucat\u00e1n, 07 de mayo del 2021.- Con un llamado a la ciudadan\u00eda para ejercer...","og_url":"https:\/\/redamlo.com\/index.php\/2021\/05\/07\/pide-morena-a-la-ciudadania-voto-util-en-yucatan\/","og_site_name":"NOTICIAS DE LA 4T","article_published_time":"2021-05-07T21:48:15+00:00","og_image":[{"width":1280,"height":853,"url":"https:\/\/redamlo.com\/wp-content\/uploads\/2021\/05\/FFB48B31-CA98-468D-B092-49CF51EDD21E.jpeg","type":"image\/jpeg"}],"author":"Blanca","twitter_card":"summary_large_image","twitter_misc":{"Escrito por":"Blanca","Tiempo de lectura":"3 minutos"},"schema":{"@context":"https:\/\/schema.org","@graph":[{"@type":"Article","@id":"https:\/\/redamlo.com\/index.php\/2021\/05\/07\/pide-morena-a-la-ciudadania-voto-util-en-yucatan\/#article","isPartOf":{"@id":"https:\/\/redamlo.com\/index.php\/2021\/05\/07\/pide-morena-a-la-ciudadania-voto-util-en-yucatan\/"},"author":{"name":"Blanca","@id":"https:\/\/redamlo.com\/#\/schema\/person\/7223a4375eb8f1a782fcae010a7115cf"},"headline":"Pide Morena a la ciudadan\u00eda voto \u00fatil en Yucat\u00e1n","datePublished":"2021-05-07T21:48:15+00:00","mainEntityOfPage":{"@id":"https:\/\/redamlo.com\/index.php\/2021\/05\/07\/pide-morena-a-la-ciudadania-voto-util-en-yucatan\/"},"wordCount":560,"commentCount":0,"publisher":{"@id":"https:\/\/redamlo.com\/#organization"},"image":{"@id":"https:\/\/redamlo.com\/index.php\/2021\/05\/07\/pide-morena-a-la-ciudadania-voto-util-en-yucatan\/#primaryimage"},"thumbnailUrl":"https:\/\/redamlo.com\/wp-content\/uploads\/2021\/05\/FFB48B31-CA98-468D-B092-49CF51EDD21E.jpeg","keywords":["M\u00e9rida","Morena","Veronica Camino","Yucat\u00e1n"],"articleSection":["Uncategorized"],"inLanguage":"es","potentialAction":[{"@type":"CommentAction","name":"Comment","target":["https:\/\/redamlo.com\/index.php\/2021\/05\/07\/pide-morena-a-la-ciudadania-voto-util-en-yucatan\/#respond"]}]},{"@type":"WebPage","@id":"https:\/\/redamlo.com\/index.php\/2021\/05\/07\/pide-morena-a-la-ciudadania-voto-util-en-yucatan\/","url":"https:\/\/redamlo.com\/index.php\/2021\/05\/07\/pide-morena-a-la-ciudadania-voto-util-en-yucatan\/","name":"Pide Morena a la ciudadan\u00eda voto \u00fatil en Yucat\u00e1n - NOTICIAS DE LA 4T","isPartOf":{"@id":"https:\/\/redamlo.com\/#website"},"primaryImageOfPage":{"@id":"https:\/\/redamlo.com\/index.php\/2021\/05\/07\/pide-morena-a-la-ciudadania-voto-util-en-yucatan\/#primaryimage"},"image":{"@id":"https:\/\/redamlo.com\/index.php\/2021\/05\/07\/pide-morena-a-la-ciudadania-voto-util-en-yucatan\/#primaryimage"},"thumbnailUrl":"https:\/\/redamlo.com\/wp-content\/uploads\/2021\/05\/FFB48B31-CA98-468D-B092-49CF51EDD21E.jpeg","datePublished":"2021-05-07T21:48:15+00:00","breadcrumb":{"@id":"https:\/\/redamlo.com\/index.php\/2021\/05\/07\/pide-morena-a-la-ciudadania-voto-util-en-yucatan\/#breadcrumb"},"inLanguage":"es","potentialAction":[{"@type":"ReadAction","target":["https:\/\/redamlo.com\/index.php\/2021\/05\/07\/pide-morena-a-la-ciudadania-voto-util-en-yucatan\/"]}]},{"@type":"ImageObject","inLanguage":"es","@id":"https:\/\/redamlo.com\/index.php\/2021\/05\/07\/pide-morena-a-la-ciudadania-voto-util-en-yucatan\/#primaryimage","url":"https:\/\/redamlo.com\/wp-content\/uploads\/2021\/05\/FFB48B31-CA98-468D-B092-49CF51EDD21E.jpeg","contentUrl":"https:\/\/redamlo.com\/wp-content\/uploads\/2021\/05\/FFB48B31-CA98-468D-B092-49CF51EDD21E.jpeg","width":1280,"height":853},{"@type":"BreadcrumbList","@id":"https:\/\/redamlo.com\/index.php\/2021\/05\/07\/pide-morena-a-la-ciudadania-voto-util-en-yucatan\/#breadcrumb","itemListElement":[{"@type":"ListItem","position":1,"name":"Inicio","item":"https:\/\/redamlo.com\/"},{"@type":"ListItem","position":2,"name":"Pide Morena a la ciudadan\u00eda voto \u00fatil en Yucat\u00e1n"}]},{"@type":"WebSite","@id":"https:\/\/redamlo.com\/#website","url":"https:\/\/redamlo.com\/","name":"NOTICIAS DE LA 4T","description":"","publisher":{"@id":"https:\/\/redamlo.com\/#organization"},"potentialAction":[{"@type":"SearchAction","target":{"@type":"EntryPoint","urlTemplate":"https:\/\/redamlo.com\/?s={search_term_string}"},"query-input":{"@type":"PropertyValueSpecification","valueRequired":true,"valueName":"search_term_string"}}],"inLanguage":"es"},{"@type":"Organization","@id":"https:\/\/redamlo.com\/#organization","name":"NOTICIAS DE LA 4T","url":"https:\/\/redamlo.com\/","logo":{"@type":"ImageObject","inLanguage":"es","@id":"https:\/\/redamlo.com\/#\/schema\/logo\/image\/","url":"https:\/\/redamlo.com\/wp-content\/uploads\/2024\/08\/cropped-RED-AMLO-logo-50.png","contentUrl":"https:\/\/redamlo.com\/wp-content\/uploads\/2024\/08\/cropped-RED-AMLO-logo-50.png","width":256,"height":256,"caption":"NOTICIAS DE LA 4T"},"image":{"@id":"https:\/\/redamlo.com\/#\/schema\/logo\/image\/"}},{"@type":"Person","@id":"https:\/\/redamlo.com\/#\/schema\/person\/7223a4375eb8f1a782fcae010a7115cf","name":"Blanca","image":{"@type":"ImageObject","inLanguage":"es","@id":"https:\/\/secure.gravatar.com\/avatar\/3f79bc8336367a4e6093eae8757acaaf61d1124834b905616de7829b0273426d?s=96&d=mm&r=g","url":"https:\/\/secure.gravatar.com\/avatar\/3f79bc8336367a4e6093eae8757acaaf61d1124834b905616de7829b0273426d?s=96&d=mm&r=g","contentUrl":"https:\/\/secure.gravatar.com\/avatar\/3f79bc8336367a4e6093eae8757acaaf61d1124834b905616de7829b0273426d?s=96&d=mm&r=g","caption":"Blanca"},"url":"https:\/\/redamlo.com\/index.php\/author\/blanca\/"}]}},"_links":{"self":[{"href":"https:\/\/redamlo.com\/index.php\/wp-json\/wp\/v2\/posts\/4253","targetHints":{"allow":["GET"]}}],"collection":[{"href":"https:\/\/redamlo.com\/index.php\/wp-json\/wp\/v2\/posts"}],"about":[{"href":"https:\/\/redamlo.com\/index.php\/wp-json\/wp\/v2\/types\/post"}],"author":[{"embeddable":true,"href":"https:\/\/redamlo.com\/index.php\/wp-json\/wp\/v2\/users\/2"}],"replies":[{"embeddable":true,"href":"https:\/\/redamlo.com\/index.php\/wp-json\/wp\/v2\/comments?post=4253"}],"version-history":[{"count":0,"href":"https:\/\/redamlo.com\/index.php\/wp-json\/wp\/v2\/posts\/4253\/revisions"}],"wp:featuredmedia":[{"embeddable":true,"href":"https:\/\/redamlo.com\/index.php\/wp-json\/wp\/v2\/media\/4255"}],"wp:attachment":[{"href":"https:\/\/redamlo.com\/index.php\/wp-json\/wp\/v2\/media?parent=4253"}],"wp:term":[{"taxonomy":"category","embeddable":true,"href":"https:\/\/redamlo.com\/index.php\/wp-json\/wp\/v2\/categories?post=4253"},{"taxonomy":"post_tag","embeddable":true,"href":"https:\/\/redamlo.com\/index.php\/wp-json\/wp\/v2\/tags?post=4253"}],"curies":[{"name":"wp","href":"https:\/\/api.w.org\/{rel}","templated":true}]}}