{"id":4247,"date":"2021-05-07T06:32:28","date_gmt":"2021-05-07T11:32:28","guid":{"rendered":"https:\/\/redamlo.com\/?p=4247"},"modified":"2021-05-07T06:32:28","modified_gmt":"2021-05-07T11:32:28","slug":"terminar-con-la-desigualdad-social-un-compromiso-de-gallardo-cardona","status":"publish","type":"post","link":"https:\/\/redamlo.com\/index.php\/2021\/05\/07\/terminar-con-la-desigualdad-social-un-compromiso-de-gallardo-cardona\/","title":{"rendered":"Terminar con la desigualdad social un compromiso de Gallardo Cardona"},"content":{"rendered":"<p>El candidato de la coalici\u00f3n &#8220;Juntos Haremos Historia&#8221;, Ricardo Gallardo Cardona, afirm\u00f3 que cada acci\u00f3n y programa de su gobierno ir\u00e1 encaminado al bienestar, tranquilidad y prosperidad de las familias potosinas, reiterando que al d\u00eda de hoy los gobiernos que han pasado por el cargo no han tenido las condiciones b\u00e1sicas necesarias para el desarrollo de los habitantes, acumulando 90 a\u00f1os de malos gobernantes.<\/p>\n<p>Declar\u00f3 \u201cLas y los potosinos no vamos a acostumbrarnos a la corrupci\u00f3n y al abandono institucional y \u00e9ste 6 de junio haremos el cambio\u201d, dejando claro que en sus anteriores cargos ya ha demostrado tener experiencia, fuerza de voluntad y solidaridad para dar resultados siempre justos ya que de esta misma forma ser\u00e1 en las cuatro regiones del Estado.<\/p>\n<p>Gallardo, destac\u00f3 la importancia que tiene combatir la _desigualdad_ ya que en sus palabras, se ha convertido en el c\u00e1ncer de SLP y se fue dando por un se\u00f1or\u00edo excluyente que se ha enriquecido a manos llenas y permitido que la pobreza, el hambre y la delincuencia, se apoderaron de cada calle, colonia, pueblo y municipio.<\/p>\n<p>_El Pollo_ Gallardo reiter\u00f3 su compromiso con todas y todos aquellos habitantes que no tienen lo m\u00ednimo para subsistir, asegurando que llevar\u00e1 oportunidades para tener una calidad de vida digna, comentando que no sabe por qu\u00e9 han sido olvidados y nunca les ha llegado una ayuda, dej\u00e1ndolos con desnutrici\u00f3n y sin servicios de salud.<\/p>\n<p>Cardona asegur\u00f3 que en su gobierno cada poblador ser\u00e1 dignificado y que no concentrar\u00e1 su atenci\u00f3n en conservar el poder, como hasta ahora se vine haciendo, de \u00e9sta forma solicit\u00f3 el voto \u00fatil a la ciudadan\u00eda para imponer un gobierno disciplinado, eficiente y con la fuerza necesaria para ejercer un &#8220;Buen Gobierno&#8221;.<\/p>\n<p>Para finalizar declar\u00f3 \u201cVamos a cambiar \u00e9sta forma de hacer pol\u00edtica, esa pol\u00edtica que tanto da\u00f1o le ha hecho a nuestro estado, su amigo, \u201cEl Pollo\u201d Gallardo, tiene muy claro que la gente es lo importante, lo \u00fanico y verdaderamente importante y por eso, les vamos a poner un freno, los vamos a enfrentar en las urnas y haremos realidad \u00e9ste cambio\u201d.<\/p>\n","protected":false},"excerpt":{"rendered":"<p>El candidato de la coalici\u00f3n &#8220;Juntos Haremos Historia&#8221;, Ricardo Gallardo Cardona, afirm\u00f3 que cada acci\u00f3n&#8230;<\/p>\n","protected":false},"author":2,"featured_media":4248,"comment_status":"open","ping_status":"closed","sticky":false,"template":"","format":"standard","meta":{"footnotes":""},"categories":[1],"tags":[761,795,389,390,790,764],"class_list":["post-4247","post","type-post","status-publish","format-standard","has-post-thumbnail","hentry","category-uncategorized","tag-el-pollo-gallardo","tag-juntos-haremos-historia","tag-pt","tag-pvem","tag-ricardo-gallardo-cardona","tag-slp"],"yoast_head":"<!-- This site is optimized with the Yoast SEO plugin v27.5 - https:\/\/yoast.com\/product\/yoast-seo-wordpress\/ -->\n<title>Terminar con la desigualdad social un compromiso de Gallardo Cardona - NOTICIAS DE LA 4T<\/title>\n<meta name=\"robots\" content=\"noindex, follow, max-snippet:-1, max-image-preview:large, max-video-preview:-1\" \/>\n<meta property=\"og:locale\" content=\"es_MX\" \/>\n<meta property=\"og:type\" content=\"article\" \/>\n<meta property=\"og:title\" content=\"Terminar con la desigualdad social un compromiso de Gallardo Cardona - NOTICIAS DE LA 4T\" \/>\n<meta property=\"og:description\" content=\"El candidato de la coalici\u00f3n &#8220;Juntos Haremos Historia&#8221;, Ricardo Gallardo Cardona, afirm\u00f3 que cada acci\u00f3n...\" \/>\n<meta property=\"og:url\" content=\"https:\/\/redamlo.com\/index.php\/2021\/05\/07\/terminar-con-la-desigualdad-social-un-compromiso-de-gallardo-cardona\/\" \/>\n<meta property=\"og:site_name\" content=\"NOTICIAS DE LA 4T\" \/>\n<meta property=\"article:published_time\" content=\"2021-05-07T11:32:28+00:00\" \/>\n<meta property=\"og:image\" content=\"https:\/\/redamlo.com\/wp-content\/uploads\/2021\/05\/20210507_061131.jpg\" \/>\n\t<meta property=\"og:image:width\" content=\"1024\" \/>\n\t<meta property=\"og:image:height\" content=\"682\" \/>\n\t<meta property=\"og:image:type\" content=\"image\/jpeg\" \/>\n<meta name=\"author\" content=\"Blanca\" \/>\n<meta name=\"twitter:card\" content=\"summary_large_image\" \/>\n<meta name=\"twitter:label1\" content=\"Escrito por\" \/>\n\t<meta name=\"twitter:data1\" content=\"Blanca\" \/>\n\t<meta name=\"twitter:label2\" content=\"Tiempo de lectura\" \/>\n\t<meta name=\"twitter:data2\" content=\"2 minutos\" \/>\n<script type=\"application\/ld+json\" class=\"yoast-schema-graph\">{\"@context\":\"https:\\\/\\\/schema.org\",\"@graph\":[{\"@type\":\"Article\",\"@id\":\"https:\\\/\\\/redamlo.com\\\/index.php\\\/2021\\\/05\\\/07\\\/terminar-con-la-desigualdad-social-un-compromiso-de-gallardo-cardona\\\/#article\",\"isPartOf\":{\"@id\":\"https:\\\/\\\/redamlo.com\\\/index.php\\\/2021\\\/05\\\/07\\\/terminar-con-la-desigualdad-social-un-compromiso-de-gallardo-cardona\\\/\"},\"author\":{\"name\":\"Blanca\",\"@id\":\"https:\\\/\\\/redamlo.com\\\/#\\\/schema\\\/person\\\/7223a4375eb8f1a782fcae010a7115cf\"},\"headline\":\"Terminar con la desigualdad social un compromiso de Gallardo Cardona\",\"datePublished\":\"2021-05-07T11:32:28+00:00\",\"mainEntityOfPage\":{\"@id\":\"https:\\\/\\\/redamlo.com\\\/index.php\\\/2021\\\/05\\\/07\\\/terminar-con-la-desigualdad-social-un-compromiso-de-gallardo-cardona\\\/\"},\"wordCount\":372,\"commentCount\":0,\"publisher\":{\"@id\":\"https:\\\/\\\/redamlo.com\\\/#organization\"},\"image\":{\"@id\":\"https:\\\/\\\/redamlo.com\\\/index.php\\\/2021\\\/05\\\/07\\\/terminar-con-la-desigualdad-social-un-compromiso-de-gallardo-cardona\\\/#primaryimage\"},\"thumbnailUrl\":\"https:\\\/\\\/redamlo.com\\\/wp-content\\\/uploads\\\/2021\\\/05\\\/20210507_061131.jpg\",\"keywords\":[\"El Pollo Gallardo\",\"Juntos Haremos Historia\",\"PT\",\"PVEM\",\"Ricardo Gallardo Cardona\",\"SLP\"],\"articleSection\":[\"Uncategorized\"],\"inLanguage\":\"es\",\"potentialAction\":[{\"@type\":\"CommentAction\",\"name\":\"Comment\",\"target\":[\"https:\\\/\\\/redamlo.com\\\/index.php\\\/2021\\\/05\\\/07\\\/terminar-con-la-desigualdad-social-un-compromiso-de-gallardo-cardona\\\/#respond\"]}]},{\"@type\":\"WebPage\",\"@id\":\"https:\\\/\\\/redamlo.com\\\/index.php\\\/2021\\\/05\\\/07\\\/terminar-con-la-desigualdad-social-un-compromiso-de-gallardo-cardona\\\/\",\"url\":\"https:\\\/\\\/redamlo.com\\\/index.php\\\/2021\\\/05\\\/07\\\/terminar-con-la-desigualdad-social-un-compromiso-de-gallardo-cardona\\\/\",\"name\":\"Terminar con la desigualdad social un compromiso de Gallardo Cardona - NOTICIAS DE LA 4T\",\"isPartOf\":{\"@id\":\"https:\\\/\\\/redamlo.com\\\/#website\"},\"primaryImageOfPage\":{\"@id\":\"https:\\\/\\\/redamlo.com\\\/index.php\\\/2021\\\/05\\\/07\\\/terminar-con-la-desigualdad-social-un-compromiso-de-gallardo-cardona\\\/#primaryimage\"},\"image\":{\"@id\":\"https:\\\/\\\/redamlo.com\\\/index.php\\\/2021\\\/05\\\/07\\\/terminar-con-la-desigualdad-social-un-compromiso-de-gallardo-cardona\\\/#primaryimage\"},\"thumbnailUrl\":\"https:\\\/\\\/redamlo.com\\\/wp-content\\\/uploads\\\/2021\\\/05\\\/20210507_061131.jpg\",\"datePublished\":\"2021-05-07T11:32:28+00:00\",\"breadcrumb\":{\"@id\":\"https:\\\/\\\/redamlo.com\\\/index.php\\\/2021\\\/05\\\/07\\\/terminar-con-la-desigualdad-social-un-compromiso-de-gallardo-cardona\\\/#breadcrumb\"},\"inLanguage\":\"es\",\"potentialAction\":[{\"@type\":\"ReadAction\",\"target\":[\"https:\\\/\\\/redamlo.com\\\/index.php\\\/2021\\\/05\\\/07\\\/terminar-con-la-desigualdad-social-un-compromiso-de-gallardo-cardona\\\/\"]}]},{\"@type\":\"ImageObject\",\"inLanguage\":\"es\",\"@id\":\"https:\\\/\\\/redamlo.com\\\/index.php\\\/2021\\\/05\\\/07\\\/terminar-con-la-desigualdad-social-un-compromiso-de-gallardo-cardona\\\/#primaryimage\",\"url\":\"https:\\\/\\\/redamlo.com\\\/wp-content\\\/uploads\\\/2021\\\/05\\\/20210507_061131.jpg\",\"contentUrl\":\"https:\\\/\\\/redamlo.com\\\/wp-content\\\/uploads\\\/2021\\\/05\\\/20210507_061131.jpg\",\"width\":1024,\"height\":682},{\"@type\":\"BreadcrumbList\",\"@id\":\"https:\\\/\\\/redamlo.com\\\/index.php\\\/2021\\\/05\\\/07\\\/terminar-con-la-desigualdad-social-un-compromiso-de-gallardo-cardona\\\/#breadcrumb\",\"itemListElement\":[{\"@type\":\"ListItem\",\"position\":1,\"name\":\"Inicio\",\"item\":\"https:\\\/\\\/redamlo.com\\\/\"},{\"@type\":\"ListItem\",\"position\":2,\"name\":\"Terminar con la desigualdad social un compromiso de Gallardo Cardona\"}]},{\"@type\":\"WebSite\",\"@id\":\"https:\\\/\\\/redamlo.com\\\/#website\",\"url\":\"https:\\\/\\\/redamlo.com\\\/\",\"name\":\"NOTICIAS DE LA 4T\",\"description\":\"\",\"publisher\":{\"@id\":\"https:\\\/\\\/redamlo.com\\\/#organization\"},\"potentialAction\":[{\"@type\":\"SearchAction\",\"target\":{\"@type\":\"EntryPoint\",\"urlTemplate\":\"https:\\\/\\\/redamlo.com\\\/?s={search_term_string}\"},\"query-input\":{\"@type\":\"PropertyValueSpecification\",\"valueRequired\":true,\"valueName\":\"search_term_string\"}}],\"inLanguage\":\"es\"},{\"@type\":\"Organization\",\"@id\":\"https:\\\/\\\/redamlo.com\\\/#organization\",\"name\":\"NOTICIAS DE LA 4T\",\"url\":\"https:\\\/\\\/redamlo.com\\\/\",\"logo\":{\"@type\":\"ImageObject\",\"inLanguage\":\"es\",\"@id\":\"https:\\\/\\\/redamlo.com\\\/#\\\/schema\\\/logo\\\/image\\\/\",\"url\":\"https:\\\/\\\/redamlo.com\\\/wp-content\\\/uploads\\\/2024\\\/08\\\/cropped-RED-AMLO-logo-50.png\",\"contentUrl\":\"https:\\\/\\\/redamlo.com\\\/wp-content\\\/uploads\\\/2024\\\/08\\\/cropped-RED-AMLO-logo-50.png\",\"width\":256,\"height\":256,\"caption\":\"NOTICIAS DE LA 4T\"},\"image\":{\"@id\":\"https:\\\/\\\/redamlo.com\\\/#\\\/schema\\\/logo\\\/image\\\/\"}},{\"@type\":\"Person\",\"@id\":\"https:\\\/\\\/redamlo.com\\\/#\\\/schema\\\/person\\\/7223a4375eb8f1a782fcae010a7115cf\",\"name\":\"Blanca\",\"image\":{\"@type\":\"ImageObject\",\"inLanguage\":\"es\",\"@id\":\"https:\\\/\\\/secure.gravatar.com\\\/avatar\\\/3f79bc8336367a4e6093eae8757acaaf61d1124834b905616de7829b0273426d?s=96&d=mm&r=g\",\"url\":\"https:\\\/\\\/secure.gravatar.com\\\/avatar\\\/3f79bc8336367a4e6093eae8757acaaf61d1124834b905616de7829b0273426d?s=96&d=mm&r=g\",\"contentUrl\":\"https:\\\/\\\/secure.gravatar.com\\\/avatar\\\/3f79bc8336367a4e6093eae8757acaaf61d1124834b905616de7829b0273426d?s=96&d=mm&r=g\",\"caption\":\"Blanca\"},\"url\":\"https:\\\/\\\/redamlo.com\\\/index.php\\\/author\\\/blanca\\\/\"}]}<\/script>\n<!-- \/ Yoast SEO plugin. -->","yoast_head_json":{"title":"Terminar con la desigualdad social un compromiso de Gallardo Cardona - NOTICIAS DE LA 4T","robots":{"index":"noindex","follow":"follow","max-snippet":"max-snippet:-1","max-image-preview":"max-image-preview:large","max-video-preview":"max-video-preview:-1"},"og_locale":"es_MX","og_type":"article","og_title":"Terminar con la desigualdad social un compromiso de Gallardo Cardona - NOTICIAS DE LA 4T","og_description":"El candidato de la coalici\u00f3n &#8220;Juntos Haremos Historia&#8221;, Ricardo Gallardo Cardona, afirm\u00f3 que cada acci\u00f3n...","og_url":"https:\/\/redamlo.com\/index.php\/2021\/05\/07\/terminar-con-la-desigualdad-social-un-compromiso-de-gallardo-cardona\/","og_site_name":"NOTICIAS DE LA 4T","article_published_time":"2021-05-07T11:32:28+00:00","og_image":[{"width":1024,"height":682,"url":"https:\/\/redamlo.com\/wp-content\/uploads\/2021\/05\/20210507_061131.jpg","type":"image\/jpeg"}],"author":"Blanca","twitter_card":"summary_large_image","twitter_misc":{"Escrito por":"Blanca","Tiempo de lectura":"2 minutos"},"schema":{"@context":"https:\/\/schema.org","@graph":[{"@type":"Article","@id":"https:\/\/redamlo.com\/index.php\/2021\/05\/07\/terminar-con-la-desigualdad-social-un-compromiso-de-gallardo-cardona\/#article","isPartOf":{"@id":"https:\/\/redamlo.com\/index.php\/2021\/05\/07\/terminar-con-la-desigualdad-social-un-compromiso-de-gallardo-cardona\/"},"author":{"name":"Blanca","@id":"https:\/\/redamlo.com\/#\/schema\/person\/7223a4375eb8f1a782fcae010a7115cf"},"headline":"Terminar con la desigualdad social un compromiso de Gallardo Cardona","datePublished":"2021-05-07T11:32:28+00:00","mainEntityOfPage":{"@id":"https:\/\/redamlo.com\/index.php\/2021\/05\/07\/terminar-con-la-desigualdad-social-un-compromiso-de-gallardo-cardona\/"},"wordCount":372,"commentCount":0,"publisher":{"@id":"https:\/\/redamlo.com\/#organization"},"image":{"@id":"https:\/\/redamlo.com\/index.php\/2021\/05\/07\/terminar-con-la-desigualdad-social-un-compromiso-de-gallardo-cardona\/#primaryimage"},"thumbnailUrl":"https:\/\/redamlo.com\/wp-content\/uploads\/2021\/05\/20210507_061131.jpg","keywords":["El Pollo Gallardo","Juntos Haremos Historia","PT","PVEM","Ricardo Gallardo Cardona","SLP"],"articleSection":["Uncategorized"],"inLanguage":"es","potentialAction":[{"@type":"CommentAction","name":"Comment","target":["https:\/\/redamlo.com\/index.php\/2021\/05\/07\/terminar-con-la-desigualdad-social-un-compromiso-de-gallardo-cardona\/#respond"]}]},{"@type":"WebPage","@id":"https:\/\/redamlo.com\/index.php\/2021\/05\/07\/terminar-con-la-desigualdad-social-un-compromiso-de-gallardo-cardona\/","url":"https:\/\/redamlo.com\/index.php\/2021\/05\/07\/terminar-con-la-desigualdad-social-un-compromiso-de-gallardo-cardona\/","name":"Terminar con la desigualdad social un compromiso de Gallardo Cardona - NOTICIAS DE LA 4T","isPartOf":{"@id":"https:\/\/redamlo.com\/#website"},"primaryImageOfPage":{"@id":"https:\/\/redamlo.com\/index.php\/2021\/05\/07\/terminar-con-la-desigualdad-social-un-compromiso-de-gallardo-cardona\/#primaryimage"},"image":{"@id":"https:\/\/redamlo.com\/index.php\/2021\/05\/07\/terminar-con-la-desigualdad-social-un-compromiso-de-gallardo-cardona\/#primaryimage"},"thumbnailUrl":"https:\/\/redamlo.com\/wp-content\/uploads\/2021\/05\/20210507_061131.jpg","datePublished":"2021-05-07T11:32:28+00:00","breadcrumb":{"@id":"https:\/\/redamlo.com\/index.php\/2021\/05\/07\/terminar-con-la-desigualdad-social-un-compromiso-de-gallardo-cardona\/#breadcrumb"},"inLanguage":"es","potentialAction":[{"@type":"ReadAction","target":["https:\/\/redamlo.com\/index.php\/2021\/05\/07\/terminar-con-la-desigualdad-social-un-compromiso-de-gallardo-cardona\/"]}]},{"@type":"ImageObject","inLanguage":"es","@id":"https:\/\/redamlo.com\/index.php\/2021\/05\/07\/terminar-con-la-desigualdad-social-un-compromiso-de-gallardo-cardona\/#primaryimage","url":"https:\/\/redamlo.com\/wp-content\/uploads\/2021\/05\/20210507_061131.jpg","contentUrl":"https:\/\/redamlo.com\/wp-content\/uploads\/2021\/05\/20210507_061131.jpg","width":1024,"height":682},{"@type":"BreadcrumbList","@id":"https:\/\/redamlo.com\/index.php\/2021\/05\/07\/terminar-con-la-desigualdad-social-un-compromiso-de-gallardo-cardona\/#breadcrumb","itemListElement":[{"@type":"ListItem","position":1,"name":"Inicio","item":"https:\/\/redamlo.com\/"},{"@type":"ListItem","position":2,"name":"Terminar con la desigualdad social un compromiso de Gallardo Cardona"}]},{"@type":"WebSite","@id":"https:\/\/redamlo.com\/#website","url":"https:\/\/redamlo.com\/","name":"NOTICIAS DE LA 4T","description":"","publisher":{"@id":"https:\/\/redamlo.com\/#organization"},"potentialAction":[{"@type":"SearchAction","target":{"@type":"EntryPoint","urlTemplate":"https:\/\/redamlo.com\/?s={search_term_string}"},"query-input":{"@type":"PropertyValueSpecification","valueRequired":true,"valueName":"search_term_string"}}],"inLanguage":"es"},{"@type":"Organization","@id":"https:\/\/redamlo.com\/#organization","name":"NOTICIAS DE LA 4T","url":"https:\/\/redamlo.com\/","logo":{"@type":"ImageObject","inLanguage":"es","@id":"https:\/\/redamlo.com\/#\/schema\/logo\/image\/","url":"https:\/\/redamlo.com\/wp-content\/uploads\/2024\/08\/cropped-RED-AMLO-logo-50.png","contentUrl":"https:\/\/redamlo.com\/wp-content\/uploads\/2024\/08\/cropped-RED-AMLO-logo-50.png","width":256,"height":256,"caption":"NOTICIAS DE LA 4T"},"image":{"@id":"https:\/\/redamlo.com\/#\/schema\/logo\/image\/"}},{"@type":"Person","@id":"https:\/\/redamlo.com\/#\/schema\/person\/7223a4375eb8f1a782fcae010a7115cf","name":"Blanca","image":{"@type":"ImageObject","inLanguage":"es","@id":"https:\/\/secure.gravatar.com\/avatar\/3f79bc8336367a4e6093eae8757acaaf61d1124834b905616de7829b0273426d?s=96&d=mm&r=g","url":"https:\/\/secure.gravatar.com\/avatar\/3f79bc8336367a4e6093eae8757acaaf61d1124834b905616de7829b0273426d?s=96&d=mm&r=g","contentUrl":"https:\/\/secure.gravatar.com\/avatar\/3f79bc8336367a4e6093eae8757acaaf61d1124834b905616de7829b0273426d?s=96&d=mm&r=g","caption":"Blanca"},"url":"https:\/\/redamlo.com\/index.php\/author\/blanca\/"}]}},"_links":{"self":[{"href":"https:\/\/redamlo.com\/index.php\/wp-json\/wp\/v2\/posts\/4247","targetHints":{"allow":["GET"]}}],"collection":[{"href":"https:\/\/redamlo.com\/index.php\/wp-json\/wp\/v2\/posts"}],"about":[{"href":"https:\/\/redamlo.com\/index.php\/wp-json\/wp\/v2\/types\/post"}],"author":[{"embeddable":true,"href":"https:\/\/redamlo.com\/index.php\/wp-json\/wp\/v2\/users\/2"}],"replies":[{"embeddable":true,"href":"https:\/\/redamlo.com\/index.php\/wp-json\/wp\/v2\/comments?post=4247"}],"version-history":[{"count":0,"href":"https:\/\/redamlo.com\/index.php\/wp-json\/wp\/v2\/posts\/4247\/revisions"}],"wp:featuredmedia":[{"embeddable":true,"href":"https:\/\/redamlo.com\/index.php\/wp-json\/wp\/v2\/media\/4248"}],"wp:attachment":[{"href":"https:\/\/redamlo.com\/index.php\/wp-json\/wp\/v2\/media?parent=4247"}],"wp:term":[{"taxonomy":"category","embeddable":true,"href":"https:\/\/redamlo.com\/index.php\/wp-json\/wp\/v2\/categories?post=4247"},{"taxonomy":"post_tag","embeddable":true,"href":"https:\/\/redamlo.com\/index.php\/wp-json\/wp\/v2\/tags?post=4247"}],"curies":[{"name":"wp","href":"https:\/\/api.w.org\/{rel}","templated":true}]}}