{"id":4243,"date":"2021-05-06T14:47:58","date_gmt":"2021-05-06T19:47:58","guid":{"rendered":"https:\/\/redamlo.com\/?p=4243"},"modified":"2021-05-06T14:47:58","modified_gmt":"2021-05-06T19:47:58","slug":"impulsaremos-una-ciudad-que-permita-la-edificacion-de-vivienda-digna-y-de-calidad-para-los-meridanos-veronica-camino","status":"publish","type":"post","link":"https:\/\/redamlo.com\/index.php\/2021\/05\/06\/impulsaremos-una-ciudad-que-permita-la-edificacion-de-vivienda-digna-y-de-calidad-para-los-meridanos-veronica-camino\/","title":{"rendered":"Impulsaremos una ciudad que permita la edificaci\u00f3n de vivienda digna y de calidad para los meridanos: Veronica Camino"},"content":{"rendered":"<p>M\u00e9rida, Yucat\u00e1n, 03 de abril del 2020.- \u201cTenemos el compromiso de apoyar el desarrollo de vivienda digna y asequible, en el que se otorgue infraestructura, servicios y seguridad p\u00fablica de calidad a la ciudadan\u00eda\u201d, dijo Ver\u00f3nica Camino Farjat, candidata de Morena a la alcald\u00eda de M\u00e9rida.<\/p>\n<p>Durante un foro con quienes contienden a la alcald\u00eda de M\u00e9rida, organizado por la C\u00e1mara Nacional de la Industria de Desarrollo y Promoci\u00f3n de Vivienda (Canadevi), delegaci\u00f3n Yucat\u00e1n abund\u00f3 en cinco l\u00edneas de trabajo concernientes al gremio: urbanismo, sustentabilidad, espacio p\u00fablico e infraestructura, gobierno digital y movilidad y transporte.<\/p>\n<p>Sobre el urbanismo, indic\u00f3 que el crecimiento de M\u00e9rida es inminente, por lo que se cuidar\u00e1 la zona urbana existente con densificaci\u00f3n que se base en la capacidad de los servicios, la vialidad y la infraestructura necesaria para estos espacios.<\/p>\n<p>Para los espacios urbanos que se encuentran fuera del perif\u00e9rico meridano, se implementar\u00e1 un marco legal innovador y espec\u00edfico que, mediante nuevas normas, permita tener una densificaci\u00f3n que integre proyectos de estructura vial para facilitar la conectividad con otras \u00e1reas de la ciudad, que mejore los servicios y consolide la integraci\u00f3n urbana.<\/p>\n<p>En el tema de la sustentabilidad, abund\u00f3 sobre el incremento de la contaminaci\u00f3n en M\u00e9rida derivado de la inexistencia de pol\u00edticas claras sobre el tratamiento de aguas residuales y el drenaje pluvial, que son causantes de una buena parte de la poluci\u00f3n en la urbe.<\/p>\n<p>\u201cLa falta de pol\u00edticas p\u00fablicas efectivas y la imposici\u00f3n por obligaci\u00f3n y por norma de sistemas no acordes a la realidad de la ciudadan\u00eda, han provocado inundaciones y da\u00f1os al patrimonio de las personas en diversas zonas de la ciudad\u201d, dijo.<\/p>\n<p>Adem\u00e1s, se iniciar\u00e1 el estudio de un sistema de recolecci\u00f3n y destino final de aguas negras en el municipio y, con base en \u00e9l, se impulsar\u00e1 la construcci\u00f3n de sistemas de tratamiento de aguas en el Centro Hist\u00f3rico y en las comisar\u00edas, ya que en estas zonas se cuenta con sumideros y no con dispositivos modernos y adecuados para este tratamiento.<\/p>\n<p>Gracias a sus recorridos por diversos pol\u00edgonos y comisar\u00edas de la ciudad, la candidata ha constatado las condiciones de los espacios p\u00fablicos y la infraestructura con la que cuentan las y los vecinos de M\u00e9rida, por lo que propone la intervenci\u00f3n conjunta de empresarios y Ayuntamiento para generar espacios p\u00fablicos disfrutables y con equipamiento para beneficio de las personas.<\/p>\n<p>\u201cLa nueva visi\u00f3n de un municipio incluyente y legal, compromete a todos en brindar ciudad. Los desarrollos tendr\u00e1n facilidades administrativas, pero requieren de una mejor calidad de ciudad y de espacios p\u00fablicos\u201d, coment\u00f3,<\/p>\n<p>Sobre el tema del Gobierno digital, Camino Farjat indic\u00f3 que su administraci\u00f3n promover\u00e1 la gesti\u00f3n en tr\u00e1mites y permisos de forma sencilla, se eliminar\u00e1n aquellos estudios y autorizaciones que han demostrado no tener utilidad y solamente encarecen las gestiones.<\/p>\n<p>\u201cM\u00e9rida necesita de una autoridad que haga lo que le corresponde: cambiar la reglamentaci\u00f3n dejar de normal con disposiciones administrativas y ordenar la ciudad. Solo una ciudad ordenada puede ofrecer calidad de vida a todos sus habitantes y fomentar la econom\u00eda\u201d, apunt\u00f3.<\/p>\n<p>Por \u00faltimo, sobre movilidad y transporte, propuso realizar un proyecto de conectividad, con vialidades que facilitar\u00e1n a la ciudadan\u00eda, acceder y moverse por el territorio de manera sencilla, r\u00e1pida y segura, es decir con un mejor y m\u00e1s equilibrado desarrollo de las poblaciones.<\/p>\n<p>\u201cSi bien el tema del transporte p\u00fablico es de \u00edndole estatal, nosotros intervendremos de modo coordinado pero decidido, para inducir el transporte p\u00fablico por las vialidades principales; continuaremos el proyecto de movilidad, pero de forma correcta, donde cada persona pueda utilizar el modo de transporte que le convenga.<\/p>\n","protected":false},"excerpt":{"rendered":"<p>M\u00e9rida, Yucat\u00e1n, 03 de abril del 2020.- \u201cTenemos el compromiso de apoyar el desarrollo de&#8230;<\/p>\n","protected":false},"author":2,"featured_media":4245,"comment_status":"open","ping_status":"closed","sticky":false,"template":"","format":"standard","meta":{"footnotes":""},"categories":[25],"tags":[811,24,812],"class_list":["post-4243","post","type-post","status-publish","format-standard","has-post-thumbnail","hentry","category-4t","tag-merida","tag-morena","tag-veronica-camino"],"yoast_head":"<!-- This site is optimized with the Yoast SEO plugin v27.5 - https:\/\/yoast.com\/product\/yoast-seo-wordpress\/ -->\n<title>Impulsaremos una ciudad que permita la edificaci\u00f3n de vivienda digna y de calidad para los meridanos: Veronica Camino - NOTICIAS DE LA 4T<\/title>\n<meta name=\"robots\" content=\"noindex, follow, max-snippet:-1, max-image-preview:large, max-video-preview:-1\" \/>\n<meta property=\"og:locale\" content=\"es_MX\" \/>\n<meta property=\"og:type\" content=\"article\" \/>\n<meta property=\"og:title\" content=\"Impulsaremos una ciudad que permita la edificaci\u00f3n de vivienda digna y de calidad para los meridanos: Veronica Camino - NOTICIAS DE LA 4T\" \/>\n<meta property=\"og:description\" content=\"M\u00e9rida, Yucat\u00e1n, 03 de abril del 2020.- \u201cTenemos el compromiso de apoyar el desarrollo de...\" \/>\n<meta property=\"og:url\" content=\"https:\/\/redamlo.com\/index.php\/2021\/05\/06\/impulsaremos-una-ciudad-que-permita-la-edificacion-de-vivienda-digna-y-de-calidad-para-los-meridanos-veronica-camino\/\" \/>\n<meta property=\"og:site_name\" content=\"NOTICIAS DE LA 4T\" \/>\n<meta property=\"article:published_time\" content=\"2021-05-06T19:47:58+00:00\" \/>\n<meta property=\"og:image\" content=\"https:\/\/redamlo.com\/wp-content\/uploads\/2021\/05\/1556D852-5C31-4C71-99DA-2314780C7258.jpeg\" \/>\n\t<meta property=\"og:image:width\" content=\"902\" \/>\n\t<meta property=\"og:image:height\" content=\"676\" \/>\n\t<meta property=\"og:image:type\" content=\"image\/jpeg\" \/>\n<meta name=\"author\" content=\"Blanca\" \/>\n<meta name=\"twitter:card\" content=\"summary_large_image\" \/>\n<meta name=\"twitter:label1\" content=\"Escrito por\" \/>\n\t<meta name=\"twitter:data1\" content=\"Blanca\" \/>\n\t<meta name=\"twitter:label2\" content=\"Tiempo de lectura\" \/>\n\t<meta name=\"twitter:data2\" content=\"3 minutos\" \/>\n<script type=\"application\/ld+json\" class=\"yoast-schema-graph\">{\"@context\":\"https:\\\/\\\/schema.org\",\"@graph\":[{\"@type\":\"Article\",\"@id\":\"https:\\\/\\\/redamlo.com\\\/index.php\\\/2021\\\/05\\\/06\\\/impulsaremos-una-ciudad-que-permita-la-edificacion-de-vivienda-digna-y-de-calidad-para-los-meridanos-veronica-camino\\\/#article\",\"isPartOf\":{\"@id\":\"https:\\\/\\\/redamlo.com\\\/index.php\\\/2021\\\/05\\\/06\\\/impulsaremos-una-ciudad-que-permita-la-edificacion-de-vivienda-digna-y-de-calidad-para-los-meridanos-veronica-camino\\\/\"},\"author\":{\"name\":\"Blanca\",\"@id\":\"https:\\\/\\\/redamlo.com\\\/#\\\/schema\\\/person\\\/7223a4375eb8f1a782fcae010a7115cf\"},\"headline\":\"Impulsaremos una ciudad que permita la edificaci\u00f3n de vivienda digna y de calidad para los meridanos: Veronica Camino\",\"datePublished\":\"2021-05-06T19:47:58+00:00\",\"mainEntityOfPage\":{\"@id\":\"https:\\\/\\\/redamlo.com\\\/index.php\\\/2021\\\/05\\\/06\\\/impulsaremos-una-ciudad-que-permita-la-edificacion-de-vivienda-digna-y-de-calidad-para-los-meridanos-veronica-camino\\\/\"},\"wordCount\":674,\"commentCount\":0,\"publisher\":{\"@id\":\"https:\\\/\\\/redamlo.com\\\/#organization\"},\"image\":{\"@id\":\"https:\\\/\\\/redamlo.com\\\/index.php\\\/2021\\\/05\\\/06\\\/impulsaremos-una-ciudad-que-permita-la-edificacion-de-vivienda-digna-y-de-calidad-para-los-meridanos-veronica-camino\\\/#primaryimage\"},\"thumbnailUrl\":\"https:\\\/\\\/redamlo.com\\\/wp-content\\\/uploads\\\/2021\\\/05\\\/1556D852-5C31-4C71-99DA-2314780C7258.jpeg\",\"keywords\":[\"M\u00e9rida\",\"Morena\",\"Veronica Camino\"],\"articleSection\":[\"4T\"],\"inLanguage\":\"es\",\"potentialAction\":[{\"@type\":\"CommentAction\",\"name\":\"Comment\",\"target\":[\"https:\\\/\\\/redamlo.com\\\/index.php\\\/2021\\\/05\\\/06\\\/impulsaremos-una-ciudad-que-permita-la-edificacion-de-vivienda-digna-y-de-calidad-para-los-meridanos-veronica-camino\\\/#respond\"]}]},{\"@type\":\"WebPage\",\"@id\":\"https:\\\/\\\/redamlo.com\\\/index.php\\\/2021\\\/05\\\/06\\\/impulsaremos-una-ciudad-que-permita-la-edificacion-de-vivienda-digna-y-de-calidad-para-los-meridanos-veronica-camino\\\/\",\"url\":\"https:\\\/\\\/redamlo.com\\\/index.php\\\/2021\\\/05\\\/06\\\/impulsaremos-una-ciudad-que-permita-la-edificacion-de-vivienda-digna-y-de-calidad-para-los-meridanos-veronica-camino\\\/\",\"name\":\"Impulsaremos una ciudad que permita la edificaci\u00f3n de vivienda digna y de calidad para los meridanos: Veronica Camino - NOTICIAS DE LA 4T\",\"isPartOf\":{\"@id\":\"https:\\\/\\\/redamlo.com\\\/#website\"},\"primaryImageOfPage\":{\"@id\":\"https:\\\/\\\/redamlo.com\\\/index.php\\\/2021\\\/05\\\/06\\\/impulsaremos-una-ciudad-que-permita-la-edificacion-de-vivienda-digna-y-de-calidad-para-los-meridanos-veronica-camino\\\/#primaryimage\"},\"image\":{\"@id\":\"https:\\\/\\\/redamlo.com\\\/index.php\\\/2021\\\/05\\\/06\\\/impulsaremos-una-ciudad-que-permita-la-edificacion-de-vivienda-digna-y-de-calidad-para-los-meridanos-veronica-camino\\\/#primaryimage\"},\"thumbnailUrl\":\"https:\\\/\\\/redamlo.com\\\/wp-content\\\/uploads\\\/2021\\\/05\\\/1556D852-5C31-4C71-99DA-2314780C7258.jpeg\",\"datePublished\":\"2021-05-06T19:47:58+00:00\",\"breadcrumb\":{\"@id\":\"https:\\\/\\\/redamlo.com\\\/index.php\\\/2021\\\/05\\\/06\\\/impulsaremos-una-ciudad-que-permita-la-edificacion-de-vivienda-digna-y-de-calidad-para-los-meridanos-veronica-camino\\\/#breadcrumb\"},\"inLanguage\":\"es\",\"potentialAction\":[{\"@type\":\"ReadAction\",\"target\":[\"https:\\\/\\\/redamlo.com\\\/index.php\\\/2021\\\/05\\\/06\\\/impulsaremos-una-ciudad-que-permita-la-edificacion-de-vivienda-digna-y-de-calidad-para-los-meridanos-veronica-camino\\\/\"]}]},{\"@type\":\"ImageObject\",\"inLanguage\":\"es\",\"@id\":\"https:\\\/\\\/redamlo.com\\\/index.php\\\/2021\\\/05\\\/06\\\/impulsaremos-una-ciudad-que-permita-la-edificacion-de-vivienda-digna-y-de-calidad-para-los-meridanos-veronica-camino\\\/#primaryimage\",\"url\":\"https:\\\/\\\/redamlo.com\\\/wp-content\\\/uploads\\\/2021\\\/05\\\/1556D852-5C31-4C71-99DA-2314780C7258.jpeg\",\"contentUrl\":\"https:\\\/\\\/redamlo.com\\\/wp-content\\\/uploads\\\/2021\\\/05\\\/1556D852-5C31-4C71-99DA-2314780C7258.jpeg\",\"width\":902,\"height\":676},{\"@type\":\"BreadcrumbList\",\"@id\":\"https:\\\/\\\/redamlo.com\\\/index.php\\\/2021\\\/05\\\/06\\\/impulsaremos-una-ciudad-que-permita-la-edificacion-de-vivienda-digna-y-de-calidad-para-los-meridanos-veronica-camino\\\/#breadcrumb\",\"itemListElement\":[{\"@type\":\"ListItem\",\"position\":1,\"name\":\"Inicio\",\"item\":\"https:\\\/\\\/redamlo.com\\\/\"},{\"@type\":\"ListItem\",\"position\":2,\"name\":\"Impulsaremos una ciudad que permita la edificaci\u00f3n de vivienda digna y de calidad para los meridanos: Veronica Camino\"}]},{\"@type\":\"WebSite\",\"@id\":\"https:\\\/\\\/redamlo.com\\\/#website\",\"url\":\"https:\\\/\\\/redamlo.com\\\/\",\"name\":\"NOTICIAS DE LA 4T\",\"description\":\"\",\"publisher\":{\"@id\":\"https:\\\/\\\/redamlo.com\\\/#organization\"},\"potentialAction\":[{\"@type\":\"SearchAction\",\"target\":{\"@type\":\"EntryPoint\",\"urlTemplate\":\"https:\\\/\\\/redamlo.com\\\/?s={search_term_string}\"},\"query-input\":{\"@type\":\"PropertyValueSpecification\",\"valueRequired\":true,\"valueName\":\"search_term_string\"}}],\"inLanguage\":\"es\"},{\"@type\":\"Organization\",\"@id\":\"https:\\\/\\\/redamlo.com\\\/#organization\",\"name\":\"NOTICIAS DE LA 4T\",\"url\":\"https:\\\/\\\/redamlo.com\\\/\",\"logo\":{\"@type\":\"ImageObject\",\"inLanguage\":\"es\",\"@id\":\"https:\\\/\\\/redamlo.com\\\/#\\\/schema\\\/logo\\\/image\\\/\",\"url\":\"https:\\\/\\\/redamlo.com\\\/wp-content\\\/uploads\\\/2024\\\/08\\\/cropped-RED-AMLO-logo-50.png\",\"contentUrl\":\"https:\\\/\\\/redamlo.com\\\/wp-content\\\/uploads\\\/2024\\\/08\\\/cropped-RED-AMLO-logo-50.png\",\"width\":256,\"height\":256,\"caption\":\"NOTICIAS DE LA 4T\"},\"image\":{\"@id\":\"https:\\\/\\\/redamlo.com\\\/#\\\/schema\\\/logo\\\/image\\\/\"}},{\"@type\":\"Person\",\"@id\":\"https:\\\/\\\/redamlo.com\\\/#\\\/schema\\\/person\\\/7223a4375eb8f1a782fcae010a7115cf\",\"name\":\"Blanca\",\"image\":{\"@type\":\"ImageObject\",\"inLanguage\":\"es\",\"@id\":\"https:\\\/\\\/secure.gravatar.com\\\/avatar\\\/3f79bc8336367a4e6093eae8757acaaf61d1124834b905616de7829b0273426d?s=96&d=mm&r=g\",\"url\":\"https:\\\/\\\/secure.gravatar.com\\\/avatar\\\/3f79bc8336367a4e6093eae8757acaaf61d1124834b905616de7829b0273426d?s=96&d=mm&r=g\",\"contentUrl\":\"https:\\\/\\\/secure.gravatar.com\\\/avatar\\\/3f79bc8336367a4e6093eae8757acaaf61d1124834b905616de7829b0273426d?s=96&d=mm&r=g\",\"caption\":\"Blanca\"},\"url\":\"https:\\\/\\\/redamlo.com\\\/index.php\\\/author\\\/blanca\\\/\"}]}<\/script>\n<!-- \/ Yoast SEO plugin. -->","yoast_head_json":{"title":"Impulsaremos una ciudad que permita la edificaci\u00f3n de vivienda digna y de calidad para los meridanos: Veronica Camino - NOTICIAS DE LA 4T","robots":{"index":"noindex","follow":"follow","max-snippet":"max-snippet:-1","max-image-preview":"max-image-preview:large","max-video-preview":"max-video-preview:-1"},"og_locale":"es_MX","og_type":"article","og_title":"Impulsaremos una ciudad que permita la edificaci\u00f3n de vivienda digna y de calidad para los meridanos: Veronica Camino - NOTICIAS DE LA 4T","og_description":"M\u00e9rida, Yucat\u00e1n, 03 de abril del 2020.- \u201cTenemos el compromiso de apoyar el desarrollo de...","og_url":"https:\/\/redamlo.com\/index.php\/2021\/05\/06\/impulsaremos-una-ciudad-que-permita-la-edificacion-de-vivienda-digna-y-de-calidad-para-los-meridanos-veronica-camino\/","og_site_name":"NOTICIAS DE LA 4T","article_published_time":"2021-05-06T19:47:58+00:00","og_image":[{"width":902,"height":676,"url":"https:\/\/redamlo.com\/wp-content\/uploads\/2021\/05\/1556D852-5C31-4C71-99DA-2314780C7258.jpeg","type":"image\/jpeg"}],"author":"Blanca","twitter_card":"summary_large_image","twitter_misc":{"Escrito por":"Blanca","Tiempo de lectura":"3 minutos"},"schema":{"@context":"https:\/\/schema.org","@graph":[{"@type":"Article","@id":"https:\/\/redamlo.com\/index.php\/2021\/05\/06\/impulsaremos-una-ciudad-que-permita-la-edificacion-de-vivienda-digna-y-de-calidad-para-los-meridanos-veronica-camino\/#article","isPartOf":{"@id":"https:\/\/redamlo.com\/index.php\/2021\/05\/06\/impulsaremos-una-ciudad-que-permita-la-edificacion-de-vivienda-digna-y-de-calidad-para-los-meridanos-veronica-camino\/"},"author":{"name":"Blanca","@id":"https:\/\/redamlo.com\/#\/schema\/person\/7223a4375eb8f1a782fcae010a7115cf"},"headline":"Impulsaremos una ciudad que permita la edificaci\u00f3n de vivienda digna y de calidad para los meridanos: Veronica Camino","datePublished":"2021-05-06T19:47:58+00:00","mainEntityOfPage":{"@id":"https:\/\/redamlo.com\/index.php\/2021\/05\/06\/impulsaremos-una-ciudad-que-permita-la-edificacion-de-vivienda-digna-y-de-calidad-para-los-meridanos-veronica-camino\/"},"wordCount":674,"commentCount":0,"publisher":{"@id":"https:\/\/redamlo.com\/#organization"},"image":{"@id":"https:\/\/redamlo.com\/index.php\/2021\/05\/06\/impulsaremos-una-ciudad-que-permita-la-edificacion-de-vivienda-digna-y-de-calidad-para-los-meridanos-veronica-camino\/#primaryimage"},"thumbnailUrl":"https:\/\/redamlo.com\/wp-content\/uploads\/2021\/05\/1556D852-5C31-4C71-99DA-2314780C7258.jpeg","keywords":["M\u00e9rida","Morena","Veronica Camino"],"articleSection":["4T"],"inLanguage":"es","potentialAction":[{"@type":"CommentAction","name":"Comment","target":["https:\/\/redamlo.com\/index.php\/2021\/05\/06\/impulsaremos-una-ciudad-que-permita-la-edificacion-de-vivienda-digna-y-de-calidad-para-los-meridanos-veronica-camino\/#respond"]}]},{"@type":"WebPage","@id":"https:\/\/redamlo.com\/index.php\/2021\/05\/06\/impulsaremos-una-ciudad-que-permita-la-edificacion-de-vivienda-digna-y-de-calidad-para-los-meridanos-veronica-camino\/","url":"https:\/\/redamlo.com\/index.php\/2021\/05\/06\/impulsaremos-una-ciudad-que-permita-la-edificacion-de-vivienda-digna-y-de-calidad-para-los-meridanos-veronica-camino\/","name":"Impulsaremos una ciudad que permita la edificaci\u00f3n de vivienda digna y de calidad para los meridanos: Veronica Camino - NOTICIAS DE LA 4T","isPartOf":{"@id":"https:\/\/redamlo.com\/#website"},"primaryImageOfPage":{"@id":"https:\/\/redamlo.com\/index.php\/2021\/05\/06\/impulsaremos-una-ciudad-que-permita-la-edificacion-de-vivienda-digna-y-de-calidad-para-los-meridanos-veronica-camino\/#primaryimage"},"image":{"@id":"https:\/\/redamlo.com\/index.php\/2021\/05\/06\/impulsaremos-una-ciudad-que-permita-la-edificacion-de-vivienda-digna-y-de-calidad-para-los-meridanos-veronica-camino\/#primaryimage"},"thumbnailUrl":"https:\/\/redamlo.com\/wp-content\/uploads\/2021\/05\/1556D852-5C31-4C71-99DA-2314780C7258.jpeg","datePublished":"2021-05-06T19:47:58+00:00","breadcrumb":{"@id":"https:\/\/redamlo.com\/index.php\/2021\/05\/06\/impulsaremos-una-ciudad-que-permita-la-edificacion-de-vivienda-digna-y-de-calidad-para-los-meridanos-veronica-camino\/#breadcrumb"},"inLanguage":"es","potentialAction":[{"@type":"ReadAction","target":["https:\/\/redamlo.com\/index.php\/2021\/05\/06\/impulsaremos-una-ciudad-que-permita-la-edificacion-de-vivienda-digna-y-de-calidad-para-los-meridanos-veronica-camino\/"]}]},{"@type":"ImageObject","inLanguage":"es","@id":"https:\/\/redamlo.com\/index.php\/2021\/05\/06\/impulsaremos-una-ciudad-que-permita-la-edificacion-de-vivienda-digna-y-de-calidad-para-los-meridanos-veronica-camino\/#primaryimage","url":"https:\/\/redamlo.com\/wp-content\/uploads\/2021\/05\/1556D852-5C31-4C71-99DA-2314780C7258.jpeg","contentUrl":"https:\/\/redamlo.com\/wp-content\/uploads\/2021\/05\/1556D852-5C31-4C71-99DA-2314780C7258.jpeg","width":902,"height":676},{"@type":"BreadcrumbList","@id":"https:\/\/redamlo.com\/index.php\/2021\/05\/06\/impulsaremos-una-ciudad-que-permita-la-edificacion-de-vivienda-digna-y-de-calidad-para-los-meridanos-veronica-camino\/#breadcrumb","itemListElement":[{"@type":"ListItem","position":1,"name":"Inicio","item":"https:\/\/redamlo.com\/"},{"@type":"ListItem","position":2,"name":"Impulsaremos una ciudad que permita la edificaci\u00f3n de vivienda digna y de calidad para los meridanos: Veronica Camino"}]},{"@type":"WebSite","@id":"https:\/\/redamlo.com\/#website","url":"https:\/\/redamlo.com\/","name":"NOTICIAS DE LA 4T","description":"","publisher":{"@id":"https:\/\/redamlo.com\/#organization"},"potentialAction":[{"@type":"SearchAction","target":{"@type":"EntryPoint","urlTemplate":"https:\/\/redamlo.com\/?s={search_term_string}"},"query-input":{"@type":"PropertyValueSpecification","valueRequired":true,"valueName":"search_term_string"}}],"inLanguage":"es"},{"@type":"Organization","@id":"https:\/\/redamlo.com\/#organization","name":"NOTICIAS DE LA 4T","url":"https:\/\/redamlo.com\/","logo":{"@type":"ImageObject","inLanguage":"es","@id":"https:\/\/redamlo.com\/#\/schema\/logo\/image\/","url":"https:\/\/redamlo.com\/wp-content\/uploads\/2024\/08\/cropped-RED-AMLO-logo-50.png","contentUrl":"https:\/\/redamlo.com\/wp-content\/uploads\/2024\/08\/cropped-RED-AMLO-logo-50.png","width":256,"height":256,"caption":"NOTICIAS DE LA 4T"},"image":{"@id":"https:\/\/redamlo.com\/#\/schema\/logo\/image\/"}},{"@type":"Person","@id":"https:\/\/redamlo.com\/#\/schema\/person\/7223a4375eb8f1a782fcae010a7115cf","name":"Blanca","image":{"@type":"ImageObject","inLanguage":"es","@id":"https:\/\/secure.gravatar.com\/avatar\/3f79bc8336367a4e6093eae8757acaaf61d1124834b905616de7829b0273426d?s=96&d=mm&r=g","url":"https:\/\/secure.gravatar.com\/avatar\/3f79bc8336367a4e6093eae8757acaaf61d1124834b905616de7829b0273426d?s=96&d=mm&r=g","contentUrl":"https:\/\/secure.gravatar.com\/avatar\/3f79bc8336367a4e6093eae8757acaaf61d1124834b905616de7829b0273426d?s=96&d=mm&r=g","caption":"Blanca"},"url":"https:\/\/redamlo.com\/index.php\/author\/blanca\/"}]}},"_links":{"self":[{"href":"https:\/\/redamlo.com\/index.php\/wp-json\/wp\/v2\/posts\/4243","targetHints":{"allow":["GET"]}}],"collection":[{"href":"https:\/\/redamlo.com\/index.php\/wp-json\/wp\/v2\/posts"}],"about":[{"href":"https:\/\/redamlo.com\/index.php\/wp-json\/wp\/v2\/types\/post"}],"author":[{"embeddable":true,"href":"https:\/\/redamlo.com\/index.php\/wp-json\/wp\/v2\/users\/2"}],"replies":[{"embeddable":true,"href":"https:\/\/redamlo.com\/index.php\/wp-json\/wp\/v2\/comments?post=4243"}],"version-history":[{"count":0,"href":"https:\/\/redamlo.com\/index.php\/wp-json\/wp\/v2\/posts\/4243\/revisions"}],"wp:featuredmedia":[{"embeddable":true,"href":"https:\/\/redamlo.com\/index.php\/wp-json\/wp\/v2\/media\/4245"}],"wp:attachment":[{"href":"https:\/\/redamlo.com\/index.php\/wp-json\/wp\/v2\/media?parent=4243"}],"wp:term":[{"taxonomy":"category","embeddable":true,"href":"https:\/\/redamlo.com\/index.php\/wp-json\/wp\/v2\/categories?post=4243"},{"taxonomy":"post_tag","embeddable":true,"href":"https:\/\/redamlo.com\/index.php\/wp-json\/wp\/v2\/tags?post=4243"}],"curies":[{"name":"wp","href":"https:\/\/api.w.org\/{rel}","templated":true}]}}