{"id":4230,"date":"2021-05-04T21:22:39","date_gmt":"2021-05-05T02:22:39","guid":{"rendered":"https:\/\/redamlo.com\/?p=4230"},"modified":"2021-05-04T21:22:39","modified_gmt":"2021-05-05T02:22:39","slug":"estamos-listos-para-sacar-adelante-este-proyecto-ganador-que-es-morena-laura-beristain","status":"publish","type":"post","link":"https:\/\/redamlo.com\/index.php\/2021\/05\/04\/estamos-listos-para-sacar-adelante-este-proyecto-ganador-que-es-morena-laura-beristain\/","title":{"rendered":"Estamos listos para sacar adelante este proyecto ganador que es Morena: Laura Beristain"},"content":{"rendered":"<p style=\"text-align: left;\">Solidaridad, Quintana Roo a 4 de mayo de 2021. En su caminata por la colonia Villamar II, la candidata de Morena, Partido Verde, PT y MAS, a la presidencia municipal de Solidaridad, Laura Beristain dijo que con todos los liderazgos unidos y el apoyo masivo de la gente, estamos listos para sacar adelante este proyecto ganador que se llama Morena.<\/p>\n<p>En su charla con los vecinos Laura Beristain coment\u00f3, \u201custedes saben que el 6 de junio son las elecciones para presidenta municipal en Solidaridad, tambi\u00e9n para diputados federales, entonces, es la hora de irnos preparando para salir a votar todos, voto parejo por Morena\u201d.<\/p>\n<p>\u00bfSaben una cosa? ac\u00e1 entre nosotros, les quiero decir lo que pienso. Veo que la fuerza de Morena a nivel nacional es la gente, y en Solidaridad son todos ustedes, todos juntos y unidos, precis\u00f3.<\/p>\n<p>Por otro lado, coment\u00f3 que uno de los objetos de esta campa\u00f1a es terminar de desterrar el r\u00e9gimen corrupto del PRI y el PAN. Se juntaron y ahora van contra nuestro l\u00edder moral y contra Morena.<\/p>\n<p>A todos nosotros nos toca defender a quien por a\u00f1os ha encabezado esta lucha social; y defender tambi\u00e9n lo que juntos estamos haciendo para construir un Solidaridad mucho m\u00e1s justo y libre, refiri\u00f3 Laura.<\/p>\n<p>\u201cNuestra alianza es con ustedes, con mi gente de Solidaridad. Soy una mujer de compromisos, de hechos y no de palabras. Vamos a salir a votar y a defender a MORENA, voto parejo para consolidar este proyecto&#8217;, finaliz\u00f3 la candidata de Morena, PT, Partido Verde y MAS, Laura Beristain.<\/p>\n<p>&nbsp;<\/p>\n","protected":false},"excerpt":{"rendered":"<p>Solidaridad, Quintana Roo a 4 de mayo de 2021. En su caminata por la colonia&#8230;<\/p>\n","protected":false},"author":2,"featured_media":4232,"comment_status":"open","ping_status":"closed","sticky":false,"template":"","format":"standard","meta":{"footnotes":""},"categories":[6],"tags":[358,117,360],"class_list":["post-4230","post","type-post","status-publish","format-standard","has-post-thumbnail","hentry","category-estados","tag-laura-beristain","tag-playa-del-carmen","tag-solidaridad"],"yoast_head":"<!-- This site is optimized with the Yoast SEO plugin v27.5 - https:\/\/yoast.com\/product\/yoast-seo-wordpress\/ -->\n<title>Estamos listos para sacar adelante este proyecto ganador que es Morena: Laura Beristain - NOTICIAS DE LA 4T<\/title>\n<meta name=\"robots\" content=\"noindex, follow, max-snippet:-1, max-image-preview:large, max-video-preview:-1\" \/>\n<meta property=\"og:locale\" content=\"es_MX\" \/>\n<meta property=\"og:type\" content=\"article\" \/>\n<meta property=\"og:title\" content=\"Estamos listos para sacar adelante este proyecto ganador que es Morena: Laura Beristain - NOTICIAS DE LA 4T\" \/>\n<meta property=\"og:description\" content=\"Solidaridad, Quintana Roo a 4 de mayo de 2021. En su caminata por la colonia...\" \/>\n<meta property=\"og:url\" content=\"https:\/\/redamlo.com\/index.php\/2021\/05\/04\/estamos-listos-para-sacar-adelante-este-proyecto-ganador-que-es-morena-laura-beristain\/\" \/>\n<meta property=\"og:site_name\" content=\"NOTICIAS DE LA 4T\" \/>\n<meta property=\"article:published_time\" content=\"2021-05-05T02:22:39+00:00\" \/>\n<meta property=\"og:image\" content=\"https:\/\/redamlo.com\/wp-content\/uploads\/2021\/05\/E9758DDC-7C90-477F-AA32-19AF043D042C.jpeg\" \/>\n\t<meta property=\"og:image:width\" content=\"1600\" \/>\n\t<meta property=\"og:image:height\" content=\"1066\" \/>\n\t<meta property=\"og:image:type\" content=\"image\/jpeg\" \/>\n<meta name=\"author\" content=\"Blanca\" \/>\n<meta name=\"twitter:card\" content=\"summary_large_image\" \/>\n<meta name=\"twitter:label1\" content=\"Escrito por\" \/>\n\t<meta name=\"twitter:data1\" content=\"Blanca\" \/>\n\t<meta name=\"twitter:label2\" content=\"Tiempo de lectura\" \/>\n\t<meta name=\"twitter:data2\" content=\"1 minuto\" \/>\n<script type=\"application\/ld+json\" class=\"yoast-schema-graph\">{\"@context\":\"https:\\\/\\\/schema.org\",\"@graph\":[{\"@type\":\"Article\",\"@id\":\"https:\\\/\\\/redamlo.com\\\/index.php\\\/2021\\\/05\\\/04\\\/estamos-listos-para-sacar-adelante-este-proyecto-ganador-que-es-morena-laura-beristain\\\/#article\",\"isPartOf\":{\"@id\":\"https:\\\/\\\/redamlo.com\\\/index.php\\\/2021\\\/05\\\/04\\\/estamos-listos-para-sacar-adelante-este-proyecto-ganador-que-es-morena-laura-beristain\\\/\"},\"author\":{\"name\":\"Blanca\",\"@id\":\"https:\\\/\\\/redamlo.com\\\/#\\\/schema\\\/person\\\/7223a4375eb8f1a782fcae010a7115cf\"},\"headline\":\"Estamos listos para sacar adelante este proyecto ganador que es Morena: Laura Beristain\",\"datePublished\":\"2021-05-05T02:22:39+00:00\",\"mainEntityOfPage\":{\"@id\":\"https:\\\/\\\/redamlo.com\\\/index.php\\\/2021\\\/05\\\/04\\\/estamos-listos-para-sacar-adelante-este-proyecto-ganador-que-es-morena-laura-beristain\\\/\"},\"wordCount\":276,\"commentCount\":0,\"publisher\":{\"@id\":\"https:\\\/\\\/redamlo.com\\\/#organization\"},\"image\":{\"@id\":\"https:\\\/\\\/redamlo.com\\\/index.php\\\/2021\\\/05\\\/04\\\/estamos-listos-para-sacar-adelante-este-proyecto-ganador-que-es-morena-laura-beristain\\\/#primaryimage\"},\"thumbnailUrl\":\"https:\\\/\\\/redamlo.com\\\/wp-content\\\/uploads\\\/2021\\\/05\\\/E9758DDC-7C90-477F-AA32-19AF043D042C.jpeg\",\"keywords\":[\"Laura Beristain\",\"playa del carmen\",\"Solidaridad\"],\"articleSection\":[\"Estados\"],\"inLanguage\":\"es\",\"potentialAction\":[{\"@type\":\"CommentAction\",\"name\":\"Comment\",\"target\":[\"https:\\\/\\\/redamlo.com\\\/index.php\\\/2021\\\/05\\\/04\\\/estamos-listos-para-sacar-adelante-este-proyecto-ganador-que-es-morena-laura-beristain\\\/#respond\"]}]},{\"@type\":\"WebPage\",\"@id\":\"https:\\\/\\\/redamlo.com\\\/index.php\\\/2021\\\/05\\\/04\\\/estamos-listos-para-sacar-adelante-este-proyecto-ganador-que-es-morena-laura-beristain\\\/\",\"url\":\"https:\\\/\\\/redamlo.com\\\/index.php\\\/2021\\\/05\\\/04\\\/estamos-listos-para-sacar-adelante-este-proyecto-ganador-que-es-morena-laura-beristain\\\/\",\"name\":\"Estamos listos para sacar adelante este proyecto ganador que es Morena: Laura Beristain - NOTICIAS DE LA 4T\",\"isPartOf\":{\"@id\":\"https:\\\/\\\/redamlo.com\\\/#website\"},\"primaryImageOfPage\":{\"@id\":\"https:\\\/\\\/redamlo.com\\\/index.php\\\/2021\\\/05\\\/04\\\/estamos-listos-para-sacar-adelante-este-proyecto-ganador-que-es-morena-laura-beristain\\\/#primaryimage\"},\"image\":{\"@id\":\"https:\\\/\\\/redamlo.com\\\/index.php\\\/2021\\\/05\\\/04\\\/estamos-listos-para-sacar-adelante-este-proyecto-ganador-que-es-morena-laura-beristain\\\/#primaryimage\"},\"thumbnailUrl\":\"https:\\\/\\\/redamlo.com\\\/wp-content\\\/uploads\\\/2021\\\/05\\\/E9758DDC-7C90-477F-AA32-19AF043D042C.jpeg\",\"datePublished\":\"2021-05-05T02:22:39+00:00\",\"breadcrumb\":{\"@id\":\"https:\\\/\\\/redamlo.com\\\/index.php\\\/2021\\\/05\\\/04\\\/estamos-listos-para-sacar-adelante-este-proyecto-ganador-que-es-morena-laura-beristain\\\/#breadcrumb\"},\"inLanguage\":\"es\",\"potentialAction\":[{\"@type\":\"ReadAction\",\"target\":[\"https:\\\/\\\/redamlo.com\\\/index.php\\\/2021\\\/05\\\/04\\\/estamos-listos-para-sacar-adelante-este-proyecto-ganador-que-es-morena-laura-beristain\\\/\"]}]},{\"@type\":\"ImageObject\",\"inLanguage\":\"es\",\"@id\":\"https:\\\/\\\/redamlo.com\\\/index.php\\\/2021\\\/05\\\/04\\\/estamos-listos-para-sacar-adelante-este-proyecto-ganador-que-es-morena-laura-beristain\\\/#primaryimage\",\"url\":\"https:\\\/\\\/redamlo.com\\\/wp-content\\\/uploads\\\/2021\\\/05\\\/E9758DDC-7C90-477F-AA32-19AF043D042C.jpeg\",\"contentUrl\":\"https:\\\/\\\/redamlo.com\\\/wp-content\\\/uploads\\\/2021\\\/05\\\/E9758DDC-7C90-477F-AA32-19AF043D042C.jpeg\",\"width\":1600,\"height\":1066},{\"@type\":\"BreadcrumbList\",\"@id\":\"https:\\\/\\\/redamlo.com\\\/index.php\\\/2021\\\/05\\\/04\\\/estamos-listos-para-sacar-adelante-este-proyecto-ganador-que-es-morena-laura-beristain\\\/#breadcrumb\",\"itemListElement\":[{\"@type\":\"ListItem\",\"position\":1,\"name\":\"Inicio\",\"item\":\"https:\\\/\\\/redamlo.com\\\/\"},{\"@type\":\"ListItem\",\"position\":2,\"name\":\"Estamos listos para sacar adelante este proyecto ganador que es Morena: Laura Beristain\"}]},{\"@type\":\"WebSite\",\"@id\":\"https:\\\/\\\/redamlo.com\\\/#website\",\"url\":\"https:\\\/\\\/redamlo.com\\\/\",\"name\":\"NOTICIAS DE LA 4T\",\"description\":\"\",\"publisher\":{\"@id\":\"https:\\\/\\\/redamlo.com\\\/#organization\"},\"potentialAction\":[{\"@type\":\"SearchAction\",\"target\":{\"@type\":\"EntryPoint\",\"urlTemplate\":\"https:\\\/\\\/redamlo.com\\\/?s={search_term_string}\"},\"query-input\":{\"@type\":\"PropertyValueSpecification\",\"valueRequired\":true,\"valueName\":\"search_term_string\"}}],\"inLanguage\":\"es\"},{\"@type\":\"Organization\",\"@id\":\"https:\\\/\\\/redamlo.com\\\/#organization\",\"name\":\"NOTICIAS DE LA 4T\",\"url\":\"https:\\\/\\\/redamlo.com\\\/\",\"logo\":{\"@type\":\"ImageObject\",\"inLanguage\":\"es\",\"@id\":\"https:\\\/\\\/redamlo.com\\\/#\\\/schema\\\/logo\\\/image\\\/\",\"url\":\"https:\\\/\\\/redamlo.com\\\/wp-content\\\/uploads\\\/2024\\\/08\\\/cropped-RED-AMLO-logo-50.png\",\"contentUrl\":\"https:\\\/\\\/redamlo.com\\\/wp-content\\\/uploads\\\/2024\\\/08\\\/cropped-RED-AMLO-logo-50.png\",\"width\":256,\"height\":256,\"caption\":\"NOTICIAS DE LA 4T\"},\"image\":{\"@id\":\"https:\\\/\\\/redamlo.com\\\/#\\\/schema\\\/logo\\\/image\\\/\"}},{\"@type\":\"Person\",\"@id\":\"https:\\\/\\\/redamlo.com\\\/#\\\/schema\\\/person\\\/7223a4375eb8f1a782fcae010a7115cf\",\"name\":\"Blanca\",\"image\":{\"@type\":\"ImageObject\",\"inLanguage\":\"es\",\"@id\":\"https:\\\/\\\/secure.gravatar.com\\\/avatar\\\/3f79bc8336367a4e6093eae8757acaaf61d1124834b905616de7829b0273426d?s=96&d=mm&r=g\",\"url\":\"https:\\\/\\\/secure.gravatar.com\\\/avatar\\\/3f79bc8336367a4e6093eae8757acaaf61d1124834b905616de7829b0273426d?s=96&d=mm&r=g\",\"contentUrl\":\"https:\\\/\\\/secure.gravatar.com\\\/avatar\\\/3f79bc8336367a4e6093eae8757acaaf61d1124834b905616de7829b0273426d?s=96&d=mm&r=g\",\"caption\":\"Blanca\"},\"url\":\"https:\\\/\\\/redamlo.com\\\/index.php\\\/author\\\/blanca\\\/\"}]}<\/script>\n<!-- \/ Yoast SEO plugin. -->","yoast_head_json":{"title":"Estamos listos para sacar adelante este proyecto ganador que es Morena: Laura Beristain - NOTICIAS DE LA 4T","robots":{"index":"noindex","follow":"follow","max-snippet":"max-snippet:-1","max-image-preview":"max-image-preview:large","max-video-preview":"max-video-preview:-1"},"og_locale":"es_MX","og_type":"article","og_title":"Estamos listos para sacar adelante este proyecto ganador que es Morena: Laura Beristain - NOTICIAS DE LA 4T","og_description":"Solidaridad, Quintana Roo a 4 de mayo de 2021. En su caminata por la colonia...","og_url":"https:\/\/redamlo.com\/index.php\/2021\/05\/04\/estamos-listos-para-sacar-adelante-este-proyecto-ganador-que-es-morena-laura-beristain\/","og_site_name":"NOTICIAS DE LA 4T","article_published_time":"2021-05-05T02:22:39+00:00","og_image":[{"width":1600,"height":1066,"url":"https:\/\/redamlo.com\/wp-content\/uploads\/2021\/05\/E9758DDC-7C90-477F-AA32-19AF043D042C.jpeg","type":"image\/jpeg"}],"author":"Blanca","twitter_card":"summary_large_image","twitter_misc":{"Escrito por":"Blanca","Tiempo de lectura":"1 minuto"},"schema":{"@context":"https:\/\/schema.org","@graph":[{"@type":"Article","@id":"https:\/\/redamlo.com\/index.php\/2021\/05\/04\/estamos-listos-para-sacar-adelante-este-proyecto-ganador-que-es-morena-laura-beristain\/#article","isPartOf":{"@id":"https:\/\/redamlo.com\/index.php\/2021\/05\/04\/estamos-listos-para-sacar-adelante-este-proyecto-ganador-que-es-morena-laura-beristain\/"},"author":{"name":"Blanca","@id":"https:\/\/redamlo.com\/#\/schema\/person\/7223a4375eb8f1a782fcae010a7115cf"},"headline":"Estamos listos para sacar adelante este proyecto ganador que es Morena: Laura Beristain","datePublished":"2021-05-05T02:22:39+00:00","mainEntityOfPage":{"@id":"https:\/\/redamlo.com\/index.php\/2021\/05\/04\/estamos-listos-para-sacar-adelante-este-proyecto-ganador-que-es-morena-laura-beristain\/"},"wordCount":276,"commentCount":0,"publisher":{"@id":"https:\/\/redamlo.com\/#organization"},"image":{"@id":"https:\/\/redamlo.com\/index.php\/2021\/05\/04\/estamos-listos-para-sacar-adelante-este-proyecto-ganador-que-es-morena-laura-beristain\/#primaryimage"},"thumbnailUrl":"https:\/\/redamlo.com\/wp-content\/uploads\/2021\/05\/E9758DDC-7C90-477F-AA32-19AF043D042C.jpeg","keywords":["Laura Beristain","playa del carmen","Solidaridad"],"articleSection":["Estados"],"inLanguage":"es","potentialAction":[{"@type":"CommentAction","name":"Comment","target":["https:\/\/redamlo.com\/index.php\/2021\/05\/04\/estamos-listos-para-sacar-adelante-este-proyecto-ganador-que-es-morena-laura-beristain\/#respond"]}]},{"@type":"WebPage","@id":"https:\/\/redamlo.com\/index.php\/2021\/05\/04\/estamos-listos-para-sacar-adelante-este-proyecto-ganador-que-es-morena-laura-beristain\/","url":"https:\/\/redamlo.com\/index.php\/2021\/05\/04\/estamos-listos-para-sacar-adelante-este-proyecto-ganador-que-es-morena-laura-beristain\/","name":"Estamos listos para sacar adelante este proyecto ganador que es Morena: Laura Beristain - NOTICIAS DE LA 4T","isPartOf":{"@id":"https:\/\/redamlo.com\/#website"},"primaryImageOfPage":{"@id":"https:\/\/redamlo.com\/index.php\/2021\/05\/04\/estamos-listos-para-sacar-adelante-este-proyecto-ganador-que-es-morena-laura-beristain\/#primaryimage"},"image":{"@id":"https:\/\/redamlo.com\/index.php\/2021\/05\/04\/estamos-listos-para-sacar-adelante-este-proyecto-ganador-que-es-morena-laura-beristain\/#primaryimage"},"thumbnailUrl":"https:\/\/redamlo.com\/wp-content\/uploads\/2021\/05\/E9758DDC-7C90-477F-AA32-19AF043D042C.jpeg","datePublished":"2021-05-05T02:22:39+00:00","breadcrumb":{"@id":"https:\/\/redamlo.com\/index.php\/2021\/05\/04\/estamos-listos-para-sacar-adelante-este-proyecto-ganador-que-es-morena-laura-beristain\/#breadcrumb"},"inLanguage":"es","potentialAction":[{"@type":"ReadAction","target":["https:\/\/redamlo.com\/index.php\/2021\/05\/04\/estamos-listos-para-sacar-adelante-este-proyecto-ganador-que-es-morena-laura-beristain\/"]}]},{"@type":"ImageObject","inLanguage":"es","@id":"https:\/\/redamlo.com\/index.php\/2021\/05\/04\/estamos-listos-para-sacar-adelante-este-proyecto-ganador-que-es-morena-laura-beristain\/#primaryimage","url":"https:\/\/redamlo.com\/wp-content\/uploads\/2021\/05\/E9758DDC-7C90-477F-AA32-19AF043D042C.jpeg","contentUrl":"https:\/\/redamlo.com\/wp-content\/uploads\/2021\/05\/E9758DDC-7C90-477F-AA32-19AF043D042C.jpeg","width":1600,"height":1066},{"@type":"BreadcrumbList","@id":"https:\/\/redamlo.com\/index.php\/2021\/05\/04\/estamos-listos-para-sacar-adelante-este-proyecto-ganador-que-es-morena-laura-beristain\/#breadcrumb","itemListElement":[{"@type":"ListItem","position":1,"name":"Inicio","item":"https:\/\/redamlo.com\/"},{"@type":"ListItem","position":2,"name":"Estamos listos para sacar adelante este proyecto ganador que es Morena: Laura Beristain"}]},{"@type":"WebSite","@id":"https:\/\/redamlo.com\/#website","url":"https:\/\/redamlo.com\/","name":"NOTICIAS DE LA 4T","description":"","publisher":{"@id":"https:\/\/redamlo.com\/#organization"},"potentialAction":[{"@type":"SearchAction","target":{"@type":"EntryPoint","urlTemplate":"https:\/\/redamlo.com\/?s={search_term_string}"},"query-input":{"@type":"PropertyValueSpecification","valueRequired":true,"valueName":"search_term_string"}}],"inLanguage":"es"},{"@type":"Organization","@id":"https:\/\/redamlo.com\/#organization","name":"NOTICIAS DE LA 4T","url":"https:\/\/redamlo.com\/","logo":{"@type":"ImageObject","inLanguage":"es","@id":"https:\/\/redamlo.com\/#\/schema\/logo\/image\/","url":"https:\/\/redamlo.com\/wp-content\/uploads\/2024\/08\/cropped-RED-AMLO-logo-50.png","contentUrl":"https:\/\/redamlo.com\/wp-content\/uploads\/2024\/08\/cropped-RED-AMLO-logo-50.png","width":256,"height":256,"caption":"NOTICIAS DE LA 4T"},"image":{"@id":"https:\/\/redamlo.com\/#\/schema\/logo\/image\/"}},{"@type":"Person","@id":"https:\/\/redamlo.com\/#\/schema\/person\/7223a4375eb8f1a782fcae010a7115cf","name":"Blanca","image":{"@type":"ImageObject","inLanguage":"es","@id":"https:\/\/secure.gravatar.com\/avatar\/3f79bc8336367a4e6093eae8757acaaf61d1124834b905616de7829b0273426d?s=96&d=mm&r=g","url":"https:\/\/secure.gravatar.com\/avatar\/3f79bc8336367a4e6093eae8757acaaf61d1124834b905616de7829b0273426d?s=96&d=mm&r=g","contentUrl":"https:\/\/secure.gravatar.com\/avatar\/3f79bc8336367a4e6093eae8757acaaf61d1124834b905616de7829b0273426d?s=96&d=mm&r=g","caption":"Blanca"},"url":"https:\/\/redamlo.com\/index.php\/author\/blanca\/"}]}},"_links":{"self":[{"href":"https:\/\/redamlo.com\/index.php\/wp-json\/wp\/v2\/posts\/4230","targetHints":{"allow":["GET"]}}],"collection":[{"href":"https:\/\/redamlo.com\/index.php\/wp-json\/wp\/v2\/posts"}],"about":[{"href":"https:\/\/redamlo.com\/index.php\/wp-json\/wp\/v2\/types\/post"}],"author":[{"embeddable":true,"href":"https:\/\/redamlo.com\/index.php\/wp-json\/wp\/v2\/users\/2"}],"replies":[{"embeddable":true,"href":"https:\/\/redamlo.com\/index.php\/wp-json\/wp\/v2\/comments?post=4230"}],"version-history":[{"count":0,"href":"https:\/\/redamlo.com\/index.php\/wp-json\/wp\/v2\/posts\/4230\/revisions"}],"wp:featuredmedia":[{"embeddable":true,"href":"https:\/\/redamlo.com\/index.php\/wp-json\/wp\/v2\/media\/4232"}],"wp:attachment":[{"href":"https:\/\/redamlo.com\/index.php\/wp-json\/wp\/v2\/media?parent=4230"}],"wp:term":[{"taxonomy":"category","embeddable":true,"href":"https:\/\/redamlo.com\/index.php\/wp-json\/wp\/v2\/categories?post=4230"},{"taxonomy":"post_tag","embeddable":true,"href":"https:\/\/redamlo.com\/index.php\/wp-json\/wp\/v2\/tags?post=4230"}],"curies":[{"name":"wp","href":"https:\/\/api.w.org\/{rel}","templated":true}]}}