{"id":4222,"date":"2021-05-04T13:00:28","date_gmt":"2021-05-04T18:00:28","guid":{"rendered":"https:\/\/redamlo.com\/?p=4222"},"modified":"2021-05-04T13:00:28","modified_gmt":"2021-05-04T18:00:28","slug":"gobierno-federal-respalda-a-la-ciudad-de-mexico-para-conocer-verdad-sobre-accidente-en-l12-lopez-obrador-expresa-solidaridad-con-familias-de-victimas-y-heridos","status":"publish","type":"post","link":"https:\/\/redamlo.com\/index.php\/2021\/05\/04\/gobierno-federal-respalda-a-la-ciudad-de-mexico-para-conocer-verdad-sobre-accidente-en-l12-lopez-obrador-expresa-solidaridad-con-familias-de-victimas-y-heridos\/","title":{"rendered":"Gobierno federal respalda a la Ciudad de M\u00e9xico para conocer verdad sobre accidente en L12: L\u00f3pez Obrador; expresa solidaridad con familias de v\u00edctimas y heridos"},"content":{"rendered":"<p style=\"text-align: justify;\"><span style=\"font-family: Arial, Helvetica, sans-serif; color: #000000;\">M\u00c9XICO, 04 de mayo de 2021.- El presidente de M\u00e9xico, Andr\u00e9s Manuel L\u00f3pez Obrador expres\u00f3 su p\u00e9same y solidaridad a los familiares de las v\u00edctimas del accidente en la L\u00ednea 12 del Sistema de Transporte Colectivo Metro.<\/span><\/p>\n<p style=\"text-align: justify;\"><span style=\"font-family: Arial, Helvetica, sans-serif; color: #000000;\">\u201cUn abrazo a toda la gente de Tl\u00e1huac, a todos los que est\u00e1n sufriendo por este accidente. Vamos a hacer las investigaciones. (\u2026) Se va a estar informando constantemente y no hay impunidad para nadie. \u201d, enfatiz\u00f3.<\/span><\/p>\n<p style=\"text-align: justify;\"><span style=\"font-family: Arial, Helvetica, sans-serif; color: #000000;\">En conferencia de prensa matutina expres\u00f3 el respaldo del gobierno federal al de la Ciudad de M\u00e9xico para \u201chacer una investigaci\u00f3n a fondo, sin miramientos de ninguna \u00edndole, buscando conocer la verdad\u201d.<\/span><\/p>\n<p style=\"text-align: justify;\"><span style=\"font-family: Arial, Helvetica, sans-serif; color: #000000;\">\u201cNo se va a ocultar absolutamente nada. El pueblo de M\u00e9xico tiene que conocer toda la verdad, no se les va a ocultar nada porque se tiene que actuar con responsabilidad como siempre, como lo hemos hecho en el gobierno. No se ocultan las cosas, se habla con la verdad. (\u2026) Todos los d\u00edas se va a estar informando este asunto lamentable\u201d, subray\u00f3.<\/span><\/p>\n<p style=\"text-align: justify;\"><span style=\"font-family: Arial, Helvetica, sans-serif; color: #000000;\">La jefa de Gobierno, Claudia Sheinbaum Pardo, asegur\u00f3 que se brindar\u00e1 todo el apoyo a personas que resultaron heridas y a las familias de quienes perdieron la vida.<\/span><\/p>\n<p style=\"text-align: justify;\"><span style=\"font-family: Arial, Helvetica, sans-serif; color: #000000;\">Inform\u00f3 que desde las 02:00 horas de la madrugada de este martes una gr\u00faa realiza maniobras para bajar los trenes y continuar el rescate de cuerpos.<\/span><\/p>\n<p style=\"text-align: justify;\"><span style=\"font-family: Arial, Helvetica, sans-serif; color: #000000;\">Indic\u00f3 que hay 15 personas en proceso de identificaci\u00f3n, por lo que pidi\u00f3 comunicarse a Locatel a quienes pudieran tener familiares o amigos que viajaban en el tren al momento del accidente.<\/span><\/p>\n<p style=\"text-align: justify;\"><span style=\"font-family: Arial, Helvetica, sans-serif; color: #000000;\">La Fiscal\u00eda General de Justicia de la Ciudad de M\u00e9xico lleva a cabo un peritaje y adicionalmente se buscar\u00e1 una empresa internacional especializada para fortalecer las investigaciones y conocer las causas del desplome.<\/span><\/p>\n<p style=\"text-align: justify;\"><span style=\"font-family: Arial, Helvetica, sans-serif; color: #000000;\">\u201cMi posici\u00f3n es que tenemos que llegar a la verdad de cu\u00e1les fueron las causas que provocaron este lamentable incidente y que para ello necesitamos expertos, tanto en la Fiscal\u00eda General de Justicia como de una entidad externa, imparcial, que haga el peritaje y todos los estudios y que haga la investigaci\u00f3n que se tenga que hacer y llegar a la verdad de esta situaci\u00f3n\u201d, remarc\u00f3 la mandataria estatal.<\/span><\/p>\n<p style=\"text-align: justify;\"><span style=\"font-family: Arial, Helvetica, sans-serif; color: #000000;\">La jefa de Gobierno explic\u00f3 que la L\u00ednea 12 permanecer\u00e1 cerrada, por lo que est\u00e1n a disposici\u00f3n 490 autobuses del Servicio de Transportes El\u00e9ctricos Troleb\u00fas, de la Red de Transporte de Pasajeros (RTP) y de ruta, para brindar servicio a las y los usuarios.<\/span><\/p>\n<p style=\"text-align: justify;\"><span style=\"font-family: Arial, Helvetica, sans-serif; color: #000000;\">Al iniciar el di\u00e1logo con representantes de los medios de comunicaci\u00f3n, el Gobierno de la Ciudad de M\u00e9xico reportaba 23 fallecidos y 79 personas hospitalizadas.<\/span><\/p>\n<p style=\"text-align: justify;\"><span style=\"font-family: Arial, Helvetica, sans-serif; color: #000000;\">En las labores de rescate participan elementos de las secretar\u00edas de la Defensa Nacional, de Marina y de Seguridad y Protecci\u00f3n Ciudadana, as\u00ed como de la Coordinaci\u00f3n Nacional de Protecci\u00f3n Civil y la Guardia Nacional.<\/span><\/p>\n<p style=\"text-align: justify;\"><span style=\"font-family: Arial, Helvetica, sans-serif; color: #000000;\">Por parte del gobierno capitalino, personal del Heroico Cuerpo de Bomberos, de las secretar\u00edas de Gesti\u00f3n Integral de Riesgos y Protecci\u00f3n Civil, de Gobierno y de Seguridad Ciudadana de la Ciudad de M\u00e9xico.<\/span><\/p>\n<p><iframe loading=\"lazy\" title=\"Respaldo y atenci\u00f3n a v\u00edctimas por accidente en L12 del Metro. Conferencia presidente AMLO\" width=\"640\" height=\"360\" src=\"https:\/\/www.youtube.com\/embed\/iHmnWzzqzm0?start=183&#038;feature=oembed\" frameborder=\"0\" allow=\"accelerometer; autoplay; clipboard-write; encrypted-media; gyroscope; picture-in-picture; web-share\" referrerpolicy=\"strict-origin-when-cross-origin\" allowfullscreen><\/iframe><\/p>\n","protected":false},"excerpt":{"rendered":"<p>M\u00c9XICO, 04 de mayo de 2021.- El presidente de M\u00e9xico, Andr\u00e9s Manuel L\u00f3pez Obrador expres\u00f3&#8230;<\/p>\n","protected":false},"author":2,"featured_media":4225,"comment_status":"open","ping_status":"closed","sticky":false,"template":"","format":"standard","meta":{"footnotes":""},"categories":[25,20,27],"tags":[84,131,314,817,556,818,819,18,9,360,820],"class_list":["post-4222","post","type-post","status-publish","format-standard","has-post-thumbnail","hentry","category-4t","category-nacionales","category-presidencia","tag-amlo","tag-andres-manuel-lopez-obrador","tag-claudia-sheinbaum","tag-familias-de-victimas","tag-gobierno-de-mexico","tag-heridos","tag-linea-12","tag-metro","tag-mexico","tag-solidaridad","tag-stc-metro"],"yoast_head":"<!-- This site is optimized with the Yoast SEO plugin v27.5 - https:\/\/yoast.com\/product\/yoast-seo-wordpress\/ -->\n<title>Gobierno federal respalda a la Ciudad de M\u00e9xico para conocer verdad sobre accidente en L12: L\u00f3pez Obrador; expresa solidaridad con familias de v\u00edctimas y heridos - NOTICIAS DE LA 4T<\/title>\n<meta name=\"robots\" content=\"noindex, follow, max-snippet:-1, max-image-preview:large, max-video-preview:-1\" \/>\n<meta property=\"og:locale\" content=\"es_MX\" \/>\n<meta property=\"og:type\" content=\"article\" \/>\n<meta property=\"og:title\" content=\"Gobierno federal respalda a la Ciudad de M\u00e9xico para conocer verdad sobre accidente en L12: L\u00f3pez Obrador; expresa solidaridad con familias de v\u00edctimas y heridos - NOTICIAS DE LA 4T\" \/>\n<meta property=\"og:description\" content=\"M\u00c9XICO, 04 de mayo de 2021.- El presidente de M\u00e9xico, Andr\u00e9s Manuel L\u00f3pez Obrador expres\u00f3...\" \/>\n<meta property=\"og:url\" content=\"https:\/\/redamlo.com\/index.php\/2021\/05\/04\/gobierno-federal-respalda-a-la-ciudad-de-mexico-para-conocer-verdad-sobre-accidente-en-l12-lopez-obrador-expresa-solidaridad-con-familias-de-victimas-y-heridos\/\" \/>\n<meta property=\"og:site_name\" content=\"NOTICIAS DE LA 4T\" \/>\n<meta property=\"article:published_time\" content=\"2021-05-04T18:00:28+00:00\" \/>\n<meta property=\"og:image\" content=\"https:\/\/redamlo.com\/wp-content\/uploads\/2021\/05\/Gobierno-federal-respalda-a-la-Ciudad-de-Mexico-para-conocer-verdad-sobre-accidente-en-L12-Lopez-Obrador-expresa-solidaridad-con-familias-de-victimas-y-heridos.jpg\" \/>\n\t<meta property=\"og:image:width\" content=\"770\" \/>\n\t<meta property=\"og:image:height\" content=\"454\" \/>\n\t<meta property=\"og:image:type\" content=\"image\/jpeg\" \/>\n<meta name=\"author\" content=\"Blanca\" \/>\n<meta name=\"twitter:card\" content=\"summary_large_image\" \/>\n<meta name=\"twitter:label1\" content=\"Escrito por\" \/>\n\t<meta name=\"twitter:data1\" content=\"Blanca\" \/>\n\t<meta name=\"twitter:label2\" content=\"Tiempo de lectura\" \/>\n\t<meta name=\"twitter:data2\" content=\"3 minutos\" \/>\n<script type=\"application\/ld+json\" class=\"yoast-schema-graph\">{\"@context\":\"https:\\\/\\\/schema.org\",\"@graph\":[{\"@type\":\"Article\",\"@id\":\"https:\\\/\\\/redamlo.com\\\/index.php\\\/2021\\\/05\\\/04\\\/gobierno-federal-respalda-a-la-ciudad-de-mexico-para-conocer-verdad-sobre-accidente-en-l12-lopez-obrador-expresa-solidaridad-con-familias-de-victimas-y-heridos\\\/#article\",\"isPartOf\":{\"@id\":\"https:\\\/\\\/redamlo.com\\\/index.php\\\/2021\\\/05\\\/04\\\/gobierno-federal-respalda-a-la-ciudad-de-mexico-para-conocer-verdad-sobre-accidente-en-l12-lopez-obrador-expresa-solidaridad-con-familias-de-victimas-y-heridos\\\/\"},\"author\":{\"name\":\"Blanca\",\"@id\":\"https:\\\/\\\/redamlo.com\\\/#\\\/schema\\\/person\\\/7223a4375eb8f1a782fcae010a7115cf\"},\"headline\":\"Gobierno federal respalda a la Ciudad de M\u00e9xico para conocer verdad sobre accidente en L12: L\u00f3pez Obrador; expresa solidaridad con familias de v\u00edctimas y heridos\",\"datePublished\":\"2021-05-04T18:00:28+00:00\",\"mainEntityOfPage\":{\"@id\":\"https:\\\/\\\/redamlo.com\\\/index.php\\\/2021\\\/05\\\/04\\\/gobierno-federal-respalda-a-la-ciudad-de-mexico-para-conocer-verdad-sobre-accidente-en-l12-lopez-obrador-expresa-solidaridad-con-familias-de-victimas-y-heridos\\\/\"},\"wordCount\":563,\"commentCount\":0,\"publisher\":{\"@id\":\"https:\\\/\\\/redamlo.com\\\/#organization\"},\"image\":{\"@id\":\"https:\\\/\\\/redamlo.com\\\/index.php\\\/2021\\\/05\\\/04\\\/gobierno-federal-respalda-a-la-ciudad-de-mexico-para-conocer-verdad-sobre-accidente-en-l12-lopez-obrador-expresa-solidaridad-con-familias-de-victimas-y-heridos\\\/#primaryimage\"},\"thumbnailUrl\":\"https:\\\/\\\/redamlo.com\\\/wp-content\\\/uploads\\\/2021\\\/05\\\/Gobierno-federal-respalda-a-la-Ciudad-de-Mexico-para-conocer-verdad-sobre-accidente-en-L12-Lopez-Obrador-expresa-solidaridad-con-familias-de-victimas-y-heridos.jpg\",\"keywords\":[\"AMLO\",\"Andr\u00e9s Manuel L\u00f3pez Obrador\",\"Claudia Sheinbaum\",\"familias de v\u00edctimas\",\"Gobierno de M\u00e9xico\",\"heridos\",\"L\u00ednea 12\",\"Metro\",\"M\u00e9xico\",\"Solidaridad\",\"STC Metro\"],\"articleSection\":[\"4T\",\"Nacionales\",\"Presidencia\"],\"inLanguage\":\"es\",\"potentialAction\":[{\"@type\":\"CommentAction\",\"name\":\"Comment\",\"target\":[\"https:\\\/\\\/redamlo.com\\\/index.php\\\/2021\\\/05\\\/04\\\/gobierno-federal-respalda-a-la-ciudad-de-mexico-para-conocer-verdad-sobre-accidente-en-l12-lopez-obrador-expresa-solidaridad-con-familias-de-victimas-y-heridos\\\/#respond\"]}]},{\"@type\":\"WebPage\",\"@id\":\"https:\\\/\\\/redamlo.com\\\/index.php\\\/2021\\\/05\\\/04\\\/gobierno-federal-respalda-a-la-ciudad-de-mexico-para-conocer-verdad-sobre-accidente-en-l12-lopez-obrador-expresa-solidaridad-con-familias-de-victimas-y-heridos\\\/\",\"url\":\"https:\\\/\\\/redamlo.com\\\/index.php\\\/2021\\\/05\\\/04\\\/gobierno-federal-respalda-a-la-ciudad-de-mexico-para-conocer-verdad-sobre-accidente-en-l12-lopez-obrador-expresa-solidaridad-con-familias-de-victimas-y-heridos\\\/\",\"name\":\"Gobierno federal respalda a la Ciudad de M\u00e9xico para conocer verdad sobre accidente en L12: L\u00f3pez Obrador; expresa solidaridad con familias de v\u00edctimas y heridos - NOTICIAS DE LA 4T\",\"isPartOf\":{\"@id\":\"https:\\\/\\\/redamlo.com\\\/#website\"},\"primaryImageOfPage\":{\"@id\":\"https:\\\/\\\/redamlo.com\\\/index.php\\\/2021\\\/05\\\/04\\\/gobierno-federal-respalda-a-la-ciudad-de-mexico-para-conocer-verdad-sobre-accidente-en-l12-lopez-obrador-expresa-solidaridad-con-familias-de-victimas-y-heridos\\\/#primaryimage\"},\"image\":{\"@id\":\"https:\\\/\\\/redamlo.com\\\/index.php\\\/2021\\\/05\\\/04\\\/gobierno-federal-respalda-a-la-ciudad-de-mexico-para-conocer-verdad-sobre-accidente-en-l12-lopez-obrador-expresa-solidaridad-con-familias-de-victimas-y-heridos\\\/#primaryimage\"},\"thumbnailUrl\":\"https:\\\/\\\/redamlo.com\\\/wp-content\\\/uploads\\\/2021\\\/05\\\/Gobierno-federal-respalda-a-la-Ciudad-de-Mexico-para-conocer-verdad-sobre-accidente-en-L12-Lopez-Obrador-expresa-solidaridad-con-familias-de-victimas-y-heridos.jpg\",\"datePublished\":\"2021-05-04T18:00:28+00:00\",\"breadcrumb\":{\"@id\":\"https:\\\/\\\/redamlo.com\\\/index.php\\\/2021\\\/05\\\/04\\\/gobierno-federal-respalda-a-la-ciudad-de-mexico-para-conocer-verdad-sobre-accidente-en-l12-lopez-obrador-expresa-solidaridad-con-familias-de-victimas-y-heridos\\\/#breadcrumb\"},\"inLanguage\":\"es\",\"potentialAction\":[{\"@type\":\"ReadAction\",\"target\":[\"https:\\\/\\\/redamlo.com\\\/index.php\\\/2021\\\/05\\\/04\\\/gobierno-federal-respalda-a-la-ciudad-de-mexico-para-conocer-verdad-sobre-accidente-en-l12-lopez-obrador-expresa-solidaridad-con-familias-de-victimas-y-heridos\\\/\"]}]},{\"@type\":\"ImageObject\",\"inLanguage\":\"es\",\"@id\":\"https:\\\/\\\/redamlo.com\\\/index.php\\\/2021\\\/05\\\/04\\\/gobierno-federal-respalda-a-la-ciudad-de-mexico-para-conocer-verdad-sobre-accidente-en-l12-lopez-obrador-expresa-solidaridad-con-familias-de-victimas-y-heridos\\\/#primaryimage\",\"url\":\"https:\\\/\\\/redamlo.com\\\/wp-content\\\/uploads\\\/2021\\\/05\\\/Gobierno-federal-respalda-a-la-Ciudad-de-Mexico-para-conocer-verdad-sobre-accidente-en-L12-Lopez-Obrador-expresa-solidaridad-con-familias-de-victimas-y-heridos.jpg\",\"contentUrl\":\"https:\\\/\\\/redamlo.com\\\/wp-content\\\/uploads\\\/2021\\\/05\\\/Gobierno-federal-respalda-a-la-Ciudad-de-Mexico-para-conocer-verdad-sobre-accidente-en-L12-Lopez-Obrador-expresa-solidaridad-con-familias-de-victimas-y-heridos.jpg\",\"width\":770,\"height\":454},{\"@type\":\"BreadcrumbList\",\"@id\":\"https:\\\/\\\/redamlo.com\\\/index.php\\\/2021\\\/05\\\/04\\\/gobierno-federal-respalda-a-la-ciudad-de-mexico-para-conocer-verdad-sobre-accidente-en-l12-lopez-obrador-expresa-solidaridad-con-familias-de-victimas-y-heridos\\\/#breadcrumb\",\"itemListElement\":[{\"@type\":\"ListItem\",\"position\":1,\"name\":\"Inicio\",\"item\":\"https:\\\/\\\/redamlo.com\\\/\"},{\"@type\":\"ListItem\",\"position\":2,\"name\":\"Gobierno federal respalda a la Ciudad de M\u00e9xico para conocer verdad sobre accidente en L12: L\u00f3pez Obrador; expresa solidaridad con familias de v\u00edctimas y heridos\"}]},{\"@type\":\"WebSite\",\"@id\":\"https:\\\/\\\/redamlo.com\\\/#website\",\"url\":\"https:\\\/\\\/redamlo.com\\\/\",\"name\":\"NOTICIAS DE LA 4T\",\"description\":\"\",\"publisher\":{\"@id\":\"https:\\\/\\\/redamlo.com\\\/#organization\"},\"potentialAction\":[{\"@type\":\"SearchAction\",\"target\":{\"@type\":\"EntryPoint\",\"urlTemplate\":\"https:\\\/\\\/redamlo.com\\\/?s={search_term_string}\"},\"query-input\":{\"@type\":\"PropertyValueSpecification\",\"valueRequired\":true,\"valueName\":\"search_term_string\"}}],\"inLanguage\":\"es\"},{\"@type\":\"Organization\",\"@id\":\"https:\\\/\\\/redamlo.com\\\/#organization\",\"name\":\"NOTICIAS DE LA 4T\",\"url\":\"https:\\\/\\\/redamlo.com\\\/\",\"logo\":{\"@type\":\"ImageObject\",\"inLanguage\":\"es\",\"@id\":\"https:\\\/\\\/redamlo.com\\\/#\\\/schema\\\/logo\\\/image\\\/\",\"url\":\"https:\\\/\\\/redamlo.com\\\/wp-content\\\/uploads\\\/2024\\\/08\\\/cropped-RED-AMLO-logo-50.png\",\"contentUrl\":\"https:\\\/\\\/redamlo.com\\\/wp-content\\\/uploads\\\/2024\\\/08\\\/cropped-RED-AMLO-logo-50.png\",\"width\":256,\"height\":256,\"caption\":\"NOTICIAS DE LA 4T\"},\"image\":{\"@id\":\"https:\\\/\\\/redamlo.com\\\/#\\\/schema\\\/logo\\\/image\\\/\"}},{\"@type\":\"Person\",\"@id\":\"https:\\\/\\\/redamlo.com\\\/#\\\/schema\\\/person\\\/7223a4375eb8f1a782fcae010a7115cf\",\"name\":\"Blanca\",\"image\":{\"@type\":\"ImageObject\",\"inLanguage\":\"es\",\"@id\":\"https:\\\/\\\/secure.gravatar.com\\\/avatar\\\/3f79bc8336367a4e6093eae8757acaaf61d1124834b905616de7829b0273426d?s=96&d=mm&r=g\",\"url\":\"https:\\\/\\\/secure.gravatar.com\\\/avatar\\\/3f79bc8336367a4e6093eae8757acaaf61d1124834b905616de7829b0273426d?s=96&d=mm&r=g\",\"contentUrl\":\"https:\\\/\\\/secure.gravatar.com\\\/avatar\\\/3f79bc8336367a4e6093eae8757acaaf61d1124834b905616de7829b0273426d?s=96&d=mm&r=g\",\"caption\":\"Blanca\"},\"url\":\"https:\\\/\\\/redamlo.com\\\/index.php\\\/author\\\/blanca\\\/\"}]}<\/script>\n<!-- \/ Yoast SEO plugin. -->","yoast_head_json":{"title":"Gobierno federal respalda a la Ciudad de M\u00e9xico para conocer verdad sobre accidente en L12: L\u00f3pez Obrador; expresa solidaridad con familias de v\u00edctimas y heridos - NOTICIAS DE LA 4T","robots":{"index":"noindex","follow":"follow","max-snippet":"max-snippet:-1","max-image-preview":"max-image-preview:large","max-video-preview":"max-video-preview:-1"},"og_locale":"es_MX","og_type":"article","og_title":"Gobierno federal respalda a la Ciudad de M\u00e9xico para conocer verdad sobre accidente en L12: L\u00f3pez Obrador; expresa solidaridad con familias de v\u00edctimas y heridos - NOTICIAS DE LA 4T","og_description":"M\u00c9XICO, 04 de mayo de 2021.- El presidente de M\u00e9xico, Andr\u00e9s Manuel L\u00f3pez Obrador expres\u00f3...","og_url":"https:\/\/redamlo.com\/index.php\/2021\/05\/04\/gobierno-federal-respalda-a-la-ciudad-de-mexico-para-conocer-verdad-sobre-accidente-en-l12-lopez-obrador-expresa-solidaridad-con-familias-de-victimas-y-heridos\/","og_site_name":"NOTICIAS DE LA 4T","article_published_time":"2021-05-04T18:00:28+00:00","og_image":[{"width":770,"height":454,"url":"https:\/\/redamlo.com\/wp-content\/uploads\/2021\/05\/Gobierno-federal-respalda-a-la-Ciudad-de-Mexico-para-conocer-verdad-sobre-accidente-en-L12-Lopez-Obrador-expresa-solidaridad-con-familias-de-victimas-y-heridos.jpg","type":"image\/jpeg"}],"author":"Blanca","twitter_card":"summary_large_image","twitter_misc":{"Escrito por":"Blanca","Tiempo de lectura":"3 minutos"},"schema":{"@context":"https:\/\/schema.org","@graph":[{"@type":"Article","@id":"https:\/\/redamlo.com\/index.php\/2021\/05\/04\/gobierno-federal-respalda-a-la-ciudad-de-mexico-para-conocer-verdad-sobre-accidente-en-l12-lopez-obrador-expresa-solidaridad-con-familias-de-victimas-y-heridos\/#article","isPartOf":{"@id":"https:\/\/redamlo.com\/index.php\/2021\/05\/04\/gobierno-federal-respalda-a-la-ciudad-de-mexico-para-conocer-verdad-sobre-accidente-en-l12-lopez-obrador-expresa-solidaridad-con-familias-de-victimas-y-heridos\/"},"author":{"name":"Blanca","@id":"https:\/\/redamlo.com\/#\/schema\/person\/7223a4375eb8f1a782fcae010a7115cf"},"headline":"Gobierno federal respalda a la Ciudad de M\u00e9xico para conocer verdad sobre accidente en L12: L\u00f3pez Obrador; expresa solidaridad con familias de v\u00edctimas y heridos","datePublished":"2021-05-04T18:00:28+00:00","mainEntityOfPage":{"@id":"https:\/\/redamlo.com\/index.php\/2021\/05\/04\/gobierno-federal-respalda-a-la-ciudad-de-mexico-para-conocer-verdad-sobre-accidente-en-l12-lopez-obrador-expresa-solidaridad-con-familias-de-victimas-y-heridos\/"},"wordCount":563,"commentCount":0,"publisher":{"@id":"https:\/\/redamlo.com\/#organization"},"image":{"@id":"https:\/\/redamlo.com\/index.php\/2021\/05\/04\/gobierno-federal-respalda-a-la-ciudad-de-mexico-para-conocer-verdad-sobre-accidente-en-l12-lopez-obrador-expresa-solidaridad-con-familias-de-victimas-y-heridos\/#primaryimage"},"thumbnailUrl":"https:\/\/redamlo.com\/wp-content\/uploads\/2021\/05\/Gobierno-federal-respalda-a-la-Ciudad-de-Mexico-para-conocer-verdad-sobre-accidente-en-L12-Lopez-Obrador-expresa-solidaridad-con-familias-de-victimas-y-heridos.jpg","keywords":["AMLO","Andr\u00e9s Manuel L\u00f3pez Obrador","Claudia Sheinbaum","familias de v\u00edctimas","Gobierno de M\u00e9xico","heridos","L\u00ednea 12","Metro","M\u00e9xico","Solidaridad","STC Metro"],"articleSection":["4T","Nacionales","Presidencia"],"inLanguage":"es","potentialAction":[{"@type":"CommentAction","name":"Comment","target":["https:\/\/redamlo.com\/index.php\/2021\/05\/04\/gobierno-federal-respalda-a-la-ciudad-de-mexico-para-conocer-verdad-sobre-accidente-en-l12-lopez-obrador-expresa-solidaridad-con-familias-de-victimas-y-heridos\/#respond"]}]},{"@type":"WebPage","@id":"https:\/\/redamlo.com\/index.php\/2021\/05\/04\/gobierno-federal-respalda-a-la-ciudad-de-mexico-para-conocer-verdad-sobre-accidente-en-l12-lopez-obrador-expresa-solidaridad-con-familias-de-victimas-y-heridos\/","url":"https:\/\/redamlo.com\/index.php\/2021\/05\/04\/gobierno-federal-respalda-a-la-ciudad-de-mexico-para-conocer-verdad-sobre-accidente-en-l12-lopez-obrador-expresa-solidaridad-con-familias-de-victimas-y-heridos\/","name":"Gobierno federal respalda a la Ciudad de M\u00e9xico para conocer verdad sobre accidente en L12: L\u00f3pez Obrador; expresa solidaridad con familias de v\u00edctimas y heridos - NOTICIAS DE LA 4T","isPartOf":{"@id":"https:\/\/redamlo.com\/#website"},"primaryImageOfPage":{"@id":"https:\/\/redamlo.com\/index.php\/2021\/05\/04\/gobierno-federal-respalda-a-la-ciudad-de-mexico-para-conocer-verdad-sobre-accidente-en-l12-lopez-obrador-expresa-solidaridad-con-familias-de-victimas-y-heridos\/#primaryimage"},"image":{"@id":"https:\/\/redamlo.com\/index.php\/2021\/05\/04\/gobierno-federal-respalda-a-la-ciudad-de-mexico-para-conocer-verdad-sobre-accidente-en-l12-lopez-obrador-expresa-solidaridad-con-familias-de-victimas-y-heridos\/#primaryimage"},"thumbnailUrl":"https:\/\/redamlo.com\/wp-content\/uploads\/2021\/05\/Gobierno-federal-respalda-a-la-Ciudad-de-Mexico-para-conocer-verdad-sobre-accidente-en-L12-Lopez-Obrador-expresa-solidaridad-con-familias-de-victimas-y-heridos.jpg","datePublished":"2021-05-04T18:00:28+00:00","breadcrumb":{"@id":"https:\/\/redamlo.com\/index.php\/2021\/05\/04\/gobierno-federal-respalda-a-la-ciudad-de-mexico-para-conocer-verdad-sobre-accidente-en-l12-lopez-obrador-expresa-solidaridad-con-familias-de-victimas-y-heridos\/#breadcrumb"},"inLanguage":"es","potentialAction":[{"@type":"ReadAction","target":["https:\/\/redamlo.com\/index.php\/2021\/05\/04\/gobierno-federal-respalda-a-la-ciudad-de-mexico-para-conocer-verdad-sobre-accidente-en-l12-lopez-obrador-expresa-solidaridad-con-familias-de-victimas-y-heridos\/"]}]},{"@type":"ImageObject","inLanguage":"es","@id":"https:\/\/redamlo.com\/index.php\/2021\/05\/04\/gobierno-federal-respalda-a-la-ciudad-de-mexico-para-conocer-verdad-sobre-accidente-en-l12-lopez-obrador-expresa-solidaridad-con-familias-de-victimas-y-heridos\/#primaryimage","url":"https:\/\/redamlo.com\/wp-content\/uploads\/2021\/05\/Gobierno-federal-respalda-a-la-Ciudad-de-Mexico-para-conocer-verdad-sobre-accidente-en-L12-Lopez-Obrador-expresa-solidaridad-con-familias-de-victimas-y-heridos.jpg","contentUrl":"https:\/\/redamlo.com\/wp-content\/uploads\/2021\/05\/Gobierno-federal-respalda-a-la-Ciudad-de-Mexico-para-conocer-verdad-sobre-accidente-en-L12-Lopez-Obrador-expresa-solidaridad-con-familias-de-victimas-y-heridos.jpg","width":770,"height":454},{"@type":"BreadcrumbList","@id":"https:\/\/redamlo.com\/index.php\/2021\/05\/04\/gobierno-federal-respalda-a-la-ciudad-de-mexico-para-conocer-verdad-sobre-accidente-en-l12-lopez-obrador-expresa-solidaridad-con-familias-de-victimas-y-heridos\/#breadcrumb","itemListElement":[{"@type":"ListItem","position":1,"name":"Inicio","item":"https:\/\/redamlo.com\/"},{"@type":"ListItem","position":2,"name":"Gobierno federal respalda a la Ciudad de M\u00e9xico para conocer verdad sobre accidente en L12: L\u00f3pez Obrador; expresa solidaridad con familias de v\u00edctimas y heridos"}]},{"@type":"WebSite","@id":"https:\/\/redamlo.com\/#website","url":"https:\/\/redamlo.com\/","name":"NOTICIAS DE LA 4T","description":"","publisher":{"@id":"https:\/\/redamlo.com\/#organization"},"potentialAction":[{"@type":"SearchAction","target":{"@type":"EntryPoint","urlTemplate":"https:\/\/redamlo.com\/?s={search_term_string}"},"query-input":{"@type":"PropertyValueSpecification","valueRequired":true,"valueName":"search_term_string"}}],"inLanguage":"es"},{"@type":"Organization","@id":"https:\/\/redamlo.com\/#organization","name":"NOTICIAS DE LA 4T","url":"https:\/\/redamlo.com\/","logo":{"@type":"ImageObject","inLanguage":"es","@id":"https:\/\/redamlo.com\/#\/schema\/logo\/image\/","url":"https:\/\/redamlo.com\/wp-content\/uploads\/2024\/08\/cropped-RED-AMLO-logo-50.png","contentUrl":"https:\/\/redamlo.com\/wp-content\/uploads\/2024\/08\/cropped-RED-AMLO-logo-50.png","width":256,"height":256,"caption":"NOTICIAS DE LA 4T"},"image":{"@id":"https:\/\/redamlo.com\/#\/schema\/logo\/image\/"}},{"@type":"Person","@id":"https:\/\/redamlo.com\/#\/schema\/person\/7223a4375eb8f1a782fcae010a7115cf","name":"Blanca","image":{"@type":"ImageObject","inLanguage":"es","@id":"https:\/\/secure.gravatar.com\/avatar\/3f79bc8336367a4e6093eae8757acaaf61d1124834b905616de7829b0273426d?s=96&d=mm&r=g","url":"https:\/\/secure.gravatar.com\/avatar\/3f79bc8336367a4e6093eae8757acaaf61d1124834b905616de7829b0273426d?s=96&d=mm&r=g","contentUrl":"https:\/\/secure.gravatar.com\/avatar\/3f79bc8336367a4e6093eae8757acaaf61d1124834b905616de7829b0273426d?s=96&d=mm&r=g","caption":"Blanca"},"url":"https:\/\/redamlo.com\/index.php\/author\/blanca\/"}]}},"_links":{"self":[{"href":"https:\/\/redamlo.com\/index.php\/wp-json\/wp\/v2\/posts\/4222","targetHints":{"allow":["GET"]}}],"collection":[{"href":"https:\/\/redamlo.com\/index.php\/wp-json\/wp\/v2\/posts"}],"about":[{"href":"https:\/\/redamlo.com\/index.php\/wp-json\/wp\/v2\/types\/post"}],"author":[{"embeddable":true,"href":"https:\/\/redamlo.com\/index.php\/wp-json\/wp\/v2\/users\/2"}],"replies":[{"embeddable":true,"href":"https:\/\/redamlo.com\/index.php\/wp-json\/wp\/v2\/comments?post=4222"}],"version-history":[{"count":0,"href":"https:\/\/redamlo.com\/index.php\/wp-json\/wp\/v2\/posts\/4222\/revisions"}],"wp:featuredmedia":[{"embeddable":true,"href":"https:\/\/redamlo.com\/index.php\/wp-json\/wp\/v2\/media\/4225"}],"wp:attachment":[{"href":"https:\/\/redamlo.com\/index.php\/wp-json\/wp\/v2\/media?parent=4222"}],"wp:term":[{"taxonomy":"category","embeddable":true,"href":"https:\/\/redamlo.com\/index.php\/wp-json\/wp\/v2\/categories?post=4222"},{"taxonomy":"post_tag","embeddable":true,"href":"https:\/\/redamlo.com\/index.php\/wp-json\/wp\/v2\/tags?post=4222"}],"curies":[{"name":"wp","href":"https:\/\/api.w.org\/{rel}","templated":true}]}}