{"id":4218,"date":"2021-05-03T20:00:36","date_gmt":"2021-05-04T01:00:36","guid":{"rendered":"https:\/\/redamlo.com\/?p=4218"},"modified":"2021-05-03T20:00:36","modified_gmt":"2021-05-04T01:00:36","slug":"gobierno-de-la-cuarta-transformacion-ofrece-disculpas-al-pueblo-maya-en-quintana-roo","status":"publish","type":"post","link":"https:\/\/redamlo.com\/index.php\/2021\/05\/03\/gobierno-de-la-cuarta-transformacion-ofrece-disculpas-al-pueblo-maya-en-quintana-roo\/","title":{"rendered":"Gobierno de la Cuarta Transformaci\u00f3n ofrece disculpas al pueblo maya en Quintana Roo"},"content":{"rendered":"<p style=\"text-align: justify;\"><span style=\"font-family: Arial, Helvetica, sans-serif; color: #000000;\">CHETUMAL, Q. ROO., 03 de mayo de 2021.- El presidente de M\u00e9xico, Andr\u00e9s Manuel L\u00f3pez Obrador encabez\u00f3 la ceremonia de petici\u00f3n de perd\u00f3n por agravios al pueblo maya en Felipe Carrillo Puerto, Quintana Roo.<\/span><\/p>\n<p style=\"text-align: justify;\"><span style=\"font-family: Arial, Helvetica, sans-serif; color: #000000;\">\u201cPor un imperativo de \u00e9tica de gobierno, pero tambi\u00e9n por convicci\u00f3n propia, ofrecemos las m\u00e1s sinceras disculpas al pueblo maya por los terribles abusos que cometieron particulares y autoridades nacionales y extranjeras en la conquista, durante los tres siglos de dominaci\u00f3n colonial y en dos siglos del M\u00e9xico independiente\u201d, expres\u00f3 el mandatario.<\/span><\/p>\n<p style=\"text-align: justify;\"><span style=\"font-family: Arial, Helvetica, sans-serif; color: #000000;\">El mandatario reafirm\u00f3 que el Gobierno de la Cuarta Transformaci\u00f3n siempre dar\u00e1 prioridad a los grupos desfavorecidos.<\/span><\/p>\n<p style=\"text-align: justify;\"><span style=\"font-family: Arial, Helvetica, sans-serif; color: #000000;\">\u201cArriba los de abajo y abajo los privilegios\u201d subray\u00f3 al tiempo que se comprometi\u00f3 a nunca olvidar a los pobladores del M\u00e9xico profundo.<\/span><\/p>\n<p style=\"text-align: justify;\"><span style=\"font-family: Arial, Helvetica, sans-serif; color: #000000;\">Acompa\u00f1ado del presidente de Guatemala, Alejandro Giammattei Falla, llam\u00f3 a recordar a las mujeres y los hombres que han luchado por la justicia y mantienen la fe tanto en los ideales del mundo maya, como en los universales de libertad, igualdad y fraternidad.<\/span><\/p>\n<p style=\"text-align: justify;\"><span style=\"font-family: Arial, Helvetica, sans-serif; color: #000000;\">Tras realizar una remembranza de las violaciones a los pueblos originarios durante las \u00e9pocas de la conquista y la colonia, el jefe del Ejecutivo sostuvo que actualmente en M\u00e9xico predominan las libertades y la justicia.<\/span><\/p>\n<p style=\"text-align: justify;\"><span style=\"font-family: Arial, Helvetica, sans-serif; color: #000000;\">\u201cAunque todav\u00eda hay mucha pobreza, no podemos decir que el presente es como el pasado oprobioso porfirista porque ahora hay libertades, son p\u00fablicas, notorias, se expresa sin censura y hay sobre todo una nueva voluntad de hacer justicia para bien del pueblo, como en los tiempos de la Revoluci\u00f3n Mexicana. Tan es as\u00ed que por eso estamos aqu\u00ed ofreciendo perd\u00f3n\u201d, subray\u00f3 el jefe del Ejecutivo.<\/span><\/p>\n<p style=\"text-align: justify;\"><span style=\"font-family: Arial, Helvetica, sans-serif; color: #000000;\">Ana Caren Dzib Poot, representante del pueblo maya, acept\u00f3 la petici\u00f3n de perd\u00f3n a nombre del Estado expresada por la secretaria de Gobernaci\u00f3n, Olga S\u00e1nchez Cordero.<\/span><\/p>\n<p style=\"text-align: justify;\"><span style=\"font-family: Arial, Helvetica, sans-serif; color: #000000;\">Los presidentes Andr\u00e9s Manuel L\u00f3pez Obrador y Alejandro Giammattei Falla visitaron el Museo de la Guerra de Castas en el que se devel\u00f3 una placa conmemorativa.<\/span><\/p>\n<p style=\"text-align: justify;\"><span style=\"font-family: Arial, Helvetica, sans-serif; color: #000000;\">Participaron en la ceremonia, el gobernador de Quintana Roo, Carlos Manuel Joaqu\u00edn Gonz\u00e1lez; los secretarios de la Defensa Nacional, Luis Cresencio Sandoval Gonz\u00e1lez; de Marina, Jos\u00e9 Rafael Ojeda Dur\u00e1n; de Relaciones Exteriores, Marcelo Ebrard Casaubon y de Cultura, Alejandra Frausto Guerrero, y los directores generales del Instituto Nacional de los Pueblos Ind\u00edgenas, Adelfo Regino Montes y del Instituto Mexicano del Seguro Social, Zo\u00e9 Robledo Aburto, quien preside la Comisi\u00f3n Presidencial para la Conmemoraci\u00f3n de Hechos, Procesos y Personajes Hist\u00f3ricos de M\u00e9xico.<\/span><\/p>\n<p style=\"text-align: justify;\"><span style=\"font-family: Arial, Helvetica, sans-serif; color: #000000;\">Tambi\u00e9n el ministro de Relaciones Exteriores de Guatemala, Pedro Bolo Vila y el presidente municipal de Felipe Carrillo Puerto, Jos\u00e9 Esquivel Vargas.<\/span><\/p>\n<p><iframe loading=\"lazy\" title=\"Petici\u00f3n de perd\u00f3n por agravios al pueblo maya. Fin de la Guerra de Castas, desde Quintana Roo\" width=\"640\" height=\"360\" src=\"https:\/\/www.youtube.com\/embed\/YvOhFRF3mew?feature=oembed\" frameborder=\"0\" allow=\"accelerometer; autoplay; clipboard-write; encrypted-media; gyroscope; picture-in-picture; web-share\" referrerpolicy=\"strict-origin-when-cross-origin\" allowfullscreen><\/iframe><\/p>\n","protected":false},"excerpt":{"rendered":"<p>CHETUMAL, Q. ROO., 03 de mayo de 2021.- El presidente de M\u00e9xico, Andr\u00e9s Manuel L\u00f3pez&#8230;<\/p>\n","protected":false},"author":2,"featured_media":4221,"comment_status":"open","ping_status":"closed","sticky":false,"template":"","format":"standard","meta":{"footnotes":""},"categories":[25,20,27],"tags":[813,84,131,816,442,797,556,9,814,815,21],"class_list":["post-4218","post","type-post","status-publish","format-standard","has-post-thumbnail","hentry","category-4t","category-nacionales","category-presidencia","tag-agravios","tag-amlo","tag-andres-manuel-lopez-obrador","tag-ceremonia","tag-cuarta-transformacion","tag-felipe-carrillo-puerto","tag-gobierno-de-mexico","tag-mexico","tag-peticion-de-perdon","tag-pueblo-maya","tag-quintana-roo"],"yoast_head":"<!-- This site is optimized with the Yoast SEO plugin v27.5 - https:\/\/yoast.com\/product\/yoast-seo-wordpress\/ -->\n<title>Gobierno de la Cuarta Transformaci\u00f3n ofrece disculpas al pueblo maya en Quintana Roo - NOTICIAS DE LA 4T<\/title>\n<meta name=\"robots\" content=\"noindex, follow, max-snippet:-1, max-image-preview:large, max-video-preview:-1\" \/>\n<meta property=\"og:locale\" content=\"es_MX\" \/>\n<meta property=\"og:type\" content=\"article\" \/>\n<meta property=\"og:title\" content=\"Gobierno de la Cuarta Transformaci\u00f3n ofrece disculpas al pueblo maya en Quintana Roo - NOTICIAS DE LA 4T\" \/>\n<meta property=\"og:description\" content=\"CHETUMAL, Q. ROO., 03 de mayo de 2021.- El presidente de M\u00e9xico, Andr\u00e9s Manuel L\u00f3pez...\" \/>\n<meta property=\"og:url\" content=\"https:\/\/redamlo.com\/index.php\/2021\/05\/03\/gobierno-de-la-cuarta-transformacion-ofrece-disculpas-al-pueblo-maya-en-quintana-roo\/\" \/>\n<meta property=\"og:site_name\" content=\"NOTICIAS DE LA 4T\" \/>\n<meta property=\"article:published_time\" content=\"2021-05-04T01:00:36+00:00\" \/>\n<meta property=\"og:image\" content=\"https:\/\/redamlo.com\/wp-content\/uploads\/2021\/05\/Gobierno-de-la-Cuarta-Transformacion-ofrece-disculpas-al-pueblo-maya-en-Quintana-Roo.jpg\" \/>\n\t<meta property=\"og:image:width\" content=\"770\" \/>\n\t<meta property=\"og:image:height\" content=\"424\" \/>\n\t<meta property=\"og:image:type\" content=\"image\/jpeg\" \/>\n<meta name=\"author\" content=\"Blanca\" \/>\n<meta name=\"twitter:card\" content=\"summary_large_image\" \/>\n<meta name=\"twitter:label1\" content=\"Escrito por\" \/>\n\t<meta name=\"twitter:data1\" content=\"Blanca\" \/>\n\t<meta name=\"twitter:label2\" content=\"Tiempo de lectura\" \/>\n\t<meta name=\"twitter:data2\" content=\"2 minutos\" \/>\n<script type=\"application\/ld+json\" class=\"yoast-schema-graph\">{\"@context\":\"https:\\\/\\\/schema.org\",\"@graph\":[{\"@type\":\"Article\",\"@id\":\"https:\\\/\\\/redamlo.com\\\/index.php\\\/2021\\\/05\\\/03\\\/gobierno-de-la-cuarta-transformacion-ofrece-disculpas-al-pueblo-maya-en-quintana-roo\\\/#article\",\"isPartOf\":{\"@id\":\"https:\\\/\\\/redamlo.com\\\/index.php\\\/2021\\\/05\\\/03\\\/gobierno-de-la-cuarta-transformacion-ofrece-disculpas-al-pueblo-maya-en-quintana-roo\\\/\"},\"author\":{\"name\":\"Blanca\",\"@id\":\"https:\\\/\\\/redamlo.com\\\/#\\\/schema\\\/person\\\/7223a4375eb8f1a782fcae010a7115cf\"},\"headline\":\"Gobierno de la Cuarta Transformaci\u00f3n ofrece disculpas al pueblo maya en Quintana Roo\",\"datePublished\":\"2021-05-04T01:00:36+00:00\",\"mainEntityOfPage\":{\"@id\":\"https:\\\/\\\/redamlo.com\\\/index.php\\\/2021\\\/05\\\/03\\\/gobierno-de-la-cuarta-transformacion-ofrece-disculpas-al-pueblo-maya-en-quintana-roo\\\/\"},\"wordCount\":483,\"commentCount\":0,\"publisher\":{\"@id\":\"https:\\\/\\\/redamlo.com\\\/#organization\"},\"image\":{\"@id\":\"https:\\\/\\\/redamlo.com\\\/index.php\\\/2021\\\/05\\\/03\\\/gobierno-de-la-cuarta-transformacion-ofrece-disculpas-al-pueblo-maya-en-quintana-roo\\\/#primaryimage\"},\"thumbnailUrl\":\"https:\\\/\\\/redamlo.com\\\/wp-content\\\/uploads\\\/2021\\\/05\\\/Gobierno-de-la-Cuarta-Transformacion-ofrece-disculpas-al-pueblo-maya-en-Quintana-Roo.jpg\",\"keywords\":[\"agravios\",\"AMLO\",\"Andr\u00e9s Manuel L\u00f3pez Obrador\",\"ceremonia\",\"Cuarta Transformaci\u00f3n\",\"Felipe Carrillo Puerto\",\"Gobierno de M\u00e9xico\",\"M\u00e9xico\",\"petici\u00f3n de perd\u00f3n\",\"pueblo maya\",\"Quintana Roo\"],\"articleSection\":[\"4T\",\"Nacionales\",\"Presidencia\"],\"inLanguage\":\"es\",\"potentialAction\":[{\"@type\":\"CommentAction\",\"name\":\"Comment\",\"target\":[\"https:\\\/\\\/redamlo.com\\\/index.php\\\/2021\\\/05\\\/03\\\/gobierno-de-la-cuarta-transformacion-ofrece-disculpas-al-pueblo-maya-en-quintana-roo\\\/#respond\"]}]},{\"@type\":\"WebPage\",\"@id\":\"https:\\\/\\\/redamlo.com\\\/index.php\\\/2021\\\/05\\\/03\\\/gobierno-de-la-cuarta-transformacion-ofrece-disculpas-al-pueblo-maya-en-quintana-roo\\\/\",\"url\":\"https:\\\/\\\/redamlo.com\\\/index.php\\\/2021\\\/05\\\/03\\\/gobierno-de-la-cuarta-transformacion-ofrece-disculpas-al-pueblo-maya-en-quintana-roo\\\/\",\"name\":\"Gobierno de la Cuarta Transformaci\u00f3n ofrece disculpas al pueblo maya en Quintana Roo - NOTICIAS DE LA 4T\",\"isPartOf\":{\"@id\":\"https:\\\/\\\/redamlo.com\\\/#website\"},\"primaryImageOfPage\":{\"@id\":\"https:\\\/\\\/redamlo.com\\\/index.php\\\/2021\\\/05\\\/03\\\/gobierno-de-la-cuarta-transformacion-ofrece-disculpas-al-pueblo-maya-en-quintana-roo\\\/#primaryimage\"},\"image\":{\"@id\":\"https:\\\/\\\/redamlo.com\\\/index.php\\\/2021\\\/05\\\/03\\\/gobierno-de-la-cuarta-transformacion-ofrece-disculpas-al-pueblo-maya-en-quintana-roo\\\/#primaryimage\"},\"thumbnailUrl\":\"https:\\\/\\\/redamlo.com\\\/wp-content\\\/uploads\\\/2021\\\/05\\\/Gobierno-de-la-Cuarta-Transformacion-ofrece-disculpas-al-pueblo-maya-en-Quintana-Roo.jpg\",\"datePublished\":\"2021-05-04T01:00:36+00:00\",\"breadcrumb\":{\"@id\":\"https:\\\/\\\/redamlo.com\\\/index.php\\\/2021\\\/05\\\/03\\\/gobierno-de-la-cuarta-transformacion-ofrece-disculpas-al-pueblo-maya-en-quintana-roo\\\/#breadcrumb\"},\"inLanguage\":\"es\",\"potentialAction\":[{\"@type\":\"ReadAction\",\"target\":[\"https:\\\/\\\/redamlo.com\\\/index.php\\\/2021\\\/05\\\/03\\\/gobierno-de-la-cuarta-transformacion-ofrece-disculpas-al-pueblo-maya-en-quintana-roo\\\/\"]}]},{\"@type\":\"ImageObject\",\"inLanguage\":\"es\",\"@id\":\"https:\\\/\\\/redamlo.com\\\/index.php\\\/2021\\\/05\\\/03\\\/gobierno-de-la-cuarta-transformacion-ofrece-disculpas-al-pueblo-maya-en-quintana-roo\\\/#primaryimage\",\"url\":\"https:\\\/\\\/redamlo.com\\\/wp-content\\\/uploads\\\/2021\\\/05\\\/Gobierno-de-la-Cuarta-Transformacion-ofrece-disculpas-al-pueblo-maya-en-Quintana-Roo.jpg\",\"contentUrl\":\"https:\\\/\\\/redamlo.com\\\/wp-content\\\/uploads\\\/2021\\\/05\\\/Gobierno-de-la-Cuarta-Transformacion-ofrece-disculpas-al-pueblo-maya-en-Quintana-Roo.jpg\",\"width\":770,\"height\":424},{\"@type\":\"BreadcrumbList\",\"@id\":\"https:\\\/\\\/redamlo.com\\\/index.php\\\/2021\\\/05\\\/03\\\/gobierno-de-la-cuarta-transformacion-ofrece-disculpas-al-pueblo-maya-en-quintana-roo\\\/#breadcrumb\",\"itemListElement\":[{\"@type\":\"ListItem\",\"position\":1,\"name\":\"Inicio\",\"item\":\"https:\\\/\\\/redamlo.com\\\/\"},{\"@type\":\"ListItem\",\"position\":2,\"name\":\"Gobierno de la Cuarta Transformaci\u00f3n ofrece disculpas al pueblo maya en Quintana Roo\"}]},{\"@type\":\"WebSite\",\"@id\":\"https:\\\/\\\/redamlo.com\\\/#website\",\"url\":\"https:\\\/\\\/redamlo.com\\\/\",\"name\":\"NOTICIAS DE LA 4T\",\"description\":\"\",\"publisher\":{\"@id\":\"https:\\\/\\\/redamlo.com\\\/#organization\"},\"potentialAction\":[{\"@type\":\"SearchAction\",\"target\":{\"@type\":\"EntryPoint\",\"urlTemplate\":\"https:\\\/\\\/redamlo.com\\\/?s={search_term_string}\"},\"query-input\":{\"@type\":\"PropertyValueSpecification\",\"valueRequired\":true,\"valueName\":\"search_term_string\"}}],\"inLanguage\":\"es\"},{\"@type\":\"Organization\",\"@id\":\"https:\\\/\\\/redamlo.com\\\/#organization\",\"name\":\"NOTICIAS DE LA 4T\",\"url\":\"https:\\\/\\\/redamlo.com\\\/\",\"logo\":{\"@type\":\"ImageObject\",\"inLanguage\":\"es\",\"@id\":\"https:\\\/\\\/redamlo.com\\\/#\\\/schema\\\/logo\\\/image\\\/\",\"url\":\"https:\\\/\\\/redamlo.com\\\/wp-content\\\/uploads\\\/2024\\\/08\\\/cropped-RED-AMLO-logo-50.png\",\"contentUrl\":\"https:\\\/\\\/redamlo.com\\\/wp-content\\\/uploads\\\/2024\\\/08\\\/cropped-RED-AMLO-logo-50.png\",\"width\":256,\"height\":256,\"caption\":\"NOTICIAS DE LA 4T\"},\"image\":{\"@id\":\"https:\\\/\\\/redamlo.com\\\/#\\\/schema\\\/logo\\\/image\\\/\"}},{\"@type\":\"Person\",\"@id\":\"https:\\\/\\\/redamlo.com\\\/#\\\/schema\\\/person\\\/7223a4375eb8f1a782fcae010a7115cf\",\"name\":\"Blanca\",\"image\":{\"@type\":\"ImageObject\",\"inLanguage\":\"es\",\"@id\":\"https:\\\/\\\/secure.gravatar.com\\\/avatar\\\/3f79bc8336367a4e6093eae8757acaaf61d1124834b905616de7829b0273426d?s=96&d=mm&r=g\",\"url\":\"https:\\\/\\\/secure.gravatar.com\\\/avatar\\\/3f79bc8336367a4e6093eae8757acaaf61d1124834b905616de7829b0273426d?s=96&d=mm&r=g\",\"contentUrl\":\"https:\\\/\\\/secure.gravatar.com\\\/avatar\\\/3f79bc8336367a4e6093eae8757acaaf61d1124834b905616de7829b0273426d?s=96&d=mm&r=g\",\"caption\":\"Blanca\"},\"url\":\"https:\\\/\\\/redamlo.com\\\/index.php\\\/author\\\/blanca\\\/\"}]}<\/script>\n<!-- \/ Yoast SEO plugin. -->","yoast_head_json":{"title":"Gobierno de la Cuarta Transformaci\u00f3n ofrece disculpas al pueblo maya en Quintana Roo - NOTICIAS DE LA 4T","robots":{"index":"noindex","follow":"follow","max-snippet":"max-snippet:-1","max-image-preview":"max-image-preview:large","max-video-preview":"max-video-preview:-1"},"og_locale":"es_MX","og_type":"article","og_title":"Gobierno de la Cuarta Transformaci\u00f3n ofrece disculpas al pueblo maya en Quintana Roo - NOTICIAS DE LA 4T","og_description":"CHETUMAL, Q. ROO., 03 de mayo de 2021.- El presidente de M\u00e9xico, Andr\u00e9s Manuel L\u00f3pez...","og_url":"https:\/\/redamlo.com\/index.php\/2021\/05\/03\/gobierno-de-la-cuarta-transformacion-ofrece-disculpas-al-pueblo-maya-en-quintana-roo\/","og_site_name":"NOTICIAS DE LA 4T","article_published_time":"2021-05-04T01:00:36+00:00","og_image":[{"width":770,"height":424,"url":"https:\/\/redamlo.com\/wp-content\/uploads\/2021\/05\/Gobierno-de-la-Cuarta-Transformacion-ofrece-disculpas-al-pueblo-maya-en-Quintana-Roo.jpg","type":"image\/jpeg"}],"author":"Blanca","twitter_card":"summary_large_image","twitter_misc":{"Escrito por":"Blanca","Tiempo de lectura":"2 minutos"},"schema":{"@context":"https:\/\/schema.org","@graph":[{"@type":"Article","@id":"https:\/\/redamlo.com\/index.php\/2021\/05\/03\/gobierno-de-la-cuarta-transformacion-ofrece-disculpas-al-pueblo-maya-en-quintana-roo\/#article","isPartOf":{"@id":"https:\/\/redamlo.com\/index.php\/2021\/05\/03\/gobierno-de-la-cuarta-transformacion-ofrece-disculpas-al-pueblo-maya-en-quintana-roo\/"},"author":{"name":"Blanca","@id":"https:\/\/redamlo.com\/#\/schema\/person\/7223a4375eb8f1a782fcae010a7115cf"},"headline":"Gobierno de la Cuarta Transformaci\u00f3n ofrece disculpas al pueblo maya en Quintana Roo","datePublished":"2021-05-04T01:00:36+00:00","mainEntityOfPage":{"@id":"https:\/\/redamlo.com\/index.php\/2021\/05\/03\/gobierno-de-la-cuarta-transformacion-ofrece-disculpas-al-pueblo-maya-en-quintana-roo\/"},"wordCount":483,"commentCount":0,"publisher":{"@id":"https:\/\/redamlo.com\/#organization"},"image":{"@id":"https:\/\/redamlo.com\/index.php\/2021\/05\/03\/gobierno-de-la-cuarta-transformacion-ofrece-disculpas-al-pueblo-maya-en-quintana-roo\/#primaryimage"},"thumbnailUrl":"https:\/\/redamlo.com\/wp-content\/uploads\/2021\/05\/Gobierno-de-la-Cuarta-Transformacion-ofrece-disculpas-al-pueblo-maya-en-Quintana-Roo.jpg","keywords":["agravios","AMLO","Andr\u00e9s Manuel L\u00f3pez Obrador","ceremonia","Cuarta Transformaci\u00f3n","Felipe Carrillo Puerto","Gobierno de M\u00e9xico","M\u00e9xico","petici\u00f3n de perd\u00f3n","pueblo maya","Quintana Roo"],"articleSection":["4T","Nacionales","Presidencia"],"inLanguage":"es","potentialAction":[{"@type":"CommentAction","name":"Comment","target":["https:\/\/redamlo.com\/index.php\/2021\/05\/03\/gobierno-de-la-cuarta-transformacion-ofrece-disculpas-al-pueblo-maya-en-quintana-roo\/#respond"]}]},{"@type":"WebPage","@id":"https:\/\/redamlo.com\/index.php\/2021\/05\/03\/gobierno-de-la-cuarta-transformacion-ofrece-disculpas-al-pueblo-maya-en-quintana-roo\/","url":"https:\/\/redamlo.com\/index.php\/2021\/05\/03\/gobierno-de-la-cuarta-transformacion-ofrece-disculpas-al-pueblo-maya-en-quintana-roo\/","name":"Gobierno de la Cuarta Transformaci\u00f3n ofrece disculpas al pueblo maya en Quintana Roo - NOTICIAS DE LA 4T","isPartOf":{"@id":"https:\/\/redamlo.com\/#website"},"primaryImageOfPage":{"@id":"https:\/\/redamlo.com\/index.php\/2021\/05\/03\/gobierno-de-la-cuarta-transformacion-ofrece-disculpas-al-pueblo-maya-en-quintana-roo\/#primaryimage"},"image":{"@id":"https:\/\/redamlo.com\/index.php\/2021\/05\/03\/gobierno-de-la-cuarta-transformacion-ofrece-disculpas-al-pueblo-maya-en-quintana-roo\/#primaryimage"},"thumbnailUrl":"https:\/\/redamlo.com\/wp-content\/uploads\/2021\/05\/Gobierno-de-la-Cuarta-Transformacion-ofrece-disculpas-al-pueblo-maya-en-Quintana-Roo.jpg","datePublished":"2021-05-04T01:00:36+00:00","breadcrumb":{"@id":"https:\/\/redamlo.com\/index.php\/2021\/05\/03\/gobierno-de-la-cuarta-transformacion-ofrece-disculpas-al-pueblo-maya-en-quintana-roo\/#breadcrumb"},"inLanguage":"es","potentialAction":[{"@type":"ReadAction","target":["https:\/\/redamlo.com\/index.php\/2021\/05\/03\/gobierno-de-la-cuarta-transformacion-ofrece-disculpas-al-pueblo-maya-en-quintana-roo\/"]}]},{"@type":"ImageObject","inLanguage":"es","@id":"https:\/\/redamlo.com\/index.php\/2021\/05\/03\/gobierno-de-la-cuarta-transformacion-ofrece-disculpas-al-pueblo-maya-en-quintana-roo\/#primaryimage","url":"https:\/\/redamlo.com\/wp-content\/uploads\/2021\/05\/Gobierno-de-la-Cuarta-Transformacion-ofrece-disculpas-al-pueblo-maya-en-Quintana-Roo.jpg","contentUrl":"https:\/\/redamlo.com\/wp-content\/uploads\/2021\/05\/Gobierno-de-la-Cuarta-Transformacion-ofrece-disculpas-al-pueblo-maya-en-Quintana-Roo.jpg","width":770,"height":424},{"@type":"BreadcrumbList","@id":"https:\/\/redamlo.com\/index.php\/2021\/05\/03\/gobierno-de-la-cuarta-transformacion-ofrece-disculpas-al-pueblo-maya-en-quintana-roo\/#breadcrumb","itemListElement":[{"@type":"ListItem","position":1,"name":"Inicio","item":"https:\/\/redamlo.com\/"},{"@type":"ListItem","position":2,"name":"Gobierno de la Cuarta Transformaci\u00f3n ofrece disculpas al pueblo maya en Quintana Roo"}]},{"@type":"WebSite","@id":"https:\/\/redamlo.com\/#website","url":"https:\/\/redamlo.com\/","name":"NOTICIAS DE LA 4T","description":"","publisher":{"@id":"https:\/\/redamlo.com\/#organization"},"potentialAction":[{"@type":"SearchAction","target":{"@type":"EntryPoint","urlTemplate":"https:\/\/redamlo.com\/?s={search_term_string}"},"query-input":{"@type":"PropertyValueSpecification","valueRequired":true,"valueName":"search_term_string"}}],"inLanguage":"es"},{"@type":"Organization","@id":"https:\/\/redamlo.com\/#organization","name":"NOTICIAS DE LA 4T","url":"https:\/\/redamlo.com\/","logo":{"@type":"ImageObject","inLanguage":"es","@id":"https:\/\/redamlo.com\/#\/schema\/logo\/image\/","url":"https:\/\/redamlo.com\/wp-content\/uploads\/2024\/08\/cropped-RED-AMLO-logo-50.png","contentUrl":"https:\/\/redamlo.com\/wp-content\/uploads\/2024\/08\/cropped-RED-AMLO-logo-50.png","width":256,"height":256,"caption":"NOTICIAS DE LA 4T"},"image":{"@id":"https:\/\/redamlo.com\/#\/schema\/logo\/image\/"}},{"@type":"Person","@id":"https:\/\/redamlo.com\/#\/schema\/person\/7223a4375eb8f1a782fcae010a7115cf","name":"Blanca","image":{"@type":"ImageObject","inLanguage":"es","@id":"https:\/\/secure.gravatar.com\/avatar\/3f79bc8336367a4e6093eae8757acaaf61d1124834b905616de7829b0273426d?s=96&d=mm&r=g","url":"https:\/\/secure.gravatar.com\/avatar\/3f79bc8336367a4e6093eae8757acaaf61d1124834b905616de7829b0273426d?s=96&d=mm&r=g","contentUrl":"https:\/\/secure.gravatar.com\/avatar\/3f79bc8336367a4e6093eae8757acaaf61d1124834b905616de7829b0273426d?s=96&d=mm&r=g","caption":"Blanca"},"url":"https:\/\/redamlo.com\/index.php\/author\/blanca\/"}]}},"_links":{"self":[{"href":"https:\/\/redamlo.com\/index.php\/wp-json\/wp\/v2\/posts\/4218","targetHints":{"allow":["GET"]}}],"collection":[{"href":"https:\/\/redamlo.com\/index.php\/wp-json\/wp\/v2\/posts"}],"about":[{"href":"https:\/\/redamlo.com\/index.php\/wp-json\/wp\/v2\/types\/post"}],"author":[{"embeddable":true,"href":"https:\/\/redamlo.com\/index.php\/wp-json\/wp\/v2\/users\/2"}],"replies":[{"embeddable":true,"href":"https:\/\/redamlo.com\/index.php\/wp-json\/wp\/v2\/comments?post=4218"}],"version-history":[{"count":0,"href":"https:\/\/redamlo.com\/index.php\/wp-json\/wp\/v2\/posts\/4218\/revisions"}],"wp:featuredmedia":[{"embeddable":true,"href":"https:\/\/redamlo.com\/index.php\/wp-json\/wp\/v2\/media\/4221"}],"wp:attachment":[{"href":"https:\/\/redamlo.com\/index.php\/wp-json\/wp\/v2\/media?parent=4218"}],"wp:term":[{"taxonomy":"category","embeddable":true,"href":"https:\/\/redamlo.com\/index.php\/wp-json\/wp\/v2\/categories?post=4218"},{"taxonomy":"post_tag","embeddable":true,"href":"https:\/\/redamlo.com\/index.php\/wp-json\/wp\/v2\/tags?post=4218"}],"curies":[{"name":"wp","href":"https:\/\/api.w.org\/{rel}","templated":true}]}}