{"id":4201,"date":"2021-05-03T21:20:20","date_gmt":"2021-05-04T02:20:20","guid":{"rendered":"https:\/\/redamlo.com\/?p=4201"},"modified":"2021-05-03T21:20:20","modified_gmt":"2021-05-04T02:20:20","slug":"morena-mas-fuerte-que-nunca-en-quintana-roo","status":"publish","type":"post","link":"https:\/\/redamlo.com\/index.php\/2021\/05\/03\/morena-mas-fuerte-que-nunca-en-quintana-roo\/","title":{"rendered":"Morena mas Fuerte que nunca en Quintana Roo"},"content":{"rendered":"<p>La fortaleza de Morena en Quintana Roo es la unidad: Laura Beristain<\/p>\n<p>\u2022Lo m\u00e1s importante, la fuerza y el empuje de la gente que hace posible la <strong>Cuarta Transformaci\u00f3n<\/strong>.<\/p>\n<p>Esta tarde rindi\u00f3 protesta <strong>Humberto Aldana,<\/strong> como presidente estatal de<strong> Morena en Quintana Roo<\/strong>. En el evento particip\u00f3 la candidata de la coalici\u00f3n <strong>Juntos Hacemos Historia<\/strong> a la presidencia municipal de Solidaridad, <strong>Laura Beristain Navarrete<\/strong>.<\/p>\n<p>Laura Beristain destac\u00f3 que la fortaleza de Morena este 6 de junio es la unidad de todos sus liderazgos. Pero sobre todo la fuerza y el empuje de toda gente que hace posible la Cuarta Transformaci\u00f3n en Solidaridad y en cada municipio de Quintana Roo.<\/p>\n<p>Humberto Aldana, dirigente estatal dijo que ser\u00e1 importante que Laura Beristain refrende el gobierno porque desde ah\u00ed se podr\u00e1 impulsar a\u00fan m\u00e1s el empleo, la actividad tur\u00edstica y el comercio, con todas la obras que se van a generar en Solidaridad a partir de la construcci\u00f3n del Tren Maya.<\/p>\n<p>La candidata de Morena a la presidencia municipal de<strong> Benito Ju\u00e1rez, Mara Lezama<\/strong> asegur\u00f3 que \u201ctodas las candidatas, todos los candidatos y el Comit\u00e9 Estatal, vamos a trabajar de la mano, unidos para consolidar la transformaci\u00f3n en nuestro estado\u201d.<\/p>\n<p>La reuni\u00f3n fue dirigida por el tabasque\u00f1o \u00d3scar Cant\u00f3n, delegado regional del Movimiento de Regeneraci\u00f3n Nacional, quien se\u00f1al\u00f3 que la ciudadan\u00eda tiene claro qui\u00e9n ha trabajado y quien no ha trabajado; y en Laura Beristain reconocen todos las transformaciones que se han realizado en el municipio, incluso en tiempos adversos que han sido ya remontados, con capacidad por nuestra ahora candidata.<\/p>\n<p>En el mismo acto rindi\u00f3 protesta <strong>Williams Ferrer,<\/strong> como nuevo secretario general de este mismo instituto pol\u00edtico, quien mencion\u00f3 que ha visto muy de cerca el trabajo de Laura Beristain, los resultados est\u00e1n a la vista, c\u00f3mo hace muchos a\u00f1os no se ten\u00eda en <strong>Playa del Carmen.<\/strong><\/p>\n<p>En la reuni\u00f3n participaron tambi\u00e9n candidatas y candidatos de Morena en otros municipios del estado, y l\u00edderes hist\u00f3ricos de Morena.<\/p>\n<p><img loading=\"lazy\" decoding=\"async\" class=\"aligncenter size-full wp-image-8339\" src=\"https:\/\/redamlo.com\/wp-content\/uploads\/2021\/05\/Morena-mas-Fuerte-que-nunca-en-Quintana-Roo-laura-beristain-y-mara-lezama.jpg\" alt=\"\" width=\"1280\" height=\"852\" \/><\/p>\n","protected":false},"excerpt":{"rendered":"<p>La fortaleza de Morena en Quintana Roo es la unidad: Laura Beristain \u2022Lo m\u00e1s importante,&#8230;<\/p>\n","protected":false},"author":2,"featured_media":4203,"comment_status":"open","ping_status":"closed","sticky":false,"template":"","format":"standard","meta":{"footnotes":""},"categories":[25],"tags":[803,442,804,805,374,521,806,117,807],"class_list":["post-4201","post","type-post","status-publish","format-standard","has-post-thumbnail","hentry","category-4t","tag-benito-juarez","tag-cuarta-transformacion","tag-humberto-aldana","tag-juntos-hacemos-historia","tag-laura-beristain-navarrete","tag-mara-lezama","tag-morena-en-quintana-roo","tag-playa-del-carmen","tag-williams-ferrer"],"yoast_head":"<!-- This site is optimized with the Yoast SEO plugin v27.5 - https:\/\/yoast.com\/product\/yoast-seo-wordpress\/ -->\n<title>Morena mas Fuerte que nunca en Quintana Roo - NOTICIAS DE LA 4T<\/title>\n<meta name=\"robots\" content=\"noindex, follow, max-snippet:-1, max-image-preview:large, max-video-preview:-1\" \/>\n<meta property=\"og:locale\" content=\"es_MX\" \/>\n<meta property=\"og:type\" content=\"article\" \/>\n<meta property=\"og:title\" content=\"Morena mas Fuerte que nunca en Quintana Roo - NOTICIAS DE LA 4T\" \/>\n<meta property=\"og:description\" content=\"La fortaleza de Morena en Quintana Roo es la unidad: Laura Beristain \u2022Lo m\u00e1s importante,...\" \/>\n<meta property=\"og:url\" content=\"https:\/\/redamlo.com\/index.php\/2021\/05\/03\/morena-mas-fuerte-que-nunca-en-quintana-roo\/\" \/>\n<meta property=\"og:site_name\" content=\"NOTICIAS DE LA 4T\" \/>\n<meta property=\"article:published_time\" content=\"2021-05-04T02:20:20+00:00\" \/>\n<meta property=\"og:image\" content=\"https:\/\/redamlo.com\/wp-content\/uploads\/2021\/05\/Morena-mas-Fuerte-que-nunca-en-Quintana-Roo.jpg\" \/>\n\t<meta property=\"og:image:width\" content=\"1080\" \/>\n\t<meta property=\"og:image:height\" content=\"700\" \/>\n\t<meta property=\"og:image:type\" content=\"image\/jpeg\" \/>\n<meta name=\"author\" content=\"Blanca\" \/>\n<meta name=\"twitter:card\" content=\"summary_large_image\" \/>\n<meta name=\"twitter:label1\" content=\"Escrito por\" \/>\n\t<meta name=\"twitter:data1\" content=\"Blanca\" \/>\n\t<meta name=\"twitter:label2\" content=\"Tiempo de lectura\" \/>\n\t<meta name=\"twitter:data2\" content=\"2 minutos\" \/>\n<script type=\"application\/ld+json\" class=\"yoast-schema-graph\">{\"@context\":\"https:\\\/\\\/schema.org\",\"@graph\":[{\"@type\":\"Article\",\"@id\":\"https:\\\/\\\/redamlo.com\\\/index.php\\\/2021\\\/05\\\/03\\\/morena-mas-fuerte-que-nunca-en-quintana-roo\\\/#article\",\"isPartOf\":{\"@id\":\"https:\\\/\\\/redamlo.com\\\/index.php\\\/2021\\\/05\\\/03\\\/morena-mas-fuerte-que-nunca-en-quintana-roo\\\/\"},\"author\":{\"name\":\"Blanca\",\"@id\":\"https:\\\/\\\/redamlo.com\\\/#\\\/schema\\\/person\\\/7223a4375eb8f1a782fcae010a7115cf\"},\"headline\":\"Morena mas Fuerte que nunca en Quintana Roo\",\"datePublished\":\"2021-05-04T02:20:20+00:00\",\"mainEntityOfPage\":{\"@id\":\"https:\\\/\\\/redamlo.com\\\/index.php\\\/2021\\\/05\\\/03\\\/morena-mas-fuerte-que-nunca-en-quintana-roo\\\/\"},\"wordCount\":358,\"commentCount\":0,\"publisher\":{\"@id\":\"https:\\\/\\\/redamlo.com\\\/#organization\"},\"image\":{\"@id\":\"https:\\\/\\\/redamlo.com\\\/index.php\\\/2021\\\/05\\\/03\\\/morena-mas-fuerte-que-nunca-en-quintana-roo\\\/#primaryimage\"},\"thumbnailUrl\":\"https:\\\/\\\/redamlo.com\\\/wp-content\\\/uploads\\\/2021\\\/05\\\/Morena-mas-Fuerte-que-nunca-en-Quintana-Roo.jpg\",\"keywords\":[\"Benito Ju\u00e1rez\",\"Cuarta Transformaci\u00f3n\",\"Humberto Aldana\",\"Juntos Hacemos Historia\",\"Laura Beristain Navarrete\",\"Mara Lezama\",\"Morena en Quintana Roo\",\"playa del carmen\",\"Williams Ferrer\"],\"articleSection\":[\"4T\"],\"inLanguage\":\"es\",\"potentialAction\":[{\"@type\":\"CommentAction\",\"name\":\"Comment\",\"target\":[\"https:\\\/\\\/redamlo.com\\\/index.php\\\/2021\\\/05\\\/03\\\/morena-mas-fuerte-que-nunca-en-quintana-roo\\\/#respond\"]}]},{\"@type\":\"WebPage\",\"@id\":\"https:\\\/\\\/redamlo.com\\\/index.php\\\/2021\\\/05\\\/03\\\/morena-mas-fuerte-que-nunca-en-quintana-roo\\\/\",\"url\":\"https:\\\/\\\/redamlo.com\\\/index.php\\\/2021\\\/05\\\/03\\\/morena-mas-fuerte-que-nunca-en-quintana-roo\\\/\",\"name\":\"Morena mas Fuerte que nunca en Quintana Roo - NOTICIAS DE LA 4T\",\"isPartOf\":{\"@id\":\"https:\\\/\\\/redamlo.com\\\/#website\"},\"primaryImageOfPage\":{\"@id\":\"https:\\\/\\\/redamlo.com\\\/index.php\\\/2021\\\/05\\\/03\\\/morena-mas-fuerte-que-nunca-en-quintana-roo\\\/#primaryimage\"},\"image\":{\"@id\":\"https:\\\/\\\/redamlo.com\\\/index.php\\\/2021\\\/05\\\/03\\\/morena-mas-fuerte-que-nunca-en-quintana-roo\\\/#primaryimage\"},\"thumbnailUrl\":\"https:\\\/\\\/redamlo.com\\\/wp-content\\\/uploads\\\/2021\\\/05\\\/Morena-mas-Fuerte-que-nunca-en-Quintana-Roo.jpg\",\"datePublished\":\"2021-05-04T02:20:20+00:00\",\"breadcrumb\":{\"@id\":\"https:\\\/\\\/redamlo.com\\\/index.php\\\/2021\\\/05\\\/03\\\/morena-mas-fuerte-que-nunca-en-quintana-roo\\\/#breadcrumb\"},\"inLanguage\":\"es\",\"potentialAction\":[{\"@type\":\"ReadAction\",\"target\":[\"https:\\\/\\\/redamlo.com\\\/index.php\\\/2021\\\/05\\\/03\\\/morena-mas-fuerte-que-nunca-en-quintana-roo\\\/\"]}]},{\"@type\":\"ImageObject\",\"inLanguage\":\"es\",\"@id\":\"https:\\\/\\\/redamlo.com\\\/index.php\\\/2021\\\/05\\\/03\\\/morena-mas-fuerte-que-nunca-en-quintana-roo\\\/#primaryimage\",\"url\":\"https:\\\/\\\/redamlo.com\\\/wp-content\\\/uploads\\\/2021\\\/05\\\/Morena-mas-Fuerte-que-nunca-en-Quintana-Roo.jpg\",\"contentUrl\":\"https:\\\/\\\/redamlo.com\\\/wp-content\\\/uploads\\\/2021\\\/05\\\/Morena-mas-Fuerte-que-nunca-en-Quintana-Roo.jpg\",\"width\":1080,\"height\":700},{\"@type\":\"BreadcrumbList\",\"@id\":\"https:\\\/\\\/redamlo.com\\\/index.php\\\/2021\\\/05\\\/03\\\/morena-mas-fuerte-que-nunca-en-quintana-roo\\\/#breadcrumb\",\"itemListElement\":[{\"@type\":\"ListItem\",\"position\":1,\"name\":\"Inicio\",\"item\":\"https:\\\/\\\/redamlo.com\\\/\"},{\"@type\":\"ListItem\",\"position\":2,\"name\":\"Morena mas Fuerte que nunca en Quintana Roo\"}]},{\"@type\":\"WebSite\",\"@id\":\"https:\\\/\\\/redamlo.com\\\/#website\",\"url\":\"https:\\\/\\\/redamlo.com\\\/\",\"name\":\"NOTICIAS DE LA 4T\",\"description\":\"\",\"publisher\":{\"@id\":\"https:\\\/\\\/redamlo.com\\\/#organization\"},\"potentialAction\":[{\"@type\":\"SearchAction\",\"target\":{\"@type\":\"EntryPoint\",\"urlTemplate\":\"https:\\\/\\\/redamlo.com\\\/?s={search_term_string}\"},\"query-input\":{\"@type\":\"PropertyValueSpecification\",\"valueRequired\":true,\"valueName\":\"search_term_string\"}}],\"inLanguage\":\"es\"},{\"@type\":\"Organization\",\"@id\":\"https:\\\/\\\/redamlo.com\\\/#organization\",\"name\":\"NOTICIAS DE LA 4T\",\"url\":\"https:\\\/\\\/redamlo.com\\\/\",\"logo\":{\"@type\":\"ImageObject\",\"inLanguage\":\"es\",\"@id\":\"https:\\\/\\\/redamlo.com\\\/#\\\/schema\\\/logo\\\/image\\\/\",\"url\":\"https:\\\/\\\/redamlo.com\\\/wp-content\\\/uploads\\\/2024\\\/08\\\/cropped-RED-AMLO-logo-50.png\",\"contentUrl\":\"https:\\\/\\\/redamlo.com\\\/wp-content\\\/uploads\\\/2024\\\/08\\\/cropped-RED-AMLO-logo-50.png\",\"width\":256,\"height\":256,\"caption\":\"NOTICIAS DE LA 4T\"},\"image\":{\"@id\":\"https:\\\/\\\/redamlo.com\\\/#\\\/schema\\\/logo\\\/image\\\/\"}},{\"@type\":\"Person\",\"@id\":\"https:\\\/\\\/redamlo.com\\\/#\\\/schema\\\/person\\\/7223a4375eb8f1a782fcae010a7115cf\",\"name\":\"Blanca\",\"image\":{\"@type\":\"ImageObject\",\"inLanguage\":\"es\",\"@id\":\"https:\\\/\\\/secure.gravatar.com\\\/avatar\\\/3f79bc8336367a4e6093eae8757acaaf61d1124834b905616de7829b0273426d?s=96&d=mm&r=g\",\"url\":\"https:\\\/\\\/secure.gravatar.com\\\/avatar\\\/3f79bc8336367a4e6093eae8757acaaf61d1124834b905616de7829b0273426d?s=96&d=mm&r=g\",\"contentUrl\":\"https:\\\/\\\/secure.gravatar.com\\\/avatar\\\/3f79bc8336367a4e6093eae8757acaaf61d1124834b905616de7829b0273426d?s=96&d=mm&r=g\",\"caption\":\"Blanca\"},\"url\":\"https:\\\/\\\/redamlo.com\\\/index.php\\\/author\\\/blanca\\\/\"}]}<\/script>\n<!-- \/ Yoast SEO plugin. -->","yoast_head_json":{"title":"Morena mas Fuerte que nunca en Quintana Roo - NOTICIAS DE LA 4T","robots":{"index":"noindex","follow":"follow","max-snippet":"max-snippet:-1","max-image-preview":"max-image-preview:large","max-video-preview":"max-video-preview:-1"},"og_locale":"es_MX","og_type":"article","og_title":"Morena mas Fuerte que nunca en Quintana Roo - NOTICIAS DE LA 4T","og_description":"La fortaleza de Morena en Quintana Roo es la unidad: Laura Beristain \u2022Lo m\u00e1s importante,...","og_url":"https:\/\/redamlo.com\/index.php\/2021\/05\/03\/morena-mas-fuerte-que-nunca-en-quintana-roo\/","og_site_name":"NOTICIAS DE LA 4T","article_published_time":"2021-05-04T02:20:20+00:00","og_image":[{"width":1080,"height":700,"url":"https:\/\/redamlo.com\/wp-content\/uploads\/2021\/05\/Morena-mas-Fuerte-que-nunca-en-Quintana-Roo.jpg","type":"image\/jpeg"}],"author":"Blanca","twitter_card":"summary_large_image","twitter_misc":{"Escrito por":"Blanca","Tiempo de lectura":"2 minutos"},"schema":{"@context":"https:\/\/schema.org","@graph":[{"@type":"Article","@id":"https:\/\/redamlo.com\/index.php\/2021\/05\/03\/morena-mas-fuerte-que-nunca-en-quintana-roo\/#article","isPartOf":{"@id":"https:\/\/redamlo.com\/index.php\/2021\/05\/03\/morena-mas-fuerte-que-nunca-en-quintana-roo\/"},"author":{"name":"Blanca","@id":"https:\/\/redamlo.com\/#\/schema\/person\/7223a4375eb8f1a782fcae010a7115cf"},"headline":"Morena mas Fuerte que nunca en Quintana Roo","datePublished":"2021-05-04T02:20:20+00:00","mainEntityOfPage":{"@id":"https:\/\/redamlo.com\/index.php\/2021\/05\/03\/morena-mas-fuerte-que-nunca-en-quintana-roo\/"},"wordCount":358,"commentCount":0,"publisher":{"@id":"https:\/\/redamlo.com\/#organization"},"image":{"@id":"https:\/\/redamlo.com\/index.php\/2021\/05\/03\/morena-mas-fuerte-que-nunca-en-quintana-roo\/#primaryimage"},"thumbnailUrl":"https:\/\/redamlo.com\/wp-content\/uploads\/2021\/05\/Morena-mas-Fuerte-que-nunca-en-Quintana-Roo.jpg","keywords":["Benito Ju\u00e1rez","Cuarta Transformaci\u00f3n","Humberto Aldana","Juntos Hacemos Historia","Laura Beristain Navarrete","Mara Lezama","Morena en Quintana Roo","playa del carmen","Williams Ferrer"],"articleSection":["4T"],"inLanguage":"es","potentialAction":[{"@type":"CommentAction","name":"Comment","target":["https:\/\/redamlo.com\/index.php\/2021\/05\/03\/morena-mas-fuerte-que-nunca-en-quintana-roo\/#respond"]}]},{"@type":"WebPage","@id":"https:\/\/redamlo.com\/index.php\/2021\/05\/03\/morena-mas-fuerte-que-nunca-en-quintana-roo\/","url":"https:\/\/redamlo.com\/index.php\/2021\/05\/03\/morena-mas-fuerte-que-nunca-en-quintana-roo\/","name":"Morena mas Fuerte que nunca en Quintana Roo - NOTICIAS DE LA 4T","isPartOf":{"@id":"https:\/\/redamlo.com\/#website"},"primaryImageOfPage":{"@id":"https:\/\/redamlo.com\/index.php\/2021\/05\/03\/morena-mas-fuerte-que-nunca-en-quintana-roo\/#primaryimage"},"image":{"@id":"https:\/\/redamlo.com\/index.php\/2021\/05\/03\/morena-mas-fuerte-que-nunca-en-quintana-roo\/#primaryimage"},"thumbnailUrl":"https:\/\/redamlo.com\/wp-content\/uploads\/2021\/05\/Morena-mas-Fuerte-que-nunca-en-Quintana-Roo.jpg","datePublished":"2021-05-04T02:20:20+00:00","breadcrumb":{"@id":"https:\/\/redamlo.com\/index.php\/2021\/05\/03\/morena-mas-fuerte-que-nunca-en-quintana-roo\/#breadcrumb"},"inLanguage":"es","potentialAction":[{"@type":"ReadAction","target":["https:\/\/redamlo.com\/index.php\/2021\/05\/03\/morena-mas-fuerte-que-nunca-en-quintana-roo\/"]}]},{"@type":"ImageObject","inLanguage":"es","@id":"https:\/\/redamlo.com\/index.php\/2021\/05\/03\/morena-mas-fuerte-que-nunca-en-quintana-roo\/#primaryimage","url":"https:\/\/redamlo.com\/wp-content\/uploads\/2021\/05\/Morena-mas-Fuerte-que-nunca-en-Quintana-Roo.jpg","contentUrl":"https:\/\/redamlo.com\/wp-content\/uploads\/2021\/05\/Morena-mas-Fuerte-que-nunca-en-Quintana-Roo.jpg","width":1080,"height":700},{"@type":"BreadcrumbList","@id":"https:\/\/redamlo.com\/index.php\/2021\/05\/03\/morena-mas-fuerte-que-nunca-en-quintana-roo\/#breadcrumb","itemListElement":[{"@type":"ListItem","position":1,"name":"Inicio","item":"https:\/\/redamlo.com\/"},{"@type":"ListItem","position":2,"name":"Morena mas Fuerte que nunca en Quintana Roo"}]},{"@type":"WebSite","@id":"https:\/\/redamlo.com\/#website","url":"https:\/\/redamlo.com\/","name":"NOTICIAS DE LA 4T","description":"","publisher":{"@id":"https:\/\/redamlo.com\/#organization"},"potentialAction":[{"@type":"SearchAction","target":{"@type":"EntryPoint","urlTemplate":"https:\/\/redamlo.com\/?s={search_term_string}"},"query-input":{"@type":"PropertyValueSpecification","valueRequired":true,"valueName":"search_term_string"}}],"inLanguage":"es"},{"@type":"Organization","@id":"https:\/\/redamlo.com\/#organization","name":"NOTICIAS DE LA 4T","url":"https:\/\/redamlo.com\/","logo":{"@type":"ImageObject","inLanguage":"es","@id":"https:\/\/redamlo.com\/#\/schema\/logo\/image\/","url":"https:\/\/redamlo.com\/wp-content\/uploads\/2024\/08\/cropped-RED-AMLO-logo-50.png","contentUrl":"https:\/\/redamlo.com\/wp-content\/uploads\/2024\/08\/cropped-RED-AMLO-logo-50.png","width":256,"height":256,"caption":"NOTICIAS DE LA 4T"},"image":{"@id":"https:\/\/redamlo.com\/#\/schema\/logo\/image\/"}},{"@type":"Person","@id":"https:\/\/redamlo.com\/#\/schema\/person\/7223a4375eb8f1a782fcae010a7115cf","name":"Blanca","image":{"@type":"ImageObject","inLanguage":"es","@id":"https:\/\/secure.gravatar.com\/avatar\/3f79bc8336367a4e6093eae8757acaaf61d1124834b905616de7829b0273426d?s=96&d=mm&r=g","url":"https:\/\/secure.gravatar.com\/avatar\/3f79bc8336367a4e6093eae8757acaaf61d1124834b905616de7829b0273426d?s=96&d=mm&r=g","contentUrl":"https:\/\/secure.gravatar.com\/avatar\/3f79bc8336367a4e6093eae8757acaaf61d1124834b905616de7829b0273426d?s=96&d=mm&r=g","caption":"Blanca"},"url":"https:\/\/redamlo.com\/index.php\/author\/blanca\/"}]}},"_links":{"self":[{"href":"https:\/\/redamlo.com\/index.php\/wp-json\/wp\/v2\/posts\/4201","targetHints":{"allow":["GET"]}}],"collection":[{"href":"https:\/\/redamlo.com\/index.php\/wp-json\/wp\/v2\/posts"}],"about":[{"href":"https:\/\/redamlo.com\/index.php\/wp-json\/wp\/v2\/types\/post"}],"author":[{"embeddable":true,"href":"https:\/\/redamlo.com\/index.php\/wp-json\/wp\/v2\/users\/2"}],"replies":[{"embeddable":true,"href":"https:\/\/redamlo.com\/index.php\/wp-json\/wp\/v2\/comments?post=4201"}],"version-history":[{"count":0,"href":"https:\/\/redamlo.com\/index.php\/wp-json\/wp\/v2\/posts\/4201\/revisions"}],"wp:featuredmedia":[{"embeddable":true,"href":"https:\/\/redamlo.com\/index.php\/wp-json\/wp\/v2\/media\/4203"}],"wp:attachment":[{"href":"https:\/\/redamlo.com\/index.php\/wp-json\/wp\/v2\/media?parent=4201"}],"wp:term":[{"taxonomy":"category","embeddable":true,"href":"https:\/\/redamlo.com\/index.php\/wp-json\/wp\/v2\/categories?post=4201"},{"taxonomy":"post_tag","embeddable":true,"href":"https:\/\/redamlo.com\/index.php\/wp-json\/wp\/v2\/tags?post=4201"}],"curies":[{"name":"wp","href":"https:\/\/api.w.org\/{rel}","templated":true}]}}