{"id":4197,"date":"2021-05-03T20:11:03","date_gmt":"2021-05-04T01:11:03","guid":{"rendered":"https:\/\/redamlo.com\/?p=4197"},"modified":"2021-05-03T20:11:03","modified_gmt":"2021-05-04T01:11:03","slug":"propone-vero-camino-un-programa-de-activacion-economica-para-mujeres-de-merida","status":"publish","type":"post","link":"https:\/\/redamlo.com\/index.php\/2021\/05\/03\/propone-vero-camino-un-programa-de-activacion-economica-para-mujeres-de-merida\/","title":{"rendered":"Propone Vero Camino un programa de activaci\u00f3n econ\u00f3mica para mujeres de M\u00e9rida"},"content":{"rendered":"<p>Durante caminata por la comisar\u00eda de Chich\u00ed Su\u00e1rez, al oriente de la ciudad, la candidata a alcaldesa por el partido Movimiento Regeneraci\u00f3n Nacional (Morena), Ver\u00f3nica Camino Farjat, escuch\u00f3 a mujeres de mediana edad con necesidades de empleo.<\/p>\n<p>La problem\u00e1tica m\u00e1s fuerte, explic\u00f3, se concentra en el grupo de mujeres de 40 a 64 a\u00f1os, a las que les cuesta m\u00e1s trabajo encontrar empleo y que a\u00fan no est\u00e1n cobijadas por programas que les permita autoemplearse.<\/p>\n<p>\u201cNosotros seremos un ayuntamiento emp\u00e1tico y proponemos generar un programa integral de activaci\u00f3n econ\u00f3mica para mujeres de 40 a 64 a\u00f1os que se amolde a sus necesidades, y que sea o pueda ser competencia de los programas federales para la mujer\u201d, explic\u00f3.<\/p>\n<p>Durante la brigada, a la que acudi\u00f3 acompa\u00f1ada por la candidata a diputada federal por el Distrito 4, Giovanna Campos y el representante del Comit\u00e9 Ejecutivo Nacional (CEN) de Morena en Yucat\u00e1n, Ovidio Peralta, las personas salieron a brindar el apoyo al proyecto de Morena, y a comentar las necesidades de la comisar\u00eda, sobre todo en el encarpetado de calles.<\/p>\n<p>Comentaron que los baches son un peligro para autos y transe\u00fantes, en especial en la noche, cuando la luz es insuficiente.<\/p>\n<p>Camino Farjat asegur\u00f3 que, al estar frente al ayuntamiento de M\u00e9rida, cumplir\u00e1 con los principios de proteger a las personas de autoridades insensibles y desconectadas de las verdaderas necesidades de las colonias.<\/p>\n<p>\u201cVamos a ser un ayuntamiento que trabaje con corresponsabilidad; tomaremos las decisiones de manera participativa para que la ciudadan\u00eda pueda\u00a0colaborar en la planeaci\u00f3n y construcci\u00f3n de proyectos para transformar la ciudad\u201d, expres\u00f3.<\/p>\n<p>Por su parte, Ovidio Peralta, destac\u00f3 la disposici\u00f3n de las personas para dialogar con las y los candidatos de Morena en Yucat\u00e1n, en el marco de una campa\u00f1a cercana.<\/p>\n<p>\u201cM\u00e9rida est\u00e1 listo para hacer el cambio, Estamos haciendo una campa\u00f1a muy diferente, cercana a la gente, con los candidatos a platicar directamente con la gente, estamos dispuestos a escuchar para construir las realidades que tenemos que hacer para Yucat\u00e1n\u201d, puntualiz\u00f3<\/p>\n","protected":false},"excerpt":{"rendered":"<p>Durante caminata por la comisar\u00eda de Chich\u00ed Su\u00e1rez, al oriente de la ciudad, la candidata&#8230;<\/p>\n","protected":false},"author":2,"featured_media":4199,"comment_status":"open","ping_status":"closed","sticky":false,"template":"","format":"standard","meta":{"footnotes":""},"categories":[1],"tags":[],"class_list":["post-4197","post","type-post","status-publish","format-standard","has-post-thumbnail","hentry","category-uncategorized"],"yoast_head":"<!-- This site is optimized with the Yoast SEO plugin v27.5 - https:\/\/yoast.com\/product\/yoast-seo-wordpress\/ -->\n<title>Propone Vero Camino un programa de activaci\u00f3n econ\u00f3mica para mujeres de M\u00e9rida - NOTICIAS DE LA 4T<\/title>\n<meta name=\"robots\" content=\"noindex, follow, max-snippet:-1, max-image-preview:large, max-video-preview:-1\" \/>\n<meta property=\"og:locale\" content=\"es_MX\" \/>\n<meta property=\"og:type\" content=\"article\" \/>\n<meta property=\"og:title\" content=\"Propone Vero Camino un programa de activaci\u00f3n econ\u00f3mica para mujeres de M\u00e9rida - NOTICIAS DE LA 4T\" \/>\n<meta property=\"og:description\" content=\"Durante caminata por la comisar\u00eda de Chich\u00ed Su\u00e1rez, al oriente de la ciudad, la candidata...\" \/>\n<meta property=\"og:url\" content=\"https:\/\/redamlo.com\/index.php\/2021\/05\/03\/propone-vero-camino-un-programa-de-activacion-economica-para-mujeres-de-merida\/\" \/>\n<meta property=\"og:site_name\" content=\"NOTICIAS DE LA 4T\" \/>\n<meta property=\"article:published_time\" content=\"2021-05-04T01:11:03+00:00\" \/>\n<meta property=\"og:image\" content=\"https:\/\/redamlo.com\/wp-content\/uploads\/2021\/05\/3A4D3470-9841-4363-8274-7D414701D174.jpeg\" \/>\n\t<meta property=\"og:image:width\" content=\"1280\" \/>\n\t<meta property=\"og:image:height\" content=\"853\" \/>\n\t<meta property=\"og:image:type\" content=\"image\/jpeg\" \/>\n<meta name=\"author\" content=\"Blanca\" \/>\n<meta name=\"twitter:card\" content=\"summary_large_image\" \/>\n<meta name=\"twitter:label1\" content=\"Escrito por\" \/>\n\t<meta name=\"twitter:data1\" content=\"Blanca\" \/>\n\t<meta name=\"twitter:label2\" content=\"Tiempo de lectura\" \/>\n\t<meta name=\"twitter:data2\" content=\"2 minutos\" \/>\n<script type=\"application\/ld+json\" class=\"yoast-schema-graph\">{\"@context\":\"https:\\\/\\\/schema.org\",\"@graph\":[{\"@type\":\"Article\",\"@id\":\"https:\\\/\\\/redamlo.com\\\/index.php\\\/2021\\\/05\\\/03\\\/propone-vero-camino-un-programa-de-activacion-economica-para-mujeres-de-merida\\\/#article\",\"isPartOf\":{\"@id\":\"https:\\\/\\\/redamlo.com\\\/index.php\\\/2021\\\/05\\\/03\\\/propone-vero-camino-un-programa-de-activacion-economica-para-mujeres-de-merida\\\/\"},\"author\":{\"name\":\"Blanca\",\"@id\":\"https:\\\/\\\/redamlo.com\\\/#\\\/schema\\\/person\\\/7223a4375eb8f1a782fcae010a7115cf\"},\"headline\":\"Propone Vero Camino un programa de activaci\u00f3n econ\u00f3mica para mujeres de M\u00e9rida\",\"datePublished\":\"2021-05-04T01:11:03+00:00\",\"mainEntityOfPage\":{\"@id\":\"https:\\\/\\\/redamlo.com\\\/index.php\\\/2021\\\/05\\\/03\\\/propone-vero-camino-un-programa-de-activacion-economica-para-mujeres-de-merida\\\/\"},\"wordCount\":371,\"commentCount\":0,\"publisher\":{\"@id\":\"https:\\\/\\\/redamlo.com\\\/#organization\"},\"image\":{\"@id\":\"https:\\\/\\\/redamlo.com\\\/index.php\\\/2021\\\/05\\\/03\\\/propone-vero-camino-un-programa-de-activacion-economica-para-mujeres-de-merida\\\/#primaryimage\"},\"thumbnailUrl\":\"https:\\\/\\\/redamlo.com\\\/wp-content\\\/uploads\\\/2021\\\/05\\\/3A4D3470-9841-4363-8274-7D414701D174.jpeg\",\"articleSection\":[\"Uncategorized\"],\"inLanguage\":\"es\",\"potentialAction\":[{\"@type\":\"CommentAction\",\"name\":\"Comment\",\"target\":[\"https:\\\/\\\/redamlo.com\\\/index.php\\\/2021\\\/05\\\/03\\\/propone-vero-camino-un-programa-de-activacion-economica-para-mujeres-de-merida\\\/#respond\"]}]},{\"@type\":\"WebPage\",\"@id\":\"https:\\\/\\\/redamlo.com\\\/index.php\\\/2021\\\/05\\\/03\\\/propone-vero-camino-un-programa-de-activacion-economica-para-mujeres-de-merida\\\/\",\"url\":\"https:\\\/\\\/redamlo.com\\\/index.php\\\/2021\\\/05\\\/03\\\/propone-vero-camino-un-programa-de-activacion-economica-para-mujeres-de-merida\\\/\",\"name\":\"Propone Vero Camino un programa de activaci\u00f3n econ\u00f3mica para mujeres de M\u00e9rida - NOTICIAS DE LA 4T\",\"isPartOf\":{\"@id\":\"https:\\\/\\\/redamlo.com\\\/#website\"},\"primaryImageOfPage\":{\"@id\":\"https:\\\/\\\/redamlo.com\\\/index.php\\\/2021\\\/05\\\/03\\\/propone-vero-camino-un-programa-de-activacion-economica-para-mujeres-de-merida\\\/#primaryimage\"},\"image\":{\"@id\":\"https:\\\/\\\/redamlo.com\\\/index.php\\\/2021\\\/05\\\/03\\\/propone-vero-camino-un-programa-de-activacion-economica-para-mujeres-de-merida\\\/#primaryimage\"},\"thumbnailUrl\":\"https:\\\/\\\/redamlo.com\\\/wp-content\\\/uploads\\\/2021\\\/05\\\/3A4D3470-9841-4363-8274-7D414701D174.jpeg\",\"datePublished\":\"2021-05-04T01:11:03+00:00\",\"breadcrumb\":{\"@id\":\"https:\\\/\\\/redamlo.com\\\/index.php\\\/2021\\\/05\\\/03\\\/propone-vero-camino-un-programa-de-activacion-economica-para-mujeres-de-merida\\\/#breadcrumb\"},\"inLanguage\":\"es\",\"potentialAction\":[{\"@type\":\"ReadAction\",\"target\":[\"https:\\\/\\\/redamlo.com\\\/index.php\\\/2021\\\/05\\\/03\\\/propone-vero-camino-un-programa-de-activacion-economica-para-mujeres-de-merida\\\/\"]}]},{\"@type\":\"ImageObject\",\"inLanguage\":\"es\",\"@id\":\"https:\\\/\\\/redamlo.com\\\/index.php\\\/2021\\\/05\\\/03\\\/propone-vero-camino-un-programa-de-activacion-economica-para-mujeres-de-merida\\\/#primaryimage\",\"url\":\"https:\\\/\\\/redamlo.com\\\/wp-content\\\/uploads\\\/2021\\\/05\\\/3A4D3470-9841-4363-8274-7D414701D174.jpeg\",\"contentUrl\":\"https:\\\/\\\/redamlo.com\\\/wp-content\\\/uploads\\\/2021\\\/05\\\/3A4D3470-9841-4363-8274-7D414701D174.jpeg\",\"width\":1280,\"height\":853},{\"@type\":\"BreadcrumbList\",\"@id\":\"https:\\\/\\\/redamlo.com\\\/index.php\\\/2021\\\/05\\\/03\\\/propone-vero-camino-un-programa-de-activacion-economica-para-mujeres-de-merida\\\/#breadcrumb\",\"itemListElement\":[{\"@type\":\"ListItem\",\"position\":1,\"name\":\"Inicio\",\"item\":\"https:\\\/\\\/redamlo.com\\\/\"},{\"@type\":\"ListItem\",\"position\":2,\"name\":\"Propone Vero Camino un programa de activaci\u00f3n econ\u00f3mica para mujeres de M\u00e9rida\"}]},{\"@type\":\"WebSite\",\"@id\":\"https:\\\/\\\/redamlo.com\\\/#website\",\"url\":\"https:\\\/\\\/redamlo.com\\\/\",\"name\":\"NOTICIAS DE LA 4T\",\"description\":\"\",\"publisher\":{\"@id\":\"https:\\\/\\\/redamlo.com\\\/#organization\"},\"potentialAction\":[{\"@type\":\"SearchAction\",\"target\":{\"@type\":\"EntryPoint\",\"urlTemplate\":\"https:\\\/\\\/redamlo.com\\\/?s={search_term_string}\"},\"query-input\":{\"@type\":\"PropertyValueSpecification\",\"valueRequired\":true,\"valueName\":\"search_term_string\"}}],\"inLanguage\":\"es\"},{\"@type\":\"Organization\",\"@id\":\"https:\\\/\\\/redamlo.com\\\/#organization\",\"name\":\"NOTICIAS DE LA 4T\",\"url\":\"https:\\\/\\\/redamlo.com\\\/\",\"logo\":{\"@type\":\"ImageObject\",\"inLanguage\":\"es\",\"@id\":\"https:\\\/\\\/redamlo.com\\\/#\\\/schema\\\/logo\\\/image\\\/\",\"url\":\"https:\\\/\\\/redamlo.com\\\/wp-content\\\/uploads\\\/2024\\\/08\\\/cropped-RED-AMLO-logo-50.png\",\"contentUrl\":\"https:\\\/\\\/redamlo.com\\\/wp-content\\\/uploads\\\/2024\\\/08\\\/cropped-RED-AMLO-logo-50.png\",\"width\":256,\"height\":256,\"caption\":\"NOTICIAS DE LA 4T\"},\"image\":{\"@id\":\"https:\\\/\\\/redamlo.com\\\/#\\\/schema\\\/logo\\\/image\\\/\"}},{\"@type\":\"Person\",\"@id\":\"https:\\\/\\\/redamlo.com\\\/#\\\/schema\\\/person\\\/7223a4375eb8f1a782fcae010a7115cf\",\"name\":\"Blanca\",\"image\":{\"@type\":\"ImageObject\",\"inLanguage\":\"es\",\"@id\":\"https:\\\/\\\/secure.gravatar.com\\\/avatar\\\/3f79bc8336367a4e6093eae8757acaaf61d1124834b905616de7829b0273426d?s=96&d=mm&r=g\",\"url\":\"https:\\\/\\\/secure.gravatar.com\\\/avatar\\\/3f79bc8336367a4e6093eae8757acaaf61d1124834b905616de7829b0273426d?s=96&d=mm&r=g\",\"contentUrl\":\"https:\\\/\\\/secure.gravatar.com\\\/avatar\\\/3f79bc8336367a4e6093eae8757acaaf61d1124834b905616de7829b0273426d?s=96&d=mm&r=g\",\"caption\":\"Blanca\"},\"url\":\"https:\\\/\\\/redamlo.com\\\/index.php\\\/author\\\/blanca\\\/\"}]}<\/script>\n<!-- \/ Yoast SEO plugin. -->","yoast_head_json":{"title":"Propone Vero Camino un programa de activaci\u00f3n econ\u00f3mica para mujeres de M\u00e9rida - NOTICIAS DE LA 4T","robots":{"index":"noindex","follow":"follow","max-snippet":"max-snippet:-1","max-image-preview":"max-image-preview:large","max-video-preview":"max-video-preview:-1"},"og_locale":"es_MX","og_type":"article","og_title":"Propone Vero Camino un programa de activaci\u00f3n econ\u00f3mica para mujeres de M\u00e9rida - NOTICIAS DE LA 4T","og_description":"Durante caminata por la comisar\u00eda de Chich\u00ed Su\u00e1rez, al oriente de la ciudad, la candidata...","og_url":"https:\/\/redamlo.com\/index.php\/2021\/05\/03\/propone-vero-camino-un-programa-de-activacion-economica-para-mujeres-de-merida\/","og_site_name":"NOTICIAS DE LA 4T","article_published_time":"2021-05-04T01:11:03+00:00","og_image":[{"width":1280,"height":853,"url":"https:\/\/redamlo.com\/wp-content\/uploads\/2021\/05\/3A4D3470-9841-4363-8274-7D414701D174.jpeg","type":"image\/jpeg"}],"author":"Blanca","twitter_card":"summary_large_image","twitter_misc":{"Escrito por":"Blanca","Tiempo de lectura":"2 minutos"},"schema":{"@context":"https:\/\/schema.org","@graph":[{"@type":"Article","@id":"https:\/\/redamlo.com\/index.php\/2021\/05\/03\/propone-vero-camino-un-programa-de-activacion-economica-para-mujeres-de-merida\/#article","isPartOf":{"@id":"https:\/\/redamlo.com\/index.php\/2021\/05\/03\/propone-vero-camino-un-programa-de-activacion-economica-para-mujeres-de-merida\/"},"author":{"name":"Blanca","@id":"https:\/\/redamlo.com\/#\/schema\/person\/7223a4375eb8f1a782fcae010a7115cf"},"headline":"Propone Vero Camino un programa de activaci\u00f3n econ\u00f3mica para mujeres de M\u00e9rida","datePublished":"2021-05-04T01:11:03+00:00","mainEntityOfPage":{"@id":"https:\/\/redamlo.com\/index.php\/2021\/05\/03\/propone-vero-camino-un-programa-de-activacion-economica-para-mujeres-de-merida\/"},"wordCount":371,"commentCount":0,"publisher":{"@id":"https:\/\/redamlo.com\/#organization"},"image":{"@id":"https:\/\/redamlo.com\/index.php\/2021\/05\/03\/propone-vero-camino-un-programa-de-activacion-economica-para-mujeres-de-merida\/#primaryimage"},"thumbnailUrl":"https:\/\/redamlo.com\/wp-content\/uploads\/2021\/05\/3A4D3470-9841-4363-8274-7D414701D174.jpeg","articleSection":["Uncategorized"],"inLanguage":"es","potentialAction":[{"@type":"CommentAction","name":"Comment","target":["https:\/\/redamlo.com\/index.php\/2021\/05\/03\/propone-vero-camino-un-programa-de-activacion-economica-para-mujeres-de-merida\/#respond"]}]},{"@type":"WebPage","@id":"https:\/\/redamlo.com\/index.php\/2021\/05\/03\/propone-vero-camino-un-programa-de-activacion-economica-para-mujeres-de-merida\/","url":"https:\/\/redamlo.com\/index.php\/2021\/05\/03\/propone-vero-camino-un-programa-de-activacion-economica-para-mujeres-de-merida\/","name":"Propone Vero Camino un programa de activaci\u00f3n econ\u00f3mica para mujeres de M\u00e9rida - NOTICIAS DE LA 4T","isPartOf":{"@id":"https:\/\/redamlo.com\/#website"},"primaryImageOfPage":{"@id":"https:\/\/redamlo.com\/index.php\/2021\/05\/03\/propone-vero-camino-un-programa-de-activacion-economica-para-mujeres-de-merida\/#primaryimage"},"image":{"@id":"https:\/\/redamlo.com\/index.php\/2021\/05\/03\/propone-vero-camino-un-programa-de-activacion-economica-para-mujeres-de-merida\/#primaryimage"},"thumbnailUrl":"https:\/\/redamlo.com\/wp-content\/uploads\/2021\/05\/3A4D3470-9841-4363-8274-7D414701D174.jpeg","datePublished":"2021-05-04T01:11:03+00:00","breadcrumb":{"@id":"https:\/\/redamlo.com\/index.php\/2021\/05\/03\/propone-vero-camino-un-programa-de-activacion-economica-para-mujeres-de-merida\/#breadcrumb"},"inLanguage":"es","potentialAction":[{"@type":"ReadAction","target":["https:\/\/redamlo.com\/index.php\/2021\/05\/03\/propone-vero-camino-un-programa-de-activacion-economica-para-mujeres-de-merida\/"]}]},{"@type":"ImageObject","inLanguage":"es","@id":"https:\/\/redamlo.com\/index.php\/2021\/05\/03\/propone-vero-camino-un-programa-de-activacion-economica-para-mujeres-de-merida\/#primaryimage","url":"https:\/\/redamlo.com\/wp-content\/uploads\/2021\/05\/3A4D3470-9841-4363-8274-7D414701D174.jpeg","contentUrl":"https:\/\/redamlo.com\/wp-content\/uploads\/2021\/05\/3A4D3470-9841-4363-8274-7D414701D174.jpeg","width":1280,"height":853},{"@type":"BreadcrumbList","@id":"https:\/\/redamlo.com\/index.php\/2021\/05\/03\/propone-vero-camino-un-programa-de-activacion-economica-para-mujeres-de-merida\/#breadcrumb","itemListElement":[{"@type":"ListItem","position":1,"name":"Inicio","item":"https:\/\/redamlo.com\/"},{"@type":"ListItem","position":2,"name":"Propone Vero Camino un programa de activaci\u00f3n econ\u00f3mica para mujeres de M\u00e9rida"}]},{"@type":"WebSite","@id":"https:\/\/redamlo.com\/#website","url":"https:\/\/redamlo.com\/","name":"NOTICIAS DE LA 4T","description":"","publisher":{"@id":"https:\/\/redamlo.com\/#organization"},"potentialAction":[{"@type":"SearchAction","target":{"@type":"EntryPoint","urlTemplate":"https:\/\/redamlo.com\/?s={search_term_string}"},"query-input":{"@type":"PropertyValueSpecification","valueRequired":true,"valueName":"search_term_string"}}],"inLanguage":"es"},{"@type":"Organization","@id":"https:\/\/redamlo.com\/#organization","name":"NOTICIAS DE LA 4T","url":"https:\/\/redamlo.com\/","logo":{"@type":"ImageObject","inLanguage":"es","@id":"https:\/\/redamlo.com\/#\/schema\/logo\/image\/","url":"https:\/\/redamlo.com\/wp-content\/uploads\/2024\/08\/cropped-RED-AMLO-logo-50.png","contentUrl":"https:\/\/redamlo.com\/wp-content\/uploads\/2024\/08\/cropped-RED-AMLO-logo-50.png","width":256,"height":256,"caption":"NOTICIAS DE LA 4T"},"image":{"@id":"https:\/\/redamlo.com\/#\/schema\/logo\/image\/"}},{"@type":"Person","@id":"https:\/\/redamlo.com\/#\/schema\/person\/7223a4375eb8f1a782fcae010a7115cf","name":"Blanca","image":{"@type":"ImageObject","inLanguage":"es","@id":"https:\/\/secure.gravatar.com\/avatar\/3f79bc8336367a4e6093eae8757acaaf61d1124834b905616de7829b0273426d?s=96&d=mm&r=g","url":"https:\/\/secure.gravatar.com\/avatar\/3f79bc8336367a4e6093eae8757acaaf61d1124834b905616de7829b0273426d?s=96&d=mm&r=g","contentUrl":"https:\/\/secure.gravatar.com\/avatar\/3f79bc8336367a4e6093eae8757acaaf61d1124834b905616de7829b0273426d?s=96&d=mm&r=g","caption":"Blanca"},"url":"https:\/\/redamlo.com\/index.php\/author\/blanca\/"}]}},"_links":{"self":[{"href":"https:\/\/redamlo.com\/index.php\/wp-json\/wp\/v2\/posts\/4197","targetHints":{"allow":["GET"]}}],"collection":[{"href":"https:\/\/redamlo.com\/index.php\/wp-json\/wp\/v2\/posts"}],"about":[{"href":"https:\/\/redamlo.com\/index.php\/wp-json\/wp\/v2\/types\/post"}],"author":[{"embeddable":true,"href":"https:\/\/redamlo.com\/index.php\/wp-json\/wp\/v2\/users\/2"}],"replies":[{"embeddable":true,"href":"https:\/\/redamlo.com\/index.php\/wp-json\/wp\/v2\/comments?post=4197"}],"version-history":[{"count":0,"href":"https:\/\/redamlo.com\/index.php\/wp-json\/wp\/v2\/posts\/4197\/revisions"}],"wp:featuredmedia":[{"embeddable":true,"href":"https:\/\/redamlo.com\/index.php\/wp-json\/wp\/v2\/media\/4199"}],"wp:attachment":[{"href":"https:\/\/redamlo.com\/index.php\/wp-json\/wp\/v2\/media?parent=4197"}],"wp:term":[{"taxonomy":"category","embeddable":true,"href":"https:\/\/redamlo.com\/index.php\/wp-json\/wp\/v2\/categories?post=4197"},{"taxonomy":"post_tag","embeddable":true,"href":"https:\/\/redamlo.com\/index.php\/wp-json\/wp\/v2\/tags?post=4197"}],"curies":[{"name":"wp","href":"https:\/\/api.w.org\/{rel}","templated":true}]}}