{"id":4194,"date":"2021-05-03T18:08:18","date_gmt":"2021-05-03T23:08:18","guid":{"rendered":"https:\/\/redamlo.com\/?p=4194"},"modified":"2021-05-03T18:08:18","modified_gmt":"2021-05-03T23:08:18","slug":"amlo-atiende-a-campesinos-en-bloqueo-y-liberan-la-carretera","status":"publish","type":"post","link":"https:\/\/redamlo.com\/index.php\/2021\/05\/03\/amlo-atiende-a-campesinos-en-bloqueo-y-liberan-la-carretera\/","title":{"rendered":"AMLO atiende a campesinos en bloqueo y liberan la carretera"},"content":{"rendered":"<p>Pedro A.Santos.- El presidente Andr\u00e9s Manuel L\u00f3pez Obrador, dialog\u00f3 con campesinos y luego se dirigi\u00f3 a Tihosuco.<br \/>\nLos 200 campesinos al dialogar con AMlLO a las 11:10 am liberaron la carretera que ten\u00edan bloqueado en el kil\u00f3metro 75, en el entronque a la v\u00eda corta cerca del pueblo de Pedro Antonio Santos.<br \/>\nArturo Abreu atendi\u00f3 sus peticiones previamente.<\/p>\n<p>AMLO les prometi\u00f3 pagar la indemnizaci\u00f3n carretera que piden y entonces liberaron la carretera.<br \/>\nGonzalo Hermosillo y otros reporteros publicaron que se fue por aire en un helic\u00f3ptero pero esa versi\u00f3n result\u00f3 falsa.<\/p>\n<p><span class=\"css-901oao css-16my406 r-poiln3 r-bcqeeo r-qvutc0\">Manifestantes de Tihosuco, Felipe Carrillo Puerto, <\/span><span class=\"r-18u37iz\"><a class=\"css-4rbku5 css-18t94o4 css-901oao css-16my406 r-1n1174f r-1loqt21 r-poiln3 r-bcqeeo r-qvutc0\" dir=\"ltr\" role=\"link\" href=\"https:\/\/twitter.com\/hashtag\/QuintanaRoo?src=hashtag_click\">#QuintanaRoo<\/a><\/span><span class=\"css-901oao css-16my406 r-poiln3 r-bcqeeo r-qvutc0\">, agradecen al presidente L\u00f3pez Obrador su apoyo para el pueblo maya. Otros piden la resoluci\u00f3n total de conflictos.<\/span><\/p>\n<p>Andr\u00e9s Manuel L\u00f3pez Obrador celebr\u00f3 en Quintana Roo, la ceremonia del perd\u00f3n al pueblo maya, por los agravios cometidos durante la Guerra de Castas.<\/p>\n<p><img loading=\"lazy\" decoding=\"async\" class=\"aligncenter size-full wp-image-8320\" src=\"https:\/\/redamlo.com\/wp-content\/uploads\/2021\/05\/amlo-pide-perdon-a-pueblos-mayas.jpeg\" alt=\"\" width=\"679\" height=\"382\" \/><\/p>\n<p class=\"has-background\">\u201cAqu\u00ed por un imperativo de \u00e9tica de gobierno, pero tambi\u00e9n por convicci\u00f3n propia, ofrecemos las m\u00e1s sinceras disculpas al pueblo maya, por los terribles abusos que cometieron particulares y autoridades nacionales y extranjeras en la Conquista, durante los tres siglos de dominaci\u00f3n colonial\u201d.<\/p>\n<p>Acompa\u00f1ado de su hom\u00f3logo de Guatemala, Alejandro Giammattei, quien acudi\u00f3 como invitado especial, el primer mandatario resalt\u00f3 que la ceremonia se inscribe en las conmemoraciones de los 500 a\u00f1os de la \u201cinvasi\u00f3n europea\u201d.<\/p>\n<div class=\"td-g-rec td-g-rec-id-content_inlineleft td_uid_8_609066aee762a_rand td_block_template_4 \"><\/div>\n<p>Este perd\u00f3n, lo ofrece el Estado mexicano, y forma parte tambi\u00e9n para rememorar los 700 a\u00f1os de la fundaci\u00f3n de Tenochtitlan y los 200 de la independencia nacional.<\/p>\n<p>La ceremonia se llev\u00f3 a cabo con la presencia de representantes del pueblo maya, en el poblado Chan Santa Cruz, donde se ubica el Santuario de la Cruz Parlante.<\/p>\n<p>El primer mandatario hizo entrega de la proclama de la Cruz Parlante a la ciudadana Ana Karen Dtzib Poot.<\/p>\n<p><img loading=\"lazy\" decoding=\"async\" class=\"aligncenter size-full wp-image-8321\" src=\"https:\/\/redamlo.com\/wp-content\/uploads\/2021\/05\/tihosuco.jpg\" alt=\"\" width=\"1600\" height=\"1200\" \/><\/p>\n","protected":false},"excerpt":{"rendered":"<p>Pedro A.Santos.- El presidente Andr\u00e9s Manuel L\u00f3pez Obrador, dialog\u00f3 con campesinos y luego se dirigi\u00f3&#8230;<\/p>\n","protected":false},"author":2,"featured_media":4196,"comment_status":"open","ping_status":"closed","sticky":false,"template":"","format":"standard","meta":{"footnotes":""},"categories":[25,27],"tags":[131,802,797,798,21,800],"class_list":["post-4194","post","type-post","status-publish","format-standard","has-post-thumbnail","hentry","category-4t","category-presidencia","tag-andres-manuel-lopez-obrador","tag-ceremonia-del-perdon","tag-felipe-carrillo-puerto","tag-guerra-de-castas","tag-quintana-roo","tag-tihosuco"],"yoast_head":"<!-- This site is optimized with the Yoast SEO plugin v27.5 - https:\/\/yoast.com\/product\/yoast-seo-wordpress\/ -->\n<title>AMLO atiende a campesinos en bloqueo y liberan la carretera - NOTICIAS DE LA 4T<\/title>\n<meta name=\"robots\" content=\"noindex, follow, max-snippet:-1, max-image-preview:large, max-video-preview:-1\" \/>\n<meta property=\"og:locale\" content=\"es_MX\" \/>\n<meta property=\"og:type\" content=\"article\" \/>\n<meta property=\"og:title\" content=\"AMLO atiende a campesinos en bloqueo y liberan la carretera - NOTICIAS DE LA 4T\" \/>\n<meta property=\"og:description\" content=\"Pedro A.Santos.- El presidente Andr\u00e9s Manuel L\u00f3pez Obrador, dialog\u00f3 con campesinos y luego se dirigi\u00f3...\" \/>\n<meta property=\"og:url\" content=\"https:\/\/redamlo.com\/index.php\/2021\/05\/03\/amlo-atiende-a-campesinos-en-bloqueo-y-liberan-la-carretera\/\" \/>\n<meta property=\"og:site_name\" content=\"NOTICIAS DE LA 4T\" \/>\n<meta property=\"article:published_time\" content=\"2021-05-03T23:08:18+00:00\" \/>\n<meta property=\"og:image\" content=\"https:\/\/redamlo.com\/wp-content\/uploads\/2021\/05\/obrador-de-gira-en-tihosuco.jpg\" \/>\n\t<meta property=\"og:image:width\" content=\"1080\" \/>\n\t<meta property=\"og:image:height\" content=\"603\" \/>\n\t<meta property=\"og:image:type\" content=\"image\/jpeg\" \/>\n<meta name=\"author\" content=\"Blanca\" \/>\n<meta name=\"twitter:card\" content=\"summary_large_image\" \/>\n<meta name=\"twitter:label1\" content=\"Escrito por\" \/>\n\t<meta name=\"twitter:data1\" content=\"Blanca\" \/>\n\t<meta name=\"twitter:label2\" content=\"Tiempo de lectura\" \/>\n\t<meta name=\"twitter:data2\" content=\"2 minutos\" \/>\n<script type=\"application\/ld+json\" class=\"yoast-schema-graph\">{\"@context\":\"https:\\\/\\\/schema.org\",\"@graph\":[{\"@type\":\"Article\",\"@id\":\"https:\\\/\\\/redamlo.com\\\/index.php\\\/2021\\\/05\\\/03\\\/amlo-atiende-a-campesinos-en-bloqueo-y-liberan-la-carretera\\\/#article\",\"isPartOf\":{\"@id\":\"https:\\\/\\\/redamlo.com\\\/index.php\\\/2021\\\/05\\\/03\\\/amlo-atiende-a-campesinos-en-bloqueo-y-liberan-la-carretera\\\/\"},\"author\":{\"name\":\"Blanca\",\"@id\":\"https:\\\/\\\/redamlo.com\\\/#\\\/schema\\\/person\\\/7223a4375eb8f1a782fcae010a7115cf\"},\"headline\":\"AMLO atiende a campesinos en bloqueo y liberan la carretera\",\"datePublished\":\"2021-05-03T23:08:18+00:00\",\"mainEntityOfPage\":{\"@id\":\"https:\\\/\\\/redamlo.com\\\/index.php\\\/2021\\\/05\\\/03\\\/amlo-atiende-a-campesinos-en-bloqueo-y-liberan-la-carretera\\\/\"},\"wordCount\":323,\"commentCount\":0,\"publisher\":{\"@id\":\"https:\\\/\\\/redamlo.com\\\/#organization\"},\"image\":{\"@id\":\"https:\\\/\\\/redamlo.com\\\/index.php\\\/2021\\\/05\\\/03\\\/amlo-atiende-a-campesinos-en-bloqueo-y-liberan-la-carretera\\\/#primaryimage\"},\"thumbnailUrl\":\"https:\\\/\\\/redamlo.com\\\/wp-content\\\/uploads\\\/2021\\\/05\\\/obrador-de-gira-en-tihosuco.jpg\",\"keywords\":[\"Andr\u00e9s Manuel L\u00f3pez Obrador\",\"Ceremonia del Perdon\",\"Felipe Carrillo Puerto\",\"Guerra de Castas\",\"Quintana Roo\",\"Tihosuco\"],\"articleSection\":[\"4T\",\"Presidencia\"],\"inLanguage\":\"es\",\"potentialAction\":[{\"@type\":\"CommentAction\",\"name\":\"Comment\",\"target\":[\"https:\\\/\\\/redamlo.com\\\/index.php\\\/2021\\\/05\\\/03\\\/amlo-atiende-a-campesinos-en-bloqueo-y-liberan-la-carretera\\\/#respond\"]}]},{\"@type\":\"WebPage\",\"@id\":\"https:\\\/\\\/redamlo.com\\\/index.php\\\/2021\\\/05\\\/03\\\/amlo-atiende-a-campesinos-en-bloqueo-y-liberan-la-carretera\\\/\",\"url\":\"https:\\\/\\\/redamlo.com\\\/index.php\\\/2021\\\/05\\\/03\\\/amlo-atiende-a-campesinos-en-bloqueo-y-liberan-la-carretera\\\/\",\"name\":\"AMLO atiende a campesinos en bloqueo y liberan la carretera - NOTICIAS DE LA 4T\",\"isPartOf\":{\"@id\":\"https:\\\/\\\/redamlo.com\\\/#website\"},\"primaryImageOfPage\":{\"@id\":\"https:\\\/\\\/redamlo.com\\\/index.php\\\/2021\\\/05\\\/03\\\/amlo-atiende-a-campesinos-en-bloqueo-y-liberan-la-carretera\\\/#primaryimage\"},\"image\":{\"@id\":\"https:\\\/\\\/redamlo.com\\\/index.php\\\/2021\\\/05\\\/03\\\/amlo-atiende-a-campesinos-en-bloqueo-y-liberan-la-carretera\\\/#primaryimage\"},\"thumbnailUrl\":\"https:\\\/\\\/redamlo.com\\\/wp-content\\\/uploads\\\/2021\\\/05\\\/obrador-de-gira-en-tihosuco.jpg\",\"datePublished\":\"2021-05-03T23:08:18+00:00\",\"breadcrumb\":{\"@id\":\"https:\\\/\\\/redamlo.com\\\/index.php\\\/2021\\\/05\\\/03\\\/amlo-atiende-a-campesinos-en-bloqueo-y-liberan-la-carretera\\\/#breadcrumb\"},\"inLanguage\":\"es\",\"potentialAction\":[{\"@type\":\"ReadAction\",\"target\":[\"https:\\\/\\\/redamlo.com\\\/index.php\\\/2021\\\/05\\\/03\\\/amlo-atiende-a-campesinos-en-bloqueo-y-liberan-la-carretera\\\/\"]}]},{\"@type\":\"ImageObject\",\"inLanguage\":\"es\",\"@id\":\"https:\\\/\\\/redamlo.com\\\/index.php\\\/2021\\\/05\\\/03\\\/amlo-atiende-a-campesinos-en-bloqueo-y-liberan-la-carretera\\\/#primaryimage\",\"url\":\"https:\\\/\\\/redamlo.com\\\/wp-content\\\/uploads\\\/2021\\\/05\\\/obrador-de-gira-en-tihosuco.jpg\",\"contentUrl\":\"https:\\\/\\\/redamlo.com\\\/wp-content\\\/uploads\\\/2021\\\/05\\\/obrador-de-gira-en-tihosuco.jpg\",\"width\":1080,\"height\":603},{\"@type\":\"BreadcrumbList\",\"@id\":\"https:\\\/\\\/redamlo.com\\\/index.php\\\/2021\\\/05\\\/03\\\/amlo-atiende-a-campesinos-en-bloqueo-y-liberan-la-carretera\\\/#breadcrumb\",\"itemListElement\":[{\"@type\":\"ListItem\",\"position\":1,\"name\":\"Inicio\",\"item\":\"https:\\\/\\\/redamlo.com\\\/\"},{\"@type\":\"ListItem\",\"position\":2,\"name\":\"AMLO atiende a campesinos en bloqueo y liberan la carretera\"}]},{\"@type\":\"WebSite\",\"@id\":\"https:\\\/\\\/redamlo.com\\\/#website\",\"url\":\"https:\\\/\\\/redamlo.com\\\/\",\"name\":\"NOTICIAS DE LA 4T\",\"description\":\"\",\"publisher\":{\"@id\":\"https:\\\/\\\/redamlo.com\\\/#organization\"},\"potentialAction\":[{\"@type\":\"SearchAction\",\"target\":{\"@type\":\"EntryPoint\",\"urlTemplate\":\"https:\\\/\\\/redamlo.com\\\/?s={search_term_string}\"},\"query-input\":{\"@type\":\"PropertyValueSpecification\",\"valueRequired\":true,\"valueName\":\"search_term_string\"}}],\"inLanguage\":\"es\"},{\"@type\":\"Organization\",\"@id\":\"https:\\\/\\\/redamlo.com\\\/#organization\",\"name\":\"NOTICIAS DE LA 4T\",\"url\":\"https:\\\/\\\/redamlo.com\\\/\",\"logo\":{\"@type\":\"ImageObject\",\"inLanguage\":\"es\",\"@id\":\"https:\\\/\\\/redamlo.com\\\/#\\\/schema\\\/logo\\\/image\\\/\",\"url\":\"https:\\\/\\\/redamlo.com\\\/wp-content\\\/uploads\\\/2024\\\/08\\\/cropped-RED-AMLO-logo-50.png\",\"contentUrl\":\"https:\\\/\\\/redamlo.com\\\/wp-content\\\/uploads\\\/2024\\\/08\\\/cropped-RED-AMLO-logo-50.png\",\"width\":256,\"height\":256,\"caption\":\"NOTICIAS DE LA 4T\"},\"image\":{\"@id\":\"https:\\\/\\\/redamlo.com\\\/#\\\/schema\\\/logo\\\/image\\\/\"}},{\"@type\":\"Person\",\"@id\":\"https:\\\/\\\/redamlo.com\\\/#\\\/schema\\\/person\\\/7223a4375eb8f1a782fcae010a7115cf\",\"name\":\"Blanca\",\"image\":{\"@type\":\"ImageObject\",\"inLanguage\":\"es\",\"@id\":\"https:\\\/\\\/secure.gravatar.com\\\/avatar\\\/3f79bc8336367a4e6093eae8757acaaf61d1124834b905616de7829b0273426d?s=96&d=mm&r=g\",\"url\":\"https:\\\/\\\/secure.gravatar.com\\\/avatar\\\/3f79bc8336367a4e6093eae8757acaaf61d1124834b905616de7829b0273426d?s=96&d=mm&r=g\",\"contentUrl\":\"https:\\\/\\\/secure.gravatar.com\\\/avatar\\\/3f79bc8336367a4e6093eae8757acaaf61d1124834b905616de7829b0273426d?s=96&d=mm&r=g\",\"caption\":\"Blanca\"},\"url\":\"https:\\\/\\\/redamlo.com\\\/index.php\\\/author\\\/blanca\\\/\"}]}<\/script>\n<!-- \/ Yoast SEO plugin. -->","yoast_head_json":{"title":"AMLO atiende a campesinos en bloqueo y liberan la carretera - NOTICIAS DE LA 4T","robots":{"index":"noindex","follow":"follow","max-snippet":"max-snippet:-1","max-image-preview":"max-image-preview:large","max-video-preview":"max-video-preview:-1"},"og_locale":"es_MX","og_type":"article","og_title":"AMLO atiende a campesinos en bloqueo y liberan la carretera - NOTICIAS DE LA 4T","og_description":"Pedro A.Santos.- El presidente Andr\u00e9s Manuel L\u00f3pez Obrador, dialog\u00f3 con campesinos y luego se dirigi\u00f3...","og_url":"https:\/\/redamlo.com\/index.php\/2021\/05\/03\/amlo-atiende-a-campesinos-en-bloqueo-y-liberan-la-carretera\/","og_site_name":"NOTICIAS DE LA 4T","article_published_time":"2021-05-03T23:08:18+00:00","og_image":[{"width":1080,"height":603,"url":"https:\/\/redamlo.com\/wp-content\/uploads\/2021\/05\/obrador-de-gira-en-tihosuco.jpg","type":"image\/jpeg"}],"author":"Blanca","twitter_card":"summary_large_image","twitter_misc":{"Escrito por":"Blanca","Tiempo de lectura":"2 minutos"},"schema":{"@context":"https:\/\/schema.org","@graph":[{"@type":"Article","@id":"https:\/\/redamlo.com\/index.php\/2021\/05\/03\/amlo-atiende-a-campesinos-en-bloqueo-y-liberan-la-carretera\/#article","isPartOf":{"@id":"https:\/\/redamlo.com\/index.php\/2021\/05\/03\/amlo-atiende-a-campesinos-en-bloqueo-y-liberan-la-carretera\/"},"author":{"name":"Blanca","@id":"https:\/\/redamlo.com\/#\/schema\/person\/7223a4375eb8f1a782fcae010a7115cf"},"headline":"AMLO atiende a campesinos en bloqueo y liberan la carretera","datePublished":"2021-05-03T23:08:18+00:00","mainEntityOfPage":{"@id":"https:\/\/redamlo.com\/index.php\/2021\/05\/03\/amlo-atiende-a-campesinos-en-bloqueo-y-liberan-la-carretera\/"},"wordCount":323,"commentCount":0,"publisher":{"@id":"https:\/\/redamlo.com\/#organization"},"image":{"@id":"https:\/\/redamlo.com\/index.php\/2021\/05\/03\/amlo-atiende-a-campesinos-en-bloqueo-y-liberan-la-carretera\/#primaryimage"},"thumbnailUrl":"https:\/\/redamlo.com\/wp-content\/uploads\/2021\/05\/obrador-de-gira-en-tihosuco.jpg","keywords":["Andr\u00e9s Manuel L\u00f3pez Obrador","Ceremonia del Perdon","Felipe Carrillo Puerto","Guerra de Castas","Quintana Roo","Tihosuco"],"articleSection":["4T","Presidencia"],"inLanguage":"es","potentialAction":[{"@type":"CommentAction","name":"Comment","target":["https:\/\/redamlo.com\/index.php\/2021\/05\/03\/amlo-atiende-a-campesinos-en-bloqueo-y-liberan-la-carretera\/#respond"]}]},{"@type":"WebPage","@id":"https:\/\/redamlo.com\/index.php\/2021\/05\/03\/amlo-atiende-a-campesinos-en-bloqueo-y-liberan-la-carretera\/","url":"https:\/\/redamlo.com\/index.php\/2021\/05\/03\/amlo-atiende-a-campesinos-en-bloqueo-y-liberan-la-carretera\/","name":"AMLO atiende a campesinos en bloqueo y liberan la carretera - NOTICIAS DE LA 4T","isPartOf":{"@id":"https:\/\/redamlo.com\/#website"},"primaryImageOfPage":{"@id":"https:\/\/redamlo.com\/index.php\/2021\/05\/03\/amlo-atiende-a-campesinos-en-bloqueo-y-liberan-la-carretera\/#primaryimage"},"image":{"@id":"https:\/\/redamlo.com\/index.php\/2021\/05\/03\/amlo-atiende-a-campesinos-en-bloqueo-y-liberan-la-carretera\/#primaryimage"},"thumbnailUrl":"https:\/\/redamlo.com\/wp-content\/uploads\/2021\/05\/obrador-de-gira-en-tihosuco.jpg","datePublished":"2021-05-03T23:08:18+00:00","breadcrumb":{"@id":"https:\/\/redamlo.com\/index.php\/2021\/05\/03\/amlo-atiende-a-campesinos-en-bloqueo-y-liberan-la-carretera\/#breadcrumb"},"inLanguage":"es","potentialAction":[{"@type":"ReadAction","target":["https:\/\/redamlo.com\/index.php\/2021\/05\/03\/amlo-atiende-a-campesinos-en-bloqueo-y-liberan-la-carretera\/"]}]},{"@type":"ImageObject","inLanguage":"es","@id":"https:\/\/redamlo.com\/index.php\/2021\/05\/03\/amlo-atiende-a-campesinos-en-bloqueo-y-liberan-la-carretera\/#primaryimage","url":"https:\/\/redamlo.com\/wp-content\/uploads\/2021\/05\/obrador-de-gira-en-tihosuco.jpg","contentUrl":"https:\/\/redamlo.com\/wp-content\/uploads\/2021\/05\/obrador-de-gira-en-tihosuco.jpg","width":1080,"height":603},{"@type":"BreadcrumbList","@id":"https:\/\/redamlo.com\/index.php\/2021\/05\/03\/amlo-atiende-a-campesinos-en-bloqueo-y-liberan-la-carretera\/#breadcrumb","itemListElement":[{"@type":"ListItem","position":1,"name":"Inicio","item":"https:\/\/redamlo.com\/"},{"@type":"ListItem","position":2,"name":"AMLO atiende a campesinos en bloqueo y liberan la carretera"}]},{"@type":"WebSite","@id":"https:\/\/redamlo.com\/#website","url":"https:\/\/redamlo.com\/","name":"NOTICIAS DE LA 4T","description":"","publisher":{"@id":"https:\/\/redamlo.com\/#organization"},"potentialAction":[{"@type":"SearchAction","target":{"@type":"EntryPoint","urlTemplate":"https:\/\/redamlo.com\/?s={search_term_string}"},"query-input":{"@type":"PropertyValueSpecification","valueRequired":true,"valueName":"search_term_string"}}],"inLanguage":"es"},{"@type":"Organization","@id":"https:\/\/redamlo.com\/#organization","name":"NOTICIAS DE LA 4T","url":"https:\/\/redamlo.com\/","logo":{"@type":"ImageObject","inLanguage":"es","@id":"https:\/\/redamlo.com\/#\/schema\/logo\/image\/","url":"https:\/\/redamlo.com\/wp-content\/uploads\/2024\/08\/cropped-RED-AMLO-logo-50.png","contentUrl":"https:\/\/redamlo.com\/wp-content\/uploads\/2024\/08\/cropped-RED-AMLO-logo-50.png","width":256,"height":256,"caption":"NOTICIAS DE LA 4T"},"image":{"@id":"https:\/\/redamlo.com\/#\/schema\/logo\/image\/"}},{"@type":"Person","@id":"https:\/\/redamlo.com\/#\/schema\/person\/7223a4375eb8f1a782fcae010a7115cf","name":"Blanca","image":{"@type":"ImageObject","inLanguage":"es","@id":"https:\/\/secure.gravatar.com\/avatar\/3f79bc8336367a4e6093eae8757acaaf61d1124834b905616de7829b0273426d?s=96&d=mm&r=g","url":"https:\/\/secure.gravatar.com\/avatar\/3f79bc8336367a4e6093eae8757acaaf61d1124834b905616de7829b0273426d?s=96&d=mm&r=g","contentUrl":"https:\/\/secure.gravatar.com\/avatar\/3f79bc8336367a4e6093eae8757acaaf61d1124834b905616de7829b0273426d?s=96&d=mm&r=g","caption":"Blanca"},"url":"https:\/\/redamlo.com\/index.php\/author\/blanca\/"}]}},"_links":{"self":[{"href":"https:\/\/redamlo.com\/index.php\/wp-json\/wp\/v2\/posts\/4194","targetHints":{"allow":["GET"]}}],"collection":[{"href":"https:\/\/redamlo.com\/index.php\/wp-json\/wp\/v2\/posts"}],"about":[{"href":"https:\/\/redamlo.com\/index.php\/wp-json\/wp\/v2\/types\/post"}],"author":[{"embeddable":true,"href":"https:\/\/redamlo.com\/index.php\/wp-json\/wp\/v2\/users\/2"}],"replies":[{"embeddable":true,"href":"https:\/\/redamlo.com\/index.php\/wp-json\/wp\/v2\/comments?post=4194"}],"version-history":[{"count":0,"href":"https:\/\/redamlo.com\/index.php\/wp-json\/wp\/v2\/posts\/4194\/revisions"}],"wp:featuredmedia":[{"embeddable":true,"href":"https:\/\/redamlo.com\/index.php\/wp-json\/wp\/v2\/media\/4196"}],"wp:attachment":[{"href":"https:\/\/redamlo.com\/index.php\/wp-json\/wp\/v2\/media?parent=4194"}],"wp:term":[{"taxonomy":"category","embeddable":true,"href":"https:\/\/redamlo.com\/index.php\/wp-json\/wp\/v2\/categories?post=4194"},{"taxonomy":"post_tag","embeddable":true,"href":"https:\/\/redamlo.com\/index.php\/wp-json\/wp\/v2\/tags?post=4194"}],"curies":[{"name":"wp","href":"https:\/\/api.w.org\/{rel}","templated":true}]}}