{"id":4183,"date":"2021-05-03T07:18:36","date_gmt":"2021-05-03T12:18:36","guid":{"rendered":"https:\/\/redamlo.com\/?p=4183"},"modified":"2021-05-03T07:18:36","modified_gmt":"2021-05-03T12:18:36","slug":"andres-manuel-lopez-obrador-en-conferencia-mananera-desde-chetumal-qroo-3-de-mayo-2021","status":"publish","type":"post","link":"https:\/\/redamlo.com\/index.php\/2021\/05\/03\/andres-manuel-lopez-obrador-en-conferencia-mananera-desde-chetumal-qroo-3-de-mayo-2021\/","title":{"rendered":"Andr\u00e9s Manuel L\u00f3pez Obrador en conferencia ma\u00f1anera desde Chetumal QRoo 3 de Mayo 2021"},"content":{"rendered":"<p>Chetumal Quintana Roo a 3 de Mayo 2021.-<\/p>\n<p>El Presidente <em><strong>Andr\u00e9s Manuel L\u00f3pez Obrador<\/strong><\/em> arribo a la capital del estado el domingo por la tarde para hospedarse en la capital y el lunes, viajar a <strong>Tihosuco,<\/strong> en el municipio de <strong>Felipe Carrillo Puerto.<\/strong><\/p>\n<p>En esta alcald\u00eda se realizar\u00e1 la ceremonia de<em><strong> \u201cPerd\u00f3n al Pueblo Maya por los Agravios Durante la Guerra de Castas\u201d<\/strong><\/em>.<\/p>\n<p><img loading=\"lazy\" decoding=\"async\" class=\"aligncenter size-full wp-image-8294\" src=\"https:\/\/redamlo.com\/wp-content\/uploads\/2021\/05\/mananera-amlo-3-de-mayo-2021.jpg\" alt=\"\" width=\"1080\" height=\"620\" \/><\/p>\n<p>La \u00fanica actividad de este domingo fue una reuni\u00f3n con autoridades del\u00a0<strong>Instituto Nacional de Antropolog\u00eda e Historia<\/strong>, de los Estados del sureste del pa\u00eds, incluido <strong>Quintana Roo.<\/strong><\/p>\n<p>Se espera la presencia del presidente de Guatemala, <strong>Alejandro Giammattei Falla<\/strong>.<\/p>\n<p>Tambi\u00e9n lo acompa\u00f1ar\u00e1n el general Luis Crescencio Sandoval Gonz\u00e1lez y el almirante Jos\u00e9 Rafael Ojeda Dur\u00e1n, secretarios de la Defensa Nacional y Marina, respectivamente.<\/p>\n<p>Despu\u00e9s se trasladar\u00e1 a Tihosuco, en donde al mediod\u00eda encabezar\u00e1 la ceremonia del perd\u00f3n a los pueblos mayas.<\/p>\n<p><iframe loading=\"lazy\" title=\"Poder Judicial debe actuar con transparencia en procesos penales. Conferencia presidente AMLO\" width=\"640\" height=\"360\" src=\"https:\/\/www.youtube.com\/embed\/Nc4UTYutzmA?feature=oembed\" frameborder=\"0\" allow=\"accelerometer; autoplay; clipboard-write; encrypted-media; gyroscope; picture-in-picture; web-share\" referrerpolicy=\"strict-origin-when-cross-origin\" allowfullscreen><\/iframe><\/p>\n","protected":false},"excerpt":{"rendered":"<p>Chetumal Quintana Roo a 3 de Mayo 2021.- El Presidente Andr\u00e9s Manuel L\u00f3pez Obrador arribo&#8230;<\/p>\n","protected":false},"author":2,"featured_media":4186,"comment_status":"open","ping_status":"closed","sticky":false,"template":"","format":"standard","meta":{"footnotes":""},"categories":[1],"tags":[796,131,797,798,799,21,800],"class_list":["post-4183","post","type-post","status-publish","format-standard","has-post-thumbnail","hentry","category-uncategorized","tag-alejandro-giammattei-fa-perdon-al-pueblo-maya-por-los-agravios-durante-la-guerra-de-castaslla","tag-andres-manuel-lopez-obrador","tag-felipe-carrillo-puerto","tag-guerra-de-castas","tag-la-mananera-en-chetumal","tag-quintana-roo","tag-tihosuco"],"yoast_head":"<!-- This site is optimized with the Yoast SEO plugin v27.5 - https:\/\/yoast.com\/product\/yoast-seo-wordpress\/ -->\n<title>Andr\u00e9s Manuel L\u00f3pez Obrador en conferencia ma\u00f1anera desde Chetumal QRoo 3 de Mayo 2021 - NOTICIAS DE LA 4T<\/title>\n<meta name=\"robots\" content=\"noindex, follow, max-snippet:-1, max-image-preview:large, max-video-preview:-1\" \/>\n<meta property=\"og:locale\" content=\"es_MX\" \/>\n<meta property=\"og:type\" content=\"article\" \/>\n<meta property=\"og:title\" content=\"Andr\u00e9s Manuel L\u00f3pez Obrador en conferencia ma\u00f1anera desde Chetumal QRoo 3 de Mayo 2021 - NOTICIAS DE LA 4T\" \/>\n<meta property=\"og:description\" content=\"Chetumal Quintana Roo a 3 de Mayo 2021.- El Presidente Andr\u00e9s Manuel L\u00f3pez Obrador arribo...\" \/>\n<meta property=\"og:url\" content=\"https:\/\/redamlo.com\/index.php\/2021\/05\/03\/andres-manuel-lopez-obrador-en-conferencia-mananera-desde-chetumal-qroo-3-de-mayo-2021\/\" \/>\n<meta property=\"og:site_name\" content=\"NOTICIAS DE LA 4T\" \/>\n<meta property=\"article:published_time\" content=\"2021-05-03T12:18:36+00:00\" \/>\n<meta property=\"og:image\" content=\"https:\/\/redamlo.com\/wp-content\/uploads\/2021\/05\/amlo-en-la-mananera-chetumal-3-de-mayo-2021.jpg\" \/>\n\t<meta property=\"og:image:width\" content=\"1080\" \/>\n\t<meta property=\"og:image:height\" content=\"605\" \/>\n\t<meta property=\"og:image:type\" content=\"image\/jpeg\" \/>\n<meta name=\"author\" content=\"Blanca\" \/>\n<meta name=\"twitter:card\" content=\"summary_large_image\" \/>\n<meta name=\"twitter:label1\" content=\"Escrito por\" \/>\n\t<meta name=\"twitter:data1\" content=\"Blanca\" \/>\n\t<meta name=\"twitter:label2\" content=\"Tiempo de lectura\" \/>\n\t<meta name=\"twitter:data2\" content=\"1 minuto\" \/>\n<script type=\"application\/ld+json\" class=\"yoast-schema-graph\">{\"@context\":\"https:\\\/\\\/schema.org\",\"@graph\":[{\"@type\":\"Article\",\"@id\":\"https:\\\/\\\/redamlo.com\\\/index.php\\\/2021\\\/05\\\/03\\\/andres-manuel-lopez-obrador-en-conferencia-mananera-desde-chetumal-qroo-3-de-mayo-2021\\\/#article\",\"isPartOf\":{\"@id\":\"https:\\\/\\\/redamlo.com\\\/index.php\\\/2021\\\/05\\\/03\\\/andres-manuel-lopez-obrador-en-conferencia-mananera-desde-chetumal-qroo-3-de-mayo-2021\\\/\"},\"author\":{\"name\":\"Blanca\",\"@id\":\"https:\\\/\\\/redamlo.com\\\/#\\\/schema\\\/person\\\/7223a4375eb8f1a782fcae010a7115cf\"},\"headline\":\"Andr\u00e9s Manuel L\u00f3pez Obrador en conferencia ma\u00f1anera desde Chetumal QRoo 3 de Mayo 2021\",\"datePublished\":\"2021-05-03T12:18:36+00:00\",\"mainEntityOfPage\":{\"@id\":\"https:\\\/\\\/redamlo.com\\\/index.php\\\/2021\\\/05\\\/03\\\/andres-manuel-lopez-obrador-en-conferencia-mananera-desde-chetumal-qroo-3-de-mayo-2021\\\/\"},\"wordCount\":181,\"commentCount\":0,\"publisher\":{\"@id\":\"https:\\\/\\\/redamlo.com\\\/#organization\"},\"image\":{\"@id\":\"https:\\\/\\\/redamlo.com\\\/index.php\\\/2021\\\/05\\\/03\\\/andres-manuel-lopez-obrador-en-conferencia-mananera-desde-chetumal-qroo-3-de-mayo-2021\\\/#primaryimage\"},\"thumbnailUrl\":\"https:\\\/\\\/redamlo.com\\\/wp-content\\\/uploads\\\/2021\\\/05\\\/amlo-en-la-mananera-chetumal-3-de-mayo-2021.jpg\",\"keywords\":[\"Alejandro Giammattei Fa Perd\u00f3n al Pueblo Maya por los Agravios Durante la Guerra de Castaslla\",\"Andr\u00e9s Manuel L\u00f3pez Obrador\",\"Felipe Carrillo Puerto\",\"Guerra de Castas\",\"La Ma\u00f1anera en Chetumal\",\"Quintana Roo\",\"Tihosuco\"],\"articleSection\":[\"Uncategorized\"],\"inLanguage\":\"es\",\"potentialAction\":[{\"@type\":\"CommentAction\",\"name\":\"Comment\",\"target\":[\"https:\\\/\\\/redamlo.com\\\/index.php\\\/2021\\\/05\\\/03\\\/andres-manuel-lopez-obrador-en-conferencia-mananera-desde-chetumal-qroo-3-de-mayo-2021\\\/#respond\"]}]},{\"@type\":\"WebPage\",\"@id\":\"https:\\\/\\\/redamlo.com\\\/index.php\\\/2021\\\/05\\\/03\\\/andres-manuel-lopez-obrador-en-conferencia-mananera-desde-chetumal-qroo-3-de-mayo-2021\\\/\",\"url\":\"https:\\\/\\\/redamlo.com\\\/index.php\\\/2021\\\/05\\\/03\\\/andres-manuel-lopez-obrador-en-conferencia-mananera-desde-chetumal-qroo-3-de-mayo-2021\\\/\",\"name\":\"Andr\u00e9s Manuel L\u00f3pez Obrador en conferencia ma\u00f1anera desde Chetumal QRoo 3 de Mayo 2021 - NOTICIAS DE LA 4T\",\"isPartOf\":{\"@id\":\"https:\\\/\\\/redamlo.com\\\/#website\"},\"primaryImageOfPage\":{\"@id\":\"https:\\\/\\\/redamlo.com\\\/index.php\\\/2021\\\/05\\\/03\\\/andres-manuel-lopez-obrador-en-conferencia-mananera-desde-chetumal-qroo-3-de-mayo-2021\\\/#primaryimage\"},\"image\":{\"@id\":\"https:\\\/\\\/redamlo.com\\\/index.php\\\/2021\\\/05\\\/03\\\/andres-manuel-lopez-obrador-en-conferencia-mananera-desde-chetumal-qroo-3-de-mayo-2021\\\/#primaryimage\"},\"thumbnailUrl\":\"https:\\\/\\\/redamlo.com\\\/wp-content\\\/uploads\\\/2021\\\/05\\\/amlo-en-la-mananera-chetumal-3-de-mayo-2021.jpg\",\"datePublished\":\"2021-05-03T12:18:36+00:00\",\"breadcrumb\":{\"@id\":\"https:\\\/\\\/redamlo.com\\\/index.php\\\/2021\\\/05\\\/03\\\/andres-manuel-lopez-obrador-en-conferencia-mananera-desde-chetumal-qroo-3-de-mayo-2021\\\/#breadcrumb\"},\"inLanguage\":\"es\",\"potentialAction\":[{\"@type\":\"ReadAction\",\"target\":[\"https:\\\/\\\/redamlo.com\\\/index.php\\\/2021\\\/05\\\/03\\\/andres-manuel-lopez-obrador-en-conferencia-mananera-desde-chetumal-qroo-3-de-mayo-2021\\\/\"]}]},{\"@type\":\"ImageObject\",\"inLanguage\":\"es\",\"@id\":\"https:\\\/\\\/redamlo.com\\\/index.php\\\/2021\\\/05\\\/03\\\/andres-manuel-lopez-obrador-en-conferencia-mananera-desde-chetumal-qroo-3-de-mayo-2021\\\/#primaryimage\",\"url\":\"https:\\\/\\\/redamlo.com\\\/wp-content\\\/uploads\\\/2021\\\/05\\\/amlo-en-la-mananera-chetumal-3-de-mayo-2021.jpg\",\"contentUrl\":\"https:\\\/\\\/redamlo.com\\\/wp-content\\\/uploads\\\/2021\\\/05\\\/amlo-en-la-mananera-chetumal-3-de-mayo-2021.jpg\",\"width\":1080,\"height\":605},{\"@type\":\"BreadcrumbList\",\"@id\":\"https:\\\/\\\/redamlo.com\\\/index.php\\\/2021\\\/05\\\/03\\\/andres-manuel-lopez-obrador-en-conferencia-mananera-desde-chetumal-qroo-3-de-mayo-2021\\\/#breadcrumb\",\"itemListElement\":[{\"@type\":\"ListItem\",\"position\":1,\"name\":\"Inicio\",\"item\":\"https:\\\/\\\/redamlo.com\\\/\"},{\"@type\":\"ListItem\",\"position\":2,\"name\":\"Andr\u00e9s Manuel L\u00f3pez Obrador en conferencia ma\u00f1anera desde Chetumal QRoo 3 de Mayo 2021\"}]},{\"@type\":\"WebSite\",\"@id\":\"https:\\\/\\\/redamlo.com\\\/#website\",\"url\":\"https:\\\/\\\/redamlo.com\\\/\",\"name\":\"NOTICIAS DE LA 4T\",\"description\":\"\",\"publisher\":{\"@id\":\"https:\\\/\\\/redamlo.com\\\/#organization\"},\"potentialAction\":[{\"@type\":\"SearchAction\",\"target\":{\"@type\":\"EntryPoint\",\"urlTemplate\":\"https:\\\/\\\/redamlo.com\\\/?s={search_term_string}\"},\"query-input\":{\"@type\":\"PropertyValueSpecification\",\"valueRequired\":true,\"valueName\":\"search_term_string\"}}],\"inLanguage\":\"es\"},{\"@type\":\"Organization\",\"@id\":\"https:\\\/\\\/redamlo.com\\\/#organization\",\"name\":\"NOTICIAS DE LA 4T\",\"url\":\"https:\\\/\\\/redamlo.com\\\/\",\"logo\":{\"@type\":\"ImageObject\",\"inLanguage\":\"es\",\"@id\":\"https:\\\/\\\/redamlo.com\\\/#\\\/schema\\\/logo\\\/image\\\/\",\"url\":\"https:\\\/\\\/redamlo.com\\\/wp-content\\\/uploads\\\/2024\\\/08\\\/cropped-RED-AMLO-logo-50.png\",\"contentUrl\":\"https:\\\/\\\/redamlo.com\\\/wp-content\\\/uploads\\\/2024\\\/08\\\/cropped-RED-AMLO-logo-50.png\",\"width\":256,\"height\":256,\"caption\":\"NOTICIAS DE LA 4T\"},\"image\":{\"@id\":\"https:\\\/\\\/redamlo.com\\\/#\\\/schema\\\/logo\\\/image\\\/\"}},{\"@type\":\"Person\",\"@id\":\"https:\\\/\\\/redamlo.com\\\/#\\\/schema\\\/person\\\/7223a4375eb8f1a782fcae010a7115cf\",\"name\":\"Blanca\",\"image\":{\"@type\":\"ImageObject\",\"inLanguage\":\"es\",\"@id\":\"https:\\\/\\\/secure.gravatar.com\\\/avatar\\\/3f79bc8336367a4e6093eae8757acaaf61d1124834b905616de7829b0273426d?s=96&d=mm&r=g\",\"url\":\"https:\\\/\\\/secure.gravatar.com\\\/avatar\\\/3f79bc8336367a4e6093eae8757acaaf61d1124834b905616de7829b0273426d?s=96&d=mm&r=g\",\"contentUrl\":\"https:\\\/\\\/secure.gravatar.com\\\/avatar\\\/3f79bc8336367a4e6093eae8757acaaf61d1124834b905616de7829b0273426d?s=96&d=mm&r=g\",\"caption\":\"Blanca\"},\"url\":\"https:\\\/\\\/redamlo.com\\\/index.php\\\/author\\\/blanca\\\/\"}]}<\/script>\n<!-- \/ Yoast SEO plugin. -->","yoast_head_json":{"title":"Andr\u00e9s Manuel L\u00f3pez Obrador en conferencia ma\u00f1anera desde Chetumal QRoo 3 de Mayo 2021 - NOTICIAS DE LA 4T","robots":{"index":"noindex","follow":"follow","max-snippet":"max-snippet:-1","max-image-preview":"max-image-preview:large","max-video-preview":"max-video-preview:-1"},"og_locale":"es_MX","og_type":"article","og_title":"Andr\u00e9s Manuel L\u00f3pez Obrador en conferencia ma\u00f1anera desde Chetumal QRoo 3 de Mayo 2021 - NOTICIAS DE LA 4T","og_description":"Chetumal Quintana Roo a 3 de Mayo 2021.- El Presidente Andr\u00e9s Manuel L\u00f3pez Obrador arribo...","og_url":"https:\/\/redamlo.com\/index.php\/2021\/05\/03\/andres-manuel-lopez-obrador-en-conferencia-mananera-desde-chetumal-qroo-3-de-mayo-2021\/","og_site_name":"NOTICIAS DE LA 4T","article_published_time":"2021-05-03T12:18:36+00:00","og_image":[{"width":1080,"height":605,"url":"https:\/\/redamlo.com\/wp-content\/uploads\/2021\/05\/amlo-en-la-mananera-chetumal-3-de-mayo-2021.jpg","type":"image\/jpeg"}],"author":"Blanca","twitter_card":"summary_large_image","twitter_misc":{"Escrito por":"Blanca","Tiempo de lectura":"1 minuto"},"schema":{"@context":"https:\/\/schema.org","@graph":[{"@type":"Article","@id":"https:\/\/redamlo.com\/index.php\/2021\/05\/03\/andres-manuel-lopez-obrador-en-conferencia-mananera-desde-chetumal-qroo-3-de-mayo-2021\/#article","isPartOf":{"@id":"https:\/\/redamlo.com\/index.php\/2021\/05\/03\/andres-manuel-lopez-obrador-en-conferencia-mananera-desde-chetumal-qroo-3-de-mayo-2021\/"},"author":{"name":"Blanca","@id":"https:\/\/redamlo.com\/#\/schema\/person\/7223a4375eb8f1a782fcae010a7115cf"},"headline":"Andr\u00e9s Manuel L\u00f3pez Obrador en conferencia ma\u00f1anera desde Chetumal QRoo 3 de Mayo 2021","datePublished":"2021-05-03T12:18:36+00:00","mainEntityOfPage":{"@id":"https:\/\/redamlo.com\/index.php\/2021\/05\/03\/andres-manuel-lopez-obrador-en-conferencia-mananera-desde-chetumal-qroo-3-de-mayo-2021\/"},"wordCount":181,"commentCount":0,"publisher":{"@id":"https:\/\/redamlo.com\/#organization"},"image":{"@id":"https:\/\/redamlo.com\/index.php\/2021\/05\/03\/andres-manuel-lopez-obrador-en-conferencia-mananera-desde-chetumal-qroo-3-de-mayo-2021\/#primaryimage"},"thumbnailUrl":"https:\/\/redamlo.com\/wp-content\/uploads\/2021\/05\/amlo-en-la-mananera-chetumal-3-de-mayo-2021.jpg","keywords":["Alejandro Giammattei Fa Perd\u00f3n al Pueblo Maya por los Agravios Durante la Guerra de Castaslla","Andr\u00e9s Manuel L\u00f3pez Obrador","Felipe Carrillo Puerto","Guerra de Castas","La Ma\u00f1anera en Chetumal","Quintana Roo","Tihosuco"],"articleSection":["Uncategorized"],"inLanguage":"es","potentialAction":[{"@type":"CommentAction","name":"Comment","target":["https:\/\/redamlo.com\/index.php\/2021\/05\/03\/andres-manuel-lopez-obrador-en-conferencia-mananera-desde-chetumal-qroo-3-de-mayo-2021\/#respond"]}]},{"@type":"WebPage","@id":"https:\/\/redamlo.com\/index.php\/2021\/05\/03\/andres-manuel-lopez-obrador-en-conferencia-mananera-desde-chetumal-qroo-3-de-mayo-2021\/","url":"https:\/\/redamlo.com\/index.php\/2021\/05\/03\/andres-manuel-lopez-obrador-en-conferencia-mananera-desde-chetumal-qroo-3-de-mayo-2021\/","name":"Andr\u00e9s Manuel L\u00f3pez Obrador en conferencia ma\u00f1anera desde Chetumal QRoo 3 de Mayo 2021 - NOTICIAS DE LA 4T","isPartOf":{"@id":"https:\/\/redamlo.com\/#website"},"primaryImageOfPage":{"@id":"https:\/\/redamlo.com\/index.php\/2021\/05\/03\/andres-manuel-lopez-obrador-en-conferencia-mananera-desde-chetumal-qroo-3-de-mayo-2021\/#primaryimage"},"image":{"@id":"https:\/\/redamlo.com\/index.php\/2021\/05\/03\/andres-manuel-lopez-obrador-en-conferencia-mananera-desde-chetumal-qroo-3-de-mayo-2021\/#primaryimage"},"thumbnailUrl":"https:\/\/redamlo.com\/wp-content\/uploads\/2021\/05\/amlo-en-la-mananera-chetumal-3-de-mayo-2021.jpg","datePublished":"2021-05-03T12:18:36+00:00","breadcrumb":{"@id":"https:\/\/redamlo.com\/index.php\/2021\/05\/03\/andres-manuel-lopez-obrador-en-conferencia-mananera-desde-chetumal-qroo-3-de-mayo-2021\/#breadcrumb"},"inLanguage":"es","potentialAction":[{"@type":"ReadAction","target":["https:\/\/redamlo.com\/index.php\/2021\/05\/03\/andres-manuel-lopez-obrador-en-conferencia-mananera-desde-chetumal-qroo-3-de-mayo-2021\/"]}]},{"@type":"ImageObject","inLanguage":"es","@id":"https:\/\/redamlo.com\/index.php\/2021\/05\/03\/andres-manuel-lopez-obrador-en-conferencia-mananera-desde-chetumal-qroo-3-de-mayo-2021\/#primaryimage","url":"https:\/\/redamlo.com\/wp-content\/uploads\/2021\/05\/amlo-en-la-mananera-chetumal-3-de-mayo-2021.jpg","contentUrl":"https:\/\/redamlo.com\/wp-content\/uploads\/2021\/05\/amlo-en-la-mananera-chetumal-3-de-mayo-2021.jpg","width":1080,"height":605},{"@type":"BreadcrumbList","@id":"https:\/\/redamlo.com\/index.php\/2021\/05\/03\/andres-manuel-lopez-obrador-en-conferencia-mananera-desde-chetumal-qroo-3-de-mayo-2021\/#breadcrumb","itemListElement":[{"@type":"ListItem","position":1,"name":"Inicio","item":"https:\/\/redamlo.com\/"},{"@type":"ListItem","position":2,"name":"Andr\u00e9s Manuel L\u00f3pez Obrador en conferencia ma\u00f1anera desde Chetumal QRoo 3 de Mayo 2021"}]},{"@type":"WebSite","@id":"https:\/\/redamlo.com\/#website","url":"https:\/\/redamlo.com\/","name":"NOTICIAS DE LA 4T","description":"","publisher":{"@id":"https:\/\/redamlo.com\/#organization"},"potentialAction":[{"@type":"SearchAction","target":{"@type":"EntryPoint","urlTemplate":"https:\/\/redamlo.com\/?s={search_term_string}"},"query-input":{"@type":"PropertyValueSpecification","valueRequired":true,"valueName":"search_term_string"}}],"inLanguage":"es"},{"@type":"Organization","@id":"https:\/\/redamlo.com\/#organization","name":"NOTICIAS DE LA 4T","url":"https:\/\/redamlo.com\/","logo":{"@type":"ImageObject","inLanguage":"es","@id":"https:\/\/redamlo.com\/#\/schema\/logo\/image\/","url":"https:\/\/redamlo.com\/wp-content\/uploads\/2024\/08\/cropped-RED-AMLO-logo-50.png","contentUrl":"https:\/\/redamlo.com\/wp-content\/uploads\/2024\/08\/cropped-RED-AMLO-logo-50.png","width":256,"height":256,"caption":"NOTICIAS DE LA 4T"},"image":{"@id":"https:\/\/redamlo.com\/#\/schema\/logo\/image\/"}},{"@type":"Person","@id":"https:\/\/redamlo.com\/#\/schema\/person\/7223a4375eb8f1a782fcae010a7115cf","name":"Blanca","image":{"@type":"ImageObject","inLanguage":"es","@id":"https:\/\/secure.gravatar.com\/avatar\/3f79bc8336367a4e6093eae8757acaaf61d1124834b905616de7829b0273426d?s=96&d=mm&r=g","url":"https:\/\/secure.gravatar.com\/avatar\/3f79bc8336367a4e6093eae8757acaaf61d1124834b905616de7829b0273426d?s=96&d=mm&r=g","contentUrl":"https:\/\/secure.gravatar.com\/avatar\/3f79bc8336367a4e6093eae8757acaaf61d1124834b905616de7829b0273426d?s=96&d=mm&r=g","caption":"Blanca"},"url":"https:\/\/redamlo.com\/index.php\/author\/blanca\/"}]}},"_links":{"self":[{"href":"https:\/\/redamlo.com\/index.php\/wp-json\/wp\/v2\/posts\/4183","targetHints":{"allow":["GET"]}}],"collection":[{"href":"https:\/\/redamlo.com\/index.php\/wp-json\/wp\/v2\/posts"}],"about":[{"href":"https:\/\/redamlo.com\/index.php\/wp-json\/wp\/v2\/types\/post"}],"author":[{"embeddable":true,"href":"https:\/\/redamlo.com\/index.php\/wp-json\/wp\/v2\/users\/2"}],"replies":[{"embeddable":true,"href":"https:\/\/redamlo.com\/index.php\/wp-json\/wp\/v2\/comments?post=4183"}],"version-history":[{"count":0,"href":"https:\/\/redamlo.com\/index.php\/wp-json\/wp\/v2\/posts\/4183\/revisions"}],"wp:featuredmedia":[{"embeddable":true,"href":"https:\/\/redamlo.com\/index.php\/wp-json\/wp\/v2\/media\/4186"}],"wp:attachment":[{"href":"https:\/\/redamlo.com\/index.php\/wp-json\/wp\/v2\/media?parent=4183"}],"wp:term":[{"taxonomy":"category","embeddable":true,"href":"https:\/\/redamlo.com\/index.php\/wp-json\/wp\/v2\/categories?post=4183"},{"taxonomy":"post_tag","embeddable":true,"href":"https:\/\/redamlo.com\/index.php\/wp-json\/wp\/v2\/tags?post=4183"}],"curies":[{"name":"wp","href":"https:\/\/api.w.org\/{rel}","templated":true}]}}