{"id":4172,"date":"2021-05-02T20:13:14","date_gmt":"2021-05-03T01:13:14","guid":{"rendered":"https:\/\/redamlo.com\/?p=4172"},"modified":"2021-05-02T20:13:14","modified_gmt":"2021-05-03T01:13:14","slug":"firma-vero-camino-agenda-del-colectivo-lgbtttiq-de-yucatan","status":"publish","type":"post","link":"https:\/\/redamlo.com\/index.php\/2021\/05\/02\/firma-vero-camino-agenda-del-colectivo-lgbtttiq-de-yucatan\/","title":{"rendered":"Firma Vero Camino agenda del colectivo LGBTTTIQ+ de Yucat\u00e1n"},"content":{"rendered":"<p>M\u00e9rida, Yucat\u00e1n, 02 de Mayo de 2021.- La candidata a la alcald\u00eda de M\u00e9rida, por el partido Movimiento Regeneraci\u00f3n Nacional (Morena), Ver\u00f3nica Camino, firm\u00f3 este d\u00eda la agenda del colectivo LGBTTTIQ+ de Yucat\u00e1n, presentada por 18 personas y asociaciones.<\/p>\n<p>\u201cM\u00e9rida ser\u00e1 una ciudad donde todas y todos tendr\u00e1n la oportunidad de desarrollarse en igualdad de condiciones. Adem\u00e1s de firmar la agenda que nos presentan hoy, el proyecto de Morena hacia la alcald\u00eda cuenta con propuestas concretas para asegurar que todas las personas tengan todos los derechos en nuestra ciudad\u201d, dijo.<\/p>\n<p>Destac\u00f3 que dotar\u00e1 al Consejo Municipal contra la Discriminaci\u00f3n hacia la Diversidad Sexual de un brazo operativo, con presupuesto para ejecutar acciones de protecci\u00f3n, defensa y acompa\u00f1amiento de la comunidad sexualmente diversa; establecer\u00e1 el primer centro comunitario y albergue para la comunidad LGBTTTIQ+, donde se brindar\u00e1 atenci\u00f3n jur\u00eddica, psicol\u00f3gica y acompa\u00f1amiento; y establecer\u00e1 una pol\u00edtica transversal por la defensa de los derechos humanos y erradicaci\u00f3n de la discriminaci\u00f3n.<\/p>\n<p>Por su parte el activista Armando Rivas Lugo, se\u00f1al\u00f3 que la agenda se ha construido con la participaci\u00f3n de personas, organizaciones civiles, colectivas, acad\u00e9micas, acad\u00e9micos y personalidades que re\u00fanen cientos de a\u00f1os de experiencia, de preocupaciones y de historias de vida.<\/p>\n<p>\u201cQuienes presentamos esta agenda lo hacemos con la profunda creencia y convicci\u00f3n de que estas transformaciones y deudas hist\u00f3ricas podr\u00e1n darse en la medida que nuestros y nuestras representantes realmente trabajen por nuestros derechos humanos en los congresos y en los cabildos\u201d, expres\u00f3.<\/p>\n<p>Representantes de distintas asociaciones presentaron las propuestas a las y los candidatos de Morena que aspiran a cargos de diputaciones locales, Antonio Figueroa (1er. Distrito), Daniel Gonz\u00e1lez (2do. Distrito), Hilda Escobedo (3er. Distrito), F\u00e9lix Novelo (4to. Distrito), Naomi Peniche (5to. Distrito) y Alejandrina Le\u00f3n (7mo. Distrito); y federales, Oscar Brito (3er. Distrito), Geovanna Campos (4to. Distrito), adem\u00e1s de a la candidata a la alcald\u00eda Ver\u00f3nica Camino.<\/p>\n<p>Para quienes aspiran a cargos en el Congreso del Estado, solicitaron la modificaci\u00f3n de los apartados del C\u00f3digo de Familia, relativos al parentesco por consanguinidad, reproducci\u00f3n asistida, naturaleza del matrimonio, concepto del concubinato, fuentes de filiaci\u00f3n y los cap\u00edtulos relacionados con el reconocimiento de la igualdad de derechos para filiaci\u00f3n de hijos e hijas de familias homoparentales, incluyendo la adopci\u00f3n.<\/p>\n<p>Tambi\u00e9n la modificaci\u00f3n de la Ley del Registro Civil para el reconocimiento de la identidad de g\u00e9nero, la integraci\u00f3n al C\u00f3digo Penal de Yucat\u00e1n la figura de crimen de odio, o volverla agravante en los casos de asesinato; la modificaci\u00f3n del art\u00edculo 49 y 201 del C\u00f3digo de Familia y el art\u00edculo 94 de la Constituci\u00f3n de Yucat\u00e1n para el reconocimiento del matrimonio igualitario.<\/p>\n<p>As\u00ed mismo, realizar las gestiones con la federaci\u00f3n para incluir la terapia de reemplazo hormonal como parte de los servicios p\u00fablicos de salud para personas trans, la modificaci\u00f3n del C\u00f3digo Penal para la prohibici\u00f3n de las terapias de conversi\u00f3n y de cualquier intento por corregir y cambiar la orientaci\u00f3n sexual o la identidad de g\u00e9nero de las personas.<\/p>\n<p>A quienes aspiran a diputaciones federales, les solicitaron fortalecer las estructuras, organismos e instituciones que velan por la no discriminaci\u00f3n, abstenerse de votar cualquier iniciativa lesiva y regresiva en materia de derechos humanos y no discriminaci\u00f3n, apoyar con el voto a favor de las iniciativas presentadas a favor de la igualdad y la no discriminaci\u00f3n.<\/p>\n<p>Adem\u00e1s de vigilar que la Secretar\u00eda del Trabajo aplique de manera adecuada la NOM-035-STPS-2018 en materia de prevenci\u00f3n de riesgo psicosocial en el \u00e1rea de trabajo y la NMX-R-025-SCFI-2012 para la igualdad laboral entre mujeres y hombres, destinar un presupuesto correspondiente y hacer las adecuaciones necesarias para que el Sistema Nacional de Salud contemple de manera\u00a0gratuita la atenci\u00f3n de endocrin\u00f3logos y cualquier otro especialista as\u00ed como la terapia de reemplazo hormonal para personas trans, fortalecer el trabajo de prevenci\u00f3n del VIH y otras infecciones de transmisi\u00f3n sexual, y \u00a0dise\u00f1ar las iniciativas correspondientes para la inclusi\u00f3n laboral de las personas trans.<\/p>\n<p>La agenda para la alcald\u00eda contempla la instalaci\u00f3n de los Consejos Municipales contra la Discriminaci\u00f3n hacia a Diversidad Sexual, modificar los Bandos de Polic\u00eda y Gobierno a efecto de adecuarlos a los criterios nacionales e internacionales en materia de derechos humanos y no discriminaci\u00f3n, capacitaci\u00f3n integral a polic\u00edas municipales y personas del servicio p\u00fablico en materia de diversidad sexual, no discriminaci\u00f3n y derechos humanos, y sumarse de manera simb\u00f3lica al D\u00eda internacional contra la homofobia\u201d\u00a0 y al D\u00eda internacional de la diversidad sexual.<\/p>\n<p>Las organizaciones firmantes son Yucatrans Asociaci\u00f3n Transg\u00e9nero de Yucat\u00e1n, Derechos, Cultura y Diversidad Sexual; Buenas Intenciones; Red de Personas Afectadas por VIH, Unidad de Atenci\u00f3n Psicol\u00f3gica Sexol\u00f3gica y Educativa para el Crecimiento Personal, Colectivo Kkaajal LGBT, El Plumero de Armando, Alter-Int, Drag Queen Story Hour, Colectivo Tsikbalten, Comit\u00e9 de la Marcha de la Diversidad Sexual de Progreso, Asociaci\u00f3n Mexicana para la Igualdad y el Bienestar, Yaxch\u00e9; La Grupa de Choque, Pacto del Golfo, Criterio Ciudadano y las personas activistas Orlando Lara Ojeda, Anett Cherriz G\u00f3mez y Josu\u00e9 Gorocica Medina.<\/p>\n","protected":false},"excerpt":{"rendered":"<p>M\u00e9rida, Yucat\u00e1n, 02 de Mayo de 2021.- La candidata a la alcald\u00eda de M\u00e9rida, por&#8230;<\/p>\n","protected":false},"author":2,"featured_media":4174,"comment_status":"open","ping_status":"closed","sticky":false,"template":"","format":"standard","meta":{"footnotes":""},"categories":[1],"tags":[],"class_list":["post-4172","post","type-post","status-publish","format-standard","has-post-thumbnail","hentry","category-uncategorized"],"yoast_head":"<!-- This site is optimized with the Yoast SEO plugin v27.5 - https:\/\/yoast.com\/product\/yoast-seo-wordpress\/ -->\n<title>Firma Vero Camino agenda del colectivo LGBTTTIQ+ de Yucat\u00e1n - NOTICIAS DE LA 4T<\/title>\n<meta name=\"robots\" content=\"noindex, follow, max-snippet:-1, max-image-preview:large, max-video-preview:-1\" \/>\n<meta property=\"og:locale\" content=\"es_MX\" \/>\n<meta property=\"og:type\" content=\"article\" \/>\n<meta property=\"og:title\" content=\"Firma Vero Camino agenda del colectivo LGBTTTIQ+ de Yucat\u00e1n - NOTICIAS DE LA 4T\" \/>\n<meta property=\"og:description\" content=\"M\u00e9rida, Yucat\u00e1n, 02 de Mayo de 2021.- La candidata a la alcald\u00eda de M\u00e9rida, por...\" \/>\n<meta property=\"og:url\" content=\"https:\/\/redamlo.com\/index.php\/2021\/05\/02\/firma-vero-camino-agenda-del-colectivo-lgbtttiq-de-yucatan\/\" \/>\n<meta property=\"og:site_name\" content=\"NOTICIAS DE LA 4T\" \/>\n<meta property=\"article:published_time\" content=\"2021-05-03T01:13:14+00:00\" \/>\n<meta property=\"og:image\" content=\"https:\/\/redamlo.com\/wp-content\/uploads\/2021\/05\/EBF283EA-F09E-4C31-9D78-AA18303A132A.jpeg\" \/>\n\t<meta property=\"og:image:width\" content=\"1139\" \/>\n\t<meta property=\"og:image:height\" content=\"824\" \/>\n\t<meta property=\"og:image:type\" content=\"image\/jpeg\" \/>\n<meta name=\"author\" content=\"Blanca\" \/>\n<meta name=\"twitter:card\" content=\"summary_large_image\" \/>\n<meta name=\"twitter:label1\" content=\"Escrito por\" \/>\n\t<meta name=\"twitter:data1\" content=\"Blanca\" \/>\n\t<meta name=\"twitter:label2\" content=\"Tiempo de lectura\" \/>\n\t<meta name=\"twitter:data2\" content=\"5 minutos\" \/>\n<script type=\"application\/ld+json\" class=\"yoast-schema-graph\">{\"@context\":\"https:\\\/\\\/schema.org\",\"@graph\":[{\"@type\":\"Article\",\"@id\":\"https:\\\/\\\/redamlo.com\\\/index.php\\\/2021\\\/05\\\/02\\\/firma-vero-camino-agenda-del-colectivo-lgbtttiq-de-yucatan\\\/#article\",\"isPartOf\":{\"@id\":\"https:\\\/\\\/redamlo.com\\\/index.php\\\/2021\\\/05\\\/02\\\/firma-vero-camino-agenda-del-colectivo-lgbtttiq-de-yucatan\\\/\"},\"author\":{\"name\":\"Blanca\",\"@id\":\"https:\\\/\\\/redamlo.com\\\/#\\\/schema\\\/person\\\/7223a4375eb8f1a782fcae010a7115cf\"},\"headline\":\"Firma Vero Camino agenda del colectivo LGBTTTIQ+ de Yucat\u00e1n\",\"datePublished\":\"2021-05-03T01:13:14+00:00\",\"mainEntityOfPage\":{\"@id\":\"https:\\\/\\\/redamlo.com\\\/index.php\\\/2021\\\/05\\\/02\\\/firma-vero-camino-agenda-del-colectivo-lgbtttiq-de-yucatan\\\/\"},\"wordCount\":921,\"commentCount\":0,\"publisher\":{\"@id\":\"https:\\\/\\\/redamlo.com\\\/#organization\"},\"image\":{\"@id\":\"https:\\\/\\\/redamlo.com\\\/index.php\\\/2021\\\/05\\\/02\\\/firma-vero-camino-agenda-del-colectivo-lgbtttiq-de-yucatan\\\/#primaryimage\"},\"thumbnailUrl\":\"https:\\\/\\\/redamlo.com\\\/wp-content\\\/uploads\\\/2021\\\/05\\\/EBF283EA-F09E-4C31-9D78-AA18303A132A.jpeg\",\"articleSection\":[\"Uncategorized\"],\"inLanguage\":\"es\",\"potentialAction\":[{\"@type\":\"CommentAction\",\"name\":\"Comment\",\"target\":[\"https:\\\/\\\/redamlo.com\\\/index.php\\\/2021\\\/05\\\/02\\\/firma-vero-camino-agenda-del-colectivo-lgbtttiq-de-yucatan\\\/#respond\"]}]},{\"@type\":\"WebPage\",\"@id\":\"https:\\\/\\\/redamlo.com\\\/index.php\\\/2021\\\/05\\\/02\\\/firma-vero-camino-agenda-del-colectivo-lgbtttiq-de-yucatan\\\/\",\"url\":\"https:\\\/\\\/redamlo.com\\\/index.php\\\/2021\\\/05\\\/02\\\/firma-vero-camino-agenda-del-colectivo-lgbtttiq-de-yucatan\\\/\",\"name\":\"Firma Vero Camino agenda del colectivo LGBTTTIQ+ de Yucat\u00e1n - NOTICIAS DE LA 4T\",\"isPartOf\":{\"@id\":\"https:\\\/\\\/redamlo.com\\\/#website\"},\"primaryImageOfPage\":{\"@id\":\"https:\\\/\\\/redamlo.com\\\/index.php\\\/2021\\\/05\\\/02\\\/firma-vero-camino-agenda-del-colectivo-lgbtttiq-de-yucatan\\\/#primaryimage\"},\"image\":{\"@id\":\"https:\\\/\\\/redamlo.com\\\/index.php\\\/2021\\\/05\\\/02\\\/firma-vero-camino-agenda-del-colectivo-lgbtttiq-de-yucatan\\\/#primaryimage\"},\"thumbnailUrl\":\"https:\\\/\\\/redamlo.com\\\/wp-content\\\/uploads\\\/2021\\\/05\\\/EBF283EA-F09E-4C31-9D78-AA18303A132A.jpeg\",\"datePublished\":\"2021-05-03T01:13:14+00:00\",\"breadcrumb\":{\"@id\":\"https:\\\/\\\/redamlo.com\\\/index.php\\\/2021\\\/05\\\/02\\\/firma-vero-camino-agenda-del-colectivo-lgbtttiq-de-yucatan\\\/#breadcrumb\"},\"inLanguage\":\"es\",\"potentialAction\":[{\"@type\":\"ReadAction\",\"target\":[\"https:\\\/\\\/redamlo.com\\\/index.php\\\/2021\\\/05\\\/02\\\/firma-vero-camino-agenda-del-colectivo-lgbtttiq-de-yucatan\\\/\"]}]},{\"@type\":\"ImageObject\",\"inLanguage\":\"es\",\"@id\":\"https:\\\/\\\/redamlo.com\\\/index.php\\\/2021\\\/05\\\/02\\\/firma-vero-camino-agenda-del-colectivo-lgbtttiq-de-yucatan\\\/#primaryimage\",\"url\":\"https:\\\/\\\/redamlo.com\\\/wp-content\\\/uploads\\\/2021\\\/05\\\/EBF283EA-F09E-4C31-9D78-AA18303A132A.jpeg\",\"contentUrl\":\"https:\\\/\\\/redamlo.com\\\/wp-content\\\/uploads\\\/2021\\\/05\\\/EBF283EA-F09E-4C31-9D78-AA18303A132A.jpeg\",\"width\":1139,\"height\":824},{\"@type\":\"BreadcrumbList\",\"@id\":\"https:\\\/\\\/redamlo.com\\\/index.php\\\/2021\\\/05\\\/02\\\/firma-vero-camino-agenda-del-colectivo-lgbtttiq-de-yucatan\\\/#breadcrumb\",\"itemListElement\":[{\"@type\":\"ListItem\",\"position\":1,\"name\":\"Inicio\",\"item\":\"https:\\\/\\\/redamlo.com\\\/\"},{\"@type\":\"ListItem\",\"position\":2,\"name\":\"Firma Vero Camino agenda del colectivo LGBTTTIQ+ de Yucat\u00e1n\"}]},{\"@type\":\"WebSite\",\"@id\":\"https:\\\/\\\/redamlo.com\\\/#website\",\"url\":\"https:\\\/\\\/redamlo.com\\\/\",\"name\":\"NOTICIAS DE LA 4T\",\"description\":\"\",\"publisher\":{\"@id\":\"https:\\\/\\\/redamlo.com\\\/#organization\"},\"potentialAction\":[{\"@type\":\"SearchAction\",\"target\":{\"@type\":\"EntryPoint\",\"urlTemplate\":\"https:\\\/\\\/redamlo.com\\\/?s={search_term_string}\"},\"query-input\":{\"@type\":\"PropertyValueSpecification\",\"valueRequired\":true,\"valueName\":\"search_term_string\"}}],\"inLanguage\":\"es\"},{\"@type\":\"Organization\",\"@id\":\"https:\\\/\\\/redamlo.com\\\/#organization\",\"name\":\"NOTICIAS DE LA 4T\",\"url\":\"https:\\\/\\\/redamlo.com\\\/\",\"logo\":{\"@type\":\"ImageObject\",\"inLanguage\":\"es\",\"@id\":\"https:\\\/\\\/redamlo.com\\\/#\\\/schema\\\/logo\\\/image\\\/\",\"url\":\"https:\\\/\\\/redamlo.com\\\/wp-content\\\/uploads\\\/2024\\\/08\\\/cropped-RED-AMLO-logo-50.png\",\"contentUrl\":\"https:\\\/\\\/redamlo.com\\\/wp-content\\\/uploads\\\/2024\\\/08\\\/cropped-RED-AMLO-logo-50.png\",\"width\":256,\"height\":256,\"caption\":\"NOTICIAS DE LA 4T\"},\"image\":{\"@id\":\"https:\\\/\\\/redamlo.com\\\/#\\\/schema\\\/logo\\\/image\\\/\"}},{\"@type\":\"Person\",\"@id\":\"https:\\\/\\\/redamlo.com\\\/#\\\/schema\\\/person\\\/7223a4375eb8f1a782fcae010a7115cf\",\"name\":\"Blanca\",\"image\":{\"@type\":\"ImageObject\",\"inLanguage\":\"es\",\"@id\":\"https:\\\/\\\/secure.gravatar.com\\\/avatar\\\/3f79bc8336367a4e6093eae8757acaaf61d1124834b905616de7829b0273426d?s=96&d=mm&r=g\",\"url\":\"https:\\\/\\\/secure.gravatar.com\\\/avatar\\\/3f79bc8336367a4e6093eae8757acaaf61d1124834b905616de7829b0273426d?s=96&d=mm&r=g\",\"contentUrl\":\"https:\\\/\\\/secure.gravatar.com\\\/avatar\\\/3f79bc8336367a4e6093eae8757acaaf61d1124834b905616de7829b0273426d?s=96&d=mm&r=g\",\"caption\":\"Blanca\"},\"url\":\"https:\\\/\\\/redamlo.com\\\/index.php\\\/author\\\/blanca\\\/\"}]}<\/script>\n<!-- \/ Yoast SEO plugin. -->","yoast_head_json":{"title":"Firma Vero Camino agenda del colectivo LGBTTTIQ+ de Yucat\u00e1n - NOTICIAS DE LA 4T","robots":{"index":"noindex","follow":"follow","max-snippet":"max-snippet:-1","max-image-preview":"max-image-preview:large","max-video-preview":"max-video-preview:-1"},"og_locale":"es_MX","og_type":"article","og_title":"Firma Vero Camino agenda del colectivo LGBTTTIQ+ de Yucat\u00e1n - NOTICIAS DE LA 4T","og_description":"M\u00e9rida, Yucat\u00e1n, 02 de Mayo de 2021.- La candidata a la alcald\u00eda de M\u00e9rida, por...","og_url":"https:\/\/redamlo.com\/index.php\/2021\/05\/02\/firma-vero-camino-agenda-del-colectivo-lgbtttiq-de-yucatan\/","og_site_name":"NOTICIAS DE LA 4T","article_published_time":"2021-05-03T01:13:14+00:00","og_image":[{"width":1139,"height":824,"url":"https:\/\/redamlo.com\/wp-content\/uploads\/2021\/05\/EBF283EA-F09E-4C31-9D78-AA18303A132A.jpeg","type":"image\/jpeg"}],"author":"Blanca","twitter_card":"summary_large_image","twitter_misc":{"Escrito por":"Blanca","Tiempo de lectura":"5 minutos"},"schema":{"@context":"https:\/\/schema.org","@graph":[{"@type":"Article","@id":"https:\/\/redamlo.com\/index.php\/2021\/05\/02\/firma-vero-camino-agenda-del-colectivo-lgbtttiq-de-yucatan\/#article","isPartOf":{"@id":"https:\/\/redamlo.com\/index.php\/2021\/05\/02\/firma-vero-camino-agenda-del-colectivo-lgbtttiq-de-yucatan\/"},"author":{"name":"Blanca","@id":"https:\/\/redamlo.com\/#\/schema\/person\/7223a4375eb8f1a782fcae010a7115cf"},"headline":"Firma Vero Camino agenda del colectivo LGBTTTIQ+ de Yucat\u00e1n","datePublished":"2021-05-03T01:13:14+00:00","mainEntityOfPage":{"@id":"https:\/\/redamlo.com\/index.php\/2021\/05\/02\/firma-vero-camino-agenda-del-colectivo-lgbtttiq-de-yucatan\/"},"wordCount":921,"commentCount":0,"publisher":{"@id":"https:\/\/redamlo.com\/#organization"},"image":{"@id":"https:\/\/redamlo.com\/index.php\/2021\/05\/02\/firma-vero-camino-agenda-del-colectivo-lgbtttiq-de-yucatan\/#primaryimage"},"thumbnailUrl":"https:\/\/redamlo.com\/wp-content\/uploads\/2021\/05\/EBF283EA-F09E-4C31-9D78-AA18303A132A.jpeg","articleSection":["Uncategorized"],"inLanguage":"es","potentialAction":[{"@type":"CommentAction","name":"Comment","target":["https:\/\/redamlo.com\/index.php\/2021\/05\/02\/firma-vero-camino-agenda-del-colectivo-lgbtttiq-de-yucatan\/#respond"]}]},{"@type":"WebPage","@id":"https:\/\/redamlo.com\/index.php\/2021\/05\/02\/firma-vero-camino-agenda-del-colectivo-lgbtttiq-de-yucatan\/","url":"https:\/\/redamlo.com\/index.php\/2021\/05\/02\/firma-vero-camino-agenda-del-colectivo-lgbtttiq-de-yucatan\/","name":"Firma Vero Camino agenda del colectivo LGBTTTIQ+ de Yucat\u00e1n - NOTICIAS DE LA 4T","isPartOf":{"@id":"https:\/\/redamlo.com\/#website"},"primaryImageOfPage":{"@id":"https:\/\/redamlo.com\/index.php\/2021\/05\/02\/firma-vero-camino-agenda-del-colectivo-lgbtttiq-de-yucatan\/#primaryimage"},"image":{"@id":"https:\/\/redamlo.com\/index.php\/2021\/05\/02\/firma-vero-camino-agenda-del-colectivo-lgbtttiq-de-yucatan\/#primaryimage"},"thumbnailUrl":"https:\/\/redamlo.com\/wp-content\/uploads\/2021\/05\/EBF283EA-F09E-4C31-9D78-AA18303A132A.jpeg","datePublished":"2021-05-03T01:13:14+00:00","breadcrumb":{"@id":"https:\/\/redamlo.com\/index.php\/2021\/05\/02\/firma-vero-camino-agenda-del-colectivo-lgbtttiq-de-yucatan\/#breadcrumb"},"inLanguage":"es","potentialAction":[{"@type":"ReadAction","target":["https:\/\/redamlo.com\/index.php\/2021\/05\/02\/firma-vero-camino-agenda-del-colectivo-lgbtttiq-de-yucatan\/"]}]},{"@type":"ImageObject","inLanguage":"es","@id":"https:\/\/redamlo.com\/index.php\/2021\/05\/02\/firma-vero-camino-agenda-del-colectivo-lgbtttiq-de-yucatan\/#primaryimage","url":"https:\/\/redamlo.com\/wp-content\/uploads\/2021\/05\/EBF283EA-F09E-4C31-9D78-AA18303A132A.jpeg","contentUrl":"https:\/\/redamlo.com\/wp-content\/uploads\/2021\/05\/EBF283EA-F09E-4C31-9D78-AA18303A132A.jpeg","width":1139,"height":824},{"@type":"BreadcrumbList","@id":"https:\/\/redamlo.com\/index.php\/2021\/05\/02\/firma-vero-camino-agenda-del-colectivo-lgbtttiq-de-yucatan\/#breadcrumb","itemListElement":[{"@type":"ListItem","position":1,"name":"Inicio","item":"https:\/\/redamlo.com\/"},{"@type":"ListItem","position":2,"name":"Firma Vero Camino agenda del colectivo LGBTTTIQ+ de Yucat\u00e1n"}]},{"@type":"WebSite","@id":"https:\/\/redamlo.com\/#website","url":"https:\/\/redamlo.com\/","name":"NOTICIAS DE LA 4T","description":"","publisher":{"@id":"https:\/\/redamlo.com\/#organization"},"potentialAction":[{"@type":"SearchAction","target":{"@type":"EntryPoint","urlTemplate":"https:\/\/redamlo.com\/?s={search_term_string}"},"query-input":{"@type":"PropertyValueSpecification","valueRequired":true,"valueName":"search_term_string"}}],"inLanguage":"es"},{"@type":"Organization","@id":"https:\/\/redamlo.com\/#organization","name":"NOTICIAS DE LA 4T","url":"https:\/\/redamlo.com\/","logo":{"@type":"ImageObject","inLanguage":"es","@id":"https:\/\/redamlo.com\/#\/schema\/logo\/image\/","url":"https:\/\/redamlo.com\/wp-content\/uploads\/2024\/08\/cropped-RED-AMLO-logo-50.png","contentUrl":"https:\/\/redamlo.com\/wp-content\/uploads\/2024\/08\/cropped-RED-AMLO-logo-50.png","width":256,"height":256,"caption":"NOTICIAS DE LA 4T"},"image":{"@id":"https:\/\/redamlo.com\/#\/schema\/logo\/image\/"}},{"@type":"Person","@id":"https:\/\/redamlo.com\/#\/schema\/person\/7223a4375eb8f1a782fcae010a7115cf","name":"Blanca","image":{"@type":"ImageObject","inLanguage":"es","@id":"https:\/\/secure.gravatar.com\/avatar\/3f79bc8336367a4e6093eae8757acaaf61d1124834b905616de7829b0273426d?s=96&d=mm&r=g","url":"https:\/\/secure.gravatar.com\/avatar\/3f79bc8336367a4e6093eae8757acaaf61d1124834b905616de7829b0273426d?s=96&d=mm&r=g","contentUrl":"https:\/\/secure.gravatar.com\/avatar\/3f79bc8336367a4e6093eae8757acaaf61d1124834b905616de7829b0273426d?s=96&d=mm&r=g","caption":"Blanca"},"url":"https:\/\/redamlo.com\/index.php\/author\/blanca\/"}]}},"_links":{"self":[{"href":"https:\/\/redamlo.com\/index.php\/wp-json\/wp\/v2\/posts\/4172","targetHints":{"allow":["GET"]}}],"collection":[{"href":"https:\/\/redamlo.com\/index.php\/wp-json\/wp\/v2\/posts"}],"about":[{"href":"https:\/\/redamlo.com\/index.php\/wp-json\/wp\/v2\/types\/post"}],"author":[{"embeddable":true,"href":"https:\/\/redamlo.com\/index.php\/wp-json\/wp\/v2\/users\/2"}],"replies":[{"embeddable":true,"href":"https:\/\/redamlo.com\/index.php\/wp-json\/wp\/v2\/comments?post=4172"}],"version-history":[{"count":0,"href":"https:\/\/redamlo.com\/index.php\/wp-json\/wp\/v2\/posts\/4172\/revisions"}],"wp:featuredmedia":[{"embeddable":true,"href":"https:\/\/redamlo.com\/index.php\/wp-json\/wp\/v2\/media\/4174"}],"wp:attachment":[{"href":"https:\/\/redamlo.com\/index.php\/wp-json\/wp\/v2\/media?parent=4172"}],"wp:term":[{"taxonomy":"category","embeddable":true,"href":"https:\/\/redamlo.com\/index.php\/wp-json\/wp\/v2\/categories?post=4172"},{"taxonomy":"post_tag","embeddable":true,"href":"https:\/\/redamlo.com\/index.php\/wp-json\/wp\/v2\/tags?post=4172"}],"curies":[{"name":"wp","href":"https:\/\/api.w.org\/{rel}","templated":true}]}}