{"id":4166,"date":"2021-05-01T20:43:43","date_gmt":"2021-05-02T01:43:43","guid":{"rendered":"https:\/\/redamlo.com\/?p=4166"},"modified":"2021-05-01T20:43:43","modified_gmt":"2021-05-02T01:43:43","slug":"laura-beristain-morena-aliado-de-la-clase-trabajadora","status":"publish","type":"post","link":"https:\/\/redamlo.com\/index.php\/2021\/05\/01\/laura-beristain-morena-aliado-de-la-clase-trabajadora\/","title":{"rendered":"Laura Beristain: Morena aliado de la clase trabajadora"},"content":{"rendered":"<p>\u2022Capacitaci\u00f3n para el desarrollo de la gente de nuestro polo tur\u00edstico.<\/p>\n<p>Solidaridad, Quintana Roo a 1 de mayo. Es la clase trabajadora quien impulsa d\u00eda a d\u00eda a Solidaridad, un municipio al que han llegado familias de todo M\u00e9xico y muchas partes del mundo, porque aqu\u00ed encuentran su fuente de empleo\u201d, detall\u00f3 la candidata de Morena, PT, Partido Verde y MAS a la presidencia municipal, Laura Beristain.<\/p>\n<p>Desde el proyecto de Morena nuestro compromiso es generar mejores condiciones para que haya crecimiento sustentable en este destino tur\u00edstico de talla internacional, en favor de las familias y la clase trabajadora, destac\u00f3 Laura.<\/p>\n<p>\u201cHoy que se conmemora el D\u00eda Internacional del Trabajo, recordemos que fueron el PRI y el PAN quienes desmantelaron el sistema de jubilaciones y pensiones del pueblo de M\u00e9xico, quienes dieron a las Afores el recurso de los trabajadores.<\/p>\n<p>\u201cPero adem\u00e1s, durante sus oscuros a\u00f1os de gobierno desarticularon el modelo educativo, la salud, la seguridad social y nos robaron la dignidad y la tranquilidad\u201d, se\u00f1al\u00f3 la morenista.<\/p>\n<p>En este proyecto humanista, coment\u00f3 Laura Beristain, no somos iguales, la transformaci\u00f3n se vive y queremos lo mejor para la gente&#8221;, dijo en su visita con los habitantes de Puerto Aventuras.<\/p>\n<p>El proyecto de MORENA est\u00e1 dise\u00f1ado para servirle al pueblo, para los que menos tienen, con pol\u00edticas que propician el desarrollo integral de las familias, prosigui\u00f3.<\/p>\n<p>Hay muchas mujeres que trabajan, incluso desde casa, decirles a todas que vamos a apoyarlas con capacitaciones para que puedan obtener un ingreso adicional, destac\u00f3 Beristain Navarrete.<\/p>\n<p>Me siento orgullosa de tener la posibilidad de consolidarar junto a ustedes la Cuarta Transformaci\u00f3n. Somos de hechos, no de palabras, concluy\u00f3 Laura la candidata de Morena a la presidencia municipal de Solidaridad.<\/p>\n","protected":false},"excerpt":{"rendered":"<p>\u2022Capacitaci\u00f3n para el desarrollo de la gente de nuestro polo tur\u00edstico. Solidaridad, Quintana Roo a&#8230;<\/p>\n","protected":false},"author":2,"featured_media":4168,"comment_status":"open","ping_status":"closed","sticky":false,"template":"","format":"standard","meta":{"footnotes":""},"categories":[25],"tags":[786,787,374,749,24,788,750,389,789,21,360],"class_list":["post-4166","post","type-post","status-publish","format-standard","has-post-thumbnail","hentry","category-4t","tag-laura-beristain-gana-elecciones","tag-laura-beristain-le-gana-a-lili-campos","tag-laura-beristain-navarrete","tag-mas","tag-morena","tag-noticias-de-laura-beristain","tag-partido-verde","tag-pt","tag-puerto-aventuras","tag-quintana-roo","tag-solidaridad"],"yoast_head":"<!-- This site is optimized with the Yoast SEO plugin v27.5 - https:\/\/yoast.com\/product\/yoast-seo-wordpress\/ -->\n<title>Laura Beristain: Morena aliado de la clase trabajadora - NOTICIAS DE LA 4T<\/title>\n<meta name=\"robots\" content=\"noindex, follow, max-snippet:-1, max-image-preview:large, max-video-preview:-1\" \/>\n<meta property=\"og:locale\" content=\"es_MX\" \/>\n<meta property=\"og:type\" content=\"article\" \/>\n<meta property=\"og:title\" content=\"Laura Beristain: Morena aliado de la clase trabajadora - NOTICIAS DE LA 4T\" \/>\n<meta property=\"og:description\" content=\"\u2022Capacitaci\u00f3n para el desarrollo de la gente de nuestro polo tur\u00edstico. Solidaridad, Quintana Roo a...\" \/>\n<meta property=\"og:url\" content=\"https:\/\/redamlo.com\/index.php\/2021\/05\/01\/laura-beristain-morena-aliado-de-la-clase-trabajadora\/\" \/>\n<meta property=\"og:site_name\" content=\"NOTICIAS DE LA 4T\" \/>\n<meta property=\"article:published_time\" content=\"2021-05-02T01:43:43+00:00\" \/>\n<meta property=\"og:image\" content=\"https:\/\/redamlo.com\/wp-content\/uploads\/2021\/05\/LAURA-BERISTAIN-NAVARRETE-ALIADA-DE-LOS-TRABAJADORES.jpg\" \/>\n\t<meta property=\"og:image:width\" content=\"1280\" \/>\n\t<meta property=\"og:image:height\" content=\"852\" \/>\n\t<meta property=\"og:image:type\" content=\"image\/jpeg\" \/>\n<meta name=\"author\" content=\"Blanca\" \/>\n<meta name=\"twitter:card\" content=\"summary_large_image\" \/>\n<meta name=\"twitter:label1\" content=\"Escrito por\" \/>\n\t<meta name=\"twitter:data1\" content=\"Blanca\" \/>\n\t<meta name=\"twitter:label2\" content=\"Tiempo de lectura\" \/>\n\t<meta name=\"twitter:data2\" content=\"1 minuto\" \/>\n<script type=\"application\/ld+json\" class=\"yoast-schema-graph\">{\"@context\":\"https:\\\/\\\/schema.org\",\"@graph\":[{\"@type\":\"Article\",\"@id\":\"https:\\\/\\\/redamlo.com\\\/index.php\\\/2021\\\/05\\\/01\\\/laura-beristain-morena-aliado-de-la-clase-trabajadora\\\/#article\",\"isPartOf\":{\"@id\":\"https:\\\/\\\/redamlo.com\\\/index.php\\\/2021\\\/05\\\/01\\\/laura-beristain-morena-aliado-de-la-clase-trabajadora\\\/\"},\"author\":{\"name\":\"Blanca\",\"@id\":\"https:\\\/\\\/redamlo.com\\\/#\\\/schema\\\/person\\\/7223a4375eb8f1a782fcae010a7115cf\"},\"headline\":\"Laura Beristain: Morena aliado de la clase trabajadora\",\"datePublished\":\"2021-05-02T01:43:43+00:00\",\"mainEntityOfPage\":{\"@id\":\"https:\\\/\\\/redamlo.com\\\/index.php\\\/2021\\\/05\\\/01\\\/laura-beristain-morena-aliado-de-la-clase-trabajadora\\\/\"},\"wordCount\":307,\"commentCount\":0,\"publisher\":{\"@id\":\"https:\\\/\\\/redamlo.com\\\/#organization\"},\"image\":{\"@id\":\"https:\\\/\\\/redamlo.com\\\/index.php\\\/2021\\\/05\\\/01\\\/laura-beristain-morena-aliado-de-la-clase-trabajadora\\\/#primaryimage\"},\"thumbnailUrl\":\"https:\\\/\\\/redamlo.com\\\/wp-content\\\/uploads\\\/2021\\\/05\\\/LAURA-BERISTAIN-NAVARRETE-ALIADA-DE-LOS-TRABAJADORES.jpg\",\"keywords\":[\"Laura Beristain Gana Elecciones\",\"Laura Beristain le gana a Lili Campos\",\"Laura Beristain Navarrete\",\"MAS\",\"Morena\",\"Noticias de Laura Beristain\",\"Partido Verde\",\"PT\",\"Puerto Aventuras\",\"Quintana Roo\",\"Solidaridad\"],\"articleSection\":[\"4T\"],\"inLanguage\":\"es\",\"potentialAction\":[{\"@type\":\"CommentAction\",\"name\":\"Comment\",\"target\":[\"https:\\\/\\\/redamlo.com\\\/index.php\\\/2021\\\/05\\\/01\\\/laura-beristain-morena-aliado-de-la-clase-trabajadora\\\/#respond\"]}]},{\"@type\":\"WebPage\",\"@id\":\"https:\\\/\\\/redamlo.com\\\/index.php\\\/2021\\\/05\\\/01\\\/laura-beristain-morena-aliado-de-la-clase-trabajadora\\\/\",\"url\":\"https:\\\/\\\/redamlo.com\\\/index.php\\\/2021\\\/05\\\/01\\\/laura-beristain-morena-aliado-de-la-clase-trabajadora\\\/\",\"name\":\"Laura Beristain: Morena aliado de la clase trabajadora - NOTICIAS DE LA 4T\",\"isPartOf\":{\"@id\":\"https:\\\/\\\/redamlo.com\\\/#website\"},\"primaryImageOfPage\":{\"@id\":\"https:\\\/\\\/redamlo.com\\\/index.php\\\/2021\\\/05\\\/01\\\/laura-beristain-morena-aliado-de-la-clase-trabajadora\\\/#primaryimage\"},\"image\":{\"@id\":\"https:\\\/\\\/redamlo.com\\\/index.php\\\/2021\\\/05\\\/01\\\/laura-beristain-morena-aliado-de-la-clase-trabajadora\\\/#primaryimage\"},\"thumbnailUrl\":\"https:\\\/\\\/redamlo.com\\\/wp-content\\\/uploads\\\/2021\\\/05\\\/LAURA-BERISTAIN-NAVARRETE-ALIADA-DE-LOS-TRABAJADORES.jpg\",\"datePublished\":\"2021-05-02T01:43:43+00:00\",\"breadcrumb\":{\"@id\":\"https:\\\/\\\/redamlo.com\\\/index.php\\\/2021\\\/05\\\/01\\\/laura-beristain-morena-aliado-de-la-clase-trabajadora\\\/#breadcrumb\"},\"inLanguage\":\"es\",\"potentialAction\":[{\"@type\":\"ReadAction\",\"target\":[\"https:\\\/\\\/redamlo.com\\\/index.php\\\/2021\\\/05\\\/01\\\/laura-beristain-morena-aliado-de-la-clase-trabajadora\\\/\"]}]},{\"@type\":\"ImageObject\",\"inLanguage\":\"es\",\"@id\":\"https:\\\/\\\/redamlo.com\\\/index.php\\\/2021\\\/05\\\/01\\\/laura-beristain-morena-aliado-de-la-clase-trabajadora\\\/#primaryimage\",\"url\":\"https:\\\/\\\/redamlo.com\\\/wp-content\\\/uploads\\\/2021\\\/05\\\/LAURA-BERISTAIN-NAVARRETE-ALIADA-DE-LOS-TRABAJADORES.jpg\",\"contentUrl\":\"https:\\\/\\\/redamlo.com\\\/wp-content\\\/uploads\\\/2021\\\/05\\\/LAURA-BERISTAIN-NAVARRETE-ALIADA-DE-LOS-TRABAJADORES.jpg\",\"width\":1280,\"height\":852},{\"@type\":\"BreadcrumbList\",\"@id\":\"https:\\\/\\\/redamlo.com\\\/index.php\\\/2021\\\/05\\\/01\\\/laura-beristain-morena-aliado-de-la-clase-trabajadora\\\/#breadcrumb\",\"itemListElement\":[{\"@type\":\"ListItem\",\"position\":1,\"name\":\"Inicio\",\"item\":\"https:\\\/\\\/redamlo.com\\\/\"},{\"@type\":\"ListItem\",\"position\":2,\"name\":\"Laura Beristain: Morena aliado de la clase trabajadora\"}]},{\"@type\":\"WebSite\",\"@id\":\"https:\\\/\\\/redamlo.com\\\/#website\",\"url\":\"https:\\\/\\\/redamlo.com\\\/\",\"name\":\"NOTICIAS DE LA 4T\",\"description\":\"\",\"publisher\":{\"@id\":\"https:\\\/\\\/redamlo.com\\\/#organization\"},\"potentialAction\":[{\"@type\":\"SearchAction\",\"target\":{\"@type\":\"EntryPoint\",\"urlTemplate\":\"https:\\\/\\\/redamlo.com\\\/?s={search_term_string}\"},\"query-input\":{\"@type\":\"PropertyValueSpecification\",\"valueRequired\":true,\"valueName\":\"search_term_string\"}}],\"inLanguage\":\"es\"},{\"@type\":\"Organization\",\"@id\":\"https:\\\/\\\/redamlo.com\\\/#organization\",\"name\":\"NOTICIAS DE LA 4T\",\"url\":\"https:\\\/\\\/redamlo.com\\\/\",\"logo\":{\"@type\":\"ImageObject\",\"inLanguage\":\"es\",\"@id\":\"https:\\\/\\\/redamlo.com\\\/#\\\/schema\\\/logo\\\/image\\\/\",\"url\":\"https:\\\/\\\/redamlo.com\\\/wp-content\\\/uploads\\\/2024\\\/08\\\/cropped-RED-AMLO-logo-50.png\",\"contentUrl\":\"https:\\\/\\\/redamlo.com\\\/wp-content\\\/uploads\\\/2024\\\/08\\\/cropped-RED-AMLO-logo-50.png\",\"width\":256,\"height\":256,\"caption\":\"NOTICIAS DE LA 4T\"},\"image\":{\"@id\":\"https:\\\/\\\/redamlo.com\\\/#\\\/schema\\\/logo\\\/image\\\/\"}},{\"@type\":\"Person\",\"@id\":\"https:\\\/\\\/redamlo.com\\\/#\\\/schema\\\/person\\\/7223a4375eb8f1a782fcae010a7115cf\",\"name\":\"Blanca\",\"image\":{\"@type\":\"ImageObject\",\"inLanguage\":\"es\",\"@id\":\"https:\\\/\\\/secure.gravatar.com\\\/avatar\\\/3f79bc8336367a4e6093eae8757acaaf61d1124834b905616de7829b0273426d?s=96&d=mm&r=g\",\"url\":\"https:\\\/\\\/secure.gravatar.com\\\/avatar\\\/3f79bc8336367a4e6093eae8757acaaf61d1124834b905616de7829b0273426d?s=96&d=mm&r=g\",\"contentUrl\":\"https:\\\/\\\/secure.gravatar.com\\\/avatar\\\/3f79bc8336367a4e6093eae8757acaaf61d1124834b905616de7829b0273426d?s=96&d=mm&r=g\",\"caption\":\"Blanca\"},\"url\":\"https:\\\/\\\/redamlo.com\\\/index.php\\\/author\\\/blanca\\\/\"}]}<\/script>\n<!-- \/ Yoast SEO plugin. -->","yoast_head_json":{"title":"Laura Beristain: Morena aliado de la clase trabajadora - NOTICIAS DE LA 4T","robots":{"index":"noindex","follow":"follow","max-snippet":"max-snippet:-1","max-image-preview":"max-image-preview:large","max-video-preview":"max-video-preview:-1"},"og_locale":"es_MX","og_type":"article","og_title":"Laura Beristain: Morena aliado de la clase trabajadora - NOTICIAS DE LA 4T","og_description":"\u2022Capacitaci\u00f3n para el desarrollo de la gente de nuestro polo tur\u00edstico. Solidaridad, Quintana Roo a...","og_url":"https:\/\/redamlo.com\/index.php\/2021\/05\/01\/laura-beristain-morena-aliado-de-la-clase-trabajadora\/","og_site_name":"NOTICIAS DE LA 4T","article_published_time":"2021-05-02T01:43:43+00:00","og_image":[{"width":1280,"height":852,"url":"https:\/\/redamlo.com\/wp-content\/uploads\/2021\/05\/LAURA-BERISTAIN-NAVARRETE-ALIADA-DE-LOS-TRABAJADORES.jpg","type":"image\/jpeg"}],"author":"Blanca","twitter_card":"summary_large_image","twitter_misc":{"Escrito por":"Blanca","Tiempo de lectura":"1 minuto"},"schema":{"@context":"https:\/\/schema.org","@graph":[{"@type":"Article","@id":"https:\/\/redamlo.com\/index.php\/2021\/05\/01\/laura-beristain-morena-aliado-de-la-clase-trabajadora\/#article","isPartOf":{"@id":"https:\/\/redamlo.com\/index.php\/2021\/05\/01\/laura-beristain-morena-aliado-de-la-clase-trabajadora\/"},"author":{"name":"Blanca","@id":"https:\/\/redamlo.com\/#\/schema\/person\/7223a4375eb8f1a782fcae010a7115cf"},"headline":"Laura Beristain: Morena aliado de la clase trabajadora","datePublished":"2021-05-02T01:43:43+00:00","mainEntityOfPage":{"@id":"https:\/\/redamlo.com\/index.php\/2021\/05\/01\/laura-beristain-morena-aliado-de-la-clase-trabajadora\/"},"wordCount":307,"commentCount":0,"publisher":{"@id":"https:\/\/redamlo.com\/#organization"},"image":{"@id":"https:\/\/redamlo.com\/index.php\/2021\/05\/01\/laura-beristain-morena-aliado-de-la-clase-trabajadora\/#primaryimage"},"thumbnailUrl":"https:\/\/redamlo.com\/wp-content\/uploads\/2021\/05\/LAURA-BERISTAIN-NAVARRETE-ALIADA-DE-LOS-TRABAJADORES.jpg","keywords":["Laura Beristain Gana Elecciones","Laura Beristain le gana a Lili Campos","Laura Beristain Navarrete","MAS","Morena","Noticias de Laura Beristain","Partido Verde","PT","Puerto Aventuras","Quintana Roo","Solidaridad"],"articleSection":["4T"],"inLanguage":"es","potentialAction":[{"@type":"CommentAction","name":"Comment","target":["https:\/\/redamlo.com\/index.php\/2021\/05\/01\/laura-beristain-morena-aliado-de-la-clase-trabajadora\/#respond"]}]},{"@type":"WebPage","@id":"https:\/\/redamlo.com\/index.php\/2021\/05\/01\/laura-beristain-morena-aliado-de-la-clase-trabajadora\/","url":"https:\/\/redamlo.com\/index.php\/2021\/05\/01\/laura-beristain-morena-aliado-de-la-clase-trabajadora\/","name":"Laura Beristain: Morena aliado de la clase trabajadora - NOTICIAS DE LA 4T","isPartOf":{"@id":"https:\/\/redamlo.com\/#website"},"primaryImageOfPage":{"@id":"https:\/\/redamlo.com\/index.php\/2021\/05\/01\/laura-beristain-morena-aliado-de-la-clase-trabajadora\/#primaryimage"},"image":{"@id":"https:\/\/redamlo.com\/index.php\/2021\/05\/01\/laura-beristain-morena-aliado-de-la-clase-trabajadora\/#primaryimage"},"thumbnailUrl":"https:\/\/redamlo.com\/wp-content\/uploads\/2021\/05\/LAURA-BERISTAIN-NAVARRETE-ALIADA-DE-LOS-TRABAJADORES.jpg","datePublished":"2021-05-02T01:43:43+00:00","breadcrumb":{"@id":"https:\/\/redamlo.com\/index.php\/2021\/05\/01\/laura-beristain-morena-aliado-de-la-clase-trabajadora\/#breadcrumb"},"inLanguage":"es","potentialAction":[{"@type":"ReadAction","target":["https:\/\/redamlo.com\/index.php\/2021\/05\/01\/laura-beristain-morena-aliado-de-la-clase-trabajadora\/"]}]},{"@type":"ImageObject","inLanguage":"es","@id":"https:\/\/redamlo.com\/index.php\/2021\/05\/01\/laura-beristain-morena-aliado-de-la-clase-trabajadora\/#primaryimage","url":"https:\/\/redamlo.com\/wp-content\/uploads\/2021\/05\/LAURA-BERISTAIN-NAVARRETE-ALIADA-DE-LOS-TRABAJADORES.jpg","contentUrl":"https:\/\/redamlo.com\/wp-content\/uploads\/2021\/05\/LAURA-BERISTAIN-NAVARRETE-ALIADA-DE-LOS-TRABAJADORES.jpg","width":1280,"height":852},{"@type":"BreadcrumbList","@id":"https:\/\/redamlo.com\/index.php\/2021\/05\/01\/laura-beristain-morena-aliado-de-la-clase-trabajadora\/#breadcrumb","itemListElement":[{"@type":"ListItem","position":1,"name":"Inicio","item":"https:\/\/redamlo.com\/"},{"@type":"ListItem","position":2,"name":"Laura Beristain: Morena aliado de la clase trabajadora"}]},{"@type":"WebSite","@id":"https:\/\/redamlo.com\/#website","url":"https:\/\/redamlo.com\/","name":"NOTICIAS DE LA 4T","description":"","publisher":{"@id":"https:\/\/redamlo.com\/#organization"},"potentialAction":[{"@type":"SearchAction","target":{"@type":"EntryPoint","urlTemplate":"https:\/\/redamlo.com\/?s={search_term_string}"},"query-input":{"@type":"PropertyValueSpecification","valueRequired":true,"valueName":"search_term_string"}}],"inLanguage":"es"},{"@type":"Organization","@id":"https:\/\/redamlo.com\/#organization","name":"NOTICIAS DE LA 4T","url":"https:\/\/redamlo.com\/","logo":{"@type":"ImageObject","inLanguage":"es","@id":"https:\/\/redamlo.com\/#\/schema\/logo\/image\/","url":"https:\/\/redamlo.com\/wp-content\/uploads\/2024\/08\/cropped-RED-AMLO-logo-50.png","contentUrl":"https:\/\/redamlo.com\/wp-content\/uploads\/2024\/08\/cropped-RED-AMLO-logo-50.png","width":256,"height":256,"caption":"NOTICIAS DE LA 4T"},"image":{"@id":"https:\/\/redamlo.com\/#\/schema\/logo\/image\/"}},{"@type":"Person","@id":"https:\/\/redamlo.com\/#\/schema\/person\/7223a4375eb8f1a782fcae010a7115cf","name":"Blanca","image":{"@type":"ImageObject","inLanguage":"es","@id":"https:\/\/secure.gravatar.com\/avatar\/3f79bc8336367a4e6093eae8757acaaf61d1124834b905616de7829b0273426d?s=96&d=mm&r=g","url":"https:\/\/secure.gravatar.com\/avatar\/3f79bc8336367a4e6093eae8757acaaf61d1124834b905616de7829b0273426d?s=96&d=mm&r=g","contentUrl":"https:\/\/secure.gravatar.com\/avatar\/3f79bc8336367a4e6093eae8757acaaf61d1124834b905616de7829b0273426d?s=96&d=mm&r=g","caption":"Blanca"},"url":"https:\/\/redamlo.com\/index.php\/author\/blanca\/"}]}},"_links":{"self":[{"href":"https:\/\/redamlo.com\/index.php\/wp-json\/wp\/v2\/posts\/4166","targetHints":{"allow":["GET"]}}],"collection":[{"href":"https:\/\/redamlo.com\/index.php\/wp-json\/wp\/v2\/posts"}],"about":[{"href":"https:\/\/redamlo.com\/index.php\/wp-json\/wp\/v2\/types\/post"}],"author":[{"embeddable":true,"href":"https:\/\/redamlo.com\/index.php\/wp-json\/wp\/v2\/users\/2"}],"replies":[{"embeddable":true,"href":"https:\/\/redamlo.com\/index.php\/wp-json\/wp\/v2\/comments?post=4166"}],"version-history":[{"count":0,"href":"https:\/\/redamlo.com\/index.php\/wp-json\/wp\/v2\/posts\/4166\/revisions"}],"wp:featuredmedia":[{"embeddable":true,"href":"https:\/\/redamlo.com\/index.php\/wp-json\/wp\/v2\/media\/4168"}],"wp:attachment":[{"href":"https:\/\/redamlo.com\/index.php\/wp-json\/wp\/v2\/media?parent=4166"}],"wp:term":[{"taxonomy":"category","embeddable":true,"href":"https:\/\/redamlo.com\/index.php\/wp-json\/wp\/v2\/categories?post=4166"},{"taxonomy":"post_tag","embeddable":true,"href":"https:\/\/redamlo.com\/index.php\/wp-json\/wp\/v2\/tags?post=4166"}],"curies":[{"name":"wp","href":"https:\/\/api.w.org\/{rel}","templated":true}]}}