{"id":4159,"date":"2021-04-30T15:00:01","date_gmt":"2021-04-30T20:00:01","guid":{"rendered":"https:\/\/redamlo.com\/?p=4159"},"modified":"2021-04-30T15:00:01","modified_gmt":"2021-04-30T20:00:01","slug":"vacunacion-contra-covid-19-priorizara-a-los-sectores-vulnerables-lopez-obrador-estima-50-millones-de-personas-protegidas-en-julio","status":"publish","type":"post","link":"https:\/\/redamlo.com\/index.php\/2021\/04\/30\/vacunacion-contra-covid-19-priorizara-a-los-sectores-vulnerables-lopez-obrador-estima-50-millones-de-personas-protegidas-en-julio\/","title":{"rendered":"Vacunaci\u00f3n contra Covid-19 priorizar\u00e1 a los sectores vulnerables: L\u00f3pez Obrador; estima 50 millones de personas protegidas en julio"},"content":{"rendered":"<p style=\"text-align: justify;\"><span style=\"color: #000000; font-family: Arial, Helvetica, sans-serif;\">M\u00c9XICO, 30 de abril de 2021.- En la vacunaci\u00f3n contra Covid-19 tenemos que priorizar y cuidar a los m\u00e1s vulnerables, afirm\u00f3 el presidente de M\u00e9xico, Andr\u00e9s Manuel L\u00f3pez Obrador.<\/span><\/p>\n<p style=\"text-align: justify;\"><span style=\"color: #000000; font-family: Arial, Helvetica, sans-serif;\">En conferencia de prensa matutina, el mandatario emiti\u00f3 su pron\u00f3stico sobre el avance de la inmunizaci\u00f3n. Dijo que se prev\u00e9 haber vacunado a 50 millones de mexicanos entre junio y julio.<\/span><\/p>\n<p style=\"text-align: justify;\"><span style=\"color: #000000; font-family: Arial, Helvetica, sans-serif;\">\u201cAs\u00ed como dije que \u00edbamos a terminar en este mes de abril de vacunar a los adultos mayores aun con una dosis y lo cumplimos, as\u00ed estoy haciendo mis proyecciones hacia adelante\u201d, apunt\u00f3.<\/span><\/p>\n<p style=\"text-align: justify;\"><span style=\"color: #000000; font-family: Arial, Helvetica, sans-serif;\">Resalt\u00f3 que desde el inicio del Plan Nacional de Vacunaci\u00f3n no ha habido influyentismo y la aplicaci\u00f3n se organiz\u00f3 bajo principios de igualdad.<\/span><\/p>\n<p style=\"text-align: justify;\"><span style=\"color: #000000; font-family: Arial, Helvetica, sans-serif;\">\u201cTenemos tambi\u00e9n demanda de otros sectores, con otros argumentos, todos v\u00e1lidos, no rechazamos a nadie, nada m\u00e1s que tenemos que ir por partes y cuidando a los m\u00e1s vulnerables, para nosotros los adultos mayores son la prioridad. Si hablamos de privilegios, los \u00fanicos privilegios o los \u00fanicos privilegiados ser\u00edan los ni\u00f1os y los adultos mayores\u201d, acot\u00f3.<\/span><\/p>\n<p style=\"text-align: justify;\"><span style=\"color: #000000; font-family: Arial, Helvetica, sans-serif;\">El jefe del Ejecutivo resalt\u00f3 que la decisi\u00f3n de vacunar a las personas mayores de 60 a\u00f1os, seguido del grupo de la d\u00e9cada de 50 a 59 a\u00f1os, tiene como objetivo reducir la mortalidad hasta en un 80 por ciento.<\/span><\/p>\n<p style=\"text-align: justify;\"><span style=\"color: #000000; font-family: Arial, Helvetica, sans-serif;\">Inform\u00f3 que paralelamente contin\u00faa la vacunaci\u00f3n a personal de salud y educativo. En ambos casos dijo que las cifras de personas protegidas sigue en aumento para procurar a toda persona que demanda la vacuna con justicia y en funci\u00f3n del riesgo de exposici\u00f3n al virus SARS-CoV-2.<\/span><\/p>\n<p style=\"text-align: justify;\"><span style=\"color: #000000; font-family: Arial, Helvetica, sans-serif;\">\u201cLa vacuna da much\u00edsima tranquilidad. Se siente la gente mucho muy protegida, para empezar los adultos mayores ya pueden salir, se liberan. No es solo la protecci\u00f3n de la vacuna, es un asunto tambi\u00e9n que tiene que ver con lo emocional\u201d, expres\u00f3 el presidente.<\/span><\/p>\n<p style=\"text-align: justify;\"><span style=\"color: #000000; font-family: Arial, Helvetica, sans-serif;\">Asegur\u00f3 que habr\u00e1 dosis para toda la poblaci\u00f3n porque en M\u00e9xico ya se envasan vacunas de CanSino y pronto de AstraZeneca.<\/span><\/p>\n<p style=\"text-align: justify;\"><span style=\"color: #000000; font-family: Arial, Helvetica, sans-serif;\">La ma\u00f1ana de este viernes atestigu\u00f3 la llegada del vig\u00e9simo s\u00e9ptimo cargamento de Pfizer BioNTech procedente de Bruselas, B\u00e9lgica con 374 mil 400 dosis.<\/span><\/p>\n<p style=\"text-align: justify;\"><span style=\"color: #000000; font-family: Arial, Helvetica, sans-serif;\">De acuerdo con datos de la Secretar\u00eda de Salud, durante esta semana, M\u00e9xico recibi\u00f3 dos millones 10 mil 840 dosis envasadas de dicha farmac\u00e9utica divididas en tres embarques los d\u00edas 28, 29 y 30 de abril.<\/span><\/p>\n<p style=\"text-align: justify;\"><span style=\"color: #000000; font-family: Arial, Helvetica, sans-serif;\">Las recibidas este d\u00eda sumadas a las de anteriores embarques de Pfizer, hacen un total de 10 millones 660 mil 065 dosis.<\/span><\/p>\n<p><iframe loading=\"lazy\" title=\"Contin\u00faa protecci\u00f3n a candidatas y candidatos. Conferencia presidente AMLO\" width=\"640\" height=\"360\" src=\"https:\/\/www.youtube.com\/embed\/8i4optddaBs?start=1149&#038;feature=oembed\" frameborder=\"0\" allow=\"accelerometer; autoplay; clipboard-write; encrypted-media; gyroscope; picture-in-picture; web-share\" referrerpolicy=\"strict-origin-when-cross-origin\" allowfullscreen><\/iframe><\/p>\n","protected":false},"excerpt":{"rendered":"<p>M\u00c9XICO, 30 de abril de 2021.- En la vacunaci\u00f3n contra Covid-19 tenemos que priorizar y&#8230;<\/p>\n","protected":false},"author":2,"featured_media":4161,"comment_status":"open","ping_status":"closed","sticky":false,"template":"","format":"standard","meta":{"footnotes":""},"categories":[25,20,27],"tags":[84,131,473,556,9,778,567,576,474,577],"class_list":["post-4159","post","type-post","status-publish","format-standard","has-post-thumbnail","hentry","category-4t","category-nacionales","category-presidencia","tag-amlo","tag-andres-manuel-lopez-obrador","tag-covid-19","tag-gobierno-de-mexico","tag-mexico","tag-no-influyentismo","tag-pandemia","tag-plan-nacional-de-vacunacion","tag-sars-cov-2","tag-vacunacion"],"yoast_head":"<!-- This site is optimized with the Yoast SEO plugin v27.5 - https:\/\/yoast.com\/product\/yoast-seo-wordpress\/ -->\n<title>Vacunaci\u00f3n contra Covid-19 priorizar\u00e1 a los sectores vulnerables: L\u00f3pez Obrador; estima 50 millones de personas protegidas en julio - NOTICIAS DE LA 4T<\/title>\n<meta name=\"robots\" content=\"noindex, follow, max-snippet:-1, max-image-preview:large, max-video-preview:-1\" \/>\n<meta property=\"og:locale\" content=\"es_MX\" \/>\n<meta property=\"og:type\" content=\"article\" \/>\n<meta property=\"og:title\" content=\"Vacunaci\u00f3n contra Covid-19 priorizar\u00e1 a los sectores vulnerables: L\u00f3pez Obrador; estima 50 millones de personas protegidas en julio - NOTICIAS DE LA 4T\" \/>\n<meta property=\"og:description\" content=\"M\u00c9XICO, 30 de abril de 2021.- En la vacunaci\u00f3n contra Covid-19 tenemos que priorizar y...\" \/>\n<meta property=\"og:url\" content=\"https:\/\/redamlo.com\/index.php\/2021\/04\/30\/vacunacion-contra-covid-19-priorizara-a-los-sectores-vulnerables-lopez-obrador-estima-50-millones-de-personas-protegidas-en-julio\/\" \/>\n<meta property=\"og:site_name\" content=\"NOTICIAS DE LA 4T\" \/>\n<meta property=\"article:published_time\" content=\"2021-04-30T20:00:01+00:00\" \/>\n<meta property=\"og:image\" content=\"https:\/\/redamlo.com\/wp-content\/uploads\/2021\/05\/Vacunacion-contra-Covid-19-priorizara-a-los-sectores-vulnerables-Lopez-Obrador-estima-50-millones-de-personas-protegidas-en-julio.jpg\" \/>\n\t<meta property=\"og:image:width\" content=\"1500\" \/>\n\t<meta property=\"og:image:height\" content=\"801\" \/>\n\t<meta property=\"og:image:type\" content=\"image\/jpeg\" \/>\n<meta name=\"author\" content=\"Blanca\" \/>\n<meta name=\"twitter:card\" content=\"summary_large_image\" \/>\n<meta name=\"twitter:label1\" content=\"Escrito por\" \/>\n\t<meta name=\"twitter:data1\" content=\"Blanca\" \/>\n\t<meta name=\"twitter:label2\" content=\"Tiempo de lectura\" \/>\n\t<meta name=\"twitter:data2\" content=\"2 minutos\" \/>\n<script type=\"application\/ld+json\" class=\"yoast-schema-graph\">{\"@context\":\"https:\\\/\\\/schema.org\",\"@graph\":[{\"@type\":\"Article\",\"@id\":\"https:\\\/\\\/redamlo.com\\\/index.php\\\/2021\\\/04\\\/30\\\/vacunacion-contra-covid-19-priorizara-a-los-sectores-vulnerables-lopez-obrador-estima-50-millones-de-personas-protegidas-en-julio\\\/#article\",\"isPartOf\":{\"@id\":\"https:\\\/\\\/redamlo.com\\\/index.php\\\/2021\\\/04\\\/30\\\/vacunacion-contra-covid-19-priorizara-a-los-sectores-vulnerables-lopez-obrador-estima-50-millones-de-personas-protegidas-en-julio\\\/\"},\"author\":{\"name\":\"Blanca\",\"@id\":\"https:\\\/\\\/redamlo.com\\\/#\\\/schema\\\/person\\\/7223a4375eb8f1a782fcae010a7115cf\"},\"headline\":\"Vacunaci\u00f3n contra Covid-19 priorizar\u00e1 a los sectores vulnerables: L\u00f3pez Obrador; estima 50 millones de personas protegidas en julio\",\"datePublished\":\"2021-04-30T20:00:01+00:00\",\"mainEntityOfPage\":{\"@id\":\"https:\\\/\\\/redamlo.com\\\/index.php\\\/2021\\\/04\\\/30\\\/vacunacion-contra-covid-19-priorizara-a-los-sectores-vulnerables-lopez-obrador-estima-50-millones-de-personas-protegidas-en-julio\\\/\"},\"wordCount\":461,\"commentCount\":0,\"publisher\":{\"@id\":\"https:\\\/\\\/redamlo.com\\\/#organization\"},\"image\":{\"@id\":\"https:\\\/\\\/redamlo.com\\\/index.php\\\/2021\\\/04\\\/30\\\/vacunacion-contra-covid-19-priorizara-a-los-sectores-vulnerables-lopez-obrador-estima-50-millones-de-personas-protegidas-en-julio\\\/#primaryimage\"},\"thumbnailUrl\":\"https:\\\/\\\/redamlo.com\\\/wp-content\\\/uploads\\\/2021\\\/05\\\/Vacunacion-contra-Covid-19-priorizara-a-los-sectores-vulnerables-Lopez-Obrador-estima-50-millones-de-personas-protegidas-en-julio.jpg\",\"keywords\":[\"AMLO\",\"Andr\u00e9s Manuel L\u00f3pez Obrador\",\"COVID-19\",\"Gobierno de M\u00e9xico\",\"M\u00e9xico\",\"no influyentismo\",\"pandemia\",\"Plan Nacional de Vacunaci\u00f3n\",\"SARS-CoV-2\",\"vacunaci\u00f3n\"],\"articleSection\":[\"4T\",\"Nacionales\",\"Presidencia\"],\"inLanguage\":\"es\",\"potentialAction\":[{\"@type\":\"CommentAction\",\"name\":\"Comment\",\"target\":[\"https:\\\/\\\/redamlo.com\\\/index.php\\\/2021\\\/04\\\/30\\\/vacunacion-contra-covid-19-priorizara-a-los-sectores-vulnerables-lopez-obrador-estima-50-millones-de-personas-protegidas-en-julio\\\/#respond\"]}]},{\"@type\":\"WebPage\",\"@id\":\"https:\\\/\\\/redamlo.com\\\/index.php\\\/2021\\\/04\\\/30\\\/vacunacion-contra-covid-19-priorizara-a-los-sectores-vulnerables-lopez-obrador-estima-50-millones-de-personas-protegidas-en-julio\\\/\",\"url\":\"https:\\\/\\\/redamlo.com\\\/index.php\\\/2021\\\/04\\\/30\\\/vacunacion-contra-covid-19-priorizara-a-los-sectores-vulnerables-lopez-obrador-estima-50-millones-de-personas-protegidas-en-julio\\\/\",\"name\":\"Vacunaci\u00f3n contra Covid-19 priorizar\u00e1 a los sectores vulnerables: L\u00f3pez Obrador; estima 50 millones de personas protegidas en julio - NOTICIAS DE LA 4T\",\"isPartOf\":{\"@id\":\"https:\\\/\\\/redamlo.com\\\/#website\"},\"primaryImageOfPage\":{\"@id\":\"https:\\\/\\\/redamlo.com\\\/index.php\\\/2021\\\/04\\\/30\\\/vacunacion-contra-covid-19-priorizara-a-los-sectores-vulnerables-lopez-obrador-estima-50-millones-de-personas-protegidas-en-julio\\\/#primaryimage\"},\"image\":{\"@id\":\"https:\\\/\\\/redamlo.com\\\/index.php\\\/2021\\\/04\\\/30\\\/vacunacion-contra-covid-19-priorizara-a-los-sectores-vulnerables-lopez-obrador-estima-50-millones-de-personas-protegidas-en-julio\\\/#primaryimage\"},\"thumbnailUrl\":\"https:\\\/\\\/redamlo.com\\\/wp-content\\\/uploads\\\/2021\\\/05\\\/Vacunacion-contra-Covid-19-priorizara-a-los-sectores-vulnerables-Lopez-Obrador-estima-50-millones-de-personas-protegidas-en-julio.jpg\",\"datePublished\":\"2021-04-30T20:00:01+00:00\",\"breadcrumb\":{\"@id\":\"https:\\\/\\\/redamlo.com\\\/index.php\\\/2021\\\/04\\\/30\\\/vacunacion-contra-covid-19-priorizara-a-los-sectores-vulnerables-lopez-obrador-estima-50-millones-de-personas-protegidas-en-julio\\\/#breadcrumb\"},\"inLanguage\":\"es\",\"potentialAction\":[{\"@type\":\"ReadAction\",\"target\":[\"https:\\\/\\\/redamlo.com\\\/index.php\\\/2021\\\/04\\\/30\\\/vacunacion-contra-covid-19-priorizara-a-los-sectores-vulnerables-lopez-obrador-estima-50-millones-de-personas-protegidas-en-julio\\\/\"]}]},{\"@type\":\"ImageObject\",\"inLanguage\":\"es\",\"@id\":\"https:\\\/\\\/redamlo.com\\\/index.php\\\/2021\\\/04\\\/30\\\/vacunacion-contra-covid-19-priorizara-a-los-sectores-vulnerables-lopez-obrador-estima-50-millones-de-personas-protegidas-en-julio\\\/#primaryimage\",\"url\":\"https:\\\/\\\/redamlo.com\\\/wp-content\\\/uploads\\\/2021\\\/05\\\/Vacunacion-contra-Covid-19-priorizara-a-los-sectores-vulnerables-Lopez-Obrador-estima-50-millones-de-personas-protegidas-en-julio.jpg\",\"contentUrl\":\"https:\\\/\\\/redamlo.com\\\/wp-content\\\/uploads\\\/2021\\\/05\\\/Vacunacion-contra-Covid-19-priorizara-a-los-sectores-vulnerables-Lopez-Obrador-estima-50-millones-de-personas-protegidas-en-julio.jpg\",\"width\":1500,\"height\":801},{\"@type\":\"BreadcrumbList\",\"@id\":\"https:\\\/\\\/redamlo.com\\\/index.php\\\/2021\\\/04\\\/30\\\/vacunacion-contra-covid-19-priorizara-a-los-sectores-vulnerables-lopez-obrador-estima-50-millones-de-personas-protegidas-en-julio\\\/#breadcrumb\",\"itemListElement\":[{\"@type\":\"ListItem\",\"position\":1,\"name\":\"Inicio\",\"item\":\"https:\\\/\\\/redamlo.com\\\/\"},{\"@type\":\"ListItem\",\"position\":2,\"name\":\"Vacunaci\u00f3n contra Covid-19 priorizar\u00e1 a los sectores vulnerables: L\u00f3pez Obrador; estima 50 millones de personas protegidas en julio\"}]},{\"@type\":\"WebSite\",\"@id\":\"https:\\\/\\\/redamlo.com\\\/#website\",\"url\":\"https:\\\/\\\/redamlo.com\\\/\",\"name\":\"NOTICIAS DE LA 4T\",\"description\":\"\",\"publisher\":{\"@id\":\"https:\\\/\\\/redamlo.com\\\/#organization\"},\"potentialAction\":[{\"@type\":\"SearchAction\",\"target\":{\"@type\":\"EntryPoint\",\"urlTemplate\":\"https:\\\/\\\/redamlo.com\\\/?s={search_term_string}\"},\"query-input\":{\"@type\":\"PropertyValueSpecification\",\"valueRequired\":true,\"valueName\":\"search_term_string\"}}],\"inLanguage\":\"es\"},{\"@type\":\"Organization\",\"@id\":\"https:\\\/\\\/redamlo.com\\\/#organization\",\"name\":\"NOTICIAS DE LA 4T\",\"url\":\"https:\\\/\\\/redamlo.com\\\/\",\"logo\":{\"@type\":\"ImageObject\",\"inLanguage\":\"es\",\"@id\":\"https:\\\/\\\/redamlo.com\\\/#\\\/schema\\\/logo\\\/image\\\/\",\"url\":\"https:\\\/\\\/redamlo.com\\\/wp-content\\\/uploads\\\/2024\\\/08\\\/cropped-RED-AMLO-logo-50.png\",\"contentUrl\":\"https:\\\/\\\/redamlo.com\\\/wp-content\\\/uploads\\\/2024\\\/08\\\/cropped-RED-AMLO-logo-50.png\",\"width\":256,\"height\":256,\"caption\":\"NOTICIAS DE LA 4T\"},\"image\":{\"@id\":\"https:\\\/\\\/redamlo.com\\\/#\\\/schema\\\/logo\\\/image\\\/\"}},{\"@type\":\"Person\",\"@id\":\"https:\\\/\\\/redamlo.com\\\/#\\\/schema\\\/person\\\/7223a4375eb8f1a782fcae010a7115cf\",\"name\":\"Blanca\",\"image\":{\"@type\":\"ImageObject\",\"inLanguage\":\"es\",\"@id\":\"https:\\\/\\\/secure.gravatar.com\\\/avatar\\\/3f79bc8336367a4e6093eae8757acaaf61d1124834b905616de7829b0273426d?s=96&d=mm&r=g\",\"url\":\"https:\\\/\\\/secure.gravatar.com\\\/avatar\\\/3f79bc8336367a4e6093eae8757acaaf61d1124834b905616de7829b0273426d?s=96&d=mm&r=g\",\"contentUrl\":\"https:\\\/\\\/secure.gravatar.com\\\/avatar\\\/3f79bc8336367a4e6093eae8757acaaf61d1124834b905616de7829b0273426d?s=96&d=mm&r=g\",\"caption\":\"Blanca\"},\"url\":\"https:\\\/\\\/redamlo.com\\\/index.php\\\/author\\\/blanca\\\/\"}]}<\/script>\n<!-- \/ Yoast SEO plugin. -->","yoast_head_json":{"title":"Vacunaci\u00f3n contra Covid-19 priorizar\u00e1 a los sectores vulnerables: L\u00f3pez Obrador; estima 50 millones de personas protegidas en julio - NOTICIAS DE LA 4T","robots":{"index":"noindex","follow":"follow","max-snippet":"max-snippet:-1","max-image-preview":"max-image-preview:large","max-video-preview":"max-video-preview:-1"},"og_locale":"es_MX","og_type":"article","og_title":"Vacunaci\u00f3n contra Covid-19 priorizar\u00e1 a los sectores vulnerables: L\u00f3pez Obrador; estima 50 millones de personas protegidas en julio - NOTICIAS DE LA 4T","og_description":"M\u00c9XICO, 30 de abril de 2021.- En la vacunaci\u00f3n contra Covid-19 tenemos que priorizar y...","og_url":"https:\/\/redamlo.com\/index.php\/2021\/04\/30\/vacunacion-contra-covid-19-priorizara-a-los-sectores-vulnerables-lopez-obrador-estima-50-millones-de-personas-protegidas-en-julio\/","og_site_name":"NOTICIAS DE LA 4T","article_published_time":"2021-04-30T20:00:01+00:00","og_image":[{"width":1500,"height":801,"url":"https:\/\/redamlo.com\/wp-content\/uploads\/2021\/05\/Vacunacion-contra-Covid-19-priorizara-a-los-sectores-vulnerables-Lopez-Obrador-estima-50-millones-de-personas-protegidas-en-julio.jpg","type":"image\/jpeg"}],"author":"Blanca","twitter_card":"summary_large_image","twitter_misc":{"Escrito por":"Blanca","Tiempo de lectura":"2 minutos"},"schema":{"@context":"https:\/\/schema.org","@graph":[{"@type":"Article","@id":"https:\/\/redamlo.com\/index.php\/2021\/04\/30\/vacunacion-contra-covid-19-priorizara-a-los-sectores-vulnerables-lopez-obrador-estima-50-millones-de-personas-protegidas-en-julio\/#article","isPartOf":{"@id":"https:\/\/redamlo.com\/index.php\/2021\/04\/30\/vacunacion-contra-covid-19-priorizara-a-los-sectores-vulnerables-lopez-obrador-estima-50-millones-de-personas-protegidas-en-julio\/"},"author":{"name":"Blanca","@id":"https:\/\/redamlo.com\/#\/schema\/person\/7223a4375eb8f1a782fcae010a7115cf"},"headline":"Vacunaci\u00f3n contra Covid-19 priorizar\u00e1 a los sectores vulnerables: L\u00f3pez Obrador; estima 50 millones de personas protegidas en julio","datePublished":"2021-04-30T20:00:01+00:00","mainEntityOfPage":{"@id":"https:\/\/redamlo.com\/index.php\/2021\/04\/30\/vacunacion-contra-covid-19-priorizara-a-los-sectores-vulnerables-lopez-obrador-estima-50-millones-de-personas-protegidas-en-julio\/"},"wordCount":461,"commentCount":0,"publisher":{"@id":"https:\/\/redamlo.com\/#organization"},"image":{"@id":"https:\/\/redamlo.com\/index.php\/2021\/04\/30\/vacunacion-contra-covid-19-priorizara-a-los-sectores-vulnerables-lopez-obrador-estima-50-millones-de-personas-protegidas-en-julio\/#primaryimage"},"thumbnailUrl":"https:\/\/redamlo.com\/wp-content\/uploads\/2021\/05\/Vacunacion-contra-Covid-19-priorizara-a-los-sectores-vulnerables-Lopez-Obrador-estima-50-millones-de-personas-protegidas-en-julio.jpg","keywords":["AMLO","Andr\u00e9s Manuel L\u00f3pez Obrador","COVID-19","Gobierno de M\u00e9xico","M\u00e9xico","no influyentismo","pandemia","Plan Nacional de Vacunaci\u00f3n","SARS-CoV-2","vacunaci\u00f3n"],"articleSection":["4T","Nacionales","Presidencia"],"inLanguage":"es","potentialAction":[{"@type":"CommentAction","name":"Comment","target":["https:\/\/redamlo.com\/index.php\/2021\/04\/30\/vacunacion-contra-covid-19-priorizara-a-los-sectores-vulnerables-lopez-obrador-estima-50-millones-de-personas-protegidas-en-julio\/#respond"]}]},{"@type":"WebPage","@id":"https:\/\/redamlo.com\/index.php\/2021\/04\/30\/vacunacion-contra-covid-19-priorizara-a-los-sectores-vulnerables-lopez-obrador-estima-50-millones-de-personas-protegidas-en-julio\/","url":"https:\/\/redamlo.com\/index.php\/2021\/04\/30\/vacunacion-contra-covid-19-priorizara-a-los-sectores-vulnerables-lopez-obrador-estima-50-millones-de-personas-protegidas-en-julio\/","name":"Vacunaci\u00f3n contra Covid-19 priorizar\u00e1 a los sectores vulnerables: L\u00f3pez Obrador; estima 50 millones de personas protegidas en julio - NOTICIAS DE LA 4T","isPartOf":{"@id":"https:\/\/redamlo.com\/#website"},"primaryImageOfPage":{"@id":"https:\/\/redamlo.com\/index.php\/2021\/04\/30\/vacunacion-contra-covid-19-priorizara-a-los-sectores-vulnerables-lopez-obrador-estima-50-millones-de-personas-protegidas-en-julio\/#primaryimage"},"image":{"@id":"https:\/\/redamlo.com\/index.php\/2021\/04\/30\/vacunacion-contra-covid-19-priorizara-a-los-sectores-vulnerables-lopez-obrador-estima-50-millones-de-personas-protegidas-en-julio\/#primaryimage"},"thumbnailUrl":"https:\/\/redamlo.com\/wp-content\/uploads\/2021\/05\/Vacunacion-contra-Covid-19-priorizara-a-los-sectores-vulnerables-Lopez-Obrador-estima-50-millones-de-personas-protegidas-en-julio.jpg","datePublished":"2021-04-30T20:00:01+00:00","breadcrumb":{"@id":"https:\/\/redamlo.com\/index.php\/2021\/04\/30\/vacunacion-contra-covid-19-priorizara-a-los-sectores-vulnerables-lopez-obrador-estima-50-millones-de-personas-protegidas-en-julio\/#breadcrumb"},"inLanguage":"es","potentialAction":[{"@type":"ReadAction","target":["https:\/\/redamlo.com\/index.php\/2021\/04\/30\/vacunacion-contra-covid-19-priorizara-a-los-sectores-vulnerables-lopez-obrador-estima-50-millones-de-personas-protegidas-en-julio\/"]}]},{"@type":"ImageObject","inLanguage":"es","@id":"https:\/\/redamlo.com\/index.php\/2021\/04\/30\/vacunacion-contra-covid-19-priorizara-a-los-sectores-vulnerables-lopez-obrador-estima-50-millones-de-personas-protegidas-en-julio\/#primaryimage","url":"https:\/\/redamlo.com\/wp-content\/uploads\/2021\/05\/Vacunacion-contra-Covid-19-priorizara-a-los-sectores-vulnerables-Lopez-Obrador-estima-50-millones-de-personas-protegidas-en-julio.jpg","contentUrl":"https:\/\/redamlo.com\/wp-content\/uploads\/2021\/05\/Vacunacion-contra-Covid-19-priorizara-a-los-sectores-vulnerables-Lopez-Obrador-estima-50-millones-de-personas-protegidas-en-julio.jpg","width":1500,"height":801},{"@type":"BreadcrumbList","@id":"https:\/\/redamlo.com\/index.php\/2021\/04\/30\/vacunacion-contra-covid-19-priorizara-a-los-sectores-vulnerables-lopez-obrador-estima-50-millones-de-personas-protegidas-en-julio\/#breadcrumb","itemListElement":[{"@type":"ListItem","position":1,"name":"Inicio","item":"https:\/\/redamlo.com\/"},{"@type":"ListItem","position":2,"name":"Vacunaci\u00f3n contra Covid-19 priorizar\u00e1 a los sectores vulnerables: L\u00f3pez Obrador; estima 50 millones de personas protegidas en julio"}]},{"@type":"WebSite","@id":"https:\/\/redamlo.com\/#website","url":"https:\/\/redamlo.com\/","name":"NOTICIAS DE LA 4T","description":"","publisher":{"@id":"https:\/\/redamlo.com\/#organization"},"potentialAction":[{"@type":"SearchAction","target":{"@type":"EntryPoint","urlTemplate":"https:\/\/redamlo.com\/?s={search_term_string}"},"query-input":{"@type":"PropertyValueSpecification","valueRequired":true,"valueName":"search_term_string"}}],"inLanguage":"es"},{"@type":"Organization","@id":"https:\/\/redamlo.com\/#organization","name":"NOTICIAS DE LA 4T","url":"https:\/\/redamlo.com\/","logo":{"@type":"ImageObject","inLanguage":"es","@id":"https:\/\/redamlo.com\/#\/schema\/logo\/image\/","url":"https:\/\/redamlo.com\/wp-content\/uploads\/2024\/08\/cropped-RED-AMLO-logo-50.png","contentUrl":"https:\/\/redamlo.com\/wp-content\/uploads\/2024\/08\/cropped-RED-AMLO-logo-50.png","width":256,"height":256,"caption":"NOTICIAS DE LA 4T"},"image":{"@id":"https:\/\/redamlo.com\/#\/schema\/logo\/image\/"}},{"@type":"Person","@id":"https:\/\/redamlo.com\/#\/schema\/person\/7223a4375eb8f1a782fcae010a7115cf","name":"Blanca","image":{"@type":"ImageObject","inLanguage":"es","@id":"https:\/\/secure.gravatar.com\/avatar\/3f79bc8336367a4e6093eae8757acaaf61d1124834b905616de7829b0273426d?s=96&d=mm&r=g","url":"https:\/\/secure.gravatar.com\/avatar\/3f79bc8336367a4e6093eae8757acaaf61d1124834b905616de7829b0273426d?s=96&d=mm&r=g","contentUrl":"https:\/\/secure.gravatar.com\/avatar\/3f79bc8336367a4e6093eae8757acaaf61d1124834b905616de7829b0273426d?s=96&d=mm&r=g","caption":"Blanca"},"url":"https:\/\/redamlo.com\/index.php\/author\/blanca\/"}]}},"_links":{"self":[{"href":"https:\/\/redamlo.com\/index.php\/wp-json\/wp\/v2\/posts\/4159","targetHints":{"allow":["GET"]}}],"collection":[{"href":"https:\/\/redamlo.com\/index.php\/wp-json\/wp\/v2\/posts"}],"about":[{"href":"https:\/\/redamlo.com\/index.php\/wp-json\/wp\/v2\/types\/post"}],"author":[{"embeddable":true,"href":"https:\/\/redamlo.com\/index.php\/wp-json\/wp\/v2\/users\/2"}],"replies":[{"embeddable":true,"href":"https:\/\/redamlo.com\/index.php\/wp-json\/wp\/v2\/comments?post=4159"}],"version-history":[{"count":0,"href":"https:\/\/redamlo.com\/index.php\/wp-json\/wp\/v2\/posts\/4159\/revisions"}],"wp:featuredmedia":[{"embeddable":true,"href":"https:\/\/redamlo.com\/index.php\/wp-json\/wp\/v2\/media\/4161"}],"wp:attachment":[{"href":"https:\/\/redamlo.com\/index.php\/wp-json\/wp\/v2\/media?parent=4159"}],"wp:term":[{"taxonomy":"category","embeddable":true,"href":"https:\/\/redamlo.com\/index.php\/wp-json\/wp\/v2\/categories?post=4159"},{"taxonomy":"post_tag","embeddable":true,"href":"https:\/\/redamlo.com\/index.php\/wp-json\/wp\/v2\/tags?post=4159"}],"curies":[{"name":"wp","href":"https:\/\/api.w.org\/{rel}","templated":true}]}}