{"id":4154,"date":"2021-04-30T12:00:23","date_gmt":"2021-04-30T17:00:23","guid":{"rendered":"https:\/\/redamlo.com\/?p=4154"},"modified":"2021-04-30T12:00:23","modified_gmt":"2021-04-30T17:00:23","slug":"presentan-informe-de-proteccion-a-candidatas-y-candidatos-que-el-pueblo-elija-libremente-refrenda-lopez-obrador","status":"publish","type":"post","link":"https:\/\/redamlo.com\/index.php\/2021\/04\/30\/presentan-informe-de-proteccion-a-candidatas-y-candidatos-que-el-pueblo-elija-libremente-refrenda-lopez-obrador\/","title":{"rendered":"Presentan informe de protecci\u00f3n a candidatas y candidatos; &#8220;que el pueblo elija libremente&#8221;, refrenda L\u00f3pez Obrador"},"content":{"rendered":"<p style=\"text-align: justify;\"><span style=\"font-family: Arial, Helvetica, sans-serif; color: #000000;\">M\u00c9XICO, 30 de abril de 2021.- El presidente de M\u00e9xico, Andr\u00e9s Manuel L\u00f3pez Obrador encabez\u00f3 la presentaci\u00f3n de resultados de la estrategia de protecci\u00f3n a candidatas y candidatos para garantizarles libertad y seguridad rumbo a las elecciones del 06 de junio.<\/span><\/p>\n<p style=\"text-align: justify;\"><span style=\"font-family: Arial, Helvetica, sans-serif; color: #000000;\">\u201cQueremos que se termine con esos actos intimidatorios, de agresi\u00f3n y de intervencionismo en asuntos que no les corresponden a los grupos, a las mafias y que son asuntos de los ciudadanos. Es parte de la democracia que el pueblo elija libremente a sus dirigentes y tambi\u00e9n que los candidatos puedan ejercer sus derechos constitucionales\u201d,<\/span><\/p>\n<p style=\"text-align: justify;\"><span style=\"font-family: Arial, Helvetica, sans-serif; color: #000000;\">En conferencia de prensa matutina, la secretaria de Seguridad y Protecci\u00f3n Ciudadana (SSPC), Rosa Icela Rodr\u00edguez, destac\u00f3 que, del 4 de marzo al 30 de abril se han atendido y analizado un total de 234 casos, de los cuales 133 son hombres y 101 mujeres. En 92 de estos eventos se abrieron carpetas de investigaci\u00f3n.<\/span><\/p>\n<p style=\"text-align: justify;\"><span style=\"font-family: Arial, Helvetica, sans-serif; color: #000000;\">Con los gobiernos de los estados se otorgaron medidas de protecci\u00f3n a 65 candidatos; 40 de ellos tienen protecci\u00f3n de polic\u00edas estatales, 17 de la Guardia Nacional y 8 de otras autoridades.<\/span><\/p>\n<p style=\"text-align: justify;\"><span style=\"font-family: Arial, Helvetica, sans-serif; color: #000000;\">De acuerdo con informaci\u00f3n de las Mesas de Construcci\u00f3n de Paz y Seguridad y la Mesa Nacional, en las primeras dos semanas de la implementaci\u00f3n de la estrategia se registraron 69 solicitudes; en la segunda fase, 42 y en los siguientes dos periodos 57 y 66 solicitudes.<\/span><\/p>\n<p style=\"text-align: justify;\"><span style=\"font-family: Arial, Helvetica, sans-serif; color: #000000;\">La titular de la SSPC detall\u00f3 que la violencia pol\u00edtica se concentra en seis entidades: San Luis Potos\u00ed, Tamaulipas, Veracruz, Jalisco, Guerrero y Oaxaca. El 82 por ciento de quienes han solicitado apoyo son candidatos a presidentes municipales, diputaciones locales y ayuntamientos. El 18 por ciento aspira a una diputaci\u00f3n federal o gubernatura.<\/span><\/p>\n<p style=\"text-align: justify;\"><span style=\"font-family: Arial, Helvetica, sans-serif; color: #000000;\">Acompa\u00f1ada de la secretaria de Gobernaci\u00f3n, Olga S\u00e1nchez Cordero, afirm\u00f3 que el gobierno federal en conjunto con otras instituciones y gobiernos estatales y locales, trabaja por la seguridad de las y los candidatos.<\/span><\/p>\n<p style=\"text-align: justify;\"><span style=\"font-family: Arial, Helvetica, sans-serif; color: #000000;\">\u201cTenemos la instrucci\u00f3n del se\u00f1or presidente de M\u00e9xico de proteger a quienes se encuentren amenazados por el crimen organizado o por el crimen de cuello blanco sean del partido que sean; y a los aspirantes les decimos que no est\u00e1n solos\u201d, enfatiz\u00f3.<\/span><\/p>\n<p style=\"text-align: justify;\"><span style=\"font-family: Arial, Helvetica, sans-serif; color: #000000;\">Reiter\u00f3 el llamado a denunciar y llamar al 911 en caso de necesitar protecci\u00f3n \u201cporque el crimen organizado ni de cuello blanco doblegar\u00e1n la democracia de ninguna manera. (\u2026) La apuesta es a que quien decida sea el pueblo\u201d.<\/span><\/p>\n<p><iframe loading=\"lazy\" title=\"Contin\u00faa protecci\u00f3n a candidatas y candidatos. Conferencia presidente AMLO\" width=\"640\" height=\"360\" src=\"https:\/\/www.youtube.com\/embed\/8i4optddaBs?start=1149&#038;feature=oembed\" frameborder=\"0\" allow=\"accelerometer; autoplay; clipboard-write; encrypted-media; gyroscope; picture-in-picture; web-share\" referrerpolicy=\"strict-origin-when-cross-origin\" allowfullscreen><\/iframe><\/p>\n","protected":false},"excerpt":{"rendered":"<p>M\u00c9XICO, 30 de abril de 2021.- El presidente de M\u00e9xico, Andr\u00e9s Manuel L\u00f3pez Obrador encabez\u00f3&#8230;<\/p>\n","protected":false},"author":2,"featured_media":4157,"comment_status":"open","ping_status":"closed","sticky":false,"template":"","format":"standard","meta":{"footnotes":""},"categories":[25,20,27],"tags":[775,84,131,447,678,556,776,9,777,51,680],"class_list":["post-4154","post","type-post","status-publish","format-standard","has-post-thumbnail","hentry","category-4t","category-nacionales","category-presidencia","tag-actos-intimidatorios","tag-amlo","tag-andres-manuel-lopez-obrador","tag-elecciones","tag-estrategia","tag-gobierno-de-mexico","tag-libertad","tag-mexico","tag-proteccion-a-candidatos","tag-seguridad","tag-sspc"],"yoast_head":"<!-- This site is optimized with the Yoast SEO plugin v27.5 - https:\/\/yoast.com\/product\/yoast-seo-wordpress\/ -->\n<title>Presentan informe de protecci\u00f3n a candidatas y candidatos; &quot;que el pueblo elija libremente&quot;, refrenda L\u00f3pez Obrador - NOTICIAS DE LA 4T<\/title>\n<meta name=\"robots\" content=\"noindex, follow, max-snippet:-1, max-image-preview:large, max-video-preview:-1\" \/>\n<meta property=\"og:locale\" content=\"es_MX\" \/>\n<meta property=\"og:type\" content=\"article\" \/>\n<meta property=\"og:title\" content=\"Presentan informe de protecci\u00f3n a candidatas y candidatos; &quot;que el pueblo elija libremente&quot;, refrenda L\u00f3pez Obrador - NOTICIAS DE LA 4T\" \/>\n<meta property=\"og:description\" content=\"M\u00c9XICO, 30 de abril de 2021.- El presidente de M\u00e9xico, Andr\u00e9s Manuel L\u00f3pez Obrador encabez\u00f3...\" \/>\n<meta property=\"og:url\" content=\"https:\/\/redamlo.com\/index.php\/2021\/04\/30\/presentan-informe-de-proteccion-a-candidatas-y-candidatos-que-el-pueblo-elija-libremente-refrenda-lopez-obrador\/\" \/>\n<meta property=\"og:site_name\" content=\"NOTICIAS DE LA 4T\" \/>\n<meta property=\"article:published_time\" content=\"2021-04-30T17:00:23+00:00\" \/>\n<meta property=\"og:image\" content=\"https:\/\/redamlo.com\/wp-content\/uploads\/2021\/04\/Presentan-informe-de-proteccion-a-candidatas-y-candidatos-que-el-pueblo-elija-libremente-refrenda-Lopez-Obrador.jpg\" \/>\n\t<meta property=\"og:image:width\" content=\"1024\" \/>\n\t<meta property=\"og:image:height\" content=\"539\" \/>\n\t<meta property=\"og:image:type\" content=\"image\/jpeg\" \/>\n<meta name=\"author\" content=\"Blanca\" \/>\n<meta name=\"twitter:card\" content=\"summary_large_image\" \/>\n<meta name=\"twitter:label1\" content=\"Escrito por\" \/>\n\t<meta name=\"twitter:data1\" content=\"Blanca\" \/>\n\t<meta name=\"twitter:label2\" content=\"Tiempo de lectura\" \/>\n\t<meta name=\"twitter:data2\" content=\"2 minutos\" \/>\n<script type=\"application\/ld+json\" class=\"yoast-schema-graph\">{\"@context\":\"https:\\\/\\\/schema.org\",\"@graph\":[{\"@type\":\"Article\",\"@id\":\"https:\\\/\\\/redamlo.com\\\/index.php\\\/2021\\\/04\\\/30\\\/presentan-informe-de-proteccion-a-candidatas-y-candidatos-que-el-pueblo-elija-libremente-refrenda-lopez-obrador\\\/#article\",\"isPartOf\":{\"@id\":\"https:\\\/\\\/redamlo.com\\\/index.php\\\/2021\\\/04\\\/30\\\/presentan-informe-de-proteccion-a-candidatas-y-candidatos-que-el-pueblo-elija-libremente-refrenda-lopez-obrador\\\/\"},\"author\":{\"name\":\"Blanca\",\"@id\":\"https:\\\/\\\/redamlo.com\\\/#\\\/schema\\\/person\\\/7223a4375eb8f1a782fcae010a7115cf\"},\"headline\":\"Presentan informe de protecci\u00f3n a candidatas y candidatos; &#8220;que el pueblo elija libremente&#8221;, refrenda L\u00f3pez Obrador\",\"datePublished\":\"2021-04-30T17:00:23+00:00\",\"mainEntityOfPage\":{\"@id\":\"https:\\\/\\\/redamlo.com\\\/index.php\\\/2021\\\/04\\\/30\\\/presentan-informe-de-proteccion-a-candidatas-y-candidatos-que-el-pueblo-elija-libremente-refrenda-lopez-obrador\\\/\"},\"wordCount\":438,\"commentCount\":0,\"publisher\":{\"@id\":\"https:\\\/\\\/redamlo.com\\\/#organization\"},\"image\":{\"@id\":\"https:\\\/\\\/redamlo.com\\\/index.php\\\/2021\\\/04\\\/30\\\/presentan-informe-de-proteccion-a-candidatas-y-candidatos-que-el-pueblo-elija-libremente-refrenda-lopez-obrador\\\/#primaryimage\"},\"thumbnailUrl\":\"https:\\\/\\\/redamlo.com\\\/wp-content\\\/uploads\\\/2021\\\/04\\\/Presentan-informe-de-proteccion-a-candidatas-y-candidatos-que-el-pueblo-elija-libremente-refrenda-Lopez-Obrador.jpg\",\"keywords\":[\"actos intimidatorios\",\"AMLO\",\"Andr\u00e9s Manuel L\u00f3pez Obrador\",\"Elecciones\",\"estrategia\",\"Gobierno de M\u00e9xico\",\"libertad\",\"M\u00e9xico\",\"protecci\u00f3n a candidatos\",\"seguridad\",\"SSPC\"],\"articleSection\":[\"4T\",\"Nacionales\",\"Presidencia\"],\"inLanguage\":\"es\",\"potentialAction\":[{\"@type\":\"CommentAction\",\"name\":\"Comment\",\"target\":[\"https:\\\/\\\/redamlo.com\\\/index.php\\\/2021\\\/04\\\/30\\\/presentan-informe-de-proteccion-a-candidatas-y-candidatos-que-el-pueblo-elija-libremente-refrenda-lopez-obrador\\\/#respond\"]}]},{\"@type\":\"WebPage\",\"@id\":\"https:\\\/\\\/redamlo.com\\\/index.php\\\/2021\\\/04\\\/30\\\/presentan-informe-de-proteccion-a-candidatas-y-candidatos-que-el-pueblo-elija-libremente-refrenda-lopez-obrador\\\/\",\"url\":\"https:\\\/\\\/redamlo.com\\\/index.php\\\/2021\\\/04\\\/30\\\/presentan-informe-de-proteccion-a-candidatas-y-candidatos-que-el-pueblo-elija-libremente-refrenda-lopez-obrador\\\/\",\"name\":\"Presentan informe de protecci\u00f3n a candidatas y candidatos; \\\"que el pueblo elija libremente\\\", refrenda L\u00f3pez Obrador - NOTICIAS DE LA 4T\",\"isPartOf\":{\"@id\":\"https:\\\/\\\/redamlo.com\\\/#website\"},\"primaryImageOfPage\":{\"@id\":\"https:\\\/\\\/redamlo.com\\\/index.php\\\/2021\\\/04\\\/30\\\/presentan-informe-de-proteccion-a-candidatas-y-candidatos-que-el-pueblo-elija-libremente-refrenda-lopez-obrador\\\/#primaryimage\"},\"image\":{\"@id\":\"https:\\\/\\\/redamlo.com\\\/index.php\\\/2021\\\/04\\\/30\\\/presentan-informe-de-proteccion-a-candidatas-y-candidatos-que-el-pueblo-elija-libremente-refrenda-lopez-obrador\\\/#primaryimage\"},\"thumbnailUrl\":\"https:\\\/\\\/redamlo.com\\\/wp-content\\\/uploads\\\/2021\\\/04\\\/Presentan-informe-de-proteccion-a-candidatas-y-candidatos-que-el-pueblo-elija-libremente-refrenda-Lopez-Obrador.jpg\",\"datePublished\":\"2021-04-30T17:00:23+00:00\",\"breadcrumb\":{\"@id\":\"https:\\\/\\\/redamlo.com\\\/index.php\\\/2021\\\/04\\\/30\\\/presentan-informe-de-proteccion-a-candidatas-y-candidatos-que-el-pueblo-elija-libremente-refrenda-lopez-obrador\\\/#breadcrumb\"},\"inLanguage\":\"es\",\"potentialAction\":[{\"@type\":\"ReadAction\",\"target\":[\"https:\\\/\\\/redamlo.com\\\/index.php\\\/2021\\\/04\\\/30\\\/presentan-informe-de-proteccion-a-candidatas-y-candidatos-que-el-pueblo-elija-libremente-refrenda-lopez-obrador\\\/\"]}]},{\"@type\":\"ImageObject\",\"inLanguage\":\"es\",\"@id\":\"https:\\\/\\\/redamlo.com\\\/index.php\\\/2021\\\/04\\\/30\\\/presentan-informe-de-proteccion-a-candidatas-y-candidatos-que-el-pueblo-elija-libremente-refrenda-lopez-obrador\\\/#primaryimage\",\"url\":\"https:\\\/\\\/redamlo.com\\\/wp-content\\\/uploads\\\/2021\\\/04\\\/Presentan-informe-de-proteccion-a-candidatas-y-candidatos-que-el-pueblo-elija-libremente-refrenda-Lopez-Obrador.jpg\",\"contentUrl\":\"https:\\\/\\\/redamlo.com\\\/wp-content\\\/uploads\\\/2021\\\/04\\\/Presentan-informe-de-proteccion-a-candidatas-y-candidatos-que-el-pueblo-elija-libremente-refrenda-Lopez-Obrador.jpg\",\"width\":1024,\"height\":539},{\"@type\":\"BreadcrumbList\",\"@id\":\"https:\\\/\\\/redamlo.com\\\/index.php\\\/2021\\\/04\\\/30\\\/presentan-informe-de-proteccion-a-candidatas-y-candidatos-que-el-pueblo-elija-libremente-refrenda-lopez-obrador\\\/#breadcrumb\",\"itemListElement\":[{\"@type\":\"ListItem\",\"position\":1,\"name\":\"Inicio\",\"item\":\"https:\\\/\\\/redamlo.com\\\/\"},{\"@type\":\"ListItem\",\"position\":2,\"name\":\"Presentan informe de protecci\u00f3n a candidatas y candidatos; &#8220;que el pueblo elija libremente&#8221;, refrenda L\u00f3pez Obrador\"}]},{\"@type\":\"WebSite\",\"@id\":\"https:\\\/\\\/redamlo.com\\\/#website\",\"url\":\"https:\\\/\\\/redamlo.com\\\/\",\"name\":\"NOTICIAS DE LA 4T\",\"description\":\"\",\"publisher\":{\"@id\":\"https:\\\/\\\/redamlo.com\\\/#organization\"},\"potentialAction\":[{\"@type\":\"SearchAction\",\"target\":{\"@type\":\"EntryPoint\",\"urlTemplate\":\"https:\\\/\\\/redamlo.com\\\/?s={search_term_string}\"},\"query-input\":{\"@type\":\"PropertyValueSpecification\",\"valueRequired\":true,\"valueName\":\"search_term_string\"}}],\"inLanguage\":\"es\"},{\"@type\":\"Organization\",\"@id\":\"https:\\\/\\\/redamlo.com\\\/#organization\",\"name\":\"NOTICIAS DE LA 4T\",\"url\":\"https:\\\/\\\/redamlo.com\\\/\",\"logo\":{\"@type\":\"ImageObject\",\"inLanguage\":\"es\",\"@id\":\"https:\\\/\\\/redamlo.com\\\/#\\\/schema\\\/logo\\\/image\\\/\",\"url\":\"https:\\\/\\\/redamlo.com\\\/wp-content\\\/uploads\\\/2024\\\/08\\\/cropped-RED-AMLO-logo-50.png\",\"contentUrl\":\"https:\\\/\\\/redamlo.com\\\/wp-content\\\/uploads\\\/2024\\\/08\\\/cropped-RED-AMLO-logo-50.png\",\"width\":256,\"height\":256,\"caption\":\"NOTICIAS DE LA 4T\"},\"image\":{\"@id\":\"https:\\\/\\\/redamlo.com\\\/#\\\/schema\\\/logo\\\/image\\\/\"}},{\"@type\":\"Person\",\"@id\":\"https:\\\/\\\/redamlo.com\\\/#\\\/schema\\\/person\\\/7223a4375eb8f1a782fcae010a7115cf\",\"name\":\"Blanca\",\"image\":{\"@type\":\"ImageObject\",\"inLanguage\":\"es\",\"@id\":\"https:\\\/\\\/secure.gravatar.com\\\/avatar\\\/3f79bc8336367a4e6093eae8757acaaf61d1124834b905616de7829b0273426d?s=96&d=mm&r=g\",\"url\":\"https:\\\/\\\/secure.gravatar.com\\\/avatar\\\/3f79bc8336367a4e6093eae8757acaaf61d1124834b905616de7829b0273426d?s=96&d=mm&r=g\",\"contentUrl\":\"https:\\\/\\\/secure.gravatar.com\\\/avatar\\\/3f79bc8336367a4e6093eae8757acaaf61d1124834b905616de7829b0273426d?s=96&d=mm&r=g\",\"caption\":\"Blanca\"},\"url\":\"https:\\\/\\\/redamlo.com\\\/index.php\\\/author\\\/blanca\\\/\"}]}<\/script>\n<!-- \/ Yoast SEO plugin. -->","yoast_head_json":{"title":"Presentan informe de protecci\u00f3n a candidatas y candidatos; \"que el pueblo elija libremente\", refrenda L\u00f3pez Obrador - NOTICIAS DE LA 4T","robots":{"index":"noindex","follow":"follow","max-snippet":"max-snippet:-1","max-image-preview":"max-image-preview:large","max-video-preview":"max-video-preview:-1"},"og_locale":"es_MX","og_type":"article","og_title":"Presentan informe de protecci\u00f3n a candidatas y candidatos; \"que el pueblo elija libremente\", refrenda L\u00f3pez Obrador - NOTICIAS DE LA 4T","og_description":"M\u00c9XICO, 30 de abril de 2021.- El presidente de M\u00e9xico, Andr\u00e9s Manuel L\u00f3pez Obrador encabez\u00f3...","og_url":"https:\/\/redamlo.com\/index.php\/2021\/04\/30\/presentan-informe-de-proteccion-a-candidatas-y-candidatos-que-el-pueblo-elija-libremente-refrenda-lopez-obrador\/","og_site_name":"NOTICIAS DE LA 4T","article_published_time":"2021-04-30T17:00:23+00:00","og_image":[{"width":1024,"height":539,"url":"https:\/\/redamlo.com\/wp-content\/uploads\/2021\/04\/Presentan-informe-de-proteccion-a-candidatas-y-candidatos-que-el-pueblo-elija-libremente-refrenda-Lopez-Obrador.jpg","type":"image\/jpeg"}],"author":"Blanca","twitter_card":"summary_large_image","twitter_misc":{"Escrito por":"Blanca","Tiempo de lectura":"2 minutos"},"schema":{"@context":"https:\/\/schema.org","@graph":[{"@type":"Article","@id":"https:\/\/redamlo.com\/index.php\/2021\/04\/30\/presentan-informe-de-proteccion-a-candidatas-y-candidatos-que-el-pueblo-elija-libremente-refrenda-lopez-obrador\/#article","isPartOf":{"@id":"https:\/\/redamlo.com\/index.php\/2021\/04\/30\/presentan-informe-de-proteccion-a-candidatas-y-candidatos-que-el-pueblo-elija-libremente-refrenda-lopez-obrador\/"},"author":{"name":"Blanca","@id":"https:\/\/redamlo.com\/#\/schema\/person\/7223a4375eb8f1a782fcae010a7115cf"},"headline":"Presentan informe de protecci\u00f3n a candidatas y candidatos; &#8220;que el pueblo elija libremente&#8221;, refrenda L\u00f3pez Obrador","datePublished":"2021-04-30T17:00:23+00:00","mainEntityOfPage":{"@id":"https:\/\/redamlo.com\/index.php\/2021\/04\/30\/presentan-informe-de-proteccion-a-candidatas-y-candidatos-que-el-pueblo-elija-libremente-refrenda-lopez-obrador\/"},"wordCount":438,"commentCount":0,"publisher":{"@id":"https:\/\/redamlo.com\/#organization"},"image":{"@id":"https:\/\/redamlo.com\/index.php\/2021\/04\/30\/presentan-informe-de-proteccion-a-candidatas-y-candidatos-que-el-pueblo-elija-libremente-refrenda-lopez-obrador\/#primaryimage"},"thumbnailUrl":"https:\/\/redamlo.com\/wp-content\/uploads\/2021\/04\/Presentan-informe-de-proteccion-a-candidatas-y-candidatos-que-el-pueblo-elija-libremente-refrenda-Lopez-Obrador.jpg","keywords":["actos intimidatorios","AMLO","Andr\u00e9s Manuel L\u00f3pez Obrador","Elecciones","estrategia","Gobierno de M\u00e9xico","libertad","M\u00e9xico","protecci\u00f3n a candidatos","seguridad","SSPC"],"articleSection":["4T","Nacionales","Presidencia"],"inLanguage":"es","potentialAction":[{"@type":"CommentAction","name":"Comment","target":["https:\/\/redamlo.com\/index.php\/2021\/04\/30\/presentan-informe-de-proteccion-a-candidatas-y-candidatos-que-el-pueblo-elija-libremente-refrenda-lopez-obrador\/#respond"]}]},{"@type":"WebPage","@id":"https:\/\/redamlo.com\/index.php\/2021\/04\/30\/presentan-informe-de-proteccion-a-candidatas-y-candidatos-que-el-pueblo-elija-libremente-refrenda-lopez-obrador\/","url":"https:\/\/redamlo.com\/index.php\/2021\/04\/30\/presentan-informe-de-proteccion-a-candidatas-y-candidatos-que-el-pueblo-elija-libremente-refrenda-lopez-obrador\/","name":"Presentan informe de protecci\u00f3n a candidatas y candidatos; \"que el pueblo elija libremente\", refrenda L\u00f3pez Obrador - NOTICIAS DE LA 4T","isPartOf":{"@id":"https:\/\/redamlo.com\/#website"},"primaryImageOfPage":{"@id":"https:\/\/redamlo.com\/index.php\/2021\/04\/30\/presentan-informe-de-proteccion-a-candidatas-y-candidatos-que-el-pueblo-elija-libremente-refrenda-lopez-obrador\/#primaryimage"},"image":{"@id":"https:\/\/redamlo.com\/index.php\/2021\/04\/30\/presentan-informe-de-proteccion-a-candidatas-y-candidatos-que-el-pueblo-elija-libremente-refrenda-lopez-obrador\/#primaryimage"},"thumbnailUrl":"https:\/\/redamlo.com\/wp-content\/uploads\/2021\/04\/Presentan-informe-de-proteccion-a-candidatas-y-candidatos-que-el-pueblo-elija-libremente-refrenda-Lopez-Obrador.jpg","datePublished":"2021-04-30T17:00:23+00:00","breadcrumb":{"@id":"https:\/\/redamlo.com\/index.php\/2021\/04\/30\/presentan-informe-de-proteccion-a-candidatas-y-candidatos-que-el-pueblo-elija-libremente-refrenda-lopez-obrador\/#breadcrumb"},"inLanguage":"es","potentialAction":[{"@type":"ReadAction","target":["https:\/\/redamlo.com\/index.php\/2021\/04\/30\/presentan-informe-de-proteccion-a-candidatas-y-candidatos-que-el-pueblo-elija-libremente-refrenda-lopez-obrador\/"]}]},{"@type":"ImageObject","inLanguage":"es","@id":"https:\/\/redamlo.com\/index.php\/2021\/04\/30\/presentan-informe-de-proteccion-a-candidatas-y-candidatos-que-el-pueblo-elija-libremente-refrenda-lopez-obrador\/#primaryimage","url":"https:\/\/redamlo.com\/wp-content\/uploads\/2021\/04\/Presentan-informe-de-proteccion-a-candidatas-y-candidatos-que-el-pueblo-elija-libremente-refrenda-Lopez-Obrador.jpg","contentUrl":"https:\/\/redamlo.com\/wp-content\/uploads\/2021\/04\/Presentan-informe-de-proteccion-a-candidatas-y-candidatos-que-el-pueblo-elija-libremente-refrenda-Lopez-Obrador.jpg","width":1024,"height":539},{"@type":"BreadcrumbList","@id":"https:\/\/redamlo.com\/index.php\/2021\/04\/30\/presentan-informe-de-proteccion-a-candidatas-y-candidatos-que-el-pueblo-elija-libremente-refrenda-lopez-obrador\/#breadcrumb","itemListElement":[{"@type":"ListItem","position":1,"name":"Inicio","item":"https:\/\/redamlo.com\/"},{"@type":"ListItem","position":2,"name":"Presentan informe de protecci\u00f3n a candidatas y candidatos; &#8220;que el pueblo elija libremente&#8221;, refrenda L\u00f3pez Obrador"}]},{"@type":"WebSite","@id":"https:\/\/redamlo.com\/#website","url":"https:\/\/redamlo.com\/","name":"NOTICIAS DE LA 4T","description":"","publisher":{"@id":"https:\/\/redamlo.com\/#organization"},"potentialAction":[{"@type":"SearchAction","target":{"@type":"EntryPoint","urlTemplate":"https:\/\/redamlo.com\/?s={search_term_string}"},"query-input":{"@type":"PropertyValueSpecification","valueRequired":true,"valueName":"search_term_string"}}],"inLanguage":"es"},{"@type":"Organization","@id":"https:\/\/redamlo.com\/#organization","name":"NOTICIAS DE LA 4T","url":"https:\/\/redamlo.com\/","logo":{"@type":"ImageObject","inLanguage":"es","@id":"https:\/\/redamlo.com\/#\/schema\/logo\/image\/","url":"https:\/\/redamlo.com\/wp-content\/uploads\/2024\/08\/cropped-RED-AMLO-logo-50.png","contentUrl":"https:\/\/redamlo.com\/wp-content\/uploads\/2024\/08\/cropped-RED-AMLO-logo-50.png","width":256,"height":256,"caption":"NOTICIAS DE LA 4T"},"image":{"@id":"https:\/\/redamlo.com\/#\/schema\/logo\/image\/"}},{"@type":"Person","@id":"https:\/\/redamlo.com\/#\/schema\/person\/7223a4375eb8f1a782fcae010a7115cf","name":"Blanca","image":{"@type":"ImageObject","inLanguage":"es","@id":"https:\/\/secure.gravatar.com\/avatar\/3f79bc8336367a4e6093eae8757acaaf61d1124834b905616de7829b0273426d?s=96&d=mm&r=g","url":"https:\/\/secure.gravatar.com\/avatar\/3f79bc8336367a4e6093eae8757acaaf61d1124834b905616de7829b0273426d?s=96&d=mm&r=g","contentUrl":"https:\/\/secure.gravatar.com\/avatar\/3f79bc8336367a4e6093eae8757acaaf61d1124834b905616de7829b0273426d?s=96&d=mm&r=g","caption":"Blanca"},"url":"https:\/\/redamlo.com\/index.php\/author\/blanca\/"}]}},"_links":{"self":[{"href":"https:\/\/redamlo.com\/index.php\/wp-json\/wp\/v2\/posts\/4154","targetHints":{"allow":["GET"]}}],"collection":[{"href":"https:\/\/redamlo.com\/index.php\/wp-json\/wp\/v2\/posts"}],"about":[{"href":"https:\/\/redamlo.com\/index.php\/wp-json\/wp\/v2\/types\/post"}],"author":[{"embeddable":true,"href":"https:\/\/redamlo.com\/index.php\/wp-json\/wp\/v2\/users\/2"}],"replies":[{"embeddable":true,"href":"https:\/\/redamlo.com\/index.php\/wp-json\/wp\/v2\/comments?post=4154"}],"version-history":[{"count":0,"href":"https:\/\/redamlo.com\/index.php\/wp-json\/wp\/v2\/posts\/4154\/revisions"}],"wp:featuredmedia":[{"embeddable":true,"href":"https:\/\/redamlo.com\/index.php\/wp-json\/wp\/v2\/media\/4157"}],"wp:attachment":[{"href":"https:\/\/redamlo.com\/index.php\/wp-json\/wp\/v2\/media?parent=4154"}],"wp:term":[{"taxonomy":"category","embeddable":true,"href":"https:\/\/redamlo.com\/index.php\/wp-json\/wp\/v2\/categories?post=4154"},{"taxonomy":"post_tag","embeddable":true,"href":"https:\/\/redamlo.com\/index.php\/wp-json\/wp\/v2\/tags?post=4154"}],"curies":[{"name":"wp","href":"https:\/\/api.w.org\/{rel}","templated":true}]}}