{"id":4113,"date":"2021-04-26T12:00:15","date_gmt":"2021-04-26T17:00:15","guid":{"rendered":"https:\/\/redamlo.com\/?p=4113"},"modified":"2021-04-26T12:00:15","modified_gmt":"2021-04-26T17:00:15","slug":"vacunacion-a-personas-adultas-mayores-de-todo-el-pais-esta-por-completarse-destaca-lopez-obrador","status":"publish","type":"post","link":"https:\/\/redamlo.com\/index.php\/2021\/04\/26\/vacunacion-a-personas-adultas-mayores-de-todo-el-pais-esta-por-completarse-destaca-lopez-obrador\/","title":{"rendered":"Vacunaci\u00f3n a personas adultas mayores de todo el pa\u00eds est\u00e1 por completarse, destaca L\u00f3pez Obrador"},"content":{"rendered":"<p style=\"text-align: justify;\"><span style=\"font-family: Arial, Helvetica, sans-serif; color: #000000;\">M\u00c9XICO, 26 de abril de 2021.- Estamos cumpliendo el compromiso de vacunar en este mes a todos los adultos mayores de 60 a\u00f1os en adelante, asegur\u00f3 el presidente de M\u00e9xico, Andr\u00e9s Manuel L\u00f3pez Obrador.<\/span><\/p>\n<p style=\"text-align: justify;\"><span style=\"font-family: Arial, Helvetica, sans-serif; color: #000000;\">En conferencia de prensa matutina adelant\u00f3 que el pr\u00f3ximo martes, en el Pulso de la Salud, dar\u00e1 a conocer el n\u00famero de municipios atendidos por las Brigadas Correcaminos que participan en la implementaci\u00f3n del Plan Nacional de Vacunaci\u00f3n contra Covid-19.<\/span><\/p>\n<p style=\"text-align: justify;\"><span style=\"font-family: Arial, Helvetica, sans-serif; color: #000000;\">\u201cYa para ma\u00f1ana vamos a estar casi al cien, se los adelanto, en vacunaci\u00f3n para adultos mayores. Tengo tambi\u00e9n el informe, ma\u00f1ana se va a detallar, de que avanzamos en la vacunaci\u00f3n de maestras y maestros\u201d, subray\u00f3.<\/span><\/p>\n<p style=\"text-align: justify;\"><span style=\"font-family: Arial, Helvetica, sans-serif; color: #000000;\">El mandatario destac\u00f3 el avance de la aplicaci\u00f3n de dosis a personal educativo de Nayarit y Veracruz.<\/span><\/p>\n<p style=\"text-align: justify;\"><span style=\"font-family: Arial, Helvetica, sans-serif; color: #000000;\">\u201cSe va a continuar vacunando a maestras y maestros, a trabajadores de la educaci\u00f3n para que podamos reiniciar las clases presenciales, desde luego en com\u00fan acuerdo padres de familia, maestras, maestros, autoridades. Nada por la fuerza, tiene que haber un acuerdo, tiene que ser voluntario, para que de nuevo se reinicien las clases\u201d, enfatiz\u00f3.<\/span><\/p>\n<p style=\"text-align: justify;\"><span style=\"font-family: Arial, Helvetica, sans-serif; color: #000000;\">Record\u00f3 que se vacuna a trabajadoras y trabajadores de la salud y de la educaci\u00f3n tanto del sector p\u00fablico como privado. En el caso del personal que labora en hospitales Covid, las dosis se priorizan entre quienes prestan sus servicios en la primera y segunda l\u00ednea de atenci\u00f3n por el riesgo de exposici\u00f3n al virus SARS-CoV-2.<\/span><\/p>\n<p><iframe loading=\"lazy\" title=\"Vacunaci\u00f3n a todos los adultos mayores est\u00e1 por lograrse. Conferencia presidente AMLO\" width=\"640\" height=\"360\" src=\"https:\/\/www.youtube.com\/embed\/PFXNIVFhSXU?start=807&#038;feature=oembed\" frameborder=\"0\" allow=\"accelerometer; autoplay; clipboard-write; encrypted-media; gyroscope; picture-in-picture; web-share\" referrerpolicy=\"strict-origin-when-cross-origin\" allowfullscreen><\/iframe><\/p>\n","protected":false},"excerpt":{"rendered":"<p>M\u00c9XICO, 26 de abril de 2021.- Estamos cumpliendo el compromiso de vacunar en este mes&#8230;<\/p>\n","protected":false},"author":2,"featured_media":4116,"comment_status":"open","ping_status":"closed","sticky":false,"template":"","format":"standard","meta":{"footnotes":""},"categories":[25,20,27],"tags":[539,84,131,754,473,556,9,567,576,577],"class_list":["post-4113","post","type-post","status-publish","format-standard","has-post-thumbnail","hentry","category-4t","category-nacionales","category-presidencia","tag-adultos-mayores","tag-amlo","tag-andres-manuel-lopez-obrador","tag-brigadas-correcaminos","tag-covid-19","tag-gobierno-de-mexico","tag-mexico","tag-pandemia","tag-plan-nacional-de-vacunacion","tag-vacunacion"],"yoast_head":"<!-- This site is optimized with the Yoast SEO plugin v27.5 - https:\/\/yoast.com\/product\/yoast-seo-wordpress\/ -->\n<title>Vacunaci\u00f3n a personas adultas mayores de todo el pa\u00eds est\u00e1 por completarse, destaca L\u00f3pez Obrador - NOTICIAS DE LA 4T<\/title>\n<meta name=\"robots\" content=\"noindex, follow, max-snippet:-1, max-image-preview:large, max-video-preview:-1\" \/>\n<meta property=\"og:locale\" content=\"es_MX\" \/>\n<meta property=\"og:type\" content=\"article\" \/>\n<meta property=\"og:title\" content=\"Vacunaci\u00f3n a personas adultas mayores de todo el pa\u00eds est\u00e1 por completarse, destaca L\u00f3pez Obrador - NOTICIAS DE LA 4T\" \/>\n<meta property=\"og:description\" content=\"M\u00c9XICO, 26 de abril de 2021.- Estamos cumpliendo el compromiso de vacunar en este mes...\" \/>\n<meta property=\"og:url\" content=\"https:\/\/redamlo.com\/index.php\/2021\/04\/26\/vacunacion-a-personas-adultas-mayores-de-todo-el-pais-esta-por-completarse-destaca-lopez-obrador\/\" \/>\n<meta property=\"og:site_name\" content=\"NOTICIAS DE LA 4T\" \/>\n<meta property=\"article:published_time\" content=\"2021-04-26T17:00:15+00:00\" \/>\n<meta property=\"og:image\" content=\"https:\/\/redamlo.com\/wp-content\/uploads\/2021\/04\/Vacunacion-a-personas-adultas-mayores-de-todo-el-pais-esta-por-completarse-destaca-Lopez-Obrador.jpg\" \/>\n\t<meta property=\"og:image:width\" content=\"1723\" \/>\n\t<meta property=\"og:image:height\" content=\"1000\" \/>\n\t<meta property=\"og:image:type\" content=\"image\/jpeg\" \/>\n<meta name=\"author\" content=\"Blanca\" \/>\n<meta name=\"twitter:card\" content=\"summary_large_image\" \/>\n<meta name=\"twitter:label1\" content=\"Escrito por\" \/>\n\t<meta name=\"twitter:data1\" content=\"Blanca\" \/>\n\t<meta name=\"twitter:label2\" content=\"Tiempo de lectura\" \/>\n\t<meta name=\"twitter:data2\" content=\"1 minuto\" \/>\n<script type=\"application\/ld+json\" class=\"yoast-schema-graph\">{\"@context\":\"https:\\\/\\\/schema.org\",\"@graph\":[{\"@type\":\"Article\",\"@id\":\"https:\\\/\\\/redamlo.com\\\/index.php\\\/2021\\\/04\\\/26\\\/vacunacion-a-personas-adultas-mayores-de-todo-el-pais-esta-por-completarse-destaca-lopez-obrador\\\/#article\",\"isPartOf\":{\"@id\":\"https:\\\/\\\/redamlo.com\\\/index.php\\\/2021\\\/04\\\/26\\\/vacunacion-a-personas-adultas-mayores-de-todo-el-pais-esta-por-completarse-destaca-lopez-obrador\\\/\"},\"author\":{\"name\":\"Blanca\",\"@id\":\"https:\\\/\\\/redamlo.com\\\/#\\\/schema\\\/person\\\/7223a4375eb8f1a782fcae010a7115cf\"},\"headline\":\"Vacunaci\u00f3n a personas adultas mayores de todo el pa\u00eds est\u00e1 por completarse, destaca L\u00f3pez Obrador\",\"datePublished\":\"2021-04-26T17:00:15+00:00\",\"mainEntityOfPage\":{\"@id\":\"https:\\\/\\\/redamlo.com\\\/index.php\\\/2021\\\/04\\\/26\\\/vacunacion-a-personas-adultas-mayores-de-todo-el-pais-esta-por-completarse-destaca-lopez-obrador\\\/\"},\"wordCount\":290,\"commentCount\":0,\"publisher\":{\"@id\":\"https:\\\/\\\/redamlo.com\\\/#organization\"},\"image\":{\"@id\":\"https:\\\/\\\/redamlo.com\\\/index.php\\\/2021\\\/04\\\/26\\\/vacunacion-a-personas-adultas-mayores-de-todo-el-pais-esta-por-completarse-destaca-lopez-obrador\\\/#primaryimage\"},\"thumbnailUrl\":\"https:\\\/\\\/redamlo.com\\\/wp-content\\\/uploads\\\/2021\\\/04\\\/Vacunacion-a-personas-adultas-mayores-de-todo-el-pais-esta-por-completarse-destaca-Lopez-Obrador.jpg\",\"keywords\":[\"adultos mayores\",\"AMLO\",\"Andr\u00e9s Manuel L\u00f3pez Obrador\",\"Brigadas Correcaminos\",\"COVID-19\",\"Gobierno de M\u00e9xico\",\"M\u00e9xico\",\"pandemia\",\"Plan Nacional de Vacunaci\u00f3n\",\"vacunaci\u00f3n\"],\"articleSection\":[\"4T\",\"Nacionales\",\"Presidencia\"],\"inLanguage\":\"es\",\"potentialAction\":[{\"@type\":\"CommentAction\",\"name\":\"Comment\",\"target\":[\"https:\\\/\\\/redamlo.com\\\/index.php\\\/2021\\\/04\\\/26\\\/vacunacion-a-personas-adultas-mayores-de-todo-el-pais-esta-por-completarse-destaca-lopez-obrador\\\/#respond\"]}]},{\"@type\":\"WebPage\",\"@id\":\"https:\\\/\\\/redamlo.com\\\/index.php\\\/2021\\\/04\\\/26\\\/vacunacion-a-personas-adultas-mayores-de-todo-el-pais-esta-por-completarse-destaca-lopez-obrador\\\/\",\"url\":\"https:\\\/\\\/redamlo.com\\\/index.php\\\/2021\\\/04\\\/26\\\/vacunacion-a-personas-adultas-mayores-de-todo-el-pais-esta-por-completarse-destaca-lopez-obrador\\\/\",\"name\":\"Vacunaci\u00f3n a personas adultas mayores de todo el pa\u00eds est\u00e1 por completarse, destaca L\u00f3pez Obrador - NOTICIAS DE LA 4T\",\"isPartOf\":{\"@id\":\"https:\\\/\\\/redamlo.com\\\/#website\"},\"primaryImageOfPage\":{\"@id\":\"https:\\\/\\\/redamlo.com\\\/index.php\\\/2021\\\/04\\\/26\\\/vacunacion-a-personas-adultas-mayores-de-todo-el-pais-esta-por-completarse-destaca-lopez-obrador\\\/#primaryimage\"},\"image\":{\"@id\":\"https:\\\/\\\/redamlo.com\\\/index.php\\\/2021\\\/04\\\/26\\\/vacunacion-a-personas-adultas-mayores-de-todo-el-pais-esta-por-completarse-destaca-lopez-obrador\\\/#primaryimage\"},\"thumbnailUrl\":\"https:\\\/\\\/redamlo.com\\\/wp-content\\\/uploads\\\/2021\\\/04\\\/Vacunacion-a-personas-adultas-mayores-de-todo-el-pais-esta-por-completarse-destaca-Lopez-Obrador.jpg\",\"datePublished\":\"2021-04-26T17:00:15+00:00\",\"breadcrumb\":{\"@id\":\"https:\\\/\\\/redamlo.com\\\/index.php\\\/2021\\\/04\\\/26\\\/vacunacion-a-personas-adultas-mayores-de-todo-el-pais-esta-por-completarse-destaca-lopez-obrador\\\/#breadcrumb\"},\"inLanguage\":\"es\",\"potentialAction\":[{\"@type\":\"ReadAction\",\"target\":[\"https:\\\/\\\/redamlo.com\\\/index.php\\\/2021\\\/04\\\/26\\\/vacunacion-a-personas-adultas-mayores-de-todo-el-pais-esta-por-completarse-destaca-lopez-obrador\\\/\"]}]},{\"@type\":\"ImageObject\",\"inLanguage\":\"es\",\"@id\":\"https:\\\/\\\/redamlo.com\\\/index.php\\\/2021\\\/04\\\/26\\\/vacunacion-a-personas-adultas-mayores-de-todo-el-pais-esta-por-completarse-destaca-lopez-obrador\\\/#primaryimage\",\"url\":\"https:\\\/\\\/redamlo.com\\\/wp-content\\\/uploads\\\/2021\\\/04\\\/Vacunacion-a-personas-adultas-mayores-de-todo-el-pais-esta-por-completarse-destaca-Lopez-Obrador.jpg\",\"contentUrl\":\"https:\\\/\\\/redamlo.com\\\/wp-content\\\/uploads\\\/2021\\\/04\\\/Vacunacion-a-personas-adultas-mayores-de-todo-el-pais-esta-por-completarse-destaca-Lopez-Obrador.jpg\",\"width\":1723,\"height\":1000},{\"@type\":\"BreadcrumbList\",\"@id\":\"https:\\\/\\\/redamlo.com\\\/index.php\\\/2021\\\/04\\\/26\\\/vacunacion-a-personas-adultas-mayores-de-todo-el-pais-esta-por-completarse-destaca-lopez-obrador\\\/#breadcrumb\",\"itemListElement\":[{\"@type\":\"ListItem\",\"position\":1,\"name\":\"Inicio\",\"item\":\"https:\\\/\\\/redamlo.com\\\/\"},{\"@type\":\"ListItem\",\"position\":2,\"name\":\"Vacunaci\u00f3n a personas adultas mayores de todo el pa\u00eds est\u00e1 por completarse, destaca L\u00f3pez Obrador\"}]},{\"@type\":\"WebSite\",\"@id\":\"https:\\\/\\\/redamlo.com\\\/#website\",\"url\":\"https:\\\/\\\/redamlo.com\\\/\",\"name\":\"NOTICIAS DE LA 4T\",\"description\":\"\",\"publisher\":{\"@id\":\"https:\\\/\\\/redamlo.com\\\/#organization\"},\"potentialAction\":[{\"@type\":\"SearchAction\",\"target\":{\"@type\":\"EntryPoint\",\"urlTemplate\":\"https:\\\/\\\/redamlo.com\\\/?s={search_term_string}\"},\"query-input\":{\"@type\":\"PropertyValueSpecification\",\"valueRequired\":true,\"valueName\":\"search_term_string\"}}],\"inLanguage\":\"es\"},{\"@type\":\"Organization\",\"@id\":\"https:\\\/\\\/redamlo.com\\\/#organization\",\"name\":\"NOTICIAS DE LA 4T\",\"url\":\"https:\\\/\\\/redamlo.com\\\/\",\"logo\":{\"@type\":\"ImageObject\",\"inLanguage\":\"es\",\"@id\":\"https:\\\/\\\/redamlo.com\\\/#\\\/schema\\\/logo\\\/image\\\/\",\"url\":\"https:\\\/\\\/redamlo.com\\\/wp-content\\\/uploads\\\/2024\\\/08\\\/cropped-RED-AMLO-logo-50.png\",\"contentUrl\":\"https:\\\/\\\/redamlo.com\\\/wp-content\\\/uploads\\\/2024\\\/08\\\/cropped-RED-AMLO-logo-50.png\",\"width\":256,\"height\":256,\"caption\":\"NOTICIAS DE LA 4T\"},\"image\":{\"@id\":\"https:\\\/\\\/redamlo.com\\\/#\\\/schema\\\/logo\\\/image\\\/\"}},{\"@type\":\"Person\",\"@id\":\"https:\\\/\\\/redamlo.com\\\/#\\\/schema\\\/person\\\/7223a4375eb8f1a782fcae010a7115cf\",\"name\":\"Blanca\",\"image\":{\"@type\":\"ImageObject\",\"inLanguage\":\"es\",\"@id\":\"https:\\\/\\\/secure.gravatar.com\\\/avatar\\\/3f79bc8336367a4e6093eae8757acaaf61d1124834b905616de7829b0273426d?s=96&d=mm&r=g\",\"url\":\"https:\\\/\\\/secure.gravatar.com\\\/avatar\\\/3f79bc8336367a4e6093eae8757acaaf61d1124834b905616de7829b0273426d?s=96&d=mm&r=g\",\"contentUrl\":\"https:\\\/\\\/secure.gravatar.com\\\/avatar\\\/3f79bc8336367a4e6093eae8757acaaf61d1124834b905616de7829b0273426d?s=96&d=mm&r=g\",\"caption\":\"Blanca\"},\"url\":\"https:\\\/\\\/redamlo.com\\\/index.php\\\/author\\\/blanca\\\/\"}]}<\/script>\n<!-- \/ Yoast SEO plugin. -->","yoast_head_json":{"title":"Vacunaci\u00f3n a personas adultas mayores de todo el pa\u00eds est\u00e1 por completarse, destaca L\u00f3pez Obrador - NOTICIAS DE LA 4T","robots":{"index":"noindex","follow":"follow","max-snippet":"max-snippet:-1","max-image-preview":"max-image-preview:large","max-video-preview":"max-video-preview:-1"},"og_locale":"es_MX","og_type":"article","og_title":"Vacunaci\u00f3n a personas adultas mayores de todo el pa\u00eds est\u00e1 por completarse, destaca L\u00f3pez Obrador - NOTICIAS DE LA 4T","og_description":"M\u00c9XICO, 26 de abril de 2021.- Estamos cumpliendo el compromiso de vacunar en este mes...","og_url":"https:\/\/redamlo.com\/index.php\/2021\/04\/26\/vacunacion-a-personas-adultas-mayores-de-todo-el-pais-esta-por-completarse-destaca-lopez-obrador\/","og_site_name":"NOTICIAS DE LA 4T","article_published_time":"2021-04-26T17:00:15+00:00","og_image":[{"width":1723,"height":1000,"url":"https:\/\/redamlo.com\/wp-content\/uploads\/2021\/04\/Vacunacion-a-personas-adultas-mayores-de-todo-el-pais-esta-por-completarse-destaca-Lopez-Obrador.jpg","type":"image\/jpeg"}],"author":"Blanca","twitter_card":"summary_large_image","twitter_misc":{"Escrito por":"Blanca","Tiempo de lectura":"1 minuto"},"schema":{"@context":"https:\/\/schema.org","@graph":[{"@type":"Article","@id":"https:\/\/redamlo.com\/index.php\/2021\/04\/26\/vacunacion-a-personas-adultas-mayores-de-todo-el-pais-esta-por-completarse-destaca-lopez-obrador\/#article","isPartOf":{"@id":"https:\/\/redamlo.com\/index.php\/2021\/04\/26\/vacunacion-a-personas-adultas-mayores-de-todo-el-pais-esta-por-completarse-destaca-lopez-obrador\/"},"author":{"name":"Blanca","@id":"https:\/\/redamlo.com\/#\/schema\/person\/7223a4375eb8f1a782fcae010a7115cf"},"headline":"Vacunaci\u00f3n a personas adultas mayores de todo el pa\u00eds est\u00e1 por completarse, destaca L\u00f3pez Obrador","datePublished":"2021-04-26T17:00:15+00:00","mainEntityOfPage":{"@id":"https:\/\/redamlo.com\/index.php\/2021\/04\/26\/vacunacion-a-personas-adultas-mayores-de-todo-el-pais-esta-por-completarse-destaca-lopez-obrador\/"},"wordCount":290,"commentCount":0,"publisher":{"@id":"https:\/\/redamlo.com\/#organization"},"image":{"@id":"https:\/\/redamlo.com\/index.php\/2021\/04\/26\/vacunacion-a-personas-adultas-mayores-de-todo-el-pais-esta-por-completarse-destaca-lopez-obrador\/#primaryimage"},"thumbnailUrl":"https:\/\/redamlo.com\/wp-content\/uploads\/2021\/04\/Vacunacion-a-personas-adultas-mayores-de-todo-el-pais-esta-por-completarse-destaca-Lopez-Obrador.jpg","keywords":["adultos mayores","AMLO","Andr\u00e9s Manuel L\u00f3pez Obrador","Brigadas Correcaminos","COVID-19","Gobierno de M\u00e9xico","M\u00e9xico","pandemia","Plan Nacional de Vacunaci\u00f3n","vacunaci\u00f3n"],"articleSection":["4T","Nacionales","Presidencia"],"inLanguage":"es","potentialAction":[{"@type":"CommentAction","name":"Comment","target":["https:\/\/redamlo.com\/index.php\/2021\/04\/26\/vacunacion-a-personas-adultas-mayores-de-todo-el-pais-esta-por-completarse-destaca-lopez-obrador\/#respond"]}]},{"@type":"WebPage","@id":"https:\/\/redamlo.com\/index.php\/2021\/04\/26\/vacunacion-a-personas-adultas-mayores-de-todo-el-pais-esta-por-completarse-destaca-lopez-obrador\/","url":"https:\/\/redamlo.com\/index.php\/2021\/04\/26\/vacunacion-a-personas-adultas-mayores-de-todo-el-pais-esta-por-completarse-destaca-lopez-obrador\/","name":"Vacunaci\u00f3n a personas adultas mayores de todo el pa\u00eds est\u00e1 por completarse, destaca L\u00f3pez Obrador - NOTICIAS DE LA 4T","isPartOf":{"@id":"https:\/\/redamlo.com\/#website"},"primaryImageOfPage":{"@id":"https:\/\/redamlo.com\/index.php\/2021\/04\/26\/vacunacion-a-personas-adultas-mayores-de-todo-el-pais-esta-por-completarse-destaca-lopez-obrador\/#primaryimage"},"image":{"@id":"https:\/\/redamlo.com\/index.php\/2021\/04\/26\/vacunacion-a-personas-adultas-mayores-de-todo-el-pais-esta-por-completarse-destaca-lopez-obrador\/#primaryimage"},"thumbnailUrl":"https:\/\/redamlo.com\/wp-content\/uploads\/2021\/04\/Vacunacion-a-personas-adultas-mayores-de-todo-el-pais-esta-por-completarse-destaca-Lopez-Obrador.jpg","datePublished":"2021-04-26T17:00:15+00:00","breadcrumb":{"@id":"https:\/\/redamlo.com\/index.php\/2021\/04\/26\/vacunacion-a-personas-adultas-mayores-de-todo-el-pais-esta-por-completarse-destaca-lopez-obrador\/#breadcrumb"},"inLanguage":"es","potentialAction":[{"@type":"ReadAction","target":["https:\/\/redamlo.com\/index.php\/2021\/04\/26\/vacunacion-a-personas-adultas-mayores-de-todo-el-pais-esta-por-completarse-destaca-lopez-obrador\/"]}]},{"@type":"ImageObject","inLanguage":"es","@id":"https:\/\/redamlo.com\/index.php\/2021\/04\/26\/vacunacion-a-personas-adultas-mayores-de-todo-el-pais-esta-por-completarse-destaca-lopez-obrador\/#primaryimage","url":"https:\/\/redamlo.com\/wp-content\/uploads\/2021\/04\/Vacunacion-a-personas-adultas-mayores-de-todo-el-pais-esta-por-completarse-destaca-Lopez-Obrador.jpg","contentUrl":"https:\/\/redamlo.com\/wp-content\/uploads\/2021\/04\/Vacunacion-a-personas-adultas-mayores-de-todo-el-pais-esta-por-completarse-destaca-Lopez-Obrador.jpg","width":1723,"height":1000},{"@type":"BreadcrumbList","@id":"https:\/\/redamlo.com\/index.php\/2021\/04\/26\/vacunacion-a-personas-adultas-mayores-de-todo-el-pais-esta-por-completarse-destaca-lopez-obrador\/#breadcrumb","itemListElement":[{"@type":"ListItem","position":1,"name":"Inicio","item":"https:\/\/redamlo.com\/"},{"@type":"ListItem","position":2,"name":"Vacunaci\u00f3n a personas adultas mayores de todo el pa\u00eds est\u00e1 por completarse, destaca L\u00f3pez Obrador"}]},{"@type":"WebSite","@id":"https:\/\/redamlo.com\/#website","url":"https:\/\/redamlo.com\/","name":"NOTICIAS DE LA 4T","description":"","publisher":{"@id":"https:\/\/redamlo.com\/#organization"},"potentialAction":[{"@type":"SearchAction","target":{"@type":"EntryPoint","urlTemplate":"https:\/\/redamlo.com\/?s={search_term_string}"},"query-input":{"@type":"PropertyValueSpecification","valueRequired":true,"valueName":"search_term_string"}}],"inLanguage":"es"},{"@type":"Organization","@id":"https:\/\/redamlo.com\/#organization","name":"NOTICIAS DE LA 4T","url":"https:\/\/redamlo.com\/","logo":{"@type":"ImageObject","inLanguage":"es","@id":"https:\/\/redamlo.com\/#\/schema\/logo\/image\/","url":"https:\/\/redamlo.com\/wp-content\/uploads\/2024\/08\/cropped-RED-AMLO-logo-50.png","contentUrl":"https:\/\/redamlo.com\/wp-content\/uploads\/2024\/08\/cropped-RED-AMLO-logo-50.png","width":256,"height":256,"caption":"NOTICIAS DE LA 4T"},"image":{"@id":"https:\/\/redamlo.com\/#\/schema\/logo\/image\/"}},{"@type":"Person","@id":"https:\/\/redamlo.com\/#\/schema\/person\/7223a4375eb8f1a782fcae010a7115cf","name":"Blanca","image":{"@type":"ImageObject","inLanguage":"es","@id":"https:\/\/secure.gravatar.com\/avatar\/3f79bc8336367a4e6093eae8757acaaf61d1124834b905616de7829b0273426d?s=96&d=mm&r=g","url":"https:\/\/secure.gravatar.com\/avatar\/3f79bc8336367a4e6093eae8757acaaf61d1124834b905616de7829b0273426d?s=96&d=mm&r=g","contentUrl":"https:\/\/secure.gravatar.com\/avatar\/3f79bc8336367a4e6093eae8757acaaf61d1124834b905616de7829b0273426d?s=96&d=mm&r=g","caption":"Blanca"},"url":"https:\/\/redamlo.com\/index.php\/author\/blanca\/"}]}},"_links":{"self":[{"href":"https:\/\/redamlo.com\/index.php\/wp-json\/wp\/v2\/posts\/4113","targetHints":{"allow":["GET"]}}],"collection":[{"href":"https:\/\/redamlo.com\/index.php\/wp-json\/wp\/v2\/posts"}],"about":[{"href":"https:\/\/redamlo.com\/index.php\/wp-json\/wp\/v2\/types\/post"}],"author":[{"embeddable":true,"href":"https:\/\/redamlo.com\/index.php\/wp-json\/wp\/v2\/users\/2"}],"replies":[{"embeddable":true,"href":"https:\/\/redamlo.com\/index.php\/wp-json\/wp\/v2\/comments?post=4113"}],"version-history":[{"count":0,"href":"https:\/\/redamlo.com\/index.php\/wp-json\/wp\/v2\/posts\/4113\/revisions"}],"wp:featuredmedia":[{"embeddable":true,"href":"https:\/\/redamlo.com\/index.php\/wp-json\/wp\/v2\/media\/4116"}],"wp:attachment":[{"href":"https:\/\/redamlo.com\/index.php\/wp-json\/wp\/v2\/media?parent=4113"}],"wp:term":[{"taxonomy":"category","embeddable":true,"href":"https:\/\/redamlo.com\/index.php\/wp-json\/wp\/v2\/categories?post=4113"},{"taxonomy":"post_tag","embeddable":true,"href":"https:\/\/redamlo.com\/index.php\/wp-json\/wp\/v2\/tags?post=4113"}],"curies":[{"name":"wp","href":"https:\/\/api.w.org\/{rel}","templated":true}]}}