{"id":4101,"date":"2021-04-26T10:22:59","date_gmt":"2021-04-26T15:22:59","guid":{"rendered":"https:\/\/redamlo.com\/?p=4101"},"modified":"2021-04-26T10:22:59","modified_gmt":"2021-04-26T15:22:59","slug":"lalo-gattas-primera-semana-firmo-25-compromisos","status":"publish","type":"post","link":"https:\/\/redamlo.com\/index.php\/2021\/04\/26\/lalo-gattas-primera-semana-firmo-25-compromisos\/","title":{"rendered":"Lalo Gattas; primera semana firm\u00f3 25 compromisos"},"content":{"rendered":"<p>*Vamos a sacar al gobierno corrupto, que no puede con nosotros &#8220;Victoria es territorio MORENA&#8221;<\/p>\n<p>A una semana de arrancar, el candidato por la Alianza Partido del Trabajo &#8211; MORENA en Ciudad Victoria, Eduardo \u201cLalo\u201d Abraham Gattas B\u00e1ez, lucha contra viento y marea contra una marea de calumnias y ataques de parte del gobierno de Tamaulipas.<\/p>\n<p>Eso no impidi\u00f3 que el candidato recorriera 20 colonias, comprometi\u00e9ndose con m\u00e1s 10 mil personas cerrando m\u00e1s de 25 compromisos, en pro de la Cuarta Transformaci\u00f3n y del bien de las municipalidades abanderando con orgullo a Morena.<\/p>\n<p>En sus recorridos ha palpado la voz de la ciudadan\u00eda que est\u00e1 harta de los gobiernos conservadores que han destruido a la capital tamaulipeca durante los \u00faltimos 30 a\u00f1os.<\/p>\n<p>En esta semana se ha comprometido, a que en los primeros 90 d\u00edas de gobierno, luego que tome protesta el primero de octubre, sacar\u00e1 todas las prioridades firmadas en cada una de las colonias que ha visitado.<\/p>\n<p>Desde pavimentaci\u00f3n, alumbrado, recuperaci\u00f3n de parques y atenci\u00f3n en los principales pol\u00edgonos de marginaci\u00f3n, Lalo Gattas ha comprometido m\u00e1s de 32 millones de pesos en obras durante la primera semana para las colonias y ejidos de la capital de Tamaulipas.<\/p>\n","protected":false},"excerpt":{"rendered":"<p>*Vamos a sacar al gobierno corrupto, que no puede con nosotros &#8220;Victoria es territorio MORENA&#8221;&#8230;<\/p>\n","protected":false},"author":2,"featured_media":4103,"comment_status":"open","ping_status":"closed","sticky":false,"template":"","format":"standard","meta":{"footnotes":""},"categories":[6],"tags":[447,24,21,127],"class_list":["post-4101","post","type-post","status-publish","format-standard","has-post-thumbnail","hentry","category-estados","tag-elecciones","tag-morena","tag-quintana-roo","tag-tamaulipas"],"yoast_head":"<!-- This site is optimized with the Yoast SEO plugin v27.5 - https:\/\/yoast.com\/product\/yoast-seo-wordpress\/ -->\n<title>Lalo Gattas; primera semana firm\u00f3 25 compromisos - NOTICIAS DE LA 4T<\/title>\n<meta name=\"robots\" content=\"noindex, follow, max-snippet:-1, max-image-preview:large, max-video-preview:-1\" \/>\n<meta property=\"og:locale\" content=\"es_MX\" \/>\n<meta property=\"og:type\" content=\"article\" \/>\n<meta property=\"og:title\" content=\"Lalo Gattas; primera semana firm\u00f3 25 compromisos - NOTICIAS DE LA 4T\" \/>\n<meta property=\"og:description\" content=\"*Vamos a sacar al gobierno corrupto, que no puede con nosotros &#8220;Victoria es territorio MORENA&#8221;...\" \/>\n<meta property=\"og:url\" content=\"https:\/\/redamlo.com\/index.php\/2021\/04\/26\/lalo-gattas-primera-semana-firmo-25-compromisos\/\" \/>\n<meta property=\"og:site_name\" content=\"NOTICIAS DE LA 4T\" \/>\n<meta property=\"article:published_time\" content=\"2021-04-26T15:22:59+00:00\" \/>\n<meta property=\"og:image\" content=\"https:\/\/redamlo.com\/wp-content\/uploads\/2021\/04\/lalo.jpg\" \/>\n\t<meta property=\"og:image:width\" content=\"1280\" \/>\n\t<meta property=\"og:image:height\" content=\"981\" \/>\n\t<meta property=\"og:image:type\" content=\"image\/jpeg\" \/>\n<meta name=\"author\" content=\"Blanca\" \/>\n<meta name=\"twitter:card\" content=\"summary_large_image\" \/>\n<meta name=\"twitter:label1\" content=\"Escrito por\" \/>\n\t<meta name=\"twitter:data1\" content=\"Blanca\" \/>\n\t<meta name=\"twitter:label2\" content=\"Tiempo de lectura\" \/>\n\t<meta name=\"twitter:data2\" content=\"1 minuto\" \/>\n<script type=\"application\/ld+json\" class=\"yoast-schema-graph\">{\"@context\":\"https:\\\/\\\/schema.org\",\"@graph\":[{\"@type\":\"Article\",\"@id\":\"https:\\\/\\\/redamlo.com\\\/index.php\\\/2021\\\/04\\\/26\\\/lalo-gattas-primera-semana-firmo-25-compromisos\\\/#article\",\"isPartOf\":{\"@id\":\"https:\\\/\\\/redamlo.com\\\/index.php\\\/2021\\\/04\\\/26\\\/lalo-gattas-primera-semana-firmo-25-compromisos\\\/\"},\"author\":{\"name\":\"Blanca\",\"@id\":\"https:\\\/\\\/redamlo.com\\\/#\\\/schema\\\/person\\\/7223a4375eb8f1a782fcae010a7115cf\"},\"headline\":\"Lalo Gattas; primera semana firm\u00f3 25 compromisos\",\"datePublished\":\"2021-04-26T15:22:59+00:00\",\"mainEntityOfPage\":{\"@id\":\"https:\\\/\\\/redamlo.com\\\/index.php\\\/2021\\\/04\\\/26\\\/lalo-gattas-primera-semana-firmo-25-compromisos\\\/\"},\"wordCount\":213,\"commentCount\":0,\"publisher\":{\"@id\":\"https:\\\/\\\/redamlo.com\\\/#organization\"},\"image\":{\"@id\":\"https:\\\/\\\/redamlo.com\\\/index.php\\\/2021\\\/04\\\/26\\\/lalo-gattas-primera-semana-firmo-25-compromisos\\\/#primaryimage\"},\"thumbnailUrl\":\"https:\\\/\\\/redamlo.com\\\/wp-content\\\/uploads\\\/2021\\\/04\\\/lalo.jpg\",\"keywords\":[\"Elecciones\",\"Morena\",\"Quintana Roo\",\"tamaulipas\"],\"articleSection\":[\"Estados\"],\"inLanguage\":\"es\",\"potentialAction\":[{\"@type\":\"CommentAction\",\"name\":\"Comment\",\"target\":[\"https:\\\/\\\/redamlo.com\\\/index.php\\\/2021\\\/04\\\/26\\\/lalo-gattas-primera-semana-firmo-25-compromisos\\\/#respond\"]}]},{\"@type\":\"WebPage\",\"@id\":\"https:\\\/\\\/redamlo.com\\\/index.php\\\/2021\\\/04\\\/26\\\/lalo-gattas-primera-semana-firmo-25-compromisos\\\/\",\"url\":\"https:\\\/\\\/redamlo.com\\\/index.php\\\/2021\\\/04\\\/26\\\/lalo-gattas-primera-semana-firmo-25-compromisos\\\/\",\"name\":\"Lalo Gattas; primera semana firm\u00f3 25 compromisos - NOTICIAS DE LA 4T\",\"isPartOf\":{\"@id\":\"https:\\\/\\\/redamlo.com\\\/#website\"},\"primaryImageOfPage\":{\"@id\":\"https:\\\/\\\/redamlo.com\\\/index.php\\\/2021\\\/04\\\/26\\\/lalo-gattas-primera-semana-firmo-25-compromisos\\\/#primaryimage\"},\"image\":{\"@id\":\"https:\\\/\\\/redamlo.com\\\/index.php\\\/2021\\\/04\\\/26\\\/lalo-gattas-primera-semana-firmo-25-compromisos\\\/#primaryimage\"},\"thumbnailUrl\":\"https:\\\/\\\/redamlo.com\\\/wp-content\\\/uploads\\\/2021\\\/04\\\/lalo.jpg\",\"datePublished\":\"2021-04-26T15:22:59+00:00\",\"breadcrumb\":{\"@id\":\"https:\\\/\\\/redamlo.com\\\/index.php\\\/2021\\\/04\\\/26\\\/lalo-gattas-primera-semana-firmo-25-compromisos\\\/#breadcrumb\"},\"inLanguage\":\"es\",\"potentialAction\":[{\"@type\":\"ReadAction\",\"target\":[\"https:\\\/\\\/redamlo.com\\\/index.php\\\/2021\\\/04\\\/26\\\/lalo-gattas-primera-semana-firmo-25-compromisos\\\/\"]}]},{\"@type\":\"ImageObject\",\"inLanguage\":\"es\",\"@id\":\"https:\\\/\\\/redamlo.com\\\/index.php\\\/2021\\\/04\\\/26\\\/lalo-gattas-primera-semana-firmo-25-compromisos\\\/#primaryimage\",\"url\":\"https:\\\/\\\/redamlo.com\\\/wp-content\\\/uploads\\\/2021\\\/04\\\/lalo.jpg\",\"contentUrl\":\"https:\\\/\\\/redamlo.com\\\/wp-content\\\/uploads\\\/2021\\\/04\\\/lalo.jpg\",\"width\":1280,\"height\":981},{\"@type\":\"BreadcrumbList\",\"@id\":\"https:\\\/\\\/redamlo.com\\\/index.php\\\/2021\\\/04\\\/26\\\/lalo-gattas-primera-semana-firmo-25-compromisos\\\/#breadcrumb\",\"itemListElement\":[{\"@type\":\"ListItem\",\"position\":1,\"name\":\"Inicio\",\"item\":\"https:\\\/\\\/redamlo.com\\\/\"},{\"@type\":\"ListItem\",\"position\":2,\"name\":\"Lalo Gattas; primera semana firm\u00f3 25 compromisos\"}]},{\"@type\":\"WebSite\",\"@id\":\"https:\\\/\\\/redamlo.com\\\/#website\",\"url\":\"https:\\\/\\\/redamlo.com\\\/\",\"name\":\"NOTICIAS DE LA 4T\",\"description\":\"\",\"publisher\":{\"@id\":\"https:\\\/\\\/redamlo.com\\\/#organization\"},\"potentialAction\":[{\"@type\":\"SearchAction\",\"target\":{\"@type\":\"EntryPoint\",\"urlTemplate\":\"https:\\\/\\\/redamlo.com\\\/?s={search_term_string}\"},\"query-input\":{\"@type\":\"PropertyValueSpecification\",\"valueRequired\":true,\"valueName\":\"search_term_string\"}}],\"inLanguage\":\"es\"},{\"@type\":\"Organization\",\"@id\":\"https:\\\/\\\/redamlo.com\\\/#organization\",\"name\":\"NOTICIAS DE LA 4T\",\"url\":\"https:\\\/\\\/redamlo.com\\\/\",\"logo\":{\"@type\":\"ImageObject\",\"inLanguage\":\"es\",\"@id\":\"https:\\\/\\\/redamlo.com\\\/#\\\/schema\\\/logo\\\/image\\\/\",\"url\":\"https:\\\/\\\/redamlo.com\\\/wp-content\\\/uploads\\\/2024\\\/08\\\/cropped-RED-AMLO-logo-50.png\",\"contentUrl\":\"https:\\\/\\\/redamlo.com\\\/wp-content\\\/uploads\\\/2024\\\/08\\\/cropped-RED-AMLO-logo-50.png\",\"width\":256,\"height\":256,\"caption\":\"NOTICIAS DE LA 4T\"},\"image\":{\"@id\":\"https:\\\/\\\/redamlo.com\\\/#\\\/schema\\\/logo\\\/image\\\/\"}},{\"@type\":\"Person\",\"@id\":\"https:\\\/\\\/redamlo.com\\\/#\\\/schema\\\/person\\\/7223a4375eb8f1a782fcae010a7115cf\",\"name\":\"Blanca\",\"image\":{\"@type\":\"ImageObject\",\"inLanguage\":\"es\",\"@id\":\"https:\\\/\\\/secure.gravatar.com\\\/avatar\\\/3f79bc8336367a4e6093eae8757acaaf61d1124834b905616de7829b0273426d?s=96&d=mm&r=g\",\"url\":\"https:\\\/\\\/secure.gravatar.com\\\/avatar\\\/3f79bc8336367a4e6093eae8757acaaf61d1124834b905616de7829b0273426d?s=96&d=mm&r=g\",\"contentUrl\":\"https:\\\/\\\/secure.gravatar.com\\\/avatar\\\/3f79bc8336367a4e6093eae8757acaaf61d1124834b905616de7829b0273426d?s=96&d=mm&r=g\",\"caption\":\"Blanca\"},\"url\":\"https:\\\/\\\/redamlo.com\\\/index.php\\\/author\\\/blanca\\\/\"}]}<\/script>\n<!-- \/ Yoast SEO plugin. -->","yoast_head_json":{"title":"Lalo Gattas; primera semana firm\u00f3 25 compromisos - NOTICIAS DE LA 4T","robots":{"index":"noindex","follow":"follow","max-snippet":"max-snippet:-1","max-image-preview":"max-image-preview:large","max-video-preview":"max-video-preview:-1"},"og_locale":"es_MX","og_type":"article","og_title":"Lalo Gattas; primera semana firm\u00f3 25 compromisos - NOTICIAS DE LA 4T","og_description":"*Vamos a sacar al gobierno corrupto, que no puede con nosotros &#8220;Victoria es territorio MORENA&#8221;...","og_url":"https:\/\/redamlo.com\/index.php\/2021\/04\/26\/lalo-gattas-primera-semana-firmo-25-compromisos\/","og_site_name":"NOTICIAS DE LA 4T","article_published_time":"2021-04-26T15:22:59+00:00","og_image":[{"width":1280,"height":981,"url":"https:\/\/redamlo.com\/wp-content\/uploads\/2021\/04\/lalo.jpg","type":"image\/jpeg"}],"author":"Blanca","twitter_card":"summary_large_image","twitter_misc":{"Escrito por":"Blanca","Tiempo de lectura":"1 minuto"},"schema":{"@context":"https:\/\/schema.org","@graph":[{"@type":"Article","@id":"https:\/\/redamlo.com\/index.php\/2021\/04\/26\/lalo-gattas-primera-semana-firmo-25-compromisos\/#article","isPartOf":{"@id":"https:\/\/redamlo.com\/index.php\/2021\/04\/26\/lalo-gattas-primera-semana-firmo-25-compromisos\/"},"author":{"name":"Blanca","@id":"https:\/\/redamlo.com\/#\/schema\/person\/7223a4375eb8f1a782fcae010a7115cf"},"headline":"Lalo Gattas; primera semana firm\u00f3 25 compromisos","datePublished":"2021-04-26T15:22:59+00:00","mainEntityOfPage":{"@id":"https:\/\/redamlo.com\/index.php\/2021\/04\/26\/lalo-gattas-primera-semana-firmo-25-compromisos\/"},"wordCount":213,"commentCount":0,"publisher":{"@id":"https:\/\/redamlo.com\/#organization"},"image":{"@id":"https:\/\/redamlo.com\/index.php\/2021\/04\/26\/lalo-gattas-primera-semana-firmo-25-compromisos\/#primaryimage"},"thumbnailUrl":"https:\/\/redamlo.com\/wp-content\/uploads\/2021\/04\/lalo.jpg","keywords":["Elecciones","Morena","Quintana Roo","tamaulipas"],"articleSection":["Estados"],"inLanguage":"es","potentialAction":[{"@type":"CommentAction","name":"Comment","target":["https:\/\/redamlo.com\/index.php\/2021\/04\/26\/lalo-gattas-primera-semana-firmo-25-compromisos\/#respond"]}]},{"@type":"WebPage","@id":"https:\/\/redamlo.com\/index.php\/2021\/04\/26\/lalo-gattas-primera-semana-firmo-25-compromisos\/","url":"https:\/\/redamlo.com\/index.php\/2021\/04\/26\/lalo-gattas-primera-semana-firmo-25-compromisos\/","name":"Lalo Gattas; primera semana firm\u00f3 25 compromisos - NOTICIAS DE LA 4T","isPartOf":{"@id":"https:\/\/redamlo.com\/#website"},"primaryImageOfPage":{"@id":"https:\/\/redamlo.com\/index.php\/2021\/04\/26\/lalo-gattas-primera-semana-firmo-25-compromisos\/#primaryimage"},"image":{"@id":"https:\/\/redamlo.com\/index.php\/2021\/04\/26\/lalo-gattas-primera-semana-firmo-25-compromisos\/#primaryimage"},"thumbnailUrl":"https:\/\/redamlo.com\/wp-content\/uploads\/2021\/04\/lalo.jpg","datePublished":"2021-04-26T15:22:59+00:00","breadcrumb":{"@id":"https:\/\/redamlo.com\/index.php\/2021\/04\/26\/lalo-gattas-primera-semana-firmo-25-compromisos\/#breadcrumb"},"inLanguage":"es","potentialAction":[{"@type":"ReadAction","target":["https:\/\/redamlo.com\/index.php\/2021\/04\/26\/lalo-gattas-primera-semana-firmo-25-compromisos\/"]}]},{"@type":"ImageObject","inLanguage":"es","@id":"https:\/\/redamlo.com\/index.php\/2021\/04\/26\/lalo-gattas-primera-semana-firmo-25-compromisos\/#primaryimage","url":"https:\/\/redamlo.com\/wp-content\/uploads\/2021\/04\/lalo.jpg","contentUrl":"https:\/\/redamlo.com\/wp-content\/uploads\/2021\/04\/lalo.jpg","width":1280,"height":981},{"@type":"BreadcrumbList","@id":"https:\/\/redamlo.com\/index.php\/2021\/04\/26\/lalo-gattas-primera-semana-firmo-25-compromisos\/#breadcrumb","itemListElement":[{"@type":"ListItem","position":1,"name":"Inicio","item":"https:\/\/redamlo.com\/"},{"@type":"ListItem","position":2,"name":"Lalo Gattas; primera semana firm\u00f3 25 compromisos"}]},{"@type":"WebSite","@id":"https:\/\/redamlo.com\/#website","url":"https:\/\/redamlo.com\/","name":"NOTICIAS DE LA 4T","description":"","publisher":{"@id":"https:\/\/redamlo.com\/#organization"},"potentialAction":[{"@type":"SearchAction","target":{"@type":"EntryPoint","urlTemplate":"https:\/\/redamlo.com\/?s={search_term_string}"},"query-input":{"@type":"PropertyValueSpecification","valueRequired":true,"valueName":"search_term_string"}}],"inLanguage":"es"},{"@type":"Organization","@id":"https:\/\/redamlo.com\/#organization","name":"NOTICIAS DE LA 4T","url":"https:\/\/redamlo.com\/","logo":{"@type":"ImageObject","inLanguage":"es","@id":"https:\/\/redamlo.com\/#\/schema\/logo\/image\/","url":"https:\/\/redamlo.com\/wp-content\/uploads\/2024\/08\/cropped-RED-AMLO-logo-50.png","contentUrl":"https:\/\/redamlo.com\/wp-content\/uploads\/2024\/08\/cropped-RED-AMLO-logo-50.png","width":256,"height":256,"caption":"NOTICIAS DE LA 4T"},"image":{"@id":"https:\/\/redamlo.com\/#\/schema\/logo\/image\/"}},{"@type":"Person","@id":"https:\/\/redamlo.com\/#\/schema\/person\/7223a4375eb8f1a782fcae010a7115cf","name":"Blanca","image":{"@type":"ImageObject","inLanguage":"es","@id":"https:\/\/secure.gravatar.com\/avatar\/3f79bc8336367a4e6093eae8757acaaf61d1124834b905616de7829b0273426d?s=96&d=mm&r=g","url":"https:\/\/secure.gravatar.com\/avatar\/3f79bc8336367a4e6093eae8757acaaf61d1124834b905616de7829b0273426d?s=96&d=mm&r=g","contentUrl":"https:\/\/secure.gravatar.com\/avatar\/3f79bc8336367a4e6093eae8757acaaf61d1124834b905616de7829b0273426d?s=96&d=mm&r=g","caption":"Blanca"},"url":"https:\/\/redamlo.com\/index.php\/author\/blanca\/"}]}},"_links":{"self":[{"href":"https:\/\/redamlo.com\/index.php\/wp-json\/wp\/v2\/posts\/4101","targetHints":{"allow":["GET"]}}],"collection":[{"href":"https:\/\/redamlo.com\/index.php\/wp-json\/wp\/v2\/posts"}],"about":[{"href":"https:\/\/redamlo.com\/index.php\/wp-json\/wp\/v2\/types\/post"}],"author":[{"embeddable":true,"href":"https:\/\/redamlo.com\/index.php\/wp-json\/wp\/v2\/users\/2"}],"replies":[{"embeddable":true,"href":"https:\/\/redamlo.com\/index.php\/wp-json\/wp\/v2\/comments?post=4101"}],"version-history":[{"count":0,"href":"https:\/\/redamlo.com\/index.php\/wp-json\/wp\/v2\/posts\/4101\/revisions"}],"wp:featuredmedia":[{"embeddable":true,"href":"https:\/\/redamlo.com\/index.php\/wp-json\/wp\/v2\/media\/4103"}],"wp:attachment":[{"href":"https:\/\/redamlo.com\/index.php\/wp-json\/wp\/v2\/media?parent=4101"}],"wp:term":[{"taxonomy":"category","embeddable":true,"href":"https:\/\/redamlo.com\/index.php\/wp-json\/wp\/v2\/categories?post=4101"},{"taxonomy":"post_tag","embeddable":true,"href":"https:\/\/redamlo.com\/index.php\/wp-json\/wp\/v2\/tags?post=4101"}],"curies":[{"name":"wp","href":"https:\/\/api.w.org\/{rel}","templated":true}]}}