{"id":4085,"date":"2021-04-23T08:00:51","date_gmt":"2021-04-23T13:00:51","guid":{"rendered":"https:\/\/redamlo.com\/?p=4085"},"modified":"2021-04-23T08:00:51","modified_gmt":"2021-04-23T13:00:51","slug":"crece-la-preferencia-electoral-por-morena-rumbo-al-congreso-de-la-ciudad-de-mexico-en-los-ultimos-dos-meses-mientras-la-de-accion-nacional-desciende","status":"publish","type":"post","link":"https:\/\/redamlo.com\/index.php\/2021\/04\/23\/crece-la-preferencia-electoral-por-morena-rumbo-al-congreso-de-la-ciudad-de-mexico-en-los-ultimos-dos-meses-mientras-la-de-accion-nacional-desciende\/","title":{"rendered":"Crece la preferencia electoral por Morena rumbo al Congreso de la Ciudad de M\u00e9xico en los \u00faltimos dos meses, mientras la de Acci\u00f3n Nacional desciende"},"content":{"rendered":"<p style=\"text-align: justify;\"><em><strong><span style=\"font-family: Arial, Helvetica, sans-serif; color: #000000;\">* De acuerdo con dos encuestas realizadas por El Universal, la preferencia por Morena para el Congreso de la Ciudad de M\u00e9xico pas\u00f3 en un mes del 44% en marzo al 50% en abril<\/span><\/strong><\/em><\/p>\n<p style=\"text-align: justify;\"><em><strong><span style=\"font-family: Arial, Helvetica, sans-serif; color: #000000;\">* El PAN desciende del 22 al 20%, mientras que el PRI se mantiene en un lejano 11% de la preferencia<\/span><\/strong><\/em><\/p>\n<p style=\"text-align: justify;\"><span style=\"font-family: Arial, Helvetica, sans-serif; color: #000000;\">CIUDAD DE M\u00c9XICO, 23 de abril de 2021.- Hace apenas unas semanas, durante la primera quincena de marzo, el peri\u00f3dico El Universal public\u00f3 una encuesta propia en la que se\u00f1alaba que la preferencia electoral para el Congreso de la Ciudad de M\u00e9xico otorgaba una diferencia de dos a uno entre Morena y su m\u00e1s cercano contendiente, Acci\u00f3n Nacional, y cuatro a uno con el tercer lugar, el PRI.<\/span><\/p>\n<p style=\"text-align: justify;\"><span style=\"font-family: Arial, Helvetica, sans-serif; color: #000000;\">De acuerdo con los datos del diario, la intenci\u00f3n de voto por Morena en marzo era del 44% mientras que para el PAN era del 22% y para el PRI de 11%.<\/span><\/p>\n<p style=\"text-align: justify;\"><span style=\"font-family: Arial, Helvetica, sans-serif; color: #000000;\">Hoy revelan los resultados de su siguiente encuesta, realizada un mes m\u00e1s tarde, en la que Morena aventaja puntos para alcanzar el 50% de la preferencia efectiva, mientras el PAN desciende al 20% y el PRI mantiene su voto duro en 11%.<\/span><\/p>\n<p style=\"text-align: justify;\"><span style=\"font-family: Arial, Helvetica, sans-serif; color: #000000;\">En esta reciente encuesta de El Universal no s\u00f3lo destaca el crecimiento en la intenci\u00f3n de voto por Morena, tambi\u00e9n se indica que la precepci\u00f3n de los partidos por parte de la ciudadan\u00eda es negativa en todos los casos, excepto en el caso de Morena, que destaca como el \u00fanico partido con un balance de opini\u00f3n positivo de 18 puntos, provenientes de la diferencia entre el 52% que tienen una evaluaci\u00f3n favorable y el 34% que tienen una calificaci\u00f3n negativa.<\/span><\/p>\n<p style=\"text-align: justify;\"><span style=\"font-family: Arial, Helvetica, sans-serif; color: #000000;\">Otro punto que destaca en la encuesta es el \u00edndice de aprobaci\u00f3n de la jefa de Gobierno de la Ciudad de M\u00e9xico, Claudia Sheinbaum Pardo, que es del 70%.<\/span><\/p>\n<p style=\"text-align: justify;\"><span style=\"font-family: Arial, Helvetica, sans-serif; color: #000000;\">El tema de la vacunaci\u00f3n tambi\u00e9n fue evaluado, y en este rubro el 73% de los capitalinos consideran que el proceso se llev\u00f3 a cabo muy bien o bien.<\/span><\/p>\n<figure id=\"attachment_7865\" aria-describedby=\"caption-attachment-7865\" style=\"width: 1440px\" class=\"wp-caption aligncenter\"><img loading=\"lazy\" decoding=\"async\" class=\"wp-image-7865 size-full\" src=\"https:\/\/redamlo.com\/wp-content\/uploads\/2021\/04\/Crece-la-preferencia-electoral-por-Morena-rumbo-al-Congreso-de-la-Ciudad-de-Mexico-en-los-ultimos-dos-meses-mientras-la-de-Accion-Nacional-desciende-2.jpg\" alt=\"\" width=\"1440\" height=\"960\" \/><figcaption id=\"caption-attachment-7865\" class=\"wp-caption-text\"><span style=\"color: #000000;\"><strong><em>El candidato de Morena por el distrito XXIV local de Iztapalapa, Carlos Cervantes Godoy, en un acto de campa\u00f1a con adultos mayores de la demarcaci\u00f3n.<\/em><\/strong><\/span><\/figcaption><\/figure>\n","protected":false},"excerpt":{"rendered":"<p>* De acuerdo con dos encuestas realizadas por El Universal, la preferencia por Morena para&#8230;<\/p>\n","protected":false},"author":2,"featured_media":4087,"comment_status":"open","ping_status":"closed","sticky":false,"template":"","format":"standard","meta":{"footnotes":""},"categories":[17],"tags":[690,494,314,739,740,741,24,742],"class_list":["post-4085","post","type-post","status-publish","format-standard","has-post-thumbnail","hentry","category-cdmx","tag-carlos-cervantes-godoy","tag-ciudad-de-mexico","tag-claudia-sheinbaum","tag-congreso-de-la-ciudad-de-mexico","tag-el-universal","tag-encuesta","tag-morena","tag-preferencia-electoral"],"yoast_head":"<!-- This site is optimized with the Yoast SEO plugin v27.5 - https:\/\/yoast.com\/product\/yoast-seo-wordpress\/ -->\n<title>Crece la preferencia electoral por Morena rumbo al Congreso de la Ciudad de M\u00e9xico en los \u00faltimos dos meses, mientras la de Acci\u00f3n Nacional desciende - NOTICIAS DE LA 4T<\/title>\n<meta name=\"robots\" content=\"noindex, follow, max-snippet:-1, max-image-preview:large, max-video-preview:-1\" \/>\n<meta property=\"og:locale\" content=\"es_MX\" \/>\n<meta property=\"og:type\" content=\"article\" \/>\n<meta property=\"og:title\" content=\"Crece la preferencia electoral por Morena rumbo al Congreso de la Ciudad de M\u00e9xico en los \u00faltimos dos meses, mientras la de Acci\u00f3n Nacional desciende - NOTICIAS DE LA 4T\" \/>\n<meta property=\"og:description\" content=\"* De acuerdo con dos encuestas realizadas por El Universal, la preferencia por Morena para...\" \/>\n<meta property=\"og:url\" content=\"https:\/\/redamlo.com\/index.php\/2021\/04\/23\/crece-la-preferencia-electoral-por-morena-rumbo-al-congreso-de-la-ciudad-de-mexico-en-los-ultimos-dos-meses-mientras-la-de-accion-nacional-desciende\/\" \/>\n<meta property=\"og:site_name\" content=\"NOTICIAS DE LA 4T\" \/>\n<meta property=\"article:published_time\" content=\"2021-04-23T13:00:51+00:00\" \/>\n<meta property=\"og:image\" content=\"https:\/\/redamlo.com\/wp-content\/uploads\/2021\/04\/Crece-la-preferencia-electoral-por-Morena-rumbo-al-Congreso-de-la-Ciudad-de-Mexico-en-los-ultimos-dos-meses-mientras-la-de-Accion-Nacional-desciende.jpg\" \/>\n\t<meta property=\"og:image:width\" content=\"1080\" \/>\n\t<meta property=\"og:image:height\" content=\"556\" \/>\n\t<meta property=\"og:image:type\" content=\"image\/jpeg\" \/>\n<meta name=\"author\" content=\"Blanca\" \/>\n<meta name=\"twitter:card\" content=\"summary_large_image\" \/>\n<meta name=\"twitter:label1\" content=\"Escrito por\" \/>\n\t<meta name=\"twitter:data1\" content=\"Blanca\" \/>\n\t<meta name=\"twitter:label2\" content=\"Tiempo de lectura\" \/>\n\t<meta name=\"twitter:data2\" content=\"2 minutos\" \/>\n<script type=\"application\/ld+json\" class=\"yoast-schema-graph\">{\"@context\":\"https:\\\/\\\/schema.org\",\"@graph\":[{\"@type\":\"Article\",\"@id\":\"https:\\\/\\\/redamlo.com\\\/index.php\\\/2021\\\/04\\\/23\\\/crece-la-preferencia-electoral-por-morena-rumbo-al-congreso-de-la-ciudad-de-mexico-en-los-ultimos-dos-meses-mientras-la-de-accion-nacional-desciende\\\/#article\",\"isPartOf\":{\"@id\":\"https:\\\/\\\/redamlo.com\\\/index.php\\\/2021\\\/04\\\/23\\\/crece-la-preferencia-electoral-por-morena-rumbo-al-congreso-de-la-ciudad-de-mexico-en-los-ultimos-dos-meses-mientras-la-de-accion-nacional-desciende\\\/\"},\"author\":{\"name\":\"Blanca\",\"@id\":\"https:\\\/\\\/redamlo.com\\\/#\\\/schema\\\/person\\\/7223a4375eb8f1a782fcae010a7115cf\"},\"headline\":\"Crece la preferencia electoral por Morena rumbo al Congreso de la Ciudad de M\u00e9xico en los \u00faltimos dos meses, mientras la de Acci\u00f3n Nacional desciende\",\"datePublished\":\"2021-04-23T13:00:51+00:00\",\"mainEntityOfPage\":{\"@id\":\"https:\\\/\\\/redamlo.com\\\/index.php\\\/2021\\\/04\\\/23\\\/crece-la-preferencia-electoral-por-morena-rumbo-al-congreso-de-la-ciudad-de-mexico-en-los-ultimos-dos-meses-mientras-la-de-accion-nacional-desciende\\\/\"},\"wordCount\":398,\"commentCount\":0,\"publisher\":{\"@id\":\"https:\\\/\\\/redamlo.com\\\/#organization\"},\"image\":{\"@id\":\"https:\\\/\\\/redamlo.com\\\/index.php\\\/2021\\\/04\\\/23\\\/crece-la-preferencia-electoral-por-morena-rumbo-al-congreso-de-la-ciudad-de-mexico-en-los-ultimos-dos-meses-mientras-la-de-accion-nacional-desciende\\\/#primaryimage\"},\"thumbnailUrl\":\"https:\\\/\\\/redamlo.com\\\/wp-content\\\/uploads\\\/2021\\\/04\\\/Crece-la-preferencia-electoral-por-Morena-rumbo-al-Congreso-de-la-Ciudad-de-Mexico-en-los-ultimos-dos-meses-mientras-la-de-Accion-Nacional-desciende.jpg\",\"keywords\":[\"Carlos Cervantes Godoy\",\"Ciudad de M\u00e9xico\",\"Claudia Sheinbaum\",\"Congreso de la Ciudad de M\u00e9xico\",\"El Universal\",\"Encuesta\",\"Morena\",\"preferencia electoral\"],\"articleSection\":[\"CDMX\"],\"inLanguage\":\"es\",\"potentialAction\":[{\"@type\":\"CommentAction\",\"name\":\"Comment\",\"target\":[\"https:\\\/\\\/redamlo.com\\\/index.php\\\/2021\\\/04\\\/23\\\/crece-la-preferencia-electoral-por-morena-rumbo-al-congreso-de-la-ciudad-de-mexico-en-los-ultimos-dos-meses-mientras-la-de-accion-nacional-desciende\\\/#respond\"]}]},{\"@type\":\"WebPage\",\"@id\":\"https:\\\/\\\/redamlo.com\\\/index.php\\\/2021\\\/04\\\/23\\\/crece-la-preferencia-electoral-por-morena-rumbo-al-congreso-de-la-ciudad-de-mexico-en-los-ultimos-dos-meses-mientras-la-de-accion-nacional-desciende\\\/\",\"url\":\"https:\\\/\\\/redamlo.com\\\/index.php\\\/2021\\\/04\\\/23\\\/crece-la-preferencia-electoral-por-morena-rumbo-al-congreso-de-la-ciudad-de-mexico-en-los-ultimos-dos-meses-mientras-la-de-accion-nacional-desciende\\\/\",\"name\":\"Crece la preferencia electoral por Morena rumbo al Congreso de la Ciudad de M\u00e9xico en los \u00faltimos dos meses, mientras la de Acci\u00f3n Nacional desciende - NOTICIAS DE LA 4T\",\"isPartOf\":{\"@id\":\"https:\\\/\\\/redamlo.com\\\/#website\"},\"primaryImageOfPage\":{\"@id\":\"https:\\\/\\\/redamlo.com\\\/index.php\\\/2021\\\/04\\\/23\\\/crece-la-preferencia-electoral-por-morena-rumbo-al-congreso-de-la-ciudad-de-mexico-en-los-ultimos-dos-meses-mientras-la-de-accion-nacional-desciende\\\/#primaryimage\"},\"image\":{\"@id\":\"https:\\\/\\\/redamlo.com\\\/index.php\\\/2021\\\/04\\\/23\\\/crece-la-preferencia-electoral-por-morena-rumbo-al-congreso-de-la-ciudad-de-mexico-en-los-ultimos-dos-meses-mientras-la-de-accion-nacional-desciende\\\/#primaryimage\"},\"thumbnailUrl\":\"https:\\\/\\\/redamlo.com\\\/wp-content\\\/uploads\\\/2021\\\/04\\\/Crece-la-preferencia-electoral-por-Morena-rumbo-al-Congreso-de-la-Ciudad-de-Mexico-en-los-ultimos-dos-meses-mientras-la-de-Accion-Nacional-desciende.jpg\",\"datePublished\":\"2021-04-23T13:00:51+00:00\",\"breadcrumb\":{\"@id\":\"https:\\\/\\\/redamlo.com\\\/index.php\\\/2021\\\/04\\\/23\\\/crece-la-preferencia-electoral-por-morena-rumbo-al-congreso-de-la-ciudad-de-mexico-en-los-ultimos-dos-meses-mientras-la-de-accion-nacional-desciende\\\/#breadcrumb\"},\"inLanguage\":\"es\",\"potentialAction\":[{\"@type\":\"ReadAction\",\"target\":[\"https:\\\/\\\/redamlo.com\\\/index.php\\\/2021\\\/04\\\/23\\\/crece-la-preferencia-electoral-por-morena-rumbo-al-congreso-de-la-ciudad-de-mexico-en-los-ultimos-dos-meses-mientras-la-de-accion-nacional-desciende\\\/\"]}]},{\"@type\":\"ImageObject\",\"inLanguage\":\"es\",\"@id\":\"https:\\\/\\\/redamlo.com\\\/index.php\\\/2021\\\/04\\\/23\\\/crece-la-preferencia-electoral-por-morena-rumbo-al-congreso-de-la-ciudad-de-mexico-en-los-ultimos-dos-meses-mientras-la-de-accion-nacional-desciende\\\/#primaryimage\",\"url\":\"https:\\\/\\\/redamlo.com\\\/wp-content\\\/uploads\\\/2021\\\/04\\\/Crece-la-preferencia-electoral-por-Morena-rumbo-al-Congreso-de-la-Ciudad-de-Mexico-en-los-ultimos-dos-meses-mientras-la-de-Accion-Nacional-desciende.jpg\",\"contentUrl\":\"https:\\\/\\\/redamlo.com\\\/wp-content\\\/uploads\\\/2021\\\/04\\\/Crece-la-preferencia-electoral-por-Morena-rumbo-al-Congreso-de-la-Ciudad-de-Mexico-en-los-ultimos-dos-meses-mientras-la-de-Accion-Nacional-desciende.jpg\",\"width\":1080,\"height\":556},{\"@type\":\"BreadcrumbList\",\"@id\":\"https:\\\/\\\/redamlo.com\\\/index.php\\\/2021\\\/04\\\/23\\\/crece-la-preferencia-electoral-por-morena-rumbo-al-congreso-de-la-ciudad-de-mexico-en-los-ultimos-dos-meses-mientras-la-de-accion-nacional-desciende\\\/#breadcrumb\",\"itemListElement\":[{\"@type\":\"ListItem\",\"position\":1,\"name\":\"Inicio\",\"item\":\"https:\\\/\\\/redamlo.com\\\/\"},{\"@type\":\"ListItem\",\"position\":2,\"name\":\"Crece la preferencia electoral por Morena rumbo al Congreso de la Ciudad de M\u00e9xico en los \u00faltimos dos meses, mientras la de Acci\u00f3n Nacional desciende\"}]},{\"@type\":\"WebSite\",\"@id\":\"https:\\\/\\\/redamlo.com\\\/#website\",\"url\":\"https:\\\/\\\/redamlo.com\\\/\",\"name\":\"NOTICIAS DE LA 4T\",\"description\":\"\",\"publisher\":{\"@id\":\"https:\\\/\\\/redamlo.com\\\/#organization\"},\"potentialAction\":[{\"@type\":\"SearchAction\",\"target\":{\"@type\":\"EntryPoint\",\"urlTemplate\":\"https:\\\/\\\/redamlo.com\\\/?s={search_term_string}\"},\"query-input\":{\"@type\":\"PropertyValueSpecification\",\"valueRequired\":true,\"valueName\":\"search_term_string\"}}],\"inLanguage\":\"es\"},{\"@type\":\"Organization\",\"@id\":\"https:\\\/\\\/redamlo.com\\\/#organization\",\"name\":\"NOTICIAS DE LA 4T\",\"url\":\"https:\\\/\\\/redamlo.com\\\/\",\"logo\":{\"@type\":\"ImageObject\",\"inLanguage\":\"es\",\"@id\":\"https:\\\/\\\/redamlo.com\\\/#\\\/schema\\\/logo\\\/image\\\/\",\"url\":\"https:\\\/\\\/redamlo.com\\\/wp-content\\\/uploads\\\/2024\\\/08\\\/cropped-RED-AMLO-logo-50.png\",\"contentUrl\":\"https:\\\/\\\/redamlo.com\\\/wp-content\\\/uploads\\\/2024\\\/08\\\/cropped-RED-AMLO-logo-50.png\",\"width\":256,\"height\":256,\"caption\":\"NOTICIAS DE LA 4T\"},\"image\":{\"@id\":\"https:\\\/\\\/redamlo.com\\\/#\\\/schema\\\/logo\\\/image\\\/\"}},{\"@type\":\"Person\",\"@id\":\"https:\\\/\\\/redamlo.com\\\/#\\\/schema\\\/person\\\/7223a4375eb8f1a782fcae010a7115cf\",\"name\":\"Blanca\",\"image\":{\"@type\":\"ImageObject\",\"inLanguage\":\"es\",\"@id\":\"https:\\\/\\\/secure.gravatar.com\\\/avatar\\\/3f79bc8336367a4e6093eae8757acaaf61d1124834b905616de7829b0273426d?s=96&d=mm&r=g\",\"url\":\"https:\\\/\\\/secure.gravatar.com\\\/avatar\\\/3f79bc8336367a4e6093eae8757acaaf61d1124834b905616de7829b0273426d?s=96&d=mm&r=g\",\"contentUrl\":\"https:\\\/\\\/secure.gravatar.com\\\/avatar\\\/3f79bc8336367a4e6093eae8757acaaf61d1124834b905616de7829b0273426d?s=96&d=mm&r=g\",\"caption\":\"Blanca\"},\"url\":\"https:\\\/\\\/redamlo.com\\\/index.php\\\/author\\\/blanca\\\/\"}]}<\/script>\n<!-- \/ Yoast SEO plugin. -->","yoast_head_json":{"title":"Crece la preferencia electoral por Morena rumbo al Congreso de la Ciudad de M\u00e9xico en los \u00faltimos dos meses, mientras la de Acci\u00f3n Nacional desciende - NOTICIAS DE LA 4T","robots":{"index":"noindex","follow":"follow","max-snippet":"max-snippet:-1","max-image-preview":"max-image-preview:large","max-video-preview":"max-video-preview:-1"},"og_locale":"es_MX","og_type":"article","og_title":"Crece la preferencia electoral por Morena rumbo al Congreso de la Ciudad de M\u00e9xico en los \u00faltimos dos meses, mientras la de Acci\u00f3n Nacional desciende - NOTICIAS DE LA 4T","og_description":"* De acuerdo con dos encuestas realizadas por El Universal, la preferencia por Morena para...","og_url":"https:\/\/redamlo.com\/index.php\/2021\/04\/23\/crece-la-preferencia-electoral-por-morena-rumbo-al-congreso-de-la-ciudad-de-mexico-en-los-ultimos-dos-meses-mientras-la-de-accion-nacional-desciende\/","og_site_name":"NOTICIAS DE LA 4T","article_published_time":"2021-04-23T13:00:51+00:00","og_image":[{"width":1080,"height":556,"url":"https:\/\/redamlo.com\/wp-content\/uploads\/2021\/04\/Crece-la-preferencia-electoral-por-Morena-rumbo-al-Congreso-de-la-Ciudad-de-Mexico-en-los-ultimos-dos-meses-mientras-la-de-Accion-Nacional-desciende.jpg","type":"image\/jpeg"}],"author":"Blanca","twitter_card":"summary_large_image","twitter_misc":{"Escrito por":"Blanca","Tiempo de lectura":"2 minutos"},"schema":{"@context":"https:\/\/schema.org","@graph":[{"@type":"Article","@id":"https:\/\/redamlo.com\/index.php\/2021\/04\/23\/crece-la-preferencia-electoral-por-morena-rumbo-al-congreso-de-la-ciudad-de-mexico-en-los-ultimos-dos-meses-mientras-la-de-accion-nacional-desciende\/#article","isPartOf":{"@id":"https:\/\/redamlo.com\/index.php\/2021\/04\/23\/crece-la-preferencia-electoral-por-morena-rumbo-al-congreso-de-la-ciudad-de-mexico-en-los-ultimos-dos-meses-mientras-la-de-accion-nacional-desciende\/"},"author":{"name":"Blanca","@id":"https:\/\/redamlo.com\/#\/schema\/person\/7223a4375eb8f1a782fcae010a7115cf"},"headline":"Crece la preferencia electoral por Morena rumbo al Congreso de la Ciudad de M\u00e9xico en los \u00faltimos dos meses, mientras la de Acci\u00f3n Nacional desciende","datePublished":"2021-04-23T13:00:51+00:00","mainEntityOfPage":{"@id":"https:\/\/redamlo.com\/index.php\/2021\/04\/23\/crece-la-preferencia-electoral-por-morena-rumbo-al-congreso-de-la-ciudad-de-mexico-en-los-ultimos-dos-meses-mientras-la-de-accion-nacional-desciende\/"},"wordCount":398,"commentCount":0,"publisher":{"@id":"https:\/\/redamlo.com\/#organization"},"image":{"@id":"https:\/\/redamlo.com\/index.php\/2021\/04\/23\/crece-la-preferencia-electoral-por-morena-rumbo-al-congreso-de-la-ciudad-de-mexico-en-los-ultimos-dos-meses-mientras-la-de-accion-nacional-desciende\/#primaryimage"},"thumbnailUrl":"https:\/\/redamlo.com\/wp-content\/uploads\/2021\/04\/Crece-la-preferencia-electoral-por-Morena-rumbo-al-Congreso-de-la-Ciudad-de-Mexico-en-los-ultimos-dos-meses-mientras-la-de-Accion-Nacional-desciende.jpg","keywords":["Carlos Cervantes Godoy","Ciudad de M\u00e9xico","Claudia Sheinbaum","Congreso de la Ciudad de M\u00e9xico","El Universal","Encuesta","Morena","preferencia electoral"],"articleSection":["CDMX"],"inLanguage":"es","potentialAction":[{"@type":"CommentAction","name":"Comment","target":["https:\/\/redamlo.com\/index.php\/2021\/04\/23\/crece-la-preferencia-electoral-por-morena-rumbo-al-congreso-de-la-ciudad-de-mexico-en-los-ultimos-dos-meses-mientras-la-de-accion-nacional-desciende\/#respond"]}]},{"@type":"WebPage","@id":"https:\/\/redamlo.com\/index.php\/2021\/04\/23\/crece-la-preferencia-electoral-por-morena-rumbo-al-congreso-de-la-ciudad-de-mexico-en-los-ultimos-dos-meses-mientras-la-de-accion-nacional-desciende\/","url":"https:\/\/redamlo.com\/index.php\/2021\/04\/23\/crece-la-preferencia-electoral-por-morena-rumbo-al-congreso-de-la-ciudad-de-mexico-en-los-ultimos-dos-meses-mientras-la-de-accion-nacional-desciende\/","name":"Crece la preferencia electoral por Morena rumbo al Congreso de la Ciudad de M\u00e9xico en los \u00faltimos dos meses, mientras la de Acci\u00f3n Nacional desciende - NOTICIAS DE LA 4T","isPartOf":{"@id":"https:\/\/redamlo.com\/#website"},"primaryImageOfPage":{"@id":"https:\/\/redamlo.com\/index.php\/2021\/04\/23\/crece-la-preferencia-electoral-por-morena-rumbo-al-congreso-de-la-ciudad-de-mexico-en-los-ultimos-dos-meses-mientras-la-de-accion-nacional-desciende\/#primaryimage"},"image":{"@id":"https:\/\/redamlo.com\/index.php\/2021\/04\/23\/crece-la-preferencia-electoral-por-morena-rumbo-al-congreso-de-la-ciudad-de-mexico-en-los-ultimos-dos-meses-mientras-la-de-accion-nacional-desciende\/#primaryimage"},"thumbnailUrl":"https:\/\/redamlo.com\/wp-content\/uploads\/2021\/04\/Crece-la-preferencia-electoral-por-Morena-rumbo-al-Congreso-de-la-Ciudad-de-Mexico-en-los-ultimos-dos-meses-mientras-la-de-Accion-Nacional-desciende.jpg","datePublished":"2021-04-23T13:00:51+00:00","breadcrumb":{"@id":"https:\/\/redamlo.com\/index.php\/2021\/04\/23\/crece-la-preferencia-electoral-por-morena-rumbo-al-congreso-de-la-ciudad-de-mexico-en-los-ultimos-dos-meses-mientras-la-de-accion-nacional-desciende\/#breadcrumb"},"inLanguage":"es","potentialAction":[{"@type":"ReadAction","target":["https:\/\/redamlo.com\/index.php\/2021\/04\/23\/crece-la-preferencia-electoral-por-morena-rumbo-al-congreso-de-la-ciudad-de-mexico-en-los-ultimos-dos-meses-mientras-la-de-accion-nacional-desciende\/"]}]},{"@type":"ImageObject","inLanguage":"es","@id":"https:\/\/redamlo.com\/index.php\/2021\/04\/23\/crece-la-preferencia-electoral-por-morena-rumbo-al-congreso-de-la-ciudad-de-mexico-en-los-ultimos-dos-meses-mientras-la-de-accion-nacional-desciende\/#primaryimage","url":"https:\/\/redamlo.com\/wp-content\/uploads\/2021\/04\/Crece-la-preferencia-electoral-por-Morena-rumbo-al-Congreso-de-la-Ciudad-de-Mexico-en-los-ultimos-dos-meses-mientras-la-de-Accion-Nacional-desciende.jpg","contentUrl":"https:\/\/redamlo.com\/wp-content\/uploads\/2021\/04\/Crece-la-preferencia-electoral-por-Morena-rumbo-al-Congreso-de-la-Ciudad-de-Mexico-en-los-ultimos-dos-meses-mientras-la-de-Accion-Nacional-desciende.jpg","width":1080,"height":556},{"@type":"BreadcrumbList","@id":"https:\/\/redamlo.com\/index.php\/2021\/04\/23\/crece-la-preferencia-electoral-por-morena-rumbo-al-congreso-de-la-ciudad-de-mexico-en-los-ultimos-dos-meses-mientras-la-de-accion-nacional-desciende\/#breadcrumb","itemListElement":[{"@type":"ListItem","position":1,"name":"Inicio","item":"https:\/\/redamlo.com\/"},{"@type":"ListItem","position":2,"name":"Crece la preferencia electoral por Morena rumbo al Congreso de la Ciudad de M\u00e9xico en los \u00faltimos dos meses, mientras la de Acci\u00f3n Nacional desciende"}]},{"@type":"WebSite","@id":"https:\/\/redamlo.com\/#website","url":"https:\/\/redamlo.com\/","name":"NOTICIAS DE LA 4T","description":"","publisher":{"@id":"https:\/\/redamlo.com\/#organization"},"potentialAction":[{"@type":"SearchAction","target":{"@type":"EntryPoint","urlTemplate":"https:\/\/redamlo.com\/?s={search_term_string}"},"query-input":{"@type":"PropertyValueSpecification","valueRequired":true,"valueName":"search_term_string"}}],"inLanguage":"es"},{"@type":"Organization","@id":"https:\/\/redamlo.com\/#organization","name":"NOTICIAS DE LA 4T","url":"https:\/\/redamlo.com\/","logo":{"@type":"ImageObject","inLanguage":"es","@id":"https:\/\/redamlo.com\/#\/schema\/logo\/image\/","url":"https:\/\/redamlo.com\/wp-content\/uploads\/2024\/08\/cropped-RED-AMLO-logo-50.png","contentUrl":"https:\/\/redamlo.com\/wp-content\/uploads\/2024\/08\/cropped-RED-AMLO-logo-50.png","width":256,"height":256,"caption":"NOTICIAS DE LA 4T"},"image":{"@id":"https:\/\/redamlo.com\/#\/schema\/logo\/image\/"}},{"@type":"Person","@id":"https:\/\/redamlo.com\/#\/schema\/person\/7223a4375eb8f1a782fcae010a7115cf","name":"Blanca","image":{"@type":"ImageObject","inLanguage":"es","@id":"https:\/\/secure.gravatar.com\/avatar\/3f79bc8336367a4e6093eae8757acaaf61d1124834b905616de7829b0273426d?s=96&d=mm&r=g","url":"https:\/\/secure.gravatar.com\/avatar\/3f79bc8336367a4e6093eae8757acaaf61d1124834b905616de7829b0273426d?s=96&d=mm&r=g","contentUrl":"https:\/\/secure.gravatar.com\/avatar\/3f79bc8336367a4e6093eae8757acaaf61d1124834b905616de7829b0273426d?s=96&d=mm&r=g","caption":"Blanca"},"url":"https:\/\/redamlo.com\/index.php\/author\/blanca\/"}]}},"_links":{"self":[{"href":"https:\/\/redamlo.com\/index.php\/wp-json\/wp\/v2\/posts\/4085","targetHints":{"allow":["GET"]}}],"collection":[{"href":"https:\/\/redamlo.com\/index.php\/wp-json\/wp\/v2\/posts"}],"about":[{"href":"https:\/\/redamlo.com\/index.php\/wp-json\/wp\/v2\/types\/post"}],"author":[{"embeddable":true,"href":"https:\/\/redamlo.com\/index.php\/wp-json\/wp\/v2\/users\/2"}],"replies":[{"embeddable":true,"href":"https:\/\/redamlo.com\/index.php\/wp-json\/wp\/v2\/comments?post=4085"}],"version-history":[{"count":0,"href":"https:\/\/redamlo.com\/index.php\/wp-json\/wp\/v2\/posts\/4085\/revisions"}],"wp:featuredmedia":[{"embeddable":true,"href":"https:\/\/redamlo.com\/index.php\/wp-json\/wp\/v2\/media\/4087"}],"wp:attachment":[{"href":"https:\/\/redamlo.com\/index.php\/wp-json\/wp\/v2\/media?parent=4085"}],"wp:term":[{"taxonomy":"category","embeddable":true,"href":"https:\/\/redamlo.com\/index.php\/wp-json\/wp\/v2\/categories?post=4085"},{"taxonomy":"post_tag","embeddable":true,"href":"https:\/\/redamlo.com\/index.php\/wp-json\/wp\/v2\/tags?post=4085"}],"curies":[{"name":"wp","href":"https:\/\/api.w.org\/{rel}","templated":true}]}}