{"id":4079,"date":"2021-04-22T21:25:44","date_gmt":"2021-04-23T02:25:44","guid":{"rendered":"https:\/\/redamlo.com\/?p=4079"},"modified":"2021-04-22T21:25:44","modified_gmt":"2021-04-23T02:25:44","slug":"equipar-todos-los-parques-de-solidaridad-y-hacerlos-inclusivos-para-personas-con-discapacidad-laura-beristain","status":"publish","type":"post","link":"https:\/\/redamlo.com\/index.php\/2021\/04\/22\/equipar-todos-los-parques-de-solidaridad-y-hacerlos-inclusivos-para-personas-con-discapacidad-laura-beristain\/","title":{"rendered":"Equipar todos los parques de Solidaridad y hacerlos inclusivos para personas con discapacidad: Laura Beristain."},"content":{"rendered":"<p>Playa del Carmen a 22 de abril 2021.-<\/p>\n<p>*Fortalecer la convivencia familiar y recomponer el tejido social.<\/p>\n<p>Solidaridad, Quintana Roo, 22 de abril de 2021. \u00a1Con el grito de \u00a1ya lleg\u00f3, ya est\u00e1 aqu\u00ed, Laura va a seguir! Laura Beristain, candidata de Morena, Partido Verde, MAS y PT a la presidencia municipal de Solidaridad, fue recibida por vecinos de la colonia Bellavista, aqu\u00ed donde ya se vive la Cuarta Transformaci\u00f3n.<\/p>\n<p>Estamos sorprendidos y agradecidos de los logros creados en mi localidad, te apoyamos y queremos que sigas haciendo la Cuarta Transformaci\u00f3n, porque aqu\u00ed somos de Morena y estamos con Cabecita d\u00e9 Algod\u00f3n, expres\u00f3 Jacqueline Vieyra.<\/p>\n<p>La abanderada de Morena a la Presidencia Municipal de Solidaridad, Laura Beristain plante\u00f3 que en este municipio todos los parques ser\u00e1n como la Cuarta Transformaci\u00f3n, ser\u00e1n inclusivos, para que nadie se quede fuera.<\/p>\n<p>\u201cEquiparemos los parques con rampas, se\u00f1al\u00e9cticas, juegos infantiles y ejercitadores para personas con discapacidad\u201d.<\/p>\n<p>En nuestro proyecto se trabaja para todos, pero pondremos especial inter\u00e9s en ese diez por ciento de poblaci\u00f3n con discapacidad f\u00edsica, asegur\u00f3 Laura Beristain.<\/p>\n<p>En su recorrido por esta colonia, convers\u00f3 con decenas de familias, con ellos hizo el compromiso de seguir fortaleciendo el tejido social. \u201cVamos a equipar todos los parques del municipio para que las ni\u00f1as, ni\u00f1os, adultos mayores, mujeres, adolescentes y los hombres, es decir, todos, hagan deporte y haya m\u00e1s convivencia con los hijos\u201d, detall\u00f3 Laura.<\/p>\n<p>El movimiento de Morena no lo detiene nadie, porque la Transformaci\u00f3n se vive en Solidaridad, concluy\u00f3 Laura Beristain.<\/p>\n","protected":false},"excerpt":{"rendered":"<p>Playa del Carmen a 22 de abril 2021.- *Fortalecer la convivencia familiar y recomponer el&#8230;<\/p>\n","protected":false},"author":2,"featured_media":4081,"comment_status":"open","ping_status":"closed","sticky":false,"template":"","format":"standard","meta":{"footnotes":""},"categories":[25],"tags":[366,358,24,732,117,21],"class_list":["post-4079","post","type-post","status-publish","format-standard","has-post-thumbnail","hentry","category-4t","tag-elecciones-2021","tag-laura-beristain","tag-morena","tag-parques-de-solidaridad","tag-playa-del-carmen","tag-quintana-roo"],"yoast_head":"<!-- This site is optimized with the Yoast SEO plugin v27.5 - https:\/\/yoast.com\/product\/yoast-seo-wordpress\/ -->\n<title>Equipar todos los parques de Solidaridad y hacerlos inclusivos para personas con discapacidad: Laura Beristain. - NOTICIAS DE LA 4T<\/title>\n<meta name=\"robots\" content=\"noindex, follow, max-snippet:-1, max-image-preview:large, max-video-preview:-1\" \/>\n<meta property=\"og:locale\" content=\"es_MX\" \/>\n<meta property=\"og:type\" content=\"article\" \/>\n<meta property=\"og:title\" content=\"Equipar todos los parques de Solidaridad y hacerlos inclusivos para personas con discapacidad: Laura Beristain. - NOTICIAS DE LA 4T\" \/>\n<meta property=\"og:description\" content=\"Playa del Carmen a 22 de abril 2021.- *Fortalecer la convivencia familiar y recomponer el...\" \/>\n<meta property=\"og:url\" content=\"https:\/\/redamlo.com\/index.php\/2021\/04\/22\/equipar-todos-los-parques-de-solidaridad-y-hacerlos-inclusivos-para-personas-con-discapacidad-laura-beristain\/\" \/>\n<meta property=\"og:site_name\" content=\"NOTICIAS DE LA 4T\" \/>\n<meta property=\"article:published_time\" content=\"2021-04-23T02:25:44+00:00\" \/>\n<meta property=\"og:image\" content=\"https:\/\/redamlo.com\/wp-content\/uploads\/2021\/04\/laura-beristain-en-bellavista.jpg\" \/>\n\t<meta property=\"og:image:width\" content=\"929\" \/>\n\t<meta property=\"og:image:height\" content=\"692\" \/>\n\t<meta property=\"og:image:type\" content=\"image\/jpeg\" \/>\n<meta name=\"author\" content=\"Blanca\" \/>\n<meta name=\"twitter:card\" content=\"summary_large_image\" \/>\n<meta name=\"twitter:label1\" content=\"Escrito por\" \/>\n\t<meta name=\"twitter:data1\" content=\"Blanca\" \/>\n\t<meta name=\"twitter:label2\" content=\"Tiempo de lectura\" \/>\n\t<meta name=\"twitter:data2\" content=\"1 minuto\" \/>\n<script type=\"application\/ld+json\" class=\"yoast-schema-graph\">{\"@context\":\"https:\\\/\\\/schema.org\",\"@graph\":[{\"@type\":\"Article\",\"@id\":\"https:\\\/\\\/redamlo.com\\\/index.php\\\/2021\\\/04\\\/22\\\/equipar-todos-los-parques-de-solidaridad-y-hacerlos-inclusivos-para-personas-con-discapacidad-laura-beristain\\\/#article\",\"isPartOf\":{\"@id\":\"https:\\\/\\\/redamlo.com\\\/index.php\\\/2021\\\/04\\\/22\\\/equipar-todos-los-parques-de-solidaridad-y-hacerlos-inclusivos-para-personas-con-discapacidad-laura-beristain\\\/\"},\"author\":{\"name\":\"Blanca\",\"@id\":\"https:\\\/\\\/redamlo.com\\\/#\\\/schema\\\/person\\\/7223a4375eb8f1a782fcae010a7115cf\"},\"headline\":\"Equipar todos los parques de Solidaridad y hacerlos inclusivos para personas con discapacidad: Laura Beristain.\",\"datePublished\":\"2021-04-23T02:25:44+00:00\",\"mainEntityOfPage\":{\"@id\":\"https:\\\/\\\/redamlo.com\\\/index.php\\\/2021\\\/04\\\/22\\\/equipar-todos-los-parques-de-solidaridad-y-hacerlos-inclusivos-para-personas-con-discapacidad-laura-beristain\\\/\"},\"wordCount\":277,\"commentCount\":0,\"publisher\":{\"@id\":\"https:\\\/\\\/redamlo.com\\\/#organization\"},\"image\":{\"@id\":\"https:\\\/\\\/redamlo.com\\\/index.php\\\/2021\\\/04\\\/22\\\/equipar-todos-los-parques-de-solidaridad-y-hacerlos-inclusivos-para-personas-con-discapacidad-laura-beristain\\\/#primaryimage\"},\"thumbnailUrl\":\"https:\\\/\\\/redamlo.com\\\/wp-content\\\/uploads\\\/2021\\\/04\\\/laura-beristain-en-bellavista.jpg\",\"keywords\":[\"Elecciones 2021\",\"Laura Beristain\",\"Morena\",\"Parques de Solidaridad\",\"playa del carmen\",\"Quintana Roo\"],\"articleSection\":[\"4T\"],\"inLanguage\":\"es\",\"potentialAction\":[{\"@type\":\"CommentAction\",\"name\":\"Comment\",\"target\":[\"https:\\\/\\\/redamlo.com\\\/index.php\\\/2021\\\/04\\\/22\\\/equipar-todos-los-parques-de-solidaridad-y-hacerlos-inclusivos-para-personas-con-discapacidad-laura-beristain\\\/#respond\"]}]},{\"@type\":\"WebPage\",\"@id\":\"https:\\\/\\\/redamlo.com\\\/index.php\\\/2021\\\/04\\\/22\\\/equipar-todos-los-parques-de-solidaridad-y-hacerlos-inclusivos-para-personas-con-discapacidad-laura-beristain\\\/\",\"url\":\"https:\\\/\\\/redamlo.com\\\/index.php\\\/2021\\\/04\\\/22\\\/equipar-todos-los-parques-de-solidaridad-y-hacerlos-inclusivos-para-personas-con-discapacidad-laura-beristain\\\/\",\"name\":\"Equipar todos los parques de Solidaridad y hacerlos inclusivos para personas con discapacidad: Laura Beristain. - NOTICIAS DE LA 4T\",\"isPartOf\":{\"@id\":\"https:\\\/\\\/redamlo.com\\\/#website\"},\"primaryImageOfPage\":{\"@id\":\"https:\\\/\\\/redamlo.com\\\/index.php\\\/2021\\\/04\\\/22\\\/equipar-todos-los-parques-de-solidaridad-y-hacerlos-inclusivos-para-personas-con-discapacidad-laura-beristain\\\/#primaryimage\"},\"image\":{\"@id\":\"https:\\\/\\\/redamlo.com\\\/index.php\\\/2021\\\/04\\\/22\\\/equipar-todos-los-parques-de-solidaridad-y-hacerlos-inclusivos-para-personas-con-discapacidad-laura-beristain\\\/#primaryimage\"},\"thumbnailUrl\":\"https:\\\/\\\/redamlo.com\\\/wp-content\\\/uploads\\\/2021\\\/04\\\/laura-beristain-en-bellavista.jpg\",\"datePublished\":\"2021-04-23T02:25:44+00:00\",\"breadcrumb\":{\"@id\":\"https:\\\/\\\/redamlo.com\\\/index.php\\\/2021\\\/04\\\/22\\\/equipar-todos-los-parques-de-solidaridad-y-hacerlos-inclusivos-para-personas-con-discapacidad-laura-beristain\\\/#breadcrumb\"},\"inLanguage\":\"es\",\"potentialAction\":[{\"@type\":\"ReadAction\",\"target\":[\"https:\\\/\\\/redamlo.com\\\/index.php\\\/2021\\\/04\\\/22\\\/equipar-todos-los-parques-de-solidaridad-y-hacerlos-inclusivos-para-personas-con-discapacidad-laura-beristain\\\/\"]}]},{\"@type\":\"ImageObject\",\"inLanguage\":\"es\",\"@id\":\"https:\\\/\\\/redamlo.com\\\/index.php\\\/2021\\\/04\\\/22\\\/equipar-todos-los-parques-de-solidaridad-y-hacerlos-inclusivos-para-personas-con-discapacidad-laura-beristain\\\/#primaryimage\",\"url\":\"https:\\\/\\\/redamlo.com\\\/wp-content\\\/uploads\\\/2021\\\/04\\\/laura-beristain-en-bellavista.jpg\",\"contentUrl\":\"https:\\\/\\\/redamlo.com\\\/wp-content\\\/uploads\\\/2021\\\/04\\\/laura-beristain-en-bellavista.jpg\",\"width\":929,\"height\":692},{\"@type\":\"BreadcrumbList\",\"@id\":\"https:\\\/\\\/redamlo.com\\\/index.php\\\/2021\\\/04\\\/22\\\/equipar-todos-los-parques-de-solidaridad-y-hacerlos-inclusivos-para-personas-con-discapacidad-laura-beristain\\\/#breadcrumb\",\"itemListElement\":[{\"@type\":\"ListItem\",\"position\":1,\"name\":\"Inicio\",\"item\":\"https:\\\/\\\/redamlo.com\\\/\"},{\"@type\":\"ListItem\",\"position\":2,\"name\":\"Equipar todos los parques de Solidaridad y hacerlos inclusivos para personas con discapacidad: Laura Beristain.\"}]},{\"@type\":\"WebSite\",\"@id\":\"https:\\\/\\\/redamlo.com\\\/#website\",\"url\":\"https:\\\/\\\/redamlo.com\\\/\",\"name\":\"NOTICIAS DE LA 4T\",\"description\":\"\",\"publisher\":{\"@id\":\"https:\\\/\\\/redamlo.com\\\/#organization\"},\"potentialAction\":[{\"@type\":\"SearchAction\",\"target\":{\"@type\":\"EntryPoint\",\"urlTemplate\":\"https:\\\/\\\/redamlo.com\\\/?s={search_term_string}\"},\"query-input\":{\"@type\":\"PropertyValueSpecification\",\"valueRequired\":true,\"valueName\":\"search_term_string\"}}],\"inLanguage\":\"es\"},{\"@type\":\"Organization\",\"@id\":\"https:\\\/\\\/redamlo.com\\\/#organization\",\"name\":\"NOTICIAS DE LA 4T\",\"url\":\"https:\\\/\\\/redamlo.com\\\/\",\"logo\":{\"@type\":\"ImageObject\",\"inLanguage\":\"es\",\"@id\":\"https:\\\/\\\/redamlo.com\\\/#\\\/schema\\\/logo\\\/image\\\/\",\"url\":\"https:\\\/\\\/redamlo.com\\\/wp-content\\\/uploads\\\/2024\\\/08\\\/cropped-RED-AMLO-logo-50.png\",\"contentUrl\":\"https:\\\/\\\/redamlo.com\\\/wp-content\\\/uploads\\\/2024\\\/08\\\/cropped-RED-AMLO-logo-50.png\",\"width\":256,\"height\":256,\"caption\":\"NOTICIAS DE LA 4T\"},\"image\":{\"@id\":\"https:\\\/\\\/redamlo.com\\\/#\\\/schema\\\/logo\\\/image\\\/\"}},{\"@type\":\"Person\",\"@id\":\"https:\\\/\\\/redamlo.com\\\/#\\\/schema\\\/person\\\/7223a4375eb8f1a782fcae010a7115cf\",\"name\":\"Blanca\",\"image\":{\"@type\":\"ImageObject\",\"inLanguage\":\"es\",\"@id\":\"https:\\\/\\\/secure.gravatar.com\\\/avatar\\\/3f79bc8336367a4e6093eae8757acaaf61d1124834b905616de7829b0273426d?s=96&d=mm&r=g\",\"url\":\"https:\\\/\\\/secure.gravatar.com\\\/avatar\\\/3f79bc8336367a4e6093eae8757acaaf61d1124834b905616de7829b0273426d?s=96&d=mm&r=g\",\"contentUrl\":\"https:\\\/\\\/secure.gravatar.com\\\/avatar\\\/3f79bc8336367a4e6093eae8757acaaf61d1124834b905616de7829b0273426d?s=96&d=mm&r=g\",\"caption\":\"Blanca\"},\"url\":\"https:\\\/\\\/redamlo.com\\\/index.php\\\/author\\\/blanca\\\/\"}]}<\/script>\n<!-- \/ Yoast SEO plugin. -->","yoast_head_json":{"title":"Equipar todos los parques de Solidaridad y hacerlos inclusivos para personas con discapacidad: Laura Beristain. - NOTICIAS DE LA 4T","robots":{"index":"noindex","follow":"follow","max-snippet":"max-snippet:-1","max-image-preview":"max-image-preview:large","max-video-preview":"max-video-preview:-1"},"og_locale":"es_MX","og_type":"article","og_title":"Equipar todos los parques de Solidaridad y hacerlos inclusivos para personas con discapacidad: Laura Beristain. - NOTICIAS DE LA 4T","og_description":"Playa del Carmen a 22 de abril 2021.- *Fortalecer la convivencia familiar y recomponer el...","og_url":"https:\/\/redamlo.com\/index.php\/2021\/04\/22\/equipar-todos-los-parques-de-solidaridad-y-hacerlos-inclusivos-para-personas-con-discapacidad-laura-beristain\/","og_site_name":"NOTICIAS DE LA 4T","article_published_time":"2021-04-23T02:25:44+00:00","og_image":[{"width":929,"height":692,"url":"https:\/\/redamlo.com\/wp-content\/uploads\/2021\/04\/laura-beristain-en-bellavista.jpg","type":"image\/jpeg"}],"author":"Blanca","twitter_card":"summary_large_image","twitter_misc":{"Escrito por":"Blanca","Tiempo de lectura":"1 minuto"},"schema":{"@context":"https:\/\/schema.org","@graph":[{"@type":"Article","@id":"https:\/\/redamlo.com\/index.php\/2021\/04\/22\/equipar-todos-los-parques-de-solidaridad-y-hacerlos-inclusivos-para-personas-con-discapacidad-laura-beristain\/#article","isPartOf":{"@id":"https:\/\/redamlo.com\/index.php\/2021\/04\/22\/equipar-todos-los-parques-de-solidaridad-y-hacerlos-inclusivos-para-personas-con-discapacidad-laura-beristain\/"},"author":{"name":"Blanca","@id":"https:\/\/redamlo.com\/#\/schema\/person\/7223a4375eb8f1a782fcae010a7115cf"},"headline":"Equipar todos los parques de Solidaridad y hacerlos inclusivos para personas con discapacidad: Laura Beristain.","datePublished":"2021-04-23T02:25:44+00:00","mainEntityOfPage":{"@id":"https:\/\/redamlo.com\/index.php\/2021\/04\/22\/equipar-todos-los-parques-de-solidaridad-y-hacerlos-inclusivos-para-personas-con-discapacidad-laura-beristain\/"},"wordCount":277,"commentCount":0,"publisher":{"@id":"https:\/\/redamlo.com\/#organization"},"image":{"@id":"https:\/\/redamlo.com\/index.php\/2021\/04\/22\/equipar-todos-los-parques-de-solidaridad-y-hacerlos-inclusivos-para-personas-con-discapacidad-laura-beristain\/#primaryimage"},"thumbnailUrl":"https:\/\/redamlo.com\/wp-content\/uploads\/2021\/04\/laura-beristain-en-bellavista.jpg","keywords":["Elecciones 2021","Laura Beristain","Morena","Parques de Solidaridad","playa del carmen","Quintana Roo"],"articleSection":["4T"],"inLanguage":"es","potentialAction":[{"@type":"CommentAction","name":"Comment","target":["https:\/\/redamlo.com\/index.php\/2021\/04\/22\/equipar-todos-los-parques-de-solidaridad-y-hacerlos-inclusivos-para-personas-con-discapacidad-laura-beristain\/#respond"]}]},{"@type":"WebPage","@id":"https:\/\/redamlo.com\/index.php\/2021\/04\/22\/equipar-todos-los-parques-de-solidaridad-y-hacerlos-inclusivos-para-personas-con-discapacidad-laura-beristain\/","url":"https:\/\/redamlo.com\/index.php\/2021\/04\/22\/equipar-todos-los-parques-de-solidaridad-y-hacerlos-inclusivos-para-personas-con-discapacidad-laura-beristain\/","name":"Equipar todos los parques de Solidaridad y hacerlos inclusivos para personas con discapacidad: Laura Beristain. - NOTICIAS DE LA 4T","isPartOf":{"@id":"https:\/\/redamlo.com\/#website"},"primaryImageOfPage":{"@id":"https:\/\/redamlo.com\/index.php\/2021\/04\/22\/equipar-todos-los-parques-de-solidaridad-y-hacerlos-inclusivos-para-personas-con-discapacidad-laura-beristain\/#primaryimage"},"image":{"@id":"https:\/\/redamlo.com\/index.php\/2021\/04\/22\/equipar-todos-los-parques-de-solidaridad-y-hacerlos-inclusivos-para-personas-con-discapacidad-laura-beristain\/#primaryimage"},"thumbnailUrl":"https:\/\/redamlo.com\/wp-content\/uploads\/2021\/04\/laura-beristain-en-bellavista.jpg","datePublished":"2021-04-23T02:25:44+00:00","breadcrumb":{"@id":"https:\/\/redamlo.com\/index.php\/2021\/04\/22\/equipar-todos-los-parques-de-solidaridad-y-hacerlos-inclusivos-para-personas-con-discapacidad-laura-beristain\/#breadcrumb"},"inLanguage":"es","potentialAction":[{"@type":"ReadAction","target":["https:\/\/redamlo.com\/index.php\/2021\/04\/22\/equipar-todos-los-parques-de-solidaridad-y-hacerlos-inclusivos-para-personas-con-discapacidad-laura-beristain\/"]}]},{"@type":"ImageObject","inLanguage":"es","@id":"https:\/\/redamlo.com\/index.php\/2021\/04\/22\/equipar-todos-los-parques-de-solidaridad-y-hacerlos-inclusivos-para-personas-con-discapacidad-laura-beristain\/#primaryimage","url":"https:\/\/redamlo.com\/wp-content\/uploads\/2021\/04\/laura-beristain-en-bellavista.jpg","contentUrl":"https:\/\/redamlo.com\/wp-content\/uploads\/2021\/04\/laura-beristain-en-bellavista.jpg","width":929,"height":692},{"@type":"BreadcrumbList","@id":"https:\/\/redamlo.com\/index.php\/2021\/04\/22\/equipar-todos-los-parques-de-solidaridad-y-hacerlos-inclusivos-para-personas-con-discapacidad-laura-beristain\/#breadcrumb","itemListElement":[{"@type":"ListItem","position":1,"name":"Inicio","item":"https:\/\/redamlo.com\/"},{"@type":"ListItem","position":2,"name":"Equipar todos los parques de Solidaridad y hacerlos inclusivos para personas con discapacidad: Laura Beristain."}]},{"@type":"WebSite","@id":"https:\/\/redamlo.com\/#website","url":"https:\/\/redamlo.com\/","name":"NOTICIAS DE LA 4T","description":"","publisher":{"@id":"https:\/\/redamlo.com\/#organization"},"potentialAction":[{"@type":"SearchAction","target":{"@type":"EntryPoint","urlTemplate":"https:\/\/redamlo.com\/?s={search_term_string}"},"query-input":{"@type":"PropertyValueSpecification","valueRequired":true,"valueName":"search_term_string"}}],"inLanguage":"es"},{"@type":"Organization","@id":"https:\/\/redamlo.com\/#organization","name":"NOTICIAS DE LA 4T","url":"https:\/\/redamlo.com\/","logo":{"@type":"ImageObject","inLanguage":"es","@id":"https:\/\/redamlo.com\/#\/schema\/logo\/image\/","url":"https:\/\/redamlo.com\/wp-content\/uploads\/2024\/08\/cropped-RED-AMLO-logo-50.png","contentUrl":"https:\/\/redamlo.com\/wp-content\/uploads\/2024\/08\/cropped-RED-AMLO-logo-50.png","width":256,"height":256,"caption":"NOTICIAS DE LA 4T"},"image":{"@id":"https:\/\/redamlo.com\/#\/schema\/logo\/image\/"}},{"@type":"Person","@id":"https:\/\/redamlo.com\/#\/schema\/person\/7223a4375eb8f1a782fcae010a7115cf","name":"Blanca","image":{"@type":"ImageObject","inLanguage":"es","@id":"https:\/\/secure.gravatar.com\/avatar\/3f79bc8336367a4e6093eae8757acaaf61d1124834b905616de7829b0273426d?s=96&d=mm&r=g","url":"https:\/\/secure.gravatar.com\/avatar\/3f79bc8336367a4e6093eae8757acaaf61d1124834b905616de7829b0273426d?s=96&d=mm&r=g","contentUrl":"https:\/\/secure.gravatar.com\/avatar\/3f79bc8336367a4e6093eae8757acaaf61d1124834b905616de7829b0273426d?s=96&d=mm&r=g","caption":"Blanca"},"url":"https:\/\/redamlo.com\/index.php\/author\/blanca\/"}]}},"_links":{"self":[{"href":"https:\/\/redamlo.com\/index.php\/wp-json\/wp\/v2\/posts\/4079","targetHints":{"allow":["GET"]}}],"collection":[{"href":"https:\/\/redamlo.com\/index.php\/wp-json\/wp\/v2\/posts"}],"about":[{"href":"https:\/\/redamlo.com\/index.php\/wp-json\/wp\/v2\/types\/post"}],"author":[{"embeddable":true,"href":"https:\/\/redamlo.com\/index.php\/wp-json\/wp\/v2\/users\/2"}],"replies":[{"embeddable":true,"href":"https:\/\/redamlo.com\/index.php\/wp-json\/wp\/v2\/comments?post=4079"}],"version-history":[{"count":0,"href":"https:\/\/redamlo.com\/index.php\/wp-json\/wp\/v2\/posts\/4079\/revisions"}],"wp:featuredmedia":[{"embeddable":true,"href":"https:\/\/redamlo.com\/index.php\/wp-json\/wp\/v2\/media\/4081"}],"wp:attachment":[{"href":"https:\/\/redamlo.com\/index.php\/wp-json\/wp\/v2\/media?parent=4079"}],"wp:term":[{"taxonomy":"category","embeddable":true,"href":"https:\/\/redamlo.com\/index.php\/wp-json\/wp\/v2\/categories?post=4079"},{"taxonomy":"post_tag","embeddable":true,"href":"https:\/\/redamlo.com\/index.php\/wp-json\/wp\/v2\/tags?post=4079"}],"curies":[{"name":"wp","href":"https:\/\/api.w.org\/{rel}","templated":true}]}}