{"id":4063,"date":"2021-04-20T09:28:23","date_gmt":"2021-04-20T14:28:23","guid":{"rendered":"https:\/\/redamlo.com\/?p=4063"},"modified":"2021-04-20T09:28:23","modified_gmt":"2021-04-20T14:28:23","slug":"el-presidente-de-mexico-recibio-vacuna-de-astrazeneca-contra-la-covid-19-en-la-mananera","status":"publish","type":"post","link":"https:\/\/redamlo.com\/index.php\/2021\/04\/20\/el-presidente-de-mexico-recibio-vacuna-de-astrazeneca-contra-la-covid-19-en-la-mananera\/","title":{"rendered":"El Presidente de M\u00e9xico recibi\u00f3 vacuna de AstraZeneca contra la COVID-19 en la ma\u00f1anera"},"content":{"rendered":"<p>El presidente <em><strong>Andr\u00e9s Manuel L\u00f3pez Obrador<\/strong><\/em> (<b><span class=\"Enhancement\"><span class=\"Enhancement-item\">AMLO<\/span><\/span><\/b>) recibi\u00f3 la vacuna contra la COVID-19 de la farmac\u00e9utica de\u00a0<b>AstraZeneca<\/b>\u00a0durante su conferencia ma\u00f1anera.<\/p>\n<p>L\u00f3pez Obrador se\u00f1al\u00f3 que no hay reacciones graves con la\u00a0<b><span class=\"Enhancement\"><span class=\"Enhancement-item\">vacuna<\/span><\/span><\/b>\u00a0de\u00a0<b>AstraZeneca\u00a0<\/b>por lo que le est\u00e1n dando seguimiento a todos los estudios en el mundo para garantizar la salud de las personas, \u201cpor eso vamos a vacunarnos y protegernos\u201d, dijo momentos antes de recibir la dosis.<\/p>\n<p>AMLO agreg\u00f3 que nada se hace por la fuerza, todo por la raz\u00f3n y el derecho. \u201cSomos libres y debemos de ejercer nuestra libertad a plenitud. Es persuadir y no imponer\u201d.<\/p>\n","protected":false},"excerpt":{"rendered":"<p>El presidente Andr\u00e9s Manuel L\u00f3pez Obrador (AMLO) recibi\u00f3 la vacuna contra la COVID-19 de la&#8230;<\/p>\n","protected":false},"author":2,"featured_media":4065,"comment_status":"open","ping_status":"closed","sticky":false,"template":"","format":"standard","meta":{"footnotes":""},"categories":[25,27],"tags":[84,726,131,727,728],"class_list":["post-4063","post","type-post","status-publish","format-standard","has-post-thumbnail","hentry","category-4t","category-presidencia","tag-amlo","tag-amlo-se-vacuna","tag-andres-manuel-lopez-obrador","tag-la-mananera","tag-vacuna-de-astrazeneca"],"yoast_head":"<!-- This site is optimized with the Yoast SEO plugin v27.5 - https:\/\/yoast.com\/product\/yoast-seo-wordpress\/ -->\n<title>El Presidente de M\u00e9xico recibi\u00f3 vacuna de AstraZeneca contra la COVID-19 en la ma\u00f1anera - NOTICIAS DE LA 4T<\/title>\n<meta name=\"robots\" content=\"noindex, follow, max-snippet:-1, max-image-preview:large, max-video-preview:-1\" \/>\n<meta property=\"og:locale\" content=\"es_MX\" \/>\n<meta property=\"og:type\" content=\"article\" \/>\n<meta property=\"og:title\" content=\"El Presidente de M\u00e9xico recibi\u00f3 vacuna de AstraZeneca contra la COVID-19 en la ma\u00f1anera - NOTICIAS DE LA 4T\" \/>\n<meta property=\"og:description\" content=\"El presidente Andr\u00e9s Manuel L\u00f3pez Obrador (AMLO) recibi\u00f3 la vacuna contra la COVID-19 de la...\" \/>\n<meta property=\"og:url\" content=\"https:\/\/redamlo.com\/index.php\/2021\/04\/20\/el-presidente-de-mexico-recibio-vacuna-de-astrazeneca-contra-la-covid-19-en-la-mananera\/\" \/>\n<meta property=\"og:site_name\" content=\"NOTICIAS DE LA 4T\" \/>\n<meta property=\"article:published_time\" content=\"2021-04-20T14:28:23+00:00\" \/>\n<meta property=\"og:image\" content=\"https:\/\/redamlo.com\/wp-content\/uploads\/2021\/04\/amlo-se-vacuna.jpg\" \/>\n\t<meta property=\"og:image:width\" content=\"1649\" \/>\n\t<meta property=\"og:image:height\" content=\"918\" \/>\n\t<meta property=\"og:image:type\" content=\"image\/jpeg\" \/>\n<meta name=\"author\" content=\"Blanca\" \/>\n<meta name=\"twitter:card\" content=\"summary_large_image\" \/>\n<meta name=\"twitter:label1\" content=\"Escrito por\" \/>\n\t<meta name=\"twitter:data1\" content=\"Blanca\" \/>\n\t<meta name=\"twitter:label2\" content=\"Tiempo de lectura\" \/>\n\t<meta name=\"twitter:data2\" content=\"1 minuto\" \/>\n<script type=\"application\/ld+json\" class=\"yoast-schema-graph\">{\"@context\":\"https:\\\/\\\/schema.org\",\"@graph\":[{\"@type\":\"Article\",\"@id\":\"https:\\\/\\\/redamlo.com\\\/index.php\\\/2021\\\/04\\\/20\\\/el-presidente-de-mexico-recibio-vacuna-de-astrazeneca-contra-la-covid-19-en-la-mananera\\\/#article\",\"isPartOf\":{\"@id\":\"https:\\\/\\\/redamlo.com\\\/index.php\\\/2021\\\/04\\\/20\\\/el-presidente-de-mexico-recibio-vacuna-de-astrazeneca-contra-la-covid-19-en-la-mananera\\\/\"},\"author\":{\"name\":\"Blanca\",\"@id\":\"https:\\\/\\\/redamlo.com\\\/#\\\/schema\\\/person\\\/7223a4375eb8f1a782fcae010a7115cf\"},\"headline\":\"El Presidente de M\u00e9xico recibi\u00f3 vacuna de AstraZeneca contra la COVID-19 en la ma\u00f1anera\",\"datePublished\":\"2021-04-20T14:28:23+00:00\",\"mainEntityOfPage\":{\"@id\":\"https:\\\/\\\/redamlo.com\\\/index.php\\\/2021\\\/04\\\/20\\\/el-presidente-de-mexico-recibio-vacuna-de-astrazeneca-contra-la-covid-19-en-la-mananera\\\/\"},\"wordCount\":125,\"commentCount\":0,\"publisher\":{\"@id\":\"https:\\\/\\\/redamlo.com\\\/#organization\"},\"image\":{\"@id\":\"https:\\\/\\\/redamlo.com\\\/index.php\\\/2021\\\/04\\\/20\\\/el-presidente-de-mexico-recibio-vacuna-de-astrazeneca-contra-la-covid-19-en-la-mananera\\\/#primaryimage\"},\"thumbnailUrl\":\"https:\\\/\\\/redamlo.com\\\/wp-content\\\/uploads\\\/2021\\\/04\\\/amlo-se-vacuna.jpg\",\"keywords\":[\"AMLO\",\"Amlo se vacuna\",\"Andr\u00e9s Manuel L\u00f3pez Obrador\",\"La Ma\u00f1anera\",\"vacuna\u00a0de\u00a0AstraZeneca\"],\"articleSection\":[\"4T\",\"Presidencia\"],\"inLanguage\":\"es\",\"potentialAction\":[{\"@type\":\"CommentAction\",\"name\":\"Comment\",\"target\":[\"https:\\\/\\\/redamlo.com\\\/index.php\\\/2021\\\/04\\\/20\\\/el-presidente-de-mexico-recibio-vacuna-de-astrazeneca-contra-la-covid-19-en-la-mananera\\\/#respond\"]}]},{\"@type\":\"WebPage\",\"@id\":\"https:\\\/\\\/redamlo.com\\\/index.php\\\/2021\\\/04\\\/20\\\/el-presidente-de-mexico-recibio-vacuna-de-astrazeneca-contra-la-covid-19-en-la-mananera\\\/\",\"url\":\"https:\\\/\\\/redamlo.com\\\/index.php\\\/2021\\\/04\\\/20\\\/el-presidente-de-mexico-recibio-vacuna-de-astrazeneca-contra-la-covid-19-en-la-mananera\\\/\",\"name\":\"El Presidente de M\u00e9xico recibi\u00f3 vacuna de AstraZeneca contra la COVID-19 en la ma\u00f1anera - NOTICIAS DE LA 4T\",\"isPartOf\":{\"@id\":\"https:\\\/\\\/redamlo.com\\\/#website\"},\"primaryImageOfPage\":{\"@id\":\"https:\\\/\\\/redamlo.com\\\/index.php\\\/2021\\\/04\\\/20\\\/el-presidente-de-mexico-recibio-vacuna-de-astrazeneca-contra-la-covid-19-en-la-mananera\\\/#primaryimage\"},\"image\":{\"@id\":\"https:\\\/\\\/redamlo.com\\\/index.php\\\/2021\\\/04\\\/20\\\/el-presidente-de-mexico-recibio-vacuna-de-astrazeneca-contra-la-covid-19-en-la-mananera\\\/#primaryimage\"},\"thumbnailUrl\":\"https:\\\/\\\/redamlo.com\\\/wp-content\\\/uploads\\\/2021\\\/04\\\/amlo-se-vacuna.jpg\",\"datePublished\":\"2021-04-20T14:28:23+00:00\",\"breadcrumb\":{\"@id\":\"https:\\\/\\\/redamlo.com\\\/index.php\\\/2021\\\/04\\\/20\\\/el-presidente-de-mexico-recibio-vacuna-de-astrazeneca-contra-la-covid-19-en-la-mananera\\\/#breadcrumb\"},\"inLanguage\":\"es\",\"potentialAction\":[{\"@type\":\"ReadAction\",\"target\":[\"https:\\\/\\\/redamlo.com\\\/index.php\\\/2021\\\/04\\\/20\\\/el-presidente-de-mexico-recibio-vacuna-de-astrazeneca-contra-la-covid-19-en-la-mananera\\\/\"]}]},{\"@type\":\"ImageObject\",\"inLanguage\":\"es\",\"@id\":\"https:\\\/\\\/redamlo.com\\\/index.php\\\/2021\\\/04\\\/20\\\/el-presidente-de-mexico-recibio-vacuna-de-astrazeneca-contra-la-covid-19-en-la-mananera\\\/#primaryimage\",\"url\":\"https:\\\/\\\/redamlo.com\\\/wp-content\\\/uploads\\\/2021\\\/04\\\/amlo-se-vacuna.jpg\",\"contentUrl\":\"https:\\\/\\\/redamlo.com\\\/wp-content\\\/uploads\\\/2021\\\/04\\\/amlo-se-vacuna.jpg\",\"width\":1649,\"height\":918},{\"@type\":\"BreadcrumbList\",\"@id\":\"https:\\\/\\\/redamlo.com\\\/index.php\\\/2021\\\/04\\\/20\\\/el-presidente-de-mexico-recibio-vacuna-de-astrazeneca-contra-la-covid-19-en-la-mananera\\\/#breadcrumb\",\"itemListElement\":[{\"@type\":\"ListItem\",\"position\":1,\"name\":\"Inicio\",\"item\":\"https:\\\/\\\/redamlo.com\\\/\"},{\"@type\":\"ListItem\",\"position\":2,\"name\":\"El Presidente de M\u00e9xico recibi\u00f3 vacuna de AstraZeneca contra la COVID-19 en la ma\u00f1anera\"}]},{\"@type\":\"WebSite\",\"@id\":\"https:\\\/\\\/redamlo.com\\\/#website\",\"url\":\"https:\\\/\\\/redamlo.com\\\/\",\"name\":\"NOTICIAS DE LA 4T\",\"description\":\"\",\"publisher\":{\"@id\":\"https:\\\/\\\/redamlo.com\\\/#organization\"},\"potentialAction\":[{\"@type\":\"SearchAction\",\"target\":{\"@type\":\"EntryPoint\",\"urlTemplate\":\"https:\\\/\\\/redamlo.com\\\/?s={search_term_string}\"},\"query-input\":{\"@type\":\"PropertyValueSpecification\",\"valueRequired\":true,\"valueName\":\"search_term_string\"}}],\"inLanguage\":\"es\"},{\"@type\":\"Organization\",\"@id\":\"https:\\\/\\\/redamlo.com\\\/#organization\",\"name\":\"NOTICIAS DE LA 4T\",\"url\":\"https:\\\/\\\/redamlo.com\\\/\",\"logo\":{\"@type\":\"ImageObject\",\"inLanguage\":\"es\",\"@id\":\"https:\\\/\\\/redamlo.com\\\/#\\\/schema\\\/logo\\\/image\\\/\",\"url\":\"https:\\\/\\\/redamlo.com\\\/wp-content\\\/uploads\\\/2024\\\/08\\\/cropped-RED-AMLO-logo-50.png\",\"contentUrl\":\"https:\\\/\\\/redamlo.com\\\/wp-content\\\/uploads\\\/2024\\\/08\\\/cropped-RED-AMLO-logo-50.png\",\"width\":256,\"height\":256,\"caption\":\"NOTICIAS DE LA 4T\"},\"image\":{\"@id\":\"https:\\\/\\\/redamlo.com\\\/#\\\/schema\\\/logo\\\/image\\\/\"}},{\"@type\":\"Person\",\"@id\":\"https:\\\/\\\/redamlo.com\\\/#\\\/schema\\\/person\\\/7223a4375eb8f1a782fcae010a7115cf\",\"name\":\"Blanca\",\"image\":{\"@type\":\"ImageObject\",\"inLanguage\":\"es\",\"@id\":\"https:\\\/\\\/secure.gravatar.com\\\/avatar\\\/3f79bc8336367a4e6093eae8757acaaf61d1124834b905616de7829b0273426d?s=96&d=mm&r=g\",\"url\":\"https:\\\/\\\/secure.gravatar.com\\\/avatar\\\/3f79bc8336367a4e6093eae8757acaaf61d1124834b905616de7829b0273426d?s=96&d=mm&r=g\",\"contentUrl\":\"https:\\\/\\\/secure.gravatar.com\\\/avatar\\\/3f79bc8336367a4e6093eae8757acaaf61d1124834b905616de7829b0273426d?s=96&d=mm&r=g\",\"caption\":\"Blanca\"},\"url\":\"https:\\\/\\\/redamlo.com\\\/index.php\\\/author\\\/blanca\\\/\"}]}<\/script>\n<!-- \/ Yoast SEO plugin. -->","yoast_head_json":{"title":"El Presidente de M\u00e9xico recibi\u00f3 vacuna de AstraZeneca contra la COVID-19 en la ma\u00f1anera - NOTICIAS DE LA 4T","robots":{"index":"noindex","follow":"follow","max-snippet":"max-snippet:-1","max-image-preview":"max-image-preview:large","max-video-preview":"max-video-preview:-1"},"og_locale":"es_MX","og_type":"article","og_title":"El Presidente de M\u00e9xico recibi\u00f3 vacuna de AstraZeneca contra la COVID-19 en la ma\u00f1anera - NOTICIAS DE LA 4T","og_description":"El presidente Andr\u00e9s Manuel L\u00f3pez Obrador (AMLO) recibi\u00f3 la vacuna contra la COVID-19 de la...","og_url":"https:\/\/redamlo.com\/index.php\/2021\/04\/20\/el-presidente-de-mexico-recibio-vacuna-de-astrazeneca-contra-la-covid-19-en-la-mananera\/","og_site_name":"NOTICIAS DE LA 4T","article_published_time":"2021-04-20T14:28:23+00:00","og_image":[{"width":1649,"height":918,"url":"https:\/\/redamlo.com\/wp-content\/uploads\/2021\/04\/amlo-se-vacuna.jpg","type":"image\/jpeg"}],"author":"Blanca","twitter_card":"summary_large_image","twitter_misc":{"Escrito por":"Blanca","Tiempo de lectura":"1 minuto"},"schema":{"@context":"https:\/\/schema.org","@graph":[{"@type":"Article","@id":"https:\/\/redamlo.com\/index.php\/2021\/04\/20\/el-presidente-de-mexico-recibio-vacuna-de-astrazeneca-contra-la-covid-19-en-la-mananera\/#article","isPartOf":{"@id":"https:\/\/redamlo.com\/index.php\/2021\/04\/20\/el-presidente-de-mexico-recibio-vacuna-de-astrazeneca-contra-la-covid-19-en-la-mananera\/"},"author":{"name":"Blanca","@id":"https:\/\/redamlo.com\/#\/schema\/person\/7223a4375eb8f1a782fcae010a7115cf"},"headline":"El Presidente de M\u00e9xico recibi\u00f3 vacuna de AstraZeneca contra la COVID-19 en la ma\u00f1anera","datePublished":"2021-04-20T14:28:23+00:00","mainEntityOfPage":{"@id":"https:\/\/redamlo.com\/index.php\/2021\/04\/20\/el-presidente-de-mexico-recibio-vacuna-de-astrazeneca-contra-la-covid-19-en-la-mananera\/"},"wordCount":125,"commentCount":0,"publisher":{"@id":"https:\/\/redamlo.com\/#organization"},"image":{"@id":"https:\/\/redamlo.com\/index.php\/2021\/04\/20\/el-presidente-de-mexico-recibio-vacuna-de-astrazeneca-contra-la-covid-19-en-la-mananera\/#primaryimage"},"thumbnailUrl":"https:\/\/redamlo.com\/wp-content\/uploads\/2021\/04\/amlo-se-vacuna.jpg","keywords":["AMLO","Amlo se vacuna","Andr\u00e9s Manuel L\u00f3pez Obrador","La Ma\u00f1anera","vacuna\u00a0de\u00a0AstraZeneca"],"articleSection":["4T","Presidencia"],"inLanguage":"es","potentialAction":[{"@type":"CommentAction","name":"Comment","target":["https:\/\/redamlo.com\/index.php\/2021\/04\/20\/el-presidente-de-mexico-recibio-vacuna-de-astrazeneca-contra-la-covid-19-en-la-mananera\/#respond"]}]},{"@type":"WebPage","@id":"https:\/\/redamlo.com\/index.php\/2021\/04\/20\/el-presidente-de-mexico-recibio-vacuna-de-astrazeneca-contra-la-covid-19-en-la-mananera\/","url":"https:\/\/redamlo.com\/index.php\/2021\/04\/20\/el-presidente-de-mexico-recibio-vacuna-de-astrazeneca-contra-la-covid-19-en-la-mananera\/","name":"El Presidente de M\u00e9xico recibi\u00f3 vacuna de AstraZeneca contra la COVID-19 en la ma\u00f1anera - NOTICIAS DE LA 4T","isPartOf":{"@id":"https:\/\/redamlo.com\/#website"},"primaryImageOfPage":{"@id":"https:\/\/redamlo.com\/index.php\/2021\/04\/20\/el-presidente-de-mexico-recibio-vacuna-de-astrazeneca-contra-la-covid-19-en-la-mananera\/#primaryimage"},"image":{"@id":"https:\/\/redamlo.com\/index.php\/2021\/04\/20\/el-presidente-de-mexico-recibio-vacuna-de-astrazeneca-contra-la-covid-19-en-la-mananera\/#primaryimage"},"thumbnailUrl":"https:\/\/redamlo.com\/wp-content\/uploads\/2021\/04\/amlo-se-vacuna.jpg","datePublished":"2021-04-20T14:28:23+00:00","breadcrumb":{"@id":"https:\/\/redamlo.com\/index.php\/2021\/04\/20\/el-presidente-de-mexico-recibio-vacuna-de-astrazeneca-contra-la-covid-19-en-la-mananera\/#breadcrumb"},"inLanguage":"es","potentialAction":[{"@type":"ReadAction","target":["https:\/\/redamlo.com\/index.php\/2021\/04\/20\/el-presidente-de-mexico-recibio-vacuna-de-astrazeneca-contra-la-covid-19-en-la-mananera\/"]}]},{"@type":"ImageObject","inLanguage":"es","@id":"https:\/\/redamlo.com\/index.php\/2021\/04\/20\/el-presidente-de-mexico-recibio-vacuna-de-astrazeneca-contra-la-covid-19-en-la-mananera\/#primaryimage","url":"https:\/\/redamlo.com\/wp-content\/uploads\/2021\/04\/amlo-se-vacuna.jpg","contentUrl":"https:\/\/redamlo.com\/wp-content\/uploads\/2021\/04\/amlo-se-vacuna.jpg","width":1649,"height":918},{"@type":"BreadcrumbList","@id":"https:\/\/redamlo.com\/index.php\/2021\/04\/20\/el-presidente-de-mexico-recibio-vacuna-de-astrazeneca-contra-la-covid-19-en-la-mananera\/#breadcrumb","itemListElement":[{"@type":"ListItem","position":1,"name":"Inicio","item":"https:\/\/redamlo.com\/"},{"@type":"ListItem","position":2,"name":"El Presidente de M\u00e9xico recibi\u00f3 vacuna de AstraZeneca contra la COVID-19 en la ma\u00f1anera"}]},{"@type":"WebSite","@id":"https:\/\/redamlo.com\/#website","url":"https:\/\/redamlo.com\/","name":"NOTICIAS DE LA 4T","description":"","publisher":{"@id":"https:\/\/redamlo.com\/#organization"},"potentialAction":[{"@type":"SearchAction","target":{"@type":"EntryPoint","urlTemplate":"https:\/\/redamlo.com\/?s={search_term_string}"},"query-input":{"@type":"PropertyValueSpecification","valueRequired":true,"valueName":"search_term_string"}}],"inLanguage":"es"},{"@type":"Organization","@id":"https:\/\/redamlo.com\/#organization","name":"NOTICIAS DE LA 4T","url":"https:\/\/redamlo.com\/","logo":{"@type":"ImageObject","inLanguage":"es","@id":"https:\/\/redamlo.com\/#\/schema\/logo\/image\/","url":"https:\/\/redamlo.com\/wp-content\/uploads\/2024\/08\/cropped-RED-AMLO-logo-50.png","contentUrl":"https:\/\/redamlo.com\/wp-content\/uploads\/2024\/08\/cropped-RED-AMLO-logo-50.png","width":256,"height":256,"caption":"NOTICIAS DE LA 4T"},"image":{"@id":"https:\/\/redamlo.com\/#\/schema\/logo\/image\/"}},{"@type":"Person","@id":"https:\/\/redamlo.com\/#\/schema\/person\/7223a4375eb8f1a782fcae010a7115cf","name":"Blanca","image":{"@type":"ImageObject","inLanguage":"es","@id":"https:\/\/secure.gravatar.com\/avatar\/3f79bc8336367a4e6093eae8757acaaf61d1124834b905616de7829b0273426d?s=96&d=mm&r=g","url":"https:\/\/secure.gravatar.com\/avatar\/3f79bc8336367a4e6093eae8757acaaf61d1124834b905616de7829b0273426d?s=96&d=mm&r=g","contentUrl":"https:\/\/secure.gravatar.com\/avatar\/3f79bc8336367a4e6093eae8757acaaf61d1124834b905616de7829b0273426d?s=96&d=mm&r=g","caption":"Blanca"},"url":"https:\/\/redamlo.com\/index.php\/author\/blanca\/"}]}},"_links":{"self":[{"href":"https:\/\/redamlo.com\/index.php\/wp-json\/wp\/v2\/posts\/4063","targetHints":{"allow":["GET"]}}],"collection":[{"href":"https:\/\/redamlo.com\/index.php\/wp-json\/wp\/v2\/posts"}],"about":[{"href":"https:\/\/redamlo.com\/index.php\/wp-json\/wp\/v2\/types\/post"}],"author":[{"embeddable":true,"href":"https:\/\/redamlo.com\/index.php\/wp-json\/wp\/v2\/users\/2"}],"replies":[{"embeddable":true,"href":"https:\/\/redamlo.com\/index.php\/wp-json\/wp\/v2\/comments?post=4063"}],"version-history":[{"count":0,"href":"https:\/\/redamlo.com\/index.php\/wp-json\/wp\/v2\/posts\/4063\/revisions"}],"wp:featuredmedia":[{"embeddable":true,"href":"https:\/\/redamlo.com\/index.php\/wp-json\/wp\/v2\/media\/4065"}],"wp:attachment":[{"href":"https:\/\/redamlo.com\/index.php\/wp-json\/wp\/v2\/media?parent=4063"}],"wp:term":[{"taxonomy":"category","embeddable":true,"href":"https:\/\/redamlo.com\/index.php\/wp-json\/wp\/v2\/categories?post=4063"},{"taxonomy":"post_tag","embeddable":true,"href":"https:\/\/redamlo.com\/index.php\/wp-json\/wp\/v2\/tags?post=4063"}],"curies":[{"name":"wp","href":"https:\/\/api.w.org\/{rel}","templated":true}]}}