{"id":4060,"date":"2021-04-19T22:22:34","date_gmt":"2021-04-20T03:22:34","guid":{"rendered":"https:\/\/redamlo.com\/?p=4060"},"modified":"2021-04-19T22:22:34","modified_gmt":"2021-04-20T03:22:34","slug":"la-cuarta-transformacion-llego-para-quedarse-laura-beristain","status":"publish","type":"post","link":"https:\/\/redamlo.com\/index.php\/2021\/04\/19\/la-cuarta-transformacion-llego-para-quedarse-laura-beristain\/","title":{"rendered":"\u201cLA CUARTA TRANSFORMACI\u00d3N LLEGO PARA QUEDARSE\u201d: LAURA BERISTAIN"},"content":{"rendered":"<p>Playa del Crmen Quintana Roo a 19 de abril 2021.-<\/p>\n<p>\u2022 La abanderada a la presidencia municipal de Solidaridad, de la coalici\u00f3n Juntos Hacemos Historia en Quintana Roo (MORENA, PT, PVEM, MAS), arranc\u00f3 campa\u00f1a en un mitin en el domo deportivo de la colonia Luis Dolnaldo Colosio<\/p>\n<p>Solidaridad, Quintana Roo, 19 de abril de 2021.- La candidata a la presidencia municipal de Solidaridad, de la coalici\u00f3n Juntos Hacemos Historia en Quintana Roo (MORENA, PT, PVEM, MAS), Laura Beristain Navarrete, afirm\u00f3 que hoy inicia un nuevo cap\u00edtulo en la historia de este municipio, una historia que estamos construyendo juntos los que creemos y trabajamos por la transformaci\u00f3n en Solidaridad, los que sabemos que la Cuarta Transformaci\u00f3n llego para quedarse, los que creemos en cuerpo y alma que juntos, haremos historia.<br \/>\nLa candidata inicio esta tarde su campa\u00f1a proselitista en el domo deportivo de la colonia Luis Donaldo Colosio, donde enfatizo: \u201cAqu\u00ed aprend\u00ed lo que significa la palabra Solidaridad y aqu\u00ed form\u00e9 mi vocaci\u00f3n genuina y honesta por ayudar a los dem\u00e1s\u201d.<\/p>\n<p>Ante cientos de personas, Laura Beristain agradeci\u00f3 la presencia a la planilla que la acompa\u00f1a en esta campa\u00f1a, \u201cpero sobre todo a ustedes, que hoy se re\u00fanen conmigo a celebrar el inicio de esta campa\u00f1a hist\u00f3rica, es gracias a ustedes que todo esto es posible. Mi reconocimiento al Partido del Trabajo, al Partido Verde y al MAS\u201d.<\/p>\n<p>Laura coment\u00f3 que algunos se preguntar\u00e1n por qu\u00e9 Solidaridad necesita un nuevo periodo de gobierno de Morena y de la coalici\u00f3n Juntos Hacemos Historia? \u00bfPor qu\u00e9 me presento nuevamente para encabezar la presidencia municipal?<\/p>\n<p>\u201cLa respuesta es muy simple, pero muy importante: para servir a todos, incluso, a los que ahora se tuvieron que quedar en casa para cuidarnos todos y ser responsables los unos de los otros, en esta pandemia que a\u00fan no termina\u201d.<\/p>\n<p>\u201cDesde el gobierno seguiremos ocup\u00e1ndonos del cuidado de tu salud y de tu bienestar\u00b4,subray\u00f3 la candidata.<br \/>\nResalt\u00f3 que con el apoyo del presidente Andr\u00e9s Manuel L\u00f3pez Obrador y con recursos propios hemos hecho mucho en Solidaridad.<\/p>\n<p>\u201cLa transformaci\u00f3n que estamos llevando a cabo, es una transformaci\u00f3n que se vive. Que ya se vive en la colonia Luis Donaldo Colosio. Pero tambi\u00e9n en la colonia Bellavista, en Villas del Sol, El Pet\u00e9n, 28 de Julio y Puerto Aventuras; y desde luego en nuestra emblem\u00e1tica 5ta Avenida y el Parque de Fundadores. Continuemos con este reto mayor que demanda la suma de voluntades, porque unidos, en Solidaridad, lo podemos todo\u201d.<br \/>\nAl arranque de campa\u00f1a de la candidata de la coalici\u00f3n Juntos Hacemos Historia en Quintana Roo, acudieron el dignatario maya, Jos\u00e9 Isabel Sulub, el Senador del PT, Jos\u00e9 Narro, Edith Cuevas y los candidatos a diputados, propietario y suplente, por el Distrito 01, Juan Carrillo Soberanis, en f\u00f3rmula con Euterpe Guti\u00e9rrez Valasis.<\/p>\n<p>\u201cEn esta segunda etapa de nuestro gobierno de la transformaci\u00f3n, junto con nuestros amigos del Partido del Trabajo, del Partido Verde y del MAS, se profundizar\u00e1n los logros alcanzados en materia de salud, econom\u00eda, cultura, educaci\u00f3n y bienestar social.<\/p>\n<p>\u201cVamos a continuar apoyando a los trabajadores, a los productores locales, a las cooperativas agropecuarias y pesqueras, a las comunidades rurales, a los comerciantes y a las micro, peque\u00f1as y medianas empresas\u201d, remarc\u00f3.<\/p>\n<p>Beristain se\u00f1al\u00f3 que la obra a\u00fan no est\u00e1 terminada, pero s\u00f3lo un gobierno encabezado por MORENA y comprometido con la Cuarta Transformaci\u00f3n puede garantizar la continuidad y el logro del proyecto iniciado en el 2018. \u201cEstoy lista para asumir el nuevo reto con total entrega y pasi\u00f3n.<\/p>\n<p>\u201cQue se oiga bien y que se oiga lejos, en Solidaridad tu voz cuenta, este gobierno es de la gente y para la gente, en Solidaridad la transformaci\u00f3n no se detiene, \u00a1la Transformaci\u00f3n se vive!<br \/>\n\u00a1La Transformaci\u00f3n se vive! de la mano de nuestro presidente Andr\u00e9s Manuel, finaliz\u00f3<\/p>\n<p><img loading=\"lazy\" decoding=\"async\" class=\"aligncenter size-full wp-image-7708\" src=\"https:\/\/redamlo.com\/wp-content\/uploads\/2021\/04\/playa-del-carmen-inicio-de-campana-de-la-cuarta-transformacion.jpg\" alt=\"\" width=\"1280\" height=\"590\" \/><\/p>\n<p>&nbsp;<\/p>\n","protected":false},"excerpt":{"rendered":"<p>Playa del Crmen Quintana Roo a 19 de abril 2021.- \u2022 La abanderada a la&#8230;<\/p>\n","protected":false},"author":2,"featured_media":4062,"comment_status":"open","ping_status":"closed","sticky":false,"template":"","format":"standard","meta":{"footnotes":""},"categories":[25],"tags":[366,436,371,724,725,24],"class_list":["post-4060","post","type-post","status-publish","format-standard","has-post-thumbnail","hentry","category-4t","tag-elecciones-2021","tag-elecciones-en-mexico","tag-elecciones-quintana-roo","tag-inicio-de-campana-de-laura-beristain-2021","tag-inicio-de-campana-en-solidaridad-quintana-roo","tag-morena"],"yoast_head":"<!-- This site is optimized with the Yoast SEO plugin v27.5 - https:\/\/yoast.com\/product\/yoast-seo-wordpress\/ -->\n<title>\u201cLA CUARTA TRANSFORMACI\u00d3N LLEGO PARA QUEDARSE\u201d: LAURA BERISTAIN - NOTICIAS DE LA 4T<\/title>\n<meta name=\"robots\" content=\"noindex, follow, max-snippet:-1, max-image-preview:large, max-video-preview:-1\" \/>\n<meta property=\"og:locale\" content=\"es_MX\" \/>\n<meta property=\"og:type\" content=\"article\" \/>\n<meta property=\"og:title\" content=\"\u201cLA CUARTA TRANSFORMACI\u00d3N LLEGO PARA QUEDARSE\u201d: LAURA BERISTAIN - NOTICIAS DE LA 4T\" \/>\n<meta property=\"og:description\" content=\"Playa del Crmen Quintana Roo a 19 de abril 2021.- \u2022 La abanderada a la...\" \/>\n<meta property=\"og:url\" content=\"https:\/\/redamlo.com\/index.php\/2021\/04\/19\/la-cuarta-transformacion-llego-para-quedarse-laura-beristain\/\" \/>\n<meta property=\"og:site_name\" content=\"NOTICIAS DE LA 4T\" \/>\n<meta property=\"article:published_time\" content=\"2021-04-20T03:22:34+00:00\" \/>\n<meta property=\"og:image\" content=\"https:\/\/redamlo.com\/wp-content\/uploads\/2021\/04\/LAURA-BERISTAIN-NAVARRETE-INICIA-CAMPANAS-EN-SOLIDARIDAD-QUINTANA-ROO-PLAYA-DEL-CARMEN.jpg\" \/>\n\t<meta property=\"og:image:width\" content=\"1280\" \/>\n\t<meta property=\"og:image:height\" content=\"590\" \/>\n\t<meta property=\"og:image:type\" content=\"image\/jpeg\" \/>\n<meta name=\"author\" content=\"Blanca\" \/>\n<meta name=\"twitter:card\" content=\"summary_large_image\" \/>\n<meta name=\"twitter:label1\" content=\"Escrito por\" \/>\n\t<meta name=\"twitter:data1\" content=\"Blanca\" \/>\n\t<meta name=\"twitter:label2\" content=\"Tiempo de lectura\" \/>\n\t<meta name=\"twitter:data2\" content=\"3 minutos\" \/>\n<script type=\"application\/ld+json\" class=\"yoast-schema-graph\">{\"@context\":\"https:\\\/\\\/schema.org\",\"@graph\":[{\"@type\":\"Article\",\"@id\":\"https:\\\/\\\/redamlo.com\\\/index.php\\\/2021\\\/04\\\/19\\\/la-cuarta-transformacion-llego-para-quedarse-laura-beristain\\\/#article\",\"isPartOf\":{\"@id\":\"https:\\\/\\\/redamlo.com\\\/index.php\\\/2021\\\/04\\\/19\\\/la-cuarta-transformacion-llego-para-quedarse-laura-beristain\\\/\"},\"author\":{\"name\":\"Blanca\",\"@id\":\"https:\\\/\\\/redamlo.com\\\/#\\\/schema\\\/person\\\/7223a4375eb8f1a782fcae010a7115cf\"},\"headline\":\"\u201cLA CUARTA TRANSFORMACI\u00d3N LLEGO PARA QUEDARSE\u201d: LAURA BERISTAIN\",\"datePublished\":\"2021-04-20T03:22:34+00:00\",\"mainEntityOfPage\":{\"@id\":\"https:\\\/\\\/redamlo.com\\\/index.php\\\/2021\\\/04\\\/19\\\/la-cuarta-transformacion-llego-para-quedarse-laura-beristain\\\/\"},\"wordCount\":677,\"commentCount\":0,\"publisher\":{\"@id\":\"https:\\\/\\\/redamlo.com\\\/#organization\"},\"image\":{\"@id\":\"https:\\\/\\\/redamlo.com\\\/index.php\\\/2021\\\/04\\\/19\\\/la-cuarta-transformacion-llego-para-quedarse-laura-beristain\\\/#primaryimage\"},\"thumbnailUrl\":\"https:\\\/\\\/redamlo.com\\\/wp-content\\\/uploads\\\/2021\\\/04\\\/LAURA-BERISTAIN-NAVARRETE-INICIA-CAMPANAS-EN-SOLIDARIDAD-QUINTANA-ROO-PLAYA-DEL-CARMEN.jpg\",\"keywords\":[\"Elecciones 2021\",\"Elecciones en M\u00e9xico\",\"Elecciones Quintana Roo\",\"Inicio de Campa\u00f1a de Laura Beristain 2021\",\"Inicio de Campa\u00f1a en Solidaridad Quintana Roo\",\"Morena\"],\"articleSection\":[\"4T\"],\"inLanguage\":\"es\",\"potentialAction\":[{\"@type\":\"CommentAction\",\"name\":\"Comment\",\"target\":[\"https:\\\/\\\/redamlo.com\\\/index.php\\\/2021\\\/04\\\/19\\\/la-cuarta-transformacion-llego-para-quedarse-laura-beristain\\\/#respond\"]}]},{\"@type\":\"WebPage\",\"@id\":\"https:\\\/\\\/redamlo.com\\\/index.php\\\/2021\\\/04\\\/19\\\/la-cuarta-transformacion-llego-para-quedarse-laura-beristain\\\/\",\"url\":\"https:\\\/\\\/redamlo.com\\\/index.php\\\/2021\\\/04\\\/19\\\/la-cuarta-transformacion-llego-para-quedarse-laura-beristain\\\/\",\"name\":\"\u201cLA CUARTA TRANSFORMACI\u00d3N LLEGO PARA QUEDARSE\u201d: LAURA BERISTAIN - NOTICIAS DE LA 4T\",\"isPartOf\":{\"@id\":\"https:\\\/\\\/redamlo.com\\\/#website\"},\"primaryImageOfPage\":{\"@id\":\"https:\\\/\\\/redamlo.com\\\/index.php\\\/2021\\\/04\\\/19\\\/la-cuarta-transformacion-llego-para-quedarse-laura-beristain\\\/#primaryimage\"},\"image\":{\"@id\":\"https:\\\/\\\/redamlo.com\\\/index.php\\\/2021\\\/04\\\/19\\\/la-cuarta-transformacion-llego-para-quedarse-laura-beristain\\\/#primaryimage\"},\"thumbnailUrl\":\"https:\\\/\\\/redamlo.com\\\/wp-content\\\/uploads\\\/2021\\\/04\\\/LAURA-BERISTAIN-NAVARRETE-INICIA-CAMPANAS-EN-SOLIDARIDAD-QUINTANA-ROO-PLAYA-DEL-CARMEN.jpg\",\"datePublished\":\"2021-04-20T03:22:34+00:00\",\"breadcrumb\":{\"@id\":\"https:\\\/\\\/redamlo.com\\\/index.php\\\/2021\\\/04\\\/19\\\/la-cuarta-transformacion-llego-para-quedarse-laura-beristain\\\/#breadcrumb\"},\"inLanguage\":\"es\",\"potentialAction\":[{\"@type\":\"ReadAction\",\"target\":[\"https:\\\/\\\/redamlo.com\\\/index.php\\\/2021\\\/04\\\/19\\\/la-cuarta-transformacion-llego-para-quedarse-laura-beristain\\\/\"]}]},{\"@type\":\"ImageObject\",\"inLanguage\":\"es\",\"@id\":\"https:\\\/\\\/redamlo.com\\\/index.php\\\/2021\\\/04\\\/19\\\/la-cuarta-transformacion-llego-para-quedarse-laura-beristain\\\/#primaryimage\",\"url\":\"https:\\\/\\\/redamlo.com\\\/wp-content\\\/uploads\\\/2021\\\/04\\\/LAURA-BERISTAIN-NAVARRETE-INICIA-CAMPANAS-EN-SOLIDARIDAD-QUINTANA-ROO-PLAYA-DEL-CARMEN.jpg\",\"contentUrl\":\"https:\\\/\\\/redamlo.com\\\/wp-content\\\/uploads\\\/2021\\\/04\\\/LAURA-BERISTAIN-NAVARRETE-INICIA-CAMPANAS-EN-SOLIDARIDAD-QUINTANA-ROO-PLAYA-DEL-CARMEN.jpg\",\"width\":1280,\"height\":590},{\"@type\":\"BreadcrumbList\",\"@id\":\"https:\\\/\\\/redamlo.com\\\/index.php\\\/2021\\\/04\\\/19\\\/la-cuarta-transformacion-llego-para-quedarse-laura-beristain\\\/#breadcrumb\",\"itemListElement\":[{\"@type\":\"ListItem\",\"position\":1,\"name\":\"Inicio\",\"item\":\"https:\\\/\\\/redamlo.com\\\/\"},{\"@type\":\"ListItem\",\"position\":2,\"name\":\"\u201cLA CUARTA TRANSFORMACI\u00d3N LLEGO PARA QUEDARSE\u201d: LAURA BERISTAIN\"}]},{\"@type\":\"WebSite\",\"@id\":\"https:\\\/\\\/redamlo.com\\\/#website\",\"url\":\"https:\\\/\\\/redamlo.com\\\/\",\"name\":\"NOTICIAS DE LA 4T\",\"description\":\"\",\"publisher\":{\"@id\":\"https:\\\/\\\/redamlo.com\\\/#organization\"},\"potentialAction\":[{\"@type\":\"SearchAction\",\"target\":{\"@type\":\"EntryPoint\",\"urlTemplate\":\"https:\\\/\\\/redamlo.com\\\/?s={search_term_string}\"},\"query-input\":{\"@type\":\"PropertyValueSpecification\",\"valueRequired\":true,\"valueName\":\"search_term_string\"}}],\"inLanguage\":\"es\"},{\"@type\":\"Organization\",\"@id\":\"https:\\\/\\\/redamlo.com\\\/#organization\",\"name\":\"NOTICIAS DE LA 4T\",\"url\":\"https:\\\/\\\/redamlo.com\\\/\",\"logo\":{\"@type\":\"ImageObject\",\"inLanguage\":\"es\",\"@id\":\"https:\\\/\\\/redamlo.com\\\/#\\\/schema\\\/logo\\\/image\\\/\",\"url\":\"https:\\\/\\\/redamlo.com\\\/wp-content\\\/uploads\\\/2024\\\/08\\\/cropped-RED-AMLO-logo-50.png\",\"contentUrl\":\"https:\\\/\\\/redamlo.com\\\/wp-content\\\/uploads\\\/2024\\\/08\\\/cropped-RED-AMLO-logo-50.png\",\"width\":256,\"height\":256,\"caption\":\"NOTICIAS DE LA 4T\"},\"image\":{\"@id\":\"https:\\\/\\\/redamlo.com\\\/#\\\/schema\\\/logo\\\/image\\\/\"}},{\"@type\":\"Person\",\"@id\":\"https:\\\/\\\/redamlo.com\\\/#\\\/schema\\\/person\\\/7223a4375eb8f1a782fcae010a7115cf\",\"name\":\"Blanca\",\"image\":{\"@type\":\"ImageObject\",\"inLanguage\":\"es\",\"@id\":\"https:\\\/\\\/secure.gravatar.com\\\/avatar\\\/3f79bc8336367a4e6093eae8757acaaf61d1124834b905616de7829b0273426d?s=96&d=mm&r=g\",\"url\":\"https:\\\/\\\/secure.gravatar.com\\\/avatar\\\/3f79bc8336367a4e6093eae8757acaaf61d1124834b905616de7829b0273426d?s=96&d=mm&r=g\",\"contentUrl\":\"https:\\\/\\\/secure.gravatar.com\\\/avatar\\\/3f79bc8336367a4e6093eae8757acaaf61d1124834b905616de7829b0273426d?s=96&d=mm&r=g\",\"caption\":\"Blanca\"},\"url\":\"https:\\\/\\\/redamlo.com\\\/index.php\\\/author\\\/blanca\\\/\"}]}<\/script>\n<!-- \/ Yoast SEO plugin. -->","yoast_head_json":{"title":"\u201cLA CUARTA TRANSFORMACI\u00d3N LLEGO PARA QUEDARSE\u201d: LAURA BERISTAIN - NOTICIAS DE LA 4T","robots":{"index":"noindex","follow":"follow","max-snippet":"max-snippet:-1","max-image-preview":"max-image-preview:large","max-video-preview":"max-video-preview:-1"},"og_locale":"es_MX","og_type":"article","og_title":"\u201cLA CUARTA TRANSFORMACI\u00d3N LLEGO PARA QUEDARSE\u201d: LAURA BERISTAIN - NOTICIAS DE LA 4T","og_description":"Playa del Crmen Quintana Roo a 19 de abril 2021.- \u2022 La abanderada a la...","og_url":"https:\/\/redamlo.com\/index.php\/2021\/04\/19\/la-cuarta-transformacion-llego-para-quedarse-laura-beristain\/","og_site_name":"NOTICIAS DE LA 4T","article_published_time":"2021-04-20T03:22:34+00:00","og_image":[{"width":1280,"height":590,"url":"https:\/\/redamlo.com\/wp-content\/uploads\/2021\/04\/LAURA-BERISTAIN-NAVARRETE-INICIA-CAMPANAS-EN-SOLIDARIDAD-QUINTANA-ROO-PLAYA-DEL-CARMEN.jpg","type":"image\/jpeg"}],"author":"Blanca","twitter_card":"summary_large_image","twitter_misc":{"Escrito por":"Blanca","Tiempo de lectura":"3 minutos"},"schema":{"@context":"https:\/\/schema.org","@graph":[{"@type":"Article","@id":"https:\/\/redamlo.com\/index.php\/2021\/04\/19\/la-cuarta-transformacion-llego-para-quedarse-laura-beristain\/#article","isPartOf":{"@id":"https:\/\/redamlo.com\/index.php\/2021\/04\/19\/la-cuarta-transformacion-llego-para-quedarse-laura-beristain\/"},"author":{"name":"Blanca","@id":"https:\/\/redamlo.com\/#\/schema\/person\/7223a4375eb8f1a782fcae010a7115cf"},"headline":"\u201cLA CUARTA TRANSFORMACI\u00d3N LLEGO PARA QUEDARSE\u201d: LAURA BERISTAIN","datePublished":"2021-04-20T03:22:34+00:00","mainEntityOfPage":{"@id":"https:\/\/redamlo.com\/index.php\/2021\/04\/19\/la-cuarta-transformacion-llego-para-quedarse-laura-beristain\/"},"wordCount":677,"commentCount":0,"publisher":{"@id":"https:\/\/redamlo.com\/#organization"},"image":{"@id":"https:\/\/redamlo.com\/index.php\/2021\/04\/19\/la-cuarta-transformacion-llego-para-quedarse-laura-beristain\/#primaryimage"},"thumbnailUrl":"https:\/\/redamlo.com\/wp-content\/uploads\/2021\/04\/LAURA-BERISTAIN-NAVARRETE-INICIA-CAMPANAS-EN-SOLIDARIDAD-QUINTANA-ROO-PLAYA-DEL-CARMEN.jpg","keywords":["Elecciones 2021","Elecciones en M\u00e9xico","Elecciones Quintana Roo","Inicio de Campa\u00f1a de Laura Beristain 2021","Inicio de Campa\u00f1a en Solidaridad Quintana Roo","Morena"],"articleSection":["4T"],"inLanguage":"es","potentialAction":[{"@type":"CommentAction","name":"Comment","target":["https:\/\/redamlo.com\/index.php\/2021\/04\/19\/la-cuarta-transformacion-llego-para-quedarse-laura-beristain\/#respond"]}]},{"@type":"WebPage","@id":"https:\/\/redamlo.com\/index.php\/2021\/04\/19\/la-cuarta-transformacion-llego-para-quedarse-laura-beristain\/","url":"https:\/\/redamlo.com\/index.php\/2021\/04\/19\/la-cuarta-transformacion-llego-para-quedarse-laura-beristain\/","name":"\u201cLA CUARTA TRANSFORMACI\u00d3N LLEGO PARA QUEDARSE\u201d: LAURA BERISTAIN - NOTICIAS DE LA 4T","isPartOf":{"@id":"https:\/\/redamlo.com\/#website"},"primaryImageOfPage":{"@id":"https:\/\/redamlo.com\/index.php\/2021\/04\/19\/la-cuarta-transformacion-llego-para-quedarse-laura-beristain\/#primaryimage"},"image":{"@id":"https:\/\/redamlo.com\/index.php\/2021\/04\/19\/la-cuarta-transformacion-llego-para-quedarse-laura-beristain\/#primaryimage"},"thumbnailUrl":"https:\/\/redamlo.com\/wp-content\/uploads\/2021\/04\/LAURA-BERISTAIN-NAVARRETE-INICIA-CAMPANAS-EN-SOLIDARIDAD-QUINTANA-ROO-PLAYA-DEL-CARMEN.jpg","datePublished":"2021-04-20T03:22:34+00:00","breadcrumb":{"@id":"https:\/\/redamlo.com\/index.php\/2021\/04\/19\/la-cuarta-transformacion-llego-para-quedarse-laura-beristain\/#breadcrumb"},"inLanguage":"es","potentialAction":[{"@type":"ReadAction","target":["https:\/\/redamlo.com\/index.php\/2021\/04\/19\/la-cuarta-transformacion-llego-para-quedarse-laura-beristain\/"]}]},{"@type":"ImageObject","inLanguage":"es","@id":"https:\/\/redamlo.com\/index.php\/2021\/04\/19\/la-cuarta-transformacion-llego-para-quedarse-laura-beristain\/#primaryimage","url":"https:\/\/redamlo.com\/wp-content\/uploads\/2021\/04\/LAURA-BERISTAIN-NAVARRETE-INICIA-CAMPANAS-EN-SOLIDARIDAD-QUINTANA-ROO-PLAYA-DEL-CARMEN.jpg","contentUrl":"https:\/\/redamlo.com\/wp-content\/uploads\/2021\/04\/LAURA-BERISTAIN-NAVARRETE-INICIA-CAMPANAS-EN-SOLIDARIDAD-QUINTANA-ROO-PLAYA-DEL-CARMEN.jpg","width":1280,"height":590},{"@type":"BreadcrumbList","@id":"https:\/\/redamlo.com\/index.php\/2021\/04\/19\/la-cuarta-transformacion-llego-para-quedarse-laura-beristain\/#breadcrumb","itemListElement":[{"@type":"ListItem","position":1,"name":"Inicio","item":"https:\/\/redamlo.com\/"},{"@type":"ListItem","position":2,"name":"\u201cLA CUARTA TRANSFORMACI\u00d3N LLEGO PARA QUEDARSE\u201d: LAURA BERISTAIN"}]},{"@type":"WebSite","@id":"https:\/\/redamlo.com\/#website","url":"https:\/\/redamlo.com\/","name":"NOTICIAS DE LA 4T","description":"","publisher":{"@id":"https:\/\/redamlo.com\/#organization"},"potentialAction":[{"@type":"SearchAction","target":{"@type":"EntryPoint","urlTemplate":"https:\/\/redamlo.com\/?s={search_term_string}"},"query-input":{"@type":"PropertyValueSpecification","valueRequired":true,"valueName":"search_term_string"}}],"inLanguage":"es"},{"@type":"Organization","@id":"https:\/\/redamlo.com\/#organization","name":"NOTICIAS DE LA 4T","url":"https:\/\/redamlo.com\/","logo":{"@type":"ImageObject","inLanguage":"es","@id":"https:\/\/redamlo.com\/#\/schema\/logo\/image\/","url":"https:\/\/redamlo.com\/wp-content\/uploads\/2024\/08\/cropped-RED-AMLO-logo-50.png","contentUrl":"https:\/\/redamlo.com\/wp-content\/uploads\/2024\/08\/cropped-RED-AMLO-logo-50.png","width":256,"height":256,"caption":"NOTICIAS DE LA 4T"},"image":{"@id":"https:\/\/redamlo.com\/#\/schema\/logo\/image\/"}},{"@type":"Person","@id":"https:\/\/redamlo.com\/#\/schema\/person\/7223a4375eb8f1a782fcae010a7115cf","name":"Blanca","image":{"@type":"ImageObject","inLanguage":"es","@id":"https:\/\/secure.gravatar.com\/avatar\/3f79bc8336367a4e6093eae8757acaaf61d1124834b905616de7829b0273426d?s=96&d=mm&r=g","url":"https:\/\/secure.gravatar.com\/avatar\/3f79bc8336367a4e6093eae8757acaaf61d1124834b905616de7829b0273426d?s=96&d=mm&r=g","contentUrl":"https:\/\/secure.gravatar.com\/avatar\/3f79bc8336367a4e6093eae8757acaaf61d1124834b905616de7829b0273426d?s=96&d=mm&r=g","caption":"Blanca"},"url":"https:\/\/redamlo.com\/index.php\/author\/blanca\/"}]}},"_links":{"self":[{"href":"https:\/\/redamlo.com\/index.php\/wp-json\/wp\/v2\/posts\/4060","targetHints":{"allow":["GET"]}}],"collection":[{"href":"https:\/\/redamlo.com\/index.php\/wp-json\/wp\/v2\/posts"}],"about":[{"href":"https:\/\/redamlo.com\/index.php\/wp-json\/wp\/v2\/types\/post"}],"author":[{"embeddable":true,"href":"https:\/\/redamlo.com\/index.php\/wp-json\/wp\/v2\/users\/2"}],"replies":[{"embeddable":true,"href":"https:\/\/redamlo.com\/index.php\/wp-json\/wp\/v2\/comments?post=4060"}],"version-history":[{"count":0,"href":"https:\/\/redamlo.com\/index.php\/wp-json\/wp\/v2\/posts\/4060\/revisions"}],"wp:featuredmedia":[{"embeddable":true,"href":"https:\/\/redamlo.com\/index.php\/wp-json\/wp\/v2\/media\/4062"}],"wp:attachment":[{"href":"https:\/\/redamlo.com\/index.php\/wp-json\/wp\/v2\/media?parent=4060"}],"wp:term":[{"taxonomy":"category","embeddable":true,"href":"https:\/\/redamlo.com\/index.php\/wp-json\/wp\/v2\/categories?post=4060"},{"taxonomy":"post_tag","embeddable":true,"href":"https:\/\/redamlo.com\/index.php\/wp-json\/wp\/v2\/tags?post=4060"}],"curies":[{"name":"wp","href":"https:\/\/api.w.org\/{rel}","templated":true}]}}