{"id":4040,"date":"2021-04-16T12:00:24","date_gmt":"2021-04-16T17:00:24","guid":{"rendered":"https:\/\/redamlo.com\/?p=4040"},"modified":"2021-04-16T12:00:24","modified_gmt":"2021-04-16T17:00:24","slug":"presentan-calendario-de-vacunacion-contra-covid-19-a-personal-educativo-de-escuelas-publicas-y-privadas","status":"publish","type":"post","link":"https:\/\/redamlo.com\/index.php\/2021\/04\/16\/presentan-calendario-de-vacunacion-contra-covid-19-a-personal-educativo-de-escuelas-publicas-y-privadas\/","title":{"rendered":"Presentan calendario de vacunaci\u00f3n contra Covid-19 a personal educativo de escuelas p\u00fablicas y privadas"},"content":{"rendered":"<p style=\"text-align: justify;\"><span style=\"font-family: Arial, Helvetica, sans-serif; color: #000000;\">M\u00c9XICO, 16 de marzo de 2021.- El presidente de M\u00e9xico, Andr\u00e9s Manuel L\u00f3pez Obrador encabez\u00f3 la presentaci\u00f3n del calendario de vacunaci\u00f3n contra Covid-19 al personal educativo con el objetivo de regresar a clases presenciales antes de concluir el actual ciclo escolar, de forma escalonada y voluntaria, en funci\u00f3n del sem\u00e1foro de riesgo epid\u00e9mico.<\/span><\/p>\n<p style=\"text-align: justify;\"><span style=\"font-family: Arial, Helvetica, sans-serif; color: #000000;\">En conferencia de prensa matutina inform\u00f3 que se aplicar\u00e1 la vacuna CanSino de una sola dosis a trabajadoras y trabajadores de escuelas p\u00fablicas y privadas.<\/span><\/p>\n<p style=\"text-align: justify;\"><span style=\"font-family: Arial, Helvetica, sans-serif; color: #000000;\">\u201cNo nos vamos a detener porque tenemos las vacunas suficientes, incluye a escuelas p\u00fablicas y privadas\u201d, remarc\u00f3.<\/span><\/p>\n<p style=\"text-align: justify;\"><span style=\"font-family: Arial, Helvetica, sans-serif; color: #000000;\">El jefe del Ejecutivo agradeci\u00f3 a las y los maestros que han mantenido el proceso de ense\u00f1anza-aprendizaje a distancia a trav\u00e9s de diferentes medios.<\/span><\/p>\n<p style=\"text-align: justify;\"><span style=\"font-family: Arial, Helvetica, sans-serif; color: #000000;\">Asimismo, a las madres y padres de los estudiantes por el acompa\u00f1amiento a sus hijas e hijos en todos los niveles educativos.<\/span><\/p>\n<p style=\"text-align: justify;\"><span style=\"font-family: Arial, Helvetica, sans-serif; color: #000000;\">\u201cAhora vamos a regresar a las clases presenciales y decirles que ya es el \u00faltimo jal\u00f3n, que nos sigan ayudando para que podamos salir bien\u201d, expres\u00f3.<\/span><\/p>\n<p style=\"text-align: justify;\"><span style=\"font-family: Arial, Helvetica, sans-serif; color: #000000;\">El subsecretario de Prevenci\u00f3n y Promoci\u00f3n de la Salud, Hugo L\u00f3pez-Gatell Ram\u00edrez, detall\u00f3 que se vacunar\u00e1 a m\u00e1s de 3 millones de trabajadoras y trabajadores de 31 entidades federativas que se suman a Campeche, donde la Brigada Correcaminos ya aplic\u00f3 22 mil 934 dosis.<\/span><\/p>\n<p style=\"text-align: justify;\"><span style=\"font-family: Arial, Helvetica, sans-serif; color: #000000;\">Indic\u00f3 que la planeaci\u00f3n se realiz\u00f3 con base en criterios t\u00e9cnicos y epidemiol\u00f3gicos a partir del puntaje del sem\u00e1foro de riesgo epid\u00e9mico de las \u00faltimas tres semanas.<\/span><\/p>\n<p style=\"text-align: justify;\"><span style=\"font-family: Arial, Helvetica, sans-serif; color: #000000;\">Se organiza de la siguiente manera:<\/span><\/p>\n<p style=\"text-align: justify;\"><span style=\"font-family: Arial, Helvetica, sans-serif; color: #000000;\">Del 20 al 27 de abril<\/span><\/p>\n<p style=\"text-align: justify;\"><span style=\"font-family: Arial, Helvetica, sans-serif; color: #000000;\">* Chiapas<\/span><br \/>\n<span style=\"font-family: Arial, Helvetica, sans-serif; color: #000000;\">* Coahuila<\/span><br \/>\n<span style=\"font-family: Arial, Helvetica, sans-serif; color: #000000;\">* Nayarit<\/span><br \/>\n<span style=\"font-family: Arial, Helvetica, sans-serif; color: #000000;\">* Veracruz<\/span><br \/>\n<span style=\"font-family: Arial, Helvetica, sans-serif; color: #000000;\">Tamaulipas<\/span><\/p>\n<p style=\"text-align: justify;\"><span style=\"font-family: Arial, Helvetica, sans-serif; color: #000000;\">Del 28 de abril al 04 de mayo<\/span><\/p>\n<p style=\"text-align: justify;\"><span style=\"font-family: Arial, Helvetica, sans-serif; color: #000000;\">* Baja California<\/span><br \/>\n<span style=\"font-family: Arial, Helvetica, sans-serif; color: #000000;\">* Oaxaca<\/span><br \/>\n<span style=\"font-family: Arial, Helvetica, sans-serif; color: #000000;\">* Nuevo Le\u00f3n<\/span><br \/>\n<span style=\"font-family: Arial, Helvetica, sans-serif; color: #000000;\">* Jalisco<\/span><br \/>\n<span style=\"font-family: Arial, Helvetica, sans-serif; color: #000000;\">* Aguascalientes<\/span><\/p>\n<p style=\"text-align: justify;\"><span style=\"font-family: Arial, Helvetica, sans-serif; color: #000000;\">Del 05 al 11 de mayo<\/span><\/p>\n<p style=\"text-align: justify;\"><span style=\"font-family: Arial, Helvetica, sans-serif; color: #000000;\">* Guanajuato<\/span><br \/>\n<span style=\"font-family: Arial, Helvetica, sans-serif; color: #000000;\">* Colima<\/span><br \/>\n<span style=\"font-family: Arial, Helvetica, sans-serif; color: #000000;\">* Morelos<\/span><br \/>\n<span style=\"font-family: Arial, Helvetica, sans-serif; color: #000000;\">* Michoac\u00e1n<\/span><br \/>\n<span style=\"font-family: Arial, Helvetica, sans-serif; color: #000000;\">* San Luis Potos\u00ed<\/span><br \/>\n<span style=\"font-family: Arial, Helvetica, sans-serif; color: #000000;\">* Durango<\/span><br \/>\n<span style=\"font-family: Arial, Helvetica, sans-serif; color: #000000;\">* Sonora<\/span><br \/>\n<span style=\"font-family: Arial, Helvetica, sans-serif; color: #000000;\">* Guerrero<\/span><\/p>\n<p style=\"text-align: justify;\"><span style=\"font-family: Arial, Helvetica, sans-serif; color: #000000;\">Del 12 al 18 de mayo<\/span><\/p>\n<p style=\"text-align: justify;\"><span style=\"font-family: Arial, Helvetica, sans-serif; color: #000000;\">* Sinaloa<\/span><br \/>\n<span style=\"font-family: Arial, Helvetica, sans-serif; color: #000000;\">* Zacatecas<\/span><br \/>\n<span style=\"font-family: Arial, Helvetica, sans-serif; color: #000000;\">* Estado de M\u00e9xico<\/span><br \/>\n<span style=\"font-family: Arial, Helvetica, sans-serif; color: #000000;\">* Hidalgo<\/span><br \/>\n<span style=\"font-family: Arial, Helvetica, sans-serif; color: #000000;\">* Tabasco<\/span><br \/>\n<span style=\"font-family: Arial, Helvetica, sans-serif; color: #000000;\">* Tlaxcala<\/span><\/p>\n<p style=\"text-align: justify;\"><span style=\"font-family: Arial, Helvetica, sans-serif; color: #000000;\">Del 19 al 28 de mayo<\/span><\/p>\n<p style=\"text-align: justify;\"><span style=\"font-family: Arial, Helvetica, sans-serif; color: #000000;\">* Quer\u00e9taro<\/span><br \/>\n<span style=\"font-family: Arial, Helvetica, sans-serif; color: #000000;\">* Quintana Roo<\/span><br \/>\n<span style=\"font-family: Arial, Helvetica, sans-serif; color: #000000;\">* Puebla<\/span><br \/>\n<span style=\"font-family: Arial, Helvetica, sans-serif; color: #000000;\">* Yucat\u00e1n<\/span><br \/>\n<span style=\"font-family: Arial, Helvetica, sans-serif; color: #000000;\">* Ciudad de M\u00e9xico<\/span><br \/>\n<span style=\"font-family: Arial, Helvetica, sans-serif; color: #000000;\">* Baja California Sur<\/span><br \/>\n<span style=\"font-family: Arial, Helvetica, sans-serif; color: #000000;\">* Chihuahua<\/span><\/p>\n<p style=\"text-align: justify;\"><span style=\"font-family: Arial, Helvetica, sans-serif; color: #000000;\">Sostuvo que la vacuna CanSino de una sola dosis brindar\u00e1 el efecto m\u00e1ximo esperado; tiene una alta eficacia comparada con las dem\u00e1s vacunas y no requiere ultracongelaci\u00f3n, lo cual permitir\u00e1 avanzar r\u00e1pidamente en el operativo de vacunaci\u00f3n.<\/span><\/p>\n<p style=\"text-align: justify;\"><span style=\"font-family: Arial, Helvetica, sans-serif; color: #000000;\">Una vez vacunadas las personas, dijo el subsecretario, a los 15 d\u00edas desarrollan los anticuerpos y con esa protecci\u00f3n inmunol\u00f3gica podr\u00e1n integrarse a las clases presenciales.<\/span><\/p>\n<p style=\"text-align: justify;\"><span style=\"font-family: Arial, Helvetica, sans-serif; color: #000000;\">Por ejemplo, despu\u00e9s del 15 de mayo podr\u00e1n abrir las escuelas de los primeros estados en vacunar al personal educativo y en la mitad de junio, en las entidades donde se vacune del 19 al 28 de mayo.<\/span><\/p>\n<p style=\"text-align: justify;\"><span style=\"font-family: Arial, Helvetica, sans-serif; color: #000000;\">\u201cEsto lo que permitir\u00e1 es el retorno al ciclo escolar vigente para culminarlo y quedar en buena preparaci\u00f3n para el siguiente ciclo despu\u00e9s de las vacaciones\u201d, remarc\u00f3.<\/span><\/p>\n<p style=\"text-align: justify;\"><span style=\"font-family: Arial, Helvetica, sans-serif; color: #000000;\">Aclar\u00f3 que este operativo no utilizar\u00e1 recursos del Operativo Correcaminos, sino que se destinaron nuevas brigadas de vacunaci\u00f3n a cargo de la Secretar\u00eda de Educaci\u00f3n P\u00fablica (SEP), del Instituto Mexicano del Seguro Social (IMSS), del Instituto de Seguridad y Servicios Sociales de los Trabajadores del Estado (ISSSTE), de la Secretar\u00eda de la Defensa Nacional (Sedena), de la Secretar\u00eda de Marina (Semar) y de la Guardia Nacional.<\/span><\/p>\n<p style=\"text-align: justify;\"><span style=\"font-family: Arial, Helvetica, sans-serif; color: #000000;\">Agreg\u00f3 que simult\u00e1neamente continuar\u00e1 el proceso de vacunaci\u00f3n con segundas dosis a personas adultas mayores y en mayo la vacunaci\u00f3n de personas de 50 a 59 a\u00f1os.<\/span><\/p>\n<p style=\"text-align: justify;\"><span style=\"font-family: Arial, Helvetica, sans-serif; color: #000000;\">\u201cNo se distraen recursos, por lo tanto se podr\u00e1 avanzar en ambos elementos\u201d, enfatiz\u00f3.<\/span><\/p>\n<p style=\"text-align: justify;\"><span style=\"font-family: Arial, Helvetica, sans-serif; color: #000000;\">La secretaria de Educaci\u00f3n, Delfina G\u00f3mez \u00c1lvarez, expuso las etapas del proceso de vacunaci\u00f3n al personal educativo. Ayer, 15 de abril, inici\u00f3 la asignaci\u00f3n y equipamiento de centros de vacunaci\u00f3n.<\/span><\/p>\n<p style=\"text-align: justify;\"><span style=\"font-family: Arial, Helvetica, sans-serif; color: #000000;\">Este d\u00eda sostendr\u00e1 una reuni\u00f3n con gobernadoras y gobernadores. Tambi\u00e9n se integrar\u00e1n los equipos del personal responsable de la vacunaci\u00f3n y distribuir\u00e1n y entregar\u00e1n vacunas, desde hoy hasta el 19 de abril para comenzar el 20 de abril en los estados antes mencionados.<\/span><\/p>\n<p style=\"text-align: justify;\"><span style=\"font-family: Arial, Helvetica, sans-serif; color: #000000;\">La titular de la SEP llam\u00f3 a la comunidad escolar, padres y madres, estudiantes y personal educativo a contribuir al cumplimiento de las medidas sanitarias a fin de garantizar un retorno seguro a las aulas.<\/span><\/p>\n<p style=\"text-align: justify;\"><span style=\"font-family: Arial, Helvetica, sans-serif; color: #000000;\">El principal, dijo, es estar atentas y atentos a la detecci\u00f3n oportuna de s\u00edntomas del Covid-19.<\/span><\/p>\n<p style=\"text-align: justify;\"><span style=\"font-family: Arial, Helvetica, sans-serif; color: #000000;\">Se conformar\u00e1n Comit\u00e9s Participativos de Salud Escolar para limpiar aulas y \u00e1reas comunes, se\u00f1alizar puntos de sana distancia y establecer filtros de corresponsabilidad.<\/span><\/p>\n<p style=\"text-align: justify;\"><span style=\"font-family: Arial, Helvetica, sans-serif; color: #000000;\">El acceso a agua y jab\u00f3n ser\u00e1 fundamental, as\u00ed como el uso de cubrebocas de tela, artesanal o paliacate en todo momento, el cual tendr\u00e1n que lavarlo o cambiarlo diariamente.<\/span><\/p>\n<p style=\"text-align: justify;\"><span style=\"font-family: Arial, Helvetica, sans-serif; color: #000000;\">Se maximizar\u00e1 el uso de espacios abiertos y suspender\u00e1n ceremonias, convivios y eventos sociales.<\/span><\/p>\n<p style=\"text-align: justify;\"><span style=\"font-family: Arial, Helvetica, sans-serif; color: #000000;\">La SEP estipul\u00f3 el regreso escalonado, es decir, lunes y mi\u00e9rcoles asistir\u00e1 una parte de cada grupo; martes y jueves, otra parte y los viernes se apoyar\u00e1 a estudiantes que lo requieran.<\/span><\/p>\n<p style=\"text-align: justify;\"><span style=\"font-family: Arial, Helvetica, sans-serif; color: #000000;\">Adem\u00e1s, pone a disposici\u00f3n las l\u00edneas 800 288 66 88y 800 734 73 76, en las que se brindar\u00e1 asesor\u00eda psicol\u00f3gica a la comunidad escolar.<\/span><\/p>\n<p>https:\/\/www.youtube.com\/watch?time_continue=860&#038;v=5piHkzL0Rps&#038;feature=emb_title<\/p>\n","protected":false},"excerpt":{"rendered":"<p>M\u00c9XICO, 16 de marzo de 2021.- El presidente de M\u00e9xico, Andr\u00e9s Manuel L\u00f3pez Obrador encabez\u00f3&#8230;<\/p>\n","protected":false},"author":2,"featured_media":4043,"comment_status":"open","ping_status":"closed","sticky":false,"template":"","format":"standard","meta":{"footnotes":""},"categories":[25,20,27],"tags":[84,131,716,473,556,87,9,567,703,279,577],"class_list":["post-4040","post","type-post","status-publish","format-standard","has-post-thumbnail","hentry","category-4t","category-nacionales","category-presidencia","tag-amlo","tag-andres-manuel-lopez-obrador","tag-brigada-correcaminos","tag-covid-19","tag-gobierno-de-mexico","tag-hugo-lopez-gatell","tag-mexico","tag-pandemia","tag-personal-educativo","tag-sep","tag-vacunacion"],"yoast_head":"<!-- This site is optimized with the Yoast SEO plugin v27.5 - https:\/\/yoast.com\/product\/yoast-seo-wordpress\/ -->\n<title>Presentan calendario de vacunaci\u00f3n contra Covid-19 a personal educativo de escuelas p\u00fablicas y privadas - NOTICIAS DE LA 4T<\/title>\n<meta name=\"robots\" content=\"noindex, follow, max-snippet:-1, max-image-preview:large, max-video-preview:-1\" \/>\n<meta property=\"og:locale\" content=\"es_MX\" \/>\n<meta property=\"og:type\" content=\"article\" \/>\n<meta property=\"og:title\" content=\"Presentan calendario de vacunaci\u00f3n contra Covid-19 a personal educativo de escuelas p\u00fablicas y privadas - NOTICIAS DE LA 4T\" \/>\n<meta property=\"og:description\" content=\"M\u00c9XICO, 16 de marzo de 2021.- El presidente de M\u00e9xico, Andr\u00e9s Manuel L\u00f3pez Obrador encabez\u00f3...\" \/>\n<meta property=\"og:url\" content=\"https:\/\/redamlo.com\/index.php\/2021\/04\/16\/presentan-calendario-de-vacunacion-contra-covid-19-a-personal-educativo-de-escuelas-publicas-y-privadas\/\" \/>\n<meta property=\"og:site_name\" content=\"NOTICIAS DE LA 4T\" \/>\n<meta property=\"article:published_time\" content=\"2021-04-16T17:00:24+00:00\" \/>\n<meta property=\"og:image\" content=\"https:\/\/redamlo.com\/wp-content\/uploads\/2021\/04\/Presentan-calendario-de-vacunacion-contra-Covid-19-a-personal-educativo-de-escuelas-publicas-y-privadas.jpg\" \/>\n\t<meta property=\"og:image:width\" content=\"1024\" \/>\n\t<meta property=\"og:image:height\" content=\"610\" \/>\n\t<meta property=\"og:image:type\" content=\"image\/jpeg\" \/>\n<meta name=\"author\" content=\"Blanca\" \/>\n<meta name=\"twitter:card\" content=\"summary_large_image\" \/>\n<meta name=\"twitter:label1\" content=\"Escrito por\" \/>\n\t<meta name=\"twitter:data1\" content=\"Blanca\" \/>\n\t<meta name=\"twitter:label2\" content=\"Tiempo de lectura\" \/>\n\t<meta name=\"twitter:data2\" content=\"4 minutos\" \/>\n<script type=\"application\/ld+json\" class=\"yoast-schema-graph\">{\"@context\":\"https:\\\/\\\/schema.org\",\"@graph\":[{\"@type\":\"Article\",\"@id\":\"https:\\\/\\\/redamlo.com\\\/index.php\\\/2021\\\/04\\\/16\\\/presentan-calendario-de-vacunacion-contra-covid-19-a-personal-educativo-de-escuelas-publicas-y-privadas\\\/#article\",\"isPartOf\":{\"@id\":\"https:\\\/\\\/redamlo.com\\\/index.php\\\/2021\\\/04\\\/16\\\/presentan-calendario-de-vacunacion-contra-covid-19-a-personal-educativo-de-escuelas-publicas-y-privadas\\\/\"},\"author\":{\"name\":\"Blanca\",\"@id\":\"https:\\\/\\\/redamlo.com\\\/#\\\/schema\\\/person\\\/7223a4375eb8f1a782fcae010a7115cf\"},\"headline\":\"Presentan calendario de vacunaci\u00f3n contra Covid-19 a personal educativo de escuelas p\u00fablicas y privadas\",\"datePublished\":\"2021-04-16T17:00:24+00:00\",\"mainEntityOfPage\":{\"@id\":\"https:\\\/\\\/redamlo.com\\\/index.php\\\/2021\\\/04\\\/16\\\/presentan-calendario-de-vacunacion-contra-covid-19-a-personal-educativo-de-escuelas-publicas-y-privadas\\\/\"},\"wordCount\":881,\"commentCount\":0,\"publisher\":{\"@id\":\"https:\\\/\\\/redamlo.com\\\/#organization\"},\"image\":{\"@id\":\"https:\\\/\\\/redamlo.com\\\/index.php\\\/2021\\\/04\\\/16\\\/presentan-calendario-de-vacunacion-contra-covid-19-a-personal-educativo-de-escuelas-publicas-y-privadas\\\/#primaryimage\"},\"thumbnailUrl\":\"https:\\\/\\\/redamlo.com\\\/wp-content\\\/uploads\\\/2021\\\/04\\\/Presentan-calendario-de-vacunacion-contra-Covid-19-a-personal-educativo-de-escuelas-publicas-y-privadas.jpg\",\"keywords\":[\"AMLO\",\"Andr\u00e9s Manuel L\u00f3pez Obrador\",\"Brigada Correcaminos\",\"COVID-19\",\"Gobierno de M\u00e9xico\",\"Hugo L\u00f3pez Gatell\",\"M\u00e9xico\",\"pandemia\",\"personal educativo\",\"SEP\",\"vacunaci\u00f3n\"],\"articleSection\":[\"4T\",\"Nacionales\",\"Presidencia\"],\"inLanguage\":\"es\",\"potentialAction\":[{\"@type\":\"CommentAction\",\"name\":\"Comment\",\"target\":[\"https:\\\/\\\/redamlo.com\\\/index.php\\\/2021\\\/04\\\/16\\\/presentan-calendario-de-vacunacion-contra-covid-19-a-personal-educativo-de-escuelas-publicas-y-privadas\\\/#respond\"]}]},{\"@type\":\"WebPage\",\"@id\":\"https:\\\/\\\/redamlo.com\\\/index.php\\\/2021\\\/04\\\/16\\\/presentan-calendario-de-vacunacion-contra-covid-19-a-personal-educativo-de-escuelas-publicas-y-privadas\\\/\",\"url\":\"https:\\\/\\\/redamlo.com\\\/index.php\\\/2021\\\/04\\\/16\\\/presentan-calendario-de-vacunacion-contra-covid-19-a-personal-educativo-de-escuelas-publicas-y-privadas\\\/\",\"name\":\"Presentan calendario de vacunaci\u00f3n contra Covid-19 a personal educativo de escuelas p\u00fablicas y privadas - NOTICIAS DE LA 4T\",\"isPartOf\":{\"@id\":\"https:\\\/\\\/redamlo.com\\\/#website\"},\"primaryImageOfPage\":{\"@id\":\"https:\\\/\\\/redamlo.com\\\/index.php\\\/2021\\\/04\\\/16\\\/presentan-calendario-de-vacunacion-contra-covid-19-a-personal-educativo-de-escuelas-publicas-y-privadas\\\/#primaryimage\"},\"image\":{\"@id\":\"https:\\\/\\\/redamlo.com\\\/index.php\\\/2021\\\/04\\\/16\\\/presentan-calendario-de-vacunacion-contra-covid-19-a-personal-educativo-de-escuelas-publicas-y-privadas\\\/#primaryimage\"},\"thumbnailUrl\":\"https:\\\/\\\/redamlo.com\\\/wp-content\\\/uploads\\\/2021\\\/04\\\/Presentan-calendario-de-vacunacion-contra-Covid-19-a-personal-educativo-de-escuelas-publicas-y-privadas.jpg\",\"datePublished\":\"2021-04-16T17:00:24+00:00\",\"breadcrumb\":{\"@id\":\"https:\\\/\\\/redamlo.com\\\/index.php\\\/2021\\\/04\\\/16\\\/presentan-calendario-de-vacunacion-contra-covid-19-a-personal-educativo-de-escuelas-publicas-y-privadas\\\/#breadcrumb\"},\"inLanguage\":\"es\",\"potentialAction\":[{\"@type\":\"ReadAction\",\"target\":[\"https:\\\/\\\/redamlo.com\\\/index.php\\\/2021\\\/04\\\/16\\\/presentan-calendario-de-vacunacion-contra-covid-19-a-personal-educativo-de-escuelas-publicas-y-privadas\\\/\"]}]},{\"@type\":\"ImageObject\",\"inLanguage\":\"es\",\"@id\":\"https:\\\/\\\/redamlo.com\\\/index.php\\\/2021\\\/04\\\/16\\\/presentan-calendario-de-vacunacion-contra-covid-19-a-personal-educativo-de-escuelas-publicas-y-privadas\\\/#primaryimage\",\"url\":\"https:\\\/\\\/redamlo.com\\\/wp-content\\\/uploads\\\/2021\\\/04\\\/Presentan-calendario-de-vacunacion-contra-Covid-19-a-personal-educativo-de-escuelas-publicas-y-privadas.jpg\",\"contentUrl\":\"https:\\\/\\\/redamlo.com\\\/wp-content\\\/uploads\\\/2021\\\/04\\\/Presentan-calendario-de-vacunacion-contra-Covid-19-a-personal-educativo-de-escuelas-publicas-y-privadas.jpg\",\"width\":1024,\"height\":610},{\"@type\":\"BreadcrumbList\",\"@id\":\"https:\\\/\\\/redamlo.com\\\/index.php\\\/2021\\\/04\\\/16\\\/presentan-calendario-de-vacunacion-contra-covid-19-a-personal-educativo-de-escuelas-publicas-y-privadas\\\/#breadcrumb\",\"itemListElement\":[{\"@type\":\"ListItem\",\"position\":1,\"name\":\"Inicio\",\"item\":\"https:\\\/\\\/redamlo.com\\\/\"},{\"@type\":\"ListItem\",\"position\":2,\"name\":\"Presentan calendario de vacunaci\u00f3n contra Covid-19 a personal educativo de escuelas p\u00fablicas y privadas\"}]},{\"@type\":\"WebSite\",\"@id\":\"https:\\\/\\\/redamlo.com\\\/#website\",\"url\":\"https:\\\/\\\/redamlo.com\\\/\",\"name\":\"NOTICIAS DE LA 4T\",\"description\":\"\",\"publisher\":{\"@id\":\"https:\\\/\\\/redamlo.com\\\/#organization\"},\"potentialAction\":[{\"@type\":\"SearchAction\",\"target\":{\"@type\":\"EntryPoint\",\"urlTemplate\":\"https:\\\/\\\/redamlo.com\\\/?s={search_term_string}\"},\"query-input\":{\"@type\":\"PropertyValueSpecification\",\"valueRequired\":true,\"valueName\":\"search_term_string\"}}],\"inLanguage\":\"es\"},{\"@type\":\"Organization\",\"@id\":\"https:\\\/\\\/redamlo.com\\\/#organization\",\"name\":\"NOTICIAS DE LA 4T\",\"url\":\"https:\\\/\\\/redamlo.com\\\/\",\"logo\":{\"@type\":\"ImageObject\",\"inLanguage\":\"es\",\"@id\":\"https:\\\/\\\/redamlo.com\\\/#\\\/schema\\\/logo\\\/image\\\/\",\"url\":\"https:\\\/\\\/redamlo.com\\\/wp-content\\\/uploads\\\/2024\\\/08\\\/cropped-RED-AMLO-logo-50.png\",\"contentUrl\":\"https:\\\/\\\/redamlo.com\\\/wp-content\\\/uploads\\\/2024\\\/08\\\/cropped-RED-AMLO-logo-50.png\",\"width\":256,\"height\":256,\"caption\":\"NOTICIAS DE LA 4T\"},\"image\":{\"@id\":\"https:\\\/\\\/redamlo.com\\\/#\\\/schema\\\/logo\\\/image\\\/\"}},{\"@type\":\"Person\",\"@id\":\"https:\\\/\\\/redamlo.com\\\/#\\\/schema\\\/person\\\/7223a4375eb8f1a782fcae010a7115cf\",\"name\":\"Blanca\",\"image\":{\"@type\":\"ImageObject\",\"inLanguage\":\"es\",\"@id\":\"https:\\\/\\\/secure.gravatar.com\\\/avatar\\\/3f79bc8336367a4e6093eae8757acaaf61d1124834b905616de7829b0273426d?s=96&d=mm&r=g\",\"url\":\"https:\\\/\\\/secure.gravatar.com\\\/avatar\\\/3f79bc8336367a4e6093eae8757acaaf61d1124834b905616de7829b0273426d?s=96&d=mm&r=g\",\"contentUrl\":\"https:\\\/\\\/secure.gravatar.com\\\/avatar\\\/3f79bc8336367a4e6093eae8757acaaf61d1124834b905616de7829b0273426d?s=96&d=mm&r=g\",\"caption\":\"Blanca\"},\"url\":\"https:\\\/\\\/redamlo.com\\\/index.php\\\/author\\\/blanca\\\/\"}]}<\/script>\n<!-- \/ Yoast SEO plugin. -->","yoast_head_json":{"title":"Presentan calendario de vacunaci\u00f3n contra Covid-19 a personal educativo de escuelas p\u00fablicas y privadas - NOTICIAS DE LA 4T","robots":{"index":"noindex","follow":"follow","max-snippet":"max-snippet:-1","max-image-preview":"max-image-preview:large","max-video-preview":"max-video-preview:-1"},"og_locale":"es_MX","og_type":"article","og_title":"Presentan calendario de vacunaci\u00f3n contra Covid-19 a personal educativo de escuelas p\u00fablicas y privadas - NOTICIAS DE LA 4T","og_description":"M\u00c9XICO, 16 de marzo de 2021.- El presidente de M\u00e9xico, Andr\u00e9s Manuel L\u00f3pez Obrador encabez\u00f3...","og_url":"https:\/\/redamlo.com\/index.php\/2021\/04\/16\/presentan-calendario-de-vacunacion-contra-covid-19-a-personal-educativo-de-escuelas-publicas-y-privadas\/","og_site_name":"NOTICIAS DE LA 4T","article_published_time":"2021-04-16T17:00:24+00:00","og_image":[{"width":1024,"height":610,"url":"https:\/\/redamlo.com\/wp-content\/uploads\/2021\/04\/Presentan-calendario-de-vacunacion-contra-Covid-19-a-personal-educativo-de-escuelas-publicas-y-privadas.jpg","type":"image\/jpeg"}],"author":"Blanca","twitter_card":"summary_large_image","twitter_misc":{"Escrito por":"Blanca","Tiempo de lectura":"4 minutos"},"schema":{"@context":"https:\/\/schema.org","@graph":[{"@type":"Article","@id":"https:\/\/redamlo.com\/index.php\/2021\/04\/16\/presentan-calendario-de-vacunacion-contra-covid-19-a-personal-educativo-de-escuelas-publicas-y-privadas\/#article","isPartOf":{"@id":"https:\/\/redamlo.com\/index.php\/2021\/04\/16\/presentan-calendario-de-vacunacion-contra-covid-19-a-personal-educativo-de-escuelas-publicas-y-privadas\/"},"author":{"name":"Blanca","@id":"https:\/\/redamlo.com\/#\/schema\/person\/7223a4375eb8f1a782fcae010a7115cf"},"headline":"Presentan calendario de vacunaci\u00f3n contra Covid-19 a personal educativo de escuelas p\u00fablicas y privadas","datePublished":"2021-04-16T17:00:24+00:00","mainEntityOfPage":{"@id":"https:\/\/redamlo.com\/index.php\/2021\/04\/16\/presentan-calendario-de-vacunacion-contra-covid-19-a-personal-educativo-de-escuelas-publicas-y-privadas\/"},"wordCount":881,"commentCount":0,"publisher":{"@id":"https:\/\/redamlo.com\/#organization"},"image":{"@id":"https:\/\/redamlo.com\/index.php\/2021\/04\/16\/presentan-calendario-de-vacunacion-contra-covid-19-a-personal-educativo-de-escuelas-publicas-y-privadas\/#primaryimage"},"thumbnailUrl":"https:\/\/redamlo.com\/wp-content\/uploads\/2021\/04\/Presentan-calendario-de-vacunacion-contra-Covid-19-a-personal-educativo-de-escuelas-publicas-y-privadas.jpg","keywords":["AMLO","Andr\u00e9s Manuel L\u00f3pez Obrador","Brigada Correcaminos","COVID-19","Gobierno de M\u00e9xico","Hugo L\u00f3pez Gatell","M\u00e9xico","pandemia","personal educativo","SEP","vacunaci\u00f3n"],"articleSection":["4T","Nacionales","Presidencia"],"inLanguage":"es","potentialAction":[{"@type":"CommentAction","name":"Comment","target":["https:\/\/redamlo.com\/index.php\/2021\/04\/16\/presentan-calendario-de-vacunacion-contra-covid-19-a-personal-educativo-de-escuelas-publicas-y-privadas\/#respond"]}]},{"@type":"WebPage","@id":"https:\/\/redamlo.com\/index.php\/2021\/04\/16\/presentan-calendario-de-vacunacion-contra-covid-19-a-personal-educativo-de-escuelas-publicas-y-privadas\/","url":"https:\/\/redamlo.com\/index.php\/2021\/04\/16\/presentan-calendario-de-vacunacion-contra-covid-19-a-personal-educativo-de-escuelas-publicas-y-privadas\/","name":"Presentan calendario de vacunaci\u00f3n contra Covid-19 a personal educativo de escuelas p\u00fablicas y privadas - NOTICIAS DE LA 4T","isPartOf":{"@id":"https:\/\/redamlo.com\/#website"},"primaryImageOfPage":{"@id":"https:\/\/redamlo.com\/index.php\/2021\/04\/16\/presentan-calendario-de-vacunacion-contra-covid-19-a-personal-educativo-de-escuelas-publicas-y-privadas\/#primaryimage"},"image":{"@id":"https:\/\/redamlo.com\/index.php\/2021\/04\/16\/presentan-calendario-de-vacunacion-contra-covid-19-a-personal-educativo-de-escuelas-publicas-y-privadas\/#primaryimage"},"thumbnailUrl":"https:\/\/redamlo.com\/wp-content\/uploads\/2021\/04\/Presentan-calendario-de-vacunacion-contra-Covid-19-a-personal-educativo-de-escuelas-publicas-y-privadas.jpg","datePublished":"2021-04-16T17:00:24+00:00","breadcrumb":{"@id":"https:\/\/redamlo.com\/index.php\/2021\/04\/16\/presentan-calendario-de-vacunacion-contra-covid-19-a-personal-educativo-de-escuelas-publicas-y-privadas\/#breadcrumb"},"inLanguage":"es","potentialAction":[{"@type":"ReadAction","target":["https:\/\/redamlo.com\/index.php\/2021\/04\/16\/presentan-calendario-de-vacunacion-contra-covid-19-a-personal-educativo-de-escuelas-publicas-y-privadas\/"]}]},{"@type":"ImageObject","inLanguage":"es","@id":"https:\/\/redamlo.com\/index.php\/2021\/04\/16\/presentan-calendario-de-vacunacion-contra-covid-19-a-personal-educativo-de-escuelas-publicas-y-privadas\/#primaryimage","url":"https:\/\/redamlo.com\/wp-content\/uploads\/2021\/04\/Presentan-calendario-de-vacunacion-contra-Covid-19-a-personal-educativo-de-escuelas-publicas-y-privadas.jpg","contentUrl":"https:\/\/redamlo.com\/wp-content\/uploads\/2021\/04\/Presentan-calendario-de-vacunacion-contra-Covid-19-a-personal-educativo-de-escuelas-publicas-y-privadas.jpg","width":1024,"height":610},{"@type":"BreadcrumbList","@id":"https:\/\/redamlo.com\/index.php\/2021\/04\/16\/presentan-calendario-de-vacunacion-contra-covid-19-a-personal-educativo-de-escuelas-publicas-y-privadas\/#breadcrumb","itemListElement":[{"@type":"ListItem","position":1,"name":"Inicio","item":"https:\/\/redamlo.com\/"},{"@type":"ListItem","position":2,"name":"Presentan calendario de vacunaci\u00f3n contra Covid-19 a personal educativo de escuelas p\u00fablicas y privadas"}]},{"@type":"WebSite","@id":"https:\/\/redamlo.com\/#website","url":"https:\/\/redamlo.com\/","name":"NOTICIAS DE LA 4T","description":"","publisher":{"@id":"https:\/\/redamlo.com\/#organization"},"potentialAction":[{"@type":"SearchAction","target":{"@type":"EntryPoint","urlTemplate":"https:\/\/redamlo.com\/?s={search_term_string}"},"query-input":{"@type":"PropertyValueSpecification","valueRequired":true,"valueName":"search_term_string"}}],"inLanguage":"es"},{"@type":"Organization","@id":"https:\/\/redamlo.com\/#organization","name":"NOTICIAS DE LA 4T","url":"https:\/\/redamlo.com\/","logo":{"@type":"ImageObject","inLanguage":"es","@id":"https:\/\/redamlo.com\/#\/schema\/logo\/image\/","url":"https:\/\/redamlo.com\/wp-content\/uploads\/2024\/08\/cropped-RED-AMLO-logo-50.png","contentUrl":"https:\/\/redamlo.com\/wp-content\/uploads\/2024\/08\/cropped-RED-AMLO-logo-50.png","width":256,"height":256,"caption":"NOTICIAS DE LA 4T"},"image":{"@id":"https:\/\/redamlo.com\/#\/schema\/logo\/image\/"}},{"@type":"Person","@id":"https:\/\/redamlo.com\/#\/schema\/person\/7223a4375eb8f1a782fcae010a7115cf","name":"Blanca","image":{"@type":"ImageObject","inLanguage":"es","@id":"https:\/\/secure.gravatar.com\/avatar\/3f79bc8336367a4e6093eae8757acaaf61d1124834b905616de7829b0273426d?s=96&d=mm&r=g","url":"https:\/\/secure.gravatar.com\/avatar\/3f79bc8336367a4e6093eae8757acaaf61d1124834b905616de7829b0273426d?s=96&d=mm&r=g","contentUrl":"https:\/\/secure.gravatar.com\/avatar\/3f79bc8336367a4e6093eae8757acaaf61d1124834b905616de7829b0273426d?s=96&d=mm&r=g","caption":"Blanca"},"url":"https:\/\/redamlo.com\/index.php\/author\/blanca\/"}]}},"_links":{"self":[{"href":"https:\/\/redamlo.com\/index.php\/wp-json\/wp\/v2\/posts\/4040","targetHints":{"allow":["GET"]}}],"collection":[{"href":"https:\/\/redamlo.com\/index.php\/wp-json\/wp\/v2\/posts"}],"about":[{"href":"https:\/\/redamlo.com\/index.php\/wp-json\/wp\/v2\/types\/post"}],"author":[{"embeddable":true,"href":"https:\/\/redamlo.com\/index.php\/wp-json\/wp\/v2\/users\/2"}],"replies":[{"embeddable":true,"href":"https:\/\/redamlo.com\/index.php\/wp-json\/wp\/v2\/comments?post=4040"}],"version-history":[{"count":0,"href":"https:\/\/redamlo.com\/index.php\/wp-json\/wp\/v2\/posts\/4040\/revisions"}],"wp:featuredmedia":[{"embeddable":true,"href":"https:\/\/redamlo.com\/index.php\/wp-json\/wp\/v2\/media\/4043"}],"wp:attachment":[{"href":"https:\/\/redamlo.com\/index.php\/wp-json\/wp\/v2\/media?parent=4040"}],"wp:term":[{"taxonomy":"category","embeddable":true,"href":"https:\/\/redamlo.com\/index.php\/wp-json\/wp\/v2\/categories?post=4040"},{"taxonomy":"post_tag","embeddable":true,"href":"https:\/\/redamlo.com\/index.php\/wp-json\/wp\/v2\/tags?post=4040"}],"curies":[{"name":"wp","href":"https:\/\/api.w.org\/{rel}","templated":true}]}}