{"id":4032,"date":"2021-04-14T11:00:34","date_gmt":"2021-04-14T16:00:34","guid":{"rendered":"https:\/\/redamlo.com\/?p=4032"},"modified":"2021-04-14T11:00:34","modified_gmt":"2021-04-14T16:00:34","slug":"gobierno-mexicano-reforzara-vigilancia-en-la-frontera-sur-para-proteger-a-ninas-y-ninos-migrantes-anuncia-lopez-obrador","status":"publish","type":"post","link":"https:\/\/redamlo.com\/index.php\/2021\/04\/14\/gobierno-mexicano-reforzara-vigilancia-en-la-frontera-sur-para-proteger-a-ninas-y-ninos-migrantes-anuncia-lopez-obrador\/","title":{"rendered":"Gobierno mexicano reforzar\u00e1 vigilancia en la frontera sur para proteger a ni\u00f1as y ni\u00f1os migrantes, anuncia L\u00f3pez Obrador"},"content":{"rendered":"<p style=\"text-align: justify;\"><span style=\"font-family: Arial, Helvetica, sans-serif; color: #000000;\">M\u00c9XICO, 14 de abril de 2021.- Con el objetivo de procurar la seguridad e integridad de las y los ni\u00f1os migrantes, el presidente de M\u00e9xico, Andr\u00e9s Manuel L\u00f3pez Obrador anunci\u00f3 que se reforzar\u00e1 la vigilancia y protecci\u00f3n en la frontera sur del pa\u00eds.<\/span><\/p>\n<p style=\"text-align: justify;\"><span style=\"font-family: Arial, Helvetica, sans-serif; color: #000000;\">En conferencia de prensa matutina afirm\u00f3 que la decisi\u00f3n del gobierno mexicano para impedir el flujo desordenado de personas busca prevenir situaciones que pongan en riesgo la vida de los menores y es congruente con la convicci\u00f3n de defensa de los derechos humanos.<\/span><\/p>\n<p style=\"text-align: justify;\"><span style=\"font-family: Arial, Helvetica, sans-serif; color: #000000;\">\u201cEs muy doloroso la utilizaci\u00f3n de los ni\u00f1os y las ni\u00f1as porque si un adulto va acompa\u00f1ado de uno, tiene m\u00e1s posibilidades de obtener la residencia en Estados Unidos, entonces hay una utilizaci\u00f3n grave. (\u2026) No se puede, ni en esos casos, utilizarlos. Si detr\u00e1s de esto hay traficantes que cobran por pasar indocumentados, no podemos permitirlo\u201d, enfatiz\u00f3.<\/span><\/p>\n<p style=\"text-align: justify;\"><span style=\"font-family: Arial, Helvetica, sans-serif; color: #000000;\">Inform\u00f3 que la pr\u00f3xima semana se reunir\u00e1 con gobernadores de Chiapas, Tabasco, Campeche y Quintana Roo y autoridades municipales de la zona fronteriza a fin de fortalecer las acciones dedicadas al cuidado de menores en tr\u00e1nsito.<\/span><\/p>\n<p style=\"text-align: justify;\"><span style=\"font-family: Arial, Helvetica, sans-serif; color: #000000;\">El jefe del Ejecutivo indic\u00f3 que la titular del Sistema Nacional para el Desarrollo Integral de la Familia (DIF), Mar\u00eda del Roc\u00edo Garc\u00eda P\u00e9rez, se encuentra en Tapachula, Chiapas, atendiendo la crisis migratoria.<\/span><\/p>\n<p style=\"text-align: justify;\"><span style=\"font-family: Arial, Helvetica, sans-serif; color: #000000;\">De acuerdo con informaci\u00f3n del Gabinete de Seguridad, el pasado martes elementos de la Guardia Nacional efectuaron el rescate de 131 migrantes hondure\u00f1os y 18 guatemaltecos en Tuxtla Guti\u00e9rrez, Chiapas; 28 de ellos eran menores de edad.<\/span><\/p>\n<p style=\"text-align: justify;\"><span style=\"font-family: Arial, Helvetica, sans-serif; color: #000000;\">El conductor, su acompa\u00f1ante y el veh\u00edculo en el que trataban de trasladarlos ilegalmente fueron puestos a disposici\u00f3n de la autoridad y se abri\u00f3 la carpeta de investigaci\u00f3n 009\/2021.<\/span><\/p>\n<p style=\"text-align: justify;\"><span style=\"font-family: Arial, Helvetica, sans-serif; color: #000000;\">El presidente L\u00f3pez Obrador reafirm\u00f3 que la atenci\u00f3n al fen\u00f3meno migratorio debe darse a trav\u00e9s de oportunidades de desarrollo y no con medidas coercitivas.<\/span><\/p>\n<p style=\"text-align: justify;\"><span style=\"font-family: Arial, Helvetica, sans-serif; color: #000000;\">Por parte de M\u00e9xico, dijo, anualmente se invierten mil 200 millones de d\u00f3lares en la implementaci\u00f3n de Sembrando Vida, programa de reforestaci\u00f3n y empleo, en Centroam\u00e9rica y en el sureste de M\u00e9xico con el prop\u00f3sito frenar la migraci\u00f3n obligatoria. Actualmente hay m\u00e1s de 400 mil trabajadores del campo inscritos.<\/span><\/p>\n<p style=\"text-align: justify;\"><span style=\"font-family: Arial, Helvetica, sans-serif; color: #000000;\">Dijo que espera que pronto se cumpla el compromiso del presidente de Estados Unidos, Joseph Biden, sobre la regularizaci\u00f3n de 11 millones de migrantes que viven y trabajan en ese pa\u00eds desde hace tiempo.<\/span><\/p>\n<p style=\"text-align: justify;\"><span style=\"font-family: Arial, Helvetica, sans-serif; color: #000000;\">\u201cHay que invertir en Centroam\u00e9rica y tambi\u00e9n no descartar el que se entreguen visas de trabajo porque se necesita la fuerza de trabajo para el crecimiento en Estados Unidos, para el crecimiento en Canad\u00e1. Que se haga un an\u00e1lisis a detalle de cu\u00e1nta fuerza de trabajo se requiere para crecer y llegar a acuerdos con los gobiernos para que se entreguen visas de trabajo\u201d, agreg\u00f3.<\/span><\/p>\n<p><iframe loading=\"lazy\" title=\"Protegeremos a menores migrantes reforzando vigilancia en frontera sur. Conferencia presidente AMLO\" width=\"640\" height=\"360\" src=\"https:\/\/www.youtube.com\/embed\/hj3RkYIlKds?start=2400&#038;feature=oembed\" frameborder=\"0\" allow=\"accelerometer; autoplay; clipboard-write; encrypted-media; gyroscope; picture-in-picture; web-share\" referrerpolicy=\"strict-origin-when-cross-origin\" allowfullscreen><\/iframe><\/p>\n","protected":false},"excerpt":{"rendered":"<p>M\u00c9XICO, 14 de abril de 2021.- Con el objetivo de procurar la seguridad e integridad&#8230;<\/p>\n","protected":false},"author":2,"featured_media":4035,"comment_status":"open","ping_status":"closed","sticky":false,"template":"","format":"standard","meta":{"footnotes":""},"categories":[25,20,27],"tags":[84,131,682,708,709,556,710,9,711,51,712],"class_list":["post-4032","post","type-post","status-publish","format-standard","has-post-thumbnail","hentry","category-4t","category-nacionales","category-presidencia","tag-amlo","tag-andres-manuel-lopez-obrador","tag-dif","tag-frontera-sur","tag-gabinete-de-seguridad","tag-gobierno-de-mexico","tag-integridad","tag-mexico","tag-ninos-migrantes","tag-seguridad","tag-vigilancia-reforzada"],"yoast_head":"<!-- This site is optimized with the Yoast SEO plugin v27.5 - https:\/\/yoast.com\/product\/yoast-seo-wordpress\/ -->\n<title>Gobierno mexicano reforzar\u00e1 vigilancia en la frontera sur para proteger a ni\u00f1as y ni\u00f1os migrantes, anuncia L\u00f3pez Obrador - NOTICIAS DE LA 4T<\/title>\n<meta name=\"robots\" content=\"noindex, follow, max-snippet:-1, max-image-preview:large, max-video-preview:-1\" \/>\n<meta property=\"og:locale\" content=\"es_MX\" \/>\n<meta property=\"og:type\" content=\"article\" \/>\n<meta property=\"og:title\" content=\"Gobierno mexicano reforzar\u00e1 vigilancia en la frontera sur para proteger a ni\u00f1as y ni\u00f1os migrantes, anuncia L\u00f3pez Obrador - NOTICIAS DE LA 4T\" \/>\n<meta property=\"og:description\" content=\"M\u00c9XICO, 14 de abril de 2021.- Con el objetivo de procurar la seguridad e integridad...\" \/>\n<meta property=\"og:url\" content=\"https:\/\/redamlo.com\/index.php\/2021\/04\/14\/gobierno-mexicano-reforzara-vigilancia-en-la-frontera-sur-para-proteger-a-ninas-y-ninos-migrantes-anuncia-lopez-obrador\/\" \/>\n<meta property=\"og:site_name\" content=\"NOTICIAS DE LA 4T\" \/>\n<meta property=\"article:published_time\" content=\"2021-04-14T16:00:34+00:00\" \/>\n<meta property=\"og:image\" content=\"https:\/\/redamlo.com\/wp-content\/uploads\/2021\/04\/Gobierno-mexicano-reforzara-vigilancia-en-la-frontera-sur-para-proteger-a-ninas-y-ninos-migrantes-anuncia-Lopez-Obrador.jpg\" \/>\n\t<meta property=\"og:image:width\" content=\"1497\" \/>\n\t<meta property=\"og:image:height\" content=\"817\" \/>\n\t<meta property=\"og:image:type\" content=\"image\/jpeg\" \/>\n<meta name=\"author\" content=\"Blanca\" \/>\n<meta name=\"twitter:card\" content=\"summary_large_image\" \/>\n<meta name=\"twitter:label1\" content=\"Escrito por\" \/>\n\t<meta name=\"twitter:data1\" content=\"Blanca\" \/>\n\t<meta name=\"twitter:label2\" content=\"Tiempo de lectura\" \/>\n\t<meta name=\"twitter:data2\" content=\"3 minutos\" \/>\n<script type=\"application\/ld+json\" class=\"yoast-schema-graph\">{\"@context\":\"https:\\\/\\\/schema.org\",\"@graph\":[{\"@type\":\"Article\",\"@id\":\"https:\\\/\\\/redamlo.com\\\/index.php\\\/2021\\\/04\\\/14\\\/gobierno-mexicano-reforzara-vigilancia-en-la-frontera-sur-para-proteger-a-ninas-y-ninos-migrantes-anuncia-lopez-obrador\\\/#article\",\"isPartOf\":{\"@id\":\"https:\\\/\\\/redamlo.com\\\/index.php\\\/2021\\\/04\\\/14\\\/gobierno-mexicano-reforzara-vigilancia-en-la-frontera-sur-para-proteger-a-ninas-y-ninos-migrantes-anuncia-lopez-obrador\\\/\"},\"author\":{\"name\":\"Blanca\",\"@id\":\"https:\\\/\\\/redamlo.com\\\/#\\\/schema\\\/person\\\/7223a4375eb8f1a782fcae010a7115cf\"},\"headline\":\"Gobierno mexicano reforzar\u00e1 vigilancia en la frontera sur para proteger a ni\u00f1as y ni\u00f1os migrantes, anuncia L\u00f3pez Obrador\",\"datePublished\":\"2021-04-14T16:00:34+00:00\",\"mainEntityOfPage\":{\"@id\":\"https:\\\/\\\/redamlo.com\\\/index.php\\\/2021\\\/04\\\/14\\\/gobierno-mexicano-reforzara-vigilancia-en-la-frontera-sur-para-proteger-a-ninas-y-ninos-migrantes-anuncia-lopez-obrador\\\/\"},\"wordCount\":526,\"commentCount\":0,\"publisher\":{\"@id\":\"https:\\\/\\\/redamlo.com\\\/#organization\"},\"image\":{\"@id\":\"https:\\\/\\\/redamlo.com\\\/index.php\\\/2021\\\/04\\\/14\\\/gobierno-mexicano-reforzara-vigilancia-en-la-frontera-sur-para-proteger-a-ninas-y-ninos-migrantes-anuncia-lopez-obrador\\\/#primaryimage\"},\"thumbnailUrl\":\"https:\\\/\\\/redamlo.com\\\/wp-content\\\/uploads\\\/2021\\\/04\\\/Gobierno-mexicano-reforzara-vigilancia-en-la-frontera-sur-para-proteger-a-ninas-y-ninos-migrantes-anuncia-Lopez-Obrador.jpg\",\"keywords\":[\"AMLO\",\"Andr\u00e9s Manuel L\u00f3pez Obrador\",\"DIF\",\"frontera sur\",\"Gabinete de Seguridad\",\"Gobierno de M\u00e9xico\",\"integridad\",\"M\u00e9xico\",\"ni\u00f1os migrantes\",\"seguridad\",\"vigilancia reforzada\"],\"articleSection\":[\"4T\",\"Nacionales\",\"Presidencia\"],\"inLanguage\":\"es\",\"potentialAction\":[{\"@type\":\"CommentAction\",\"name\":\"Comment\",\"target\":[\"https:\\\/\\\/redamlo.com\\\/index.php\\\/2021\\\/04\\\/14\\\/gobierno-mexicano-reforzara-vigilancia-en-la-frontera-sur-para-proteger-a-ninas-y-ninos-migrantes-anuncia-lopez-obrador\\\/#respond\"]}]},{\"@type\":\"WebPage\",\"@id\":\"https:\\\/\\\/redamlo.com\\\/index.php\\\/2021\\\/04\\\/14\\\/gobierno-mexicano-reforzara-vigilancia-en-la-frontera-sur-para-proteger-a-ninas-y-ninos-migrantes-anuncia-lopez-obrador\\\/\",\"url\":\"https:\\\/\\\/redamlo.com\\\/index.php\\\/2021\\\/04\\\/14\\\/gobierno-mexicano-reforzara-vigilancia-en-la-frontera-sur-para-proteger-a-ninas-y-ninos-migrantes-anuncia-lopez-obrador\\\/\",\"name\":\"Gobierno mexicano reforzar\u00e1 vigilancia en la frontera sur para proteger a ni\u00f1as y ni\u00f1os migrantes, anuncia L\u00f3pez Obrador - NOTICIAS DE LA 4T\",\"isPartOf\":{\"@id\":\"https:\\\/\\\/redamlo.com\\\/#website\"},\"primaryImageOfPage\":{\"@id\":\"https:\\\/\\\/redamlo.com\\\/index.php\\\/2021\\\/04\\\/14\\\/gobierno-mexicano-reforzara-vigilancia-en-la-frontera-sur-para-proteger-a-ninas-y-ninos-migrantes-anuncia-lopez-obrador\\\/#primaryimage\"},\"image\":{\"@id\":\"https:\\\/\\\/redamlo.com\\\/index.php\\\/2021\\\/04\\\/14\\\/gobierno-mexicano-reforzara-vigilancia-en-la-frontera-sur-para-proteger-a-ninas-y-ninos-migrantes-anuncia-lopez-obrador\\\/#primaryimage\"},\"thumbnailUrl\":\"https:\\\/\\\/redamlo.com\\\/wp-content\\\/uploads\\\/2021\\\/04\\\/Gobierno-mexicano-reforzara-vigilancia-en-la-frontera-sur-para-proteger-a-ninas-y-ninos-migrantes-anuncia-Lopez-Obrador.jpg\",\"datePublished\":\"2021-04-14T16:00:34+00:00\",\"breadcrumb\":{\"@id\":\"https:\\\/\\\/redamlo.com\\\/index.php\\\/2021\\\/04\\\/14\\\/gobierno-mexicano-reforzara-vigilancia-en-la-frontera-sur-para-proteger-a-ninas-y-ninos-migrantes-anuncia-lopez-obrador\\\/#breadcrumb\"},\"inLanguage\":\"es\",\"potentialAction\":[{\"@type\":\"ReadAction\",\"target\":[\"https:\\\/\\\/redamlo.com\\\/index.php\\\/2021\\\/04\\\/14\\\/gobierno-mexicano-reforzara-vigilancia-en-la-frontera-sur-para-proteger-a-ninas-y-ninos-migrantes-anuncia-lopez-obrador\\\/\"]}]},{\"@type\":\"ImageObject\",\"inLanguage\":\"es\",\"@id\":\"https:\\\/\\\/redamlo.com\\\/index.php\\\/2021\\\/04\\\/14\\\/gobierno-mexicano-reforzara-vigilancia-en-la-frontera-sur-para-proteger-a-ninas-y-ninos-migrantes-anuncia-lopez-obrador\\\/#primaryimage\",\"url\":\"https:\\\/\\\/redamlo.com\\\/wp-content\\\/uploads\\\/2021\\\/04\\\/Gobierno-mexicano-reforzara-vigilancia-en-la-frontera-sur-para-proteger-a-ninas-y-ninos-migrantes-anuncia-Lopez-Obrador.jpg\",\"contentUrl\":\"https:\\\/\\\/redamlo.com\\\/wp-content\\\/uploads\\\/2021\\\/04\\\/Gobierno-mexicano-reforzara-vigilancia-en-la-frontera-sur-para-proteger-a-ninas-y-ninos-migrantes-anuncia-Lopez-Obrador.jpg\",\"width\":1497,\"height\":817},{\"@type\":\"BreadcrumbList\",\"@id\":\"https:\\\/\\\/redamlo.com\\\/index.php\\\/2021\\\/04\\\/14\\\/gobierno-mexicano-reforzara-vigilancia-en-la-frontera-sur-para-proteger-a-ninas-y-ninos-migrantes-anuncia-lopez-obrador\\\/#breadcrumb\",\"itemListElement\":[{\"@type\":\"ListItem\",\"position\":1,\"name\":\"Inicio\",\"item\":\"https:\\\/\\\/redamlo.com\\\/\"},{\"@type\":\"ListItem\",\"position\":2,\"name\":\"Gobierno mexicano reforzar\u00e1 vigilancia en la frontera sur para proteger a ni\u00f1as y ni\u00f1os migrantes, anuncia L\u00f3pez Obrador\"}]},{\"@type\":\"WebSite\",\"@id\":\"https:\\\/\\\/redamlo.com\\\/#website\",\"url\":\"https:\\\/\\\/redamlo.com\\\/\",\"name\":\"NOTICIAS DE LA 4T\",\"description\":\"\",\"publisher\":{\"@id\":\"https:\\\/\\\/redamlo.com\\\/#organization\"},\"potentialAction\":[{\"@type\":\"SearchAction\",\"target\":{\"@type\":\"EntryPoint\",\"urlTemplate\":\"https:\\\/\\\/redamlo.com\\\/?s={search_term_string}\"},\"query-input\":{\"@type\":\"PropertyValueSpecification\",\"valueRequired\":true,\"valueName\":\"search_term_string\"}}],\"inLanguage\":\"es\"},{\"@type\":\"Organization\",\"@id\":\"https:\\\/\\\/redamlo.com\\\/#organization\",\"name\":\"NOTICIAS DE LA 4T\",\"url\":\"https:\\\/\\\/redamlo.com\\\/\",\"logo\":{\"@type\":\"ImageObject\",\"inLanguage\":\"es\",\"@id\":\"https:\\\/\\\/redamlo.com\\\/#\\\/schema\\\/logo\\\/image\\\/\",\"url\":\"https:\\\/\\\/redamlo.com\\\/wp-content\\\/uploads\\\/2024\\\/08\\\/cropped-RED-AMLO-logo-50.png\",\"contentUrl\":\"https:\\\/\\\/redamlo.com\\\/wp-content\\\/uploads\\\/2024\\\/08\\\/cropped-RED-AMLO-logo-50.png\",\"width\":256,\"height\":256,\"caption\":\"NOTICIAS DE LA 4T\"},\"image\":{\"@id\":\"https:\\\/\\\/redamlo.com\\\/#\\\/schema\\\/logo\\\/image\\\/\"}},{\"@type\":\"Person\",\"@id\":\"https:\\\/\\\/redamlo.com\\\/#\\\/schema\\\/person\\\/7223a4375eb8f1a782fcae010a7115cf\",\"name\":\"Blanca\",\"image\":{\"@type\":\"ImageObject\",\"inLanguage\":\"es\",\"@id\":\"https:\\\/\\\/secure.gravatar.com\\\/avatar\\\/3f79bc8336367a4e6093eae8757acaaf61d1124834b905616de7829b0273426d?s=96&d=mm&r=g\",\"url\":\"https:\\\/\\\/secure.gravatar.com\\\/avatar\\\/3f79bc8336367a4e6093eae8757acaaf61d1124834b905616de7829b0273426d?s=96&d=mm&r=g\",\"contentUrl\":\"https:\\\/\\\/secure.gravatar.com\\\/avatar\\\/3f79bc8336367a4e6093eae8757acaaf61d1124834b905616de7829b0273426d?s=96&d=mm&r=g\",\"caption\":\"Blanca\"},\"url\":\"https:\\\/\\\/redamlo.com\\\/index.php\\\/author\\\/blanca\\\/\"}]}<\/script>\n<!-- \/ Yoast SEO plugin. -->","yoast_head_json":{"title":"Gobierno mexicano reforzar\u00e1 vigilancia en la frontera sur para proteger a ni\u00f1as y ni\u00f1os migrantes, anuncia L\u00f3pez Obrador - NOTICIAS DE LA 4T","robots":{"index":"noindex","follow":"follow","max-snippet":"max-snippet:-1","max-image-preview":"max-image-preview:large","max-video-preview":"max-video-preview:-1"},"og_locale":"es_MX","og_type":"article","og_title":"Gobierno mexicano reforzar\u00e1 vigilancia en la frontera sur para proteger a ni\u00f1as y ni\u00f1os migrantes, anuncia L\u00f3pez Obrador - NOTICIAS DE LA 4T","og_description":"M\u00c9XICO, 14 de abril de 2021.- Con el objetivo de procurar la seguridad e integridad...","og_url":"https:\/\/redamlo.com\/index.php\/2021\/04\/14\/gobierno-mexicano-reforzara-vigilancia-en-la-frontera-sur-para-proteger-a-ninas-y-ninos-migrantes-anuncia-lopez-obrador\/","og_site_name":"NOTICIAS DE LA 4T","article_published_time":"2021-04-14T16:00:34+00:00","og_image":[{"width":1497,"height":817,"url":"https:\/\/redamlo.com\/wp-content\/uploads\/2021\/04\/Gobierno-mexicano-reforzara-vigilancia-en-la-frontera-sur-para-proteger-a-ninas-y-ninos-migrantes-anuncia-Lopez-Obrador.jpg","type":"image\/jpeg"}],"author":"Blanca","twitter_card":"summary_large_image","twitter_misc":{"Escrito por":"Blanca","Tiempo de lectura":"3 minutos"},"schema":{"@context":"https:\/\/schema.org","@graph":[{"@type":"Article","@id":"https:\/\/redamlo.com\/index.php\/2021\/04\/14\/gobierno-mexicano-reforzara-vigilancia-en-la-frontera-sur-para-proteger-a-ninas-y-ninos-migrantes-anuncia-lopez-obrador\/#article","isPartOf":{"@id":"https:\/\/redamlo.com\/index.php\/2021\/04\/14\/gobierno-mexicano-reforzara-vigilancia-en-la-frontera-sur-para-proteger-a-ninas-y-ninos-migrantes-anuncia-lopez-obrador\/"},"author":{"name":"Blanca","@id":"https:\/\/redamlo.com\/#\/schema\/person\/7223a4375eb8f1a782fcae010a7115cf"},"headline":"Gobierno mexicano reforzar\u00e1 vigilancia en la frontera sur para proteger a ni\u00f1as y ni\u00f1os migrantes, anuncia L\u00f3pez Obrador","datePublished":"2021-04-14T16:00:34+00:00","mainEntityOfPage":{"@id":"https:\/\/redamlo.com\/index.php\/2021\/04\/14\/gobierno-mexicano-reforzara-vigilancia-en-la-frontera-sur-para-proteger-a-ninas-y-ninos-migrantes-anuncia-lopez-obrador\/"},"wordCount":526,"commentCount":0,"publisher":{"@id":"https:\/\/redamlo.com\/#organization"},"image":{"@id":"https:\/\/redamlo.com\/index.php\/2021\/04\/14\/gobierno-mexicano-reforzara-vigilancia-en-la-frontera-sur-para-proteger-a-ninas-y-ninos-migrantes-anuncia-lopez-obrador\/#primaryimage"},"thumbnailUrl":"https:\/\/redamlo.com\/wp-content\/uploads\/2021\/04\/Gobierno-mexicano-reforzara-vigilancia-en-la-frontera-sur-para-proteger-a-ninas-y-ninos-migrantes-anuncia-Lopez-Obrador.jpg","keywords":["AMLO","Andr\u00e9s Manuel L\u00f3pez Obrador","DIF","frontera sur","Gabinete de Seguridad","Gobierno de M\u00e9xico","integridad","M\u00e9xico","ni\u00f1os migrantes","seguridad","vigilancia reforzada"],"articleSection":["4T","Nacionales","Presidencia"],"inLanguage":"es","potentialAction":[{"@type":"CommentAction","name":"Comment","target":["https:\/\/redamlo.com\/index.php\/2021\/04\/14\/gobierno-mexicano-reforzara-vigilancia-en-la-frontera-sur-para-proteger-a-ninas-y-ninos-migrantes-anuncia-lopez-obrador\/#respond"]}]},{"@type":"WebPage","@id":"https:\/\/redamlo.com\/index.php\/2021\/04\/14\/gobierno-mexicano-reforzara-vigilancia-en-la-frontera-sur-para-proteger-a-ninas-y-ninos-migrantes-anuncia-lopez-obrador\/","url":"https:\/\/redamlo.com\/index.php\/2021\/04\/14\/gobierno-mexicano-reforzara-vigilancia-en-la-frontera-sur-para-proteger-a-ninas-y-ninos-migrantes-anuncia-lopez-obrador\/","name":"Gobierno mexicano reforzar\u00e1 vigilancia en la frontera sur para proteger a ni\u00f1as y ni\u00f1os migrantes, anuncia L\u00f3pez Obrador - NOTICIAS DE LA 4T","isPartOf":{"@id":"https:\/\/redamlo.com\/#website"},"primaryImageOfPage":{"@id":"https:\/\/redamlo.com\/index.php\/2021\/04\/14\/gobierno-mexicano-reforzara-vigilancia-en-la-frontera-sur-para-proteger-a-ninas-y-ninos-migrantes-anuncia-lopez-obrador\/#primaryimage"},"image":{"@id":"https:\/\/redamlo.com\/index.php\/2021\/04\/14\/gobierno-mexicano-reforzara-vigilancia-en-la-frontera-sur-para-proteger-a-ninas-y-ninos-migrantes-anuncia-lopez-obrador\/#primaryimage"},"thumbnailUrl":"https:\/\/redamlo.com\/wp-content\/uploads\/2021\/04\/Gobierno-mexicano-reforzara-vigilancia-en-la-frontera-sur-para-proteger-a-ninas-y-ninos-migrantes-anuncia-Lopez-Obrador.jpg","datePublished":"2021-04-14T16:00:34+00:00","breadcrumb":{"@id":"https:\/\/redamlo.com\/index.php\/2021\/04\/14\/gobierno-mexicano-reforzara-vigilancia-en-la-frontera-sur-para-proteger-a-ninas-y-ninos-migrantes-anuncia-lopez-obrador\/#breadcrumb"},"inLanguage":"es","potentialAction":[{"@type":"ReadAction","target":["https:\/\/redamlo.com\/index.php\/2021\/04\/14\/gobierno-mexicano-reforzara-vigilancia-en-la-frontera-sur-para-proteger-a-ninas-y-ninos-migrantes-anuncia-lopez-obrador\/"]}]},{"@type":"ImageObject","inLanguage":"es","@id":"https:\/\/redamlo.com\/index.php\/2021\/04\/14\/gobierno-mexicano-reforzara-vigilancia-en-la-frontera-sur-para-proteger-a-ninas-y-ninos-migrantes-anuncia-lopez-obrador\/#primaryimage","url":"https:\/\/redamlo.com\/wp-content\/uploads\/2021\/04\/Gobierno-mexicano-reforzara-vigilancia-en-la-frontera-sur-para-proteger-a-ninas-y-ninos-migrantes-anuncia-Lopez-Obrador.jpg","contentUrl":"https:\/\/redamlo.com\/wp-content\/uploads\/2021\/04\/Gobierno-mexicano-reforzara-vigilancia-en-la-frontera-sur-para-proteger-a-ninas-y-ninos-migrantes-anuncia-Lopez-Obrador.jpg","width":1497,"height":817},{"@type":"BreadcrumbList","@id":"https:\/\/redamlo.com\/index.php\/2021\/04\/14\/gobierno-mexicano-reforzara-vigilancia-en-la-frontera-sur-para-proteger-a-ninas-y-ninos-migrantes-anuncia-lopez-obrador\/#breadcrumb","itemListElement":[{"@type":"ListItem","position":1,"name":"Inicio","item":"https:\/\/redamlo.com\/"},{"@type":"ListItem","position":2,"name":"Gobierno mexicano reforzar\u00e1 vigilancia en la frontera sur para proteger a ni\u00f1as y ni\u00f1os migrantes, anuncia L\u00f3pez Obrador"}]},{"@type":"WebSite","@id":"https:\/\/redamlo.com\/#website","url":"https:\/\/redamlo.com\/","name":"NOTICIAS DE LA 4T","description":"","publisher":{"@id":"https:\/\/redamlo.com\/#organization"},"potentialAction":[{"@type":"SearchAction","target":{"@type":"EntryPoint","urlTemplate":"https:\/\/redamlo.com\/?s={search_term_string}"},"query-input":{"@type":"PropertyValueSpecification","valueRequired":true,"valueName":"search_term_string"}}],"inLanguage":"es"},{"@type":"Organization","@id":"https:\/\/redamlo.com\/#organization","name":"NOTICIAS DE LA 4T","url":"https:\/\/redamlo.com\/","logo":{"@type":"ImageObject","inLanguage":"es","@id":"https:\/\/redamlo.com\/#\/schema\/logo\/image\/","url":"https:\/\/redamlo.com\/wp-content\/uploads\/2024\/08\/cropped-RED-AMLO-logo-50.png","contentUrl":"https:\/\/redamlo.com\/wp-content\/uploads\/2024\/08\/cropped-RED-AMLO-logo-50.png","width":256,"height":256,"caption":"NOTICIAS DE LA 4T"},"image":{"@id":"https:\/\/redamlo.com\/#\/schema\/logo\/image\/"}},{"@type":"Person","@id":"https:\/\/redamlo.com\/#\/schema\/person\/7223a4375eb8f1a782fcae010a7115cf","name":"Blanca","image":{"@type":"ImageObject","inLanguage":"es","@id":"https:\/\/secure.gravatar.com\/avatar\/3f79bc8336367a4e6093eae8757acaaf61d1124834b905616de7829b0273426d?s=96&d=mm&r=g","url":"https:\/\/secure.gravatar.com\/avatar\/3f79bc8336367a4e6093eae8757acaaf61d1124834b905616de7829b0273426d?s=96&d=mm&r=g","contentUrl":"https:\/\/secure.gravatar.com\/avatar\/3f79bc8336367a4e6093eae8757acaaf61d1124834b905616de7829b0273426d?s=96&d=mm&r=g","caption":"Blanca"},"url":"https:\/\/redamlo.com\/index.php\/author\/blanca\/"}]}},"_links":{"self":[{"href":"https:\/\/redamlo.com\/index.php\/wp-json\/wp\/v2\/posts\/4032","targetHints":{"allow":["GET"]}}],"collection":[{"href":"https:\/\/redamlo.com\/index.php\/wp-json\/wp\/v2\/posts"}],"about":[{"href":"https:\/\/redamlo.com\/index.php\/wp-json\/wp\/v2\/types\/post"}],"author":[{"embeddable":true,"href":"https:\/\/redamlo.com\/index.php\/wp-json\/wp\/v2\/users\/2"}],"replies":[{"embeddable":true,"href":"https:\/\/redamlo.com\/index.php\/wp-json\/wp\/v2\/comments?post=4032"}],"version-history":[{"count":0,"href":"https:\/\/redamlo.com\/index.php\/wp-json\/wp\/v2\/posts\/4032\/revisions"}],"wp:featuredmedia":[{"embeddable":true,"href":"https:\/\/redamlo.com\/index.php\/wp-json\/wp\/v2\/media\/4035"}],"wp:attachment":[{"href":"https:\/\/redamlo.com\/index.php\/wp-json\/wp\/v2\/media?parent=4032"}],"wp:term":[{"taxonomy":"category","embeddable":true,"href":"https:\/\/redamlo.com\/index.php\/wp-json\/wp\/v2\/categories?post=4032"},{"taxonomy":"post_tag","embeddable":true,"href":"https:\/\/redamlo.com\/index.php\/wp-json\/wp\/v2\/tags?post=4032"}],"curies":[{"name":"wp","href":"https:\/\/api.w.org\/{rel}","templated":true}]}}