{"id":3992,"date":"2021-04-08T15:00:30","date_gmt":"2021-04-08T20:00:30","guid":{"rendered":"https:\/\/redamlo.com\/?p=3992"},"modified":"2021-04-08T15:00:30","modified_gmt":"2021-04-08T20:00:30","slug":"presentan-avances-en-busqueda-de-personas-desaparecidas-disminuyen-fosas-clandestinas-y-aumenta-recuperacion-de-cuerpos","status":"publish","type":"post","link":"https:\/\/redamlo.com\/index.php\/2021\/04\/08\/presentan-avances-en-busqueda-de-personas-desaparecidas-disminuyen-fosas-clandestinas-y-aumenta-recuperacion-de-cuerpos\/","title":{"rendered":"Presentan avances en b\u00fasqueda de personas desaparecidas; disminuyen fosas clandestinas y aumenta recuperaci\u00f3n de cuerpos"},"content":{"rendered":"<p style=\"text-align: justify;\"><span style=\"font-family: Arial, Helvetica, sans-serif; color: #000000;\">M\u00c9XICO, 08 de abril de 2021.- El presidente de M\u00e9xico, Andr\u00e9s Manuel L\u00f3pez Obrador encabez\u00f3 el informe de avances de la b\u00fasqueda e identificaci\u00f3n de personas desaparecidas.<\/span><\/p>\n<p style=\"text-align: justify;\"><span style=\"font-family: Arial, Helvetica, sans-serif; color: #000000;\">Afirm\u00f3 que en esta materia se realiza una labor profesional y responsable \u201ccomo nunca se hab\u00eda llevado a cabo en este asunto tan doloroso\u201d.<\/span><\/p>\n<p style=\"text-align: justify;\"><span style=\"font-family: Arial, Helvetica, sans-serif; color: #000000;\">El jefe del Ejecutivo afirm\u00f3 que este gobierno ha podido disminuir la incidencia delictiva en general y reconoci\u00f3 que los homicidios, feminicidios y la extorsi\u00f3n son los retos en materia de seguridad.<\/span><\/p>\n<p style=\"text-align: justify;\"><span style=\"font-family: Arial, Helvetica, sans-serif; color: #000000;\">\u201cTodo lo dem\u00e1s, secuestro, robo de veh\u00edculo, robo a transporte p\u00fablico, robo a casa habitaci\u00f3n, todo a la baja y considerablemente\u201d, enfatiz\u00f3.<\/span><\/p>\n<p style=\"text-align: justify;\"><span style=\"font-family: Arial, Helvetica, sans-serif; color: #000000;\">El subsecretario de Derechos Humanos, Poblaci\u00f3n y Migraci\u00f3n, Alejandro Encinas Rodr\u00edguez, inform\u00f3 que, a pesar de la prevalencia del hallazgo de fosas clandestinas, en 2020 se registr\u00f3 un disminuci\u00f3n del 33 por ciento en el n\u00famero de fosas localizadas y de 18 por ciento en los cuerpos recuperados.<\/span><\/p>\n<p style=\"text-align: justify;\"><span style=\"font-family: Arial, Helvetica, sans-serif; color: #000000;\">\u201cEsta tendencia afortunadamente se mantiene durante el primer trimestre del presente a\u00f1o. Estamos convencidos de que de mantenerse esta tendencia descendente estaremos por debajo del cierre del 2020\u201d, puntualiz\u00f3.<\/span><\/p>\n<p style=\"text-align: justify;\"><span style=\"font-family: Arial, Helvetica, sans-serif; color: #000000;\">Sostuvo que se intensificaron las labores de b\u00fasqueda, en las que contribuyen familiares de v\u00edctimas y organizaciones. En los primeros tres meses y una semana de 2021 se han llevado a cabo 293 acciones en la materia en m\u00e1s de 228 municipios.<\/span><\/p>\n<p style=\"text-align: justify;\"><span style=\"font-family: Arial, Helvetica, sans-serif; color: #000000;\">Al respecto, la comisionada nacional de B\u00fasqueda de Personas Desaparecidas, Karla Quintana Osuna, detall\u00f3 que desde el 8 de febrero de 2019 se han realizado mil 413 jornadas de b\u00fasqueda.<\/span><\/p>\n<p style=\"text-align: justify;\"><span style=\"font-family: Arial, Helvetica, sans-serif; color: #000000;\">El subsecretario indic\u00f3 que se registr\u00f3 un aumento en la entrega de cuerpos recuperados a familiares de v\u00edctimas. Entre diciembre de 2018 y marzo de 2021, cerca de 38 por ciento han sido identificados y 22.6 por ciento fueron entregados a sus familiares.<\/span><\/p>\n<p style=\"text-align: justify;\"><span style=\"font-family: Arial, Helvetica, sans-serif; color: #000000;\">Los estados que concentran el mayor n\u00famero de cuerpos recuperados en fosas clandestinas son Jalisco, Sinaloa, Colima, Guanajuato y Sonora con el 65.9 por ciento de los cuerpos recuperados desde el inicio de la administraci\u00f3n hasta este mes.<\/span><\/p>\n<p style=\"text-align: justify;\"><span style=\"font-family: Arial, Helvetica, sans-serif; color: #000000;\">De acuerdo con informaci\u00f3n proporcionada por las fiscal\u00edas estatales y la Fiscal\u00eda General de la Rep\u00fablica, el n\u00famero de reportes de personas desaparecidas o no localizadas alcanza hasta este d\u00eda la cifra de 85 mil 6 personas desde 2006 hasta el 07 de abril de este a\u00f1o.<\/span><\/p>\n<p style=\"text-align: justify;\"><span style=\"font-family: Arial, Helvetica, sans-serif; color: #000000;\">Los estados que concentran el mayor n\u00famero de reportes de personas desaparecidas son Jalisco, Michoac\u00e1n, Ciudad de M\u00e9xico, Tamaulipas, Nuevo Le\u00f3n, Guanajuato, Sonora, Sinaloa, Zacatecas y el Estado de M\u00e9xico.<\/span><\/p>\n<p style=\"text-align: justify;\"><span style=\"font-family: Arial, Helvetica, sans-serif; color: #000000;\">El subsecretario expuso que se ha registrado una disminuci\u00f3n de 22.5 por ciento en el n\u00famero de reportes de desaparici\u00f3n presentadas en el periodo de abril de 2019 a marzo de 2020 respecto del periodo de abril de 2020 y marzo de 2021.<\/span><\/p>\n<p style=\"text-align: justify;\"><span style=\"font-family: Arial, Helvetica, sans-serif; color: #000000;\">\u201cEsta es la disminuci\u00f3n m\u00e1s significativa que hemos tenido en este periodo lo cual marca una tendencia en los \u00faltimos dos a\u00f1os despu\u00e9s de los picos que alcanzamos en el 2019\u201d, destac\u00f3.<\/span><\/p>\n<p style=\"text-align: justify;\"><span style=\"font-family: Arial, Helvetica, sans-serif; color: #000000;\">De las 44 mil 174 personas reportadas como desparecidas en el periodo diciembre de 2018 al 7 de abril de 2021, fueron localizadas el 55.80 por ciento, manteni\u00e9ndose las labores de b\u00fasqueda del 44.20 por ciento de las personas desaparecidas.<\/span><\/p>\n<p style=\"text-align: justify;\"><span style=\"font-family: Arial, Helvetica, sans-serif; color: #000000;\">Del total de personas localizadas en este periodo, el 92 por ciento fueron localizadas con vida, 22 mil 676, y el 8 por ciento fallecidas, mil 971.<\/span><\/p>\n<p style=\"text-align: justify;\"><span style=\"font-family: Arial, Helvetica, sans-serif; color: #000000;\">Las mujeres representan el 24.83 por ciento de personas desaparecidas; las menores de 18 a\u00f1os, ni\u00f1as y adolescentes mujeres representan un 55.65 por ciento de las desaparecidas, y la mayor\u00eda de ellas, tiene entre 10 y 17 a\u00f1os.<\/span><\/p>\n<p style=\"text-align: justify;\"><span style=\"font-family: Arial, Helvetica, sans-serif; color: #000000;\">El 62 por ciento de las ni\u00f1as, adolescentes y mujeres desaparecidas se concentran en siete estados: Estado de M\u00e9xico, Tamaulipas, Jalisco, Nuevo Le\u00f3n, Veracruz, Puebla y Ciudad de M\u00e9xico.<\/span><\/p>\n<p style=\"text-align: justify;\"><span style=\"font-family: Arial, Helvetica, sans-serif; color: #000000;\">El presidente L\u00f3pez Obrador adelant\u00f3 que este viernes, tambi\u00e9n en la conferencia de prensa matutina, la Secretar\u00eda de Seguridad y Protecci\u00f3n Ciudadana dar\u00e1 a conocer las acciones de protecci\u00f3n a candidatas y candidatos a cargos de elecci\u00f3n popular contra el acoso y la delincuencia.<\/span><\/p>\n<p><iframe loading=\"lazy\" title=\"Avances en b\u00fasqueda de personas desaparecidas. Conferencia presidente AMLO\" width=\"640\" height=\"360\" src=\"https:\/\/www.youtube.com\/embed\/ZkPqv7QZkQg?start=867&#038;feature=oembed\" frameborder=\"0\" allow=\"accelerometer; autoplay; clipboard-write; encrypted-media; gyroscope; picture-in-picture; web-share\" referrerpolicy=\"strict-origin-when-cross-origin\" allowfullscreen><\/iframe><\/p>\n","protected":false},"excerpt":{"rendered":"<p>M\u00c9XICO, 08 de abril de 2021.- El presidente de M\u00e9xico, Andr\u00e9s Manuel L\u00f3pez Obrador encabez\u00f3&#8230;<\/p>\n","protected":false},"author":2,"featured_media":3994,"comment_status":"open","ping_status":"closed","sticky":false,"template":"","format":"standard","meta":{"footnotes":""},"categories":[25,20,27,33],"tags":[84,131,666,667,668,556,9,669,670],"class_list":["post-3992","post","type-post","status-publish","format-standard","has-post-thumbnail","hentry","category-4t","category-nacionales","category-presidencia","category-seguridad","tag-amlo","tag-andres-manuel-lopez-obrador","tag-avances","tag-busqueda","tag-fosas-clandestinas","tag-gobierno-de-mexico","tag-mexico","tag-personas-desaparecidas","tag-recuperacion-de-cuerpos"],"yoast_head":"<!-- This site is optimized with the Yoast SEO plugin v27.5 - https:\/\/yoast.com\/product\/yoast-seo-wordpress\/ -->\n<title>Presentan avances en b\u00fasqueda de personas desaparecidas; disminuyen fosas clandestinas y aumenta recuperaci\u00f3n de cuerpos - NOTICIAS DE LA 4T<\/title>\n<meta name=\"robots\" content=\"noindex, follow, max-snippet:-1, max-image-preview:large, max-video-preview:-1\" \/>\n<meta property=\"og:locale\" content=\"es_MX\" \/>\n<meta property=\"og:type\" content=\"article\" \/>\n<meta property=\"og:title\" content=\"Presentan avances en b\u00fasqueda de personas desaparecidas; disminuyen fosas clandestinas y aumenta recuperaci\u00f3n de cuerpos - NOTICIAS DE LA 4T\" \/>\n<meta property=\"og:description\" content=\"M\u00c9XICO, 08 de abril de 2021.- El presidente de M\u00e9xico, Andr\u00e9s Manuel L\u00f3pez Obrador encabez\u00f3...\" \/>\n<meta property=\"og:url\" content=\"https:\/\/redamlo.com\/index.php\/2021\/04\/08\/presentan-avances-en-busqueda-de-personas-desaparecidas-disminuyen-fosas-clandestinas-y-aumenta-recuperacion-de-cuerpos\/\" \/>\n<meta property=\"og:site_name\" content=\"NOTICIAS DE LA 4T\" \/>\n<meta property=\"article:published_time\" content=\"2021-04-08T20:00:30+00:00\" \/>\n<meta property=\"og:image\" content=\"https:\/\/redamlo.com\/wp-content\/uploads\/2021\/04\/Presentan-avances-en-busqueda-de-personas-desaparecidas-disminuyen-fosas-clandestinas-y-aumenta-recuperacion-de-cuerpos.jpg\" \/>\n\t<meta property=\"og:image:width\" content=\"1500\" \/>\n\t<meta property=\"og:image:height\" content=\"777\" \/>\n\t<meta property=\"og:image:type\" content=\"image\/jpeg\" \/>\n<meta name=\"author\" content=\"Blanca\" \/>\n<meta name=\"twitter:card\" content=\"summary_large_image\" \/>\n<meta name=\"twitter:label1\" content=\"Escrito por\" \/>\n\t<meta name=\"twitter:data1\" content=\"Blanca\" \/>\n\t<meta name=\"twitter:label2\" content=\"Tiempo de lectura\" \/>\n\t<meta name=\"twitter:data2\" content=\"3 minutos\" \/>\n<script type=\"application\/ld+json\" class=\"yoast-schema-graph\">{\"@context\":\"https:\\\/\\\/schema.org\",\"@graph\":[{\"@type\":\"Article\",\"@id\":\"https:\\\/\\\/redamlo.com\\\/index.php\\\/2021\\\/04\\\/08\\\/presentan-avances-en-busqueda-de-personas-desaparecidas-disminuyen-fosas-clandestinas-y-aumenta-recuperacion-de-cuerpos\\\/#article\",\"isPartOf\":{\"@id\":\"https:\\\/\\\/redamlo.com\\\/index.php\\\/2021\\\/04\\\/08\\\/presentan-avances-en-busqueda-de-personas-desaparecidas-disminuyen-fosas-clandestinas-y-aumenta-recuperacion-de-cuerpos\\\/\"},\"author\":{\"name\":\"Blanca\",\"@id\":\"https:\\\/\\\/redamlo.com\\\/#\\\/schema\\\/person\\\/7223a4375eb8f1a782fcae010a7115cf\"},\"headline\":\"Presentan avances en b\u00fasqueda de personas desaparecidas; disminuyen fosas clandestinas y aumenta recuperaci\u00f3n de cuerpos\",\"datePublished\":\"2021-04-08T20:00:30+00:00\",\"mainEntityOfPage\":{\"@id\":\"https:\\\/\\\/redamlo.com\\\/index.php\\\/2021\\\/04\\\/08\\\/presentan-avances-en-busqueda-de-personas-desaparecidas-disminuyen-fosas-clandestinas-y-aumenta-recuperacion-de-cuerpos\\\/\"},\"wordCount\":714,\"commentCount\":0,\"publisher\":{\"@id\":\"https:\\\/\\\/redamlo.com\\\/#organization\"},\"image\":{\"@id\":\"https:\\\/\\\/redamlo.com\\\/index.php\\\/2021\\\/04\\\/08\\\/presentan-avances-en-busqueda-de-personas-desaparecidas-disminuyen-fosas-clandestinas-y-aumenta-recuperacion-de-cuerpos\\\/#primaryimage\"},\"thumbnailUrl\":\"https:\\\/\\\/redamlo.com\\\/wp-content\\\/uploads\\\/2021\\\/04\\\/Presentan-avances-en-busqueda-de-personas-desaparecidas-disminuyen-fosas-clandestinas-y-aumenta-recuperacion-de-cuerpos.jpg\",\"keywords\":[\"AMLO\",\"Andr\u00e9s Manuel L\u00f3pez Obrador\",\"avances\",\"b\u00fasqueda\",\"fosas clandestinas\",\"Gobierno de M\u00e9xico\",\"M\u00e9xico\",\"personas desaparecidas\",\"recuperaci\u00f3n de cuerpos\"],\"articleSection\":[\"4T\",\"Nacionales\",\"Presidencia\",\"Seguridad\"],\"inLanguage\":\"es\",\"potentialAction\":[{\"@type\":\"CommentAction\",\"name\":\"Comment\",\"target\":[\"https:\\\/\\\/redamlo.com\\\/index.php\\\/2021\\\/04\\\/08\\\/presentan-avances-en-busqueda-de-personas-desaparecidas-disminuyen-fosas-clandestinas-y-aumenta-recuperacion-de-cuerpos\\\/#respond\"]}]},{\"@type\":\"WebPage\",\"@id\":\"https:\\\/\\\/redamlo.com\\\/index.php\\\/2021\\\/04\\\/08\\\/presentan-avances-en-busqueda-de-personas-desaparecidas-disminuyen-fosas-clandestinas-y-aumenta-recuperacion-de-cuerpos\\\/\",\"url\":\"https:\\\/\\\/redamlo.com\\\/index.php\\\/2021\\\/04\\\/08\\\/presentan-avances-en-busqueda-de-personas-desaparecidas-disminuyen-fosas-clandestinas-y-aumenta-recuperacion-de-cuerpos\\\/\",\"name\":\"Presentan avances en b\u00fasqueda de personas desaparecidas; disminuyen fosas clandestinas y aumenta recuperaci\u00f3n de cuerpos - NOTICIAS DE LA 4T\",\"isPartOf\":{\"@id\":\"https:\\\/\\\/redamlo.com\\\/#website\"},\"primaryImageOfPage\":{\"@id\":\"https:\\\/\\\/redamlo.com\\\/index.php\\\/2021\\\/04\\\/08\\\/presentan-avances-en-busqueda-de-personas-desaparecidas-disminuyen-fosas-clandestinas-y-aumenta-recuperacion-de-cuerpos\\\/#primaryimage\"},\"image\":{\"@id\":\"https:\\\/\\\/redamlo.com\\\/index.php\\\/2021\\\/04\\\/08\\\/presentan-avances-en-busqueda-de-personas-desaparecidas-disminuyen-fosas-clandestinas-y-aumenta-recuperacion-de-cuerpos\\\/#primaryimage\"},\"thumbnailUrl\":\"https:\\\/\\\/redamlo.com\\\/wp-content\\\/uploads\\\/2021\\\/04\\\/Presentan-avances-en-busqueda-de-personas-desaparecidas-disminuyen-fosas-clandestinas-y-aumenta-recuperacion-de-cuerpos.jpg\",\"datePublished\":\"2021-04-08T20:00:30+00:00\",\"breadcrumb\":{\"@id\":\"https:\\\/\\\/redamlo.com\\\/index.php\\\/2021\\\/04\\\/08\\\/presentan-avances-en-busqueda-de-personas-desaparecidas-disminuyen-fosas-clandestinas-y-aumenta-recuperacion-de-cuerpos\\\/#breadcrumb\"},\"inLanguage\":\"es\",\"potentialAction\":[{\"@type\":\"ReadAction\",\"target\":[\"https:\\\/\\\/redamlo.com\\\/index.php\\\/2021\\\/04\\\/08\\\/presentan-avances-en-busqueda-de-personas-desaparecidas-disminuyen-fosas-clandestinas-y-aumenta-recuperacion-de-cuerpos\\\/\"]}]},{\"@type\":\"ImageObject\",\"inLanguage\":\"es\",\"@id\":\"https:\\\/\\\/redamlo.com\\\/index.php\\\/2021\\\/04\\\/08\\\/presentan-avances-en-busqueda-de-personas-desaparecidas-disminuyen-fosas-clandestinas-y-aumenta-recuperacion-de-cuerpos\\\/#primaryimage\",\"url\":\"https:\\\/\\\/redamlo.com\\\/wp-content\\\/uploads\\\/2021\\\/04\\\/Presentan-avances-en-busqueda-de-personas-desaparecidas-disminuyen-fosas-clandestinas-y-aumenta-recuperacion-de-cuerpos.jpg\",\"contentUrl\":\"https:\\\/\\\/redamlo.com\\\/wp-content\\\/uploads\\\/2021\\\/04\\\/Presentan-avances-en-busqueda-de-personas-desaparecidas-disminuyen-fosas-clandestinas-y-aumenta-recuperacion-de-cuerpos.jpg\",\"width\":1500,\"height\":777},{\"@type\":\"BreadcrumbList\",\"@id\":\"https:\\\/\\\/redamlo.com\\\/index.php\\\/2021\\\/04\\\/08\\\/presentan-avances-en-busqueda-de-personas-desaparecidas-disminuyen-fosas-clandestinas-y-aumenta-recuperacion-de-cuerpos\\\/#breadcrumb\",\"itemListElement\":[{\"@type\":\"ListItem\",\"position\":1,\"name\":\"Inicio\",\"item\":\"https:\\\/\\\/redamlo.com\\\/\"},{\"@type\":\"ListItem\",\"position\":2,\"name\":\"Presentan avances en b\u00fasqueda de personas desaparecidas; disminuyen fosas clandestinas y aumenta recuperaci\u00f3n de cuerpos\"}]},{\"@type\":\"WebSite\",\"@id\":\"https:\\\/\\\/redamlo.com\\\/#website\",\"url\":\"https:\\\/\\\/redamlo.com\\\/\",\"name\":\"NOTICIAS DE LA 4T\",\"description\":\"\",\"publisher\":{\"@id\":\"https:\\\/\\\/redamlo.com\\\/#organization\"},\"potentialAction\":[{\"@type\":\"SearchAction\",\"target\":{\"@type\":\"EntryPoint\",\"urlTemplate\":\"https:\\\/\\\/redamlo.com\\\/?s={search_term_string}\"},\"query-input\":{\"@type\":\"PropertyValueSpecification\",\"valueRequired\":true,\"valueName\":\"search_term_string\"}}],\"inLanguage\":\"es\"},{\"@type\":\"Organization\",\"@id\":\"https:\\\/\\\/redamlo.com\\\/#organization\",\"name\":\"NOTICIAS DE LA 4T\",\"url\":\"https:\\\/\\\/redamlo.com\\\/\",\"logo\":{\"@type\":\"ImageObject\",\"inLanguage\":\"es\",\"@id\":\"https:\\\/\\\/redamlo.com\\\/#\\\/schema\\\/logo\\\/image\\\/\",\"url\":\"https:\\\/\\\/redamlo.com\\\/wp-content\\\/uploads\\\/2024\\\/08\\\/cropped-RED-AMLO-logo-50.png\",\"contentUrl\":\"https:\\\/\\\/redamlo.com\\\/wp-content\\\/uploads\\\/2024\\\/08\\\/cropped-RED-AMLO-logo-50.png\",\"width\":256,\"height\":256,\"caption\":\"NOTICIAS DE LA 4T\"},\"image\":{\"@id\":\"https:\\\/\\\/redamlo.com\\\/#\\\/schema\\\/logo\\\/image\\\/\"}},{\"@type\":\"Person\",\"@id\":\"https:\\\/\\\/redamlo.com\\\/#\\\/schema\\\/person\\\/7223a4375eb8f1a782fcae010a7115cf\",\"name\":\"Blanca\",\"image\":{\"@type\":\"ImageObject\",\"inLanguage\":\"es\",\"@id\":\"https:\\\/\\\/secure.gravatar.com\\\/avatar\\\/3f79bc8336367a4e6093eae8757acaaf61d1124834b905616de7829b0273426d?s=96&d=mm&r=g\",\"url\":\"https:\\\/\\\/secure.gravatar.com\\\/avatar\\\/3f79bc8336367a4e6093eae8757acaaf61d1124834b905616de7829b0273426d?s=96&d=mm&r=g\",\"contentUrl\":\"https:\\\/\\\/secure.gravatar.com\\\/avatar\\\/3f79bc8336367a4e6093eae8757acaaf61d1124834b905616de7829b0273426d?s=96&d=mm&r=g\",\"caption\":\"Blanca\"},\"url\":\"https:\\\/\\\/redamlo.com\\\/index.php\\\/author\\\/blanca\\\/\"}]}<\/script>\n<!-- \/ Yoast SEO plugin. -->","yoast_head_json":{"title":"Presentan avances en b\u00fasqueda de personas desaparecidas; disminuyen fosas clandestinas y aumenta recuperaci\u00f3n de cuerpos - NOTICIAS DE LA 4T","robots":{"index":"noindex","follow":"follow","max-snippet":"max-snippet:-1","max-image-preview":"max-image-preview:large","max-video-preview":"max-video-preview:-1"},"og_locale":"es_MX","og_type":"article","og_title":"Presentan avances en b\u00fasqueda de personas desaparecidas; disminuyen fosas clandestinas y aumenta recuperaci\u00f3n de cuerpos - NOTICIAS DE LA 4T","og_description":"M\u00c9XICO, 08 de abril de 2021.- El presidente de M\u00e9xico, Andr\u00e9s Manuel L\u00f3pez Obrador encabez\u00f3...","og_url":"https:\/\/redamlo.com\/index.php\/2021\/04\/08\/presentan-avances-en-busqueda-de-personas-desaparecidas-disminuyen-fosas-clandestinas-y-aumenta-recuperacion-de-cuerpos\/","og_site_name":"NOTICIAS DE LA 4T","article_published_time":"2021-04-08T20:00:30+00:00","og_image":[{"width":1500,"height":777,"url":"https:\/\/redamlo.com\/wp-content\/uploads\/2021\/04\/Presentan-avances-en-busqueda-de-personas-desaparecidas-disminuyen-fosas-clandestinas-y-aumenta-recuperacion-de-cuerpos.jpg","type":"image\/jpeg"}],"author":"Blanca","twitter_card":"summary_large_image","twitter_misc":{"Escrito por":"Blanca","Tiempo de lectura":"3 minutos"},"schema":{"@context":"https:\/\/schema.org","@graph":[{"@type":"Article","@id":"https:\/\/redamlo.com\/index.php\/2021\/04\/08\/presentan-avances-en-busqueda-de-personas-desaparecidas-disminuyen-fosas-clandestinas-y-aumenta-recuperacion-de-cuerpos\/#article","isPartOf":{"@id":"https:\/\/redamlo.com\/index.php\/2021\/04\/08\/presentan-avances-en-busqueda-de-personas-desaparecidas-disminuyen-fosas-clandestinas-y-aumenta-recuperacion-de-cuerpos\/"},"author":{"name":"Blanca","@id":"https:\/\/redamlo.com\/#\/schema\/person\/7223a4375eb8f1a782fcae010a7115cf"},"headline":"Presentan avances en b\u00fasqueda de personas desaparecidas; disminuyen fosas clandestinas y aumenta recuperaci\u00f3n de cuerpos","datePublished":"2021-04-08T20:00:30+00:00","mainEntityOfPage":{"@id":"https:\/\/redamlo.com\/index.php\/2021\/04\/08\/presentan-avances-en-busqueda-de-personas-desaparecidas-disminuyen-fosas-clandestinas-y-aumenta-recuperacion-de-cuerpos\/"},"wordCount":714,"commentCount":0,"publisher":{"@id":"https:\/\/redamlo.com\/#organization"},"image":{"@id":"https:\/\/redamlo.com\/index.php\/2021\/04\/08\/presentan-avances-en-busqueda-de-personas-desaparecidas-disminuyen-fosas-clandestinas-y-aumenta-recuperacion-de-cuerpos\/#primaryimage"},"thumbnailUrl":"https:\/\/redamlo.com\/wp-content\/uploads\/2021\/04\/Presentan-avances-en-busqueda-de-personas-desaparecidas-disminuyen-fosas-clandestinas-y-aumenta-recuperacion-de-cuerpos.jpg","keywords":["AMLO","Andr\u00e9s Manuel L\u00f3pez Obrador","avances","b\u00fasqueda","fosas clandestinas","Gobierno de M\u00e9xico","M\u00e9xico","personas desaparecidas","recuperaci\u00f3n de cuerpos"],"articleSection":["4T","Nacionales","Presidencia","Seguridad"],"inLanguage":"es","potentialAction":[{"@type":"CommentAction","name":"Comment","target":["https:\/\/redamlo.com\/index.php\/2021\/04\/08\/presentan-avances-en-busqueda-de-personas-desaparecidas-disminuyen-fosas-clandestinas-y-aumenta-recuperacion-de-cuerpos\/#respond"]}]},{"@type":"WebPage","@id":"https:\/\/redamlo.com\/index.php\/2021\/04\/08\/presentan-avances-en-busqueda-de-personas-desaparecidas-disminuyen-fosas-clandestinas-y-aumenta-recuperacion-de-cuerpos\/","url":"https:\/\/redamlo.com\/index.php\/2021\/04\/08\/presentan-avances-en-busqueda-de-personas-desaparecidas-disminuyen-fosas-clandestinas-y-aumenta-recuperacion-de-cuerpos\/","name":"Presentan avances en b\u00fasqueda de personas desaparecidas; disminuyen fosas clandestinas y aumenta recuperaci\u00f3n de cuerpos - NOTICIAS DE LA 4T","isPartOf":{"@id":"https:\/\/redamlo.com\/#website"},"primaryImageOfPage":{"@id":"https:\/\/redamlo.com\/index.php\/2021\/04\/08\/presentan-avances-en-busqueda-de-personas-desaparecidas-disminuyen-fosas-clandestinas-y-aumenta-recuperacion-de-cuerpos\/#primaryimage"},"image":{"@id":"https:\/\/redamlo.com\/index.php\/2021\/04\/08\/presentan-avances-en-busqueda-de-personas-desaparecidas-disminuyen-fosas-clandestinas-y-aumenta-recuperacion-de-cuerpos\/#primaryimage"},"thumbnailUrl":"https:\/\/redamlo.com\/wp-content\/uploads\/2021\/04\/Presentan-avances-en-busqueda-de-personas-desaparecidas-disminuyen-fosas-clandestinas-y-aumenta-recuperacion-de-cuerpos.jpg","datePublished":"2021-04-08T20:00:30+00:00","breadcrumb":{"@id":"https:\/\/redamlo.com\/index.php\/2021\/04\/08\/presentan-avances-en-busqueda-de-personas-desaparecidas-disminuyen-fosas-clandestinas-y-aumenta-recuperacion-de-cuerpos\/#breadcrumb"},"inLanguage":"es","potentialAction":[{"@type":"ReadAction","target":["https:\/\/redamlo.com\/index.php\/2021\/04\/08\/presentan-avances-en-busqueda-de-personas-desaparecidas-disminuyen-fosas-clandestinas-y-aumenta-recuperacion-de-cuerpos\/"]}]},{"@type":"ImageObject","inLanguage":"es","@id":"https:\/\/redamlo.com\/index.php\/2021\/04\/08\/presentan-avances-en-busqueda-de-personas-desaparecidas-disminuyen-fosas-clandestinas-y-aumenta-recuperacion-de-cuerpos\/#primaryimage","url":"https:\/\/redamlo.com\/wp-content\/uploads\/2021\/04\/Presentan-avances-en-busqueda-de-personas-desaparecidas-disminuyen-fosas-clandestinas-y-aumenta-recuperacion-de-cuerpos.jpg","contentUrl":"https:\/\/redamlo.com\/wp-content\/uploads\/2021\/04\/Presentan-avances-en-busqueda-de-personas-desaparecidas-disminuyen-fosas-clandestinas-y-aumenta-recuperacion-de-cuerpos.jpg","width":1500,"height":777},{"@type":"BreadcrumbList","@id":"https:\/\/redamlo.com\/index.php\/2021\/04\/08\/presentan-avances-en-busqueda-de-personas-desaparecidas-disminuyen-fosas-clandestinas-y-aumenta-recuperacion-de-cuerpos\/#breadcrumb","itemListElement":[{"@type":"ListItem","position":1,"name":"Inicio","item":"https:\/\/redamlo.com\/"},{"@type":"ListItem","position":2,"name":"Presentan avances en b\u00fasqueda de personas desaparecidas; disminuyen fosas clandestinas y aumenta recuperaci\u00f3n de cuerpos"}]},{"@type":"WebSite","@id":"https:\/\/redamlo.com\/#website","url":"https:\/\/redamlo.com\/","name":"NOTICIAS DE LA 4T","description":"","publisher":{"@id":"https:\/\/redamlo.com\/#organization"},"potentialAction":[{"@type":"SearchAction","target":{"@type":"EntryPoint","urlTemplate":"https:\/\/redamlo.com\/?s={search_term_string}"},"query-input":{"@type":"PropertyValueSpecification","valueRequired":true,"valueName":"search_term_string"}}],"inLanguage":"es"},{"@type":"Organization","@id":"https:\/\/redamlo.com\/#organization","name":"NOTICIAS DE LA 4T","url":"https:\/\/redamlo.com\/","logo":{"@type":"ImageObject","inLanguage":"es","@id":"https:\/\/redamlo.com\/#\/schema\/logo\/image\/","url":"https:\/\/redamlo.com\/wp-content\/uploads\/2024\/08\/cropped-RED-AMLO-logo-50.png","contentUrl":"https:\/\/redamlo.com\/wp-content\/uploads\/2024\/08\/cropped-RED-AMLO-logo-50.png","width":256,"height":256,"caption":"NOTICIAS DE LA 4T"},"image":{"@id":"https:\/\/redamlo.com\/#\/schema\/logo\/image\/"}},{"@type":"Person","@id":"https:\/\/redamlo.com\/#\/schema\/person\/7223a4375eb8f1a782fcae010a7115cf","name":"Blanca","image":{"@type":"ImageObject","inLanguage":"es","@id":"https:\/\/secure.gravatar.com\/avatar\/3f79bc8336367a4e6093eae8757acaaf61d1124834b905616de7829b0273426d?s=96&d=mm&r=g","url":"https:\/\/secure.gravatar.com\/avatar\/3f79bc8336367a4e6093eae8757acaaf61d1124834b905616de7829b0273426d?s=96&d=mm&r=g","contentUrl":"https:\/\/secure.gravatar.com\/avatar\/3f79bc8336367a4e6093eae8757acaaf61d1124834b905616de7829b0273426d?s=96&d=mm&r=g","caption":"Blanca"},"url":"https:\/\/redamlo.com\/index.php\/author\/blanca\/"}]}},"_links":{"self":[{"href":"https:\/\/redamlo.com\/index.php\/wp-json\/wp\/v2\/posts\/3992","targetHints":{"allow":["GET"]}}],"collection":[{"href":"https:\/\/redamlo.com\/index.php\/wp-json\/wp\/v2\/posts"}],"about":[{"href":"https:\/\/redamlo.com\/index.php\/wp-json\/wp\/v2\/types\/post"}],"author":[{"embeddable":true,"href":"https:\/\/redamlo.com\/index.php\/wp-json\/wp\/v2\/users\/2"}],"replies":[{"embeddable":true,"href":"https:\/\/redamlo.com\/index.php\/wp-json\/wp\/v2\/comments?post=3992"}],"version-history":[{"count":0,"href":"https:\/\/redamlo.com\/index.php\/wp-json\/wp\/v2\/posts\/3992\/revisions"}],"wp:featuredmedia":[{"embeddable":true,"href":"https:\/\/redamlo.com\/index.php\/wp-json\/wp\/v2\/media\/3994"}],"wp:attachment":[{"href":"https:\/\/redamlo.com\/index.php\/wp-json\/wp\/v2\/media?parent=3992"}],"wp:term":[{"taxonomy":"category","embeddable":true,"href":"https:\/\/redamlo.com\/index.php\/wp-json\/wp\/v2\/categories?post=3992"},{"taxonomy":"post_tag","embeddable":true,"href":"https:\/\/redamlo.com\/index.php\/wp-json\/wp\/v2\/tags?post=3992"}],"curies":[{"name":"wp","href":"https:\/\/api.w.org\/{rel}","templated":true}]}}