{"id":3984,"date":"2021-04-07T17:00:51","date_gmt":"2021-04-07T22:00:51","guid":{"rendered":"https:\/\/redamlo.com\/?p=3984"},"modified":"2021-04-07T17:00:51","modified_gmt":"2021-04-07T22:00:51","slug":"presidente-de-mexico-y-vicepresidenta-de-estados-unidos-conversan-sobre-mecanismos-de-cooperacion-para-migracion-regular-ordenada-y-segura","status":"publish","type":"post","link":"https:\/\/redamlo.com\/index.php\/2021\/04\/07\/presidente-de-mexico-y-vicepresidenta-de-estados-unidos-conversan-sobre-mecanismos-de-cooperacion-para-migracion-regular-ordenada-y-segura\/","title":{"rendered":"Presidente de M\u00e9xico y vicepresidenta de Estados Unidos conversan sobre mecanismos de cooperaci\u00f3n para migraci\u00f3n regular, ordenada y segura"},"content":{"rendered":"<p style=\"text-align: justify;\"><em><strong><span style=\"font-family: Arial, Helvetica, sans-serif; color: #000000;\">* Coincidieron en la importancia de proteger los derechos humanos de las personas migrantes, particularmente de las y los menores de edad<\/span><\/strong><\/em><\/p>\n<p style=\"text-align: justify;\"><em><strong><span style=\"font-family: Arial, Helvetica, sans-serif; color: #000000;\">* Acordaron reforzar mecanismos para compartir inteligencia contra redes transnacionales de tr\u00e1fico de personas<\/span><\/strong><\/em><\/p>\n<p style=\"text-align: justify;\"><span style=\"font-family: Arial, Helvetica, sans-serif; color: #000000;\">M\u00c9XICO, 07 de abril de 2021.- \u201cExiste disposici\u00f3n de nuestra parte para sumar voluntades en el combate al tr\u00e1fico de personas y protecci\u00f3n de los derechos humanos, sobre todo de ni\u00f1as y ni\u00f1os\u201d.<\/span><\/p>\n<p style=\"text-align: justify;\"><span style=\"font-family: Arial, Helvetica, sans-serif; color: #000000;\">As\u00ed lo expres\u00f3 el presidente de M\u00e9xico, Andr\u00e9s Manuel L\u00f3pez Obrador desde sus redes sociales al t\u00e9rmino de la conversaci\u00f3n telef\u00f3nica con la vicepresidenta de Estados Unidos, Kamala Harris, durante la cual estuvo acompa\u00f1ado por el secretario de Relaciones Exteriores, Marcelo Ebrard Casaubon.<\/span><\/p>\n<p style=\"text-align: justify;\"><span style=\"font-family: Arial, Helvetica, sans-serif; color: #000000;\">Durante el di\u00e1logo, el primer mandatario mexicano y la vicepresidenta estadounidense abordaron asuntos en materia de migraci\u00f3n regional como las medidas para atender el fen\u00f3meno migratorio, a fin de promover una migraci\u00f3n ordenada, segura y regular.<\/span><\/p>\n<p style=\"text-align: justify;\"><span style=\"font-family: Arial, Helvetica, sans-serif; color: #000000;\">Conversaron sobre los proyectos de cooperaci\u00f3n para el sur de M\u00e9xico y los pa\u00edses del norte de Centroam\u00e9rica. Adem\u00e1s, abordaron los proyectos derivados del di\u00e1logo entre la Agencia Mexicana de Cooperaci\u00f3n Internacional para el Desarrollo (Amexcid) y la Agencia para el Desarrollo Internacional de Estados Unidos (USAID, por sus siglas en ingl\u00e9s).<\/span><\/p>\n<p style=\"text-align: justify;\"><span style=\"font-family: Arial, Helvetica, sans-serif; color: #000000;\">Aunado a los programas de cooperaci\u00f3n para promover el desarrollo econ\u00f3mico igualitario en la regi\u00f3n, ambos mandatarios compartieron la urgencia de implementar programas de ayuda humanitaria de emergencia en Guatemala, Honduras y El Salvador. Asimismo, reafirmaron el compromiso de proteger los derechos humanos de las personas migrantes, con \u00e9nfasis en el resguardo adecuado de las y los menores no acompa\u00f1ados.<\/span><\/p>\n<p style=\"text-align: justify;\"><span style=\"font-family: Arial, Helvetica, sans-serif; color: #000000;\">Igualmente, acordaron fortalecer los mecanismos binacionales para compartir inteligencia, con el prop\u00f3sito de combatir las redes transnacionales de traficantes de personas que ponen en riesgo la seguridad de las personas migrantes.<\/span><\/p>\n<blockquote class=\"twitter-tweet\" data-width=\"550\" data-dnt=\"true\">\n<p lang=\"es\" dir=\"ltr\">Platicamos con Kamala Harris, vicepresidenta de EE.UU. y encargada de atender el asunto migratorio en Centroam\u00e9rica. Existe disposici\u00f3n de nuestra parte para sumar voluntades en el combate al tr\u00e1fico de personas y protecci\u00f3n de los derechos humanos, sobre todo de ni\u00f1as y ni\u00f1os. <a href=\"https:\/\/t.co\/ZewpM7sm84\">pic.twitter.com\/ZewpM7sm84<\/a><\/p>\n<p>&mdash; Andr\u00e9s Manuel (@lopezobrador_) <a href=\"https:\/\/twitter.com\/lopezobrador_\/status\/1379839999227609088?ref_src=twsrc%5Etfw\">April 7, 2021<\/a><\/p><\/blockquote>\n<p><script async src=\"https:\/\/platform.twitter.com\/widgets.js\" charset=\"utf-8\"><\/script><\/p>\n","protected":false},"excerpt":{"rendered":"<p>* Coincidieron en la importancia de proteger los derechos humanos de las personas migrantes, particularmente&#8230;<\/p>\n","protected":false},"author":2,"featured_media":3987,"comment_status":"open","ping_status":"closed","sticky":false,"template":"","format":"standard","meta":{"footnotes":""},"categories":[25,20,27],"tags":[84,131,660,207,556,661,132,662,9,15,655],"class_list":["post-3984","post","type-post","status-publish","format-standard","has-post-thumbnail","hentry","category-4t","category-nacionales","category-presidencia","tag-amlo","tag-andres-manuel-lopez-obrador","tag-derechos-humanos","tag-estados-unidos","tag-gobierno-de-mexico","tag-kamala","tag-marcelo-ebrard","tag-menores-de-edad","tag-mexico","tag-migrantes","tag-sre"],"yoast_head":"<!-- This site is optimized with the Yoast SEO plugin v27.5 - https:\/\/yoast.com\/product\/yoast-seo-wordpress\/ -->\n<title>Presidente de M\u00e9xico y vicepresidenta de Estados Unidos conversan sobre mecanismos de cooperaci\u00f3n para migraci\u00f3n regular, ordenada y segura - NOTICIAS DE LA 4T<\/title>\n<meta name=\"robots\" content=\"noindex, follow, max-snippet:-1, max-image-preview:large, max-video-preview:-1\" \/>\n<meta property=\"og:locale\" content=\"es_MX\" \/>\n<meta property=\"og:type\" content=\"article\" \/>\n<meta property=\"og:title\" content=\"Presidente de M\u00e9xico y vicepresidenta de Estados Unidos conversan sobre mecanismos de cooperaci\u00f3n para migraci\u00f3n regular, ordenada y segura - NOTICIAS DE LA 4T\" \/>\n<meta property=\"og:description\" content=\"* Coincidieron en la importancia de proteger los derechos humanos de las personas migrantes, particularmente...\" \/>\n<meta property=\"og:url\" content=\"https:\/\/redamlo.com\/index.php\/2021\/04\/07\/presidente-de-mexico-y-vicepresidenta-de-estados-unidos-conversan-sobre-mecanismos-de-cooperacion-para-migracion-regular-ordenada-y-segura\/\" \/>\n<meta property=\"og:site_name\" content=\"NOTICIAS DE LA 4T\" \/>\n<meta property=\"article:published_time\" content=\"2021-04-07T22:00:51+00:00\" \/>\n<meta property=\"og:image\" content=\"https:\/\/redamlo.com\/wp-content\/uploads\/2021\/04\/Presidente-de-Mexico-y-vicepresidenta-de-Estados-Unidos-conversan-sobre-mecanismos-de-cooperacion-para-migracion-regular-ordenada-y-segura-scaled-1.jpg\" \/>\n\t<meta property=\"og:image:width\" content=\"2560\" \/>\n\t<meta property=\"og:image:height\" content=\"1380\" \/>\n\t<meta property=\"og:image:type\" content=\"image\/jpeg\" \/>\n<meta name=\"author\" content=\"Blanca\" \/>\n<meta name=\"twitter:card\" content=\"summary_large_image\" \/>\n<meta name=\"twitter:label1\" content=\"Escrito por\" \/>\n\t<meta name=\"twitter:data1\" content=\"Blanca\" \/>\n\t<meta name=\"twitter:label2\" content=\"Tiempo de lectura\" \/>\n\t<meta name=\"twitter:data2\" content=\"2 minutos\" \/>\n<script type=\"application\/ld+json\" class=\"yoast-schema-graph\">{\"@context\":\"https:\\\/\\\/schema.org\",\"@graph\":[{\"@type\":\"Article\",\"@id\":\"https:\\\/\\\/redamlo.com\\\/index.php\\\/2021\\\/04\\\/07\\\/presidente-de-mexico-y-vicepresidenta-de-estados-unidos-conversan-sobre-mecanismos-de-cooperacion-para-migracion-regular-ordenada-y-segura\\\/#article\",\"isPartOf\":{\"@id\":\"https:\\\/\\\/redamlo.com\\\/index.php\\\/2021\\\/04\\\/07\\\/presidente-de-mexico-y-vicepresidenta-de-estados-unidos-conversan-sobre-mecanismos-de-cooperacion-para-migracion-regular-ordenada-y-segura\\\/\"},\"author\":{\"name\":\"Blanca\",\"@id\":\"https:\\\/\\\/redamlo.com\\\/#\\\/schema\\\/person\\\/7223a4375eb8f1a782fcae010a7115cf\"},\"headline\":\"Presidente de M\u00e9xico y vicepresidenta de Estados Unidos conversan sobre mecanismos de cooperaci\u00f3n para migraci\u00f3n regular, ordenada y segura\",\"datePublished\":\"2021-04-07T22:00:51+00:00\",\"mainEntityOfPage\":{\"@id\":\"https:\\\/\\\/redamlo.com\\\/index.php\\\/2021\\\/04\\\/07\\\/presidente-de-mexico-y-vicepresidenta-de-estados-unidos-conversan-sobre-mecanismos-de-cooperacion-para-migracion-regular-ordenada-y-segura\\\/\"},\"wordCount\":346,\"commentCount\":0,\"publisher\":{\"@id\":\"https:\\\/\\\/redamlo.com\\\/#organization\"},\"image\":{\"@id\":\"https:\\\/\\\/redamlo.com\\\/index.php\\\/2021\\\/04\\\/07\\\/presidente-de-mexico-y-vicepresidenta-de-estados-unidos-conversan-sobre-mecanismos-de-cooperacion-para-migracion-regular-ordenada-y-segura\\\/#primaryimage\"},\"thumbnailUrl\":\"https:\\\/\\\/redamlo.com\\\/wp-content\\\/uploads\\\/2021\\\/04\\\/Presidente-de-Mexico-y-vicepresidenta-de-Estados-Unidos-conversan-sobre-mecanismos-de-cooperacion-para-migracion-regular-ordenada-y-segura-scaled-1.jpg\",\"keywords\":[\"AMLO\",\"Andr\u00e9s Manuel L\u00f3pez Obrador\",\"derechos humanos\",\"Estados Unidos\",\"Gobierno de M\u00e9xico\",\"Kamala\",\"Marcelo Ebrard\",\"menores de edad\",\"M\u00e9xico\",\"Migrantes\",\"SRE\"],\"articleSection\":[\"4T\",\"Nacionales\",\"Presidencia\"],\"inLanguage\":\"es\",\"potentialAction\":[{\"@type\":\"CommentAction\",\"name\":\"Comment\",\"target\":[\"https:\\\/\\\/redamlo.com\\\/index.php\\\/2021\\\/04\\\/07\\\/presidente-de-mexico-y-vicepresidenta-de-estados-unidos-conversan-sobre-mecanismos-de-cooperacion-para-migracion-regular-ordenada-y-segura\\\/#respond\"]}]},{\"@type\":\"WebPage\",\"@id\":\"https:\\\/\\\/redamlo.com\\\/index.php\\\/2021\\\/04\\\/07\\\/presidente-de-mexico-y-vicepresidenta-de-estados-unidos-conversan-sobre-mecanismos-de-cooperacion-para-migracion-regular-ordenada-y-segura\\\/\",\"url\":\"https:\\\/\\\/redamlo.com\\\/index.php\\\/2021\\\/04\\\/07\\\/presidente-de-mexico-y-vicepresidenta-de-estados-unidos-conversan-sobre-mecanismos-de-cooperacion-para-migracion-regular-ordenada-y-segura\\\/\",\"name\":\"Presidente de M\u00e9xico y vicepresidenta de Estados Unidos conversan sobre mecanismos de cooperaci\u00f3n para migraci\u00f3n regular, ordenada y segura - NOTICIAS DE LA 4T\",\"isPartOf\":{\"@id\":\"https:\\\/\\\/redamlo.com\\\/#website\"},\"primaryImageOfPage\":{\"@id\":\"https:\\\/\\\/redamlo.com\\\/index.php\\\/2021\\\/04\\\/07\\\/presidente-de-mexico-y-vicepresidenta-de-estados-unidos-conversan-sobre-mecanismos-de-cooperacion-para-migracion-regular-ordenada-y-segura\\\/#primaryimage\"},\"image\":{\"@id\":\"https:\\\/\\\/redamlo.com\\\/index.php\\\/2021\\\/04\\\/07\\\/presidente-de-mexico-y-vicepresidenta-de-estados-unidos-conversan-sobre-mecanismos-de-cooperacion-para-migracion-regular-ordenada-y-segura\\\/#primaryimage\"},\"thumbnailUrl\":\"https:\\\/\\\/redamlo.com\\\/wp-content\\\/uploads\\\/2021\\\/04\\\/Presidente-de-Mexico-y-vicepresidenta-de-Estados-Unidos-conversan-sobre-mecanismos-de-cooperacion-para-migracion-regular-ordenada-y-segura-scaled-1.jpg\",\"datePublished\":\"2021-04-07T22:00:51+00:00\",\"breadcrumb\":{\"@id\":\"https:\\\/\\\/redamlo.com\\\/index.php\\\/2021\\\/04\\\/07\\\/presidente-de-mexico-y-vicepresidenta-de-estados-unidos-conversan-sobre-mecanismos-de-cooperacion-para-migracion-regular-ordenada-y-segura\\\/#breadcrumb\"},\"inLanguage\":\"es\",\"potentialAction\":[{\"@type\":\"ReadAction\",\"target\":[\"https:\\\/\\\/redamlo.com\\\/index.php\\\/2021\\\/04\\\/07\\\/presidente-de-mexico-y-vicepresidenta-de-estados-unidos-conversan-sobre-mecanismos-de-cooperacion-para-migracion-regular-ordenada-y-segura\\\/\"]}]},{\"@type\":\"ImageObject\",\"inLanguage\":\"es\",\"@id\":\"https:\\\/\\\/redamlo.com\\\/index.php\\\/2021\\\/04\\\/07\\\/presidente-de-mexico-y-vicepresidenta-de-estados-unidos-conversan-sobre-mecanismos-de-cooperacion-para-migracion-regular-ordenada-y-segura\\\/#primaryimage\",\"url\":\"https:\\\/\\\/redamlo.com\\\/wp-content\\\/uploads\\\/2021\\\/04\\\/Presidente-de-Mexico-y-vicepresidenta-de-Estados-Unidos-conversan-sobre-mecanismos-de-cooperacion-para-migracion-regular-ordenada-y-segura-scaled-1.jpg\",\"contentUrl\":\"https:\\\/\\\/redamlo.com\\\/wp-content\\\/uploads\\\/2021\\\/04\\\/Presidente-de-Mexico-y-vicepresidenta-de-Estados-Unidos-conversan-sobre-mecanismos-de-cooperacion-para-migracion-regular-ordenada-y-segura-scaled-1.jpg\",\"width\":2560,\"height\":1380},{\"@type\":\"BreadcrumbList\",\"@id\":\"https:\\\/\\\/redamlo.com\\\/index.php\\\/2021\\\/04\\\/07\\\/presidente-de-mexico-y-vicepresidenta-de-estados-unidos-conversan-sobre-mecanismos-de-cooperacion-para-migracion-regular-ordenada-y-segura\\\/#breadcrumb\",\"itemListElement\":[{\"@type\":\"ListItem\",\"position\":1,\"name\":\"Inicio\",\"item\":\"https:\\\/\\\/redamlo.com\\\/\"},{\"@type\":\"ListItem\",\"position\":2,\"name\":\"Presidente de M\u00e9xico y vicepresidenta de Estados Unidos conversan sobre mecanismos de cooperaci\u00f3n para migraci\u00f3n regular, ordenada y segura\"}]},{\"@type\":\"WebSite\",\"@id\":\"https:\\\/\\\/redamlo.com\\\/#website\",\"url\":\"https:\\\/\\\/redamlo.com\\\/\",\"name\":\"NOTICIAS DE LA 4T\",\"description\":\"\",\"publisher\":{\"@id\":\"https:\\\/\\\/redamlo.com\\\/#organization\"},\"potentialAction\":[{\"@type\":\"SearchAction\",\"target\":{\"@type\":\"EntryPoint\",\"urlTemplate\":\"https:\\\/\\\/redamlo.com\\\/?s={search_term_string}\"},\"query-input\":{\"@type\":\"PropertyValueSpecification\",\"valueRequired\":true,\"valueName\":\"search_term_string\"}}],\"inLanguage\":\"es\"},{\"@type\":\"Organization\",\"@id\":\"https:\\\/\\\/redamlo.com\\\/#organization\",\"name\":\"NOTICIAS DE LA 4T\",\"url\":\"https:\\\/\\\/redamlo.com\\\/\",\"logo\":{\"@type\":\"ImageObject\",\"inLanguage\":\"es\",\"@id\":\"https:\\\/\\\/redamlo.com\\\/#\\\/schema\\\/logo\\\/image\\\/\",\"url\":\"https:\\\/\\\/redamlo.com\\\/wp-content\\\/uploads\\\/2024\\\/08\\\/cropped-RED-AMLO-logo-50.png\",\"contentUrl\":\"https:\\\/\\\/redamlo.com\\\/wp-content\\\/uploads\\\/2024\\\/08\\\/cropped-RED-AMLO-logo-50.png\",\"width\":256,\"height\":256,\"caption\":\"NOTICIAS DE LA 4T\"},\"image\":{\"@id\":\"https:\\\/\\\/redamlo.com\\\/#\\\/schema\\\/logo\\\/image\\\/\"}},{\"@type\":\"Person\",\"@id\":\"https:\\\/\\\/redamlo.com\\\/#\\\/schema\\\/person\\\/7223a4375eb8f1a782fcae010a7115cf\",\"name\":\"Blanca\",\"image\":{\"@type\":\"ImageObject\",\"inLanguage\":\"es\",\"@id\":\"https:\\\/\\\/secure.gravatar.com\\\/avatar\\\/3f79bc8336367a4e6093eae8757acaaf61d1124834b905616de7829b0273426d?s=96&d=mm&r=g\",\"url\":\"https:\\\/\\\/secure.gravatar.com\\\/avatar\\\/3f79bc8336367a4e6093eae8757acaaf61d1124834b905616de7829b0273426d?s=96&d=mm&r=g\",\"contentUrl\":\"https:\\\/\\\/secure.gravatar.com\\\/avatar\\\/3f79bc8336367a4e6093eae8757acaaf61d1124834b905616de7829b0273426d?s=96&d=mm&r=g\",\"caption\":\"Blanca\"},\"url\":\"https:\\\/\\\/redamlo.com\\\/index.php\\\/author\\\/blanca\\\/\"}]}<\/script>\n<!-- \/ Yoast SEO plugin. -->","yoast_head_json":{"title":"Presidente de M\u00e9xico y vicepresidenta de Estados Unidos conversan sobre mecanismos de cooperaci\u00f3n para migraci\u00f3n regular, ordenada y segura - NOTICIAS DE LA 4T","robots":{"index":"noindex","follow":"follow","max-snippet":"max-snippet:-1","max-image-preview":"max-image-preview:large","max-video-preview":"max-video-preview:-1"},"og_locale":"es_MX","og_type":"article","og_title":"Presidente de M\u00e9xico y vicepresidenta de Estados Unidos conversan sobre mecanismos de cooperaci\u00f3n para migraci\u00f3n regular, ordenada y segura - NOTICIAS DE LA 4T","og_description":"* Coincidieron en la importancia de proteger los derechos humanos de las personas migrantes, particularmente...","og_url":"https:\/\/redamlo.com\/index.php\/2021\/04\/07\/presidente-de-mexico-y-vicepresidenta-de-estados-unidos-conversan-sobre-mecanismos-de-cooperacion-para-migracion-regular-ordenada-y-segura\/","og_site_name":"NOTICIAS DE LA 4T","article_published_time":"2021-04-07T22:00:51+00:00","og_image":[{"width":2560,"height":1380,"url":"https:\/\/redamlo.com\/wp-content\/uploads\/2021\/04\/Presidente-de-Mexico-y-vicepresidenta-de-Estados-Unidos-conversan-sobre-mecanismos-de-cooperacion-para-migracion-regular-ordenada-y-segura-scaled-1.jpg","type":"image\/jpeg"}],"author":"Blanca","twitter_card":"summary_large_image","twitter_misc":{"Escrito por":"Blanca","Tiempo de lectura":"2 minutos"},"schema":{"@context":"https:\/\/schema.org","@graph":[{"@type":"Article","@id":"https:\/\/redamlo.com\/index.php\/2021\/04\/07\/presidente-de-mexico-y-vicepresidenta-de-estados-unidos-conversan-sobre-mecanismos-de-cooperacion-para-migracion-regular-ordenada-y-segura\/#article","isPartOf":{"@id":"https:\/\/redamlo.com\/index.php\/2021\/04\/07\/presidente-de-mexico-y-vicepresidenta-de-estados-unidos-conversan-sobre-mecanismos-de-cooperacion-para-migracion-regular-ordenada-y-segura\/"},"author":{"name":"Blanca","@id":"https:\/\/redamlo.com\/#\/schema\/person\/7223a4375eb8f1a782fcae010a7115cf"},"headline":"Presidente de M\u00e9xico y vicepresidenta de Estados Unidos conversan sobre mecanismos de cooperaci\u00f3n para migraci\u00f3n regular, ordenada y segura","datePublished":"2021-04-07T22:00:51+00:00","mainEntityOfPage":{"@id":"https:\/\/redamlo.com\/index.php\/2021\/04\/07\/presidente-de-mexico-y-vicepresidenta-de-estados-unidos-conversan-sobre-mecanismos-de-cooperacion-para-migracion-regular-ordenada-y-segura\/"},"wordCount":346,"commentCount":0,"publisher":{"@id":"https:\/\/redamlo.com\/#organization"},"image":{"@id":"https:\/\/redamlo.com\/index.php\/2021\/04\/07\/presidente-de-mexico-y-vicepresidenta-de-estados-unidos-conversan-sobre-mecanismos-de-cooperacion-para-migracion-regular-ordenada-y-segura\/#primaryimage"},"thumbnailUrl":"https:\/\/redamlo.com\/wp-content\/uploads\/2021\/04\/Presidente-de-Mexico-y-vicepresidenta-de-Estados-Unidos-conversan-sobre-mecanismos-de-cooperacion-para-migracion-regular-ordenada-y-segura-scaled-1.jpg","keywords":["AMLO","Andr\u00e9s Manuel L\u00f3pez Obrador","derechos humanos","Estados Unidos","Gobierno de M\u00e9xico","Kamala","Marcelo Ebrard","menores de edad","M\u00e9xico","Migrantes","SRE"],"articleSection":["4T","Nacionales","Presidencia"],"inLanguage":"es","potentialAction":[{"@type":"CommentAction","name":"Comment","target":["https:\/\/redamlo.com\/index.php\/2021\/04\/07\/presidente-de-mexico-y-vicepresidenta-de-estados-unidos-conversan-sobre-mecanismos-de-cooperacion-para-migracion-regular-ordenada-y-segura\/#respond"]}]},{"@type":"WebPage","@id":"https:\/\/redamlo.com\/index.php\/2021\/04\/07\/presidente-de-mexico-y-vicepresidenta-de-estados-unidos-conversan-sobre-mecanismos-de-cooperacion-para-migracion-regular-ordenada-y-segura\/","url":"https:\/\/redamlo.com\/index.php\/2021\/04\/07\/presidente-de-mexico-y-vicepresidenta-de-estados-unidos-conversan-sobre-mecanismos-de-cooperacion-para-migracion-regular-ordenada-y-segura\/","name":"Presidente de M\u00e9xico y vicepresidenta de Estados Unidos conversan sobre mecanismos de cooperaci\u00f3n para migraci\u00f3n regular, ordenada y segura - NOTICIAS DE LA 4T","isPartOf":{"@id":"https:\/\/redamlo.com\/#website"},"primaryImageOfPage":{"@id":"https:\/\/redamlo.com\/index.php\/2021\/04\/07\/presidente-de-mexico-y-vicepresidenta-de-estados-unidos-conversan-sobre-mecanismos-de-cooperacion-para-migracion-regular-ordenada-y-segura\/#primaryimage"},"image":{"@id":"https:\/\/redamlo.com\/index.php\/2021\/04\/07\/presidente-de-mexico-y-vicepresidenta-de-estados-unidos-conversan-sobre-mecanismos-de-cooperacion-para-migracion-regular-ordenada-y-segura\/#primaryimage"},"thumbnailUrl":"https:\/\/redamlo.com\/wp-content\/uploads\/2021\/04\/Presidente-de-Mexico-y-vicepresidenta-de-Estados-Unidos-conversan-sobre-mecanismos-de-cooperacion-para-migracion-regular-ordenada-y-segura-scaled-1.jpg","datePublished":"2021-04-07T22:00:51+00:00","breadcrumb":{"@id":"https:\/\/redamlo.com\/index.php\/2021\/04\/07\/presidente-de-mexico-y-vicepresidenta-de-estados-unidos-conversan-sobre-mecanismos-de-cooperacion-para-migracion-regular-ordenada-y-segura\/#breadcrumb"},"inLanguage":"es","potentialAction":[{"@type":"ReadAction","target":["https:\/\/redamlo.com\/index.php\/2021\/04\/07\/presidente-de-mexico-y-vicepresidenta-de-estados-unidos-conversan-sobre-mecanismos-de-cooperacion-para-migracion-regular-ordenada-y-segura\/"]}]},{"@type":"ImageObject","inLanguage":"es","@id":"https:\/\/redamlo.com\/index.php\/2021\/04\/07\/presidente-de-mexico-y-vicepresidenta-de-estados-unidos-conversan-sobre-mecanismos-de-cooperacion-para-migracion-regular-ordenada-y-segura\/#primaryimage","url":"https:\/\/redamlo.com\/wp-content\/uploads\/2021\/04\/Presidente-de-Mexico-y-vicepresidenta-de-Estados-Unidos-conversan-sobre-mecanismos-de-cooperacion-para-migracion-regular-ordenada-y-segura-scaled-1.jpg","contentUrl":"https:\/\/redamlo.com\/wp-content\/uploads\/2021\/04\/Presidente-de-Mexico-y-vicepresidenta-de-Estados-Unidos-conversan-sobre-mecanismos-de-cooperacion-para-migracion-regular-ordenada-y-segura-scaled-1.jpg","width":2560,"height":1380},{"@type":"BreadcrumbList","@id":"https:\/\/redamlo.com\/index.php\/2021\/04\/07\/presidente-de-mexico-y-vicepresidenta-de-estados-unidos-conversan-sobre-mecanismos-de-cooperacion-para-migracion-regular-ordenada-y-segura\/#breadcrumb","itemListElement":[{"@type":"ListItem","position":1,"name":"Inicio","item":"https:\/\/redamlo.com\/"},{"@type":"ListItem","position":2,"name":"Presidente de M\u00e9xico y vicepresidenta de Estados Unidos conversan sobre mecanismos de cooperaci\u00f3n para migraci\u00f3n regular, ordenada y segura"}]},{"@type":"WebSite","@id":"https:\/\/redamlo.com\/#website","url":"https:\/\/redamlo.com\/","name":"NOTICIAS DE LA 4T","description":"","publisher":{"@id":"https:\/\/redamlo.com\/#organization"},"potentialAction":[{"@type":"SearchAction","target":{"@type":"EntryPoint","urlTemplate":"https:\/\/redamlo.com\/?s={search_term_string}"},"query-input":{"@type":"PropertyValueSpecification","valueRequired":true,"valueName":"search_term_string"}}],"inLanguage":"es"},{"@type":"Organization","@id":"https:\/\/redamlo.com\/#organization","name":"NOTICIAS DE LA 4T","url":"https:\/\/redamlo.com\/","logo":{"@type":"ImageObject","inLanguage":"es","@id":"https:\/\/redamlo.com\/#\/schema\/logo\/image\/","url":"https:\/\/redamlo.com\/wp-content\/uploads\/2024\/08\/cropped-RED-AMLO-logo-50.png","contentUrl":"https:\/\/redamlo.com\/wp-content\/uploads\/2024\/08\/cropped-RED-AMLO-logo-50.png","width":256,"height":256,"caption":"NOTICIAS DE LA 4T"},"image":{"@id":"https:\/\/redamlo.com\/#\/schema\/logo\/image\/"}},{"@type":"Person","@id":"https:\/\/redamlo.com\/#\/schema\/person\/7223a4375eb8f1a782fcae010a7115cf","name":"Blanca","image":{"@type":"ImageObject","inLanguage":"es","@id":"https:\/\/secure.gravatar.com\/avatar\/3f79bc8336367a4e6093eae8757acaaf61d1124834b905616de7829b0273426d?s=96&d=mm&r=g","url":"https:\/\/secure.gravatar.com\/avatar\/3f79bc8336367a4e6093eae8757acaaf61d1124834b905616de7829b0273426d?s=96&d=mm&r=g","contentUrl":"https:\/\/secure.gravatar.com\/avatar\/3f79bc8336367a4e6093eae8757acaaf61d1124834b905616de7829b0273426d?s=96&d=mm&r=g","caption":"Blanca"},"url":"https:\/\/redamlo.com\/index.php\/author\/blanca\/"}]}},"_links":{"self":[{"href":"https:\/\/redamlo.com\/index.php\/wp-json\/wp\/v2\/posts\/3984","targetHints":{"allow":["GET"]}}],"collection":[{"href":"https:\/\/redamlo.com\/index.php\/wp-json\/wp\/v2\/posts"}],"about":[{"href":"https:\/\/redamlo.com\/index.php\/wp-json\/wp\/v2\/types\/post"}],"author":[{"embeddable":true,"href":"https:\/\/redamlo.com\/index.php\/wp-json\/wp\/v2\/users\/2"}],"replies":[{"embeddable":true,"href":"https:\/\/redamlo.com\/index.php\/wp-json\/wp\/v2\/comments?post=3984"}],"version-history":[{"count":0,"href":"https:\/\/redamlo.com\/index.php\/wp-json\/wp\/v2\/posts\/3984\/revisions"}],"wp:featuredmedia":[{"embeddable":true,"href":"https:\/\/redamlo.com\/index.php\/wp-json\/wp\/v2\/media\/3987"}],"wp:attachment":[{"href":"https:\/\/redamlo.com\/index.php\/wp-json\/wp\/v2\/media?parent=3984"}],"wp:term":[{"taxonomy":"category","embeddable":true,"href":"https:\/\/redamlo.com\/index.php\/wp-json\/wp\/v2\/categories?post=3984"},{"taxonomy":"post_tag","embeddable":true,"href":"https:\/\/redamlo.com\/index.php\/wp-json\/wp\/v2\/tags?post=3984"}],"curies":[{"name":"wp","href":"https:\/\/api.w.org\/{rel}","templated":true}]}}