{"id":3980,"date":"2021-04-07T14:00:42","date_gmt":"2021-04-07T19:00:42","guid":{"rendered":"https:\/\/redamlo.com\/?p=3980"},"modified":"2021-04-07T14:00:42","modified_gmt":"2021-04-07T19:00:42","slug":"lopez-obrador-reconoce-a-las-y-los-medicos-y-enfermeros-en-el-dia-mundial-de-la-salud","status":"publish","type":"post","link":"https:\/\/redamlo.com\/index.php\/2021\/04\/07\/lopez-obrador-reconoce-a-las-y-los-medicos-y-enfermeros-en-el-dia-mundial-de-la-salud\/","title":{"rendered":"L\u00f3pez Obrador reconoce a las y los m\u00e9dicos y enfermeros en el D\u00eda Mundial de la Salud"},"content":{"rendered":"<p style=\"text-align: justify;\"><span style=\"font-family: Arial, Helvetica, sans-serif; color: #000000;\">M\u00c9XICO, 07 de abril de 2021.- El presidente de M\u00e9xico, Andr\u00e9s Manuel L\u00f3pez Obrador encabez\u00f3 la ceremonia conmemorativa del D\u00eda Mundial de la Salud en Palacio Nacional.<\/span><\/p>\n<p style=\"text-align: justify;\"><span style=\"font-family: Arial, Helvetica, sans-serif; color: #000000;\">En conferencia de prensa matutina entreg\u00f3 los Premios al M\u00e9rito 2021 a personal de la salud que se distingue por su vocaci\u00f3n de servicio en favor de la medicina y la sociedad.<\/span><\/p>\n<p style=\"text-align: justify;\"><span style=\"font-family: Arial, Helvetica, sans-serif; color: #000000;\">\u201cReiterar mi felicitaci\u00f3n a todos los que hoy recibieron este Premio al M\u00e9rito 2021, mujeres y hombres destacad\u00edsimos de la medicina. Nuestra felicitaci\u00f3n amplia. Es un reconocimiento muy merecido; conozco a algunos de ustedes, s\u00e9 de su trayectoria profesional, m\u00e9dica, de su integridad moral y son un ejemplo para los trabajadores de la salud y para todos los mexicanos. Nos llena de orgullo que se tenga profesionales de la salud como ustedes\u201d, expres\u00f3 el mandatario.<\/span><\/p>\n<p style=\"text-align: justify;\"><span style=\"font-family: Arial, Helvetica, sans-serif; color: #000000;\">Obtuvieron este reconocimiento las y los m\u00e9dicos Guillermo Miguel Ruiz Palacios y Santos, Luis Alfredo Ponce de Le\u00f3n Gardu\u00f1o, Teresa Shamah Levy, Carlos Gerardo Cant\u00fa Brito, Armando V\u00e1zquez L\u00f3pez Guerra, Bruno Esta\u00f1ol Vidal, Juan Gabriel Navarrete V\u00e1zquez, Mar\u00eda Dolores Dom\u00ednguez Rocha y Juan Jos\u00e9 Maz\u00f3n Ram\u00edrez; las enfermeras Martha Karina Mart\u00ednez Espinoza y Margarita Alvarado Gonz\u00e1lez, y el enfermero, Luis Carlos Fonseca Romero.<\/span><\/p>\n<p style=\"text-align: justify;\"><span style=\"font-family: Arial, Helvetica, sans-serif; color: #000000;\">El jefe del Ejecutivo pidi\u00f3 hacerlo extensivo a todos los trabajadores de la salud, de los sectores p\u00fablico y privado que se desempe\u00f1an en la primera l\u00ednea de atenci\u00f3n durante la emergencia sanitaria por Covid-19.<\/span><\/p>\n<p style=\"text-align: justify;\"><span style=\"font-family: Arial, Helvetica, sans-serif; color: #000000;\">El secretario de Salud, Jorge Carlos Alcocer Varela, destac\u00f3 el esfuerzo de las y los m\u00e9dicos y enfermeros durante la epidemia.<\/span><\/p>\n<p style=\"text-align: justify;\"><span style=\"font-family: Arial, Helvetica, sans-serif; color: #000000;\">Sostuvo que la Cuarta Transformaci\u00f3n impulsa que la medicina cl\u00ednica y la salud p\u00fablica \u201cse vuelvan m\u00e1s integrales, transversales, intersectoriales y optamos por una atenci\u00f3n primaria de la salud para tener \u00e9xito a corto, mediano y largo plazo\u201d.<\/span><\/p>\n<p style=\"text-align: justify;\"><span style=\"font-family: Arial, Helvetica, sans-serif; color: #000000;\">El secretario del Consejo de Salubridad General, Jos\u00e9 Ignacio Santos Preciado, subray\u00f3 la importancia de \u201creconocer a quienes se entregan a cabalidad en el desempe\u00f1o de su profesi\u00f3n, en contribuir en la construcci\u00f3n de una nueva y mejor ciudadan\u00eda, comprometida socialmente con las instituciones por su pa\u00eds\u201d.<\/span><\/p>\n<p style=\"text-align: justify;\"><span style=\"font-family: Arial, Helvetica, sans-serif; color: #000000;\">El asesor internacional en Enfermedades no Transmisibles y Salud Mental en representaci\u00f3n de la Organizaci\u00f3n Panamericana de la Salud, Hugo Miguel Malo Serrano, manifest\u00f3 el llamado del director general de la Organizaci\u00f3n Mundial de la Salud, Tedros Adhanom Ghebreyesus, a los gobiernos, organizaciones internacionales y l\u00edderes para trabajar con los ciudadanos y enfrentar las inequidades en el acceso a la salud.<\/span><\/p>\n<p style=\"text-align: justify;\"><span style=\"font-family: Arial, Helvetica, sans-serif; color: #000000;\">Acompa\u00f1aron al presidente, la secretaria de Gobernaci\u00f3n, Olga S\u00e1nchez Cordero; el secretario de la Defensa Nacional, Luis Cresencio Sandoval Gonz\u00e1lez; el director del Instituto de Salud para el Bienestar, Juan Antonio Ferrer Aguilar; el subsecretario de Prevenci\u00f3n y Promoci\u00f3n de la Salud, Hugo L\u00f3pez-Gatell Ram\u00edrez, el director general del Instituto Mexicano del Seguro Social, Zo\u00e9 Robledo Aburto; el director general del Instituto de Seguridad y Servicios Sociales de los Trabajadores del Estado, Luis Antonio Ram\u00edrez Pineda y el director de los Servicios de Salud de Pemex, Rodolfo Lehmann Mendoza.<\/span><\/p>\n<p><iframe loading=\"lazy\" title=\"D\u00eda Mundial de la Salud. Conferencia presidente AMLO\" width=\"640\" height=\"360\" src=\"https:\/\/www.youtube.com\/embed\/HwKtpFX8XXE?start=1017&#038;feature=oembed\" frameborder=\"0\" allow=\"accelerometer; autoplay; clipboard-write; encrypted-media; gyroscope; picture-in-picture; web-share\" referrerpolicy=\"strict-origin-when-cross-origin\" allowfullscreen><\/iframe><\/p>\n","protected":false},"excerpt":{"rendered":"<p>M\u00c9XICO, 07 de abril de 2021.- El presidente de M\u00e9xico, Andr\u00e9s Manuel L\u00f3pez Obrador encabez\u00f3&#8230;<\/p>\n","protected":false},"author":2,"featured_media":3983,"comment_status":"open","ping_status":"closed","sticky":false,"template":"","format":"standard","meta":{"footnotes":""},"categories":[25,20,27],"tags":[84,131,473,657,556,658,9,641,638,567,659],"class_list":["post-3980","post","type-post","status-publish","format-standard","has-post-thumbnail","hentry","category-4t","category-nacionales","category-presidencia","tag-amlo","tag-andres-manuel-lopez-obrador","tag-covid-19","tag-dia-mundial-de-la-salud","tag-gobierno-de-mexico","tag-jorge-alcocer","tag-mexico","tag-oms","tag-palacio-nacional","tag-pandemia","tag-premios-al-merito-2021"],"yoast_head":"<!-- This site is optimized with the Yoast SEO plugin v27.5 - https:\/\/yoast.com\/product\/yoast-seo-wordpress\/ -->\n<title>L\u00f3pez Obrador reconoce a las y los m\u00e9dicos y enfermeros en el D\u00eda Mundial de la Salud - NOTICIAS DE LA 4T<\/title>\n<meta name=\"robots\" content=\"noindex, follow, max-snippet:-1, max-image-preview:large, max-video-preview:-1\" \/>\n<meta property=\"og:locale\" content=\"es_MX\" \/>\n<meta property=\"og:type\" content=\"article\" \/>\n<meta property=\"og:title\" content=\"L\u00f3pez Obrador reconoce a las y los m\u00e9dicos y enfermeros en el D\u00eda Mundial de la Salud - NOTICIAS DE LA 4T\" \/>\n<meta property=\"og:description\" content=\"M\u00c9XICO, 07 de abril de 2021.- El presidente de M\u00e9xico, Andr\u00e9s Manuel L\u00f3pez Obrador encabez\u00f3...\" \/>\n<meta property=\"og:url\" content=\"https:\/\/redamlo.com\/index.php\/2021\/04\/07\/lopez-obrador-reconoce-a-las-y-los-medicos-y-enfermeros-en-el-dia-mundial-de-la-salud\/\" \/>\n<meta property=\"og:site_name\" content=\"NOTICIAS DE LA 4T\" \/>\n<meta property=\"article:published_time\" content=\"2021-04-07T19:00:42+00:00\" \/>\n<meta property=\"og:image\" content=\"https:\/\/redamlo.com\/wp-content\/uploads\/2021\/04\/Lopez-Obrador-reconoce-a-las-y-los-medicos-y-enfermeros-en-el-Dia-Mundial-de-la-Salud.jpg\" \/>\n\t<meta property=\"og:image:width\" content=\"769\" \/>\n\t<meta property=\"og:image:height\" content=\"437\" \/>\n\t<meta property=\"og:image:type\" content=\"image\/jpeg\" \/>\n<meta name=\"author\" content=\"Blanca\" \/>\n<meta name=\"twitter:card\" content=\"summary_large_image\" \/>\n<meta name=\"twitter:label1\" content=\"Escrito por\" \/>\n\t<meta name=\"twitter:data1\" content=\"Blanca\" \/>\n\t<meta name=\"twitter:label2\" content=\"Tiempo de lectura\" \/>\n\t<meta name=\"twitter:data2\" content=\"3 minutos\" \/>\n<script type=\"application\/ld+json\" class=\"yoast-schema-graph\">{\"@context\":\"https:\\\/\\\/schema.org\",\"@graph\":[{\"@type\":\"Article\",\"@id\":\"https:\\\/\\\/redamlo.com\\\/index.php\\\/2021\\\/04\\\/07\\\/lopez-obrador-reconoce-a-las-y-los-medicos-y-enfermeros-en-el-dia-mundial-de-la-salud\\\/#article\",\"isPartOf\":{\"@id\":\"https:\\\/\\\/redamlo.com\\\/index.php\\\/2021\\\/04\\\/07\\\/lopez-obrador-reconoce-a-las-y-los-medicos-y-enfermeros-en-el-dia-mundial-de-la-salud\\\/\"},\"author\":{\"name\":\"Blanca\",\"@id\":\"https:\\\/\\\/redamlo.com\\\/#\\\/schema\\\/person\\\/7223a4375eb8f1a782fcae010a7115cf\"},\"headline\":\"L\u00f3pez Obrador reconoce a las y los m\u00e9dicos y enfermeros en el D\u00eda Mundial de la Salud\",\"datePublished\":\"2021-04-07T19:00:42+00:00\",\"mainEntityOfPage\":{\"@id\":\"https:\\\/\\\/redamlo.com\\\/index.php\\\/2021\\\/04\\\/07\\\/lopez-obrador-reconoce-a-las-y-los-medicos-y-enfermeros-en-el-dia-mundial-de-la-salud\\\/\"},\"wordCount\":573,\"commentCount\":0,\"publisher\":{\"@id\":\"https:\\\/\\\/redamlo.com\\\/#organization\"},\"image\":{\"@id\":\"https:\\\/\\\/redamlo.com\\\/index.php\\\/2021\\\/04\\\/07\\\/lopez-obrador-reconoce-a-las-y-los-medicos-y-enfermeros-en-el-dia-mundial-de-la-salud\\\/#primaryimage\"},\"thumbnailUrl\":\"https:\\\/\\\/redamlo.com\\\/wp-content\\\/uploads\\\/2021\\\/04\\\/Lopez-Obrador-reconoce-a-las-y-los-medicos-y-enfermeros-en-el-Dia-Mundial-de-la-Salud.jpg\",\"keywords\":[\"AMLO\",\"Andr\u00e9s Manuel L\u00f3pez Obrador\",\"COVID-19\",\"D\u00eda Mundial de la Salud\",\"Gobierno de M\u00e9xico\",\"Jorge Alcocer\",\"M\u00e9xico\",\"OMS\",\"Palacio Nacional\",\"pandemia\",\"Premios al M\u00e9rito 2021\"],\"articleSection\":[\"4T\",\"Nacionales\",\"Presidencia\"],\"inLanguage\":\"es\",\"potentialAction\":[{\"@type\":\"CommentAction\",\"name\":\"Comment\",\"target\":[\"https:\\\/\\\/redamlo.com\\\/index.php\\\/2021\\\/04\\\/07\\\/lopez-obrador-reconoce-a-las-y-los-medicos-y-enfermeros-en-el-dia-mundial-de-la-salud\\\/#respond\"]}]},{\"@type\":\"WebPage\",\"@id\":\"https:\\\/\\\/redamlo.com\\\/index.php\\\/2021\\\/04\\\/07\\\/lopez-obrador-reconoce-a-las-y-los-medicos-y-enfermeros-en-el-dia-mundial-de-la-salud\\\/\",\"url\":\"https:\\\/\\\/redamlo.com\\\/index.php\\\/2021\\\/04\\\/07\\\/lopez-obrador-reconoce-a-las-y-los-medicos-y-enfermeros-en-el-dia-mundial-de-la-salud\\\/\",\"name\":\"L\u00f3pez Obrador reconoce a las y los m\u00e9dicos y enfermeros en el D\u00eda Mundial de la Salud - NOTICIAS DE LA 4T\",\"isPartOf\":{\"@id\":\"https:\\\/\\\/redamlo.com\\\/#website\"},\"primaryImageOfPage\":{\"@id\":\"https:\\\/\\\/redamlo.com\\\/index.php\\\/2021\\\/04\\\/07\\\/lopez-obrador-reconoce-a-las-y-los-medicos-y-enfermeros-en-el-dia-mundial-de-la-salud\\\/#primaryimage\"},\"image\":{\"@id\":\"https:\\\/\\\/redamlo.com\\\/index.php\\\/2021\\\/04\\\/07\\\/lopez-obrador-reconoce-a-las-y-los-medicos-y-enfermeros-en-el-dia-mundial-de-la-salud\\\/#primaryimage\"},\"thumbnailUrl\":\"https:\\\/\\\/redamlo.com\\\/wp-content\\\/uploads\\\/2021\\\/04\\\/Lopez-Obrador-reconoce-a-las-y-los-medicos-y-enfermeros-en-el-Dia-Mundial-de-la-Salud.jpg\",\"datePublished\":\"2021-04-07T19:00:42+00:00\",\"breadcrumb\":{\"@id\":\"https:\\\/\\\/redamlo.com\\\/index.php\\\/2021\\\/04\\\/07\\\/lopez-obrador-reconoce-a-las-y-los-medicos-y-enfermeros-en-el-dia-mundial-de-la-salud\\\/#breadcrumb\"},\"inLanguage\":\"es\",\"potentialAction\":[{\"@type\":\"ReadAction\",\"target\":[\"https:\\\/\\\/redamlo.com\\\/index.php\\\/2021\\\/04\\\/07\\\/lopez-obrador-reconoce-a-las-y-los-medicos-y-enfermeros-en-el-dia-mundial-de-la-salud\\\/\"]}]},{\"@type\":\"ImageObject\",\"inLanguage\":\"es\",\"@id\":\"https:\\\/\\\/redamlo.com\\\/index.php\\\/2021\\\/04\\\/07\\\/lopez-obrador-reconoce-a-las-y-los-medicos-y-enfermeros-en-el-dia-mundial-de-la-salud\\\/#primaryimage\",\"url\":\"https:\\\/\\\/redamlo.com\\\/wp-content\\\/uploads\\\/2021\\\/04\\\/Lopez-Obrador-reconoce-a-las-y-los-medicos-y-enfermeros-en-el-Dia-Mundial-de-la-Salud.jpg\",\"contentUrl\":\"https:\\\/\\\/redamlo.com\\\/wp-content\\\/uploads\\\/2021\\\/04\\\/Lopez-Obrador-reconoce-a-las-y-los-medicos-y-enfermeros-en-el-Dia-Mundial-de-la-Salud.jpg\",\"width\":769,\"height\":437},{\"@type\":\"BreadcrumbList\",\"@id\":\"https:\\\/\\\/redamlo.com\\\/index.php\\\/2021\\\/04\\\/07\\\/lopez-obrador-reconoce-a-las-y-los-medicos-y-enfermeros-en-el-dia-mundial-de-la-salud\\\/#breadcrumb\",\"itemListElement\":[{\"@type\":\"ListItem\",\"position\":1,\"name\":\"Inicio\",\"item\":\"https:\\\/\\\/redamlo.com\\\/\"},{\"@type\":\"ListItem\",\"position\":2,\"name\":\"L\u00f3pez Obrador reconoce a las y los m\u00e9dicos y enfermeros en el D\u00eda Mundial de la Salud\"}]},{\"@type\":\"WebSite\",\"@id\":\"https:\\\/\\\/redamlo.com\\\/#website\",\"url\":\"https:\\\/\\\/redamlo.com\\\/\",\"name\":\"NOTICIAS DE LA 4T\",\"description\":\"\",\"publisher\":{\"@id\":\"https:\\\/\\\/redamlo.com\\\/#organization\"},\"potentialAction\":[{\"@type\":\"SearchAction\",\"target\":{\"@type\":\"EntryPoint\",\"urlTemplate\":\"https:\\\/\\\/redamlo.com\\\/?s={search_term_string}\"},\"query-input\":{\"@type\":\"PropertyValueSpecification\",\"valueRequired\":true,\"valueName\":\"search_term_string\"}}],\"inLanguage\":\"es\"},{\"@type\":\"Organization\",\"@id\":\"https:\\\/\\\/redamlo.com\\\/#organization\",\"name\":\"NOTICIAS DE LA 4T\",\"url\":\"https:\\\/\\\/redamlo.com\\\/\",\"logo\":{\"@type\":\"ImageObject\",\"inLanguage\":\"es\",\"@id\":\"https:\\\/\\\/redamlo.com\\\/#\\\/schema\\\/logo\\\/image\\\/\",\"url\":\"https:\\\/\\\/redamlo.com\\\/wp-content\\\/uploads\\\/2024\\\/08\\\/cropped-RED-AMLO-logo-50.png\",\"contentUrl\":\"https:\\\/\\\/redamlo.com\\\/wp-content\\\/uploads\\\/2024\\\/08\\\/cropped-RED-AMLO-logo-50.png\",\"width\":256,\"height\":256,\"caption\":\"NOTICIAS DE LA 4T\"},\"image\":{\"@id\":\"https:\\\/\\\/redamlo.com\\\/#\\\/schema\\\/logo\\\/image\\\/\"}},{\"@type\":\"Person\",\"@id\":\"https:\\\/\\\/redamlo.com\\\/#\\\/schema\\\/person\\\/7223a4375eb8f1a782fcae010a7115cf\",\"name\":\"Blanca\",\"image\":{\"@type\":\"ImageObject\",\"inLanguage\":\"es\",\"@id\":\"https:\\\/\\\/secure.gravatar.com\\\/avatar\\\/3f79bc8336367a4e6093eae8757acaaf61d1124834b905616de7829b0273426d?s=96&d=mm&r=g\",\"url\":\"https:\\\/\\\/secure.gravatar.com\\\/avatar\\\/3f79bc8336367a4e6093eae8757acaaf61d1124834b905616de7829b0273426d?s=96&d=mm&r=g\",\"contentUrl\":\"https:\\\/\\\/secure.gravatar.com\\\/avatar\\\/3f79bc8336367a4e6093eae8757acaaf61d1124834b905616de7829b0273426d?s=96&d=mm&r=g\",\"caption\":\"Blanca\"},\"url\":\"https:\\\/\\\/redamlo.com\\\/index.php\\\/author\\\/blanca\\\/\"}]}<\/script>\n<!-- \/ Yoast SEO plugin. -->","yoast_head_json":{"title":"L\u00f3pez Obrador reconoce a las y los m\u00e9dicos y enfermeros en el D\u00eda Mundial de la Salud - NOTICIAS DE LA 4T","robots":{"index":"noindex","follow":"follow","max-snippet":"max-snippet:-1","max-image-preview":"max-image-preview:large","max-video-preview":"max-video-preview:-1"},"og_locale":"es_MX","og_type":"article","og_title":"L\u00f3pez Obrador reconoce a las y los m\u00e9dicos y enfermeros en el D\u00eda Mundial de la Salud - NOTICIAS DE LA 4T","og_description":"M\u00c9XICO, 07 de abril de 2021.- El presidente de M\u00e9xico, Andr\u00e9s Manuel L\u00f3pez Obrador encabez\u00f3...","og_url":"https:\/\/redamlo.com\/index.php\/2021\/04\/07\/lopez-obrador-reconoce-a-las-y-los-medicos-y-enfermeros-en-el-dia-mundial-de-la-salud\/","og_site_name":"NOTICIAS DE LA 4T","article_published_time":"2021-04-07T19:00:42+00:00","og_image":[{"width":769,"height":437,"url":"https:\/\/redamlo.com\/wp-content\/uploads\/2021\/04\/Lopez-Obrador-reconoce-a-las-y-los-medicos-y-enfermeros-en-el-Dia-Mundial-de-la-Salud.jpg","type":"image\/jpeg"}],"author":"Blanca","twitter_card":"summary_large_image","twitter_misc":{"Escrito por":"Blanca","Tiempo de lectura":"3 minutos"},"schema":{"@context":"https:\/\/schema.org","@graph":[{"@type":"Article","@id":"https:\/\/redamlo.com\/index.php\/2021\/04\/07\/lopez-obrador-reconoce-a-las-y-los-medicos-y-enfermeros-en-el-dia-mundial-de-la-salud\/#article","isPartOf":{"@id":"https:\/\/redamlo.com\/index.php\/2021\/04\/07\/lopez-obrador-reconoce-a-las-y-los-medicos-y-enfermeros-en-el-dia-mundial-de-la-salud\/"},"author":{"name":"Blanca","@id":"https:\/\/redamlo.com\/#\/schema\/person\/7223a4375eb8f1a782fcae010a7115cf"},"headline":"L\u00f3pez Obrador reconoce a las y los m\u00e9dicos y enfermeros en el D\u00eda Mundial de la Salud","datePublished":"2021-04-07T19:00:42+00:00","mainEntityOfPage":{"@id":"https:\/\/redamlo.com\/index.php\/2021\/04\/07\/lopez-obrador-reconoce-a-las-y-los-medicos-y-enfermeros-en-el-dia-mundial-de-la-salud\/"},"wordCount":573,"commentCount":0,"publisher":{"@id":"https:\/\/redamlo.com\/#organization"},"image":{"@id":"https:\/\/redamlo.com\/index.php\/2021\/04\/07\/lopez-obrador-reconoce-a-las-y-los-medicos-y-enfermeros-en-el-dia-mundial-de-la-salud\/#primaryimage"},"thumbnailUrl":"https:\/\/redamlo.com\/wp-content\/uploads\/2021\/04\/Lopez-Obrador-reconoce-a-las-y-los-medicos-y-enfermeros-en-el-Dia-Mundial-de-la-Salud.jpg","keywords":["AMLO","Andr\u00e9s Manuel L\u00f3pez Obrador","COVID-19","D\u00eda Mundial de la Salud","Gobierno de M\u00e9xico","Jorge Alcocer","M\u00e9xico","OMS","Palacio Nacional","pandemia","Premios al M\u00e9rito 2021"],"articleSection":["4T","Nacionales","Presidencia"],"inLanguage":"es","potentialAction":[{"@type":"CommentAction","name":"Comment","target":["https:\/\/redamlo.com\/index.php\/2021\/04\/07\/lopez-obrador-reconoce-a-las-y-los-medicos-y-enfermeros-en-el-dia-mundial-de-la-salud\/#respond"]}]},{"@type":"WebPage","@id":"https:\/\/redamlo.com\/index.php\/2021\/04\/07\/lopez-obrador-reconoce-a-las-y-los-medicos-y-enfermeros-en-el-dia-mundial-de-la-salud\/","url":"https:\/\/redamlo.com\/index.php\/2021\/04\/07\/lopez-obrador-reconoce-a-las-y-los-medicos-y-enfermeros-en-el-dia-mundial-de-la-salud\/","name":"L\u00f3pez Obrador reconoce a las y los m\u00e9dicos y enfermeros en el D\u00eda Mundial de la Salud - NOTICIAS DE LA 4T","isPartOf":{"@id":"https:\/\/redamlo.com\/#website"},"primaryImageOfPage":{"@id":"https:\/\/redamlo.com\/index.php\/2021\/04\/07\/lopez-obrador-reconoce-a-las-y-los-medicos-y-enfermeros-en-el-dia-mundial-de-la-salud\/#primaryimage"},"image":{"@id":"https:\/\/redamlo.com\/index.php\/2021\/04\/07\/lopez-obrador-reconoce-a-las-y-los-medicos-y-enfermeros-en-el-dia-mundial-de-la-salud\/#primaryimage"},"thumbnailUrl":"https:\/\/redamlo.com\/wp-content\/uploads\/2021\/04\/Lopez-Obrador-reconoce-a-las-y-los-medicos-y-enfermeros-en-el-Dia-Mundial-de-la-Salud.jpg","datePublished":"2021-04-07T19:00:42+00:00","breadcrumb":{"@id":"https:\/\/redamlo.com\/index.php\/2021\/04\/07\/lopez-obrador-reconoce-a-las-y-los-medicos-y-enfermeros-en-el-dia-mundial-de-la-salud\/#breadcrumb"},"inLanguage":"es","potentialAction":[{"@type":"ReadAction","target":["https:\/\/redamlo.com\/index.php\/2021\/04\/07\/lopez-obrador-reconoce-a-las-y-los-medicos-y-enfermeros-en-el-dia-mundial-de-la-salud\/"]}]},{"@type":"ImageObject","inLanguage":"es","@id":"https:\/\/redamlo.com\/index.php\/2021\/04\/07\/lopez-obrador-reconoce-a-las-y-los-medicos-y-enfermeros-en-el-dia-mundial-de-la-salud\/#primaryimage","url":"https:\/\/redamlo.com\/wp-content\/uploads\/2021\/04\/Lopez-Obrador-reconoce-a-las-y-los-medicos-y-enfermeros-en-el-Dia-Mundial-de-la-Salud.jpg","contentUrl":"https:\/\/redamlo.com\/wp-content\/uploads\/2021\/04\/Lopez-Obrador-reconoce-a-las-y-los-medicos-y-enfermeros-en-el-Dia-Mundial-de-la-Salud.jpg","width":769,"height":437},{"@type":"BreadcrumbList","@id":"https:\/\/redamlo.com\/index.php\/2021\/04\/07\/lopez-obrador-reconoce-a-las-y-los-medicos-y-enfermeros-en-el-dia-mundial-de-la-salud\/#breadcrumb","itemListElement":[{"@type":"ListItem","position":1,"name":"Inicio","item":"https:\/\/redamlo.com\/"},{"@type":"ListItem","position":2,"name":"L\u00f3pez Obrador reconoce a las y los m\u00e9dicos y enfermeros en el D\u00eda Mundial de la Salud"}]},{"@type":"WebSite","@id":"https:\/\/redamlo.com\/#website","url":"https:\/\/redamlo.com\/","name":"NOTICIAS DE LA 4T","description":"","publisher":{"@id":"https:\/\/redamlo.com\/#organization"},"potentialAction":[{"@type":"SearchAction","target":{"@type":"EntryPoint","urlTemplate":"https:\/\/redamlo.com\/?s={search_term_string}"},"query-input":{"@type":"PropertyValueSpecification","valueRequired":true,"valueName":"search_term_string"}}],"inLanguage":"es"},{"@type":"Organization","@id":"https:\/\/redamlo.com\/#organization","name":"NOTICIAS DE LA 4T","url":"https:\/\/redamlo.com\/","logo":{"@type":"ImageObject","inLanguage":"es","@id":"https:\/\/redamlo.com\/#\/schema\/logo\/image\/","url":"https:\/\/redamlo.com\/wp-content\/uploads\/2024\/08\/cropped-RED-AMLO-logo-50.png","contentUrl":"https:\/\/redamlo.com\/wp-content\/uploads\/2024\/08\/cropped-RED-AMLO-logo-50.png","width":256,"height":256,"caption":"NOTICIAS DE LA 4T"},"image":{"@id":"https:\/\/redamlo.com\/#\/schema\/logo\/image\/"}},{"@type":"Person","@id":"https:\/\/redamlo.com\/#\/schema\/person\/7223a4375eb8f1a782fcae010a7115cf","name":"Blanca","image":{"@type":"ImageObject","inLanguage":"es","@id":"https:\/\/secure.gravatar.com\/avatar\/3f79bc8336367a4e6093eae8757acaaf61d1124834b905616de7829b0273426d?s=96&d=mm&r=g","url":"https:\/\/secure.gravatar.com\/avatar\/3f79bc8336367a4e6093eae8757acaaf61d1124834b905616de7829b0273426d?s=96&d=mm&r=g","contentUrl":"https:\/\/secure.gravatar.com\/avatar\/3f79bc8336367a4e6093eae8757acaaf61d1124834b905616de7829b0273426d?s=96&d=mm&r=g","caption":"Blanca"},"url":"https:\/\/redamlo.com\/index.php\/author\/blanca\/"}]}},"_links":{"self":[{"href":"https:\/\/redamlo.com\/index.php\/wp-json\/wp\/v2\/posts\/3980","targetHints":{"allow":["GET"]}}],"collection":[{"href":"https:\/\/redamlo.com\/index.php\/wp-json\/wp\/v2\/posts"}],"about":[{"href":"https:\/\/redamlo.com\/index.php\/wp-json\/wp\/v2\/types\/post"}],"author":[{"embeddable":true,"href":"https:\/\/redamlo.com\/index.php\/wp-json\/wp\/v2\/users\/2"}],"replies":[{"embeddable":true,"href":"https:\/\/redamlo.com\/index.php\/wp-json\/wp\/v2\/comments?post=3980"}],"version-history":[{"count":0,"href":"https:\/\/redamlo.com\/index.php\/wp-json\/wp\/v2\/posts\/3980\/revisions"}],"wp:featuredmedia":[{"embeddable":true,"href":"https:\/\/redamlo.com\/index.php\/wp-json\/wp\/v2\/media\/3983"}],"wp:attachment":[{"href":"https:\/\/redamlo.com\/index.php\/wp-json\/wp\/v2\/media?parent=3980"}],"wp:term":[{"taxonomy":"category","embeddable":true,"href":"https:\/\/redamlo.com\/index.php\/wp-json\/wp\/v2\/categories?post=3980"},{"taxonomy":"post_tag","embeddable":true,"href":"https:\/\/redamlo.com\/index.php\/wp-json\/wp\/v2\/tags?post=3980"}],"curies":[{"name":"wp","href":"https:\/\/api.w.org\/{rel}","templated":true}]}}