{"id":3976,"date":"2021-04-06T14:00:53","date_gmt":"2021-04-06T19:00:53","guid":{"rendered":"https:\/\/redamlo.com\/?p=3976"},"modified":"2021-04-06T14:00:53","modified_gmt":"2021-04-06T19:00:53","slug":"en-mayo-estaran-vacunados-adultos-mayores-e-integrantes-del-sector-educativo-lopez-obrador","status":"publish","type":"post","link":"https:\/\/redamlo.com\/index.php\/2021\/04\/06\/en-mayo-estaran-vacunados-adultos-mayores-e-integrantes-del-sector-educativo-lopez-obrador\/","title":{"rendered":"En mayo estar\u00e1n vacunados adultos mayores e integrantes del sector educativo: L\u00f3pez Obrador"},"content":{"rendered":"<p style=\"text-align: justify;\"><span style=\"font-family: Arial, Helvetica, sans-serif; color: #000000;\">M\u00c9XICO, 06 de abril de 2021.- El presidente de M\u00e9xico, Andr\u00e9s Manuel L\u00f3pez Obrador afirm\u00f3 que al t\u00e9rmino de la vacunaci\u00f3n a personas adultas mayores hacia el final de abril, se proceder\u00e1 con el personal del sector educativo, p\u00fablico y privado, y posteriormente el Plan Nacional continuar\u00e1 por edades.<\/span><\/p>\n<p style=\"text-align: justify;\"><span style=\"font-family: Arial, Helvetica, sans-serif; color: #000000;\">\u201cSi ya vamos a tener de 60 hacia arriba, es probable que empecemos de 50 a 60 en general. Si tenemos vacunas suficientes, de 40 a 60, eso lo estamos valorando para avanzar. Yo espero que para el mes de mayo tengamos ya vacunados a todos los adultos mayores y a maestros y ya iniciada la vacunaci\u00f3n, de la poblaci\u00f3n de menor edad, es decir, menores de 60. Ese es el plan\u201d, explic\u00f3.<\/span><\/p>\n<p style=\"text-align: justify;\"><span style=\"font-family: Arial, Helvetica, sans-serif; color: #000000;\">Con el prop\u00f3sito de garantizar el env\u00edo de dosis de vacunas contra Covid-19 en tiempo y forma a M\u00e9xico, el presidente instruy\u00f3 secretario de Relaciones Exteriores, Marcelo Ebrard Casaubon, viajar en los pr\u00f3ximos d\u00edas a Rusia, China y Estados Unidos.<\/span><\/p>\n<p style=\"text-align: justify;\"><span style=\"font-family: Arial, Helvetica, sans-serif; color: #000000;\">\u201cVamos a tener la pandemia controlada, que no haya rebrote y avanzar en la vacunaci\u00f3n, de ah\u00ed el viaje de Marcelo Ebrard, el secretario de Relaciones Exteriores, a Rusia, a China y Estados Unidos porque necesitamos garantizar que se cumplan los contratos que tenemos establecidos para que podamos avanzar sin problemas. Hasta ahora vamos bien\u201d, enfatiz\u00f3.<\/span><\/p>\n<p style=\"text-align: justify;\"><span style=\"font-family: Arial, Helvetica, sans-serif; color: #000000;\">El jefe del Ejecutivo asegur\u00f3 que no faltar\u00e1n vacunas y ser\u00e1n para todas y todos, en condiciones de igualdad y sin abusos de poder. Record\u00f3 que el gobierno federal ha actuado con anticipaci\u00f3n para conseguir las dosis necesarias en beneficio de la poblaci\u00f3n.<\/span><\/p>\n<p style=\"text-align: justify;\"><span style=\"font-family: Arial, Helvetica, sans-serif; color: #000000;\">\u201cTodo esto ha llevado tiempo de pol\u00edtica diplom\u00e1tica para tener las vacunas. Tambi\u00e9n disponibilidad de recursos, nos ha ayudado mucho la Secretar\u00eda de Hacienda, el secretario Arturo Herrera, para asegurar anticipos y no nos han quedado mal, nos han avisado cuando han tenido problemas\u201d, apunt\u00f3.<\/span><\/p>\n<p style=\"text-align: justify;\"><span style=\"font-family: Arial, Helvetica, sans-serif; color: #000000;\">En conferencia de prensa matutina, el mandatario sostuvo que el repunte de contagios o la tercera ola como consecuencia de la movilidad de personas en el reciente periodo vacacional ser\u00e1 menor que los anteriores porque est\u00e1 avanzando la vacunaci\u00f3n y hasta este d\u00eda la epidemia suma 10 semanas en descenso.<\/span><\/p>\n<p style=\"text-align: justify;\"><span style=\"font-family: Arial, Helvetica, sans-serif; color: #000000;\">El presidente L\u00f3pez Obrador confirm\u00f3 que en 15 o 20 d\u00edas se vacunar\u00e1 contra Covid-19.<\/span><\/p>\n<p style=\"text-align: justify;\"><span style=\"font-family: Arial, Helvetica, sans-serif; color: #000000;\">Al respecto, el secretario de Salud, Jorge Alcocer Varela, indic\u00f3 que las vacunas adquiridas en M\u00e9xico son seguras y eficaces, cuentan con la aprobaci\u00f3n de las autoridades sanitarias de m\u00e1s de 40 pa\u00edses, por lo que es indistinto recibir de una u otra farmac\u00e9utica.<\/span><\/p>\n<p style=\"text-align: justify;\"><span style=\"font-family: Arial, Helvetica, sans-serif; color: #000000;\">El secretario de Relaciones Exteriores, Marcelo Ebrard Casaubon, inform\u00f3 que para esta semana se acelerar\u00e1 la entrega de dosis de Pfizer\/BioNTech y se liberar\u00e1 casi medio mill\u00f3n de dosis de la vacuna de CanSino Bio producida en M\u00e9xico.<\/span><\/p>\n<p style=\"text-align: justify;\"><span style=\"font-family: Arial, Helvetica, sans-serif; color: #000000;\">Entre el 6 y el 11 de abril M\u00e9xico espera recibir un mill\u00f3n 247 mil 360 dosis de vacunas listas para aplicarse, de las cuales 487 mil 500 de Pfizer llegar\u00e1n el 8 de abril y 327 mil 600 de la misma farmac\u00e9utica el 9 de abril. Los d\u00edas 7 y 8, se tendr\u00e1n 432 mil 260 de CanSino Bio envasadas en M\u00e9xico.<\/span><\/p>\n<p style=\"text-align: justify;\"><span style=\"font-family: Arial, Helvetica, sans-serif; color: #000000;\">\u201cHa habido en la conducci\u00f3n de la estrategia en M\u00e9xico, sin duda alguna, una visi\u00f3n importante y oportuna y ha participado directamente el presidente de la Rep\u00fablica. Si no habr\u00eda eso, no hubi\u00e9ramos tenido este n\u00famero de vacunas\u201d, destac\u00f3 el canciller.<\/span><\/p>\n<p style=\"text-align: justify;\"><span style=\"font-family: Arial, Helvetica, sans-serif; color: #000000;\">El subsecretario de Prevenci\u00f3n y Promoci\u00f3n de la Salud, Hugo L\u00f3pez-Gatell Ram\u00edrez, detall\u00f3 que ayer se vacun\u00f3 a 292 mil 855 personas y al d\u00eda de hoy suman 9 millones 366 mil 993 dosis aplicadas en todo el pa\u00eds.<\/span><\/p>\n<p style=\"text-align: justify;\"><span style=\"font-family: Arial, Helvetica, sans-serif; color: #000000;\">\u201cAspiramos a ir incrementando esta cobertura por d\u00eda para ir avanzando m\u00e1s r\u00e1pidamente\u201d, expres\u00f3.<\/span><\/p>\n<p><iframe loading=\"lazy\" title=\"Vacunaci\u00f3n a maestras y maestros ser\u00e1 en mayo. Conferencia presidente AMLO\" width=\"640\" height=\"360\" src=\"https:\/\/www.youtube.com\/embed\/1-3Vrp0uPRI?start=1044&#038;feature=oembed\" frameborder=\"0\" allow=\"accelerometer; autoplay; clipboard-write; encrypted-media; gyroscope; picture-in-picture; web-share\" referrerpolicy=\"strict-origin-when-cross-origin\" allowfullscreen><\/iframe><\/p>\n","protected":false},"excerpt":{"rendered":"<p>M\u00c9XICO, 06 de abril de 2021.- El presidente de M\u00e9xico, Andr\u00e9s Manuel L\u00f3pez Obrador afirm\u00f3&#8230;<\/p>\n","protected":false},"author":2,"featured_media":3979,"comment_status":"open","ping_status":"closed","sticky":false,"template":"","format":"standard","meta":{"footnotes":""},"categories":[25,20,27,31],"tags":[539,84,473,556,9,567,576,654,655,656],"class_list":["post-3976","post","type-post","status-publish","format-standard","has-post-thumbnail","hentry","category-4t","category-nacionales","category-presidencia","category-salud","tag-adultos-mayores","tag-amlo","tag-covid-19","tag-gobierno-de-mexico","tag-mexico","tag-pandemia","tag-plan-nacional-de-vacunacion","tag-sector-educativo","tag-sre","tag-vacunas"],"yoast_head":"<!-- This site is optimized with the Yoast SEO plugin v27.5 - https:\/\/yoast.com\/product\/yoast-seo-wordpress\/ -->\n<title>En mayo estar\u00e1n vacunados adultos mayores e integrantes del sector educativo: L\u00f3pez Obrador - NOTICIAS DE LA 4T<\/title>\n<meta name=\"robots\" content=\"noindex, follow, max-snippet:-1, max-image-preview:large, max-video-preview:-1\" \/>\n<meta property=\"og:locale\" content=\"es_MX\" \/>\n<meta property=\"og:type\" content=\"article\" \/>\n<meta property=\"og:title\" content=\"En mayo estar\u00e1n vacunados adultos mayores e integrantes del sector educativo: L\u00f3pez Obrador - NOTICIAS DE LA 4T\" \/>\n<meta property=\"og:description\" content=\"M\u00c9XICO, 06 de abril de 2021.- El presidente de M\u00e9xico, Andr\u00e9s Manuel L\u00f3pez Obrador afirm\u00f3...\" \/>\n<meta property=\"og:url\" content=\"https:\/\/redamlo.com\/index.php\/2021\/04\/06\/en-mayo-estaran-vacunados-adultos-mayores-e-integrantes-del-sector-educativo-lopez-obrador\/\" \/>\n<meta property=\"og:site_name\" content=\"NOTICIAS DE LA 4T\" \/>\n<meta property=\"article:published_time\" content=\"2021-04-06T19:00:53+00:00\" \/>\n<meta property=\"og:image\" content=\"https:\/\/redamlo.com\/wp-content\/uploads\/2021\/04\/En-mayo-estaran-vacunados-adultos-mayores-e-integrantes-del-sector-educativo-Lopez-Obrador.jpg\" \/>\n\t<meta property=\"og:image:width\" content=\"1446\" \/>\n\t<meta property=\"og:image:height\" content=\"851\" \/>\n\t<meta property=\"og:image:type\" content=\"image\/jpeg\" \/>\n<meta name=\"author\" content=\"Blanca\" \/>\n<meta name=\"twitter:card\" content=\"summary_large_image\" \/>\n<meta name=\"twitter:label1\" content=\"Escrito por\" \/>\n\t<meta name=\"twitter:data1\" content=\"Blanca\" \/>\n\t<meta name=\"twitter:label2\" content=\"Tiempo de lectura\" \/>\n\t<meta name=\"twitter:data2\" content=\"3 minutos\" \/>\n<script type=\"application\/ld+json\" class=\"yoast-schema-graph\">{\"@context\":\"https:\\\/\\\/schema.org\",\"@graph\":[{\"@type\":\"Article\",\"@id\":\"https:\\\/\\\/redamlo.com\\\/index.php\\\/2021\\\/04\\\/06\\\/en-mayo-estaran-vacunados-adultos-mayores-e-integrantes-del-sector-educativo-lopez-obrador\\\/#article\",\"isPartOf\":{\"@id\":\"https:\\\/\\\/redamlo.com\\\/index.php\\\/2021\\\/04\\\/06\\\/en-mayo-estaran-vacunados-adultos-mayores-e-integrantes-del-sector-educativo-lopez-obrador\\\/\"},\"author\":{\"name\":\"Blanca\",\"@id\":\"https:\\\/\\\/redamlo.com\\\/#\\\/schema\\\/person\\\/7223a4375eb8f1a782fcae010a7115cf\"},\"headline\":\"En mayo estar\u00e1n vacunados adultos mayores e integrantes del sector educativo: L\u00f3pez Obrador\",\"datePublished\":\"2021-04-06T19:00:53+00:00\",\"mainEntityOfPage\":{\"@id\":\"https:\\\/\\\/redamlo.com\\\/index.php\\\/2021\\\/04\\\/06\\\/en-mayo-estaran-vacunados-adultos-mayores-e-integrantes-del-sector-educativo-lopez-obrador\\\/\"},\"wordCount\":669,\"commentCount\":0,\"publisher\":{\"@id\":\"https:\\\/\\\/redamlo.com\\\/#organization\"},\"image\":{\"@id\":\"https:\\\/\\\/redamlo.com\\\/index.php\\\/2021\\\/04\\\/06\\\/en-mayo-estaran-vacunados-adultos-mayores-e-integrantes-del-sector-educativo-lopez-obrador\\\/#primaryimage\"},\"thumbnailUrl\":\"https:\\\/\\\/redamlo.com\\\/wp-content\\\/uploads\\\/2021\\\/04\\\/En-mayo-estaran-vacunados-adultos-mayores-e-integrantes-del-sector-educativo-Lopez-Obrador.jpg\",\"keywords\":[\"adultos mayores\",\"AMLO\",\"COVID-19\",\"Gobierno de M\u00e9xico\",\"M\u00e9xico\",\"pandemia\",\"Plan Nacional de Vacunaci\u00f3n\",\"sector educativo\",\"SRE\",\"vacunas\"],\"articleSection\":[\"4T\",\"Nacionales\",\"Presidencia\",\"Salud\"],\"inLanguage\":\"es\",\"potentialAction\":[{\"@type\":\"CommentAction\",\"name\":\"Comment\",\"target\":[\"https:\\\/\\\/redamlo.com\\\/index.php\\\/2021\\\/04\\\/06\\\/en-mayo-estaran-vacunados-adultos-mayores-e-integrantes-del-sector-educativo-lopez-obrador\\\/#respond\"]}]},{\"@type\":\"WebPage\",\"@id\":\"https:\\\/\\\/redamlo.com\\\/index.php\\\/2021\\\/04\\\/06\\\/en-mayo-estaran-vacunados-adultos-mayores-e-integrantes-del-sector-educativo-lopez-obrador\\\/\",\"url\":\"https:\\\/\\\/redamlo.com\\\/index.php\\\/2021\\\/04\\\/06\\\/en-mayo-estaran-vacunados-adultos-mayores-e-integrantes-del-sector-educativo-lopez-obrador\\\/\",\"name\":\"En mayo estar\u00e1n vacunados adultos mayores e integrantes del sector educativo: L\u00f3pez Obrador - NOTICIAS DE LA 4T\",\"isPartOf\":{\"@id\":\"https:\\\/\\\/redamlo.com\\\/#website\"},\"primaryImageOfPage\":{\"@id\":\"https:\\\/\\\/redamlo.com\\\/index.php\\\/2021\\\/04\\\/06\\\/en-mayo-estaran-vacunados-adultos-mayores-e-integrantes-del-sector-educativo-lopez-obrador\\\/#primaryimage\"},\"image\":{\"@id\":\"https:\\\/\\\/redamlo.com\\\/index.php\\\/2021\\\/04\\\/06\\\/en-mayo-estaran-vacunados-adultos-mayores-e-integrantes-del-sector-educativo-lopez-obrador\\\/#primaryimage\"},\"thumbnailUrl\":\"https:\\\/\\\/redamlo.com\\\/wp-content\\\/uploads\\\/2021\\\/04\\\/En-mayo-estaran-vacunados-adultos-mayores-e-integrantes-del-sector-educativo-Lopez-Obrador.jpg\",\"datePublished\":\"2021-04-06T19:00:53+00:00\",\"breadcrumb\":{\"@id\":\"https:\\\/\\\/redamlo.com\\\/index.php\\\/2021\\\/04\\\/06\\\/en-mayo-estaran-vacunados-adultos-mayores-e-integrantes-del-sector-educativo-lopez-obrador\\\/#breadcrumb\"},\"inLanguage\":\"es\",\"potentialAction\":[{\"@type\":\"ReadAction\",\"target\":[\"https:\\\/\\\/redamlo.com\\\/index.php\\\/2021\\\/04\\\/06\\\/en-mayo-estaran-vacunados-adultos-mayores-e-integrantes-del-sector-educativo-lopez-obrador\\\/\"]}]},{\"@type\":\"ImageObject\",\"inLanguage\":\"es\",\"@id\":\"https:\\\/\\\/redamlo.com\\\/index.php\\\/2021\\\/04\\\/06\\\/en-mayo-estaran-vacunados-adultos-mayores-e-integrantes-del-sector-educativo-lopez-obrador\\\/#primaryimage\",\"url\":\"https:\\\/\\\/redamlo.com\\\/wp-content\\\/uploads\\\/2021\\\/04\\\/En-mayo-estaran-vacunados-adultos-mayores-e-integrantes-del-sector-educativo-Lopez-Obrador.jpg\",\"contentUrl\":\"https:\\\/\\\/redamlo.com\\\/wp-content\\\/uploads\\\/2021\\\/04\\\/En-mayo-estaran-vacunados-adultos-mayores-e-integrantes-del-sector-educativo-Lopez-Obrador.jpg\",\"width\":1446,\"height\":851},{\"@type\":\"BreadcrumbList\",\"@id\":\"https:\\\/\\\/redamlo.com\\\/index.php\\\/2021\\\/04\\\/06\\\/en-mayo-estaran-vacunados-adultos-mayores-e-integrantes-del-sector-educativo-lopez-obrador\\\/#breadcrumb\",\"itemListElement\":[{\"@type\":\"ListItem\",\"position\":1,\"name\":\"Inicio\",\"item\":\"https:\\\/\\\/redamlo.com\\\/\"},{\"@type\":\"ListItem\",\"position\":2,\"name\":\"En mayo estar\u00e1n vacunados adultos mayores e integrantes del sector educativo: L\u00f3pez Obrador\"}]},{\"@type\":\"WebSite\",\"@id\":\"https:\\\/\\\/redamlo.com\\\/#website\",\"url\":\"https:\\\/\\\/redamlo.com\\\/\",\"name\":\"NOTICIAS DE LA 4T\",\"description\":\"\",\"publisher\":{\"@id\":\"https:\\\/\\\/redamlo.com\\\/#organization\"},\"potentialAction\":[{\"@type\":\"SearchAction\",\"target\":{\"@type\":\"EntryPoint\",\"urlTemplate\":\"https:\\\/\\\/redamlo.com\\\/?s={search_term_string}\"},\"query-input\":{\"@type\":\"PropertyValueSpecification\",\"valueRequired\":true,\"valueName\":\"search_term_string\"}}],\"inLanguage\":\"es\"},{\"@type\":\"Organization\",\"@id\":\"https:\\\/\\\/redamlo.com\\\/#organization\",\"name\":\"NOTICIAS DE LA 4T\",\"url\":\"https:\\\/\\\/redamlo.com\\\/\",\"logo\":{\"@type\":\"ImageObject\",\"inLanguage\":\"es\",\"@id\":\"https:\\\/\\\/redamlo.com\\\/#\\\/schema\\\/logo\\\/image\\\/\",\"url\":\"https:\\\/\\\/redamlo.com\\\/wp-content\\\/uploads\\\/2024\\\/08\\\/cropped-RED-AMLO-logo-50.png\",\"contentUrl\":\"https:\\\/\\\/redamlo.com\\\/wp-content\\\/uploads\\\/2024\\\/08\\\/cropped-RED-AMLO-logo-50.png\",\"width\":256,\"height\":256,\"caption\":\"NOTICIAS DE LA 4T\"},\"image\":{\"@id\":\"https:\\\/\\\/redamlo.com\\\/#\\\/schema\\\/logo\\\/image\\\/\"}},{\"@type\":\"Person\",\"@id\":\"https:\\\/\\\/redamlo.com\\\/#\\\/schema\\\/person\\\/7223a4375eb8f1a782fcae010a7115cf\",\"name\":\"Blanca\",\"image\":{\"@type\":\"ImageObject\",\"inLanguage\":\"es\",\"@id\":\"https:\\\/\\\/secure.gravatar.com\\\/avatar\\\/3f79bc8336367a4e6093eae8757acaaf61d1124834b905616de7829b0273426d?s=96&d=mm&r=g\",\"url\":\"https:\\\/\\\/secure.gravatar.com\\\/avatar\\\/3f79bc8336367a4e6093eae8757acaaf61d1124834b905616de7829b0273426d?s=96&d=mm&r=g\",\"contentUrl\":\"https:\\\/\\\/secure.gravatar.com\\\/avatar\\\/3f79bc8336367a4e6093eae8757acaaf61d1124834b905616de7829b0273426d?s=96&d=mm&r=g\",\"caption\":\"Blanca\"},\"url\":\"https:\\\/\\\/redamlo.com\\\/index.php\\\/author\\\/blanca\\\/\"}]}<\/script>\n<!-- \/ Yoast SEO plugin. -->","yoast_head_json":{"title":"En mayo estar\u00e1n vacunados adultos mayores e integrantes del sector educativo: L\u00f3pez Obrador - NOTICIAS DE LA 4T","robots":{"index":"noindex","follow":"follow","max-snippet":"max-snippet:-1","max-image-preview":"max-image-preview:large","max-video-preview":"max-video-preview:-1"},"og_locale":"es_MX","og_type":"article","og_title":"En mayo estar\u00e1n vacunados adultos mayores e integrantes del sector educativo: L\u00f3pez Obrador - NOTICIAS DE LA 4T","og_description":"M\u00c9XICO, 06 de abril de 2021.- El presidente de M\u00e9xico, Andr\u00e9s Manuel L\u00f3pez Obrador afirm\u00f3...","og_url":"https:\/\/redamlo.com\/index.php\/2021\/04\/06\/en-mayo-estaran-vacunados-adultos-mayores-e-integrantes-del-sector-educativo-lopez-obrador\/","og_site_name":"NOTICIAS DE LA 4T","article_published_time":"2021-04-06T19:00:53+00:00","og_image":[{"width":1446,"height":851,"url":"https:\/\/redamlo.com\/wp-content\/uploads\/2021\/04\/En-mayo-estaran-vacunados-adultos-mayores-e-integrantes-del-sector-educativo-Lopez-Obrador.jpg","type":"image\/jpeg"}],"author":"Blanca","twitter_card":"summary_large_image","twitter_misc":{"Escrito por":"Blanca","Tiempo de lectura":"3 minutos"},"schema":{"@context":"https:\/\/schema.org","@graph":[{"@type":"Article","@id":"https:\/\/redamlo.com\/index.php\/2021\/04\/06\/en-mayo-estaran-vacunados-adultos-mayores-e-integrantes-del-sector-educativo-lopez-obrador\/#article","isPartOf":{"@id":"https:\/\/redamlo.com\/index.php\/2021\/04\/06\/en-mayo-estaran-vacunados-adultos-mayores-e-integrantes-del-sector-educativo-lopez-obrador\/"},"author":{"name":"Blanca","@id":"https:\/\/redamlo.com\/#\/schema\/person\/7223a4375eb8f1a782fcae010a7115cf"},"headline":"En mayo estar\u00e1n vacunados adultos mayores e integrantes del sector educativo: L\u00f3pez Obrador","datePublished":"2021-04-06T19:00:53+00:00","mainEntityOfPage":{"@id":"https:\/\/redamlo.com\/index.php\/2021\/04\/06\/en-mayo-estaran-vacunados-adultos-mayores-e-integrantes-del-sector-educativo-lopez-obrador\/"},"wordCount":669,"commentCount":0,"publisher":{"@id":"https:\/\/redamlo.com\/#organization"},"image":{"@id":"https:\/\/redamlo.com\/index.php\/2021\/04\/06\/en-mayo-estaran-vacunados-adultos-mayores-e-integrantes-del-sector-educativo-lopez-obrador\/#primaryimage"},"thumbnailUrl":"https:\/\/redamlo.com\/wp-content\/uploads\/2021\/04\/En-mayo-estaran-vacunados-adultos-mayores-e-integrantes-del-sector-educativo-Lopez-Obrador.jpg","keywords":["adultos mayores","AMLO","COVID-19","Gobierno de M\u00e9xico","M\u00e9xico","pandemia","Plan Nacional de Vacunaci\u00f3n","sector educativo","SRE","vacunas"],"articleSection":["4T","Nacionales","Presidencia","Salud"],"inLanguage":"es","potentialAction":[{"@type":"CommentAction","name":"Comment","target":["https:\/\/redamlo.com\/index.php\/2021\/04\/06\/en-mayo-estaran-vacunados-adultos-mayores-e-integrantes-del-sector-educativo-lopez-obrador\/#respond"]}]},{"@type":"WebPage","@id":"https:\/\/redamlo.com\/index.php\/2021\/04\/06\/en-mayo-estaran-vacunados-adultos-mayores-e-integrantes-del-sector-educativo-lopez-obrador\/","url":"https:\/\/redamlo.com\/index.php\/2021\/04\/06\/en-mayo-estaran-vacunados-adultos-mayores-e-integrantes-del-sector-educativo-lopez-obrador\/","name":"En mayo estar\u00e1n vacunados adultos mayores e integrantes del sector educativo: L\u00f3pez Obrador - NOTICIAS DE LA 4T","isPartOf":{"@id":"https:\/\/redamlo.com\/#website"},"primaryImageOfPage":{"@id":"https:\/\/redamlo.com\/index.php\/2021\/04\/06\/en-mayo-estaran-vacunados-adultos-mayores-e-integrantes-del-sector-educativo-lopez-obrador\/#primaryimage"},"image":{"@id":"https:\/\/redamlo.com\/index.php\/2021\/04\/06\/en-mayo-estaran-vacunados-adultos-mayores-e-integrantes-del-sector-educativo-lopez-obrador\/#primaryimage"},"thumbnailUrl":"https:\/\/redamlo.com\/wp-content\/uploads\/2021\/04\/En-mayo-estaran-vacunados-adultos-mayores-e-integrantes-del-sector-educativo-Lopez-Obrador.jpg","datePublished":"2021-04-06T19:00:53+00:00","breadcrumb":{"@id":"https:\/\/redamlo.com\/index.php\/2021\/04\/06\/en-mayo-estaran-vacunados-adultos-mayores-e-integrantes-del-sector-educativo-lopez-obrador\/#breadcrumb"},"inLanguage":"es","potentialAction":[{"@type":"ReadAction","target":["https:\/\/redamlo.com\/index.php\/2021\/04\/06\/en-mayo-estaran-vacunados-adultos-mayores-e-integrantes-del-sector-educativo-lopez-obrador\/"]}]},{"@type":"ImageObject","inLanguage":"es","@id":"https:\/\/redamlo.com\/index.php\/2021\/04\/06\/en-mayo-estaran-vacunados-adultos-mayores-e-integrantes-del-sector-educativo-lopez-obrador\/#primaryimage","url":"https:\/\/redamlo.com\/wp-content\/uploads\/2021\/04\/En-mayo-estaran-vacunados-adultos-mayores-e-integrantes-del-sector-educativo-Lopez-Obrador.jpg","contentUrl":"https:\/\/redamlo.com\/wp-content\/uploads\/2021\/04\/En-mayo-estaran-vacunados-adultos-mayores-e-integrantes-del-sector-educativo-Lopez-Obrador.jpg","width":1446,"height":851},{"@type":"BreadcrumbList","@id":"https:\/\/redamlo.com\/index.php\/2021\/04\/06\/en-mayo-estaran-vacunados-adultos-mayores-e-integrantes-del-sector-educativo-lopez-obrador\/#breadcrumb","itemListElement":[{"@type":"ListItem","position":1,"name":"Inicio","item":"https:\/\/redamlo.com\/"},{"@type":"ListItem","position":2,"name":"En mayo estar\u00e1n vacunados adultos mayores e integrantes del sector educativo: L\u00f3pez Obrador"}]},{"@type":"WebSite","@id":"https:\/\/redamlo.com\/#website","url":"https:\/\/redamlo.com\/","name":"NOTICIAS DE LA 4T","description":"","publisher":{"@id":"https:\/\/redamlo.com\/#organization"},"potentialAction":[{"@type":"SearchAction","target":{"@type":"EntryPoint","urlTemplate":"https:\/\/redamlo.com\/?s={search_term_string}"},"query-input":{"@type":"PropertyValueSpecification","valueRequired":true,"valueName":"search_term_string"}}],"inLanguage":"es"},{"@type":"Organization","@id":"https:\/\/redamlo.com\/#organization","name":"NOTICIAS DE LA 4T","url":"https:\/\/redamlo.com\/","logo":{"@type":"ImageObject","inLanguage":"es","@id":"https:\/\/redamlo.com\/#\/schema\/logo\/image\/","url":"https:\/\/redamlo.com\/wp-content\/uploads\/2024\/08\/cropped-RED-AMLO-logo-50.png","contentUrl":"https:\/\/redamlo.com\/wp-content\/uploads\/2024\/08\/cropped-RED-AMLO-logo-50.png","width":256,"height":256,"caption":"NOTICIAS DE LA 4T"},"image":{"@id":"https:\/\/redamlo.com\/#\/schema\/logo\/image\/"}},{"@type":"Person","@id":"https:\/\/redamlo.com\/#\/schema\/person\/7223a4375eb8f1a782fcae010a7115cf","name":"Blanca","image":{"@type":"ImageObject","inLanguage":"es","@id":"https:\/\/secure.gravatar.com\/avatar\/3f79bc8336367a4e6093eae8757acaaf61d1124834b905616de7829b0273426d?s=96&d=mm&r=g","url":"https:\/\/secure.gravatar.com\/avatar\/3f79bc8336367a4e6093eae8757acaaf61d1124834b905616de7829b0273426d?s=96&d=mm&r=g","contentUrl":"https:\/\/secure.gravatar.com\/avatar\/3f79bc8336367a4e6093eae8757acaaf61d1124834b905616de7829b0273426d?s=96&d=mm&r=g","caption":"Blanca"},"url":"https:\/\/redamlo.com\/index.php\/author\/blanca\/"}]}},"_links":{"self":[{"href":"https:\/\/redamlo.com\/index.php\/wp-json\/wp\/v2\/posts\/3976","targetHints":{"allow":["GET"]}}],"collection":[{"href":"https:\/\/redamlo.com\/index.php\/wp-json\/wp\/v2\/posts"}],"about":[{"href":"https:\/\/redamlo.com\/index.php\/wp-json\/wp\/v2\/types\/post"}],"author":[{"embeddable":true,"href":"https:\/\/redamlo.com\/index.php\/wp-json\/wp\/v2\/users\/2"}],"replies":[{"embeddable":true,"href":"https:\/\/redamlo.com\/index.php\/wp-json\/wp\/v2\/comments?post=3976"}],"version-history":[{"count":0,"href":"https:\/\/redamlo.com\/index.php\/wp-json\/wp\/v2\/posts\/3976\/revisions"}],"wp:featuredmedia":[{"embeddable":true,"href":"https:\/\/redamlo.com\/index.php\/wp-json\/wp\/v2\/media\/3979"}],"wp:attachment":[{"href":"https:\/\/redamlo.com\/index.php\/wp-json\/wp\/v2\/media?parent=3976"}],"wp:term":[{"taxonomy":"category","embeddable":true,"href":"https:\/\/redamlo.com\/index.php\/wp-json\/wp\/v2\/categories?post=3976"},{"taxonomy":"post_tag","embeddable":true,"href":"https:\/\/redamlo.com\/index.php\/wp-json\/wp\/v2\/tags?post=3976"}],"curies":[{"name":"wp","href":"https:\/\/api.w.org\/{rel}","templated":true}]}}