{"id":3947,"date":"2021-03-31T12:00:19","date_gmt":"2021-03-31T18:00:19","guid":{"rendered":"https:\/\/redamlo.com\/?p=3947"},"modified":"2021-03-31T12:00:19","modified_gmt":"2021-03-31T18:00:19","slug":"mexico-mantendra-transparencia-en-manejo-de-la-epidemia-afirma-lopez-obrador","status":"publish","type":"post","link":"https:\/\/redamlo.com\/index.php\/2021\/03\/31\/mexico-mantendra-transparencia-en-manejo-de-la-epidemia-afirma-lopez-obrador\/","title":{"rendered":"M\u00e9xico mantendr\u00e1 transparencia en manejo de la epidemia, afirma L\u00f3pez Obrador"},"content":{"rendered":"<p style=\"text-align: justify;\"><span style=\"font-family: Arial, Helvetica, sans-serif; color: #000000;\">M\u00c9XICO, 31 de marzo de 2021.- En el manejo de la epidemia de Covid-19, el gobierno federal informa permanentemente y no se oculta nada, asegur\u00f3 el presidente de M\u00e9xico, Andr\u00e9s Manuel L\u00f3pez Obrador.<\/span><\/p>\n<p style=\"text-align: justify;\"><span style=\"font-family: Arial, Helvetica, sans-serif; color: #000000;\">Afirm\u00f3 que, a trav\u00e9s de la Secretar\u00eda de Salud, continuar\u00e1 el ejercicio diario de transparencia.<\/span><\/p>\n<p style=\"text-align: justify;\"><span style=\"font-family: Arial, Helvetica, sans-serif; color: #000000;\">\u201cHemos hecho todo lo que hemos podido realizar, yo dir\u00eda que ha habido una entrega total. Se ha actuado no solo como buenos servidores p\u00fablicos sino de buen coraz\u00f3n, con m\u00edstica para enfrentar la pandemia, para evitar fallecimientos\u201d, asever\u00f3.<\/span><\/p>\n<p style=\"text-align: justify;\"><span style=\"font-family: Arial, Helvetica, sans-serif; color: #000000;\">Destac\u00f3 que la Organizaci\u00f3n Mundial de la Salud (OMS) reconoci\u00f3 la reconversi\u00f3n hospitalaria en M\u00e9xico \u2014la mayor en Am\u00e9rica Latina\u2014 para garantizar el acceso de todas y todos a atenci\u00f3n m\u00e9dica oportuna durante la epidemia.<\/span><\/p>\n<p style=\"text-align: justify;\"><span style=\"font-family: Arial, Helvetica, sans-serif; color: #000000;\">El mandatario tambi\u00e9n resalt\u00f3 que el pa\u00eds fue de los primeros en el continente en obtener y aplicar vacunas.<\/span><\/p>\n<p style=\"text-align: justify;\"><span style=\"font-family: Arial, Helvetica, sans-serif; color: #000000;\">En conferencia de prensa matutina realiz\u00f3 un enlace con el director de Biol\u00f3gicos y Reactivos de M\u00e9xico (Birmex), Pedro Zenteno Santaella, quien inform\u00f3 sobre el arribo de 500 mil dosis de vacunas Sputnik V y 145 mil 275 dosis de vacunas Pfizer.<\/span><\/p>\n<p style=\"text-align: justify;\"><span style=\"font-family: Arial, Helvetica, sans-serif; color: #000000;\">Desde el Aeropuerto Internacional de a Ciudad de M\u00e9xico, el funcionario expuso que ya suman 13 millones 456 mil 620 dosis que posibilitar\u00e1n la continuidad del Plan Nacional de Vacunaci\u00f3n contra Covid-19.<\/span><\/p>\n<p style=\"text-align: justify;\"><span style=\"font-family: Arial, Helvetica, sans-serif; color: #000000;\">\u201cQu\u00e9 bien que siguen llegando las vacunas. Se va avanzando con la vacunaci\u00f3n de adultos mayores. Ayer se vacunaron alrededor de 300 mil\u201d, expres\u00f3 el jefe del Ejecutivo.<\/span><\/p>\n<p style=\"text-align: justify;\"><span style=\"font-family: Arial, Helvetica, sans-serif; color: #000000;\">Anunci\u00f3 que la pr\u00f3xima semana se aplicar\u00e1 la vacuna por recomendaci\u00f3n de sus m\u00e9dicos.<\/span><\/p>\n<p><iframe loading=\"lazy\" title=\"M\u00e9xico seguir\u00e1 controlando epidemia con transparencia. Conferencia presidente AMLO\" width=\"640\" height=\"360\" src=\"https:\/\/www.youtube.com\/embed\/1VrIJCwpbi8?start=1053&#038;feature=oembed\" frameborder=\"0\" allow=\"accelerometer; autoplay; clipboard-write; encrypted-media; gyroscope; picture-in-picture; web-share\" referrerpolicy=\"strict-origin-when-cross-origin\" allowfullscreen><\/iframe><\/p>\n","protected":false},"excerpt":{"rendered":"<p>M\u00c9XICO, 31 de marzo de 2021.- En el manejo de la epidemia de Covid-19, el&#8230;<\/p>\n","protected":false},"author":2,"featured_media":3950,"comment_status":"open","ping_status":"closed","sticky":false,"template":"","format":"standard","meta":{"footnotes":""},"categories":[25,20,27],"tags":[603,84,131,640,473,556,9,641,567,576,577],"class_list":["post-3947","post","type-post","status-publish","format-standard","has-post-thumbnail","hentry","category-4t","category-nacionales","category-presidencia","tag-aicm","tag-amlo","tag-andres-manuel-lopez-obrador","tag-birmex","tag-covid-19","tag-gobierno-de-mexico","tag-mexico","tag-oms","tag-pandemia","tag-plan-nacional-de-vacunacion","tag-vacunacion"],"yoast_head":"<!-- This site is optimized with the Yoast SEO plugin v27.5 - https:\/\/yoast.com\/product\/yoast-seo-wordpress\/ -->\n<title>M\u00e9xico mantendr\u00e1 transparencia en manejo de la epidemia, afirma L\u00f3pez Obrador - NOTICIAS DE LA 4T<\/title>\n<meta name=\"robots\" content=\"noindex, follow, max-snippet:-1, max-image-preview:large, max-video-preview:-1\" \/>\n<meta property=\"og:locale\" content=\"es_MX\" \/>\n<meta property=\"og:type\" content=\"article\" \/>\n<meta property=\"og:title\" content=\"M\u00e9xico mantendr\u00e1 transparencia en manejo de la epidemia, afirma L\u00f3pez Obrador - NOTICIAS DE LA 4T\" \/>\n<meta property=\"og:description\" content=\"M\u00c9XICO, 31 de marzo de 2021.- En el manejo de la epidemia de Covid-19, el...\" \/>\n<meta property=\"og:url\" content=\"https:\/\/redamlo.com\/index.php\/2021\/03\/31\/mexico-mantendra-transparencia-en-manejo-de-la-epidemia-afirma-lopez-obrador\/\" \/>\n<meta property=\"og:site_name\" content=\"NOTICIAS DE LA 4T\" \/>\n<meta property=\"article:published_time\" content=\"2021-03-31T18:00:19+00:00\" \/>\n<meta property=\"og:image\" content=\"https:\/\/redamlo.com\/wp-content\/uploads\/2021\/04\/Mexico-mantendra-transparencia-en-manejo-de-la-epidemia-afirma-Lopez-Obrador.jpg\" \/>\n\t<meta property=\"og:image:width\" content=\"1021\" \/>\n\t<meta property=\"og:image:height\" content=\"605\" \/>\n\t<meta property=\"og:image:type\" content=\"image\/jpeg\" \/>\n<meta name=\"author\" content=\"Blanca\" \/>\n<meta name=\"twitter:card\" content=\"summary_large_image\" \/>\n<meta name=\"twitter:label1\" content=\"Escrito por\" \/>\n\t<meta name=\"twitter:data1\" content=\"Blanca\" \/>\n\t<meta name=\"twitter:label2\" content=\"Tiempo de lectura\" \/>\n\t<meta name=\"twitter:data2\" content=\"1 minuto\" \/>\n<script type=\"application\/ld+json\" class=\"yoast-schema-graph\">{\"@context\":\"https:\\\/\\\/schema.org\",\"@graph\":[{\"@type\":\"Article\",\"@id\":\"https:\\\/\\\/redamlo.com\\\/index.php\\\/2021\\\/03\\\/31\\\/mexico-mantendra-transparencia-en-manejo-de-la-epidemia-afirma-lopez-obrador\\\/#article\",\"isPartOf\":{\"@id\":\"https:\\\/\\\/redamlo.com\\\/index.php\\\/2021\\\/03\\\/31\\\/mexico-mantendra-transparencia-en-manejo-de-la-epidemia-afirma-lopez-obrador\\\/\"},\"author\":{\"name\":\"Blanca\",\"@id\":\"https:\\\/\\\/redamlo.com\\\/#\\\/schema\\\/person\\\/7223a4375eb8f1a782fcae010a7115cf\"},\"headline\":\"M\u00e9xico mantendr\u00e1 transparencia en manejo de la epidemia, afirma L\u00f3pez Obrador\",\"datePublished\":\"2021-03-31T18:00:19+00:00\",\"mainEntityOfPage\":{\"@id\":\"https:\\\/\\\/redamlo.com\\\/index.php\\\/2021\\\/03\\\/31\\\/mexico-mantendra-transparencia-en-manejo-de-la-epidemia-afirma-lopez-obrador\\\/\"},\"wordCount\":303,\"commentCount\":0,\"publisher\":{\"@id\":\"https:\\\/\\\/redamlo.com\\\/#organization\"},\"image\":{\"@id\":\"https:\\\/\\\/redamlo.com\\\/index.php\\\/2021\\\/03\\\/31\\\/mexico-mantendra-transparencia-en-manejo-de-la-epidemia-afirma-lopez-obrador\\\/#primaryimage\"},\"thumbnailUrl\":\"https:\\\/\\\/redamlo.com\\\/wp-content\\\/uploads\\\/2021\\\/04\\\/Mexico-mantendra-transparencia-en-manejo-de-la-epidemia-afirma-Lopez-Obrador.jpg\",\"keywords\":[\"AICM\",\"AMLO\",\"Andr\u00e9s Manuel L\u00f3pez Obrador\",\"Birmex\",\"COVID-19\",\"Gobierno de M\u00e9xico\",\"M\u00e9xico\",\"OMS\",\"pandemia\",\"Plan Nacional de Vacunaci\u00f3n\",\"vacunaci\u00f3n\"],\"articleSection\":[\"4T\",\"Nacionales\",\"Presidencia\"],\"inLanguage\":\"es\",\"potentialAction\":[{\"@type\":\"CommentAction\",\"name\":\"Comment\",\"target\":[\"https:\\\/\\\/redamlo.com\\\/index.php\\\/2021\\\/03\\\/31\\\/mexico-mantendra-transparencia-en-manejo-de-la-epidemia-afirma-lopez-obrador\\\/#respond\"]}]},{\"@type\":\"WebPage\",\"@id\":\"https:\\\/\\\/redamlo.com\\\/index.php\\\/2021\\\/03\\\/31\\\/mexico-mantendra-transparencia-en-manejo-de-la-epidemia-afirma-lopez-obrador\\\/\",\"url\":\"https:\\\/\\\/redamlo.com\\\/index.php\\\/2021\\\/03\\\/31\\\/mexico-mantendra-transparencia-en-manejo-de-la-epidemia-afirma-lopez-obrador\\\/\",\"name\":\"M\u00e9xico mantendr\u00e1 transparencia en manejo de la epidemia, afirma L\u00f3pez Obrador - NOTICIAS DE LA 4T\",\"isPartOf\":{\"@id\":\"https:\\\/\\\/redamlo.com\\\/#website\"},\"primaryImageOfPage\":{\"@id\":\"https:\\\/\\\/redamlo.com\\\/index.php\\\/2021\\\/03\\\/31\\\/mexico-mantendra-transparencia-en-manejo-de-la-epidemia-afirma-lopez-obrador\\\/#primaryimage\"},\"image\":{\"@id\":\"https:\\\/\\\/redamlo.com\\\/index.php\\\/2021\\\/03\\\/31\\\/mexico-mantendra-transparencia-en-manejo-de-la-epidemia-afirma-lopez-obrador\\\/#primaryimage\"},\"thumbnailUrl\":\"https:\\\/\\\/redamlo.com\\\/wp-content\\\/uploads\\\/2021\\\/04\\\/Mexico-mantendra-transparencia-en-manejo-de-la-epidemia-afirma-Lopez-Obrador.jpg\",\"datePublished\":\"2021-03-31T18:00:19+00:00\",\"breadcrumb\":{\"@id\":\"https:\\\/\\\/redamlo.com\\\/index.php\\\/2021\\\/03\\\/31\\\/mexico-mantendra-transparencia-en-manejo-de-la-epidemia-afirma-lopez-obrador\\\/#breadcrumb\"},\"inLanguage\":\"es\",\"potentialAction\":[{\"@type\":\"ReadAction\",\"target\":[\"https:\\\/\\\/redamlo.com\\\/index.php\\\/2021\\\/03\\\/31\\\/mexico-mantendra-transparencia-en-manejo-de-la-epidemia-afirma-lopez-obrador\\\/\"]}]},{\"@type\":\"ImageObject\",\"inLanguage\":\"es\",\"@id\":\"https:\\\/\\\/redamlo.com\\\/index.php\\\/2021\\\/03\\\/31\\\/mexico-mantendra-transparencia-en-manejo-de-la-epidemia-afirma-lopez-obrador\\\/#primaryimage\",\"url\":\"https:\\\/\\\/redamlo.com\\\/wp-content\\\/uploads\\\/2021\\\/04\\\/Mexico-mantendra-transparencia-en-manejo-de-la-epidemia-afirma-Lopez-Obrador.jpg\",\"contentUrl\":\"https:\\\/\\\/redamlo.com\\\/wp-content\\\/uploads\\\/2021\\\/04\\\/Mexico-mantendra-transparencia-en-manejo-de-la-epidemia-afirma-Lopez-Obrador.jpg\",\"width\":1021,\"height\":605},{\"@type\":\"BreadcrumbList\",\"@id\":\"https:\\\/\\\/redamlo.com\\\/index.php\\\/2021\\\/03\\\/31\\\/mexico-mantendra-transparencia-en-manejo-de-la-epidemia-afirma-lopez-obrador\\\/#breadcrumb\",\"itemListElement\":[{\"@type\":\"ListItem\",\"position\":1,\"name\":\"Inicio\",\"item\":\"https:\\\/\\\/redamlo.com\\\/\"},{\"@type\":\"ListItem\",\"position\":2,\"name\":\"M\u00e9xico mantendr\u00e1 transparencia en manejo de la epidemia, afirma L\u00f3pez Obrador\"}]},{\"@type\":\"WebSite\",\"@id\":\"https:\\\/\\\/redamlo.com\\\/#website\",\"url\":\"https:\\\/\\\/redamlo.com\\\/\",\"name\":\"NOTICIAS DE LA 4T\",\"description\":\"\",\"publisher\":{\"@id\":\"https:\\\/\\\/redamlo.com\\\/#organization\"},\"potentialAction\":[{\"@type\":\"SearchAction\",\"target\":{\"@type\":\"EntryPoint\",\"urlTemplate\":\"https:\\\/\\\/redamlo.com\\\/?s={search_term_string}\"},\"query-input\":{\"@type\":\"PropertyValueSpecification\",\"valueRequired\":true,\"valueName\":\"search_term_string\"}}],\"inLanguage\":\"es\"},{\"@type\":\"Organization\",\"@id\":\"https:\\\/\\\/redamlo.com\\\/#organization\",\"name\":\"NOTICIAS DE LA 4T\",\"url\":\"https:\\\/\\\/redamlo.com\\\/\",\"logo\":{\"@type\":\"ImageObject\",\"inLanguage\":\"es\",\"@id\":\"https:\\\/\\\/redamlo.com\\\/#\\\/schema\\\/logo\\\/image\\\/\",\"url\":\"https:\\\/\\\/redamlo.com\\\/wp-content\\\/uploads\\\/2024\\\/08\\\/cropped-RED-AMLO-logo-50.png\",\"contentUrl\":\"https:\\\/\\\/redamlo.com\\\/wp-content\\\/uploads\\\/2024\\\/08\\\/cropped-RED-AMLO-logo-50.png\",\"width\":256,\"height\":256,\"caption\":\"NOTICIAS DE LA 4T\"},\"image\":{\"@id\":\"https:\\\/\\\/redamlo.com\\\/#\\\/schema\\\/logo\\\/image\\\/\"}},{\"@type\":\"Person\",\"@id\":\"https:\\\/\\\/redamlo.com\\\/#\\\/schema\\\/person\\\/7223a4375eb8f1a782fcae010a7115cf\",\"name\":\"Blanca\",\"image\":{\"@type\":\"ImageObject\",\"inLanguage\":\"es\",\"@id\":\"https:\\\/\\\/secure.gravatar.com\\\/avatar\\\/3f79bc8336367a4e6093eae8757acaaf61d1124834b905616de7829b0273426d?s=96&d=mm&r=g\",\"url\":\"https:\\\/\\\/secure.gravatar.com\\\/avatar\\\/3f79bc8336367a4e6093eae8757acaaf61d1124834b905616de7829b0273426d?s=96&d=mm&r=g\",\"contentUrl\":\"https:\\\/\\\/secure.gravatar.com\\\/avatar\\\/3f79bc8336367a4e6093eae8757acaaf61d1124834b905616de7829b0273426d?s=96&d=mm&r=g\",\"caption\":\"Blanca\"},\"url\":\"https:\\\/\\\/redamlo.com\\\/index.php\\\/author\\\/blanca\\\/\"}]}<\/script>\n<!-- \/ Yoast SEO plugin. -->","yoast_head_json":{"title":"M\u00e9xico mantendr\u00e1 transparencia en manejo de la epidemia, afirma L\u00f3pez Obrador - NOTICIAS DE LA 4T","robots":{"index":"noindex","follow":"follow","max-snippet":"max-snippet:-1","max-image-preview":"max-image-preview:large","max-video-preview":"max-video-preview:-1"},"og_locale":"es_MX","og_type":"article","og_title":"M\u00e9xico mantendr\u00e1 transparencia en manejo de la epidemia, afirma L\u00f3pez Obrador - NOTICIAS DE LA 4T","og_description":"M\u00c9XICO, 31 de marzo de 2021.- En el manejo de la epidemia de Covid-19, el...","og_url":"https:\/\/redamlo.com\/index.php\/2021\/03\/31\/mexico-mantendra-transparencia-en-manejo-de-la-epidemia-afirma-lopez-obrador\/","og_site_name":"NOTICIAS DE LA 4T","article_published_time":"2021-03-31T18:00:19+00:00","og_image":[{"width":1021,"height":605,"url":"https:\/\/redamlo.com\/wp-content\/uploads\/2021\/04\/Mexico-mantendra-transparencia-en-manejo-de-la-epidemia-afirma-Lopez-Obrador.jpg","type":"image\/jpeg"}],"author":"Blanca","twitter_card":"summary_large_image","twitter_misc":{"Escrito por":"Blanca","Tiempo de lectura":"1 minuto"},"schema":{"@context":"https:\/\/schema.org","@graph":[{"@type":"Article","@id":"https:\/\/redamlo.com\/index.php\/2021\/03\/31\/mexico-mantendra-transparencia-en-manejo-de-la-epidemia-afirma-lopez-obrador\/#article","isPartOf":{"@id":"https:\/\/redamlo.com\/index.php\/2021\/03\/31\/mexico-mantendra-transparencia-en-manejo-de-la-epidemia-afirma-lopez-obrador\/"},"author":{"name":"Blanca","@id":"https:\/\/redamlo.com\/#\/schema\/person\/7223a4375eb8f1a782fcae010a7115cf"},"headline":"M\u00e9xico mantendr\u00e1 transparencia en manejo de la epidemia, afirma L\u00f3pez Obrador","datePublished":"2021-03-31T18:00:19+00:00","mainEntityOfPage":{"@id":"https:\/\/redamlo.com\/index.php\/2021\/03\/31\/mexico-mantendra-transparencia-en-manejo-de-la-epidemia-afirma-lopez-obrador\/"},"wordCount":303,"commentCount":0,"publisher":{"@id":"https:\/\/redamlo.com\/#organization"},"image":{"@id":"https:\/\/redamlo.com\/index.php\/2021\/03\/31\/mexico-mantendra-transparencia-en-manejo-de-la-epidemia-afirma-lopez-obrador\/#primaryimage"},"thumbnailUrl":"https:\/\/redamlo.com\/wp-content\/uploads\/2021\/04\/Mexico-mantendra-transparencia-en-manejo-de-la-epidemia-afirma-Lopez-Obrador.jpg","keywords":["AICM","AMLO","Andr\u00e9s Manuel L\u00f3pez Obrador","Birmex","COVID-19","Gobierno de M\u00e9xico","M\u00e9xico","OMS","pandemia","Plan Nacional de Vacunaci\u00f3n","vacunaci\u00f3n"],"articleSection":["4T","Nacionales","Presidencia"],"inLanguage":"es","potentialAction":[{"@type":"CommentAction","name":"Comment","target":["https:\/\/redamlo.com\/index.php\/2021\/03\/31\/mexico-mantendra-transparencia-en-manejo-de-la-epidemia-afirma-lopez-obrador\/#respond"]}]},{"@type":"WebPage","@id":"https:\/\/redamlo.com\/index.php\/2021\/03\/31\/mexico-mantendra-transparencia-en-manejo-de-la-epidemia-afirma-lopez-obrador\/","url":"https:\/\/redamlo.com\/index.php\/2021\/03\/31\/mexico-mantendra-transparencia-en-manejo-de-la-epidemia-afirma-lopez-obrador\/","name":"M\u00e9xico mantendr\u00e1 transparencia en manejo de la epidemia, afirma L\u00f3pez Obrador - NOTICIAS DE LA 4T","isPartOf":{"@id":"https:\/\/redamlo.com\/#website"},"primaryImageOfPage":{"@id":"https:\/\/redamlo.com\/index.php\/2021\/03\/31\/mexico-mantendra-transparencia-en-manejo-de-la-epidemia-afirma-lopez-obrador\/#primaryimage"},"image":{"@id":"https:\/\/redamlo.com\/index.php\/2021\/03\/31\/mexico-mantendra-transparencia-en-manejo-de-la-epidemia-afirma-lopez-obrador\/#primaryimage"},"thumbnailUrl":"https:\/\/redamlo.com\/wp-content\/uploads\/2021\/04\/Mexico-mantendra-transparencia-en-manejo-de-la-epidemia-afirma-Lopez-Obrador.jpg","datePublished":"2021-03-31T18:00:19+00:00","breadcrumb":{"@id":"https:\/\/redamlo.com\/index.php\/2021\/03\/31\/mexico-mantendra-transparencia-en-manejo-de-la-epidemia-afirma-lopez-obrador\/#breadcrumb"},"inLanguage":"es","potentialAction":[{"@type":"ReadAction","target":["https:\/\/redamlo.com\/index.php\/2021\/03\/31\/mexico-mantendra-transparencia-en-manejo-de-la-epidemia-afirma-lopez-obrador\/"]}]},{"@type":"ImageObject","inLanguage":"es","@id":"https:\/\/redamlo.com\/index.php\/2021\/03\/31\/mexico-mantendra-transparencia-en-manejo-de-la-epidemia-afirma-lopez-obrador\/#primaryimage","url":"https:\/\/redamlo.com\/wp-content\/uploads\/2021\/04\/Mexico-mantendra-transparencia-en-manejo-de-la-epidemia-afirma-Lopez-Obrador.jpg","contentUrl":"https:\/\/redamlo.com\/wp-content\/uploads\/2021\/04\/Mexico-mantendra-transparencia-en-manejo-de-la-epidemia-afirma-Lopez-Obrador.jpg","width":1021,"height":605},{"@type":"BreadcrumbList","@id":"https:\/\/redamlo.com\/index.php\/2021\/03\/31\/mexico-mantendra-transparencia-en-manejo-de-la-epidemia-afirma-lopez-obrador\/#breadcrumb","itemListElement":[{"@type":"ListItem","position":1,"name":"Inicio","item":"https:\/\/redamlo.com\/"},{"@type":"ListItem","position":2,"name":"M\u00e9xico mantendr\u00e1 transparencia en manejo de la epidemia, afirma L\u00f3pez Obrador"}]},{"@type":"WebSite","@id":"https:\/\/redamlo.com\/#website","url":"https:\/\/redamlo.com\/","name":"NOTICIAS DE LA 4T","description":"","publisher":{"@id":"https:\/\/redamlo.com\/#organization"},"potentialAction":[{"@type":"SearchAction","target":{"@type":"EntryPoint","urlTemplate":"https:\/\/redamlo.com\/?s={search_term_string}"},"query-input":{"@type":"PropertyValueSpecification","valueRequired":true,"valueName":"search_term_string"}}],"inLanguage":"es"},{"@type":"Organization","@id":"https:\/\/redamlo.com\/#organization","name":"NOTICIAS DE LA 4T","url":"https:\/\/redamlo.com\/","logo":{"@type":"ImageObject","inLanguage":"es","@id":"https:\/\/redamlo.com\/#\/schema\/logo\/image\/","url":"https:\/\/redamlo.com\/wp-content\/uploads\/2024\/08\/cropped-RED-AMLO-logo-50.png","contentUrl":"https:\/\/redamlo.com\/wp-content\/uploads\/2024\/08\/cropped-RED-AMLO-logo-50.png","width":256,"height":256,"caption":"NOTICIAS DE LA 4T"},"image":{"@id":"https:\/\/redamlo.com\/#\/schema\/logo\/image\/"}},{"@type":"Person","@id":"https:\/\/redamlo.com\/#\/schema\/person\/7223a4375eb8f1a782fcae010a7115cf","name":"Blanca","image":{"@type":"ImageObject","inLanguage":"es","@id":"https:\/\/secure.gravatar.com\/avatar\/3f79bc8336367a4e6093eae8757acaaf61d1124834b905616de7829b0273426d?s=96&d=mm&r=g","url":"https:\/\/secure.gravatar.com\/avatar\/3f79bc8336367a4e6093eae8757acaaf61d1124834b905616de7829b0273426d?s=96&d=mm&r=g","contentUrl":"https:\/\/secure.gravatar.com\/avatar\/3f79bc8336367a4e6093eae8757acaaf61d1124834b905616de7829b0273426d?s=96&d=mm&r=g","caption":"Blanca"},"url":"https:\/\/redamlo.com\/index.php\/author\/blanca\/"}]}},"_links":{"self":[{"href":"https:\/\/redamlo.com\/index.php\/wp-json\/wp\/v2\/posts\/3947","targetHints":{"allow":["GET"]}}],"collection":[{"href":"https:\/\/redamlo.com\/index.php\/wp-json\/wp\/v2\/posts"}],"about":[{"href":"https:\/\/redamlo.com\/index.php\/wp-json\/wp\/v2\/types\/post"}],"author":[{"embeddable":true,"href":"https:\/\/redamlo.com\/index.php\/wp-json\/wp\/v2\/users\/2"}],"replies":[{"embeddable":true,"href":"https:\/\/redamlo.com\/index.php\/wp-json\/wp\/v2\/comments?post=3947"}],"version-history":[{"count":0,"href":"https:\/\/redamlo.com\/index.php\/wp-json\/wp\/v2\/posts\/3947\/revisions"}],"wp:featuredmedia":[{"embeddable":true,"href":"https:\/\/redamlo.com\/index.php\/wp-json\/wp\/v2\/media\/3950"}],"wp:attachment":[{"href":"https:\/\/redamlo.com\/index.php\/wp-json\/wp\/v2\/media?parent=3947"}],"wp:term":[{"taxonomy":"category","embeddable":true,"href":"https:\/\/redamlo.com\/index.php\/wp-json\/wp\/v2\/categories?post=3947"},{"taxonomy":"post_tag","embeddable":true,"href":"https:\/\/redamlo.com\/index.php\/wp-json\/wp\/v2\/tags?post=3947"}],"curies":[{"name":"wp","href":"https:\/\/api.w.org\/{rel}","templated":true}]}}