{"id":3938,"date":"2021-03-31T11:00:08","date_gmt":"2021-03-31T17:00:08","guid":{"rendered":"https:\/\/redamlo.com\/?p=3938"},"modified":"2021-03-31T11:00:08","modified_gmt":"2021-03-31T17:00:08","slug":"se-registra-incendio-de-pastizal-en-la-reserva-ecologica-de-la-alcaldia-tlalpan","status":"publish","type":"post","link":"https:\/\/redamlo.com\/index.php\/2021\/03\/31\/se-registra-incendio-de-pastizal-en-la-reserva-ecologica-de-la-alcaldia-tlalpan\/","title":{"rendered":"Se registra incendio de pastizal en la Reserva Ecol\u00f3gica de la alcald\u00eda Tlalpan"},"content":{"rendered":"<p style=\"text-align: justify;\"><span style=\"font-family: Arial, Helvetica, sans-serif; color: #000000;\">CIUDAD DE M\u00c9XICO, 31 de marzo de 2021.- El Heroico Cuerpo de Bomberos de la Ciudad de M\u00e9xico informa que la tarde del martes a las 17:39 horas se registr\u00f3 un incendio de pasto seco y hojarasca en la zona de Reserva Ecol\u00f3gica \u201cLos Encinos\u201d, que afect\u00f3 un \u00e1rea aproximada de seis hect\u00e1reas. <\/span><\/p>\n<p style=\"text-align: justify;\"><span style=\"font-family: Arial, Helvetica, sans-serif; color: #000000;\">Desde la tarde de ayer y todav\u00eda hoy por la madrugada, se labor\u00f3 en el lugar en coordinaci\u00f3n con la Secretar\u00eda de Gesti\u00f3n Integral de Riesgos y Protecci\u00f3n Civil (SGIRPC), Comisi\u00f3n Nacional Forestal (CONAFOR), Comisi\u00f3n de Recursos Naturales y Desarrollo Rural (CORENADR), Sistema de Aguas de la Ciudad de M\u00e9xico (SACMEX) , Secretar\u00eda de Seguridad Ciudadana (SSC) y Grupo C\u00f3ndor.<\/span><\/p>\n<p style=\"text-align: justify;\"><span style=\"font-family: Arial, Helvetica, sans-serif; color: #000000;\"> Es importante mencionar que no result\u00f3 ninguna persona lesionada, el siniestro \u00fanicamente lleg\u00f3 a la barda perimetral del estacionamiento de la televisora TV Azteca sin causar da\u00f1os colaterales. <\/span><\/p>\n<p style=\"text-align: justify;\"><span style=\"font-family: Arial, Helvetica, sans-serif; color: #000000;\">El Heroico Cuerpo de Bomberos de la Ciudad de M\u00e9xico report\u00f3 extinguido el incendio a las 06:30 horas de este mi\u00e9rcoles y contin\u00faa laborando en varios puntos que emanan humo para prevenir y mitigar riesgos de incendio. <\/span><\/p>\n<p style=\"text-align: justify;\"><span style=\"font-family: Arial, Helvetica, sans-serif; color: #000000;\">Elementos de los cuerpos de atenci\u00f3n de emergencias coordinaron esfuerzos para la total mitigaci\u00f3n de incendio y riesgos. \u00a0<\/span><\/p>\n","protected":false},"excerpt":{"rendered":"<p>CIUDAD DE M\u00c9XICO, 31 de marzo de 2021.- El Heroico Cuerpo de Bomberos de la&#8230;<\/p>\n","protected":false},"author":2,"featured_media":3940,"comment_status":"open","ping_status":"closed","sticky":false,"template":"","format":"standard","meta":{"footnotes":""},"categories":[17],"tags":[622,494,623,624,625,626,627,628,629,630,631,632,633],"class_list":["post-3938","post","type-post","status-publish","format-standard","has-post-thumbnail","hentry","category-cdmx","tag-bomberos","tag-ciudad-de-mexico","tag-conafor","tag-corenadr","tag-grupo-condor","tag-heroico-cuerpo-de-bomberos","tag-hojarasca","tag-incendio","tag-mitigacion","tag-pasto-seco","tag-reserva-ecologica-los-encinos","tag-sacmex","tag-sgirpc"],"yoast_head":"<!-- This site is optimized with the Yoast SEO plugin v27.5 - https:\/\/yoast.com\/product\/yoast-seo-wordpress\/ -->\n<title>Se registra incendio de pastizal en la Reserva Ecol\u00f3gica de la alcald\u00eda Tlalpan - NOTICIAS DE LA 4T<\/title>\n<meta name=\"robots\" content=\"noindex, follow, max-snippet:-1, max-image-preview:large, max-video-preview:-1\" \/>\n<meta property=\"og:locale\" content=\"es_MX\" \/>\n<meta property=\"og:type\" content=\"article\" \/>\n<meta property=\"og:title\" content=\"Se registra incendio de pastizal en la Reserva Ecol\u00f3gica de la alcald\u00eda Tlalpan - NOTICIAS DE LA 4T\" \/>\n<meta property=\"og:description\" content=\"CIUDAD DE M\u00c9XICO, 31 de marzo de 2021.- El Heroico Cuerpo de Bomberos de la...\" \/>\n<meta property=\"og:url\" content=\"https:\/\/redamlo.com\/index.php\/2021\/03\/31\/se-registra-incendio-de-pastizal-en-la-reserva-ecologica-de-la-alcaldia-tlalpan\/\" \/>\n<meta property=\"og:site_name\" content=\"NOTICIAS DE LA 4T\" \/>\n<meta property=\"article:published_time\" content=\"2021-03-31T17:00:08+00:00\" \/>\n<meta property=\"og:image\" content=\"https:\/\/redamlo.com\/wp-content\/uploads\/2021\/03\/Se-registra-incendio-de-pastizal-en-la-Reserva-Ecologica-de-la-alcaldia-Tlalpan.jpg\" \/>\n\t<meta property=\"og:image:width\" content=\"958\" \/>\n\t<meta property=\"og:image:height\" content=\"596\" \/>\n\t<meta property=\"og:image:type\" content=\"image\/jpeg\" \/>\n<meta name=\"author\" content=\"Blanca\" \/>\n<meta name=\"twitter:card\" content=\"summary_large_image\" \/>\n<meta name=\"twitter:label1\" content=\"Escrito por\" \/>\n\t<meta name=\"twitter:data1\" content=\"Blanca\" \/>\n\t<meta name=\"twitter:label2\" content=\"Tiempo de lectura\" \/>\n\t<meta name=\"twitter:data2\" content=\"1 minuto\" \/>\n<script type=\"application\/ld+json\" class=\"yoast-schema-graph\">{\"@context\":\"https:\\\/\\\/schema.org\",\"@graph\":[{\"@type\":\"Article\",\"@id\":\"https:\\\/\\\/redamlo.com\\\/index.php\\\/2021\\\/03\\\/31\\\/se-registra-incendio-de-pastizal-en-la-reserva-ecologica-de-la-alcaldia-tlalpan\\\/#article\",\"isPartOf\":{\"@id\":\"https:\\\/\\\/redamlo.com\\\/index.php\\\/2021\\\/03\\\/31\\\/se-registra-incendio-de-pastizal-en-la-reserva-ecologica-de-la-alcaldia-tlalpan\\\/\"},\"author\":{\"name\":\"Blanca\",\"@id\":\"https:\\\/\\\/redamlo.com\\\/#\\\/schema\\\/person\\\/7223a4375eb8f1a782fcae010a7115cf\"},\"headline\":\"Se registra incendio de pastizal en la Reserva Ecol\u00f3gica de la alcald\u00eda Tlalpan\",\"datePublished\":\"2021-03-31T17:00:08+00:00\",\"mainEntityOfPage\":{\"@id\":\"https:\\\/\\\/redamlo.com\\\/index.php\\\/2021\\\/03\\\/31\\\/se-registra-incendio-de-pastizal-en-la-reserva-ecologica-de-la-alcaldia-tlalpan\\\/\"},\"wordCount\":227,\"commentCount\":0,\"publisher\":{\"@id\":\"https:\\\/\\\/redamlo.com\\\/#organization\"},\"image\":{\"@id\":\"https:\\\/\\\/redamlo.com\\\/index.php\\\/2021\\\/03\\\/31\\\/se-registra-incendio-de-pastizal-en-la-reserva-ecologica-de-la-alcaldia-tlalpan\\\/#primaryimage\"},\"thumbnailUrl\":\"https:\\\/\\\/redamlo.com\\\/wp-content\\\/uploads\\\/2021\\\/03\\\/Se-registra-incendio-de-pastizal-en-la-Reserva-Ecologica-de-la-alcaldia-Tlalpan.jpg\",\"keywords\":[\"Bomberos\",\"Ciudad de M\u00e9xico\",\"Conafor\",\"CORENADR\",\"Grupo C\u00f3ndor\",\"Heroico Cuerpo de Bomberos\",\"hojarasca\",\"incendio\",\"mitigaci\u00f3n\",\"pasto seco\",\"Reserva Ecol\u00f3gica Los Encinos\",\"Sacmex\",\"SGIRPC\"],\"articleSection\":[\"CDMX\"],\"inLanguage\":\"es\",\"potentialAction\":[{\"@type\":\"CommentAction\",\"name\":\"Comment\",\"target\":[\"https:\\\/\\\/redamlo.com\\\/index.php\\\/2021\\\/03\\\/31\\\/se-registra-incendio-de-pastizal-en-la-reserva-ecologica-de-la-alcaldia-tlalpan\\\/#respond\"]}]},{\"@type\":\"WebPage\",\"@id\":\"https:\\\/\\\/redamlo.com\\\/index.php\\\/2021\\\/03\\\/31\\\/se-registra-incendio-de-pastizal-en-la-reserva-ecologica-de-la-alcaldia-tlalpan\\\/\",\"url\":\"https:\\\/\\\/redamlo.com\\\/index.php\\\/2021\\\/03\\\/31\\\/se-registra-incendio-de-pastizal-en-la-reserva-ecologica-de-la-alcaldia-tlalpan\\\/\",\"name\":\"Se registra incendio de pastizal en la Reserva Ecol\u00f3gica de la alcald\u00eda Tlalpan - NOTICIAS DE LA 4T\",\"isPartOf\":{\"@id\":\"https:\\\/\\\/redamlo.com\\\/#website\"},\"primaryImageOfPage\":{\"@id\":\"https:\\\/\\\/redamlo.com\\\/index.php\\\/2021\\\/03\\\/31\\\/se-registra-incendio-de-pastizal-en-la-reserva-ecologica-de-la-alcaldia-tlalpan\\\/#primaryimage\"},\"image\":{\"@id\":\"https:\\\/\\\/redamlo.com\\\/index.php\\\/2021\\\/03\\\/31\\\/se-registra-incendio-de-pastizal-en-la-reserva-ecologica-de-la-alcaldia-tlalpan\\\/#primaryimage\"},\"thumbnailUrl\":\"https:\\\/\\\/redamlo.com\\\/wp-content\\\/uploads\\\/2021\\\/03\\\/Se-registra-incendio-de-pastizal-en-la-Reserva-Ecologica-de-la-alcaldia-Tlalpan.jpg\",\"datePublished\":\"2021-03-31T17:00:08+00:00\",\"breadcrumb\":{\"@id\":\"https:\\\/\\\/redamlo.com\\\/index.php\\\/2021\\\/03\\\/31\\\/se-registra-incendio-de-pastizal-en-la-reserva-ecologica-de-la-alcaldia-tlalpan\\\/#breadcrumb\"},\"inLanguage\":\"es\",\"potentialAction\":[{\"@type\":\"ReadAction\",\"target\":[\"https:\\\/\\\/redamlo.com\\\/index.php\\\/2021\\\/03\\\/31\\\/se-registra-incendio-de-pastizal-en-la-reserva-ecologica-de-la-alcaldia-tlalpan\\\/\"]}]},{\"@type\":\"ImageObject\",\"inLanguage\":\"es\",\"@id\":\"https:\\\/\\\/redamlo.com\\\/index.php\\\/2021\\\/03\\\/31\\\/se-registra-incendio-de-pastizal-en-la-reserva-ecologica-de-la-alcaldia-tlalpan\\\/#primaryimage\",\"url\":\"https:\\\/\\\/redamlo.com\\\/wp-content\\\/uploads\\\/2021\\\/03\\\/Se-registra-incendio-de-pastizal-en-la-Reserva-Ecologica-de-la-alcaldia-Tlalpan.jpg\",\"contentUrl\":\"https:\\\/\\\/redamlo.com\\\/wp-content\\\/uploads\\\/2021\\\/03\\\/Se-registra-incendio-de-pastizal-en-la-Reserva-Ecologica-de-la-alcaldia-Tlalpan.jpg\",\"width\":958,\"height\":596},{\"@type\":\"BreadcrumbList\",\"@id\":\"https:\\\/\\\/redamlo.com\\\/index.php\\\/2021\\\/03\\\/31\\\/se-registra-incendio-de-pastizal-en-la-reserva-ecologica-de-la-alcaldia-tlalpan\\\/#breadcrumb\",\"itemListElement\":[{\"@type\":\"ListItem\",\"position\":1,\"name\":\"Inicio\",\"item\":\"https:\\\/\\\/redamlo.com\\\/\"},{\"@type\":\"ListItem\",\"position\":2,\"name\":\"Se registra incendio de pastizal en la Reserva Ecol\u00f3gica de la alcald\u00eda Tlalpan\"}]},{\"@type\":\"WebSite\",\"@id\":\"https:\\\/\\\/redamlo.com\\\/#website\",\"url\":\"https:\\\/\\\/redamlo.com\\\/\",\"name\":\"NOTICIAS DE LA 4T\",\"description\":\"\",\"publisher\":{\"@id\":\"https:\\\/\\\/redamlo.com\\\/#organization\"},\"potentialAction\":[{\"@type\":\"SearchAction\",\"target\":{\"@type\":\"EntryPoint\",\"urlTemplate\":\"https:\\\/\\\/redamlo.com\\\/?s={search_term_string}\"},\"query-input\":{\"@type\":\"PropertyValueSpecification\",\"valueRequired\":true,\"valueName\":\"search_term_string\"}}],\"inLanguage\":\"es\"},{\"@type\":\"Organization\",\"@id\":\"https:\\\/\\\/redamlo.com\\\/#organization\",\"name\":\"NOTICIAS DE LA 4T\",\"url\":\"https:\\\/\\\/redamlo.com\\\/\",\"logo\":{\"@type\":\"ImageObject\",\"inLanguage\":\"es\",\"@id\":\"https:\\\/\\\/redamlo.com\\\/#\\\/schema\\\/logo\\\/image\\\/\",\"url\":\"https:\\\/\\\/redamlo.com\\\/wp-content\\\/uploads\\\/2024\\\/08\\\/cropped-RED-AMLO-logo-50.png\",\"contentUrl\":\"https:\\\/\\\/redamlo.com\\\/wp-content\\\/uploads\\\/2024\\\/08\\\/cropped-RED-AMLO-logo-50.png\",\"width\":256,\"height\":256,\"caption\":\"NOTICIAS DE LA 4T\"},\"image\":{\"@id\":\"https:\\\/\\\/redamlo.com\\\/#\\\/schema\\\/logo\\\/image\\\/\"}},{\"@type\":\"Person\",\"@id\":\"https:\\\/\\\/redamlo.com\\\/#\\\/schema\\\/person\\\/7223a4375eb8f1a782fcae010a7115cf\",\"name\":\"Blanca\",\"image\":{\"@type\":\"ImageObject\",\"inLanguage\":\"es\",\"@id\":\"https:\\\/\\\/secure.gravatar.com\\\/avatar\\\/3f79bc8336367a4e6093eae8757acaaf61d1124834b905616de7829b0273426d?s=96&d=mm&r=g\",\"url\":\"https:\\\/\\\/secure.gravatar.com\\\/avatar\\\/3f79bc8336367a4e6093eae8757acaaf61d1124834b905616de7829b0273426d?s=96&d=mm&r=g\",\"contentUrl\":\"https:\\\/\\\/secure.gravatar.com\\\/avatar\\\/3f79bc8336367a4e6093eae8757acaaf61d1124834b905616de7829b0273426d?s=96&d=mm&r=g\",\"caption\":\"Blanca\"},\"url\":\"https:\\\/\\\/redamlo.com\\\/index.php\\\/author\\\/blanca\\\/\"}]}<\/script>\n<!-- \/ Yoast SEO plugin. -->","yoast_head_json":{"title":"Se registra incendio de pastizal en la Reserva Ecol\u00f3gica de la alcald\u00eda Tlalpan - NOTICIAS DE LA 4T","robots":{"index":"noindex","follow":"follow","max-snippet":"max-snippet:-1","max-image-preview":"max-image-preview:large","max-video-preview":"max-video-preview:-1"},"og_locale":"es_MX","og_type":"article","og_title":"Se registra incendio de pastizal en la Reserva Ecol\u00f3gica de la alcald\u00eda Tlalpan - NOTICIAS DE LA 4T","og_description":"CIUDAD DE M\u00c9XICO, 31 de marzo de 2021.- El Heroico Cuerpo de Bomberos de la...","og_url":"https:\/\/redamlo.com\/index.php\/2021\/03\/31\/se-registra-incendio-de-pastizal-en-la-reserva-ecologica-de-la-alcaldia-tlalpan\/","og_site_name":"NOTICIAS DE LA 4T","article_published_time":"2021-03-31T17:00:08+00:00","og_image":[{"width":958,"height":596,"url":"https:\/\/redamlo.com\/wp-content\/uploads\/2021\/03\/Se-registra-incendio-de-pastizal-en-la-Reserva-Ecologica-de-la-alcaldia-Tlalpan.jpg","type":"image\/jpeg"}],"author":"Blanca","twitter_card":"summary_large_image","twitter_misc":{"Escrito por":"Blanca","Tiempo de lectura":"1 minuto"},"schema":{"@context":"https:\/\/schema.org","@graph":[{"@type":"Article","@id":"https:\/\/redamlo.com\/index.php\/2021\/03\/31\/se-registra-incendio-de-pastizal-en-la-reserva-ecologica-de-la-alcaldia-tlalpan\/#article","isPartOf":{"@id":"https:\/\/redamlo.com\/index.php\/2021\/03\/31\/se-registra-incendio-de-pastizal-en-la-reserva-ecologica-de-la-alcaldia-tlalpan\/"},"author":{"name":"Blanca","@id":"https:\/\/redamlo.com\/#\/schema\/person\/7223a4375eb8f1a782fcae010a7115cf"},"headline":"Se registra incendio de pastizal en la Reserva Ecol\u00f3gica de la alcald\u00eda Tlalpan","datePublished":"2021-03-31T17:00:08+00:00","mainEntityOfPage":{"@id":"https:\/\/redamlo.com\/index.php\/2021\/03\/31\/se-registra-incendio-de-pastizal-en-la-reserva-ecologica-de-la-alcaldia-tlalpan\/"},"wordCount":227,"commentCount":0,"publisher":{"@id":"https:\/\/redamlo.com\/#organization"},"image":{"@id":"https:\/\/redamlo.com\/index.php\/2021\/03\/31\/se-registra-incendio-de-pastizal-en-la-reserva-ecologica-de-la-alcaldia-tlalpan\/#primaryimage"},"thumbnailUrl":"https:\/\/redamlo.com\/wp-content\/uploads\/2021\/03\/Se-registra-incendio-de-pastizal-en-la-Reserva-Ecologica-de-la-alcaldia-Tlalpan.jpg","keywords":["Bomberos","Ciudad de M\u00e9xico","Conafor","CORENADR","Grupo C\u00f3ndor","Heroico Cuerpo de Bomberos","hojarasca","incendio","mitigaci\u00f3n","pasto seco","Reserva Ecol\u00f3gica Los Encinos","Sacmex","SGIRPC"],"articleSection":["CDMX"],"inLanguage":"es","potentialAction":[{"@type":"CommentAction","name":"Comment","target":["https:\/\/redamlo.com\/index.php\/2021\/03\/31\/se-registra-incendio-de-pastizal-en-la-reserva-ecologica-de-la-alcaldia-tlalpan\/#respond"]}]},{"@type":"WebPage","@id":"https:\/\/redamlo.com\/index.php\/2021\/03\/31\/se-registra-incendio-de-pastizal-en-la-reserva-ecologica-de-la-alcaldia-tlalpan\/","url":"https:\/\/redamlo.com\/index.php\/2021\/03\/31\/se-registra-incendio-de-pastizal-en-la-reserva-ecologica-de-la-alcaldia-tlalpan\/","name":"Se registra incendio de pastizal en la Reserva Ecol\u00f3gica de la alcald\u00eda Tlalpan - NOTICIAS DE LA 4T","isPartOf":{"@id":"https:\/\/redamlo.com\/#website"},"primaryImageOfPage":{"@id":"https:\/\/redamlo.com\/index.php\/2021\/03\/31\/se-registra-incendio-de-pastizal-en-la-reserva-ecologica-de-la-alcaldia-tlalpan\/#primaryimage"},"image":{"@id":"https:\/\/redamlo.com\/index.php\/2021\/03\/31\/se-registra-incendio-de-pastizal-en-la-reserva-ecologica-de-la-alcaldia-tlalpan\/#primaryimage"},"thumbnailUrl":"https:\/\/redamlo.com\/wp-content\/uploads\/2021\/03\/Se-registra-incendio-de-pastizal-en-la-Reserva-Ecologica-de-la-alcaldia-Tlalpan.jpg","datePublished":"2021-03-31T17:00:08+00:00","breadcrumb":{"@id":"https:\/\/redamlo.com\/index.php\/2021\/03\/31\/se-registra-incendio-de-pastizal-en-la-reserva-ecologica-de-la-alcaldia-tlalpan\/#breadcrumb"},"inLanguage":"es","potentialAction":[{"@type":"ReadAction","target":["https:\/\/redamlo.com\/index.php\/2021\/03\/31\/se-registra-incendio-de-pastizal-en-la-reserva-ecologica-de-la-alcaldia-tlalpan\/"]}]},{"@type":"ImageObject","inLanguage":"es","@id":"https:\/\/redamlo.com\/index.php\/2021\/03\/31\/se-registra-incendio-de-pastizal-en-la-reserva-ecologica-de-la-alcaldia-tlalpan\/#primaryimage","url":"https:\/\/redamlo.com\/wp-content\/uploads\/2021\/03\/Se-registra-incendio-de-pastizal-en-la-Reserva-Ecologica-de-la-alcaldia-Tlalpan.jpg","contentUrl":"https:\/\/redamlo.com\/wp-content\/uploads\/2021\/03\/Se-registra-incendio-de-pastizal-en-la-Reserva-Ecologica-de-la-alcaldia-Tlalpan.jpg","width":958,"height":596},{"@type":"BreadcrumbList","@id":"https:\/\/redamlo.com\/index.php\/2021\/03\/31\/se-registra-incendio-de-pastizal-en-la-reserva-ecologica-de-la-alcaldia-tlalpan\/#breadcrumb","itemListElement":[{"@type":"ListItem","position":1,"name":"Inicio","item":"https:\/\/redamlo.com\/"},{"@type":"ListItem","position":2,"name":"Se registra incendio de pastizal en la Reserva Ecol\u00f3gica de la alcald\u00eda Tlalpan"}]},{"@type":"WebSite","@id":"https:\/\/redamlo.com\/#website","url":"https:\/\/redamlo.com\/","name":"NOTICIAS DE LA 4T","description":"","publisher":{"@id":"https:\/\/redamlo.com\/#organization"},"potentialAction":[{"@type":"SearchAction","target":{"@type":"EntryPoint","urlTemplate":"https:\/\/redamlo.com\/?s={search_term_string}"},"query-input":{"@type":"PropertyValueSpecification","valueRequired":true,"valueName":"search_term_string"}}],"inLanguage":"es"},{"@type":"Organization","@id":"https:\/\/redamlo.com\/#organization","name":"NOTICIAS DE LA 4T","url":"https:\/\/redamlo.com\/","logo":{"@type":"ImageObject","inLanguage":"es","@id":"https:\/\/redamlo.com\/#\/schema\/logo\/image\/","url":"https:\/\/redamlo.com\/wp-content\/uploads\/2024\/08\/cropped-RED-AMLO-logo-50.png","contentUrl":"https:\/\/redamlo.com\/wp-content\/uploads\/2024\/08\/cropped-RED-AMLO-logo-50.png","width":256,"height":256,"caption":"NOTICIAS DE LA 4T"},"image":{"@id":"https:\/\/redamlo.com\/#\/schema\/logo\/image\/"}},{"@type":"Person","@id":"https:\/\/redamlo.com\/#\/schema\/person\/7223a4375eb8f1a782fcae010a7115cf","name":"Blanca","image":{"@type":"ImageObject","inLanguage":"es","@id":"https:\/\/secure.gravatar.com\/avatar\/3f79bc8336367a4e6093eae8757acaaf61d1124834b905616de7829b0273426d?s=96&d=mm&r=g","url":"https:\/\/secure.gravatar.com\/avatar\/3f79bc8336367a4e6093eae8757acaaf61d1124834b905616de7829b0273426d?s=96&d=mm&r=g","contentUrl":"https:\/\/secure.gravatar.com\/avatar\/3f79bc8336367a4e6093eae8757acaaf61d1124834b905616de7829b0273426d?s=96&d=mm&r=g","caption":"Blanca"},"url":"https:\/\/redamlo.com\/index.php\/author\/blanca\/"}]}},"_links":{"self":[{"href":"https:\/\/redamlo.com\/index.php\/wp-json\/wp\/v2\/posts\/3938","targetHints":{"allow":["GET"]}}],"collection":[{"href":"https:\/\/redamlo.com\/index.php\/wp-json\/wp\/v2\/posts"}],"about":[{"href":"https:\/\/redamlo.com\/index.php\/wp-json\/wp\/v2\/types\/post"}],"author":[{"embeddable":true,"href":"https:\/\/redamlo.com\/index.php\/wp-json\/wp\/v2\/users\/2"}],"replies":[{"embeddable":true,"href":"https:\/\/redamlo.com\/index.php\/wp-json\/wp\/v2\/comments?post=3938"}],"version-history":[{"count":0,"href":"https:\/\/redamlo.com\/index.php\/wp-json\/wp\/v2\/posts\/3938\/revisions"}],"wp:featuredmedia":[{"embeddable":true,"href":"https:\/\/redamlo.com\/index.php\/wp-json\/wp\/v2\/media\/3940"}],"wp:attachment":[{"href":"https:\/\/redamlo.com\/index.php\/wp-json\/wp\/v2\/media?parent=3938"}],"wp:term":[{"taxonomy":"category","embeddable":true,"href":"https:\/\/redamlo.com\/index.php\/wp-json\/wp\/v2\/categories?post=3938"},{"taxonomy":"post_tag","embeddable":true,"href":"https:\/\/redamlo.com\/index.php\/wp-json\/wp\/v2\/tags?post=3938"}],"curies":[{"name":"wp","href":"https:\/\/api.w.org\/{rel}","templated":true}]}}