{"id":3935,"date":"2021-03-30T19:30:50","date_gmt":"2021-03-31T01:30:50","guid":{"rendered":"https:\/\/redamlo.com\/?p=3935"},"modified":"2021-03-30T19:30:50","modified_gmt":"2021-03-31T01:30:50","slug":"lopez-obrador-anuncia-reedicion-de-obras-literarias-para-conmemorar-700-anos-de-la-fundacion-de-tenochtitlan-y-200-anos-de-la-independencia","status":"publish","type":"post","link":"https:\/\/redamlo.com\/index.php\/2021\/03\/30\/lopez-obrador-anuncia-reedicion-de-obras-literarias-para-conmemorar-700-anos-de-la-fundacion-de-tenochtitlan-y-200-anos-de-la-independencia\/","title":{"rendered":"L\u00f3pez Obrador anuncia reedici\u00f3n de obras literarias para conmemorar 700 a\u00f1os de la fundaci\u00f3n de Tenochtitl\u00e1n y 200 a\u00f1os de la Independencia"},"content":{"rendered":"<p style=\"text-align: justify;\"><span style=\"font-family: Arial, Helvetica, sans-serif; color: #000000;\">M\u00c9XICO, 30 de marzo de 2021.- En su mensaje a la naci\u00f3n por los 100 d\u00edas del Tercer A\u00f1o de Gobierno, el presidente de M\u00e9xico, Andr\u00e9s Manuel L\u00f3pez Obrador anunci\u00f3 que se exhibir\u00e1n piezas arqueol\u00f3gicas y c\u00f3dices, y se celebrar\u00e1n diversos actos c\u00edvicos, art\u00edsticos y culturales en el contexto de la conmemoraci\u00f3n por los 700 a\u00f1os de la fundaci\u00f3n y 500 a\u00f1os de la ca\u00edda de Tenochtitl\u00e1n, as\u00ed como los 200 a\u00f1os de la Independencia alcanzada el 26 de septiembre de 1821.<\/span><\/p>\n<p style=\"text-align: justify;\"><span style=\"font-family: Arial, Helvetica, sans-serif; color: #000000;\">Detall\u00f3 que, entre otras acciones, se reeditar\u00e1n 2 millones 100 mil libros de 21 destacados autores, \u201cque han dejado con sus obras constancia de la grandeza cultural de M\u00e9xico\u201d.<\/span><\/p>\n<p style=\"text-align: justify;\"><span style=\"font-family: Arial, Helvetica, sans-serif; color: #000000;\">Destacan en las reediciones, El laberinto de la soledad de Octavio Paz; Tom\u00f3chic de Heriberto Fr\u00edas; Cr\u00f3nicas de amor, de historia y de guerra de Guillermo Prieto; Bal\u00fan Canan de Rosario Castellanos; El libro vac\u00edo de Josefina Vinc\u00e9ns; Canek de Ermilo Abreu G\u00f3mez; Noticias biogr\u00e1ficas de insurgentes apodados de El\u00edas Amador; Paseo de la Reforma de Elena Poniatowska; Los de abajo de Mariano Azuela; La sombra del Caudillo de Mart\u00edn Luis Guzm\u00e1n; R\u00edo Subterr\u00e1neo de In\u00e9s Arredondo; El libro rojo de la independencia de Vicente Riva Palacio y Manuel Payno; Breve historia de la guerra con los Estados Unidos de Jos\u00e9 C. Valad\u00e9s; Apocal\u00edpstik de Carlos Monsiv\u00e1is; Tiempo de ladrones de Emilio Carballido; Muerte en el bosque de Amparo D\u00e1vila; Antolog\u00eda de la poes\u00eda del siglo XIX de varios autores; Y Matarazo no llam\u00f3\u2026 de Elena Garro; Tiene la noche un \u00e1rbol de Guadalupe Due\u00f1as; Pueblo en vilo, Luis Gonz\u00e1lez y Gonz\u00e1lez y La revoluci\u00f3n de Independencia de Luis Villoro.<\/span><\/p>\n<p style=\"text-align: justify;\"><span style=\"font-family: Arial, Helvetica, sans-serif; color: #000000;\">El mandatario inform\u00f3 que estar\u00e1n invitadas delegaciones art\u00edsticas de varios pa\u00edses y mandatarios o l\u00edderes comunitarios, sociales o sectoriales de diversas expresiones pol\u00edticas, \u00e9tnicas, sociales y culturales del mundo.<\/span><\/p>\n<p style=\"text-align: justify;\"><span style=\"font-family: Arial, Helvetica, sans-serif; color: #000000;\">Resalt\u00f3 que hasta este d\u00eda se han celebrado tres actos conmemorativos: el dedicado a Vicente Guerrero, l\u00edder popular e independentista; la promulgaci\u00f3n del Plan de Iguala y la creaci\u00f3n de la bandera; y, recientemente, el d\u00eda 25 de marzo, en Champot\u00f3n, Campeche, la resistencia ind\u00edgena y condena al racismo.<\/span><\/p>\n<p style=\"text-align: justify;\"><span style=\"font-family: Arial, Helvetica, sans-serif; color: #000000;\">A estos encuentros de reflexi\u00f3n y di\u00e1logo asistieron Mart\u00edn Luther King, hijo del luchador de los derechos civiles; Alberto Fern\u00e1ndez, presidente de Argentina, y Luis Arce Catacora, presidente del Estado Plurinacional de Bolivia.<\/span><\/p>\n<p><iframe loading=\"lazy\" title=\"Primeros 100 d\u00edas del Tercer A\u00f1o de Gobierno\" width=\"640\" height=\"360\" src=\"https:\/\/www.youtube.com\/embed\/OMXG_nNbEHQ?feature=oembed\" frameborder=\"0\" allow=\"accelerometer; autoplay; clipboard-write; encrypted-media; gyroscope; picture-in-picture; web-share\" referrerpolicy=\"strict-origin-when-cross-origin\" allowfullscreen><\/iframe><\/p>\n","protected":false},"excerpt":{"rendered":"<p>M\u00c9XICO, 30 de marzo de 2021.- En su mensaje a la naci\u00f3n por los 100&#8230;<\/p>\n","protected":false},"author":2,"featured_media":3937,"comment_status":"open","ping_status":"closed","sticky":false,"template":"","format":"standard","meta":{"footnotes":""},"categories":[25,20,27],"tags":[614,84,131,556,9,621,619],"class_list":["post-3935","post","type-post","status-publish","format-standard","has-post-thumbnail","hentry","category-4t","category-nacionales","category-presidencia","tag-100-dias","tag-amlo","tag-andres-manuel-lopez-obrador","tag-gobierno-de-mexico","tag-mexico","tag-reedicion-de-obras-literarias","tag-tercer-ano-de-gobierno"],"yoast_head":"<!-- This site is optimized with the Yoast SEO plugin v27.5 - https:\/\/yoast.com\/product\/yoast-seo-wordpress\/ -->\n<title>L\u00f3pez Obrador anuncia reedici\u00f3n de obras literarias para conmemorar 700 a\u00f1os de la fundaci\u00f3n de Tenochtitl\u00e1n y 200 a\u00f1os de la Independencia - NOTICIAS DE LA 4T<\/title>\n<meta name=\"robots\" content=\"noindex, follow, max-snippet:-1, max-image-preview:large, max-video-preview:-1\" \/>\n<meta property=\"og:locale\" content=\"es_MX\" \/>\n<meta property=\"og:type\" content=\"article\" \/>\n<meta property=\"og:title\" content=\"L\u00f3pez Obrador anuncia reedici\u00f3n de obras literarias para conmemorar 700 a\u00f1os de la fundaci\u00f3n de Tenochtitl\u00e1n y 200 a\u00f1os de la Independencia - NOTICIAS DE LA 4T\" \/>\n<meta property=\"og:description\" content=\"M\u00c9XICO, 30 de marzo de 2021.- En su mensaje a la naci\u00f3n por los 100...\" \/>\n<meta property=\"og:url\" content=\"https:\/\/redamlo.com\/index.php\/2021\/03\/30\/lopez-obrador-anuncia-reedicion-de-obras-literarias-para-conmemorar-700-anos-de-la-fundacion-de-tenochtitlan-y-200-anos-de-la-independencia\/\" \/>\n<meta property=\"og:site_name\" content=\"NOTICIAS DE LA 4T\" \/>\n<meta property=\"article:published_time\" content=\"2021-03-31T01:30:50+00:00\" \/>\n<meta property=\"og:image\" content=\"https:\/\/redamlo.com\/wp-content\/uploads\/2021\/03\/Lopez-Obrador-anuncia-reedicion-de-obras-literarias-para-conmemorar-700-anos-de-la-fundacion-de-Tenochtitlan-y-200-anos-de-la-Independencia.jpg\" \/>\n\t<meta property=\"og:image:width\" content=\"1494\" \/>\n\t<meta property=\"og:image:height\" content=\"852\" \/>\n\t<meta property=\"og:image:type\" content=\"image\/jpeg\" \/>\n<meta name=\"author\" content=\"Blanca\" \/>\n<meta name=\"twitter:card\" content=\"summary_large_image\" \/>\n<meta name=\"twitter:label1\" content=\"Escrito por\" \/>\n\t<meta name=\"twitter:data1\" content=\"Blanca\" \/>\n\t<meta name=\"twitter:label2\" content=\"Tiempo de lectura\" \/>\n\t<meta name=\"twitter:data2\" content=\"2 minutos\" \/>\n<script type=\"application\/ld+json\" class=\"yoast-schema-graph\">{\"@context\":\"https:\\\/\\\/schema.org\",\"@graph\":[{\"@type\":\"Article\",\"@id\":\"https:\\\/\\\/redamlo.com\\\/index.php\\\/2021\\\/03\\\/30\\\/lopez-obrador-anuncia-reedicion-de-obras-literarias-para-conmemorar-700-anos-de-la-fundacion-de-tenochtitlan-y-200-anos-de-la-independencia\\\/#article\",\"isPartOf\":{\"@id\":\"https:\\\/\\\/redamlo.com\\\/index.php\\\/2021\\\/03\\\/30\\\/lopez-obrador-anuncia-reedicion-de-obras-literarias-para-conmemorar-700-anos-de-la-fundacion-de-tenochtitlan-y-200-anos-de-la-independencia\\\/\"},\"author\":{\"name\":\"Blanca\",\"@id\":\"https:\\\/\\\/redamlo.com\\\/#\\\/schema\\\/person\\\/7223a4375eb8f1a782fcae010a7115cf\"},\"headline\":\"L\u00f3pez Obrador anuncia reedici\u00f3n de obras literarias para conmemorar 700 a\u00f1os de la fundaci\u00f3n de Tenochtitl\u00e1n y 200 a\u00f1os de la Independencia\",\"datePublished\":\"2021-03-31T01:30:50+00:00\",\"mainEntityOfPage\":{\"@id\":\"https:\\\/\\\/redamlo.com\\\/index.php\\\/2021\\\/03\\\/30\\\/lopez-obrador-anuncia-reedicion-de-obras-literarias-para-conmemorar-700-anos-de-la-fundacion-de-tenochtitlan-y-200-anos-de-la-independencia\\\/\"},\"wordCount\":471,\"commentCount\":0,\"publisher\":{\"@id\":\"https:\\\/\\\/redamlo.com\\\/#organization\"},\"image\":{\"@id\":\"https:\\\/\\\/redamlo.com\\\/index.php\\\/2021\\\/03\\\/30\\\/lopez-obrador-anuncia-reedicion-de-obras-literarias-para-conmemorar-700-anos-de-la-fundacion-de-tenochtitlan-y-200-anos-de-la-independencia\\\/#primaryimage\"},\"thumbnailUrl\":\"https:\\\/\\\/redamlo.com\\\/wp-content\\\/uploads\\\/2021\\\/03\\\/Lopez-Obrador-anuncia-reedicion-de-obras-literarias-para-conmemorar-700-anos-de-la-fundacion-de-Tenochtitlan-y-200-anos-de-la-Independencia.jpg\",\"keywords\":[\"100 d\u00edas\",\"AMLO\",\"Andr\u00e9s Manuel L\u00f3pez Obrador\",\"Gobierno de M\u00e9xico\",\"M\u00e9xico\",\"reedici\u00f3n de obras literarias\",\"Tercer A\u00f1o de Gobierno\"],\"articleSection\":[\"4T\",\"Nacionales\",\"Presidencia\"],\"inLanguage\":\"es\",\"potentialAction\":[{\"@type\":\"CommentAction\",\"name\":\"Comment\",\"target\":[\"https:\\\/\\\/redamlo.com\\\/index.php\\\/2021\\\/03\\\/30\\\/lopez-obrador-anuncia-reedicion-de-obras-literarias-para-conmemorar-700-anos-de-la-fundacion-de-tenochtitlan-y-200-anos-de-la-independencia\\\/#respond\"]}]},{\"@type\":\"WebPage\",\"@id\":\"https:\\\/\\\/redamlo.com\\\/index.php\\\/2021\\\/03\\\/30\\\/lopez-obrador-anuncia-reedicion-de-obras-literarias-para-conmemorar-700-anos-de-la-fundacion-de-tenochtitlan-y-200-anos-de-la-independencia\\\/\",\"url\":\"https:\\\/\\\/redamlo.com\\\/index.php\\\/2021\\\/03\\\/30\\\/lopez-obrador-anuncia-reedicion-de-obras-literarias-para-conmemorar-700-anos-de-la-fundacion-de-tenochtitlan-y-200-anos-de-la-independencia\\\/\",\"name\":\"L\u00f3pez Obrador anuncia reedici\u00f3n de obras literarias para conmemorar 700 a\u00f1os de la fundaci\u00f3n de Tenochtitl\u00e1n y 200 a\u00f1os de la Independencia - NOTICIAS DE LA 4T\",\"isPartOf\":{\"@id\":\"https:\\\/\\\/redamlo.com\\\/#website\"},\"primaryImageOfPage\":{\"@id\":\"https:\\\/\\\/redamlo.com\\\/index.php\\\/2021\\\/03\\\/30\\\/lopez-obrador-anuncia-reedicion-de-obras-literarias-para-conmemorar-700-anos-de-la-fundacion-de-tenochtitlan-y-200-anos-de-la-independencia\\\/#primaryimage\"},\"image\":{\"@id\":\"https:\\\/\\\/redamlo.com\\\/index.php\\\/2021\\\/03\\\/30\\\/lopez-obrador-anuncia-reedicion-de-obras-literarias-para-conmemorar-700-anos-de-la-fundacion-de-tenochtitlan-y-200-anos-de-la-independencia\\\/#primaryimage\"},\"thumbnailUrl\":\"https:\\\/\\\/redamlo.com\\\/wp-content\\\/uploads\\\/2021\\\/03\\\/Lopez-Obrador-anuncia-reedicion-de-obras-literarias-para-conmemorar-700-anos-de-la-fundacion-de-Tenochtitlan-y-200-anos-de-la-Independencia.jpg\",\"datePublished\":\"2021-03-31T01:30:50+00:00\",\"breadcrumb\":{\"@id\":\"https:\\\/\\\/redamlo.com\\\/index.php\\\/2021\\\/03\\\/30\\\/lopez-obrador-anuncia-reedicion-de-obras-literarias-para-conmemorar-700-anos-de-la-fundacion-de-tenochtitlan-y-200-anos-de-la-independencia\\\/#breadcrumb\"},\"inLanguage\":\"es\",\"potentialAction\":[{\"@type\":\"ReadAction\",\"target\":[\"https:\\\/\\\/redamlo.com\\\/index.php\\\/2021\\\/03\\\/30\\\/lopez-obrador-anuncia-reedicion-de-obras-literarias-para-conmemorar-700-anos-de-la-fundacion-de-tenochtitlan-y-200-anos-de-la-independencia\\\/\"]}]},{\"@type\":\"ImageObject\",\"inLanguage\":\"es\",\"@id\":\"https:\\\/\\\/redamlo.com\\\/index.php\\\/2021\\\/03\\\/30\\\/lopez-obrador-anuncia-reedicion-de-obras-literarias-para-conmemorar-700-anos-de-la-fundacion-de-tenochtitlan-y-200-anos-de-la-independencia\\\/#primaryimage\",\"url\":\"https:\\\/\\\/redamlo.com\\\/wp-content\\\/uploads\\\/2021\\\/03\\\/Lopez-Obrador-anuncia-reedicion-de-obras-literarias-para-conmemorar-700-anos-de-la-fundacion-de-Tenochtitlan-y-200-anos-de-la-Independencia.jpg\",\"contentUrl\":\"https:\\\/\\\/redamlo.com\\\/wp-content\\\/uploads\\\/2021\\\/03\\\/Lopez-Obrador-anuncia-reedicion-de-obras-literarias-para-conmemorar-700-anos-de-la-fundacion-de-Tenochtitlan-y-200-anos-de-la-Independencia.jpg\",\"width\":1494,\"height\":852},{\"@type\":\"BreadcrumbList\",\"@id\":\"https:\\\/\\\/redamlo.com\\\/index.php\\\/2021\\\/03\\\/30\\\/lopez-obrador-anuncia-reedicion-de-obras-literarias-para-conmemorar-700-anos-de-la-fundacion-de-tenochtitlan-y-200-anos-de-la-independencia\\\/#breadcrumb\",\"itemListElement\":[{\"@type\":\"ListItem\",\"position\":1,\"name\":\"Inicio\",\"item\":\"https:\\\/\\\/redamlo.com\\\/\"},{\"@type\":\"ListItem\",\"position\":2,\"name\":\"L\u00f3pez Obrador anuncia reedici\u00f3n de obras literarias para conmemorar 700 a\u00f1os de la fundaci\u00f3n de Tenochtitl\u00e1n y 200 a\u00f1os de la Independencia\"}]},{\"@type\":\"WebSite\",\"@id\":\"https:\\\/\\\/redamlo.com\\\/#website\",\"url\":\"https:\\\/\\\/redamlo.com\\\/\",\"name\":\"NOTICIAS DE LA 4T\",\"description\":\"\",\"publisher\":{\"@id\":\"https:\\\/\\\/redamlo.com\\\/#organization\"},\"potentialAction\":[{\"@type\":\"SearchAction\",\"target\":{\"@type\":\"EntryPoint\",\"urlTemplate\":\"https:\\\/\\\/redamlo.com\\\/?s={search_term_string}\"},\"query-input\":{\"@type\":\"PropertyValueSpecification\",\"valueRequired\":true,\"valueName\":\"search_term_string\"}}],\"inLanguage\":\"es\"},{\"@type\":\"Organization\",\"@id\":\"https:\\\/\\\/redamlo.com\\\/#organization\",\"name\":\"NOTICIAS DE LA 4T\",\"url\":\"https:\\\/\\\/redamlo.com\\\/\",\"logo\":{\"@type\":\"ImageObject\",\"inLanguage\":\"es\",\"@id\":\"https:\\\/\\\/redamlo.com\\\/#\\\/schema\\\/logo\\\/image\\\/\",\"url\":\"https:\\\/\\\/redamlo.com\\\/wp-content\\\/uploads\\\/2024\\\/08\\\/cropped-RED-AMLO-logo-50.png\",\"contentUrl\":\"https:\\\/\\\/redamlo.com\\\/wp-content\\\/uploads\\\/2024\\\/08\\\/cropped-RED-AMLO-logo-50.png\",\"width\":256,\"height\":256,\"caption\":\"NOTICIAS DE LA 4T\"},\"image\":{\"@id\":\"https:\\\/\\\/redamlo.com\\\/#\\\/schema\\\/logo\\\/image\\\/\"}},{\"@type\":\"Person\",\"@id\":\"https:\\\/\\\/redamlo.com\\\/#\\\/schema\\\/person\\\/7223a4375eb8f1a782fcae010a7115cf\",\"name\":\"Blanca\",\"image\":{\"@type\":\"ImageObject\",\"inLanguage\":\"es\",\"@id\":\"https:\\\/\\\/secure.gravatar.com\\\/avatar\\\/3f79bc8336367a4e6093eae8757acaaf61d1124834b905616de7829b0273426d?s=96&d=mm&r=g\",\"url\":\"https:\\\/\\\/secure.gravatar.com\\\/avatar\\\/3f79bc8336367a4e6093eae8757acaaf61d1124834b905616de7829b0273426d?s=96&d=mm&r=g\",\"contentUrl\":\"https:\\\/\\\/secure.gravatar.com\\\/avatar\\\/3f79bc8336367a4e6093eae8757acaaf61d1124834b905616de7829b0273426d?s=96&d=mm&r=g\",\"caption\":\"Blanca\"},\"url\":\"https:\\\/\\\/redamlo.com\\\/index.php\\\/author\\\/blanca\\\/\"}]}<\/script>\n<!-- \/ Yoast SEO plugin. -->","yoast_head_json":{"title":"L\u00f3pez Obrador anuncia reedici\u00f3n de obras literarias para conmemorar 700 a\u00f1os de la fundaci\u00f3n de Tenochtitl\u00e1n y 200 a\u00f1os de la Independencia - NOTICIAS DE LA 4T","robots":{"index":"noindex","follow":"follow","max-snippet":"max-snippet:-1","max-image-preview":"max-image-preview:large","max-video-preview":"max-video-preview:-1"},"og_locale":"es_MX","og_type":"article","og_title":"L\u00f3pez Obrador anuncia reedici\u00f3n de obras literarias para conmemorar 700 a\u00f1os de la fundaci\u00f3n de Tenochtitl\u00e1n y 200 a\u00f1os de la Independencia - NOTICIAS DE LA 4T","og_description":"M\u00c9XICO, 30 de marzo de 2021.- En su mensaje a la naci\u00f3n por los 100...","og_url":"https:\/\/redamlo.com\/index.php\/2021\/03\/30\/lopez-obrador-anuncia-reedicion-de-obras-literarias-para-conmemorar-700-anos-de-la-fundacion-de-tenochtitlan-y-200-anos-de-la-independencia\/","og_site_name":"NOTICIAS DE LA 4T","article_published_time":"2021-03-31T01:30:50+00:00","og_image":[{"width":1494,"height":852,"url":"https:\/\/redamlo.com\/wp-content\/uploads\/2021\/03\/Lopez-Obrador-anuncia-reedicion-de-obras-literarias-para-conmemorar-700-anos-de-la-fundacion-de-Tenochtitlan-y-200-anos-de-la-Independencia.jpg","type":"image\/jpeg"}],"author":"Blanca","twitter_card":"summary_large_image","twitter_misc":{"Escrito por":"Blanca","Tiempo de lectura":"2 minutos"},"schema":{"@context":"https:\/\/schema.org","@graph":[{"@type":"Article","@id":"https:\/\/redamlo.com\/index.php\/2021\/03\/30\/lopez-obrador-anuncia-reedicion-de-obras-literarias-para-conmemorar-700-anos-de-la-fundacion-de-tenochtitlan-y-200-anos-de-la-independencia\/#article","isPartOf":{"@id":"https:\/\/redamlo.com\/index.php\/2021\/03\/30\/lopez-obrador-anuncia-reedicion-de-obras-literarias-para-conmemorar-700-anos-de-la-fundacion-de-tenochtitlan-y-200-anos-de-la-independencia\/"},"author":{"name":"Blanca","@id":"https:\/\/redamlo.com\/#\/schema\/person\/7223a4375eb8f1a782fcae010a7115cf"},"headline":"L\u00f3pez Obrador anuncia reedici\u00f3n de obras literarias para conmemorar 700 a\u00f1os de la fundaci\u00f3n de Tenochtitl\u00e1n y 200 a\u00f1os de la Independencia","datePublished":"2021-03-31T01:30:50+00:00","mainEntityOfPage":{"@id":"https:\/\/redamlo.com\/index.php\/2021\/03\/30\/lopez-obrador-anuncia-reedicion-de-obras-literarias-para-conmemorar-700-anos-de-la-fundacion-de-tenochtitlan-y-200-anos-de-la-independencia\/"},"wordCount":471,"commentCount":0,"publisher":{"@id":"https:\/\/redamlo.com\/#organization"},"image":{"@id":"https:\/\/redamlo.com\/index.php\/2021\/03\/30\/lopez-obrador-anuncia-reedicion-de-obras-literarias-para-conmemorar-700-anos-de-la-fundacion-de-tenochtitlan-y-200-anos-de-la-independencia\/#primaryimage"},"thumbnailUrl":"https:\/\/redamlo.com\/wp-content\/uploads\/2021\/03\/Lopez-Obrador-anuncia-reedicion-de-obras-literarias-para-conmemorar-700-anos-de-la-fundacion-de-Tenochtitlan-y-200-anos-de-la-Independencia.jpg","keywords":["100 d\u00edas","AMLO","Andr\u00e9s Manuel L\u00f3pez Obrador","Gobierno de M\u00e9xico","M\u00e9xico","reedici\u00f3n de obras literarias","Tercer A\u00f1o de Gobierno"],"articleSection":["4T","Nacionales","Presidencia"],"inLanguage":"es","potentialAction":[{"@type":"CommentAction","name":"Comment","target":["https:\/\/redamlo.com\/index.php\/2021\/03\/30\/lopez-obrador-anuncia-reedicion-de-obras-literarias-para-conmemorar-700-anos-de-la-fundacion-de-tenochtitlan-y-200-anos-de-la-independencia\/#respond"]}]},{"@type":"WebPage","@id":"https:\/\/redamlo.com\/index.php\/2021\/03\/30\/lopez-obrador-anuncia-reedicion-de-obras-literarias-para-conmemorar-700-anos-de-la-fundacion-de-tenochtitlan-y-200-anos-de-la-independencia\/","url":"https:\/\/redamlo.com\/index.php\/2021\/03\/30\/lopez-obrador-anuncia-reedicion-de-obras-literarias-para-conmemorar-700-anos-de-la-fundacion-de-tenochtitlan-y-200-anos-de-la-independencia\/","name":"L\u00f3pez Obrador anuncia reedici\u00f3n de obras literarias para conmemorar 700 a\u00f1os de la fundaci\u00f3n de Tenochtitl\u00e1n y 200 a\u00f1os de la Independencia - NOTICIAS DE LA 4T","isPartOf":{"@id":"https:\/\/redamlo.com\/#website"},"primaryImageOfPage":{"@id":"https:\/\/redamlo.com\/index.php\/2021\/03\/30\/lopez-obrador-anuncia-reedicion-de-obras-literarias-para-conmemorar-700-anos-de-la-fundacion-de-tenochtitlan-y-200-anos-de-la-independencia\/#primaryimage"},"image":{"@id":"https:\/\/redamlo.com\/index.php\/2021\/03\/30\/lopez-obrador-anuncia-reedicion-de-obras-literarias-para-conmemorar-700-anos-de-la-fundacion-de-tenochtitlan-y-200-anos-de-la-independencia\/#primaryimage"},"thumbnailUrl":"https:\/\/redamlo.com\/wp-content\/uploads\/2021\/03\/Lopez-Obrador-anuncia-reedicion-de-obras-literarias-para-conmemorar-700-anos-de-la-fundacion-de-Tenochtitlan-y-200-anos-de-la-Independencia.jpg","datePublished":"2021-03-31T01:30:50+00:00","breadcrumb":{"@id":"https:\/\/redamlo.com\/index.php\/2021\/03\/30\/lopez-obrador-anuncia-reedicion-de-obras-literarias-para-conmemorar-700-anos-de-la-fundacion-de-tenochtitlan-y-200-anos-de-la-independencia\/#breadcrumb"},"inLanguage":"es","potentialAction":[{"@type":"ReadAction","target":["https:\/\/redamlo.com\/index.php\/2021\/03\/30\/lopez-obrador-anuncia-reedicion-de-obras-literarias-para-conmemorar-700-anos-de-la-fundacion-de-tenochtitlan-y-200-anos-de-la-independencia\/"]}]},{"@type":"ImageObject","inLanguage":"es","@id":"https:\/\/redamlo.com\/index.php\/2021\/03\/30\/lopez-obrador-anuncia-reedicion-de-obras-literarias-para-conmemorar-700-anos-de-la-fundacion-de-tenochtitlan-y-200-anos-de-la-independencia\/#primaryimage","url":"https:\/\/redamlo.com\/wp-content\/uploads\/2021\/03\/Lopez-Obrador-anuncia-reedicion-de-obras-literarias-para-conmemorar-700-anos-de-la-fundacion-de-Tenochtitlan-y-200-anos-de-la-Independencia.jpg","contentUrl":"https:\/\/redamlo.com\/wp-content\/uploads\/2021\/03\/Lopez-Obrador-anuncia-reedicion-de-obras-literarias-para-conmemorar-700-anos-de-la-fundacion-de-Tenochtitlan-y-200-anos-de-la-Independencia.jpg","width":1494,"height":852},{"@type":"BreadcrumbList","@id":"https:\/\/redamlo.com\/index.php\/2021\/03\/30\/lopez-obrador-anuncia-reedicion-de-obras-literarias-para-conmemorar-700-anos-de-la-fundacion-de-tenochtitlan-y-200-anos-de-la-independencia\/#breadcrumb","itemListElement":[{"@type":"ListItem","position":1,"name":"Inicio","item":"https:\/\/redamlo.com\/"},{"@type":"ListItem","position":2,"name":"L\u00f3pez Obrador anuncia reedici\u00f3n de obras literarias para conmemorar 700 a\u00f1os de la fundaci\u00f3n de Tenochtitl\u00e1n y 200 a\u00f1os de la Independencia"}]},{"@type":"WebSite","@id":"https:\/\/redamlo.com\/#website","url":"https:\/\/redamlo.com\/","name":"NOTICIAS DE LA 4T","description":"","publisher":{"@id":"https:\/\/redamlo.com\/#organization"},"potentialAction":[{"@type":"SearchAction","target":{"@type":"EntryPoint","urlTemplate":"https:\/\/redamlo.com\/?s={search_term_string}"},"query-input":{"@type":"PropertyValueSpecification","valueRequired":true,"valueName":"search_term_string"}}],"inLanguage":"es"},{"@type":"Organization","@id":"https:\/\/redamlo.com\/#organization","name":"NOTICIAS DE LA 4T","url":"https:\/\/redamlo.com\/","logo":{"@type":"ImageObject","inLanguage":"es","@id":"https:\/\/redamlo.com\/#\/schema\/logo\/image\/","url":"https:\/\/redamlo.com\/wp-content\/uploads\/2024\/08\/cropped-RED-AMLO-logo-50.png","contentUrl":"https:\/\/redamlo.com\/wp-content\/uploads\/2024\/08\/cropped-RED-AMLO-logo-50.png","width":256,"height":256,"caption":"NOTICIAS DE LA 4T"},"image":{"@id":"https:\/\/redamlo.com\/#\/schema\/logo\/image\/"}},{"@type":"Person","@id":"https:\/\/redamlo.com\/#\/schema\/person\/7223a4375eb8f1a782fcae010a7115cf","name":"Blanca","image":{"@type":"ImageObject","inLanguage":"es","@id":"https:\/\/secure.gravatar.com\/avatar\/3f79bc8336367a4e6093eae8757acaaf61d1124834b905616de7829b0273426d?s=96&d=mm&r=g","url":"https:\/\/secure.gravatar.com\/avatar\/3f79bc8336367a4e6093eae8757acaaf61d1124834b905616de7829b0273426d?s=96&d=mm&r=g","contentUrl":"https:\/\/secure.gravatar.com\/avatar\/3f79bc8336367a4e6093eae8757acaaf61d1124834b905616de7829b0273426d?s=96&d=mm&r=g","caption":"Blanca"},"url":"https:\/\/redamlo.com\/index.php\/author\/blanca\/"}]}},"_links":{"self":[{"href":"https:\/\/redamlo.com\/index.php\/wp-json\/wp\/v2\/posts\/3935","targetHints":{"allow":["GET"]}}],"collection":[{"href":"https:\/\/redamlo.com\/index.php\/wp-json\/wp\/v2\/posts"}],"about":[{"href":"https:\/\/redamlo.com\/index.php\/wp-json\/wp\/v2\/types\/post"}],"author":[{"embeddable":true,"href":"https:\/\/redamlo.com\/index.php\/wp-json\/wp\/v2\/users\/2"}],"replies":[{"embeddable":true,"href":"https:\/\/redamlo.com\/index.php\/wp-json\/wp\/v2\/comments?post=3935"}],"version-history":[{"count":0,"href":"https:\/\/redamlo.com\/index.php\/wp-json\/wp\/v2\/posts\/3935\/revisions"}],"wp:featuredmedia":[{"embeddable":true,"href":"https:\/\/redamlo.com\/index.php\/wp-json\/wp\/v2\/media\/3937"}],"wp:attachment":[{"href":"https:\/\/redamlo.com\/index.php\/wp-json\/wp\/v2\/media?parent=3935"}],"wp:term":[{"taxonomy":"category","embeddable":true,"href":"https:\/\/redamlo.com\/index.php\/wp-json\/wp\/v2\/categories?post=3935"},{"taxonomy":"post_tag","embeddable":true,"href":"https:\/\/redamlo.com\/index.php\/wp-json\/wp\/v2\/tags?post=3935"}],"curies":[{"name":"wp","href":"https:\/\/api.w.org\/{rel}","templated":true}]}}