{"id":3932,"date":"2021-03-30T19:00:52","date_gmt":"2021-03-31T01:00:52","guid":{"rendered":"https:\/\/redamlo.com\/?p=3932"},"modified":"2021-03-30T19:00:52","modified_gmt":"2021-03-31T01:00:52","slug":"en-mensaje-por-100-dias-del-tercer-ano-de-gobierno-lopez-obrador-destaca-contribucion-de-fuerzas-armadas-al-desarrollo-del-pais","status":"publish","type":"post","link":"https:\/\/redamlo.com\/index.php\/2021\/03\/30\/en-mensaje-por-100-dias-del-tercer-ano-de-gobierno-lopez-obrador-destaca-contribucion-de-fuerzas-armadas-al-desarrollo-del-pais\/","title":{"rendered":"En mensaje por 100 d\u00edas del Tercer A\u00f1o de Gobierno, L\u00f3pez Obrador destaca contribuci\u00f3n de Fuerzas Armadas al desarrollo del pa\u00eds"},"content":{"rendered":"<p style=\"text-align: justify;\"><span style=\"font-family: Arial, Helvetica, sans-serif; color: #000000;\">M\u00c9XICO, 30 de marzo de 2021.- El presidente de M\u00e9xico, Andr\u00e9s Manuel L\u00f3pez Obrador reiter\u00f3 su reconocimiento a las secretar\u00edas de Marina y de la Defensa Nacional por su \u201cgenerosa y decisiva participaci\u00f3n en acciones de desarrollo, bienestar y paz\u201d.<\/span><\/p>\n<p style=\"text-align: justify;\"><span style=\"font-family: Arial, Helvetica, sans-serif; color: #000000;\">En su mensaje a la naci\u00f3n con motivo de los 100 d\u00edas del Tercer A\u00f1o de Gobierno, indic\u00f3 que la actuaci\u00f3n de soldados y marinos refrenda lealtad a las instituciones civiles y contribuye a dejar atr\u00e1s la desconfianza con civiles que generaron las decisiones de los anteriores gobiernos.<\/span><\/p>\n<p style=\"text-align: justify;\"><span style=\"font-family: Arial, Helvetica, sans-serif; color: #000000;\">Por el contrario, dijo, el apoyo de las Fuerzas Armadas en la transformaci\u00f3n de M\u00e9xico ha sido fundamental y estrat\u00e9gico para enfrentar la pandemia y emprender proyectos de infraestructura, como la construcci\u00f3n del Tren Maya, el nuevo aeropuerto de Tulum y el Internacional General Felipe \u00c1ngeles en Santa Luc\u00eda, y de sucursales del Banco de Bienestar y cuarteles de la Guardia Nacional, adem\u00e1s del cambio de la prisi\u00f3n de las Islas Mar\u00edas a centro cultural, ecol\u00f3gico y tur\u00edstico.<\/span><\/p>\n<p style=\"text-align: justify;\"><span style=\"font-family: Arial, Helvetica, sans-serif; color: #000000;\">Adicionalmente, el personal de la Marina y de la Defensa Nacional ejecuta el desazolve de r\u00edos, la limpieza de playas y la operaci\u00f3n en los viveros del programa Sembrando Vida.<\/span><\/p>\n<p style=\"text-align: justify;\"><span style=\"font-family: Arial, Helvetica, sans-serif; color: #000000;\">Sobre su apoyo en la epidemia de Covid-19, el jefe del Ejecutivo resalt\u00f3 la log\u00edstica y distribuci\u00f3n de las vacunas, al tiempo que asegur\u00f3 fueron fundamentales en la conclusi\u00f3n de hospitales que el r\u00e9gimen neoliberal dej\u00f3 abandonados.<\/span><\/p>\n<p style=\"text-align: justify;\"><span style=\"font-family: Arial, Helvetica, sans-serif; color: #000000;\">En materia de seguridad, indic\u00f3 que ayudan a la contenci\u00f3n de la delincuencia organizada, el cuidado de las instalaciones estrat\u00e9gicas de la naci\u00f3n para evitar el robo de hidrocarburos y el contrabando.<\/span><\/p>\n<p style=\"text-align: justify;\"><span style=\"font-family: Arial, Helvetica, sans-serif; color: #000000;\">Record\u00f3 que las Fuerzas Armadas ayudan a migrantes y poblaci\u00f3n afectada por huracanes, inundaciones, temblores, incendios y otros siniestros, as\u00ed como su reciente contribuci\u00f3n para acabar con la corrupci\u00f3n en los puertos y defender la soberan\u00eda en aguas nacionales.<\/span><\/p>\n<p style=\"text-align: justify;\"><span style=\"font-family: Arial, Helvetica, sans-serif; color: #000000;\">El jefe del Ejecutivo rechaz\u00f3 las acusaciones de militarizaci\u00f3n del pa\u00eds. Dijo que \u201ccarecen de toda l\u00f3gica y, en su mayor\u00eda, de la m\u00e1s elemental buena fe\u201d.<\/span><\/p>\n<p style=\"text-align: justify;\"><span style=\"font-family: Arial, Helvetica, sans-serif; color: #000000;\">\u201cNo se ha ordenado a las Fuerzas Armadas que hagan la guerra a nadie; no se les ha pedido que vigilen u opriman a la sociedad, que violen las leyes, que coarten las libertades y, mucho menos, que se involucren en acciones represivas o violatorias de los derechos humanos\u201d, remarc\u00f3.<\/span><\/p>\n<p><iframe loading=\"lazy\" title=\"Primeros 100 d\u00edas del Tercer A\u00f1o de Gobierno\" width=\"640\" height=\"360\" src=\"https:\/\/www.youtube.com\/embed\/OMXG_nNbEHQ?feature=oembed\" frameborder=\"0\" allow=\"accelerometer; autoplay; clipboard-write; encrypted-media; gyroscope; picture-in-picture; web-share\" referrerpolicy=\"strict-origin-when-cross-origin\" allowfullscreen><\/iframe><\/p>\n","protected":false},"excerpt":{"rendered":"<p>M\u00c9XICO, 30 de marzo de 2021.- El presidente de M\u00e9xico, Andr\u00e9s Manuel L\u00f3pez Obrador reiter\u00f3&#8230;<\/p>\n","protected":false},"author":2,"featured_media":3934,"comment_status":"open","ping_status":"closed","sticky":false,"template":"","format":"standard","meta":{"footnotes":""},"categories":[25,20,27],"tags":[614,84,131,564,615,556,9,616,617,89,618,619],"class_list":["post-3932","post","type-post","status-publish","format-standard","has-post-thumbnail","hentry","category-4t","category-nacionales","category-presidencia","tag-100-dias","tag-amlo","tag-andres-manuel-lopez-obrador","tag-bienestar","tag-fuerzas-armadas","tag-gobierno-de-mexico","tag-mexico","tag-paz","tag-reconocimiento","tag-sedena","tag-semar","tag-tercer-ano-de-gobierno"],"yoast_head":"<!-- This site is optimized with the Yoast SEO plugin v27.5 - https:\/\/yoast.com\/product\/yoast-seo-wordpress\/ -->\n<title>En mensaje por 100 d\u00edas del Tercer A\u00f1o de Gobierno, L\u00f3pez Obrador destaca contribuci\u00f3n de Fuerzas Armadas al desarrollo del pa\u00eds - NOTICIAS DE LA 4T<\/title>\n<meta name=\"robots\" content=\"noindex, follow, max-snippet:-1, max-image-preview:large, max-video-preview:-1\" \/>\n<meta property=\"og:locale\" content=\"es_MX\" \/>\n<meta property=\"og:type\" content=\"article\" \/>\n<meta property=\"og:title\" content=\"En mensaje por 100 d\u00edas del Tercer A\u00f1o de Gobierno, L\u00f3pez Obrador destaca contribuci\u00f3n de Fuerzas Armadas al desarrollo del pa\u00eds - NOTICIAS DE LA 4T\" \/>\n<meta property=\"og:description\" content=\"M\u00c9XICO, 30 de marzo de 2021.- El presidente de M\u00e9xico, Andr\u00e9s Manuel L\u00f3pez Obrador reiter\u00f3...\" \/>\n<meta property=\"og:url\" content=\"https:\/\/redamlo.com\/index.php\/2021\/03\/30\/en-mensaje-por-100-dias-del-tercer-ano-de-gobierno-lopez-obrador-destaca-contribucion-de-fuerzas-armadas-al-desarrollo-del-pais\/\" \/>\n<meta property=\"og:site_name\" content=\"NOTICIAS DE LA 4T\" \/>\n<meta property=\"article:published_time\" content=\"2021-03-31T01:00:52+00:00\" \/>\n<meta property=\"og:image\" content=\"https:\/\/redamlo.com\/wp-content\/uploads\/2021\/03\/En-mensaje-por-100-dias-del-Tercer-Ano-de-Gobierno-Lopez-Obrador-destaca-contribucion-de-Fuerzas-Armadas-al-desarrollo-del-pais.jpg\" \/>\n\t<meta property=\"og:image:width\" content=\"1376\" \/>\n\t<meta property=\"og:image:height\" content=\"817\" \/>\n\t<meta property=\"og:image:type\" content=\"image\/jpeg\" \/>\n<meta name=\"author\" content=\"Blanca\" \/>\n<meta name=\"twitter:card\" content=\"summary_large_image\" \/>\n<meta name=\"twitter:label1\" content=\"Escrito por\" \/>\n\t<meta name=\"twitter:data1\" content=\"Blanca\" \/>\n\t<meta name=\"twitter:label2\" content=\"Tiempo de lectura\" \/>\n\t<meta name=\"twitter:data2\" content=\"2 minutos\" \/>\n<script type=\"application\/ld+json\" class=\"yoast-schema-graph\">{\"@context\":\"https:\\\/\\\/schema.org\",\"@graph\":[{\"@type\":\"Article\",\"@id\":\"https:\\\/\\\/redamlo.com\\\/index.php\\\/2021\\\/03\\\/30\\\/en-mensaje-por-100-dias-del-tercer-ano-de-gobierno-lopez-obrador-destaca-contribucion-de-fuerzas-armadas-al-desarrollo-del-pais\\\/#article\",\"isPartOf\":{\"@id\":\"https:\\\/\\\/redamlo.com\\\/index.php\\\/2021\\\/03\\\/30\\\/en-mensaje-por-100-dias-del-tercer-ano-de-gobierno-lopez-obrador-destaca-contribucion-de-fuerzas-armadas-al-desarrollo-del-pais\\\/\"},\"author\":{\"name\":\"Blanca\",\"@id\":\"https:\\\/\\\/redamlo.com\\\/#\\\/schema\\\/person\\\/7223a4375eb8f1a782fcae010a7115cf\"},\"headline\":\"En mensaje por 100 d\u00edas del Tercer A\u00f1o de Gobierno, L\u00f3pez Obrador destaca contribuci\u00f3n de Fuerzas Armadas al desarrollo del pa\u00eds\",\"datePublished\":\"2021-03-31T01:00:52+00:00\",\"mainEntityOfPage\":{\"@id\":\"https:\\\/\\\/redamlo.com\\\/index.php\\\/2021\\\/03\\\/30\\\/en-mensaje-por-100-dias-del-tercer-ano-de-gobierno-lopez-obrador-destaca-contribucion-de-fuerzas-armadas-al-desarrollo-del-pais\\\/\"},\"wordCount\":455,\"commentCount\":0,\"publisher\":{\"@id\":\"https:\\\/\\\/redamlo.com\\\/#organization\"},\"image\":{\"@id\":\"https:\\\/\\\/redamlo.com\\\/index.php\\\/2021\\\/03\\\/30\\\/en-mensaje-por-100-dias-del-tercer-ano-de-gobierno-lopez-obrador-destaca-contribucion-de-fuerzas-armadas-al-desarrollo-del-pais\\\/#primaryimage\"},\"thumbnailUrl\":\"https:\\\/\\\/redamlo.com\\\/wp-content\\\/uploads\\\/2021\\\/03\\\/En-mensaje-por-100-dias-del-Tercer-Ano-de-Gobierno-Lopez-Obrador-destaca-contribucion-de-Fuerzas-Armadas-al-desarrollo-del-pais.jpg\",\"keywords\":[\"100 d\u00edas\",\"AMLO\",\"Andr\u00e9s Manuel L\u00f3pez Obrador\",\"Bienestar\",\"Fuerzas Armadas\",\"Gobierno de M\u00e9xico\",\"M\u00e9xico\",\"paz\",\"reconocimiento\",\"SEDENA\",\"Semar\",\"Tercer A\u00f1o de Gobierno\"],\"articleSection\":[\"4T\",\"Nacionales\",\"Presidencia\"],\"inLanguage\":\"es\",\"potentialAction\":[{\"@type\":\"CommentAction\",\"name\":\"Comment\",\"target\":[\"https:\\\/\\\/redamlo.com\\\/index.php\\\/2021\\\/03\\\/30\\\/en-mensaje-por-100-dias-del-tercer-ano-de-gobierno-lopez-obrador-destaca-contribucion-de-fuerzas-armadas-al-desarrollo-del-pais\\\/#respond\"]}]},{\"@type\":\"WebPage\",\"@id\":\"https:\\\/\\\/redamlo.com\\\/index.php\\\/2021\\\/03\\\/30\\\/en-mensaje-por-100-dias-del-tercer-ano-de-gobierno-lopez-obrador-destaca-contribucion-de-fuerzas-armadas-al-desarrollo-del-pais\\\/\",\"url\":\"https:\\\/\\\/redamlo.com\\\/index.php\\\/2021\\\/03\\\/30\\\/en-mensaje-por-100-dias-del-tercer-ano-de-gobierno-lopez-obrador-destaca-contribucion-de-fuerzas-armadas-al-desarrollo-del-pais\\\/\",\"name\":\"En mensaje por 100 d\u00edas del Tercer A\u00f1o de Gobierno, L\u00f3pez Obrador destaca contribuci\u00f3n de Fuerzas Armadas al desarrollo del pa\u00eds - NOTICIAS DE LA 4T\",\"isPartOf\":{\"@id\":\"https:\\\/\\\/redamlo.com\\\/#website\"},\"primaryImageOfPage\":{\"@id\":\"https:\\\/\\\/redamlo.com\\\/index.php\\\/2021\\\/03\\\/30\\\/en-mensaje-por-100-dias-del-tercer-ano-de-gobierno-lopez-obrador-destaca-contribucion-de-fuerzas-armadas-al-desarrollo-del-pais\\\/#primaryimage\"},\"image\":{\"@id\":\"https:\\\/\\\/redamlo.com\\\/index.php\\\/2021\\\/03\\\/30\\\/en-mensaje-por-100-dias-del-tercer-ano-de-gobierno-lopez-obrador-destaca-contribucion-de-fuerzas-armadas-al-desarrollo-del-pais\\\/#primaryimage\"},\"thumbnailUrl\":\"https:\\\/\\\/redamlo.com\\\/wp-content\\\/uploads\\\/2021\\\/03\\\/En-mensaje-por-100-dias-del-Tercer-Ano-de-Gobierno-Lopez-Obrador-destaca-contribucion-de-Fuerzas-Armadas-al-desarrollo-del-pais.jpg\",\"datePublished\":\"2021-03-31T01:00:52+00:00\",\"breadcrumb\":{\"@id\":\"https:\\\/\\\/redamlo.com\\\/index.php\\\/2021\\\/03\\\/30\\\/en-mensaje-por-100-dias-del-tercer-ano-de-gobierno-lopez-obrador-destaca-contribucion-de-fuerzas-armadas-al-desarrollo-del-pais\\\/#breadcrumb\"},\"inLanguage\":\"es\",\"potentialAction\":[{\"@type\":\"ReadAction\",\"target\":[\"https:\\\/\\\/redamlo.com\\\/index.php\\\/2021\\\/03\\\/30\\\/en-mensaje-por-100-dias-del-tercer-ano-de-gobierno-lopez-obrador-destaca-contribucion-de-fuerzas-armadas-al-desarrollo-del-pais\\\/\"]}]},{\"@type\":\"ImageObject\",\"inLanguage\":\"es\",\"@id\":\"https:\\\/\\\/redamlo.com\\\/index.php\\\/2021\\\/03\\\/30\\\/en-mensaje-por-100-dias-del-tercer-ano-de-gobierno-lopez-obrador-destaca-contribucion-de-fuerzas-armadas-al-desarrollo-del-pais\\\/#primaryimage\",\"url\":\"https:\\\/\\\/redamlo.com\\\/wp-content\\\/uploads\\\/2021\\\/03\\\/En-mensaje-por-100-dias-del-Tercer-Ano-de-Gobierno-Lopez-Obrador-destaca-contribucion-de-Fuerzas-Armadas-al-desarrollo-del-pais.jpg\",\"contentUrl\":\"https:\\\/\\\/redamlo.com\\\/wp-content\\\/uploads\\\/2021\\\/03\\\/En-mensaje-por-100-dias-del-Tercer-Ano-de-Gobierno-Lopez-Obrador-destaca-contribucion-de-Fuerzas-Armadas-al-desarrollo-del-pais.jpg\",\"width\":1376,\"height\":817},{\"@type\":\"BreadcrumbList\",\"@id\":\"https:\\\/\\\/redamlo.com\\\/index.php\\\/2021\\\/03\\\/30\\\/en-mensaje-por-100-dias-del-tercer-ano-de-gobierno-lopez-obrador-destaca-contribucion-de-fuerzas-armadas-al-desarrollo-del-pais\\\/#breadcrumb\",\"itemListElement\":[{\"@type\":\"ListItem\",\"position\":1,\"name\":\"Inicio\",\"item\":\"https:\\\/\\\/redamlo.com\\\/\"},{\"@type\":\"ListItem\",\"position\":2,\"name\":\"En mensaje por 100 d\u00edas del Tercer A\u00f1o de Gobierno, L\u00f3pez Obrador destaca contribuci\u00f3n de Fuerzas Armadas al desarrollo del pa\u00eds\"}]},{\"@type\":\"WebSite\",\"@id\":\"https:\\\/\\\/redamlo.com\\\/#website\",\"url\":\"https:\\\/\\\/redamlo.com\\\/\",\"name\":\"NOTICIAS DE LA 4T\",\"description\":\"\",\"publisher\":{\"@id\":\"https:\\\/\\\/redamlo.com\\\/#organization\"},\"potentialAction\":[{\"@type\":\"SearchAction\",\"target\":{\"@type\":\"EntryPoint\",\"urlTemplate\":\"https:\\\/\\\/redamlo.com\\\/?s={search_term_string}\"},\"query-input\":{\"@type\":\"PropertyValueSpecification\",\"valueRequired\":true,\"valueName\":\"search_term_string\"}}],\"inLanguage\":\"es\"},{\"@type\":\"Organization\",\"@id\":\"https:\\\/\\\/redamlo.com\\\/#organization\",\"name\":\"NOTICIAS DE LA 4T\",\"url\":\"https:\\\/\\\/redamlo.com\\\/\",\"logo\":{\"@type\":\"ImageObject\",\"inLanguage\":\"es\",\"@id\":\"https:\\\/\\\/redamlo.com\\\/#\\\/schema\\\/logo\\\/image\\\/\",\"url\":\"https:\\\/\\\/redamlo.com\\\/wp-content\\\/uploads\\\/2024\\\/08\\\/cropped-RED-AMLO-logo-50.png\",\"contentUrl\":\"https:\\\/\\\/redamlo.com\\\/wp-content\\\/uploads\\\/2024\\\/08\\\/cropped-RED-AMLO-logo-50.png\",\"width\":256,\"height\":256,\"caption\":\"NOTICIAS DE LA 4T\"},\"image\":{\"@id\":\"https:\\\/\\\/redamlo.com\\\/#\\\/schema\\\/logo\\\/image\\\/\"}},{\"@type\":\"Person\",\"@id\":\"https:\\\/\\\/redamlo.com\\\/#\\\/schema\\\/person\\\/7223a4375eb8f1a782fcae010a7115cf\",\"name\":\"Blanca\",\"image\":{\"@type\":\"ImageObject\",\"inLanguage\":\"es\",\"@id\":\"https:\\\/\\\/secure.gravatar.com\\\/avatar\\\/3f79bc8336367a4e6093eae8757acaaf61d1124834b905616de7829b0273426d?s=96&d=mm&r=g\",\"url\":\"https:\\\/\\\/secure.gravatar.com\\\/avatar\\\/3f79bc8336367a4e6093eae8757acaaf61d1124834b905616de7829b0273426d?s=96&d=mm&r=g\",\"contentUrl\":\"https:\\\/\\\/secure.gravatar.com\\\/avatar\\\/3f79bc8336367a4e6093eae8757acaaf61d1124834b905616de7829b0273426d?s=96&d=mm&r=g\",\"caption\":\"Blanca\"},\"url\":\"https:\\\/\\\/redamlo.com\\\/index.php\\\/author\\\/blanca\\\/\"}]}<\/script>\n<!-- \/ Yoast SEO plugin. -->","yoast_head_json":{"title":"En mensaje por 100 d\u00edas del Tercer A\u00f1o de Gobierno, L\u00f3pez Obrador destaca contribuci\u00f3n de Fuerzas Armadas al desarrollo del pa\u00eds - NOTICIAS DE LA 4T","robots":{"index":"noindex","follow":"follow","max-snippet":"max-snippet:-1","max-image-preview":"max-image-preview:large","max-video-preview":"max-video-preview:-1"},"og_locale":"es_MX","og_type":"article","og_title":"En mensaje por 100 d\u00edas del Tercer A\u00f1o de Gobierno, L\u00f3pez Obrador destaca contribuci\u00f3n de Fuerzas Armadas al desarrollo del pa\u00eds - NOTICIAS DE LA 4T","og_description":"M\u00c9XICO, 30 de marzo de 2021.- El presidente de M\u00e9xico, Andr\u00e9s Manuel L\u00f3pez Obrador reiter\u00f3...","og_url":"https:\/\/redamlo.com\/index.php\/2021\/03\/30\/en-mensaje-por-100-dias-del-tercer-ano-de-gobierno-lopez-obrador-destaca-contribucion-de-fuerzas-armadas-al-desarrollo-del-pais\/","og_site_name":"NOTICIAS DE LA 4T","article_published_time":"2021-03-31T01:00:52+00:00","og_image":[{"width":1376,"height":817,"url":"https:\/\/redamlo.com\/wp-content\/uploads\/2021\/03\/En-mensaje-por-100-dias-del-Tercer-Ano-de-Gobierno-Lopez-Obrador-destaca-contribucion-de-Fuerzas-Armadas-al-desarrollo-del-pais.jpg","type":"image\/jpeg"}],"author":"Blanca","twitter_card":"summary_large_image","twitter_misc":{"Escrito por":"Blanca","Tiempo de lectura":"2 minutos"},"schema":{"@context":"https:\/\/schema.org","@graph":[{"@type":"Article","@id":"https:\/\/redamlo.com\/index.php\/2021\/03\/30\/en-mensaje-por-100-dias-del-tercer-ano-de-gobierno-lopez-obrador-destaca-contribucion-de-fuerzas-armadas-al-desarrollo-del-pais\/#article","isPartOf":{"@id":"https:\/\/redamlo.com\/index.php\/2021\/03\/30\/en-mensaje-por-100-dias-del-tercer-ano-de-gobierno-lopez-obrador-destaca-contribucion-de-fuerzas-armadas-al-desarrollo-del-pais\/"},"author":{"name":"Blanca","@id":"https:\/\/redamlo.com\/#\/schema\/person\/7223a4375eb8f1a782fcae010a7115cf"},"headline":"En mensaje por 100 d\u00edas del Tercer A\u00f1o de Gobierno, L\u00f3pez Obrador destaca contribuci\u00f3n de Fuerzas Armadas al desarrollo del pa\u00eds","datePublished":"2021-03-31T01:00:52+00:00","mainEntityOfPage":{"@id":"https:\/\/redamlo.com\/index.php\/2021\/03\/30\/en-mensaje-por-100-dias-del-tercer-ano-de-gobierno-lopez-obrador-destaca-contribucion-de-fuerzas-armadas-al-desarrollo-del-pais\/"},"wordCount":455,"commentCount":0,"publisher":{"@id":"https:\/\/redamlo.com\/#organization"},"image":{"@id":"https:\/\/redamlo.com\/index.php\/2021\/03\/30\/en-mensaje-por-100-dias-del-tercer-ano-de-gobierno-lopez-obrador-destaca-contribucion-de-fuerzas-armadas-al-desarrollo-del-pais\/#primaryimage"},"thumbnailUrl":"https:\/\/redamlo.com\/wp-content\/uploads\/2021\/03\/En-mensaje-por-100-dias-del-Tercer-Ano-de-Gobierno-Lopez-Obrador-destaca-contribucion-de-Fuerzas-Armadas-al-desarrollo-del-pais.jpg","keywords":["100 d\u00edas","AMLO","Andr\u00e9s Manuel L\u00f3pez Obrador","Bienestar","Fuerzas Armadas","Gobierno de M\u00e9xico","M\u00e9xico","paz","reconocimiento","SEDENA","Semar","Tercer A\u00f1o de Gobierno"],"articleSection":["4T","Nacionales","Presidencia"],"inLanguage":"es","potentialAction":[{"@type":"CommentAction","name":"Comment","target":["https:\/\/redamlo.com\/index.php\/2021\/03\/30\/en-mensaje-por-100-dias-del-tercer-ano-de-gobierno-lopez-obrador-destaca-contribucion-de-fuerzas-armadas-al-desarrollo-del-pais\/#respond"]}]},{"@type":"WebPage","@id":"https:\/\/redamlo.com\/index.php\/2021\/03\/30\/en-mensaje-por-100-dias-del-tercer-ano-de-gobierno-lopez-obrador-destaca-contribucion-de-fuerzas-armadas-al-desarrollo-del-pais\/","url":"https:\/\/redamlo.com\/index.php\/2021\/03\/30\/en-mensaje-por-100-dias-del-tercer-ano-de-gobierno-lopez-obrador-destaca-contribucion-de-fuerzas-armadas-al-desarrollo-del-pais\/","name":"En mensaje por 100 d\u00edas del Tercer A\u00f1o de Gobierno, L\u00f3pez Obrador destaca contribuci\u00f3n de Fuerzas Armadas al desarrollo del pa\u00eds - NOTICIAS DE LA 4T","isPartOf":{"@id":"https:\/\/redamlo.com\/#website"},"primaryImageOfPage":{"@id":"https:\/\/redamlo.com\/index.php\/2021\/03\/30\/en-mensaje-por-100-dias-del-tercer-ano-de-gobierno-lopez-obrador-destaca-contribucion-de-fuerzas-armadas-al-desarrollo-del-pais\/#primaryimage"},"image":{"@id":"https:\/\/redamlo.com\/index.php\/2021\/03\/30\/en-mensaje-por-100-dias-del-tercer-ano-de-gobierno-lopez-obrador-destaca-contribucion-de-fuerzas-armadas-al-desarrollo-del-pais\/#primaryimage"},"thumbnailUrl":"https:\/\/redamlo.com\/wp-content\/uploads\/2021\/03\/En-mensaje-por-100-dias-del-Tercer-Ano-de-Gobierno-Lopez-Obrador-destaca-contribucion-de-Fuerzas-Armadas-al-desarrollo-del-pais.jpg","datePublished":"2021-03-31T01:00:52+00:00","breadcrumb":{"@id":"https:\/\/redamlo.com\/index.php\/2021\/03\/30\/en-mensaje-por-100-dias-del-tercer-ano-de-gobierno-lopez-obrador-destaca-contribucion-de-fuerzas-armadas-al-desarrollo-del-pais\/#breadcrumb"},"inLanguage":"es","potentialAction":[{"@type":"ReadAction","target":["https:\/\/redamlo.com\/index.php\/2021\/03\/30\/en-mensaje-por-100-dias-del-tercer-ano-de-gobierno-lopez-obrador-destaca-contribucion-de-fuerzas-armadas-al-desarrollo-del-pais\/"]}]},{"@type":"ImageObject","inLanguage":"es","@id":"https:\/\/redamlo.com\/index.php\/2021\/03\/30\/en-mensaje-por-100-dias-del-tercer-ano-de-gobierno-lopez-obrador-destaca-contribucion-de-fuerzas-armadas-al-desarrollo-del-pais\/#primaryimage","url":"https:\/\/redamlo.com\/wp-content\/uploads\/2021\/03\/En-mensaje-por-100-dias-del-Tercer-Ano-de-Gobierno-Lopez-Obrador-destaca-contribucion-de-Fuerzas-Armadas-al-desarrollo-del-pais.jpg","contentUrl":"https:\/\/redamlo.com\/wp-content\/uploads\/2021\/03\/En-mensaje-por-100-dias-del-Tercer-Ano-de-Gobierno-Lopez-Obrador-destaca-contribucion-de-Fuerzas-Armadas-al-desarrollo-del-pais.jpg","width":1376,"height":817},{"@type":"BreadcrumbList","@id":"https:\/\/redamlo.com\/index.php\/2021\/03\/30\/en-mensaje-por-100-dias-del-tercer-ano-de-gobierno-lopez-obrador-destaca-contribucion-de-fuerzas-armadas-al-desarrollo-del-pais\/#breadcrumb","itemListElement":[{"@type":"ListItem","position":1,"name":"Inicio","item":"https:\/\/redamlo.com\/"},{"@type":"ListItem","position":2,"name":"En mensaje por 100 d\u00edas del Tercer A\u00f1o de Gobierno, L\u00f3pez Obrador destaca contribuci\u00f3n de Fuerzas Armadas al desarrollo del pa\u00eds"}]},{"@type":"WebSite","@id":"https:\/\/redamlo.com\/#website","url":"https:\/\/redamlo.com\/","name":"NOTICIAS DE LA 4T","description":"","publisher":{"@id":"https:\/\/redamlo.com\/#organization"},"potentialAction":[{"@type":"SearchAction","target":{"@type":"EntryPoint","urlTemplate":"https:\/\/redamlo.com\/?s={search_term_string}"},"query-input":{"@type":"PropertyValueSpecification","valueRequired":true,"valueName":"search_term_string"}}],"inLanguage":"es"},{"@type":"Organization","@id":"https:\/\/redamlo.com\/#organization","name":"NOTICIAS DE LA 4T","url":"https:\/\/redamlo.com\/","logo":{"@type":"ImageObject","inLanguage":"es","@id":"https:\/\/redamlo.com\/#\/schema\/logo\/image\/","url":"https:\/\/redamlo.com\/wp-content\/uploads\/2024\/08\/cropped-RED-AMLO-logo-50.png","contentUrl":"https:\/\/redamlo.com\/wp-content\/uploads\/2024\/08\/cropped-RED-AMLO-logo-50.png","width":256,"height":256,"caption":"NOTICIAS DE LA 4T"},"image":{"@id":"https:\/\/redamlo.com\/#\/schema\/logo\/image\/"}},{"@type":"Person","@id":"https:\/\/redamlo.com\/#\/schema\/person\/7223a4375eb8f1a782fcae010a7115cf","name":"Blanca","image":{"@type":"ImageObject","inLanguage":"es","@id":"https:\/\/secure.gravatar.com\/avatar\/3f79bc8336367a4e6093eae8757acaaf61d1124834b905616de7829b0273426d?s=96&d=mm&r=g","url":"https:\/\/secure.gravatar.com\/avatar\/3f79bc8336367a4e6093eae8757acaaf61d1124834b905616de7829b0273426d?s=96&d=mm&r=g","contentUrl":"https:\/\/secure.gravatar.com\/avatar\/3f79bc8336367a4e6093eae8757acaaf61d1124834b905616de7829b0273426d?s=96&d=mm&r=g","caption":"Blanca"},"url":"https:\/\/redamlo.com\/index.php\/author\/blanca\/"}]}},"_links":{"self":[{"href":"https:\/\/redamlo.com\/index.php\/wp-json\/wp\/v2\/posts\/3932","targetHints":{"allow":["GET"]}}],"collection":[{"href":"https:\/\/redamlo.com\/index.php\/wp-json\/wp\/v2\/posts"}],"about":[{"href":"https:\/\/redamlo.com\/index.php\/wp-json\/wp\/v2\/types\/post"}],"author":[{"embeddable":true,"href":"https:\/\/redamlo.com\/index.php\/wp-json\/wp\/v2\/users\/2"}],"replies":[{"embeddable":true,"href":"https:\/\/redamlo.com\/index.php\/wp-json\/wp\/v2\/comments?post=3932"}],"version-history":[{"count":0,"href":"https:\/\/redamlo.com\/index.php\/wp-json\/wp\/v2\/posts\/3932\/revisions"}],"wp:featuredmedia":[{"embeddable":true,"href":"https:\/\/redamlo.com\/index.php\/wp-json\/wp\/v2\/media\/3934"}],"wp:attachment":[{"href":"https:\/\/redamlo.com\/index.php\/wp-json\/wp\/v2\/media?parent=3932"}],"wp:term":[{"taxonomy":"category","embeddable":true,"href":"https:\/\/redamlo.com\/index.php\/wp-json\/wp\/v2\/categories?post=3932"},{"taxonomy":"post_tag","embeddable":true,"href":"https:\/\/redamlo.com\/index.php\/wp-json\/wp\/v2\/tags?post=3932"}],"curies":[{"name":"wp","href":"https:\/\/api.w.org\/{rel}","templated":true}]}}