{"id":3929,"date":"2021-03-30T10:00:38","date_gmt":"2021-03-30T16:00:38","guid":{"rendered":"https:\/\/redamlo.com\/?p=3929"},"modified":"2021-03-30T10:00:38","modified_gmt":"2021-03-30T16:00:38","slug":"nomina-the-city-mayors-foundation-a-claudia-sheinbaum-como-mejor-alcaldesa-del-mundo","status":"publish","type":"post","link":"https:\/\/redamlo.com\/index.php\/2021\/03\/30\/nomina-the-city-mayors-foundation-a-claudia-sheinbaum-como-mejor-alcaldesa-del-mundo\/","title":{"rendered":"Nomina The City Mayors Foundation a Claudia Sheinbaum como mejor alcaldesa del mundo"},"content":{"rendered":"<p style=\"text-align: justify;\"><em><strong><span style=\"color: #000000; font-family: Arial, Helvetica, sans-serif;\">* La jefa de Gobierno de la Ciudad de M\u00e9xico fue nominada para la regi\u00f3n Norteam\u00e9rica<\/span><\/strong><\/em><\/p>\n<p style=\"text-align: justify;\"><em><strong><span style=\"color: #000000; font-family: Arial, Helvetica, sans-serif;\">* El galard\u00f3n busca distinguir a la mejor gobernadora o gobernador local por su liderazgo durante la pandemia de Covid-19 y que busca hacer que su ciudad sea m\u00e1s resiliente<\/span><\/strong><\/em><\/p>\n<p style=\"text-align: justify;\"><em><strong><span style=\"color: #000000; font-family: Arial, Helvetica, sans-serif;\">* Para apoyar a la jefa de Gobierno es necesario enviar un correo electr\u00f3nico a mexico.city@worldmayor.com expresando las razones por las que deber\u00eda ganar el premio; el l\u00edmite es a finales de abril<\/span><\/strong><\/em><\/p>\n<p style=\"text-align: justify;\"><span style=\"color: #000000; font-family: Arial, Helvetica, sans-serif;\">CIUDAD DE M\u00c9XICO, 30 de marzo de 2021.- <\/span><span style=\"color: #000000; font-family: Arial, Helvetica, sans-serif;\">La jefa de Gobierno, Claudia Sheinbaum Pardo, fue nominada al Premio de la Alcaldesa Mundial (World Mayor Prize) 2021 para la regi\u00f3n Norteam\u00e9rica, por la Fundaci\u00f3n Alcaldes de Ciudad (City Mayors Foundation), que en esta edici\u00f3n busca distinguir a la mejor gobernadora o gobernador local por su liderazgo en la implementaci\u00f3n de pol\u00edticas p\u00fablicas en materia de protecci\u00f3n y seguridad durante la pandemia de Covid-19, y que ahora, tiene como objetivo hacer que su ciudad sea m\u00e1s resiliente en materia econ\u00f3mica, social y ambiental.<\/span><\/p>\n<p style=\"text-align: justify;\"><span style=\"color: #000000; font-family: Arial, Helvetica, sans-serif;\">Luego de una convocatoria internacional para que las personas propusieran posibles nominados, la fundaci\u00f3n revel\u00f3 en febrero pasado la lista con el nombre de 32 alcaldes y alcaldesas de 21 pa\u00edses que sobresalieron por sus acciones en la emergencia sanitaria y que buscan crear una sociedad m\u00e1s igualitaria, unida y tolerante. Adem\u00e1s, para ser preseleccionados tambi\u00e9n deb\u00edan mostrar conciencia de las implicaciones a largo plazo de la pandemia.<\/span><\/p>\n<p style=\"text-align: justify;\"><span style=\"color: #000000; font-family: Arial, Helvetica, sans-serif;\">Para apoyar a la jefa de Gobierno como Alcaldesa Mundial 2021, es necesario enviar un correo electr\u00f3nico a mexico.city@worldmayor.com expresando las razones por las que deber\u00eda ganar el premio, su liderazgo demostrado durante la emergencia sanitaria derivada del Covid-19, sus logros como gobernadora y visi\u00f3n para la Ciudad de M\u00e9xico.<\/span><\/p>\n<p style=\"text-align: justify;\"><span style=\"color: #000000; font-family: Arial, Helvetica, sans-serif;\">Se deber\u00e1 insertar el alcalde de la Ciudad de M\u00e9xico en la l\u00ednea de asunto y proporcionar el nombre del votante al final de su testimonio (puede ser su nombre completo, nombre o iniciales) e indicar ciudad y pa\u00eds. Se aceptar\u00e1n testimonios, comentarios y votos hasta finales de abril de 2021.<\/span><\/p>\n<p style=\"text-align: justify;\"><span style=\"color: #000000; font-family: Arial, Helvetica, sans-serif;\">El Premio es otorgado por The City Mayors Foundation cada dos a\u00f1os y fue creado en 2003 por la organizaci\u00f3n filantr\u00f3pica internacional The City Mayors Foundations, dedicada a promover mejores pr\u00e1cticas en los gobiernos locales de todo el mundo.<\/span><br \/>\n<span style=\"color: #000000; font-family: Arial, Helvetica, sans-serif;\">\u00a0<\/span><br \/>\n<span style=\"color: #000000; font-family: Arial, Helvetica, sans-serif;\">Los preseleccionados provienen de las metr\u00f3polis m\u00e1s grandes del mundo, as\u00ed como de pueblos y ciudades de tama\u00f1o mediano y peque\u00f1o. La lista completa puede ser consultada en http:\/\/www.worldmayor.com\/contest-2021\/voting-world-mayor-2021.html.<\/span><\/p>\n","protected":false},"excerpt":{"rendered":"<p>* La jefa de Gobierno de la Ciudad de M\u00e9xico fue nominada para la regi\u00f3n&#8230;<\/p>\n","protected":false},"author":2,"featured_media":3931,"comment_status":"open","ping_status":"closed","sticky":false,"template":"","format":"standard","meta":{"footnotes":""},"categories":[1],"tags":[314,473,609,610,611,567,612,613],"class_list":["post-3929","post","type-post","status-publish","format-standard","has-post-thumbnail","hentry","category-uncategorized","tag-claudia-sheinbaum","tag-covid-19","tag-gobierno-de-la-ciudad-de-mexico","tag-liderazgo","tag-nominada","tag-pandemia","tag-premio-de-la-alcaldesa-mundial","tag-world-mayor-prize"],"yoast_head":"<!-- This site is optimized with the Yoast SEO plugin v27.5 - https:\/\/yoast.com\/product\/yoast-seo-wordpress\/ -->\n<title>Nomina The City Mayors Foundation a Claudia Sheinbaum como mejor alcaldesa del mundo - NOTICIAS DE LA 4T<\/title>\n<meta name=\"robots\" content=\"noindex, follow, max-snippet:-1, max-image-preview:large, max-video-preview:-1\" \/>\n<meta property=\"og:locale\" content=\"es_MX\" \/>\n<meta property=\"og:type\" content=\"article\" \/>\n<meta property=\"og:title\" content=\"Nomina The City Mayors Foundation a Claudia Sheinbaum como mejor alcaldesa del mundo - NOTICIAS DE LA 4T\" \/>\n<meta property=\"og:description\" content=\"* La jefa de Gobierno de la Ciudad de M\u00e9xico fue nominada para la regi\u00f3n...\" \/>\n<meta property=\"og:url\" content=\"https:\/\/redamlo.com\/index.php\/2021\/03\/30\/nomina-the-city-mayors-foundation-a-claudia-sheinbaum-como-mejor-alcaldesa-del-mundo\/\" \/>\n<meta property=\"og:site_name\" content=\"NOTICIAS DE LA 4T\" \/>\n<meta property=\"article:published_time\" content=\"2021-03-30T16:00:38+00:00\" \/>\n<meta property=\"og:image\" content=\"https:\/\/redamlo.com\/wp-content\/uploads\/2021\/03\/Nomina-The-City-Mayors-Foundation-a-Claudia-Sheinbaum-como-mejor-alcaldesa-del-mundo.jpeg\" \/>\n\t<meta property=\"og:image:width\" content=\"1279\" \/>\n\t<meta property=\"og:image:height\" content=\"768\" \/>\n\t<meta property=\"og:image:type\" content=\"image\/jpeg\" \/>\n<meta name=\"author\" content=\"Blanca\" \/>\n<meta name=\"twitter:card\" content=\"summary_large_image\" \/>\n<meta name=\"twitter:label1\" content=\"Escrito por\" \/>\n\t<meta name=\"twitter:data1\" content=\"Blanca\" \/>\n\t<meta name=\"twitter:label2\" content=\"Tiempo de lectura\" \/>\n\t<meta name=\"twitter:data2\" content=\"2 minutos\" \/>\n<script type=\"application\/ld+json\" class=\"yoast-schema-graph\">{\"@context\":\"https:\\\/\\\/schema.org\",\"@graph\":[{\"@type\":\"Article\",\"@id\":\"https:\\\/\\\/redamlo.com\\\/index.php\\\/2021\\\/03\\\/30\\\/nomina-the-city-mayors-foundation-a-claudia-sheinbaum-como-mejor-alcaldesa-del-mundo\\\/#article\",\"isPartOf\":{\"@id\":\"https:\\\/\\\/redamlo.com\\\/index.php\\\/2021\\\/03\\\/30\\\/nomina-the-city-mayors-foundation-a-claudia-sheinbaum-como-mejor-alcaldesa-del-mundo\\\/\"},\"author\":{\"name\":\"Blanca\",\"@id\":\"https:\\\/\\\/redamlo.com\\\/#\\\/schema\\\/person\\\/7223a4375eb8f1a782fcae010a7115cf\"},\"headline\":\"Nomina The City Mayors Foundation a Claudia Sheinbaum como mejor alcaldesa del mundo\",\"datePublished\":\"2021-03-30T16:00:38+00:00\",\"mainEntityOfPage\":{\"@id\":\"https:\\\/\\\/redamlo.com\\\/index.php\\\/2021\\\/03\\\/30\\\/nomina-the-city-mayors-foundation-a-claudia-sheinbaum-como-mejor-alcaldesa-del-mundo\\\/\"},\"wordCount\":464,\"commentCount\":0,\"publisher\":{\"@id\":\"https:\\\/\\\/redamlo.com\\\/#organization\"},\"image\":{\"@id\":\"https:\\\/\\\/redamlo.com\\\/index.php\\\/2021\\\/03\\\/30\\\/nomina-the-city-mayors-foundation-a-claudia-sheinbaum-como-mejor-alcaldesa-del-mundo\\\/#primaryimage\"},\"thumbnailUrl\":\"https:\\\/\\\/redamlo.com\\\/wp-content\\\/uploads\\\/2021\\\/03\\\/Nomina-The-City-Mayors-Foundation-a-Claudia-Sheinbaum-como-mejor-alcaldesa-del-mundo.jpeg\",\"keywords\":[\"Claudia Sheinbaum\",\"COVID-19\",\"Gobierno de la Ciudad de M\u00e9xico\",\"liderazgo\",\"nominada\",\"pandemia\",\"Premio de la Alcaldesa Mundial\",\"World Mayor Prize\"],\"articleSection\":[\"Uncategorized\"],\"inLanguage\":\"es\",\"potentialAction\":[{\"@type\":\"CommentAction\",\"name\":\"Comment\",\"target\":[\"https:\\\/\\\/redamlo.com\\\/index.php\\\/2021\\\/03\\\/30\\\/nomina-the-city-mayors-foundation-a-claudia-sheinbaum-como-mejor-alcaldesa-del-mundo\\\/#respond\"]}]},{\"@type\":\"WebPage\",\"@id\":\"https:\\\/\\\/redamlo.com\\\/index.php\\\/2021\\\/03\\\/30\\\/nomina-the-city-mayors-foundation-a-claudia-sheinbaum-como-mejor-alcaldesa-del-mundo\\\/\",\"url\":\"https:\\\/\\\/redamlo.com\\\/index.php\\\/2021\\\/03\\\/30\\\/nomina-the-city-mayors-foundation-a-claudia-sheinbaum-como-mejor-alcaldesa-del-mundo\\\/\",\"name\":\"Nomina The City Mayors Foundation a Claudia Sheinbaum como mejor alcaldesa del mundo - NOTICIAS DE LA 4T\",\"isPartOf\":{\"@id\":\"https:\\\/\\\/redamlo.com\\\/#website\"},\"primaryImageOfPage\":{\"@id\":\"https:\\\/\\\/redamlo.com\\\/index.php\\\/2021\\\/03\\\/30\\\/nomina-the-city-mayors-foundation-a-claudia-sheinbaum-como-mejor-alcaldesa-del-mundo\\\/#primaryimage\"},\"image\":{\"@id\":\"https:\\\/\\\/redamlo.com\\\/index.php\\\/2021\\\/03\\\/30\\\/nomina-the-city-mayors-foundation-a-claudia-sheinbaum-como-mejor-alcaldesa-del-mundo\\\/#primaryimage\"},\"thumbnailUrl\":\"https:\\\/\\\/redamlo.com\\\/wp-content\\\/uploads\\\/2021\\\/03\\\/Nomina-The-City-Mayors-Foundation-a-Claudia-Sheinbaum-como-mejor-alcaldesa-del-mundo.jpeg\",\"datePublished\":\"2021-03-30T16:00:38+00:00\",\"breadcrumb\":{\"@id\":\"https:\\\/\\\/redamlo.com\\\/index.php\\\/2021\\\/03\\\/30\\\/nomina-the-city-mayors-foundation-a-claudia-sheinbaum-como-mejor-alcaldesa-del-mundo\\\/#breadcrumb\"},\"inLanguage\":\"es\",\"potentialAction\":[{\"@type\":\"ReadAction\",\"target\":[\"https:\\\/\\\/redamlo.com\\\/index.php\\\/2021\\\/03\\\/30\\\/nomina-the-city-mayors-foundation-a-claudia-sheinbaum-como-mejor-alcaldesa-del-mundo\\\/\"]}]},{\"@type\":\"ImageObject\",\"inLanguage\":\"es\",\"@id\":\"https:\\\/\\\/redamlo.com\\\/index.php\\\/2021\\\/03\\\/30\\\/nomina-the-city-mayors-foundation-a-claudia-sheinbaum-como-mejor-alcaldesa-del-mundo\\\/#primaryimage\",\"url\":\"https:\\\/\\\/redamlo.com\\\/wp-content\\\/uploads\\\/2021\\\/03\\\/Nomina-The-City-Mayors-Foundation-a-Claudia-Sheinbaum-como-mejor-alcaldesa-del-mundo.jpeg\",\"contentUrl\":\"https:\\\/\\\/redamlo.com\\\/wp-content\\\/uploads\\\/2021\\\/03\\\/Nomina-The-City-Mayors-Foundation-a-Claudia-Sheinbaum-como-mejor-alcaldesa-del-mundo.jpeg\",\"width\":1279,\"height\":768},{\"@type\":\"BreadcrumbList\",\"@id\":\"https:\\\/\\\/redamlo.com\\\/index.php\\\/2021\\\/03\\\/30\\\/nomina-the-city-mayors-foundation-a-claudia-sheinbaum-como-mejor-alcaldesa-del-mundo\\\/#breadcrumb\",\"itemListElement\":[{\"@type\":\"ListItem\",\"position\":1,\"name\":\"Inicio\",\"item\":\"https:\\\/\\\/redamlo.com\\\/\"},{\"@type\":\"ListItem\",\"position\":2,\"name\":\"Nomina The City Mayors Foundation a Claudia Sheinbaum como mejor alcaldesa del mundo\"}]},{\"@type\":\"WebSite\",\"@id\":\"https:\\\/\\\/redamlo.com\\\/#website\",\"url\":\"https:\\\/\\\/redamlo.com\\\/\",\"name\":\"NOTICIAS DE LA 4T\",\"description\":\"\",\"publisher\":{\"@id\":\"https:\\\/\\\/redamlo.com\\\/#organization\"},\"potentialAction\":[{\"@type\":\"SearchAction\",\"target\":{\"@type\":\"EntryPoint\",\"urlTemplate\":\"https:\\\/\\\/redamlo.com\\\/?s={search_term_string}\"},\"query-input\":{\"@type\":\"PropertyValueSpecification\",\"valueRequired\":true,\"valueName\":\"search_term_string\"}}],\"inLanguage\":\"es\"},{\"@type\":\"Organization\",\"@id\":\"https:\\\/\\\/redamlo.com\\\/#organization\",\"name\":\"NOTICIAS DE LA 4T\",\"url\":\"https:\\\/\\\/redamlo.com\\\/\",\"logo\":{\"@type\":\"ImageObject\",\"inLanguage\":\"es\",\"@id\":\"https:\\\/\\\/redamlo.com\\\/#\\\/schema\\\/logo\\\/image\\\/\",\"url\":\"https:\\\/\\\/redamlo.com\\\/wp-content\\\/uploads\\\/2024\\\/08\\\/cropped-RED-AMLO-logo-50.png\",\"contentUrl\":\"https:\\\/\\\/redamlo.com\\\/wp-content\\\/uploads\\\/2024\\\/08\\\/cropped-RED-AMLO-logo-50.png\",\"width\":256,\"height\":256,\"caption\":\"NOTICIAS DE LA 4T\"},\"image\":{\"@id\":\"https:\\\/\\\/redamlo.com\\\/#\\\/schema\\\/logo\\\/image\\\/\"}},{\"@type\":\"Person\",\"@id\":\"https:\\\/\\\/redamlo.com\\\/#\\\/schema\\\/person\\\/7223a4375eb8f1a782fcae010a7115cf\",\"name\":\"Blanca\",\"image\":{\"@type\":\"ImageObject\",\"inLanguage\":\"es\",\"@id\":\"https:\\\/\\\/secure.gravatar.com\\\/avatar\\\/3f79bc8336367a4e6093eae8757acaaf61d1124834b905616de7829b0273426d?s=96&d=mm&r=g\",\"url\":\"https:\\\/\\\/secure.gravatar.com\\\/avatar\\\/3f79bc8336367a4e6093eae8757acaaf61d1124834b905616de7829b0273426d?s=96&d=mm&r=g\",\"contentUrl\":\"https:\\\/\\\/secure.gravatar.com\\\/avatar\\\/3f79bc8336367a4e6093eae8757acaaf61d1124834b905616de7829b0273426d?s=96&d=mm&r=g\",\"caption\":\"Blanca\"},\"url\":\"https:\\\/\\\/redamlo.com\\\/index.php\\\/author\\\/blanca\\\/\"}]}<\/script>\n<!-- \/ Yoast SEO plugin. -->","yoast_head_json":{"title":"Nomina The City Mayors Foundation a Claudia Sheinbaum como mejor alcaldesa del mundo - NOTICIAS DE LA 4T","robots":{"index":"noindex","follow":"follow","max-snippet":"max-snippet:-1","max-image-preview":"max-image-preview:large","max-video-preview":"max-video-preview:-1"},"og_locale":"es_MX","og_type":"article","og_title":"Nomina The City Mayors Foundation a Claudia Sheinbaum como mejor alcaldesa del mundo - NOTICIAS DE LA 4T","og_description":"* La jefa de Gobierno de la Ciudad de M\u00e9xico fue nominada para la regi\u00f3n...","og_url":"https:\/\/redamlo.com\/index.php\/2021\/03\/30\/nomina-the-city-mayors-foundation-a-claudia-sheinbaum-como-mejor-alcaldesa-del-mundo\/","og_site_name":"NOTICIAS DE LA 4T","article_published_time":"2021-03-30T16:00:38+00:00","og_image":[{"width":1279,"height":768,"url":"https:\/\/redamlo.com\/wp-content\/uploads\/2021\/03\/Nomina-The-City-Mayors-Foundation-a-Claudia-Sheinbaum-como-mejor-alcaldesa-del-mundo.jpeg","type":"image\/jpeg"}],"author":"Blanca","twitter_card":"summary_large_image","twitter_misc":{"Escrito por":"Blanca","Tiempo de lectura":"2 minutos"},"schema":{"@context":"https:\/\/schema.org","@graph":[{"@type":"Article","@id":"https:\/\/redamlo.com\/index.php\/2021\/03\/30\/nomina-the-city-mayors-foundation-a-claudia-sheinbaum-como-mejor-alcaldesa-del-mundo\/#article","isPartOf":{"@id":"https:\/\/redamlo.com\/index.php\/2021\/03\/30\/nomina-the-city-mayors-foundation-a-claudia-sheinbaum-como-mejor-alcaldesa-del-mundo\/"},"author":{"name":"Blanca","@id":"https:\/\/redamlo.com\/#\/schema\/person\/7223a4375eb8f1a782fcae010a7115cf"},"headline":"Nomina The City Mayors Foundation a Claudia Sheinbaum como mejor alcaldesa del mundo","datePublished":"2021-03-30T16:00:38+00:00","mainEntityOfPage":{"@id":"https:\/\/redamlo.com\/index.php\/2021\/03\/30\/nomina-the-city-mayors-foundation-a-claudia-sheinbaum-como-mejor-alcaldesa-del-mundo\/"},"wordCount":464,"commentCount":0,"publisher":{"@id":"https:\/\/redamlo.com\/#organization"},"image":{"@id":"https:\/\/redamlo.com\/index.php\/2021\/03\/30\/nomina-the-city-mayors-foundation-a-claudia-sheinbaum-como-mejor-alcaldesa-del-mundo\/#primaryimage"},"thumbnailUrl":"https:\/\/redamlo.com\/wp-content\/uploads\/2021\/03\/Nomina-The-City-Mayors-Foundation-a-Claudia-Sheinbaum-como-mejor-alcaldesa-del-mundo.jpeg","keywords":["Claudia Sheinbaum","COVID-19","Gobierno de la Ciudad de M\u00e9xico","liderazgo","nominada","pandemia","Premio de la Alcaldesa Mundial","World Mayor Prize"],"articleSection":["Uncategorized"],"inLanguage":"es","potentialAction":[{"@type":"CommentAction","name":"Comment","target":["https:\/\/redamlo.com\/index.php\/2021\/03\/30\/nomina-the-city-mayors-foundation-a-claudia-sheinbaum-como-mejor-alcaldesa-del-mundo\/#respond"]}]},{"@type":"WebPage","@id":"https:\/\/redamlo.com\/index.php\/2021\/03\/30\/nomina-the-city-mayors-foundation-a-claudia-sheinbaum-como-mejor-alcaldesa-del-mundo\/","url":"https:\/\/redamlo.com\/index.php\/2021\/03\/30\/nomina-the-city-mayors-foundation-a-claudia-sheinbaum-como-mejor-alcaldesa-del-mundo\/","name":"Nomina The City Mayors Foundation a Claudia Sheinbaum como mejor alcaldesa del mundo - NOTICIAS DE LA 4T","isPartOf":{"@id":"https:\/\/redamlo.com\/#website"},"primaryImageOfPage":{"@id":"https:\/\/redamlo.com\/index.php\/2021\/03\/30\/nomina-the-city-mayors-foundation-a-claudia-sheinbaum-como-mejor-alcaldesa-del-mundo\/#primaryimage"},"image":{"@id":"https:\/\/redamlo.com\/index.php\/2021\/03\/30\/nomina-the-city-mayors-foundation-a-claudia-sheinbaum-como-mejor-alcaldesa-del-mundo\/#primaryimage"},"thumbnailUrl":"https:\/\/redamlo.com\/wp-content\/uploads\/2021\/03\/Nomina-The-City-Mayors-Foundation-a-Claudia-Sheinbaum-como-mejor-alcaldesa-del-mundo.jpeg","datePublished":"2021-03-30T16:00:38+00:00","breadcrumb":{"@id":"https:\/\/redamlo.com\/index.php\/2021\/03\/30\/nomina-the-city-mayors-foundation-a-claudia-sheinbaum-como-mejor-alcaldesa-del-mundo\/#breadcrumb"},"inLanguage":"es","potentialAction":[{"@type":"ReadAction","target":["https:\/\/redamlo.com\/index.php\/2021\/03\/30\/nomina-the-city-mayors-foundation-a-claudia-sheinbaum-como-mejor-alcaldesa-del-mundo\/"]}]},{"@type":"ImageObject","inLanguage":"es","@id":"https:\/\/redamlo.com\/index.php\/2021\/03\/30\/nomina-the-city-mayors-foundation-a-claudia-sheinbaum-como-mejor-alcaldesa-del-mundo\/#primaryimage","url":"https:\/\/redamlo.com\/wp-content\/uploads\/2021\/03\/Nomina-The-City-Mayors-Foundation-a-Claudia-Sheinbaum-como-mejor-alcaldesa-del-mundo.jpeg","contentUrl":"https:\/\/redamlo.com\/wp-content\/uploads\/2021\/03\/Nomina-The-City-Mayors-Foundation-a-Claudia-Sheinbaum-como-mejor-alcaldesa-del-mundo.jpeg","width":1279,"height":768},{"@type":"BreadcrumbList","@id":"https:\/\/redamlo.com\/index.php\/2021\/03\/30\/nomina-the-city-mayors-foundation-a-claudia-sheinbaum-como-mejor-alcaldesa-del-mundo\/#breadcrumb","itemListElement":[{"@type":"ListItem","position":1,"name":"Inicio","item":"https:\/\/redamlo.com\/"},{"@type":"ListItem","position":2,"name":"Nomina The City Mayors Foundation a Claudia Sheinbaum como mejor alcaldesa del mundo"}]},{"@type":"WebSite","@id":"https:\/\/redamlo.com\/#website","url":"https:\/\/redamlo.com\/","name":"NOTICIAS DE LA 4T","description":"","publisher":{"@id":"https:\/\/redamlo.com\/#organization"},"potentialAction":[{"@type":"SearchAction","target":{"@type":"EntryPoint","urlTemplate":"https:\/\/redamlo.com\/?s={search_term_string}"},"query-input":{"@type":"PropertyValueSpecification","valueRequired":true,"valueName":"search_term_string"}}],"inLanguage":"es"},{"@type":"Organization","@id":"https:\/\/redamlo.com\/#organization","name":"NOTICIAS DE LA 4T","url":"https:\/\/redamlo.com\/","logo":{"@type":"ImageObject","inLanguage":"es","@id":"https:\/\/redamlo.com\/#\/schema\/logo\/image\/","url":"https:\/\/redamlo.com\/wp-content\/uploads\/2024\/08\/cropped-RED-AMLO-logo-50.png","contentUrl":"https:\/\/redamlo.com\/wp-content\/uploads\/2024\/08\/cropped-RED-AMLO-logo-50.png","width":256,"height":256,"caption":"NOTICIAS DE LA 4T"},"image":{"@id":"https:\/\/redamlo.com\/#\/schema\/logo\/image\/"}},{"@type":"Person","@id":"https:\/\/redamlo.com\/#\/schema\/person\/7223a4375eb8f1a782fcae010a7115cf","name":"Blanca","image":{"@type":"ImageObject","inLanguage":"es","@id":"https:\/\/secure.gravatar.com\/avatar\/3f79bc8336367a4e6093eae8757acaaf61d1124834b905616de7829b0273426d?s=96&d=mm&r=g","url":"https:\/\/secure.gravatar.com\/avatar\/3f79bc8336367a4e6093eae8757acaaf61d1124834b905616de7829b0273426d?s=96&d=mm&r=g","contentUrl":"https:\/\/secure.gravatar.com\/avatar\/3f79bc8336367a4e6093eae8757acaaf61d1124834b905616de7829b0273426d?s=96&d=mm&r=g","caption":"Blanca"},"url":"https:\/\/redamlo.com\/index.php\/author\/blanca\/"}]}},"_links":{"self":[{"href":"https:\/\/redamlo.com\/index.php\/wp-json\/wp\/v2\/posts\/3929","targetHints":{"allow":["GET"]}}],"collection":[{"href":"https:\/\/redamlo.com\/index.php\/wp-json\/wp\/v2\/posts"}],"about":[{"href":"https:\/\/redamlo.com\/index.php\/wp-json\/wp\/v2\/types\/post"}],"author":[{"embeddable":true,"href":"https:\/\/redamlo.com\/index.php\/wp-json\/wp\/v2\/users\/2"}],"replies":[{"embeddable":true,"href":"https:\/\/redamlo.com\/index.php\/wp-json\/wp\/v2\/comments?post=3929"}],"version-history":[{"count":0,"href":"https:\/\/redamlo.com\/index.php\/wp-json\/wp\/v2\/posts\/3929\/revisions"}],"wp:featuredmedia":[{"embeddable":true,"href":"https:\/\/redamlo.com\/index.php\/wp-json\/wp\/v2\/media\/3931"}],"wp:attachment":[{"href":"https:\/\/redamlo.com\/index.php\/wp-json\/wp\/v2\/media?parent=3929"}],"wp:term":[{"taxonomy":"category","embeddable":true,"href":"https:\/\/redamlo.com\/index.php\/wp-json\/wp\/v2\/categories?post=3929"},{"taxonomy":"post_tag","embeddable":true,"href":"https:\/\/redamlo.com\/index.php\/wp-json\/wp\/v2\/tags?post=3929"}],"curies":[{"name":"wp","href":"https:\/\/api.w.org\/{rel}","templated":true}]}}