{"id":3922,"date":"2021-03-30T20:30:51","date_gmt":"2021-03-31T02:30:51","guid":{"rendered":"https:\/\/redamlo.com\/?p=3922"},"modified":"2021-03-30T20:30:51","modified_gmt":"2021-03-31T02:30:51","slug":"andres-manuel-lopez-obrador-primeros-100-dias-del-tercer-ano-de-gobierno","status":"publish","type":"post","link":"https:\/\/redamlo.com\/index.php\/2021\/03\/30\/andres-manuel-lopez-obrador-primeros-100-dias-del-tercer-ano-de-gobierno\/","title":{"rendered":"Andr\u00e9s Manuel L\u00f3pez Obrador Primeros 100 d\u00edas del Tercer A\u00f1o de Gobierno"},"content":{"rendered":"<p>Palacio Nacional.<br \/>\nMartes 30 de marzo, 2021.<\/p>\n<p><iframe loading=\"lazy\" title=\"YouTube video player\" src=\"https:\/\/www.youtube.com\/embed\/h4nME23Qvoo\" width=\"560\" height=\"315\" frameborder=\"0\" allowfullscreen=\"allowfullscreen\"><\/iframe><\/p>\n","protected":false},"excerpt":{"rendered":"<p>Palacio Nacional. Martes 30 de marzo, 2021.<\/p>\n","protected":false},"author":2,"featured_media":3924,"comment_status":"open","ping_status":"closed","sticky":false,"template":"","format":"standard","meta":{"footnotes":""},"categories":[25,27],"tags":[84,131,620],"class_list":["post-3922","post","type-post","status-publish","format-standard","has-post-thumbnail","hentry","category-4t","category-presidencia","tag-amlo","tag-andres-manuel-lopez-obrador","tag-primeros-100-dias-del-tercer-ano-de-gobierno"],"yoast_head":"<!-- This site is optimized with the Yoast SEO plugin v27.5 - https:\/\/yoast.com\/product\/yoast-seo-wordpress\/ -->\n<title>Andr\u00e9s Manuel L\u00f3pez Obrador Primeros 100 d\u00edas del Tercer A\u00f1o de Gobierno - NOTICIAS DE LA 4T<\/title>\n<meta name=\"robots\" content=\"noindex, follow, max-snippet:-1, max-image-preview:large, max-video-preview:-1\" \/>\n<meta property=\"og:locale\" content=\"es_MX\" \/>\n<meta property=\"og:type\" content=\"article\" \/>\n<meta property=\"og:title\" content=\"Andr\u00e9s Manuel L\u00f3pez Obrador Primeros 100 d\u00edas del Tercer A\u00f1o de Gobierno - NOTICIAS DE LA 4T\" \/>\n<meta property=\"og:description\" content=\"Palacio Nacional. Martes 30 de marzo, 2021.\" \/>\n<meta property=\"og:url\" content=\"https:\/\/redamlo.com\/index.php\/2021\/03\/30\/andres-manuel-lopez-obrador-primeros-100-dias-del-tercer-ano-de-gobierno\/\" \/>\n<meta property=\"og:site_name\" content=\"NOTICIAS DE LA 4T\" \/>\n<meta property=\"article:published_time\" content=\"2021-03-31T02:30:51+00:00\" \/>\n<meta property=\"og:image\" content=\"https:\/\/redamlo.com\/wp-content\/uploads\/2021\/03\/Palacio-Nacional-Martes-30-de-marzo-2021.jpg\" \/>\n\t<meta property=\"og:image:width\" content=\"1280\" \/>\n\t<meta property=\"og:image:height\" content=\"853\" \/>\n\t<meta property=\"og:image:type\" content=\"image\/jpeg\" \/>\n<meta name=\"author\" content=\"Blanca\" \/>\n<meta name=\"twitter:card\" content=\"summary_large_image\" \/>\n<meta name=\"twitter:label1\" content=\"Escrito por\" \/>\n\t<meta name=\"twitter:data1\" content=\"Blanca\" \/>\n<script type=\"application\/ld+json\" class=\"yoast-schema-graph\">{\"@context\":\"https:\\\/\\\/schema.org\",\"@graph\":[{\"@type\":\"Article\",\"@id\":\"https:\\\/\\\/redamlo.com\\\/index.php\\\/2021\\\/03\\\/30\\\/andres-manuel-lopez-obrador-primeros-100-dias-del-tercer-ano-de-gobierno\\\/#article\",\"isPartOf\":{\"@id\":\"https:\\\/\\\/redamlo.com\\\/index.php\\\/2021\\\/03\\\/30\\\/andres-manuel-lopez-obrador-primeros-100-dias-del-tercer-ano-de-gobierno\\\/\"},\"author\":{\"name\":\"Blanca\",\"@id\":\"https:\\\/\\\/redamlo.com\\\/#\\\/schema\\\/person\\\/7223a4375eb8f1a782fcae010a7115cf\"},\"headline\":\"Andr\u00e9s Manuel L\u00f3pez Obrador Primeros 100 d\u00edas del Tercer A\u00f1o de Gobierno\",\"datePublished\":\"2021-03-31T02:30:51+00:00\",\"mainEntityOfPage\":{\"@id\":\"https:\\\/\\\/redamlo.com\\\/index.php\\\/2021\\\/03\\\/30\\\/andres-manuel-lopez-obrador-primeros-100-dias-del-tercer-ano-de-gobierno\\\/\"},\"wordCount\":20,\"commentCount\":0,\"publisher\":{\"@id\":\"https:\\\/\\\/redamlo.com\\\/#organization\"},\"image\":{\"@id\":\"https:\\\/\\\/redamlo.com\\\/index.php\\\/2021\\\/03\\\/30\\\/andres-manuel-lopez-obrador-primeros-100-dias-del-tercer-ano-de-gobierno\\\/#primaryimage\"},\"thumbnailUrl\":\"https:\\\/\\\/redamlo.com\\\/wp-content\\\/uploads\\\/2021\\\/03\\\/Palacio-Nacional-Martes-30-de-marzo-2021.jpg\",\"keywords\":[\"AMLO\",\"Andr\u00e9s Manuel L\u00f3pez Obrador\",\"Primeros 100 d\u00edas del Tercer A\u00f1o de Gobierno\"],\"articleSection\":[\"4T\",\"Presidencia\"],\"inLanguage\":\"es\",\"potentialAction\":[{\"@type\":\"CommentAction\",\"name\":\"Comment\",\"target\":[\"https:\\\/\\\/redamlo.com\\\/index.php\\\/2021\\\/03\\\/30\\\/andres-manuel-lopez-obrador-primeros-100-dias-del-tercer-ano-de-gobierno\\\/#respond\"]}]},{\"@type\":\"WebPage\",\"@id\":\"https:\\\/\\\/redamlo.com\\\/index.php\\\/2021\\\/03\\\/30\\\/andres-manuel-lopez-obrador-primeros-100-dias-del-tercer-ano-de-gobierno\\\/\",\"url\":\"https:\\\/\\\/redamlo.com\\\/index.php\\\/2021\\\/03\\\/30\\\/andres-manuel-lopez-obrador-primeros-100-dias-del-tercer-ano-de-gobierno\\\/\",\"name\":\"Andr\u00e9s Manuel L\u00f3pez Obrador Primeros 100 d\u00edas del Tercer A\u00f1o de Gobierno - NOTICIAS DE LA 4T\",\"isPartOf\":{\"@id\":\"https:\\\/\\\/redamlo.com\\\/#website\"},\"primaryImageOfPage\":{\"@id\":\"https:\\\/\\\/redamlo.com\\\/index.php\\\/2021\\\/03\\\/30\\\/andres-manuel-lopez-obrador-primeros-100-dias-del-tercer-ano-de-gobierno\\\/#primaryimage\"},\"image\":{\"@id\":\"https:\\\/\\\/redamlo.com\\\/index.php\\\/2021\\\/03\\\/30\\\/andres-manuel-lopez-obrador-primeros-100-dias-del-tercer-ano-de-gobierno\\\/#primaryimage\"},\"thumbnailUrl\":\"https:\\\/\\\/redamlo.com\\\/wp-content\\\/uploads\\\/2021\\\/03\\\/Palacio-Nacional-Martes-30-de-marzo-2021.jpg\",\"datePublished\":\"2021-03-31T02:30:51+00:00\",\"breadcrumb\":{\"@id\":\"https:\\\/\\\/redamlo.com\\\/index.php\\\/2021\\\/03\\\/30\\\/andres-manuel-lopez-obrador-primeros-100-dias-del-tercer-ano-de-gobierno\\\/#breadcrumb\"},\"inLanguage\":\"es\",\"potentialAction\":[{\"@type\":\"ReadAction\",\"target\":[\"https:\\\/\\\/redamlo.com\\\/index.php\\\/2021\\\/03\\\/30\\\/andres-manuel-lopez-obrador-primeros-100-dias-del-tercer-ano-de-gobierno\\\/\"]}]},{\"@type\":\"ImageObject\",\"inLanguage\":\"es\",\"@id\":\"https:\\\/\\\/redamlo.com\\\/index.php\\\/2021\\\/03\\\/30\\\/andres-manuel-lopez-obrador-primeros-100-dias-del-tercer-ano-de-gobierno\\\/#primaryimage\",\"url\":\"https:\\\/\\\/redamlo.com\\\/wp-content\\\/uploads\\\/2021\\\/03\\\/Palacio-Nacional-Martes-30-de-marzo-2021.jpg\",\"contentUrl\":\"https:\\\/\\\/redamlo.com\\\/wp-content\\\/uploads\\\/2021\\\/03\\\/Palacio-Nacional-Martes-30-de-marzo-2021.jpg\",\"width\":1280,\"height\":853},{\"@type\":\"BreadcrumbList\",\"@id\":\"https:\\\/\\\/redamlo.com\\\/index.php\\\/2021\\\/03\\\/30\\\/andres-manuel-lopez-obrador-primeros-100-dias-del-tercer-ano-de-gobierno\\\/#breadcrumb\",\"itemListElement\":[{\"@type\":\"ListItem\",\"position\":1,\"name\":\"Inicio\",\"item\":\"https:\\\/\\\/redamlo.com\\\/\"},{\"@type\":\"ListItem\",\"position\":2,\"name\":\"Andr\u00e9s Manuel L\u00f3pez Obrador Primeros 100 d\u00edas del Tercer A\u00f1o de Gobierno\"}]},{\"@type\":\"WebSite\",\"@id\":\"https:\\\/\\\/redamlo.com\\\/#website\",\"url\":\"https:\\\/\\\/redamlo.com\\\/\",\"name\":\"NOTICIAS DE LA 4T\",\"description\":\"\",\"publisher\":{\"@id\":\"https:\\\/\\\/redamlo.com\\\/#organization\"},\"potentialAction\":[{\"@type\":\"SearchAction\",\"target\":{\"@type\":\"EntryPoint\",\"urlTemplate\":\"https:\\\/\\\/redamlo.com\\\/?s={search_term_string}\"},\"query-input\":{\"@type\":\"PropertyValueSpecification\",\"valueRequired\":true,\"valueName\":\"search_term_string\"}}],\"inLanguage\":\"es\"},{\"@type\":\"Organization\",\"@id\":\"https:\\\/\\\/redamlo.com\\\/#organization\",\"name\":\"NOTICIAS DE LA 4T\",\"url\":\"https:\\\/\\\/redamlo.com\\\/\",\"logo\":{\"@type\":\"ImageObject\",\"inLanguage\":\"es\",\"@id\":\"https:\\\/\\\/redamlo.com\\\/#\\\/schema\\\/logo\\\/image\\\/\",\"url\":\"https:\\\/\\\/redamlo.com\\\/wp-content\\\/uploads\\\/2024\\\/08\\\/cropped-RED-AMLO-logo-50.png\",\"contentUrl\":\"https:\\\/\\\/redamlo.com\\\/wp-content\\\/uploads\\\/2024\\\/08\\\/cropped-RED-AMLO-logo-50.png\",\"width\":256,\"height\":256,\"caption\":\"NOTICIAS DE LA 4T\"},\"image\":{\"@id\":\"https:\\\/\\\/redamlo.com\\\/#\\\/schema\\\/logo\\\/image\\\/\"}},{\"@type\":\"Person\",\"@id\":\"https:\\\/\\\/redamlo.com\\\/#\\\/schema\\\/person\\\/7223a4375eb8f1a782fcae010a7115cf\",\"name\":\"Blanca\",\"image\":{\"@type\":\"ImageObject\",\"inLanguage\":\"es\",\"@id\":\"https:\\\/\\\/secure.gravatar.com\\\/avatar\\\/3f79bc8336367a4e6093eae8757acaaf61d1124834b905616de7829b0273426d?s=96&d=mm&r=g\",\"url\":\"https:\\\/\\\/secure.gravatar.com\\\/avatar\\\/3f79bc8336367a4e6093eae8757acaaf61d1124834b905616de7829b0273426d?s=96&d=mm&r=g\",\"contentUrl\":\"https:\\\/\\\/secure.gravatar.com\\\/avatar\\\/3f79bc8336367a4e6093eae8757acaaf61d1124834b905616de7829b0273426d?s=96&d=mm&r=g\",\"caption\":\"Blanca\"},\"url\":\"https:\\\/\\\/redamlo.com\\\/index.php\\\/author\\\/blanca\\\/\"}]}<\/script>\n<!-- \/ Yoast SEO plugin. -->","yoast_head_json":{"title":"Andr\u00e9s Manuel L\u00f3pez Obrador Primeros 100 d\u00edas del Tercer A\u00f1o de Gobierno - NOTICIAS DE LA 4T","robots":{"index":"noindex","follow":"follow","max-snippet":"max-snippet:-1","max-image-preview":"max-image-preview:large","max-video-preview":"max-video-preview:-1"},"og_locale":"es_MX","og_type":"article","og_title":"Andr\u00e9s Manuel L\u00f3pez Obrador Primeros 100 d\u00edas del Tercer A\u00f1o de Gobierno - NOTICIAS DE LA 4T","og_description":"Palacio Nacional. Martes 30 de marzo, 2021.","og_url":"https:\/\/redamlo.com\/index.php\/2021\/03\/30\/andres-manuel-lopez-obrador-primeros-100-dias-del-tercer-ano-de-gobierno\/","og_site_name":"NOTICIAS DE LA 4T","article_published_time":"2021-03-31T02:30:51+00:00","og_image":[{"width":1280,"height":853,"url":"https:\/\/redamlo.com\/wp-content\/uploads\/2021\/03\/Palacio-Nacional-Martes-30-de-marzo-2021.jpg","type":"image\/jpeg"}],"author":"Blanca","twitter_card":"summary_large_image","twitter_misc":{"Escrito por":"Blanca"},"schema":{"@context":"https:\/\/schema.org","@graph":[{"@type":"Article","@id":"https:\/\/redamlo.com\/index.php\/2021\/03\/30\/andres-manuel-lopez-obrador-primeros-100-dias-del-tercer-ano-de-gobierno\/#article","isPartOf":{"@id":"https:\/\/redamlo.com\/index.php\/2021\/03\/30\/andres-manuel-lopez-obrador-primeros-100-dias-del-tercer-ano-de-gobierno\/"},"author":{"name":"Blanca","@id":"https:\/\/redamlo.com\/#\/schema\/person\/7223a4375eb8f1a782fcae010a7115cf"},"headline":"Andr\u00e9s Manuel L\u00f3pez Obrador Primeros 100 d\u00edas del Tercer A\u00f1o de Gobierno","datePublished":"2021-03-31T02:30:51+00:00","mainEntityOfPage":{"@id":"https:\/\/redamlo.com\/index.php\/2021\/03\/30\/andres-manuel-lopez-obrador-primeros-100-dias-del-tercer-ano-de-gobierno\/"},"wordCount":20,"commentCount":0,"publisher":{"@id":"https:\/\/redamlo.com\/#organization"},"image":{"@id":"https:\/\/redamlo.com\/index.php\/2021\/03\/30\/andres-manuel-lopez-obrador-primeros-100-dias-del-tercer-ano-de-gobierno\/#primaryimage"},"thumbnailUrl":"https:\/\/redamlo.com\/wp-content\/uploads\/2021\/03\/Palacio-Nacional-Martes-30-de-marzo-2021.jpg","keywords":["AMLO","Andr\u00e9s Manuel L\u00f3pez Obrador","Primeros 100 d\u00edas del Tercer A\u00f1o de Gobierno"],"articleSection":["4T","Presidencia"],"inLanguage":"es","potentialAction":[{"@type":"CommentAction","name":"Comment","target":["https:\/\/redamlo.com\/index.php\/2021\/03\/30\/andres-manuel-lopez-obrador-primeros-100-dias-del-tercer-ano-de-gobierno\/#respond"]}]},{"@type":"WebPage","@id":"https:\/\/redamlo.com\/index.php\/2021\/03\/30\/andres-manuel-lopez-obrador-primeros-100-dias-del-tercer-ano-de-gobierno\/","url":"https:\/\/redamlo.com\/index.php\/2021\/03\/30\/andres-manuel-lopez-obrador-primeros-100-dias-del-tercer-ano-de-gobierno\/","name":"Andr\u00e9s Manuel L\u00f3pez Obrador Primeros 100 d\u00edas del Tercer A\u00f1o de Gobierno - NOTICIAS DE LA 4T","isPartOf":{"@id":"https:\/\/redamlo.com\/#website"},"primaryImageOfPage":{"@id":"https:\/\/redamlo.com\/index.php\/2021\/03\/30\/andres-manuel-lopez-obrador-primeros-100-dias-del-tercer-ano-de-gobierno\/#primaryimage"},"image":{"@id":"https:\/\/redamlo.com\/index.php\/2021\/03\/30\/andres-manuel-lopez-obrador-primeros-100-dias-del-tercer-ano-de-gobierno\/#primaryimage"},"thumbnailUrl":"https:\/\/redamlo.com\/wp-content\/uploads\/2021\/03\/Palacio-Nacional-Martes-30-de-marzo-2021.jpg","datePublished":"2021-03-31T02:30:51+00:00","breadcrumb":{"@id":"https:\/\/redamlo.com\/index.php\/2021\/03\/30\/andres-manuel-lopez-obrador-primeros-100-dias-del-tercer-ano-de-gobierno\/#breadcrumb"},"inLanguage":"es","potentialAction":[{"@type":"ReadAction","target":["https:\/\/redamlo.com\/index.php\/2021\/03\/30\/andres-manuel-lopez-obrador-primeros-100-dias-del-tercer-ano-de-gobierno\/"]}]},{"@type":"ImageObject","inLanguage":"es","@id":"https:\/\/redamlo.com\/index.php\/2021\/03\/30\/andres-manuel-lopez-obrador-primeros-100-dias-del-tercer-ano-de-gobierno\/#primaryimage","url":"https:\/\/redamlo.com\/wp-content\/uploads\/2021\/03\/Palacio-Nacional-Martes-30-de-marzo-2021.jpg","contentUrl":"https:\/\/redamlo.com\/wp-content\/uploads\/2021\/03\/Palacio-Nacional-Martes-30-de-marzo-2021.jpg","width":1280,"height":853},{"@type":"BreadcrumbList","@id":"https:\/\/redamlo.com\/index.php\/2021\/03\/30\/andres-manuel-lopez-obrador-primeros-100-dias-del-tercer-ano-de-gobierno\/#breadcrumb","itemListElement":[{"@type":"ListItem","position":1,"name":"Inicio","item":"https:\/\/redamlo.com\/"},{"@type":"ListItem","position":2,"name":"Andr\u00e9s Manuel L\u00f3pez Obrador Primeros 100 d\u00edas del Tercer A\u00f1o de Gobierno"}]},{"@type":"WebSite","@id":"https:\/\/redamlo.com\/#website","url":"https:\/\/redamlo.com\/","name":"NOTICIAS DE LA 4T","description":"","publisher":{"@id":"https:\/\/redamlo.com\/#organization"},"potentialAction":[{"@type":"SearchAction","target":{"@type":"EntryPoint","urlTemplate":"https:\/\/redamlo.com\/?s={search_term_string}"},"query-input":{"@type":"PropertyValueSpecification","valueRequired":true,"valueName":"search_term_string"}}],"inLanguage":"es"},{"@type":"Organization","@id":"https:\/\/redamlo.com\/#organization","name":"NOTICIAS DE LA 4T","url":"https:\/\/redamlo.com\/","logo":{"@type":"ImageObject","inLanguage":"es","@id":"https:\/\/redamlo.com\/#\/schema\/logo\/image\/","url":"https:\/\/redamlo.com\/wp-content\/uploads\/2024\/08\/cropped-RED-AMLO-logo-50.png","contentUrl":"https:\/\/redamlo.com\/wp-content\/uploads\/2024\/08\/cropped-RED-AMLO-logo-50.png","width":256,"height":256,"caption":"NOTICIAS DE LA 4T"},"image":{"@id":"https:\/\/redamlo.com\/#\/schema\/logo\/image\/"}},{"@type":"Person","@id":"https:\/\/redamlo.com\/#\/schema\/person\/7223a4375eb8f1a782fcae010a7115cf","name":"Blanca","image":{"@type":"ImageObject","inLanguage":"es","@id":"https:\/\/secure.gravatar.com\/avatar\/3f79bc8336367a4e6093eae8757acaaf61d1124834b905616de7829b0273426d?s=96&d=mm&r=g","url":"https:\/\/secure.gravatar.com\/avatar\/3f79bc8336367a4e6093eae8757acaaf61d1124834b905616de7829b0273426d?s=96&d=mm&r=g","contentUrl":"https:\/\/secure.gravatar.com\/avatar\/3f79bc8336367a4e6093eae8757acaaf61d1124834b905616de7829b0273426d?s=96&d=mm&r=g","caption":"Blanca"},"url":"https:\/\/redamlo.com\/index.php\/author\/blanca\/"}]}},"_links":{"self":[{"href":"https:\/\/redamlo.com\/index.php\/wp-json\/wp\/v2\/posts\/3922","targetHints":{"allow":["GET"]}}],"collection":[{"href":"https:\/\/redamlo.com\/index.php\/wp-json\/wp\/v2\/posts"}],"about":[{"href":"https:\/\/redamlo.com\/index.php\/wp-json\/wp\/v2\/types\/post"}],"author":[{"embeddable":true,"href":"https:\/\/redamlo.com\/index.php\/wp-json\/wp\/v2\/users\/2"}],"replies":[{"embeddable":true,"href":"https:\/\/redamlo.com\/index.php\/wp-json\/wp\/v2\/comments?post=3922"}],"version-history":[{"count":0,"href":"https:\/\/redamlo.com\/index.php\/wp-json\/wp\/v2\/posts\/3922\/revisions"}],"wp:featuredmedia":[{"embeddable":true,"href":"https:\/\/redamlo.com\/index.php\/wp-json\/wp\/v2\/media\/3924"}],"wp:attachment":[{"href":"https:\/\/redamlo.com\/index.php\/wp-json\/wp\/v2\/media?parent=3922"}],"wp:term":[{"taxonomy":"category","embeddable":true,"href":"https:\/\/redamlo.com\/index.php\/wp-json\/wp\/v2\/categories?post=3922"},{"taxonomy":"post_tag","embeddable":true,"href":"https:\/\/redamlo.com\/index.php\/wp-json\/wp\/v2\/tags?post=3922"}],"curies":[{"name":"wp","href":"https:\/\/api.w.org\/{rel}","templated":true}]}}