{"id":3900,"date":"2021-03-28T12:00:01","date_gmt":"2021-03-28T18:00:01","guid":{"rendered":"https:\/\/redamlo.com\/?p=3900"},"modified":"2021-03-28T12:00:01","modified_gmt":"2021-03-28T18:00:01","slug":"avanza-rescate-de-humedales-y-recuperacion-de-agua-en-cuatro-cienegas-coahuila","status":"publish","type":"post","link":"https:\/\/redamlo.com\/index.php\/2021\/03\/28\/avanza-rescate-de-humedales-y-recuperacion-de-agua-en-cuatro-cienegas-coahuila\/","title":{"rendered":"Avanza rescate de humedales y recuperaci\u00f3n de agua en Cuatro Ci\u00e9negas, Coahuila"},"content":{"rendered":"<p style=\"text-align: justify;\"><span style=\"color: #000000; font-family: Arial, Helvetica, sans-serif;\">CUATRO CI\u00c9NEGAS, COAH., 28 de marzo de 2021.- El presidente de M\u00e9xico, Andr\u00e9s Manuel L\u00f3pez Obrador encabez\u00f3 el informe de acciones de rescate y recuperaci\u00f3n de agua en Cuatro Ci\u00e9negas, Coahuila.<\/span><\/p>\n<p style=\"text-align: justify;\"><span style=\"color: #000000; font-family: Arial, Helvetica, sans-serif;\">El mandatario llam\u00f3 a cuidar este recurso procurando su uso racional. Afirm\u00f3 que el Gobierno de la Cuarta Transformaci\u00f3n insistir\u00e1 en la concientizaci\u00f3n sobre la importancia de preservar el agua \u201cque es un derecho humano\u201d.<\/span><\/p>\n<p style=\"text-align: justify;\"><span style=\"color: #000000; font-family: Arial, Helvetica, sans-serif;\">El proyecto tiene como objetivo restaurar y crear zonas de humedales. A la fecha se ha logrado recuperar m\u00e1s de 40 hect\u00e1reas sin afectaci\u00f3n de uso de agua a nivel agr\u00edcola-ganadero.<\/span><\/p>\n<p style=\"text-align: justify;\"><span style=\"color: #000000; font-family: Arial, Helvetica, sans-serif;\">La Comisi\u00f3n Nacional del Agua (Conagua) impulsa el uso sustentable del agua y diferentes acciones de tecnificaci\u00f3n de riego, adem\u00e1s de la construcci\u00f3n de nueva infraestructura hidr\u00e1ulica.<\/span><\/p>\n<p style=\"text-align: justify;\"><span style=\"color: #000000; font-family: Arial, Helvetica, sans-serif;\">Paralelamente, la Comisi\u00f3n Nacional de \u00c1reas Naturales Protegidas (CONANP) y la Secretar\u00eda de Medio Ambiente y Recursos Naturales (Semarnat) trabajan en iniciativas para sustituir cultivos de alta demanda, apoyar el control de especies invasoras e impulsar programas de cultura ambiental.<\/span><\/p>\n<p style=\"text-align: justify;\"><span style=\"color: #000000; font-family: Arial, Helvetica, sans-serif;\">En 2019 eran \u00fanicamente 250 hect\u00e1reas de humedales y con el trabajo de las dependencias aument\u00f3 en m\u00e1s del 16 por ciento la recuperaci\u00f3n.<\/span><\/p>\n<p style=\"text-align: justify;\"><span style=\"color: #000000; font-family: Arial, Helvetica, sans-serif;\">En la poza La Becerra se desvi\u00f3 el canal a cielo abierto hacia el r\u00edo Garabatal y se recuperaron 50 litros por segundo y 12 hect\u00e1reas de humedal.<\/span><\/p>\n<p style=\"text-align: justify;\"><span style=\"color: #000000; font-family: Arial, Helvetica, sans-serif;\">El Valle de Cuatroci\u00e9negas es el humedal m\u00e1s relevante del desierto chihuahuense. Desde 1994 es \u00c1rea Natural Protegida con una superficie de 84 mil hect\u00e1reas. Tiene m\u00e1s de 250 pozas entre manantiales, ci\u00e9negas y humedales.<\/span><\/p>\n<p style=\"text-align: justify;\"><span style=\"color: #000000; font-family: Arial, Helvetica, sans-serif;\">Las actividades econ\u00f3micas no reguladas, el desarrollo de asentamientos humanos y la sobreexplotaci\u00f3n de sus humedales provocaron la disminuci\u00f3n de sus niveles de agua en Cuatro Ci\u00e9negas impactando la flora y fauna end\u00e9micas. La agricultura y el turismo desordenado son las actividades que han generado mayor impacto en la regi\u00f3n.<\/span><\/p>\n<p style=\"text-align: justify;\"><span style=\"color: #000000; font-family: Arial, Helvetica, sans-serif;\">La directora general de la Conagua, Blanca Jim\u00e9nez Cisneros, indic\u00f3 que al inicio del gobierno la recuperaci\u00f3n de Cuatro Ci\u00e9negas se presentaba como un problema de agua exclusivamente, sin embargo asegur\u00f3 que \u201ces mucho m\u00e1s complejo de resolver pero no imposible\u201d.<\/span><\/p>\n<p style=\"text-align: justify;\"><span style=\"color: #000000; font-family: Arial, Helvetica, sans-serif;\">Se trata, dijo, de acciones de ordenamiento territorial, de manejo ambiental y del agua, y de modelo de desarrollo econ\u00f3mico que requerir\u00e1 la suma de voluntades de todos los sectores de la sociedad y de los tres niveles de gobierno.<\/span><\/p>\n<p style=\"text-align: justify;\"><span style=\"color: #000000; font-family: Arial, Helvetica, sans-serif;\">\u201cHay que asegurar el agua para recuperar humedales milenarios pero tambi\u00e9n hay que garantizar el abastecimiento para los asentamientos humanos, el turismo y los agricultores sin afectar fuentes de empleo\u201d, remarc\u00f3.<\/span><\/p>\n<p style=\"text-align: justify;\"><span style=\"color: #000000; font-family: Arial, Helvetica, sans-serif;\">La titular de la Semarnat, Mar\u00eda Luisa Albores, afirm\u00f3 que en M\u00e9xico hay 90 millones de hect\u00e1reas de \u00c1reas Naturales Protegidas que significan un legado para la poblaci\u00f3n.<\/span><\/p>\n<p style=\"text-align: justify;\"><span style=\"color: #000000; font-family: Arial, Helvetica, sans-serif;\">Sostuvo que la dependencia a su cargo fortalecer\u00e1 las labores para el cumplimiento de la instrucci\u00f3n presidencial de garantizar el derecho humano al agua y a un ambiente sano y limpio. Adem\u00e1s, defender\u00e1 el ambiente de los intereses privados.<\/span><\/p>\n<p style=\"text-align: justify;\"><span style=\"color: #000000; font-family: Arial, Helvetica, sans-serif;\">\u201cJunto con CONANP, junto con Conagua, estamos construyendo una estrategia de uso responsable de agua en la agricultura que concilie la conservaci\u00f3n ecol\u00f3gica y las necesidades agr\u00edcolas desde modelos que favorezcan el desarrollo de quienes viven en esta regi\u00f3n\u201d, enfatiz\u00f3.<\/span><\/p>\n<p style=\"text-align: justify;\"><span style=\"color: #000000; font-family: Arial, Helvetica, sans-serif;\">Acompa\u00f1aron al presidente, el gobernador de Coahuila, Miguel \u00c1ngel Riquelme Sol\u00eds; el comisionado Nacional de \u00c1reas Naturales Protegidas, Roberto Avi\u00f1a Carl\u00edn y la presidenta municipal de Cuatro Ci\u00e9negas, Yolanda Cant\u00fa Moncada.<\/span><\/p>\n<p><iframe loading=\"lazy\" title=\"Acciones de rescate y recuperaci\u00f3n de agua para Cuatro Ci\u00e9negas, desde Coahuila\" width=\"640\" height=\"360\" src=\"https:\/\/www.youtube.com\/embed\/cYnrLsVfZkc?start=2106&#038;feature=oembed\" frameborder=\"0\" allow=\"accelerometer; autoplay; clipboard-write; encrypted-media; gyroscope; picture-in-picture; web-share\" referrerpolicy=\"strict-origin-when-cross-origin\" allowfullscreen><\/iframe><\/p>\n","protected":false},"excerpt":{"rendered":"<p>CUATRO CI\u00c9NEGAS, COAH., 28 de marzo de 2021.- El presidente de M\u00e9xico, Andr\u00e9s Manuel L\u00f3pez&#8230;<\/p>\n","protected":false},"author":2,"featured_media":3903,"comment_status":"open","ping_status":"closed","sticky":false,"template":"","format":"standard","meta":{"footnotes":""},"categories":[25,20,27],"tags":[582,84,131,565,555,583,584,556,585,9,586,587,237],"class_list":["post-3900","post","type-post","status-publish","format-standard","has-post-thumbnail","hentry","category-4t","category-nacionales","category-presidencia","tag-agua","tag-amlo","tag-andres-manuel-lopez-obrador","tag-coahuila","tag-conagua","tag-conanp","tag-cuatro-cienegas","tag-gobierno-de-mexico","tag-humedales","tag-mexico","tag-recuperacion","tag-rescate","tag-semarnat"],"yoast_head":"<!-- This site is optimized with the Yoast SEO plugin v27.5 - https:\/\/yoast.com\/product\/yoast-seo-wordpress\/ -->\n<title>Avanza rescate de humedales y recuperaci\u00f3n de agua en Cuatro Ci\u00e9negas, Coahuila - NOTICIAS DE LA 4T<\/title>\n<meta name=\"robots\" content=\"noindex, follow, max-snippet:-1, max-image-preview:large, max-video-preview:-1\" \/>\n<meta property=\"og:locale\" content=\"es_MX\" \/>\n<meta property=\"og:type\" content=\"article\" \/>\n<meta property=\"og:title\" content=\"Avanza rescate de humedales y recuperaci\u00f3n de agua en Cuatro Ci\u00e9negas, Coahuila - NOTICIAS DE LA 4T\" \/>\n<meta property=\"og:description\" content=\"CUATRO CI\u00c9NEGAS, COAH., 28 de marzo de 2021.- El presidente de M\u00e9xico, Andr\u00e9s Manuel L\u00f3pez...\" \/>\n<meta property=\"og:url\" content=\"https:\/\/redamlo.com\/index.php\/2021\/03\/28\/avanza-rescate-de-humedales-y-recuperacion-de-agua-en-cuatro-cienegas-coahuila\/\" \/>\n<meta property=\"og:site_name\" content=\"NOTICIAS DE LA 4T\" \/>\n<meta property=\"article:published_time\" content=\"2021-03-28T18:00:01+00:00\" \/>\n<meta property=\"og:image\" content=\"https:\/\/redamlo.com\/wp-content\/uploads\/2021\/03\/Avanza-rescate-de-humedales-y-recuperacion-de-agua-en-Cuatro-Cienegas-Coahuila.jpg\" \/>\n\t<meta property=\"og:image:width\" content=\"769\" \/>\n\t<meta property=\"og:image:height\" content=\"446\" \/>\n\t<meta property=\"og:image:type\" content=\"image\/jpeg\" \/>\n<meta name=\"author\" content=\"Blanca\" \/>\n<meta name=\"twitter:card\" content=\"summary_large_image\" \/>\n<meta name=\"twitter:label1\" content=\"Escrito por\" \/>\n\t<meta name=\"twitter:data1\" content=\"Blanca\" \/>\n\t<meta name=\"twitter:label2\" content=\"Tiempo de lectura\" \/>\n\t<meta name=\"twitter:data2\" content=\"3 minutos\" \/>\n<script type=\"application\/ld+json\" class=\"yoast-schema-graph\">{\"@context\":\"https:\\\/\\\/schema.org\",\"@graph\":[{\"@type\":\"Article\",\"@id\":\"https:\\\/\\\/redamlo.com\\\/index.php\\\/2021\\\/03\\\/28\\\/avanza-rescate-de-humedales-y-recuperacion-de-agua-en-cuatro-cienegas-coahuila\\\/#article\",\"isPartOf\":{\"@id\":\"https:\\\/\\\/redamlo.com\\\/index.php\\\/2021\\\/03\\\/28\\\/avanza-rescate-de-humedales-y-recuperacion-de-agua-en-cuatro-cienegas-coahuila\\\/\"},\"author\":{\"name\":\"Blanca\",\"@id\":\"https:\\\/\\\/redamlo.com\\\/#\\\/schema\\\/person\\\/7223a4375eb8f1a782fcae010a7115cf\"},\"headline\":\"Avanza rescate de humedales y recuperaci\u00f3n de agua en Cuatro Ci\u00e9negas, Coahuila\",\"datePublished\":\"2021-03-28T18:00:01+00:00\",\"mainEntityOfPage\":{\"@id\":\"https:\\\/\\\/redamlo.com\\\/index.php\\\/2021\\\/03\\\/28\\\/avanza-rescate-de-humedales-y-recuperacion-de-agua-en-cuatro-cienegas-coahuila\\\/\"},\"wordCount\":624,\"commentCount\":0,\"publisher\":{\"@id\":\"https:\\\/\\\/redamlo.com\\\/#organization\"},\"image\":{\"@id\":\"https:\\\/\\\/redamlo.com\\\/index.php\\\/2021\\\/03\\\/28\\\/avanza-rescate-de-humedales-y-recuperacion-de-agua-en-cuatro-cienegas-coahuila\\\/#primaryimage\"},\"thumbnailUrl\":\"https:\\\/\\\/redamlo.com\\\/wp-content\\\/uploads\\\/2021\\\/03\\\/Avanza-rescate-de-humedales-y-recuperacion-de-agua-en-Cuatro-Cienegas-Coahuila.jpg\",\"keywords\":[\"agua\",\"AMLO\",\"Andr\u00e9s Manuel L\u00f3pez Obrador\",\"Coahuila\",\"Conagua\",\"CONANP\",\"Cuatro Ci\u00e9negas\",\"Gobierno de M\u00e9xico\",\"humedales\",\"M\u00e9xico\",\"recuperaci\u00f3n\",\"rescate\",\"SEMARNAT\"],\"articleSection\":[\"4T\",\"Nacionales\",\"Presidencia\"],\"inLanguage\":\"es\",\"potentialAction\":[{\"@type\":\"CommentAction\",\"name\":\"Comment\",\"target\":[\"https:\\\/\\\/redamlo.com\\\/index.php\\\/2021\\\/03\\\/28\\\/avanza-rescate-de-humedales-y-recuperacion-de-agua-en-cuatro-cienegas-coahuila\\\/#respond\"]}]},{\"@type\":\"WebPage\",\"@id\":\"https:\\\/\\\/redamlo.com\\\/index.php\\\/2021\\\/03\\\/28\\\/avanza-rescate-de-humedales-y-recuperacion-de-agua-en-cuatro-cienegas-coahuila\\\/\",\"url\":\"https:\\\/\\\/redamlo.com\\\/index.php\\\/2021\\\/03\\\/28\\\/avanza-rescate-de-humedales-y-recuperacion-de-agua-en-cuatro-cienegas-coahuila\\\/\",\"name\":\"Avanza rescate de humedales y recuperaci\u00f3n de agua en Cuatro Ci\u00e9negas, Coahuila - NOTICIAS DE LA 4T\",\"isPartOf\":{\"@id\":\"https:\\\/\\\/redamlo.com\\\/#website\"},\"primaryImageOfPage\":{\"@id\":\"https:\\\/\\\/redamlo.com\\\/index.php\\\/2021\\\/03\\\/28\\\/avanza-rescate-de-humedales-y-recuperacion-de-agua-en-cuatro-cienegas-coahuila\\\/#primaryimage\"},\"image\":{\"@id\":\"https:\\\/\\\/redamlo.com\\\/index.php\\\/2021\\\/03\\\/28\\\/avanza-rescate-de-humedales-y-recuperacion-de-agua-en-cuatro-cienegas-coahuila\\\/#primaryimage\"},\"thumbnailUrl\":\"https:\\\/\\\/redamlo.com\\\/wp-content\\\/uploads\\\/2021\\\/03\\\/Avanza-rescate-de-humedales-y-recuperacion-de-agua-en-Cuatro-Cienegas-Coahuila.jpg\",\"datePublished\":\"2021-03-28T18:00:01+00:00\",\"breadcrumb\":{\"@id\":\"https:\\\/\\\/redamlo.com\\\/index.php\\\/2021\\\/03\\\/28\\\/avanza-rescate-de-humedales-y-recuperacion-de-agua-en-cuatro-cienegas-coahuila\\\/#breadcrumb\"},\"inLanguage\":\"es\",\"potentialAction\":[{\"@type\":\"ReadAction\",\"target\":[\"https:\\\/\\\/redamlo.com\\\/index.php\\\/2021\\\/03\\\/28\\\/avanza-rescate-de-humedales-y-recuperacion-de-agua-en-cuatro-cienegas-coahuila\\\/\"]}]},{\"@type\":\"ImageObject\",\"inLanguage\":\"es\",\"@id\":\"https:\\\/\\\/redamlo.com\\\/index.php\\\/2021\\\/03\\\/28\\\/avanza-rescate-de-humedales-y-recuperacion-de-agua-en-cuatro-cienegas-coahuila\\\/#primaryimage\",\"url\":\"https:\\\/\\\/redamlo.com\\\/wp-content\\\/uploads\\\/2021\\\/03\\\/Avanza-rescate-de-humedales-y-recuperacion-de-agua-en-Cuatro-Cienegas-Coahuila.jpg\",\"contentUrl\":\"https:\\\/\\\/redamlo.com\\\/wp-content\\\/uploads\\\/2021\\\/03\\\/Avanza-rescate-de-humedales-y-recuperacion-de-agua-en-Cuatro-Cienegas-Coahuila.jpg\",\"width\":769,\"height\":446},{\"@type\":\"BreadcrumbList\",\"@id\":\"https:\\\/\\\/redamlo.com\\\/index.php\\\/2021\\\/03\\\/28\\\/avanza-rescate-de-humedales-y-recuperacion-de-agua-en-cuatro-cienegas-coahuila\\\/#breadcrumb\",\"itemListElement\":[{\"@type\":\"ListItem\",\"position\":1,\"name\":\"Inicio\",\"item\":\"https:\\\/\\\/redamlo.com\\\/\"},{\"@type\":\"ListItem\",\"position\":2,\"name\":\"Avanza rescate de humedales y recuperaci\u00f3n de agua en Cuatro Ci\u00e9negas, Coahuila\"}]},{\"@type\":\"WebSite\",\"@id\":\"https:\\\/\\\/redamlo.com\\\/#website\",\"url\":\"https:\\\/\\\/redamlo.com\\\/\",\"name\":\"NOTICIAS DE LA 4T\",\"description\":\"\",\"publisher\":{\"@id\":\"https:\\\/\\\/redamlo.com\\\/#organization\"},\"potentialAction\":[{\"@type\":\"SearchAction\",\"target\":{\"@type\":\"EntryPoint\",\"urlTemplate\":\"https:\\\/\\\/redamlo.com\\\/?s={search_term_string}\"},\"query-input\":{\"@type\":\"PropertyValueSpecification\",\"valueRequired\":true,\"valueName\":\"search_term_string\"}}],\"inLanguage\":\"es\"},{\"@type\":\"Organization\",\"@id\":\"https:\\\/\\\/redamlo.com\\\/#organization\",\"name\":\"NOTICIAS DE LA 4T\",\"url\":\"https:\\\/\\\/redamlo.com\\\/\",\"logo\":{\"@type\":\"ImageObject\",\"inLanguage\":\"es\",\"@id\":\"https:\\\/\\\/redamlo.com\\\/#\\\/schema\\\/logo\\\/image\\\/\",\"url\":\"https:\\\/\\\/redamlo.com\\\/wp-content\\\/uploads\\\/2024\\\/08\\\/cropped-RED-AMLO-logo-50.png\",\"contentUrl\":\"https:\\\/\\\/redamlo.com\\\/wp-content\\\/uploads\\\/2024\\\/08\\\/cropped-RED-AMLO-logo-50.png\",\"width\":256,\"height\":256,\"caption\":\"NOTICIAS DE LA 4T\"},\"image\":{\"@id\":\"https:\\\/\\\/redamlo.com\\\/#\\\/schema\\\/logo\\\/image\\\/\"}},{\"@type\":\"Person\",\"@id\":\"https:\\\/\\\/redamlo.com\\\/#\\\/schema\\\/person\\\/7223a4375eb8f1a782fcae010a7115cf\",\"name\":\"Blanca\",\"image\":{\"@type\":\"ImageObject\",\"inLanguage\":\"es\",\"@id\":\"https:\\\/\\\/secure.gravatar.com\\\/avatar\\\/3f79bc8336367a4e6093eae8757acaaf61d1124834b905616de7829b0273426d?s=96&d=mm&r=g\",\"url\":\"https:\\\/\\\/secure.gravatar.com\\\/avatar\\\/3f79bc8336367a4e6093eae8757acaaf61d1124834b905616de7829b0273426d?s=96&d=mm&r=g\",\"contentUrl\":\"https:\\\/\\\/secure.gravatar.com\\\/avatar\\\/3f79bc8336367a4e6093eae8757acaaf61d1124834b905616de7829b0273426d?s=96&d=mm&r=g\",\"caption\":\"Blanca\"},\"url\":\"https:\\\/\\\/redamlo.com\\\/index.php\\\/author\\\/blanca\\\/\"}]}<\/script>\n<!-- \/ Yoast SEO plugin. -->","yoast_head_json":{"title":"Avanza rescate de humedales y recuperaci\u00f3n de agua en Cuatro Ci\u00e9negas, Coahuila - NOTICIAS DE LA 4T","robots":{"index":"noindex","follow":"follow","max-snippet":"max-snippet:-1","max-image-preview":"max-image-preview:large","max-video-preview":"max-video-preview:-1"},"og_locale":"es_MX","og_type":"article","og_title":"Avanza rescate de humedales y recuperaci\u00f3n de agua en Cuatro Ci\u00e9negas, Coahuila - NOTICIAS DE LA 4T","og_description":"CUATRO CI\u00c9NEGAS, COAH., 28 de marzo de 2021.- El presidente de M\u00e9xico, Andr\u00e9s Manuel L\u00f3pez...","og_url":"https:\/\/redamlo.com\/index.php\/2021\/03\/28\/avanza-rescate-de-humedales-y-recuperacion-de-agua-en-cuatro-cienegas-coahuila\/","og_site_name":"NOTICIAS DE LA 4T","article_published_time":"2021-03-28T18:00:01+00:00","og_image":[{"width":769,"height":446,"url":"https:\/\/redamlo.com\/wp-content\/uploads\/2021\/03\/Avanza-rescate-de-humedales-y-recuperacion-de-agua-en-Cuatro-Cienegas-Coahuila.jpg","type":"image\/jpeg"}],"author":"Blanca","twitter_card":"summary_large_image","twitter_misc":{"Escrito por":"Blanca","Tiempo de lectura":"3 minutos"},"schema":{"@context":"https:\/\/schema.org","@graph":[{"@type":"Article","@id":"https:\/\/redamlo.com\/index.php\/2021\/03\/28\/avanza-rescate-de-humedales-y-recuperacion-de-agua-en-cuatro-cienegas-coahuila\/#article","isPartOf":{"@id":"https:\/\/redamlo.com\/index.php\/2021\/03\/28\/avanza-rescate-de-humedales-y-recuperacion-de-agua-en-cuatro-cienegas-coahuila\/"},"author":{"name":"Blanca","@id":"https:\/\/redamlo.com\/#\/schema\/person\/7223a4375eb8f1a782fcae010a7115cf"},"headline":"Avanza rescate de humedales y recuperaci\u00f3n de agua en Cuatro Ci\u00e9negas, Coahuila","datePublished":"2021-03-28T18:00:01+00:00","mainEntityOfPage":{"@id":"https:\/\/redamlo.com\/index.php\/2021\/03\/28\/avanza-rescate-de-humedales-y-recuperacion-de-agua-en-cuatro-cienegas-coahuila\/"},"wordCount":624,"commentCount":0,"publisher":{"@id":"https:\/\/redamlo.com\/#organization"},"image":{"@id":"https:\/\/redamlo.com\/index.php\/2021\/03\/28\/avanza-rescate-de-humedales-y-recuperacion-de-agua-en-cuatro-cienegas-coahuila\/#primaryimage"},"thumbnailUrl":"https:\/\/redamlo.com\/wp-content\/uploads\/2021\/03\/Avanza-rescate-de-humedales-y-recuperacion-de-agua-en-Cuatro-Cienegas-Coahuila.jpg","keywords":["agua","AMLO","Andr\u00e9s Manuel L\u00f3pez Obrador","Coahuila","Conagua","CONANP","Cuatro Ci\u00e9negas","Gobierno de M\u00e9xico","humedales","M\u00e9xico","recuperaci\u00f3n","rescate","SEMARNAT"],"articleSection":["4T","Nacionales","Presidencia"],"inLanguage":"es","potentialAction":[{"@type":"CommentAction","name":"Comment","target":["https:\/\/redamlo.com\/index.php\/2021\/03\/28\/avanza-rescate-de-humedales-y-recuperacion-de-agua-en-cuatro-cienegas-coahuila\/#respond"]}]},{"@type":"WebPage","@id":"https:\/\/redamlo.com\/index.php\/2021\/03\/28\/avanza-rescate-de-humedales-y-recuperacion-de-agua-en-cuatro-cienegas-coahuila\/","url":"https:\/\/redamlo.com\/index.php\/2021\/03\/28\/avanza-rescate-de-humedales-y-recuperacion-de-agua-en-cuatro-cienegas-coahuila\/","name":"Avanza rescate de humedales y recuperaci\u00f3n de agua en Cuatro Ci\u00e9negas, Coahuila - NOTICIAS DE LA 4T","isPartOf":{"@id":"https:\/\/redamlo.com\/#website"},"primaryImageOfPage":{"@id":"https:\/\/redamlo.com\/index.php\/2021\/03\/28\/avanza-rescate-de-humedales-y-recuperacion-de-agua-en-cuatro-cienegas-coahuila\/#primaryimage"},"image":{"@id":"https:\/\/redamlo.com\/index.php\/2021\/03\/28\/avanza-rescate-de-humedales-y-recuperacion-de-agua-en-cuatro-cienegas-coahuila\/#primaryimage"},"thumbnailUrl":"https:\/\/redamlo.com\/wp-content\/uploads\/2021\/03\/Avanza-rescate-de-humedales-y-recuperacion-de-agua-en-Cuatro-Cienegas-Coahuila.jpg","datePublished":"2021-03-28T18:00:01+00:00","breadcrumb":{"@id":"https:\/\/redamlo.com\/index.php\/2021\/03\/28\/avanza-rescate-de-humedales-y-recuperacion-de-agua-en-cuatro-cienegas-coahuila\/#breadcrumb"},"inLanguage":"es","potentialAction":[{"@type":"ReadAction","target":["https:\/\/redamlo.com\/index.php\/2021\/03\/28\/avanza-rescate-de-humedales-y-recuperacion-de-agua-en-cuatro-cienegas-coahuila\/"]}]},{"@type":"ImageObject","inLanguage":"es","@id":"https:\/\/redamlo.com\/index.php\/2021\/03\/28\/avanza-rescate-de-humedales-y-recuperacion-de-agua-en-cuatro-cienegas-coahuila\/#primaryimage","url":"https:\/\/redamlo.com\/wp-content\/uploads\/2021\/03\/Avanza-rescate-de-humedales-y-recuperacion-de-agua-en-Cuatro-Cienegas-Coahuila.jpg","contentUrl":"https:\/\/redamlo.com\/wp-content\/uploads\/2021\/03\/Avanza-rescate-de-humedales-y-recuperacion-de-agua-en-Cuatro-Cienegas-Coahuila.jpg","width":769,"height":446},{"@type":"BreadcrumbList","@id":"https:\/\/redamlo.com\/index.php\/2021\/03\/28\/avanza-rescate-de-humedales-y-recuperacion-de-agua-en-cuatro-cienegas-coahuila\/#breadcrumb","itemListElement":[{"@type":"ListItem","position":1,"name":"Inicio","item":"https:\/\/redamlo.com\/"},{"@type":"ListItem","position":2,"name":"Avanza rescate de humedales y recuperaci\u00f3n de agua en Cuatro Ci\u00e9negas, Coahuila"}]},{"@type":"WebSite","@id":"https:\/\/redamlo.com\/#website","url":"https:\/\/redamlo.com\/","name":"NOTICIAS DE LA 4T","description":"","publisher":{"@id":"https:\/\/redamlo.com\/#organization"},"potentialAction":[{"@type":"SearchAction","target":{"@type":"EntryPoint","urlTemplate":"https:\/\/redamlo.com\/?s={search_term_string}"},"query-input":{"@type":"PropertyValueSpecification","valueRequired":true,"valueName":"search_term_string"}}],"inLanguage":"es"},{"@type":"Organization","@id":"https:\/\/redamlo.com\/#organization","name":"NOTICIAS DE LA 4T","url":"https:\/\/redamlo.com\/","logo":{"@type":"ImageObject","inLanguage":"es","@id":"https:\/\/redamlo.com\/#\/schema\/logo\/image\/","url":"https:\/\/redamlo.com\/wp-content\/uploads\/2024\/08\/cropped-RED-AMLO-logo-50.png","contentUrl":"https:\/\/redamlo.com\/wp-content\/uploads\/2024\/08\/cropped-RED-AMLO-logo-50.png","width":256,"height":256,"caption":"NOTICIAS DE LA 4T"},"image":{"@id":"https:\/\/redamlo.com\/#\/schema\/logo\/image\/"}},{"@type":"Person","@id":"https:\/\/redamlo.com\/#\/schema\/person\/7223a4375eb8f1a782fcae010a7115cf","name":"Blanca","image":{"@type":"ImageObject","inLanguage":"es","@id":"https:\/\/secure.gravatar.com\/avatar\/3f79bc8336367a4e6093eae8757acaaf61d1124834b905616de7829b0273426d?s=96&d=mm&r=g","url":"https:\/\/secure.gravatar.com\/avatar\/3f79bc8336367a4e6093eae8757acaaf61d1124834b905616de7829b0273426d?s=96&d=mm&r=g","contentUrl":"https:\/\/secure.gravatar.com\/avatar\/3f79bc8336367a4e6093eae8757acaaf61d1124834b905616de7829b0273426d?s=96&d=mm&r=g","caption":"Blanca"},"url":"https:\/\/redamlo.com\/index.php\/author\/blanca\/"}]}},"_links":{"self":[{"href":"https:\/\/redamlo.com\/index.php\/wp-json\/wp\/v2\/posts\/3900","targetHints":{"allow":["GET"]}}],"collection":[{"href":"https:\/\/redamlo.com\/index.php\/wp-json\/wp\/v2\/posts"}],"about":[{"href":"https:\/\/redamlo.com\/index.php\/wp-json\/wp\/v2\/types\/post"}],"author":[{"embeddable":true,"href":"https:\/\/redamlo.com\/index.php\/wp-json\/wp\/v2\/users\/2"}],"replies":[{"embeddable":true,"href":"https:\/\/redamlo.com\/index.php\/wp-json\/wp\/v2\/comments?post=3900"}],"version-history":[{"count":0,"href":"https:\/\/redamlo.com\/index.php\/wp-json\/wp\/v2\/posts\/3900\/revisions"}],"wp:featuredmedia":[{"embeddable":true,"href":"https:\/\/redamlo.com\/index.php\/wp-json\/wp\/v2\/media\/3903"}],"wp:attachment":[{"href":"https:\/\/redamlo.com\/index.php\/wp-json\/wp\/v2\/media?parent=3900"}],"wp:term":[{"taxonomy":"category","embeddable":true,"href":"https:\/\/redamlo.com\/index.php\/wp-json\/wp\/v2\/categories?post=3900"},{"taxonomy":"post_tag","embeddable":true,"href":"https:\/\/redamlo.com\/index.php\/wp-json\/wp\/v2\/tags?post=3900"}],"curies":[{"name":"wp","href":"https:\/\/api.w.org\/{rel}","templated":true}]}}