{"id":3875,"date":"2021-03-27T12:00:05","date_gmt":"2021-03-27T18:00:05","guid":{"rendered":"https:\/\/redamlo.com\/?p=3875"},"modified":"2021-03-27T12:00:05","modified_gmt":"2021-03-27T18:00:05","slug":"la-laguna-tendra-agua-suficiente-en-los-siguientes-40-anos-afirma-lopez-obrador-en-inicio-de-proyecto-de-infraestructura-hidraulica-en-coahuila","status":"publish","type":"post","link":"https:\/\/redamlo.com\/index.php\/2021\/03\/27\/la-laguna-tendra-agua-suficiente-en-los-siguientes-40-anos-afirma-lopez-obrador-en-inicio-de-proyecto-de-infraestructura-hidraulica-en-coahuila\/","title":{"rendered":"La Laguna tendr\u00e1 agua suficiente en los siguientes 40 a\u00f1os, afirma L\u00f3pez Obrador en inicio de proyecto de infraestructura hidr\u00e1ulica en Coahuila"},"content":{"rendered":"<p style=\"text-align: justify;\"><span style=\"color: #000000; font-family: Arial, Helvetica, sans-serif;\">TORRE\u00d3N, COAH., 27 de marzo de 2021.- En Torre\u00f3n, Coahuila, el presidente de M\u00e9xico, Andr\u00e9s Manuel L\u00f3pez Obrador afirm\u00f3 que el proyecto Agua Saludable para La Laguna garantizar\u00e1 el suministro de agua limpia a sus habitantes durante los siguientes 30 o 40 a\u00f1os y quedar\u00e1 concluido en 2023.<\/span><\/p>\n<p style=\"text-align: justify;\"><span style=\"color: #000000; font-family: Arial, Helvetica, sans-serif;\">\u201cEs una obra magna, es un proyecto muy importante porque va a significar abastecer de agua a la poblaci\u00f3n de La Laguna hasta 30, 40 a\u00f1os en el futuro y agua de buena calidad. Se terminar\u00e1 la pesadilla, la preocupaci\u00f3n de que no se est\u00e1 tomando agua sana\u201d, detall\u00f3.<\/span><\/p>\n<p style=\"text-align: justify;\"><span style=\"color: #000000; font-family: Arial, Helvetica, sans-serif;\">De acuerdo con la Comisi\u00f3n Nacional del Agua (Conagua), la obra beneficiar\u00e1 a 1.6 millones de habitantes de La Laguna. Ayudar\u00e1 a recuperar la recolecci\u00f3n natural de agua y a tratarla; disminuir\u00e1 la sobreexplotaci\u00f3n de los acu\u00edferos y optimizar\u00e1 el uso del agua para la agricultura y las ciudades.<\/span><\/p>\n<p style=\"text-align: justify;\"><span style=\"color: #000000; font-family: Arial, Helvetica, sans-serif;\">La inversi\u00f3n asciende a 8 mil millones de pesos y generar\u00e1 6 mil empleos directos e indirectos.<\/span><\/p>\n<p style=\"text-align: justify;\"><span style=\"color: #000000; font-family: Arial, Helvetica, sans-serif;\">El mandatario asegur\u00f3 que la tecnificaci\u00f3n en la producci\u00f3n ganadera y agricultora ayudar\u00e1 a evitar el desperdicio y garantizar la suficiencia.<\/span><\/p>\n<p style=\"text-align: justify;\"><span style=\"color: #000000; font-family: Arial, Helvetica, sans-serif;\">Se comprometi\u00f3 a visitar constantemente la regi\u00f3n para supervisar que la obra avance y se termine en el tiempo acordado.<\/span><\/p>\n<p style=\"text-align: justify;\"><span style=\"color: #000000; font-family: Arial, Helvetica, sans-serif;\">\u201cNosotros estamos enfrentando el problema de que recibimos muchas obras inconclusas (\u2026) la instrucci\u00f3n fue que se cuidara que termin\u00e1ramos la obra antes de concluir el gobierno, se est\u00e1 pensando a finales del 2023 y hay que aplicarnos para que as\u00ed suceda\u201d, apunt\u00f3.<\/span><\/p>\n<p style=\"text-align: justify;\"><span style=\"color: #000000; font-family: Arial, Helvetica, sans-serif;\">La directora general de la Conagua, Blanca Jim\u00e9nez Cisneros, explic\u00f3 que el problema de contaminaci\u00f3n por ars\u00e9nico y fl\u00faor en la regi\u00f3n se agudiz\u00f3 debido a la sobreexplotaci\u00f3n del manto acu\u00edfero.<\/span><\/p>\n<p style=\"text-align: justify;\"><span style=\"color: #000000; font-family: Arial, Helvetica, sans-serif;\">\u201cEste proyecto resolver\u00e1 de forma integral un problema de consumo de agua con ars\u00e9nico que existe de manera muy marcada desde los a\u00f1os 70 (\u2026) se estima que se extraen 931 millones de metros c\u00fabicos anuales mientras que la recarga es casi la mitad, solo 519 millones de metros c\u00fabicos, es decir, estamos sacando m\u00e1s agua de lo que se repone por la v\u00eda de la naturaleza\u201d, inform\u00f3 la directora de Conagua.<\/span><\/p>\n<p><iframe loading=\"lazy\" title=\"Inicio de obra del proyecto: Agua Saludable para La Laguna, desde Torre\u00f3n, Coahuila\" width=\"640\" height=\"360\" src=\"https:\/\/www.youtube.com\/embed\/Tbv2Gp-udI8?start=1906&#038;feature=oembed\" frameborder=\"0\" allow=\"accelerometer; autoplay; clipboard-write; encrypted-media; gyroscope; picture-in-picture; web-share\" referrerpolicy=\"strict-origin-when-cross-origin\" allowfullscreen><\/iframe><\/p>\n","protected":false},"excerpt":{"rendered":"<p>TORRE\u00d3N, COAH., 27 de marzo de 2021.- En Torre\u00f3n, Coahuila, el presidente de M\u00e9xico, Andr\u00e9s&#8230;<\/p>\n","protected":false},"author":2,"featured_media":3878,"comment_status":"open","ping_status":"closed","sticky":false,"template":"","format":"standard","meta":{"footnotes":""},"categories":[25,20,27],"tags":[554,84,131,555,556,9,557,558,559],"class_list":["post-3875","post","type-post","status-publish","format-standard","has-post-thumbnail","hentry","category-4t","category-nacionales","category-presidencia","tag-agua-saludable-para-la-laguna","tag-amlo","tag-andres-manuel-lopez-obrador","tag-conagua","tag-gobierno-de-mexico","tag-mexico","tag-proyecto","tag-suministro-de-agua","tag-torreon"],"yoast_head":"<!-- This site is optimized with the Yoast SEO plugin v27.5 - https:\/\/yoast.com\/product\/yoast-seo-wordpress\/ -->\n<title>La Laguna tendr\u00e1 agua suficiente en los siguientes 40 a\u00f1os, afirma L\u00f3pez Obrador en inicio de proyecto de infraestructura hidr\u00e1ulica en Coahuila - NOTICIAS DE LA 4T<\/title>\n<meta name=\"robots\" content=\"noindex, follow, max-snippet:-1, max-image-preview:large, max-video-preview:-1\" \/>\n<meta property=\"og:locale\" content=\"es_MX\" \/>\n<meta property=\"og:type\" content=\"article\" \/>\n<meta property=\"og:title\" content=\"La Laguna tendr\u00e1 agua suficiente en los siguientes 40 a\u00f1os, afirma L\u00f3pez Obrador en inicio de proyecto de infraestructura hidr\u00e1ulica en Coahuila - NOTICIAS DE LA 4T\" \/>\n<meta property=\"og:description\" content=\"TORRE\u00d3N, COAH., 27 de marzo de 2021.- En Torre\u00f3n, Coahuila, el presidente de M\u00e9xico, Andr\u00e9s...\" \/>\n<meta property=\"og:url\" content=\"https:\/\/redamlo.com\/index.php\/2021\/03\/27\/la-laguna-tendra-agua-suficiente-en-los-siguientes-40-anos-afirma-lopez-obrador-en-inicio-de-proyecto-de-infraestructura-hidraulica-en-coahuila\/\" \/>\n<meta property=\"og:site_name\" content=\"NOTICIAS DE LA 4T\" \/>\n<meta property=\"article:published_time\" content=\"2021-03-27T18:00:05+00:00\" \/>\n<meta property=\"og:image\" content=\"https:\/\/redamlo.com\/wp-content\/uploads\/2021\/03\/La-Laguna-tendra-agua-suficiente-en-los-siguientes-40-anos-afirma-Lopez-Obrador-en-inicio-de-proyecto-de-infraestructura-hidraulica-en-Coahuila.jpg\" \/>\n\t<meta property=\"og:image:width\" content=\"832\" \/>\n\t<meta property=\"og:image:height\" content=\"484\" \/>\n\t<meta property=\"og:image:type\" content=\"image\/jpeg\" \/>\n<meta name=\"author\" content=\"Blanca\" \/>\n<meta name=\"twitter:card\" content=\"summary_large_image\" \/>\n<meta name=\"twitter:label1\" content=\"Escrito por\" \/>\n\t<meta name=\"twitter:data1\" content=\"Blanca\" \/>\n\t<meta name=\"twitter:label2\" content=\"Tiempo de lectura\" \/>\n\t<meta name=\"twitter:data2\" content=\"2 minutos\" \/>\n<script type=\"application\/ld+json\" class=\"yoast-schema-graph\">{\"@context\":\"https:\\\/\\\/schema.org\",\"@graph\":[{\"@type\":\"Article\",\"@id\":\"https:\\\/\\\/redamlo.com\\\/index.php\\\/2021\\\/03\\\/27\\\/la-laguna-tendra-agua-suficiente-en-los-siguientes-40-anos-afirma-lopez-obrador-en-inicio-de-proyecto-de-infraestructura-hidraulica-en-coahuila\\\/#article\",\"isPartOf\":{\"@id\":\"https:\\\/\\\/redamlo.com\\\/index.php\\\/2021\\\/03\\\/27\\\/la-laguna-tendra-agua-suficiente-en-los-siguientes-40-anos-afirma-lopez-obrador-en-inicio-de-proyecto-de-infraestructura-hidraulica-en-coahuila\\\/\"},\"author\":{\"name\":\"Blanca\",\"@id\":\"https:\\\/\\\/redamlo.com\\\/#\\\/schema\\\/person\\\/7223a4375eb8f1a782fcae010a7115cf\"},\"headline\":\"La Laguna tendr\u00e1 agua suficiente en los siguientes 40 a\u00f1os, afirma L\u00f3pez Obrador en inicio de proyecto de infraestructura hidr\u00e1ulica en Coahuila\",\"datePublished\":\"2021-03-27T18:00:05+00:00\",\"mainEntityOfPage\":{\"@id\":\"https:\\\/\\\/redamlo.com\\\/index.php\\\/2021\\\/03\\\/27\\\/la-laguna-tendra-agua-suficiente-en-los-siguientes-40-anos-afirma-lopez-obrador-en-inicio-de-proyecto-de-infraestructura-hidraulica-en-coahuila\\\/\"},\"wordCount\":406,\"commentCount\":0,\"publisher\":{\"@id\":\"https:\\\/\\\/redamlo.com\\\/#organization\"},\"image\":{\"@id\":\"https:\\\/\\\/redamlo.com\\\/index.php\\\/2021\\\/03\\\/27\\\/la-laguna-tendra-agua-suficiente-en-los-siguientes-40-anos-afirma-lopez-obrador-en-inicio-de-proyecto-de-infraestructura-hidraulica-en-coahuila\\\/#primaryimage\"},\"thumbnailUrl\":\"https:\\\/\\\/redamlo.com\\\/wp-content\\\/uploads\\\/2021\\\/03\\\/La-Laguna-tendra-agua-suficiente-en-los-siguientes-40-anos-afirma-Lopez-Obrador-en-inicio-de-proyecto-de-infraestructura-hidraulica-en-Coahuila.jpg\",\"keywords\":[\"Agua Saludable para La Laguna\",\"AMLO\",\"Andr\u00e9s Manuel L\u00f3pez Obrador\",\"Conagua\",\"Gobierno de M\u00e9xico\",\"M\u00e9xico\",\"proyecto\",\"suministro de agua\",\"Torre\u00f3n\"],\"articleSection\":[\"4T\",\"Nacionales\",\"Presidencia\"],\"inLanguage\":\"es\",\"potentialAction\":[{\"@type\":\"CommentAction\",\"name\":\"Comment\",\"target\":[\"https:\\\/\\\/redamlo.com\\\/index.php\\\/2021\\\/03\\\/27\\\/la-laguna-tendra-agua-suficiente-en-los-siguientes-40-anos-afirma-lopez-obrador-en-inicio-de-proyecto-de-infraestructura-hidraulica-en-coahuila\\\/#respond\"]}]},{\"@type\":\"WebPage\",\"@id\":\"https:\\\/\\\/redamlo.com\\\/index.php\\\/2021\\\/03\\\/27\\\/la-laguna-tendra-agua-suficiente-en-los-siguientes-40-anos-afirma-lopez-obrador-en-inicio-de-proyecto-de-infraestructura-hidraulica-en-coahuila\\\/\",\"url\":\"https:\\\/\\\/redamlo.com\\\/index.php\\\/2021\\\/03\\\/27\\\/la-laguna-tendra-agua-suficiente-en-los-siguientes-40-anos-afirma-lopez-obrador-en-inicio-de-proyecto-de-infraestructura-hidraulica-en-coahuila\\\/\",\"name\":\"La Laguna tendr\u00e1 agua suficiente en los siguientes 40 a\u00f1os, afirma L\u00f3pez Obrador en inicio de proyecto de infraestructura hidr\u00e1ulica en Coahuila - NOTICIAS DE LA 4T\",\"isPartOf\":{\"@id\":\"https:\\\/\\\/redamlo.com\\\/#website\"},\"primaryImageOfPage\":{\"@id\":\"https:\\\/\\\/redamlo.com\\\/index.php\\\/2021\\\/03\\\/27\\\/la-laguna-tendra-agua-suficiente-en-los-siguientes-40-anos-afirma-lopez-obrador-en-inicio-de-proyecto-de-infraestructura-hidraulica-en-coahuila\\\/#primaryimage\"},\"image\":{\"@id\":\"https:\\\/\\\/redamlo.com\\\/index.php\\\/2021\\\/03\\\/27\\\/la-laguna-tendra-agua-suficiente-en-los-siguientes-40-anos-afirma-lopez-obrador-en-inicio-de-proyecto-de-infraestructura-hidraulica-en-coahuila\\\/#primaryimage\"},\"thumbnailUrl\":\"https:\\\/\\\/redamlo.com\\\/wp-content\\\/uploads\\\/2021\\\/03\\\/La-Laguna-tendra-agua-suficiente-en-los-siguientes-40-anos-afirma-Lopez-Obrador-en-inicio-de-proyecto-de-infraestructura-hidraulica-en-Coahuila.jpg\",\"datePublished\":\"2021-03-27T18:00:05+00:00\",\"breadcrumb\":{\"@id\":\"https:\\\/\\\/redamlo.com\\\/index.php\\\/2021\\\/03\\\/27\\\/la-laguna-tendra-agua-suficiente-en-los-siguientes-40-anos-afirma-lopez-obrador-en-inicio-de-proyecto-de-infraestructura-hidraulica-en-coahuila\\\/#breadcrumb\"},\"inLanguage\":\"es\",\"potentialAction\":[{\"@type\":\"ReadAction\",\"target\":[\"https:\\\/\\\/redamlo.com\\\/index.php\\\/2021\\\/03\\\/27\\\/la-laguna-tendra-agua-suficiente-en-los-siguientes-40-anos-afirma-lopez-obrador-en-inicio-de-proyecto-de-infraestructura-hidraulica-en-coahuila\\\/\"]}]},{\"@type\":\"ImageObject\",\"inLanguage\":\"es\",\"@id\":\"https:\\\/\\\/redamlo.com\\\/index.php\\\/2021\\\/03\\\/27\\\/la-laguna-tendra-agua-suficiente-en-los-siguientes-40-anos-afirma-lopez-obrador-en-inicio-de-proyecto-de-infraestructura-hidraulica-en-coahuila\\\/#primaryimage\",\"url\":\"https:\\\/\\\/redamlo.com\\\/wp-content\\\/uploads\\\/2021\\\/03\\\/La-Laguna-tendra-agua-suficiente-en-los-siguientes-40-anos-afirma-Lopez-Obrador-en-inicio-de-proyecto-de-infraestructura-hidraulica-en-Coahuila.jpg\",\"contentUrl\":\"https:\\\/\\\/redamlo.com\\\/wp-content\\\/uploads\\\/2021\\\/03\\\/La-Laguna-tendra-agua-suficiente-en-los-siguientes-40-anos-afirma-Lopez-Obrador-en-inicio-de-proyecto-de-infraestructura-hidraulica-en-Coahuila.jpg\",\"width\":832,\"height\":484},{\"@type\":\"BreadcrumbList\",\"@id\":\"https:\\\/\\\/redamlo.com\\\/index.php\\\/2021\\\/03\\\/27\\\/la-laguna-tendra-agua-suficiente-en-los-siguientes-40-anos-afirma-lopez-obrador-en-inicio-de-proyecto-de-infraestructura-hidraulica-en-coahuila\\\/#breadcrumb\",\"itemListElement\":[{\"@type\":\"ListItem\",\"position\":1,\"name\":\"Inicio\",\"item\":\"https:\\\/\\\/redamlo.com\\\/\"},{\"@type\":\"ListItem\",\"position\":2,\"name\":\"La Laguna tendr\u00e1 agua suficiente en los siguientes 40 a\u00f1os, afirma L\u00f3pez Obrador en inicio de proyecto de infraestructura hidr\u00e1ulica en Coahuila\"}]},{\"@type\":\"WebSite\",\"@id\":\"https:\\\/\\\/redamlo.com\\\/#website\",\"url\":\"https:\\\/\\\/redamlo.com\\\/\",\"name\":\"NOTICIAS DE LA 4T\",\"description\":\"\",\"publisher\":{\"@id\":\"https:\\\/\\\/redamlo.com\\\/#organization\"},\"potentialAction\":[{\"@type\":\"SearchAction\",\"target\":{\"@type\":\"EntryPoint\",\"urlTemplate\":\"https:\\\/\\\/redamlo.com\\\/?s={search_term_string}\"},\"query-input\":{\"@type\":\"PropertyValueSpecification\",\"valueRequired\":true,\"valueName\":\"search_term_string\"}}],\"inLanguage\":\"es\"},{\"@type\":\"Organization\",\"@id\":\"https:\\\/\\\/redamlo.com\\\/#organization\",\"name\":\"NOTICIAS DE LA 4T\",\"url\":\"https:\\\/\\\/redamlo.com\\\/\",\"logo\":{\"@type\":\"ImageObject\",\"inLanguage\":\"es\",\"@id\":\"https:\\\/\\\/redamlo.com\\\/#\\\/schema\\\/logo\\\/image\\\/\",\"url\":\"https:\\\/\\\/redamlo.com\\\/wp-content\\\/uploads\\\/2024\\\/08\\\/cropped-RED-AMLO-logo-50.png\",\"contentUrl\":\"https:\\\/\\\/redamlo.com\\\/wp-content\\\/uploads\\\/2024\\\/08\\\/cropped-RED-AMLO-logo-50.png\",\"width\":256,\"height\":256,\"caption\":\"NOTICIAS DE LA 4T\"},\"image\":{\"@id\":\"https:\\\/\\\/redamlo.com\\\/#\\\/schema\\\/logo\\\/image\\\/\"}},{\"@type\":\"Person\",\"@id\":\"https:\\\/\\\/redamlo.com\\\/#\\\/schema\\\/person\\\/7223a4375eb8f1a782fcae010a7115cf\",\"name\":\"Blanca\",\"image\":{\"@type\":\"ImageObject\",\"inLanguage\":\"es\",\"@id\":\"https:\\\/\\\/secure.gravatar.com\\\/avatar\\\/3f79bc8336367a4e6093eae8757acaaf61d1124834b905616de7829b0273426d?s=96&d=mm&r=g\",\"url\":\"https:\\\/\\\/secure.gravatar.com\\\/avatar\\\/3f79bc8336367a4e6093eae8757acaaf61d1124834b905616de7829b0273426d?s=96&d=mm&r=g\",\"contentUrl\":\"https:\\\/\\\/secure.gravatar.com\\\/avatar\\\/3f79bc8336367a4e6093eae8757acaaf61d1124834b905616de7829b0273426d?s=96&d=mm&r=g\",\"caption\":\"Blanca\"},\"url\":\"https:\\\/\\\/redamlo.com\\\/index.php\\\/author\\\/blanca\\\/\"}]}<\/script>\n<!-- \/ Yoast SEO plugin. -->","yoast_head_json":{"title":"La Laguna tendr\u00e1 agua suficiente en los siguientes 40 a\u00f1os, afirma L\u00f3pez Obrador en inicio de proyecto de infraestructura hidr\u00e1ulica en Coahuila - NOTICIAS DE LA 4T","robots":{"index":"noindex","follow":"follow","max-snippet":"max-snippet:-1","max-image-preview":"max-image-preview:large","max-video-preview":"max-video-preview:-1"},"og_locale":"es_MX","og_type":"article","og_title":"La Laguna tendr\u00e1 agua suficiente en los siguientes 40 a\u00f1os, afirma L\u00f3pez Obrador en inicio de proyecto de infraestructura hidr\u00e1ulica en Coahuila - NOTICIAS DE LA 4T","og_description":"TORRE\u00d3N, COAH., 27 de marzo de 2021.- En Torre\u00f3n, Coahuila, el presidente de M\u00e9xico, Andr\u00e9s...","og_url":"https:\/\/redamlo.com\/index.php\/2021\/03\/27\/la-laguna-tendra-agua-suficiente-en-los-siguientes-40-anos-afirma-lopez-obrador-en-inicio-de-proyecto-de-infraestructura-hidraulica-en-coahuila\/","og_site_name":"NOTICIAS DE LA 4T","article_published_time":"2021-03-27T18:00:05+00:00","og_image":[{"width":832,"height":484,"url":"https:\/\/redamlo.com\/wp-content\/uploads\/2021\/03\/La-Laguna-tendra-agua-suficiente-en-los-siguientes-40-anos-afirma-Lopez-Obrador-en-inicio-de-proyecto-de-infraestructura-hidraulica-en-Coahuila.jpg","type":"image\/jpeg"}],"author":"Blanca","twitter_card":"summary_large_image","twitter_misc":{"Escrito por":"Blanca","Tiempo de lectura":"2 minutos"},"schema":{"@context":"https:\/\/schema.org","@graph":[{"@type":"Article","@id":"https:\/\/redamlo.com\/index.php\/2021\/03\/27\/la-laguna-tendra-agua-suficiente-en-los-siguientes-40-anos-afirma-lopez-obrador-en-inicio-de-proyecto-de-infraestructura-hidraulica-en-coahuila\/#article","isPartOf":{"@id":"https:\/\/redamlo.com\/index.php\/2021\/03\/27\/la-laguna-tendra-agua-suficiente-en-los-siguientes-40-anos-afirma-lopez-obrador-en-inicio-de-proyecto-de-infraestructura-hidraulica-en-coahuila\/"},"author":{"name":"Blanca","@id":"https:\/\/redamlo.com\/#\/schema\/person\/7223a4375eb8f1a782fcae010a7115cf"},"headline":"La Laguna tendr\u00e1 agua suficiente en los siguientes 40 a\u00f1os, afirma L\u00f3pez Obrador en inicio de proyecto de infraestructura hidr\u00e1ulica en Coahuila","datePublished":"2021-03-27T18:00:05+00:00","mainEntityOfPage":{"@id":"https:\/\/redamlo.com\/index.php\/2021\/03\/27\/la-laguna-tendra-agua-suficiente-en-los-siguientes-40-anos-afirma-lopez-obrador-en-inicio-de-proyecto-de-infraestructura-hidraulica-en-coahuila\/"},"wordCount":406,"commentCount":0,"publisher":{"@id":"https:\/\/redamlo.com\/#organization"},"image":{"@id":"https:\/\/redamlo.com\/index.php\/2021\/03\/27\/la-laguna-tendra-agua-suficiente-en-los-siguientes-40-anos-afirma-lopez-obrador-en-inicio-de-proyecto-de-infraestructura-hidraulica-en-coahuila\/#primaryimage"},"thumbnailUrl":"https:\/\/redamlo.com\/wp-content\/uploads\/2021\/03\/La-Laguna-tendra-agua-suficiente-en-los-siguientes-40-anos-afirma-Lopez-Obrador-en-inicio-de-proyecto-de-infraestructura-hidraulica-en-Coahuila.jpg","keywords":["Agua Saludable para La Laguna","AMLO","Andr\u00e9s Manuel L\u00f3pez Obrador","Conagua","Gobierno de M\u00e9xico","M\u00e9xico","proyecto","suministro de agua","Torre\u00f3n"],"articleSection":["4T","Nacionales","Presidencia"],"inLanguage":"es","potentialAction":[{"@type":"CommentAction","name":"Comment","target":["https:\/\/redamlo.com\/index.php\/2021\/03\/27\/la-laguna-tendra-agua-suficiente-en-los-siguientes-40-anos-afirma-lopez-obrador-en-inicio-de-proyecto-de-infraestructura-hidraulica-en-coahuila\/#respond"]}]},{"@type":"WebPage","@id":"https:\/\/redamlo.com\/index.php\/2021\/03\/27\/la-laguna-tendra-agua-suficiente-en-los-siguientes-40-anos-afirma-lopez-obrador-en-inicio-de-proyecto-de-infraestructura-hidraulica-en-coahuila\/","url":"https:\/\/redamlo.com\/index.php\/2021\/03\/27\/la-laguna-tendra-agua-suficiente-en-los-siguientes-40-anos-afirma-lopez-obrador-en-inicio-de-proyecto-de-infraestructura-hidraulica-en-coahuila\/","name":"La Laguna tendr\u00e1 agua suficiente en los siguientes 40 a\u00f1os, afirma L\u00f3pez Obrador en inicio de proyecto de infraestructura hidr\u00e1ulica en Coahuila - NOTICIAS DE LA 4T","isPartOf":{"@id":"https:\/\/redamlo.com\/#website"},"primaryImageOfPage":{"@id":"https:\/\/redamlo.com\/index.php\/2021\/03\/27\/la-laguna-tendra-agua-suficiente-en-los-siguientes-40-anos-afirma-lopez-obrador-en-inicio-de-proyecto-de-infraestructura-hidraulica-en-coahuila\/#primaryimage"},"image":{"@id":"https:\/\/redamlo.com\/index.php\/2021\/03\/27\/la-laguna-tendra-agua-suficiente-en-los-siguientes-40-anos-afirma-lopez-obrador-en-inicio-de-proyecto-de-infraestructura-hidraulica-en-coahuila\/#primaryimage"},"thumbnailUrl":"https:\/\/redamlo.com\/wp-content\/uploads\/2021\/03\/La-Laguna-tendra-agua-suficiente-en-los-siguientes-40-anos-afirma-Lopez-Obrador-en-inicio-de-proyecto-de-infraestructura-hidraulica-en-Coahuila.jpg","datePublished":"2021-03-27T18:00:05+00:00","breadcrumb":{"@id":"https:\/\/redamlo.com\/index.php\/2021\/03\/27\/la-laguna-tendra-agua-suficiente-en-los-siguientes-40-anos-afirma-lopez-obrador-en-inicio-de-proyecto-de-infraestructura-hidraulica-en-coahuila\/#breadcrumb"},"inLanguage":"es","potentialAction":[{"@type":"ReadAction","target":["https:\/\/redamlo.com\/index.php\/2021\/03\/27\/la-laguna-tendra-agua-suficiente-en-los-siguientes-40-anos-afirma-lopez-obrador-en-inicio-de-proyecto-de-infraestructura-hidraulica-en-coahuila\/"]}]},{"@type":"ImageObject","inLanguage":"es","@id":"https:\/\/redamlo.com\/index.php\/2021\/03\/27\/la-laguna-tendra-agua-suficiente-en-los-siguientes-40-anos-afirma-lopez-obrador-en-inicio-de-proyecto-de-infraestructura-hidraulica-en-coahuila\/#primaryimage","url":"https:\/\/redamlo.com\/wp-content\/uploads\/2021\/03\/La-Laguna-tendra-agua-suficiente-en-los-siguientes-40-anos-afirma-Lopez-Obrador-en-inicio-de-proyecto-de-infraestructura-hidraulica-en-Coahuila.jpg","contentUrl":"https:\/\/redamlo.com\/wp-content\/uploads\/2021\/03\/La-Laguna-tendra-agua-suficiente-en-los-siguientes-40-anos-afirma-Lopez-Obrador-en-inicio-de-proyecto-de-infraestructura-hidraulica-en-Coahuila.jpg","width":832,"height":484},{"@type":"BreadcrumbList","@id":"https:\/\/redamlo.com\/index.php\/2021\/03\/27\/la-laguna-tendra-agua-suficiente-en-los-siguientes-40-anos-afirma-lopez-obrador-en-inicio-de-proyecto-de-infraestructura-hidraulica-en-coahuila\/#breadcrumb","itemListElement":[{"@type":"ListItem","position":1,"name":"Inicio","item":"https:\/\/redamlo.com\/"},{"@type":"ListItem","position":2,"name":"La Laguna tendr\u00e1 agua suficiente en los siguientes 40 a\u00f1os, afirma L\u00f3pez Obrador en inicio de proyecto de infraestructura hidr\u00e1ulica en Coahuila"}]},{"@type":"WebSite","@id":"https:\/\/redamlo.com\/#website","url":"https:\/\/redamlo.com\/","name":"NOTICIAS DE LA 4T","description":"","publisher":{"@id":"https:\/\/redamlo.com\/#organization"},"potentialAction":[{"@type":"SearchAction","target":{"@type":"EntryPoint","urlTemplate":"https:\/\/redamlo.com\/?s={search_term_string}"},"query-input":{"@type":"PropertyValueSpecification","valueRequired":true,"valueName":"search_term_string"}}],"inLanguage":"es"},{"@type":"Organization","@id":"https:\/\/redamlo.com\/#organization","name":"NOTICIAS DE LA 4T","url":"https:\/\/redamlo.com\/","logo":{"@type":"ImageObject","inLanguage":"es","@id":"https:\/\/redamlo.com\/#\/schema\/logo\/image\/","url":"https:\/\/redamlo.com\/wp-content\/uploads\/2024\/08\/cropped-RED-AMLO-logo-50.png","contentUrl":"https:\/\/redamlo.com\/wp-content\/uploads\/2024\/08\/cropped-RED-AMLO-logo-50.png","width":256,"height":256,"caption":"NOTICIAS DE LA 4T"},"image":{"@id":"https:\/\/redamlo.com\/#\/schema\/logo\/image\/"}},{"@type":"Person","@id":"https:\/\/redamlo.com\/#\/schema\/person\/7223a4375eb8f1a782fcae010a7115cf","name":"Blanca","image":{"@type":"ImageObject","inLanguage":"es","@id":"https:\/\/secure.gravatar.com\/avatar\/3f79bc8336367a4e6093eae8757acaaf61d1124834b905616de7829b0273426d?s=96&d=mm&r=g","url":"https:\/\/secure.gravatar.com\/avatar\/3f79bc8336367a4e6093eae8757acaaf61d1124834b905616de7829b0273426d?s=96&d=mm&r=g","contentUrl":"https:\/\/secure.gravatar.com\/avatar\/3f79bc8336367a4e6093eae8757acaaf61d1124834b905616de7829b0273426d?s=96&d=mm&r=g","caption":"Blanca"},"url":"https:\/\/redamlo.com\/index.php\/author\/blanca\/"}]}},"_links":{"self":[{"href":"https:\/\/redamlo.com\/index.php\/wp-json\/wp\/v2\/posts\/3875","targetHints":{"allow":["GET"]}}],"collection":[{"href":"https:\/\/redamlo.com\/index.php\/wp-json\/wp\/v2\/posts"}],"about":[{"href":"https:\/\/redamlo.com\/index.php\/wp-json\/wp\/v2\/types\/post"}],"author":[{"embeddable":true,"href":"https:\/\/redamlo.com\/index.php\/wp-json\/wp\/v2\/users\/2"}],"replies":[{"embeddable":true,"href":"https:\/\/redamlo.com\/index.php\/wp-json\/wp\/v2\/comments?post=3875"}],"version-history":[{"count":0,"href":"https:\/\/redamlo.com\/index.php\/wp-json\/wp\/v2\/posts\/3875\/revisions"}],"wp:featuredmedia":[{"embeddable":true,"href":"https:\/\/redamlo.com\/index.php\/wp-json\/wp\/v2\/media\/3878"}],"wp:attachment":[{"href":"https:\/\/redamlo.com\/index.php\/wp-json\/wp\/v2\/media?parent=3875"}],"wp:term":[{"taxonomy":"category","embeddable":true,"href":"https:\/\/redamlo.com\/index.php\/wp-json\/wp\/v2\/categories?post=3875"},{"taxonomy":"post_tag","embeddable":true,"href":"https:\/\/redamlo.com\/index.php\/wp-json\/wp\/v2\/tags?post=3875"}],"curies":[{"name":"wp","href":"https:\/\/api.w.org\/{rel}","templated":true}]}}