{"id":3799,"date":"2021-02-23T18:44:43","date_gmt":"2021-02-24T00:44:43","guid":{"rendered":"https:\/\/redamlo.com\/?p=3799"},"modified":"2021-02-23T18:44:43","modified_gmt":"2021-02-24T00:44:43","slug":"laura-beristain-obtiene-el-63-de-las-preferencias-en-encuesta-para-encabezar-la-alianza-de-morena-sobre-cristina-torres-37","status":"publish","type":"post","link":"https:\/\/redamlo.com\/index.php\/2021\/02\/23\/laura-beristain-obtiene-el-63-de-las-preferencias-en-encuesta-para-encabezar-la-alianza-de-morena-sobre-cristina-torres-37\/","title":{"rendered":"Laura Beristain obtiene el 63% de las preferencias en encuesta para encabezar la alianza de MORENA sobre Cristina Torres (37%)"},"content":{"rendered":"<p>La actual presidente municipal de Solidaridad obtuvo el 63% de los votos recibidos en una encuesta digital realizada por <strong>RED AMLO<\/strong> a trav\u00e9s de la herramienta digital de <strong>Google Docs<\/strong> donde participaron 2,977 personas acreditadas.<\/p>\n<p>Cabe se\u00f1alar que la herramienta de Google solo permite emitir un voto por cada usuario con cuenta registrada para evitar la duplicidad en la participaci\u00f3n y disminuir el margen de error en este ejercicio ciudadano que tiene como objetivo manifestar un term\u00f3metro real sobre las preferencias pol\u00edticas de la sociedad del<strong> Municipio de Solidaridad<\/strong>, Quintana Roo.<\/p>\n<p>Cabe se\u00f1alar que Laura Beristain venci\u00f3 en la elecci\u00f3n de 2018 a <strong>Cristina Torres<\/strong> para convertirse en la mujer m\u00e1s votada en la historia de Solidaridad y ahora vuelve a vencer en este ejercicio digital a la diputada Cristina Torres qui\u00e9n recientemente abandon\u00f3 el <strong>Grupo Parlamentario del Partido Acci\u00f3n Nacional (PAN)<\/strong> en el Congreso de Quintana Roo para adherirse a la bancada de <strong>MORENA<\/strong>.<\/p>\n","protected":false},"excerpt":{"rendered":"<p>La actual presidente municipal de Solidaridad obtuvo el 63% de los votos recibidos en una&#8230;<\/p>\n","protected":false},"author":2,"featured_media":3800,"comment_status":"open","ping_status":"closed","sticky":false,"template":"","format":"standard","meta":{"footnotes":""},"categories":[25,28],"tags":[523,524,358,24,525],"class_list":["post-3799","post","type-post","status-publish","format-standard","has-post-thumbnail","hentry","category-4t","category-educacion","tag-cristina-torres","tag-grupo-parlamentario-del-partido-accion-nacional-pan","tag-laura-beristain","tag-morena","tag-municipio-de-solidaridad"],"yoast_head":"<!-- This site is optimized with the Yoast SEO plugin v27.5 - https:\/\/yoast.com\/product\/yoast-seo-wordpress\/ -->\n<title>Laura Beristain obtiene el 63% de las preferencias en encuesta para encabezar la alianza de MORENA sobre Cristina Torres (37%) - NOTICIAS DE LA 4T<\/title>\n<meta name=\"robots\" content=\"noindex, follow, max-snippet:-1, max-image-preview:large, max-video-preview:-1\" \/>\n<meta property=\"og:locale\" content=\"es_MX\" \/>\n<meta property=\"og:type\" content=\"article\" \/>\n<meta property=\"og:title\" content=\"Laura Beristain obtiene el 63% de las preferencias en encuesta para encabezar la alianza de MORENA sobre Cristina Torres (37%) - NOTICIAS DE LA 4T\" \/>\n<meta property=\"og:description\" content=\"La actual presidente municipal de Solidaridad obtuvo el 63% de los votos recibidos en una...\" \/>\n<meta property=\"og:url\" content=\"https:\/\/redamlo.com\/index.php\/2021\/02\/23\/laura-beristain-obtiene-el-63-de-las-preferencias-en-encuesta-para-encabezar-la-alianza-de-morena-sobre-cristina-torres-37\/\" \/>\n<meta property=\"og:site_name\" content=\"NOTICIAS DE LA 4T\" \/>\n<meta property=\"article:published_time\" content=\"2021-02-24T00:44:43+00:00\" \/>\n<meta property=\"og:image\" content=\"https:\/\/redamlo.com\/wp-content\/uploads\/2021\/02\/RESULTADOS-ENCUESTAS-RED-AMLO-pdc-scaled-1.jpg\" \/>\n\t<meta property=\"og:image:width\" content=\"1920\" \/>\n\t<meta property=\"og:image:height\" content=\"2560\" \/>\n\t<meta property=\"og:image:type\" content=\"image\/jpeg\" \/>\n<meta name=\"author\" content=\"Blanca\" \/>\n<meta name=\"twitter:card\" content=\"summary_large_image\" \/>\n<meta name=\"twitter:label1\" content=\"Escrito por\" \/>\n\t<meta name=\"twitter:data1\" content=\"Blanca\" \/>\n\t<meta name=\"twitter:label2\" content=\"Tiempo de lectura\" \/>\n\t<meta name=\"twitter:data2\" content=\"1 minuto\" \/>\n<script type=\"application\/ld+json\" class=\"yoast-schema-graph\">{\"@context\":\"https:\\\/\\\/schema.org\",\"@graph\":[{\"@type\":\"Article\",\"@id\":\"https:\\\/\\\/redamlo.com\\\/index.php\\\/2021\\\/02\\\/23\\\/laura-beristain-obtiene-el-63-de-las-preferencias-en-encuesta-para-encabezar-la-alianza-de-morena-sobre-cristina-torres-37\\\/#article\",\"isPartOf\":{\"@id\":\"https:\\\/\\\/redamlo.com\\\/index.php\\\/2021\\\/02\\\/23\\\/laura-beristain-obtiene-el-63-de-las-preferencias-en-encuesta-para-encabezar-la-alianza-de-morena-sobre-cristina-torres-37\\\/\"},\"author\":{\"name\":\"Blanca\",\"@id\":\"https:\\\/\\\/redamlo.com\\\/#\\\/schema\\\/person\\\/7223a4375eb8f1a782fcae010a7115cf\"},\"headline\":\"Laura Beristain obtiene el 63% de las preferencias en encuesta para encabezar la alianza de MORENA sobre Cristina Torres (37%)\",\"datePublished\":\"2021-02-24T00:44:43+00:00\",\"mainEntityOfPage\":{\"@id\":\"https:\\\/\\\/redamlo.com\\\/index.php\\\/2021\\\/02\\\/23\\\/laura-beristain-obtiene-el-63-de-las-preferencias-en-encuesta-para-encabezar-la-alianza-de-morena-sobre-cristina-torres-37\\\/\"},\"wordCount\":180,\"commentCount\":0,\"publisher\":{\"@id\":\"https:\\\/\\\/redamlo.com\\\/#organization\"},\"image\":{\"@id\":\"https:\\\/\\\/redamlo.com\\\/index.php\\\/2021\\\/02\\\/23\\\/laura-beristain-obtiene-el-63-de-las-preferencias-en-encuesta-para-encabezar-la-alianza-de-morena-sobre-cristina-torres-37\\\/#primaryimage\"},\"thumbnailUrl\":\"https:\\\/\\\/redamlo.com\\\/wp-content\\\/uploads\\\/2021\\\/02\\\/RESULTADOS-ENCUESTAS-RED-AMLO-pdc-scaled-1.jpg\",\"keywords\":[\"Cristina Torres\",\"Grupo Parlamentario del Partido Acci\u00f3n Nacional (PAN)\",\"Laura Beristain\",\"Morena\",\"Municipio de Solidaridad\"],\"articleSection\":[\"4T\",\"Educaci\u00f3n\"],\"inLanguage\":\"es\",\"potentialAction\":[{\"@type\":\"CommentAction\",\"name\":\"Comment\",\"target\":[\"https:\\\/\\\/redamlo.com\\\/index.php\\\/2021\\\/02\\\/23\\\/laura-beristain-obtiene-el-63-de-las-preferencias-en-encuesta-para-encabezar-la-alianza-de-morena-sobre-cristina-torres-37\\\/#respond\"]}]},{\"@type\":\"WebPage\",\"@id\":\"https:\\\/\\\/redamlo.com\\\/index.php\\\/2021\\\/02\\\/23\\\/laura-beristain-obtiene-el-63-de-las-preferencias-en-encuesta-para-encabezar-la-alianza-de-morena-sobre-cristina-torres-37\\\/\",\"url\":\"https:\\\/\\\/redamlo.com\\\/index.php\\\/2021\\\/02\\\/23\\\/laura-beristain-obtiene-el-63-de-las-preferencias-en-encuesta-para-encabezar-la-alianza-de-morena-sobre-cristina-torres-37\\\/\",\"name\":\"Laura Beristain obtiene el 63% de las preferencias en encuesta para encabezar la alianza de MORENA sobre Cristina Torres (37%) - NOTICIAS DE LA 4T\",\"isPartOf\":{\"@id\":\"https:\\\/\\\/redamlo.com\\\/#website\"},\"primaryImageOfPage\":{\"@id\":\"https:\\\/\\\/redamlo.com\\\/index.php\\\/2021\\\/02\\\/23\\\/laura-beristain-obtiene-el-63-de-las-preferencias-en-encuesta-para-encabezar-la-alianza-de-morena-sobre-cristina-torres-37\\\/#primaryimage\"},\"image\":{\"@id\":\"https:\\\/\\\/redamlo.com\\\/index.php\\\/2021\\\/02\\\/23\\\/laura-beristain-obtiene-el-63-de-las-preferencias-en-encuesta-para-encabezar-la-alianza-de-morena-sobre-cristina-torres-37\\\/#primaryimage\"},\"thumbnailUrl\":\"https:\\\/\\\/redamlo.com\\\/wp-content\\\/uploads\\\/2021\\\/02\\\/RESULTADOS-ENCUESTAS-RED-AMLO-pdc-scaled-1.jpg\",\"datePublished\":\"2021-02-24T00:44:43+00:00\",\"breadcrumb\":{\"@id\":\"https:\\\/\\\/redamlo.com\\\/index.php\\\/2021\\\/02\\\/23\\\/laura-beristain-obtiene-el-63-de-las-preferencias-en-encuesta-para-encabezar-la-alianza-de-morena-sobre-cristina-torres-37\\\/#breadcrumb\"},\"inLanguage\":\"es\",\"potentialAction\":[{\"@type\":\"ReadAction\",\"target\":[\"https:\\\/\\\/redamlo.com\\\/index.php\\\/2021\\\/02\\\/23\\\/laura-beristain-obtiene-el-63-de-las-preferencias-en-encuesta-para-encabezar-la-alianza-de-morena-sobre-cristina-torres-37\\\/\"]}]},{\"@type\":\"ImageObject\",\"inLanguage\":\"es\",\"@id\":\"https:\\\/\\\/redamlo.com\\\/index.php\\\/2021\\\/02\\\/23\\\/laura-beristain-obtiene-el-63-de-las-preferencias-en-encuesta-para-encabezar-la-alianza-de-morena-sobre-cristina-torres-37\\\/#primaryimage\",\"url\":\"https:\\\/\\\/redamlo.com\\\/wp-content\\\/uploads\\\/2021\\\/02\\\/RESULTADOS-ENCUESTAS-RED-AMLO-pdc-scaled-1.jpg\",\"contentUrl\":\"https:\\\/\\\/redamlo.com\\\/wp-content\\\/uploads\\\/2021\\\/02\\\/RESULTADOS-ENCUESTAS-RED-AMLO-pdc-scaled-1.jpg\",\"width\":1920,\"height\":2560},{\"@type\":\"BreadcrumbList\",\"@id\":\"https:\\\/\\\/redamlo.com\\\/index.php\\\/2021\\\/02\\\/23\\\/laura-beristain-obtiene-el-63-de-las-preferencias-en-encuesta-para-encabezar-la-alianza-de-morena-sobre-cristina-torres-37\\\/#breadcrumb\",\"itemListElement\":[{\"@type\":\"ListItem\",\"position\":1,\"name\":\"Inicio\",\"item\":\"https:\\\/\\\/redamlo.com\\\/\"},{\"@type\":\"ListItem\",\"position\":2,\"name\":\"Laura Beristain obtiene el 63% de las preferencias en encuesta para encabezar la alianza de MORENA sobre Cristina Torres (37%)\"}]},{\"@type\":\"WebSite\",\"@id\":\"https:\\\/\\\/redamlo.com\\\/#website\",\"url\":\"https:\\\/\\\/redamlo.com\\\/\",\"name\":\"NOTICIAS DE LA 4T\",\"description\":\"\",\"publisher\":{\"@id\":\"https:\\\/\\\/redamlo.com\\\/#organization\"},\"potentialAction\":[{\"@type\":\"SearchAction\",\"target\":{\"@type\":\"EntryPoint\",\"urlTemplate\":\"https:\\\/\\\/redamlo.com\\\/?s={search_term_string}\"},\"query-input\":{\"@type\":\"PropertyValueSpecification\",\"valueRequired\":true,\"valueName\":\"search_term_string\"}}],\"inLanguage\":\"es\"},{\"@type\":\"Organization\",\"@id\":\"https:\\\/\\\/redamlo.com\\\/#organization\",\"name\":\"NOTICIAS DE LA 4T\",\"url\":\"https:\\\/\\\/redamlo.com\\\/\",\"logo\":{\"@type\":\"ImageObject\",\"inLanguage\":\"es\",\"@id\":\"https:\\\/\\\/redamlo.com\\\/#\\\/schema\\\/logo\\\/image\\\/\",\"url\":\"https:\\\/\\\/redamlo.com\\\/wp-content\\\/uploads\\\/2024\\\/08\\\/cropped-RED-AMLO-logo-50.png\",\"contentUrl\":\"https:\\\/\\\/redamlo.com\\\/wp-content\\\/uploads\\\/2024\\\/08\\\/cropped-RED-AMLO-logo-50.png\",\"width\":256,\"height\":256,\"caption\":\"NOTICIAS DE LA 4T\"},\"image\":{\"@id\":\"https:\\\/\\\/redamlo.com\\\/#\\\/schema\\\/logo\\\/image\\\/\"}},{\"@type\":\"Person\",\"@id\":\"https:\\\/\\\/redamlo.com\\\/#\\\/schema\\\/person\\\/7223a4375eb8f1a782fcae010a7115cf\",\"name\":\"Blanca\",\"image\":{\"@type\":\"ImageObject\",\"inLanguage\":\"es\",\"@id\":\"https:\\\/\\\/secure.gravatar.com\\\/avatar\\\/3f79bc8336367a4e6093eae8757acaaf61d1124834b905616de7829b0273426d?s=96&d=mm&r=g\",\"url\":\"https:\\\/\\\/secure.gravatar.com\\\/avatar\\\/3f79bc8336367a4e6093eae8757acaaf61d1124834b905616de7829b0273426d?s=96&d=mm&r=g\",\"contentUrl\":\"https:\\\/\\\/secure.gravatar.com\\\/avatar\\\/3f79bc8336367a4e6093eae8757acaaf61d1124834b905616de7829b0273426d?s=96&d=mm&r=g\",\"caption\":\"Blanca\"},\"url\":\"https:\\\/\\\/redamlo.com\\\/index.php\\\/author\\\/blanca\\\/\"}]}<\/script>\n<!-- \/ Yoast SEO plugin. -->","yoast_head_json":{"title":"Laura Beristain obtiene el 63% de las preferencias en encuesta para encabezar la alianza de MORENA sobre Cristina Torres (37%) - NOTICIAS DE LA 4T","robots":{"index":"noindex","follow":"follow","max-snippet":"max-snippet:-1","max-image-preview":"max-image-preview:large","max-video-preview":"max-video-preview:-1"},"og_locale":"es_MX","og_type":"article","og_title":"Laura Beristain obtiene el 63% de las preferencias en encuesta para encabezar la alianza de MORENA sobre Cristina Torres (37%) - NOTICIAS DE LA 4T","og_description":"La actual presidente municipal de Solidaridad obtuvo el 63% de los votos recibidos en una...","og_url":"https:\/\/redamlo.com\/index.php\/2021\/02\/23\/laura-beristain-obtiene-el-63-de-las-preferencias-en-encuesta-para-encabezar-la-alianza-de-morena-sobre-cristina-torres-37\/","og_site_name":"NOTICIAS DE LA 4T","article_published_time":"2021-02-24T00:44:43+00:00","og_image":[{"width":1920,"height":2560,"url":"https:\/\/redamlo.com\/wp-content\/uploads\/2021\/02\/RESULTADOS-ENCUESTAS-RED-AMLO-pdc-scaled-1.jpg","type":"image\/jpeg"}],"author":"Blanca","twitter_card":"summary_large_image","twitter_misc":{"Escrito por":"Blanca","Tiempo de lectura":"1 minuto"},"schema":{"@context":"https:\/\/schema.org","@graph":[{"@type":"Article","@id":"https:\/\/redamlo.com\/index.php\/2021\/02\/23\/laura-beristain-obtiene-el-63-de-las-preferencias-en-encuesta-para-encabezar-la-alianza-de-morena-sobre-cristina-torres-37\/#article","isPartOf":{"@id":"https:\/\/redamlo.com\/index.php\/2021\/02\/23\/laura-beristain-obtiene-el-63-de-las-preferencias-en-encuesta-para-encabezar-la-alianza-de-morena-sobre-cristina-torres-37\/"},"author":{"name":"Blanca","@id":"https:\/\/redamlo.com\/#\/schema\/person\/7223a4375eb8f1a782fcae010a7115cf"},"headline":"Laura Beristain obtiene el 63% de las preferencias en encuesta para encabezar la alianza de MORENA sobre Cristina Torres (37%)","datePublished":"2021-02-24T00:44:43+00:00","mainEntityOfPage":{"@id":"https:\/\/redamlo.com\/index.php\/2021\/02\/23\/laura-beristain-obtiene-el-63-de-las-preferencias-en-encuesta-para-encabezar-la-alianza-de-morena-sobre-cristina-torres-37\/"},"wordCount":180,"commentCount":0,"publisher":{"@id":"https:\/\/redamlo.com\/#organization"},"image":{"@id":"https:\/\/redamlo.com\/index.php\/2021\/02\/23\/laura-beristain-obtiene-el-63-de-las-preferencias-en-encuesta-para-encabezar-la-alianza-de-morena-sobre-cristina-torres-37\/#primaryimage"},"thumbnailUrl":"https:\/\/redamlo.com\/wp-content\/uploads\/2021\/02\/RESULTADOS-ENCUESTAS-RED-AMLO-pdc-scaled-1.jpg","keywords":["Cristina Torres","Grupo Parlamentario del Partido Acci\u00f3n Nacional (PAN)","Laura Beristain","Morena","Municipio de Solidaridad"],"articleSection":["4T","Educaci\u00f3n"],"inLanguage":"es","potentialAction":[{"@type":"CommentAction","name":"Comment","target":["https:\/\/redamlo.com\/index.php\/2021\/02\/23\/laura-beristain-obtiene-el-63-de-las-preferencias-en-encuesta-para-encabezar-la-alianza-de-morena-sobre-cristina-torres-37\/#respond"]}]},{"@type":"WebPage","@id":"https:\/\/redamlo.com\/index.php\/2021\/02\/23\/laura-beristain-obtiene-el-63-de-las-preferencias-en-encuesta-para-encabezar-la-alianza-de-morena-sobre-cristina-torres-37\/","url":"https:\/\/redamlo.com\/index.php\/2021\/02\/23\/laura-beristain-obtiene-el-63-de-las-preferencias-en-encuesta-para-encabezar-la-alianza-de-morena-sobre-cristina-torres-37\/","name":"Laura Beristain obtiene el 63% de las preferencias en encuesta para encabezar la alianza de MORENA sobre Cristina Torres (37%) - NOTICIAS DE LA 4T","isPartOf":{"@id":"https:\/\/redamlo.com\/#website"},"primaryImageOfPage":{"@id":"https:\/\/redamlo.com\/index.php\/2021\/02\/23\/laura-beristain-obtiene-el-63-de-las-preferencias-en-encuesta-para-encabezar-la-alianza-de-morena-sobre-cristina-torres-37\/#primaryimage"},"image":{"@id":"https:\/\/redamlo.com\/index.php\/2021\/02\/23\/laura-beristain-obtiene-el-63-de-las-preferencias-en-encuesta-para-encabezar-la-alianza-de-morena-sobre-cristina-torres-37\/#primaryimage"},"thumbnailUrl":"https:\/\/redamlo.com\/wp-content\/uploads\/2021\/02\/RESULTADOS-ENCUESTAS-RED-AMLO-pdc-scaled-1.jpg","datePublished":"2021-02-24T00:44:43+00:00","breadcrumb":{"@id":"https:\/\/redamlo.com\/index.php\/2021\/02\/23\/laura-beristain-obtiene-el-63-de-las-preferencias-en-encuesta-para-encabezar-la-alianza-de-morena-sobre-cristina-torres-37\/#breadcrumb"},"inLanguage":"es","potentialAction":[{"@type":"ReadAction","target":["https:\/\/redamlo.com\/index.php\/2021\/02\/23\/laura-beristain-obtiene-el-63-de-las-preferencias-en-encuesta-para-encabezar-la-alianza-de-morena-sobre-cristina-torres-37\/"]}]},{"@type":"ImageObject","inLanguage":"es","@id":"https:\/\/redamlo.com\/index.php\/2021\/02\/23\/laura-beristain-obtiene-el-63-de-las-preferencias-en-encuesta-para-encabezar-la-alianza-de-morena-sobre-cristina-torres-37\/#primaryimage","url":"https:\/\/redamlo.com\/wp-content\/uploads\/2021\/02\/RESULTADOS-ENCUESTAS-RED-AMLO-pdc-scaled-1.jpg","contentUrl":"https:\/\/redamlo.com\/wp-content\/uploads\/2021\/02\/RESULTADOS-ENCUESTAS-RED-AMLO-pdc-scaled-1.jpg","width":1920,"height":2560},{"@type":"BreadcrumbList","@id":"https:\/\/redamlo.com\/index.php\/2021\/02\/23\/laura-beristain-obtiene-el-63-de-las-preferencias-en-encuesta-para-encabezar-la-alianza-de-morena-sobre-cristina-torres-37\/#breadcrumb","itemListElement":[{"@type":"ListItem","position":1,"name":"Inicio","item":"https:\/\/redamlo.com\/"},{"@type":"ListItem","position":2,"name":"Laura Beristain obtiene el 63% de las preferencias en encuesta para encabezar la alianza de MORENA sobre Cristina Torres (37%)"}]},{"@type":"WebSite","@id":"https:\/\/redamlo.com\/#website","url":"https:\/\/redamlo.com\/","name":"NOTICIAS DE LA 4T","description":"","publisher":{"@id":"https:\/\/redamlo.com\/#organization"},"potentialAction":[{"@type":"SearchAction","target":{"@type":"EntryPoint","urlTemplate":"https:\/\/redamlo.com\/?s={search_term_string}"},"query-input":{"@type":"PropertyValueSpecification","valueRequired":true,"valueName":"search_term_string"}}],"inLanguage":"es"},{"@type":"Organization","@id":"https:\/\/redamlo.com\/#organization","name":"NOTICIAS DE LA 4T","url":"https:\/\/redamlo.com\/","logo":{"@type":"ImageObject","inLanguage":"es","@id":"https:\/\/redamlo.com\/#\/schema\/logo\/image\/","url":"https:\/\/redamlo.com\/wp-content\/uploads\/2024\/08\/cropped-RED-AMLO-logo-50.png","contentUrl":"https:\/\/redamlo.com\/wp-content\/uploads\/2024\/08\/cropped-RED-AMLO-logo-50.png","width":256,"height":256,"caption":"NOTICIAS DE LA 4T"},"image":{"@id":"https:\/\/redamlo.com\/#\/schema\/logo\/image\/"}},{"@type":"Person","@id":"https:\/\/redamlo.com\/#\/schema\/person\/7223a4375eb8f1a782fcae010a7115cf","name":"Blanca","image":{"@type":"ImageObject","inLanguage":"es","@id":"https:\/\/secure.gravatar.com\/avatar\/3f79bc8336367a4e6093eae8757acaaf61d1124834b905616de7829b0273426d?s=96&d=mm&r=g","url":"https:\/\/secure.gravatar.com\/avatar\/3f79bc8336367a4e6093eae8757acaaf61d1124834b905616de7829b0273426d?s=96&d=mm&r=g","contentUrl":"https:\/\/secure.gravatar.com\/avatar\/3f79bc8336367a4e6093eae8757acaaf61d1124834b905616de7829b0273426d?s=96&d=mm&r=g","caption":"Blanca"},"url":"https:\/\/redamlo.com\/index.php\/author\/blanca\/"}]}},"_links":{"self":[{"href":"https:\/\/redamlo.com\/index.php\/wp-json\/wp\/v2\/posts\/3799","targetHints":{"allow":["GET"]}}],"collection":[{"href":"https:\/\/redamlo.com\/index.php\/wp-json\/wp\/v2\/posts"}],"about":[{"href":"https:\/\/redamlo.com\/index.php\/wp-json\/wp\/v2\/types\/post"}],"author":[{"embeddable":true,"href":"https:\/\/redamlo.com\/index.php\/wp-json\/wp\/v2\/users\/2"}],"replies":[{"embeddable":true,"href":"https:\/\/redamlo.com\/index.php\/wp-json\/wp\/v2\/comments?post=3799"}],"version-history":[{"count":0,"href":"https:\/\/redamlo.com\/index.php\/wp-json\/wp\/v2\/posts\/3799\/revisions"}],"wp:featuredmedia":[{"embeddable":true,"href":"https:\/\/redamlo.com\/index.php\/wp-json\/wp\/v2\/media\/3800"}],"wp:attachment":[{"href":"https:\/\/redamlo.com\/index.php\/wp-json\/wp\/v2\/media?parent=3799"}],"wp:term":[{"taxonomy":"category","embeddable":true,"href":"https:\/\/redamlo.com\/index.php\/wp-json\/wp\/v2\/categories?post=3799"},{"taxonomy":"post_tag","embeddable":true,"href":"https:\/\/redamlo.com\/index.php\/wp-json\/wp\/v2\/tags?post=3799"}],"curies":[{"name":"wp","href":"https:\/\/api.w.org\/{rel}","templated":true}]}}