{"id":3793,"date":"2021-02-23T14:07:18","date_gmt":"2021-02-23T20:07:18","guid":{"rendered":"https:\/\/redamlo.com\/?p=3793"},"modified":"2021-02-23T14:07:18","modified_gmt":"2021-02-23T20:07:18","slug":"encuesta-ciudadana-quien-consideras-que-debe-ser-la-candidata-para-ocupar-la-alcaldia-en-benito-juarez","status":"publish","type":"post","link":"https:\/\/redamlo.com\/index.php\/2021\/02\/23\/encuesta-ciudadana-quien-consideras-que-debe-ser-la-candidata-para-ocupar-la-alcaldia-en-benito-juarez\/","title":{"rendered":"Encuesta Ciudadana \u00bfQui\u00e9n Consideras que debe ser la Candidata para ocupar la Alcald\u00eda en Benito Ju\u00e1rez?"},"content":{"rendered":"<p>Quintana Roo a 23 de febrero 2021 .-<\/p>\n<p>En Quintana Roo continua acomod\u00e1ndose el panorama pol\u00edtico, y claramente se puede divisar quienes son las personalidades que pueden ocupar la Presidencia Municipal de Benito Ju\u00e1rez, son dos precandidatas que se consideran las mas fuertes para representar la Cuarta Transformaci\u00f3n en Canc\u00fan.<\/p>\n<p><strong>Mara Lezama<\/strong> y <strong>Marybel Villegas Canch\u00e9.<\/strong><\/p>\n<p><iframe loading=\"lazy\" src=\"https:\/\/docs.google.com\/forms\/d\/e\/1FAIpQLSeckzEaLZTDucletqSXXWVNt8jix7eZm4LTORyUGwIn4VmgaA\/viewform?embedded=true\" width=\"640\" height=\"720\" frameborder=\"0\" marginwidth=\"0\" marginheight=\"0\">Cargando\u2026<\/iframe><\/p>\n<h3><strong>La Presente encuesta no esta pagada por ning\u00fan candidato ni partido pol\u00edtico, los resultados no son oficiales y solo representan la opini\u00f3n ciudadana.<\/strong><\/h3>\n","protected":false},"excerpt":{"rendered":"<p>Quintana Roo a 23 de febrero 2021 .- En Quintana Roo continua acomod\u00e1ndose el panorama&#8230;<\/p>\n","protected":false},"author":2,"featured_media":3794,"comment_status":"open","ping_status":"closed","sticky":false,"template":"","format":"standard","meta":{"footnotes":""},"categories":[25,215],"tags":[519,397,414,520,521,522],"class_list":["post-3793","post","type-post","status-publish","format-standard","has-post-thumbnail","hentry","category-4t","category-opinion","tag-elecciones-cancun","tag-elecciones-en-quintana-roo","tag-elecciones-morena-2021","tag-elecciones-morena-benito-juarez-quintana-roo","tag-mara-lezama","tag-marybel-villegas-canche"],"yoast_head":"<!-- This site is optimized with the Yoast SEO plugin v27.5 - https:\/\/yoast.com\/product\/yoast-seo-wordpress\/ -->\n<title>Encuesta Ciudadana \u00bfQui\u00e9n Consideras que debe ser la Candidata para ocupar la Alcald\u00eda en Benito Ju\u00e1rez? - NOTICIAS DE LA 4T<\/title>\n<meta name=\"robots\" content=\"noindex, follow, max-snippet:-1, max-image-preview:large, max-video-preview:-1\" \/>\n<meta property=\"og:locale\" content=\"es_MX\" \/>\n<meta property=\"og:type\" content=\"article\" \/>\n<meta property=\"og:title\" content=\"Encuesta Ciudadana \u00bfQui\u00e9n Consideras que debe ser la Candidata para ocupar la Alcald\u00eda en Benito Ju\u00e1rez? - NOTICIAS DE LA 4T\" \/>\n<meta property=\"og:description\" content=\"Quintana Roo a 23 de febrero 2021 .- En Quintana Roo continua acomod\u00e1ndose el panorama...\" \/>\n<meta property=\"og:url\" content=\"https:\/\/redamlo.com\/index.php\/2021\/02\/23\/encuesta-ciudadana-quien-consideras-que-debe-ser-la-candidata-para-ocupar-la-alcaldia-en-benito-juarez\/\" \/>\n<meta property=\"og:site_name\" content=\"NOTICIAS DE LA 4T\" \/>\n<meta property=\"article:published_time\" content=\"2021-02-23T20:07:18+00:00\" \/>\n<meta property=\"og:image\" content=\"https:\/\/redamlo.com\/wp-content\/uploads\/2021\/02\/CANDIDATOS-CANCUN-MORENA.jpg\" \/>\n\t<meta property=\"og:image:width\" content=\"1200\" \/>\n\t<meta property=\"og:image:height\" content=\"800\" \/>\n\t<meta property=\"og:image:type\" content=\"image\/jpeg\" \/>\n<meta name=\"author\" content=\"Blanca\" \/>\n<meta name=\"twitter:card\" content=\"summary_large_image\" \/>\n<meta name=\"twitter:label1\" content=\"Escrito por\" \/>\n\t<meta name=\"twitter:data1\" content=\"Blanca\" \/>\n\t<meta name=\"twitter:label2\" content=\"Tiempo de lectura\" \/>\n\t<meta name=\"twitter:data2\" content=\"1 minuto\" \/>\n<script type=\"application\/ld+json\" class=\"yoast-schema-graph\">{\"@context\":\"https:\\\/\\\/schema.org\",\"@graph\":[{\"@type\":\"Article\",\"@id\":\"https:\\\/\\\/redamlo.com\\\/index.php\\\/2021\\\/02\\\/23\\\/encuesta-ciudadana-quien-consideras-que-debe-ser-la-candidata-para-ocupar-la-alcaldia-en-benito-juarez\\\/#article\",\"isPartOf\":{\"@id\":\"https:\\\/\\\/redamlo.com\\\/index.php\\\/2021\\\/02\\\/23\\\/encuesta-ciudadana-quien-consideras-que-debe-ser-la-candidata-para-ocupar-la-alcaldia-en-benito-juarez\\\/\"},\"author\":{\"name\":\"Blanca\",\"@id\":\"https:\\\/\\\/redamlo.com\\\/#\\\/schema\\\/person\\\/7223a4375eb8f1a782fcae010a7115cf\"},\"headline\":\"Encuesta Ciudadana \u00bfQui\u00e9n Consideras que debe ser la Candidata para ocupar la Alcald\u00eda en Benito Ju\u00e1rez?\",\"datePublished\":\"2021-02-23T20:07:18+00:00\",\"mainEntityOfPage\":{\"@id\":\"https:\\\/\\\/redamlo.com\\\/index.php\\\/2021\\\/02\\\/23\\\/encuesta-ciudadana-quien-consideras-que-debe-ser-la-candidata-para-ocupar-la-alcaldia-en-benito-juarez\\\/\"},\"wordCount\":105,\"commentCount\":0,\"publisher\":{\"@id\":\"https:\\\/\\\/redamlo.com\\\/#organization\"},\"image\":{\"@id\":\"https:\\\/\\\/redamlo.com\\\/index.php\\\/2021\\\/02\\\/23\\\/encuesta-ciudadana-quien-consideras-que-debe-ser-la-candidata-para-ocupar-la-alcaldia-en-benito-juarez\\\/#primaryimage\"},\"thumbnailUrl\":\"https:\\\/\\\/redamlo.com\\\/wp-content\\\/uploads\\\/2021\\\/02\\\/CANDIDATOS-CANCUN-MORENA.jpg\",\"keywords\":[\"Elecciones Canc\u00fan\",\"Elecciones en Quintana Roo\",\"Elecciones Morena 2021\",\"Elecciones Morena Benito Ju\u00e1rez Quintana Roo\",\"Mara Lezama\",\"Marybel Villegas Canch\u00e9.\"],\"articleSection\":[\"4T\",\"Opini\u00f3n\"],\"inLanguage\":\"es\",\"potentialAction\":[{\"@type\":\"CommentAction\",\"name\":\"Comment\",\"target\":[\"https:\\\/\\\/redamlo.com\\\/index.php\\\/2021\\\/02\\\/23\\\/encuesta-ciudadana-quien-consideras-que-debe-ser-la-candidata-para-ocupar-la-alcaldia-en-benito-juarez\\\/#respond\"]}]},{\"@type\":\"WebPage\",\"@id\":\"https:\\\/\\\/redamlo.com\\\/index.php\\\/2021\\\/02\\\/23\\\/encuesta-ciudadana-quien-consideras-que-debe-ser-la-candidata-para-ocupar-la-alcaldia-en-benito-juarez\\\/\",\"url\":\"https:\\\/\\\/redamlo.com\\\/index.php\\\/2021\\\/02\\\/23\\\/encuesta-ciudadana-quien-consideras-que-debe-ser-la-candidata-para-ocupar-la-alcaldia-en-benito-juarez\\\/\",\"name\":\"Encuesta Ciudadana \u00bfQui\u00e9n Consideras que debe ser la Candidata para ocupar la Alcald\u00eda en Benito Ju\u00e1rez? - NOTICIAS DE LA 4T\",\"isPartOf\":{\"@id\":\"https:\\\/\\\/redamlo.com\\\/#website\"},\"primaryImageOfPage\":{\"@id\":\"https:\\\/\\\/redamlo.com\\\/index.php\\\/2021\\\/02\\\/23\\\/encuesta-ciudadana-quien-consideras-que-debe-ser-la-candidata-para-ocupar-la-alcaldia-en-benito-juarez\\\/#primaryimage\"},\"image\":{\"@id\":\"https:\\\/\\\/redamlo.com\\\/index.php\\\/2021\\\/02\\\/23\\\/encuesta-ciudadana-quien-consideras-que-debe-ser-la-candidata-para-ocupar-la-alcaldia-en-benito-juarez\\\/#primaryimage\"},\"thumbnailUrl\":\"https:\\\/\\\/redamlo.com\\\/wp-content\\\/uploads\\\/2021\\\/02\\\/CANDIDATOS-CANCUN-MORENA.jpg\",\"datePublished\":\"2021-02-23T20:07:18+00:00\",\"breadcrumb\":{\"@id\":\"https:\\\/\\\/redamlo.com\\\/index.php\\\/2021\\\/02\\\/23\\\/encuesta-ciudadana-quien-consideras-que-debe-ser-la-candidata-para-ocupar-la-alcaldia-en-benito-juarez\\\/#breadcrumb\"},\"inLanguage\":\"es\",\"potentialAction\":[{\"@type\":\"ReadAction\",\"target\":[\"https:\\\/\\\/redamlo.com\\\/index.php\\\/2021\\\/02\\\/23\\\/encuesta-ciudadana-quien-consideras-que-debe-ser-la-candidata-para-ocupar-la-alcaldia-en-benito-juarez\\\/\"]}]},{\"@type\":\"ImageObject\",\"inLanguage\":\"es\",\"@id\":\"https:\\\/\\\/redamlo.com\\\/index.php\\\/2021\\\/02\\\/23\\\/encuesta-ciudadana-quien-consideras-que-debe-ser-la-candidata-para-ocupar-la-alcaldia-en-benito-juarez\\\/#primaryimage\",\"url\":\"https:\\\/\\\/redamlo.com\\\/wp-content\\\/uploads\\\/2021\\\/02\\\/CANDIDATOS-CANCUN-MORENA.jpg\",\"contentUrl\":\"https:\\\/\\\/redamlo.com\\\/wp-content\\\/uploads\\\/2021\\\/02\\\/CANDIDATOS-CANCUN-MORENA.jpg\",\"width\":1200,\"height\":800},{\"@type\":\"BreadcrumbList\",\"@id\":\"https:\\\/\\\/redamlo.com\\\/index.php\\\/2021\\\/02\\\/23\\\/encuesta-ciudadana-quien-consideras-que-debe-ser-la-candidata-para-ocupar-la-alcaldia-en-benito-juarez\\\/#breadcrumb\",\"itemListElement\":[{\"@type\":\"ListItem\",\"position\":1,\"name\":\"Inicio\",\"item\":\"https:\\\/\\\/redamlo.com\\\/\"},{\"@type\":\"ListItem\",\"position\":2,\"name\":\"Encuesta Ciudadana \u00bfQui\u00e9n Consideras que debe ser la Candidata para ocupar la Alcald\u00eda en Benito Ju\u00e1rez?\"}]},{\"@type\":\"WebSite\",\"@id\":\"https:\\\/\\\/redamlo.com\\\/#website\",\"url\":\"https:\\\/\\\/redamlo.com\\\/\",\"name\":\"NOTICIAS DE LA 4T\",\"description\":\"\",\"publisher\":{\"@id\":\"https:\\\/\\\/redamlo.com\\\/#organization\"},\"potentialAction\":[{\"@type\":\"SearchAction\",\"target\":{\"@type\":\"EntryPoint\",\"urlTemplate\":\"https:\\\/\\\/redamlo.com\\\/?s={search_term_string}\"},\"query-input\":{\"@type\":\"PropertyValueSpecification\",\"valueRequired\":true,\"valueName\":\"search_term_string\"}}],\"inLanguage\":\"es\"},{\"@type\":\"Organization\",\"@id\":\"https:\\\/\\\/redamlo.com\\\/#organization\",\"name\":\"NOTICIAS DE LA 4T\",\"url\":\"https:\\\/\\\/redamlo.com\\\/\",\"logo\":{\"@type\":\"ImageObject\",\"inLanguage\":\"es\",\"@id\":\"https:\\\/\\\/redamlo.com\\\/#\\\/schema\\\/logo\\\/image\\\/\",\"url\":\"https:\\\/\\\/redamlo.com\\\/wp-content\\\/uploads\\\/2024\\\/08\\\/cropped-RED-AMLO-logo-50.png\",\"contentUrl\":\"https:\\\/\\\/redamlo.com\\\/wp-content\\\/uploads\\\/2024\\\/08\\\/cropped-RED-AMLO-logo-50.png\",\"width\":256,\"height\":256,\"caption\":\"NOTICIAS DE LA 4T\"},\"image\":{\"@id\":\"https:\\\/\\\/redamlo.com\\\/#\\\/schema\\\/logo\\\/image\\\/\"}},{\"@type\":\"Person\",\"@id\":\"https:\\\/\\\/redamlo.com\\\/#\\\/schema\\\/person\\\/7223a4375eb8f1a782fcae010a7115cf\",\"name\":\"Blanca\",\"image\":{\"@type\":\"ImageObject\",\"inLanguage\":\"es\",\"@id\":\"https:\\\/\\\/secure.gravatar.com\\\/avatar\\\/3f79bc8336367a4e6093eae8757acaaf61d1124834b905616de7829b0273426d?s=96&d=mm&r=g\",\"url\":\"https:\\\/\\\/secure.gravatar.com\\\/avatar\\\/3f79bc8336367a4e6093eae8757acaaf61d1124834b905616de7829b0273426d?s=96&d=mm&r=g\",\"contentUrl\":\"https:\\\/\\\/secure.gravatar.com\\\/avatar\\\/3f79bc8336367a4e6093eae8757acaaf61d1124834b905616de7829b0273426d?s=96&d=mm&r=g\",\"caption\":\"Blanca\"},\"url\":\"https:\\\/\\\/redamlo.com\\\/index.php\\\/author\\\/blanca\\\/\"}]}<\/script>\n<!-- \/ Yoast SEO plugin. -->","yoast_head_json":{"title":"Encuesta Ciudadana \u00bfQui\u00e9n Consideras que debe ser la Candidata para ocupar la Alcald\u00eda en Benito Ju\u00e1rez? - NOTICIAS DE LA 4T","robots":{"index":"noindex","follow":"follow","max-snippet":"max-snippet:-1","max-image-preview":"max-image-preview:large","max-video-preview":"max-video-preview:-1"},"og_locale":"es_MX","og_type":"article","og_title":"Encuesta Ciudadana \u00bfQui\u00e9n Consideras que debe ser la Candidata para ocupar la Alcald\u00eda en Benito Ju\u00e1rez? - NOTICIAS DE LA 4T","og_description":"Quintana Roo a 23 de febrero 2021 .- En Quintana Roo continua acomod\u00e1ndose el panorama...","og_url":"https:\/\/redamlo.com\/index.php\/2021\/02\/23\/encuesta-ciudadana-quien-consideras-que-debe-ser-la-candidata-para-ocupar-la-alcaldia-en-benito-juarez\/","og_site_name":"NOTICIAS DE LA 4T","article_published_time":"2021-02-23T20:07:18+00:00","og_image":[{"width":1200,"height":800,"url":"https:\/\/redamlo.com\/wp-content\/uploads\/2021\/02\/CANDIDATOS-CANCUN-MORENA.jpg","type":"image\/jpeg"}],"author":"Blanca","twitter_card":"summary_large_image","twitter_misc":{"Escrito por":"Blanca","Tiempo de lectura":"1 minuto"},"schema":{"@context":"https:\/\/schema.org","@graph":[{"@type":"Article","@id":"https:\/\/redamlo.com\/index.php\/2021\/02\/23\/encuesta-ciudadana-quien-consideras-que-debe-ser-la-candidata-para-ocupar-la-alcaldia-en-benito-juarez\/#article","isPartOf":{"@id":"https:\/\/redamlo.com\/index.php\/2021\/02\/23\/encuesta-ciudadana-quien-consideras-que-debe-ser-la-candidata-para-ocupar-la-alcaldia-en-benito-juarez\/"},"author":{"name":"Blanca","@id":"https:\/\/redamlo.com\/#\/schema\/person\/7223a4375eb8f1a782fcae010a7115cf"},"headline":"Encuesta Ciudadana \u00bfQui\u00e9n Consideras que debe ser la Candidata para ocupar la Alcald\u00eda en Benito Ju\u00e1rez?","datePublished":"2021-02-23T20:07:18+00:00","mainEntityOfPage":{"@id":"https:\/\/redamlo.com\/index.php\/2021\/02\/23\/encuesta-ciudadana-quien-consideras-que-debe-ser-la-candidata-para-ocupar-la-alcaldia-en-benito-juarez\/"},"wordCount":105,"commentCount":0,"publisher":{"@id":"https:\/\/redamlo.com\/#organization"},"image":{"@id":"https:\/\/redamlo.com\/index.php\/2021\/02\/23\/encuesta-ciudadana-quien-consideras-que-debe-ser-la-candidata-para-ocupar-la-alcaldia-en-benito-juarez\/#primaryimage"},"thumbnailUrl":"https:\/\/redamlo.com\/wp-content\/uploads\/2021\/02\/CANDIDATOS-CANCUN-MORENA.jpg","keywords":["Elecciones Canc\u00fan","Elecciones en Quintana Roo","Elecciones Morena 2021","Elecciones Morena Benito Ju\u00e1rez Quintana Roo","Mara Lezama","Marybel Villegas Canch\u00e9."],"articleSection":["4T","Opini\u00f3n"],"inLanguage":"es","potentialAction":[{"@type":"CommentAction","name":"Comment","target":["https:\/\/redamlo.com\/index.php\/2021\/02\/23\/encuesta-ciudadana-quien-consideras-que-debe-ser-la-candidata-para-ocupar-la-alcaldia-en-benito-juarez\/#respond"]}]},{"@type":"WebPage","@id":"https:\/\/redamlo.com\/index.php\/2021\/02\/23\/encuesta-ciudadana-quien-consideras-que-debe-ser-la-candidata-para-ocupar-la-alcaldia-en-benito-juarez\/","url":"https:\/\/redamlo.com\/index.php\/2021\/02\/23\/encuesta-ciudadana-quien-consideras-que-debe-ser-la-candidata-para-ocupar-la-alcaldia-en-benito-juarez\/","name":"Encuesta Ciudadana \u00bfQui\u00e9n Consideras que debe ser la Candidata para ocupar la Alcald\u00eda en Benito Ju\u00e1rez? - NOTICIAS DE LA 4T","isPartOf":{"@id":"https:\/\/redamlo.com\/#website"},"primaryImageOfPage":{"@id":"https:\/\/redamlo.com\/index.php\/2021\/02\/23\/encuesta-ciudadana-quien-consideras-que-debe-ser-la-candidata-para-ocupar-la-alcaldia-en-benito-juarez\/#primaryimage"},"image":{"@id":"https:\/\/redamlo.com\/index.php\/2021\/02\/23\/encuesta-ciudadana-quien-consideras-que-debe-ser-la-candidata-para-ocupar-la-alcaldia-en-benito-juarez\/#primaryimage"},"thumbnailUrl":"https:\/\/redamlo.com\/wp-content\/uploads\/2021\/02\/CANDIDATOS-CANCUN-MORENA.jpg","datePublished":"2021-02-23T20:07:18+00:00","breadcrumb":{"@id":"https:\/\/redamlo.com\/index.php\/2021\/02\/23\/encuesta-ciudadana-quien-consideras-que-debe-ser-la-candidata-para-ocupar-la-alcaldia-en-benito-juarez\/#breadcrumb"},"inLanguage":"es","potentialAction":[{"@type":"ReadAction","target":["https:\/\/redamlo.com\/index.php\/2021\/02\/23\/encuesta-ciudadana-quien-consideras-que-debe-ser-la-candidata-para-ocupar-la-alcaldia-en-benito-juarez\/"]}]},{"@type":"ImageObject","inLanguage":"es","@id":"https:\/\/redamlo.com\/index.php\/2021\/02\/23\/encuesta-ciudadana-quien-consideras-que-debe-ser-la-candidata-para-ocupar-la-alcaldia-en-benito-juarez\/#primaryimage","url":"https:\/\/redamlo.com\/wp-content\/uploads\/2021\/02\/CANDIDATOS-CANCUN-MORENA.jpg","contentUrl":"https:\/\/redamlo.com\/wp-content\/uploads\/2021\/02\/CANDIDATOS-CANCUN-MORENA.jpg","width":1200,"height":800},{"@type":"BreadcrumbList","@id":"https:\/\/redamlo.com\/index.php\/2021\/02\/23\/encuesta-ciudadana-quien-consideras-que-debe-ser-la-candidata-para-ocupar-la-alcaldia-en-benito-juarez\/#breadcrumb","itemListElement":[{"@type":"ListItem","position":1,"name":"Inicio","item":"https:\/\/redamlo.com\/"},{"@type":"ListItem","position":2,"name":"Encuesta Ciudadana \u00bfQui\u00e9n Consideras que debe ser la Candidata para ocupar la Alcald\u00eda en Benito Ju\u00e1rez?"}]},{"@type":"WebSite","@id":"https:\/\/redamlo.com\/#website","url":"https:\/\/redamlo.com\/","name":"NOTICIAS DE LA 4T","description":"","publisher":{"@id":"https:\/\/redamlo.com\/#organization"},"potentialAction":[{"@type":"SearchAction","target":{"@type":"EntryPoint","urlTemplate":"https:\/\/redamlo.com\/?s={search_term_string}"},"query-input":{"@type":"PropertyValueSpecification","valueRequired":true,"valueName":"search_term_string"}}],"inLanguage":"es"},{"@type":"Organization","@id":"https:\/\/redamlo.com\/#organization","name":"NOTICIAS DE LA 4T","url":"https:\/\/redamlo.com\/","logo":{"@type":"ImageObject","inLanguage":"es","@id":"https:\/\/redamlo.com\/#\/schema\/logo\/image\/","url":"https:\/\/redamlo.com\/wp-content\/uploads\/2024\/08\/cropped-RED-AMLO-logo-50.png","contentUrl":"https:\/\/redamlo.com\/wp-content\/uploads\/2024\/08\/cropped-RED-AMLO-logo-50.png","width":256,"height":256,"caption":"NOTICIAS DE LA 4T"},"image":{"@id":"https:\/\/redamlo.com\/#\/schema\/logo\/image\/"}},{"@type":"Person","@id":"https:\/\/redamlo.com\/#\/schema\/person\/7223a4375eb8f1a782fcae010a7115cf","name":"Blanca","image":{"@type":"ImageObject","inLanguage":"es","@id":"https:\/\/secure.gravatar.com\/avatar\/3f79bc8336367a4e6093eae8757acaaf61d1124834b905616de7829b0273426d?s=96&d=mm&r=g","url":"https:\/\/secure.gravatar.com\/avatar\/3f79bc8336367a4e6093eae8757acaaf61d1124834b905616de7829b0273426d?s=96&d=mm&r=g","contentUrl":"https:\/\/secure.gravatar.com\/avatar\/3f79bc8336367a4e6093eae8757acaaf61d1124834b905616de7829b0273426d?s=96&d=mm&r=g","caption":"Blanca"},"url":"https:\/\/redamlo.com\/index.php\/author\/blanca\/"}]}},"_links":{"self":[{"href":"https:\/\/redamlo.com\/index.php\/wp-json\/wp\/v2\/posts\/3793","targetHints":{"allow":["GET"]}}],"collection":[{"href":"https:\/\/redamlo.com\/index.php\/wp-json\/wp\/v2\/posts"}],"about":[{"href":"https:\/\/redamlo.com\/index.php\/wp-json\/wp\/v2\/types\/post"}],"author":[{"embeddable":true,"href":"https:\/\/redamlo.com\/index.php\/wp-json\/wp\/v2\/users\/2"}],"replies":[{"embeddable":true,"href":"https:\/\/redamlo.com\/index.php\/wp-json\/wp\/v2\/comments?post=3793"}],"version-history":[{"count":0,"href":"https:\/\/redamlo.com\/index.php\/wp-json\/wp\/v2\/posts\/3793\/revisions"}],"wp:featuredmedia":[{"embeddable":true,"href":"https:\/\/redamlo.com\/index.php\/wp-json\/wp\/v2\/media\/3794"}],"wp:attachment":[{"href":"https:\/\/redamlo.com\/index.php\/wp-json\/wp\/v2\/media?parent=3793"}],"wp:term":[{"taxonomy":"category","embeddable":true,"href":"https:\/\/redamlo.com\/index.php\/wp-json\/wp\/v2\/categories?post=3793"},{"taxonomy":"post_tag","embeddable":true,"href":"https:\/\/redamlo.com\/index.php\/wp-json\/wp\/v2\/tags?post=3793"}],"curies":[{"name":"wp","href":"https:\/\/api.w.org\/{rel}","templated":true}]}}