{"id":3776,"date":"2021-02-19T14:00:05","date_gmt":"2021-02-19T20:00:05","guid":{"rendered":"https:\/\/redamlo.com\/?p=3776"},"modified":"2021-02-19T14:00:05","modified_gmt":"2021-02-19T20:00:05","slug":"coyoacan-necesita-autoridades-con-mayor-compromiso-y-empatia-que-esten-al-nivel-de-una-ciudadania-cada-dia-mas-exigente-gerardo-villanueva","status":"publish","type":"post","link":"https:\/\/redamlo.com\/index.php\/2021\/02\/19\/coyoacan-necesita-autoridades-con-mayor-compromiso-y-empatia-que-esten-al-nivel-de-una-ciudadania-cada-dia-mas-exigente-gerardo-villanueva\/","title":{"rendered":"Coyoac\u00e1n necesita autoridades con mayor compromiso y empat\u00eda, que est\u00e9n al nivel de una ciudadan\u00eda cada d\u00eda m\u00e1s exigente: Gerardo Villanueva"},"content":{"rendered":"<p style=\"text-align: justify;\"><em><strong><span style=\"font-family: Arial, Helvetica, sans-serif; color: #000000;\">* El precandidato a alcalde de Coyoac\u00e1n busca mejoras sustanciales en materia de pol\u00edtica cultural para la demarcaci\u00f3n<\/span><\/strong><\/em><\/p>\n<p style=\"text-align: justify;\"><em><strong><span style=\"font-family: Arial, Helvetica, sans-serif; color: #000000;\">* Uno de sus proyectos es lograr vincular la vocaci\u00f3n tur\u00edstica y cultural de Coyoac\u00e1n con la econom\u00eda<\/span><\/strong><\/em><\/p>\n<p style=\"text-align: justify;\"><span style=\"font-family: Arial, Helvetica, sans-serif; color: #000000;\">CIUDAD DE M\u00c9XICO, 19 de febrero de 2021.- El precandidato de Morena para alcalde de Coyoac\u00e1n, Gerardo Villanueva, expres\u00f3 en entrevista la urgente necesidad de autoridades comprometidas con la comunidad, dispuestas a enfrentar los vicios de corrupci\u00f3n que prevalecen y a escuchar a la ciudadan\u00eda.<\/span><\/p>\n<p style=\"text-align: justify;\"><span style=\"font-family: Arial, Helvetica, sans-serif; color: #000000;\">Como habitante durante toda su vida de Coyoac\u00e1n, Villanueva conoce las luchas sociales que han enfrentado los colonos organizados en todas las regiones para obtener servicios, preservar \u00e1reas verdes, o impedir el desmantelamiento de infraestructura cultural, como la defensa de la Casa de Cultura Jes\u00fas Reyes Heroles, cuando se trat\u00f3 de convertir en sede de la Secretar\u00eda de Hacienda.<\/span><\/p>\n<p style=\"text-align: justify;\"><span style=\"font-family: Arial, Helvetica, sans-serif; color: #000000;\">Subray\u00f3 la importancia de trabajar en los temas de pol\u00edticas culturales que permitan a la poblaci\u00f3n un mayor acceso a actividades, fomentar la creaci\u00f3n de audiencias desde la infancia, la diversificaci\u00f3n de las artes, as\u00ed como darle mayor importancia a las diversas zonas de la demarcaci\u00f3n.<\/span><\/p>\n<p style=\"text-align: justify;\"><span style=\"font-family: Arial, Helvetica, sans-serif; color: #000000;\">Destac\u00f3 lugares hist\u00f3ricos convertidos en museos como el Anahuacalli, la Casa Azul, o la Casa de Le\u00f3n Trotsky, \u00a0lugar que simboliza la vocaci\u00f3n de asilo que imprimi\u00f3 a nuestro pa\u00eds el General L\u00e1zaro C\u00e1rdenas, y en donde adem\u00e1s de Le\u00f3n Trotsky se dieron cita Diego Rivera, Frida Kahlo, Andr\u00e9 Bret\u00f3n, Jean Charlot, Fern\u00e1ndez Leal y Tina Modotti.<\/span><\/p>\n<p style=\"text-align: justify;\"><span style=\"font-family: Arial, Helvetica, sans-serif; color: #000000;\">Con una clara visi\u00f3n global de la demarcaci\u00f3n, Villanueva buscar\u00e1 que la vocaci\u00f3n tur\u00edstica y cultural de Coyoac\u00e1n se vincule y sea motor econ\u00f3mico para la demarcaci\u00f3n, atendiendo la demanda ciudadana de eliminar la corrupci\u00f3n y lograr sustentabilidad.<\/span><\/p>\n<p style=\"text-align: justify;\"><span style=\"font-family: Arial, Helvetica, sans-serif; color: #000000;\">En este sentido, el precandidato tiene una f\u00e9rrea determinaci\u00f3n de buscar la participaci\u00f3n ciudadana, pues considera que es la poblaci\u00f3n quien debe determinar sus prioridades y ha sido motos de cambio de zonas como Los Pedregales, que se erigi\u00f3 con jornadas de trabajo colectivo como el tequio o la faena en una historia de lucha por el derecho a la tierra y a una vivienda digna.<\/span><\/p>\n<p style=\"text-align: justify;\"><span style=\"font-family: Arial, Helvetica, sans-serif; color: #000000;\">Gerardo Villanueva apuesta abiertamente por lo colectivo, lo comunitario, el respeto a los vecinos como motor de cambio para eliminar la atomizaci\u00f3n de la sociedad, y funda su proyecto en lograr una sociedad m\u00e1s humanitaria y respetuosa en la alcald\u00eda de Coyoac\u00e1n.<\/span><\/p>\n","protected":false},"excerpt":{"rendered":"<p>* El precandidato a alcalde de Coyoac\u00e1n busca mejoras sustanciales en materia de pol\u00edtica cultural&#8230;<\/p>\n","protected":false},"author":2,"featured_media":3780,"comment_status":"open","ping_status":"closed","sticky":false,"template":"","format":"standard","meta":{"footnotes":""},"categories":[25],"tags":[500,494,501,138,514,502,515,24],"class_list":["post-3776","post","type-post","status-publish","format-standard","has-post-thumbnail","hentry","category-4t","tag-alcaldia-coyoacan","tag-ciudad-de-mexico","tag-coyoacan","tag-cultura","tag-empatia","tag-gerardo-villanueva","tag-mayor-compromiso","tag-morena"],"yoast_head":"<!-- This site is optimized with the Yoast SEO plugin v27.5 - https:\/\/yoast.com\/product\/yoast-seo-wordpress\/ -->\n<title>Coyoac\u00e1n necesita autoridades con mayor compromiso y empat\u00eda, que est\u00e9n al nivel de una ciudadan\u00eda cada d\u00eda m\u00e1s exigente: Gerardo Villanueva - NOTICIAS DE LA 4T<\/title>\n<meta name=\"robots\" content=\"noindex, follow, max-snippet:-1, max-image-preview:large, max-video-preview:-1\" \/>\n<meta property=\"og:locale\" content=\"es_MX\" \/>\n<meta property=\"og:type\" content=\"article\" \/>\n<meta property=\"og:title\" content=\"Coyoac\u00e1n necesita autoridades con mayor compromiso y empat\u00eda, que est\u00e9n al nivel de una ciudadan\u00eda cada d\u00eda m\u00e1s exigente: Gerardo Villanueva - NOTICIAS DE LA 4T\" \/>\n<meta property=\"og:description\" content=\"* El precandidato a alcalde de Coyoac\u00e1n busca mejoras sustanciales en materia de pol\u00edtica cultural...\" \/>\n<meta property=\"og:url\" content=\"https:\/\/redamlo.com\/index.php\/2021\/02\/19\/coyoacan-necesita-autoridades-con-mayor-compromiso-y-empatia-que-esten-al-nivel-de-una-ciudadania-cada-dia-mas-exigente-gerardo-villanueva\/\" \/>\n<meta property=\"og:site_name\" content=\"NOTICIAS DE LA 4T\" \/>\n<meta property=\"article:published_time\" content=\"2021-02-19T20:00:05+00:00\" \/>\n<meta property=\"og:image\" content=\"https:\/\/redamlo.com\/wp-content\/uploads\/2021\/02\/Coyoacan-necesita-autoridades-con-mayor-compromiso-y-empatia-que-esten-al-nivel-de-una-ciudadania-cada-dia-mas-exigente-Gerardo-Villanueva.png\" \/>\n\t<meta property=\"og:image:width\" content=\"2216\" \/>\n\t<meta property=\"og:image:height\" content=\"1304\" \/>\n\t<meta property=\"og:image:type\" content=\"image\/png\" \/>\n<meta name=\"author\" content=\"Blanca\" \/>\n<meta name=\"twitter:card\" content=\"summary_large_image\" \/>\n<meta name=\"twitter:label1\" content=\"Escrito por\" \/>\n\t<meta name=\"twitter:data1\" content=\"Blanca\" \/>\n\t<meta name=\"twitter:label2\" content=\"Tiempo de lectura\" \/>\n\t<meta name=\"twitter:data2\" content=\"2 minutos\" \/>\n<script type=\"application\/ld+json\" class=\"yoast-schema-graph\">{\"@context\":\"https:\\\/\\\/schema.org\",\"@graph\":[{\"@type\":\"Article\",\"@id\":\"https:\\\/\\\/redamlo.com\\\/index.php\\\/2021\\\/02\\\/19\\\/coyoacan-necesita-autoridades-con-mayor-compromiso-y-empatia-que-esten-al-nivel-de-una-ciudadania-cada-dia-mas-exigente-gerardo-villanueva\\\/#article\",\"isPartOf\":{\"@id\":\"https:\\\/\\\/redamlo.com\\\/index.php\\\/2021\\\/02\\\/19\\\/coyoacan-necesita-autoridades-con-mayor-compromiso-y-empatia-que-esten-al-nivel-de-una-ciudadania-cada-dia-mas-exigente-gerardo-villanueva\\\/\"},\"author\":{\"name\":\"Blanca\",\"@id\":\"https:\\\/\\\/redamlo.com\\\/#\\\/schema\\\/person\\\/7223a4375eb8f1a782fcae010a7115cf\"},\"headline\":\"Coyoac\u00e1n necesita autoridades con mayor compromiso y empat\u00eda, que est\u00e9n al nivel de una ciudadan\u00eda cada d\u00eda m\u00e1s exigente: Gerardo Villanueva\",\"datePublished\":\"2021-02-19T20:00:05+00:00\",\"mainEntityOfPage\":{\"@id\":\"https:\\\/\\\/redamlo.com\\\/index.php\\\/2021\\\/02\\\/19\\\/coyoacan-necesita-autoridades-con-mayor-compromiso-y-empatia-que-esten-al-nivel-de-una-ciudadania-cada-dia-mas-exigente-gerardo-villanueva\\\/\"},\"wordCount\":458,\"commentCount\":0,\"publisher\":{\"@id\":\"https:\\\/\\\/redamlo.com\\\/#organization\"},\"image\":{\"@id\":\"https:\\\/\\\/redamlo.com\\\/index.php\\\/2021\\\/02\\\/19\\\/coyoacan-necesita-autoridades-con-mayor-compromiso-y-empatia-que-esten-al-nivel-de-una-ciudadania-cada-dia-mas-exigente-gerardo-villanueva\\\/#primaryimage\"},\"thumbnailUrl\":\"https:\\\/\\\/redamlo.com\\\/wp-content\\\/uploads\\\/2021\\\/02\\\/Coyoacan-necesita-autoridades-con-mayor-compromiso-y-empatia-que-esten-al-nivel-de-una-ciudadania-cada-dia-mas-exigente-Gerardo-Villanueva.png\",\"keywords\":[\"alcald\u00eda Coyoac\u00e1n\",\"Ciudad de M\u00e9xico\",\"Coyoac\u00e1n\",\"Cultura\",\"empat\u00eda\",\"Gerardo Villanueva\",\"mayor compromiso\",\"Morena\"],\"articleSection\":[\"4T\"],\"inLanguage\":\"es\",\"potentialAction\":[{\"@type\":\"CommentAction\",\"name\":\"Comment\",\"target\":[\"https:\\\/\\\/redamlo.com\\\/index.php\\\/2021\\\/02\\\/19\\\/coyoacan-necesita-autoridades-con-mayor-compromiso-y-empatia-que-esten-al-nivel-de-una-ciudadania-cada-dia-mas-exigente-gerardo-villanueva\\\/#respond\"]}]},{\"@type\":\"WebPage\",\"@id\":\"https:\\\/\\\/redamlo.com\\\/index.php\\\/2021\\\/02\\\/19\\\/coyoacan-necesita-autoridades-con-mayor-compromiso-y-empatia-que-esten-al-nivel-de-una-ciudadania-cada-dia-mas-exigente-gerardo-villanueva\\\/\",\"url\":\"https:\\\/\\\/redamlo.com\\\/index.php\\\/2021\\\/02\\\/19\\\/coyoacan-necesita-autoridades-con-mayor-compromiso-y-empatia-que-esten-al-nivel-de-una-ciudadania-cada-dia-mas-exigente-gerardo-villanueva\\\/\",\"name\":\"Coyoac\u00e1n necesita autoridades con mayor compromiso y empat\u00eda, que est\u00e9n al nivel de una ciudadan\u00eda cada d\u00eda m\u00e1s exigente: Gerardo Villanueva - NOTICIAS DE LA 4T\",\"isPartOf\":{\"@id\":\"https:\\\/\\\/redamlo.com\\\/#website\"},\"primaryImageOfPage\":{\"@id\":\"https:\\\/\\\/redamlo.com\\\/index.php\\\/2021\\\/02\\\/19\\\/coyoacan-necesita-autoridades-con-mayor-compromiso-y-empatia-que-esten-al-nivel-de-una-ciudadania-cada-dia-mas-exigente-gerardo-villanueva\\\/#primaryimage\"},\"image\":{\"@id\":\"https:\\\/\\\/redamlo.com\\\/index.php\\\/2021\\\/02\\\/19\\\/coyoacan-necesita-autoridades-con-mayor-compromiso-y-empatia-que-esten-al-nivel-de-una-ciudadania-cada-dia-mas-exigente-gerardo-villanueva\\\/#primaryimage\"},\"thumbnailUrl\":\"https:\\\/\\\/redamlo.com\\\/wp-content\\\/uploads\\\/2021\\\/02\\\/Coyoacan-necesita-autoridades-con-mayor-compromiso-y-empatia-que-esten-al-nivel-de-una-ciudadania-cada-dia-mas-exigente-Gerardo-Villanueva.png\",\"datePublished\":\"2021-02-19T20:00:05+00:00\",\"breadcrumb\":{\"@id\":\"https:\\\/\\\/redamlo.com\\\/index.php\\\/2021\\\/02\\\/19\\\/coyoacan-necesita-autoridades-con-mayor-compromiso-y-empatia-que-esten-al-nivel-de-una-ciudadania-cada-dia-mas-exigente-gerardo-villanueva\\\/#breadcrumb\"},\"inLanguage\":\"es\",\"potentialAction\":[{\"@type\":\"ReadAction\",\"target\":[\"https:\\\/\\\/redamlo.com\\\/index.php\\\/2021\\\/02\\\/19\\\/coyoacan-necesita-autoridades-con-mayor-compromiso-y-empatia-que-esten-al-nivel-de-una-ciudadania-cada-dia-mas-exigente-gerardo-villanueva\\\/\"]}]},{\"@type\":\"ImageObject\",\"inLanguage\":\"es\",\"@id\":\"https:\\\/\\\/redamlo.com\\\/index.php\\\/2021\\\/02\\\/19\\\/coyoacan-necesita-autoridades-con-mayor-compromiso-y-empatia-que-esten-al-nivel-de-una-ciudadania-cada-dia-mas-exigente-gerardo-villanueva\\\/#primaryimage\",\"url\":\"https:\\\/\\\/redamlo.com\\\/wp-content\\\/uploads\\\/2021\\\/02\\\/Coyoacan-necesita-autoridades-con-mayor-compromiso-y-empatia-que-esten-al-nivel-de-una-ciudadania-cada-dia-mas-exigente-Gerardo-Villanueva.png\",\"contentUrl\":\"https:\\\/\\\/redamlo.com\\\/wp-content\\\/uploads\\\/2021\\\/02\\\/Coyoacan-necesita-autoridades-con-mayor-compromiso-y-empatia-que-esten-al-nivel-de-una-ciudadania-cada-dia-mas-exigente-Gerardo-Villanueva.png\",\"width\":2216,\"height\":1304},{\"@type\":\"BreadcrumbList\",\"@id\":\"https:\\\/\\\/redamlo.com\\\/index.php\\\/2021\\\/02\\\/19\\\/coyoacan-necesita-autoridades-con-mayor-compromiso-y-empatia-que-esten-al-nivel-de-una-ciudadania-cada-dia-mas-exigente-gerardo-villanueva\\\/#breadcrumb\",\"itemListElement\":[{\"@type\":\"ListItem\",\"position\":1,\"name\":\"Inicio\",\"item\":\"https:\\\/\\\/redamlo.com\\\/\"},{\"@type\":\"ListItem\",\"position\":2,\"name\":\"Coyoac\u00e1n necesita autoridades con mayor compromiso y empat\u00eda, que est\u00e9n al nivel de una ciudadan\u00eda cada d\u00eda m\u00e1s exigente: Gerardo Villanueva\"}]},{\"@type\":\"WebSite\",\"@id\":\"https:\\\/\\\/redamlo.com\\\/#website\",\"url\":\"https:\\\/\\\/redamlo.com\\\/\",\"name\":\"NOTICIAS DE LA 4T\",\"description\":\"\",\"publisher\":{\"@id\":\"https:\\\/\\\/redamlo.com\\\/#organization\"},\"potentialAction\":[{\"@type\":\"SearchAction\",\"target\":{\"@type\":\"EntryPoint\",\"urlTemplate\":\"https:\\\/\\\/redamlo.com\\\/?s={search_term_string}\"},\"query-input\":{\"@type\":\"PropertyValueSpecification\",\"valueRequired\":true,\"valueName\":\"search_term_string\"}}],\"inLanguage\":\"es\"},{\"@type\":\"Organization\",\"@id\":\"https:\\\/\\\/redamlo.com\\\/#organization\",\"name\":\"NOTICIAS DE LA 4T\",\"url\":\"https:\\\/\\\/redamlo.com\\\/\",\"logo\":{\"@type\":\"ImageObject\",\"inLanguage\":\"es\",\"@id\":\"https:\\\/\\\/redamlo.com\\\/#\\\/schema\\\/logo\\\/image\\\/\",\"url\":\"https:\\\/\\\/redamlo.com\\\/wp-content\\\/uploads\\\/2024\\\/08\\\/cropped-RED-AMLO-logo-50.png\",\"contentUrl\":\"https:\\\/\\\/redamlo.com\\\/wp-content\\\/uploads\\\/2024\\\/08\\\/cropped-RED-AMLO-logo-50.png\",\"width\":256,\"height\":256,\"caption\":\"NOTICIAS DE LA 4T\"},\"image\":{\"@id\":\"https:\\\/\\\/redamlo.com\\\/#\\\/schema\\\/logo\\\/image\\\/\"}},{\"@type\":\"Person\",\"@id\":\"https:\\\/\\\/redamlo.com\\\/#\\\/schema\\\/person\\\/7223a4375eb8f1a782fcae010a7115cf\",\"name\":\"Blanca\",\"image\":{\"@type\":\"ImageObject\",\"inLanguage\":\"es\",\"@id\":\"https:\\\/\\\/secure.gravatar.com\\\/avatar\\\/3f79bc8336367a4e6093eae8757acaaf61d1124834b905616de7829b0273426d?s=96&d=mm&r=g\",\"url\":\"https:\\\/\\\/secure.gravatar.com\\\/avatar\\\/3f79bc8336367a4e6093eae8757acaaf61d1124834b905616de7829b0273426d?s=96&d=mm&r=g\",\"contentUrl\":\"https:\\\/\\\/secure.gravatar.com\\\/avatar\\\/3f79bc8336367a4e6093eae8757acaaf61d1124834b905616de7829b0273426d?s=96&d=mm&r=g\",\"caption\":\"Blanca\"},\"url\":\"https:\\\/\\\/redamlo.com\\\/index.php\\\/author\\\/blanca\\\/\"}]}<\/script>\n<!-- \/ Yoast SEO plugin. -->","yoast_head_json":{"title":"Coyoac\u00e1n necesita autoridades con mayor compromiso y empat\u00eda, que est\u00e9n al nivel de una ciudadan\u00eda cada d\u00eda m\u00e1s exigente: Gerardo Villanueva - NOTICIAS DE LA 4T","robots":{"index":"noindex","follow":"follow","max-snippet":"max-snippet:-1","max-image-preview":"max-image-preview:large","max-video-preview":"max-video-preview:-1"},"og_locale":"es_MX","og_type":"article","og_title":"Coyoac\u00e1n necesita autoridades con mayor compromiso y empat\u00eda, que est\u00e9n al nivel de una ciudadan\u00eda cada d\u00eda m\u00e1s exigente: Gerardo Villanueva - NOTICIAS DE LA 4T","og_description":"* El precandidato a alcalde de Coyoac\u00e1n busca mejoras sustanciales en materia de pol\u00edtica cultural...","og_url":"https:\/\/redamlo.com\/index.php\/2021\/02\/19\/coyoacan-necesita-autoridades-con-mayor-compromiso-y-empatia-que-esten-al-nivel-de-una-ciudadania-cada-dia-mas-exigente-gerardo-villanueva\/","og_site_name":"NOTICIAS DE LA 4T","article_published_time":"2021-02-19T20:00:05+00:00","og_image":[{"width":2216,"height":1304,"url":"https:\/\/redamlo.com\/wp-content\/uploads\/2021\/02\/Coyoacan-necesita-autoridades-con-mayor-compromiso-y-empatia-que-esten-al-nivel-de-una-ciudadania-cada-dia-mas-exigente-Gerardo-Villanueva.png","type":"image\/png"}],"author":"Blanca","twitter_card":"summary_large_image","twitter_misc":{"Escrito por":"Blanca","Tiempo de lectura":"2 minutos"},"schema":{"@context":"https:\/\/schema.org","@graph":[{"@type":"Article","@id":"https:\/\/redamlo.com\/index.php\/2021\/02\/19\/coyoacan-necesita-autoridades-con-mayor-compromiso-y-empatia-que-esten-al-nivel-de-una-ciudadania-cada-dia-mas-exigente-gerardo-villanueva\/#article","isPartOf":{"@id":"https:\/\/redamlo.com\/index.php\/2021\/02\/19\/coyoacan-necesita-autoridades-con-mayor-compromiso-y-empatia-que-esten-al-nivel-de-una-ciudadania-cada-dia-mas-exigente-gerardo-villanueva\/"},"author":{"name":"Blanca","@id":"https:\/\/redamlo.com\/#\/schema\/person\/7223a4375eb8f1a782fcae010a7115cf"},"headline":"Coyoac\u00e1n necesita autoridades con mayor compromiso y empat\u00eda, que est\u00e9n al nivel de una ciudadan\u00eda cada d\u00eda m\u00e1s exigente: Gerardo Villanueva","datePublished":"2021-02-19T20:00:05+00:00","mainEntityOfPage":{"@id":"https:\/\/redamlo.com\/index.php\/2021\/02\/19\/coyoacan-necesita-autoridades-con-mayor-compromiso-y-empatia-que-esten-al-nivel-de-una-ciudadania-cada-dia-mas-exigente-gerardo-villanueva\/"},"wordCount":458,"commentCount":0,"publisher":{"@id":"https:\/\/redamlo.com\/#organization"},"image":{"@id":"https:\/\/redamlo.com\/index.php\/2021\/02\/19\/coyoacan-necesita-autoridades-con-mayor-compromiso-y-empatia-que-esten-al-nivel-de-una-ciudadania-cada-dia-mas-exigente-gerardo-villanueva\/#primaryimage"},"thumbnailUrl":"https:\/\/redamlo.com\/wp-content\/uploads\/2021\/02\/Coyoacan-necesita-autoridades-con-mayor-compromiso-y-empatia-que-esten-al-nivel-de-una-ciudadania-cada-dia-mas-exigente-Gerardo-Villanueva.png","keywords":["alcald\u00eda Coyoac\u00e1n","Ciudad de M\u00e9xico","Coyoac\u00e1n","Cultura","empat\u00eda","Gerardo Villanueva","mayor compromiso","Morena"],"articleSection":["4T"],"inLanguage":"es","potentialAction":[{"@type":"CommentAction","name":"Comment","target":["https:\/\/redamlo.com\/index.php\/2021\/02\/19\/coyoacan-necesita-autoridades-con-mayor-compromiso-y-empatia-que-esten-al-nivel-de-una-ciudadania-cada-dia-mas-exigente-gerardo-villanueva\/#respond"]}]},{"@type":"WebPage","@id":"https:\/\/redamlo.com\/index.php\/2021\/02\/19\/coyoacan-necesita-autoridades-con-mayor-compromiso-y-empatia-que-esten-al-nivel-de-una-ciudadania-cada-dia-mas-exigente-gerardo-villanueva\/","url":"https:\/\/redamlo.com\/index.php\/2021\/02\/19\/coyoacan-necesita-autoridades-con-mayor-compromiso-y-empatia-que-esten-al-nivel-de-una-ciudadania-cada-dia-mas-exigente-gerardo-villanueva\/","name":"Coyoac\u00e1n necesita autoridades con mayor compromiso y empat\u00eda, que est\u00e9n al nivel de una ciudadan\u00eda cada d\u00eda m\u00e1s exigente: Gerardo Villanueva - NOTICIAS DE LA 4T","isPartOf":{"@id":"https:\/\/redamlo.com\/#website"},"primaryImageOfPage":{"@id":"https:\/\/redamlo.com\/index.php\/2021\/02\/19\/coyoacan-necesita-autoridades-con-mayor-compromiso-y-empatia-que-esten-al-nivel-de-una-ciudadania-cada-dia-mas-exigente-gerardo-villanueva\/#primaryimage"},"image":{"@id":"https:\/\/redamlo.com\/index.php\/2021\/02\/19\/coyoacan-necesita-autoridades-con-mayor-compromiso-y-empatia-que-esten-al-nivel-de-una-ciudadania-cada-dia-mas-exigente-gerardo-villanueva\/#primaryimage"},"thumbnailUrl":"https:\/\/redamlo.com\/wp-content\/uploads\/2021\/02\/Coyoacan-necesita-autoridades-con-mayor-compromiso-y-empatia-que-esten-al-nivel-de-una-ciudadania-cada-dia-mas-exigente-Gerardo-Villanueva.png","datePublished":"2021-02-19T20:00:05+00:00","breadcrumb":{"@id":"https:\/\/redamlo.com\/index.php\/2021\/02\/19\/coyoacan-necesita-autoridades-con-mayor-compromiso-y-empatia-que-esten-al-nivel-de-una-ciudadania-cada-dia-mas-exigente-gerardo-villanueva\/#breadcrumb"},"inLanguage":"es","potentialAction":[{"@type":"ReadAction","target":["https:\/\/redamlo.com\/index.php\/2021\/02\/19\/coyoacan-necesita-autoridades-con-mayor-compromiso-y-empatia-que-esten-al-nivel-de-una-ciudadania-cada-dia-mas-exigente-gerardo-villanueva\/"]}]},{"@type":"ImageObject","inLanguage":"es","@id":"https:\/\/redamlo.com\/index.php\/2021\/02\/19\/coyoacan-necesita-autoridades-con-mayor-compromiso-y-empatia-que-esten-al-nivel-de-una-ciudadania-cada-dia-mas-exigente-gerardo-villanueva\/#primaryimage","url":"https:\/\/redamlo.com\/wp-content\/uploads\/2021\/02\/Coyoacan-necesita-autoridades-con-mayor-compromiso-y-empatia-que-esten-al-nivel-de-una-ciudadania-cada-dia-mas-exigente-Gerardo-Villanueva.png","contentUrl":"https:\/\/redamlo.com\/wp-content\/uploads\/2021\/02\/Coyoacan-necesita-autoridades-con-mayor-compromiso-y-empatia-que-esten-al-nivel-de-una-ciudadania-cada-dia-mas-exigente-Gerardo-Villanueva.png","width":2216,"height":1304},{"@type":"BreadcrumbList","@id":"https:\/\/redamlo.com\/index.php\/2021\/02\/19\/coyoacan-necesita-autoridades-con-mayor-compromiso-y-empatia-que-esten-al-nivel-de-una-ciudadania-cada-dia-mas-exigente-gerardo-villanueva\/#breadcrumb","itemListElement":[{"@type":"ListItem","position":1,"name":"Inicio","item":"https:\/\/redamlo.com\/"},{"@type":"ListItem","position":2,"name":"Coyoac\u00e1n necesita autoridades con mayor compromiso y empat\u00eda, que est\u00e9n al nivel de una ciudadan\u00eda cada d\u00eda m\u00e1s exigente: Gerardo Villanueva"}]},{"@type":"WebSite","@id":"https:\/\/redamlo.com\/#website","url":"https:\/\/redamlo.com\/","name":"NOTICIAS DE LA 4T","description":"","publisher":{"@id":"https:\/\/redamlo.com\/#organization"},"potentialAction":[{"@type":"SearchAction","target":{"@type":"EntryPoint","urlTemplate":"https:\/\/redamlo.com\/?s={search_term_string}"},"query-input":{"@type":"PropertyValueSpecification","valueRequired":true,"valueName":"search_term_string"}}],"inLanguage":"es"},{"@type":"Organization","@id":"https:\/\/redamlo.com\/#organization","name":"NOTICIAS DE LA 4T","url":"https:\/\/redamlo.com\/","logo":{"@type":"ImageObject","inLanguage":"es","@id":"https:\/\/redamlo.com\/#\/schema\/logo\/image\/","url":"https:\/\/redamlo.com\/wp-content\/uploads\/2024\/08\/cropped-RED-AMLO-logo-50.png","contentUrl":"https:\/\/redamlo.com\/wp-content\/uploads\/2024\/08\/cropped-RED-AMLO-logo-50.png","width":256,"height":256,"caption":"NOTICIAS DE LA 4T"},"image":{"@id":"https:\/\/redamlo.com\/#\/schema\/logo\/image\/"}},{"@type":"Person","@id":"https:\/\/redamlo.com\/#\/schema\/person\/7223a4375eb8f1a782fcae010a7115cf","name":"Blanca","image":{"@type":"ImageObject","inLanguage":"es","@id":"https:\/\/secure.gravatar.com\/avatar\/3f79bc8336367a4e6093eae8757acaaf61d1124834b905616de7829b0273426d?s=96&d=mm&r=g","url":"https:\/\/secure.gravatar.com\/avatar\/3f79bc8336367a4e6093eae8757acaaf61d1124834b905616de7829b0273426d?s=96&d=mm&r=g","contentUrl":"https:\/\/secure.gravatar.com\/avatar\/3f79bc8336367a4e6093eae8757acaaf61d1124834b905616de7829b0273426d?s=96&d=mm&r=g","caption":"Blanca"},"url":"https:\/\/redamlo.com\/index.php\/author\/blanca\/"}]}},"_links":{"self":[{"href":"https:\/\/redamlo.com\/index.php\/wp-json\/wp\/v2\/posts\/3776","targetHints":{"allow":["GET"]}}],"collection":[{"href":"https:\/\/redamlo.com\/index.php\/wp-json\/wp\/v2\/posts"}],"about":[{"href":"https:\/\/redamlo.com\/index.php\/wp-json\/wp\/v2\/types\/post"}],"author":[{"embeddable":true,"href":"https:\/\/redamlo.com\/index.php\/wp-json\/wp\/v2\/users\/2"}],"replies":[{"embeddable":true,"href":"https:\/\/redamlo.com\/index.php\/wp-json\/wp\/v2\/comments?post=3776"}],"version-history":[{"count":0,"href":"https:\/\/redamlo.com\/index.php\/wp-json\/wp\/v2\/posts\/3776\/revisions"}],"wp:featuredmedia":[{"embeddable":true,"href":"https:\/\/redamlo.com\/index.php\/wp-json\/wp\/v2\/media\/3780"}],"wp:attachment":[{"href":"https:\/\/redamlo.com\/index.php\/wp-json\/wp\/v2\/media?parent=3776"}],"wp:term":[{"taxonomy":"category","embeddable":true,"href":"https:\/\/redamlo.com\/index.php\/wp-json\/wp\/v2\/categories?post=3776"},{"taxonomy":"post_tag","embeddable":true,"href":"https:\/\/redamlo.com\/index.php\/wp-json\/wp\/v2\/tags?post=3776"}],"curies":[{"name":"wp","href":"https:\/\/api.w.org\/{rel}","templated":true}]}}