{"id":3772,"date":"2021-02-19T07:49:15","date_gmt":"2021-02-19T13:49:15","guid":{"rendered":"https:\/\/redamlo.com\/?p=3772"},"modified":"2021-02-19T07:49:15","modified_gmt":"2021-02-19T13:49:15","slug":"quien-considera-debe-abanderar-la-coalicion-de-morena","status":"publish","type":"post","link":"https:\/\/redamlo.com\/index.php\/2021\/02\/19\/quien-considera-debe-abanderar-la-coalicion-de-morena\/","title":{"rendered":"\u00bfQui\u00e9n considera debe abanderar la coalici\u00f3n de morena ?"},"content":{"rendered":"<p><strong>Playa del Carmen Quintana Roo a 19 de febrero 2021.-<\/strong><\/p>\n<p><strong>MORENA<\/strong>\u00a0est\u00e1 firme rumbo a la elecci\u00f3n a la alcald\u00eda de\u00a0<strong>Solidaridad\u00a0<\/strong>y en un inicio surgieron diversos posibles candidatos, figuras que se han desvanecido, y el panorama pol\u00edtico cambio dr\u00e1sticamente, con la llegada de los panistas que no tuvieron lugar en su propio partido para contender, y su \u00fanica alternativa fue registrarse como candidatos por Morena, tal es el caso de\u00a0<strong>Mar\u00eda Cristina Torres G\u00f3mez\u00a0<\/strong>quien pretende contender contra Laura Beristain Navarrete, la figura mas fuerte de la 4T.<\/p>\n<p><iframe loading=\"lazy\" src=\"https:\/\/docs.google.com\/forms\/d\/e\/1FAIpQLSdHnbWyTfTXdLszMRMs9EcmRvFEGTigd7cG6WFDxq5yT_JIjg\/viewform?embedded=true\" width=\"640\" height=\"503\" frameborder=\"0\" marginwidth=\"0\" marginheight=\"0\">Cargando\u2026<\/iframe><\/p>\n","protected":false},"excerpt":{"rendered":"<p>Playa del Carmen Quintana Roo a 19 de febrero 2021.- MORENA\u00a0est\u00e1 firme rumbo a la&#8230;<\/p>\n","protected":false},"author":2,"featured_media":3774,"comment_status":"open","ping_status":"closed","sticky":false,"template":"","format":"standard","meta":{"footnotes":""},"categories":[25,215],"tags":[512,366,372,374,24,513,21],"class_list":["post-3772","post","type-post","status-publish","format-standard","has-post-thumbnail","hentry","category-4t","category-opinion","tag-cristina-torrez-gomez","tag-elecciones-2021","tag-elecciones-solidaridad-quintana-roo","tag-laura-beristain-navarrete","tag-morena","tag-morena-solidaridad","tag-quintana-roo"],"yoast_head":"<!-- This site is optimized with the Yoast SEO plugin v27.5 - https:\/\/yoast.com\/product\/yoast-seo-wordpress\/ -->\n<title>\u00bfQui\u00e9n considera debe abanderar la coalici\u00f3n de morena ? - NOTICIAS DE LA 4T<\/title>\n<meta name=\"robots\" content=\"noindex, follow, max-snippet:-1, max-image-preview:large, max-video-preview:-1\" \/>\n<meta property=\"og:locale\" content=\"es_MX\" \/>\n<meta property=\"og:type\" content=\"article\" \/>\n<meta property=\"og:title\" content=\"\u00bfQui\u00e9n considera debe abanderar la coalici\u00f3n de morena ? - NOTICIAS DE LA 4T\" \/>\n<meta property=\"og:description\" content=\"Playa del Carmen Quintana Roo a 19 de febrero 2021.- MORENA\u00a0est\u00e1 firme rumbo a la...\" \/>\n<meta property=\"og:url\" content=\"https:\/\/redamlo.com\/index.php\/2021\/02\/19\/quien-considera-debe-abanderar-la-coalicion-de-morena\/\" \/>\n<meta property=\"og:site_name\" content=\"NOTICIAS DE LA 4T\" \/>\n<meta property=\"article:published_time\" content=\"2021-02-19T13:49:15+00:00\" \/>\n<meta property=\"og:image\" content=\"https:\/\/redamlo.com\/wp-content\/uploads\/2021\/02\/CANDIDATOS-MORENA-SOLIDARIDAD-QUINTANA-ROO-LAURA-BERISTAIN-Y-CRISTINA-TORRES.jpg\" \/>\n\t<meta property=\"og:image:width\" content=\"1200\" \/>\n\t<meta property=\"og:image:height\" content=\"800\" \/>\n\t<meta property=\"og:image:type\" content=\"image\/jpeg\" \/>\n<meta name=\"author\" content=\"Blanca\" \/>\n<meta name=\"twitter:card\" content=\"summary_large_image\" \/>\n<meta name=\"twitter:label1\" content=\"Escrito por\" \/>\n\t<meta name=\"twitter:data1\" content=\"Blanca\" \/>\n<script type=\"application\/ld+json\" class=\"yoast-schema-graph\">{\"@context\":\"https:\\\/\\\/schema.org\",\"@graph\":[{\"@type\":\"Article\",\"@id\":\"https:\\\/\\\/redamlo.com\\\/index.php\\\/2021\\\/02\\\/19\\\/quien-considera-debe-abanderar-la-coalicion-de-morena\\\/#article\",\"isPartOf\":{\"@id\":\"https:\\\/\\\/redamlo.com\\\/index.php\\\/2021\\\/02\\\/19\\\/quien-considera-debe-abanderar-la-coalicion-de-morena\\\/\"},\"author\":{\"name\":\"Blanca\",\"@id\":\"https:\\\/\\\/redamlo.com\\\/#\\\/schema\\\/person\\\/7223a4375eb8f1a782fcae010a7115cf\"},\"headline\":\"\u00bfQui\u00e9n considera debe abanderar la coalici\u00f3n de morena ?\",\"datePublished\":\"2021-02-19T13:49:15+00:00\",\"mainEntityOfPage\":{\"@id\":\"https:\\\/\\\/redamlo.com\\\/index.php\\\/2021\\\/02\\\/19\\\/quien-considera-debe-abanderar-la-coalicion-de-morena\\\/\"},\"wordCount\":106,\"commentCount\":0,\"publisher\":{\"@id\":\"https:\\\/\\\/redamlo.com\\\/#organization\"},\"image\":{\"@id\":\"https:\\\/\\\/redamlo.com\\\/index.php\\\/2021\\\/02\\\/19\\\/quien-considera-debe-abanderar-la-coalicion-de-morena\\\/#primaryimage\"},\"thumbnailUrl\":\"https:\\\/\\\/redamlo.com\\\/wp-content\\\/uploads\\\/2021\\\/02\\\/CANDIDATOS-MORENA-SOLIDARIDAD-QUINTANA-ROO-LAURA-BERISTAIN-Y-CRISTINA-TORRES.jpg\",\"keywords\":[\"Cristina Torrez G\u00f3mez\",\"Elecciones 2021\",\"Elecciones Solidaridad Quintana Roo\",\"Laura Beristain Navarrete\",\"Morena\",\"Morena Solidaridad\",\"Quintana Roo\"],\"articleSection\":[\"4T\",\"Opini\u00f3n\"],\"inLanguage\":\"es\",\"potentialAction\":[{\"@type\":\"CommentAction\",\"name\":\"Comment\",\"target\":[\"https:\\\/\\\/redamlo.com\\\/index.php\\\/2021\\\/02\\\/19\\\/quien-considera-debe-abanderar-la-coalicion-de-morena\\\/#respond\"]}]},{\"@type\":\"WebPage\",\"@id\":\"https:\\\/\\\/redamlo.com\\\/index.php\\\/2021\\\/02\\\/19\\\/quien-considera-debe-abanderar-la-coalicion-de-morena\\\/\",\"url\":\"https:\\\/\\\/redamlo.com\\\/index.php\\\/2021\\\/02\\\/19\\\/quien-considera-debe-abanderar-la-coalicion-de-morena\\\/\",\"name\":\"\u00bfQui\u00e9n considera debe abanderar la coalici\u00f3n de morena ? - NOTICIAS DE LA 4T\",\"isPartOf\":{\"@id\":\"https:\\\/\\\/redamlo.com\\\/#website\"},\"primaryImageOfPage\":{\"@id\":\"https:\\\/\\\/redamlo.com\\\/index.php\\\/2021\\\/02\\\/19\\\/quien-considera-debe-abanderar-la-coalicion-de-morena\\\/#primaryimage\"},\"image\":{\"@id\":\"https:\\\/\\\/redamlo.com\\\/index.php\\\/2021\\\/02\\\/19\\\/quien-considera-debe-abanderar-la-coalicion-de-morena\\\/#primaryimage\"},\"thumbnailUrl\":\"https:\\\/\\\/redamlo.com\\\/wp-content\\\/uploads\\\/2021\\\/02\\\/CANDIDATOS-MORENA-SOLIDARIDAD-QUINTANA-ROO-LAURA-BERISTAIN-Y-CRISTINA-TORRES.jpg\",\"datePublished\":\"2021-02-19T13:49:15+00:00\",\"breadcrumb\":{\"@id\":\"https:\\\/\\\/redamlo.com\\\/index.php\\\/2021\\\/02\\\/19\\\/quien-considera-debe-abanderar-la-coalicion-de-morena\\\/#breadcrumb\"},\"inLanguage\":\"es\",\"potentialAction\":[{\"@type\":\"ReadAction\",\"target\":[\"https:\\\/\\\/redamlo.com\\\/index.php\\\/2021\\\/02\\\/19\\\/quien-considera-debe-abanderar-la-coalicion-de-morena\\\/\"]}]},{\"@type\":\"ImageObject\",\"inLanguage\":\"es\",\"@id\":\"https:\\\/\\\/redamlo.com\\\/index.php\\\/2021\\\/02\\\/19\\\/quien-considera-debe-abanderar-la-coalicion-de-morena\\\/#primaryimage\",\"url\":\"https:\\\/\\\/redamlo.com\\\/wp-content\\\/uploads\\\/2021\\\/02\\\/CANDIDATOS-MORENA-SOLIDARIDAD-QUINTANA-ROO-LAURA-BERISTAIN-Y-CRISTINA-TORRES.jpg\",\"contentUrl\":\"https:\\\/\\\/redamlo.com\\\/wp-content\\\/uploads\\\/2021\\\/02\\\/CANDIDATOS-MORENA-SOLIDARIDAD-QUINTANA-ROO-LAURA-BERISTAIN-Y-CRISTINA-TORRES.jpg\",\"width\":1200,\"height\":800},{\"@type\":\"BreadcrumbList\",\"@id\":\"https:\\\/\\\/redamlo.com\\\/index.php\\\/2021\\\/02\\\/19\\\/quien-considera-debe-abanderar-la-coalicion-de-morena\\\/#breadcrumb\",\"itemListElement\":[{\"@type\":\"ListItem\",\"position\":1,\"name\":\"Inicio\",\"item\":\"https:\\\/\\\/redamlo.com\\\/\"},{\"@type\":\"ListItem\",\"position\":2,\"name\":\"\u00bfQui\u00e9n considera debe abanderar la coalici\u00f3n de morena ?\"}]},{\"@type\":\"WebSite\",\"@id\":\"https:\\\/\\\/redamlo.com\\\/#website\",\"url\":\"https:\\\/\\\/redamlo.com\\\/\",\"name\":\"NOTICIAS DE LA 4T\",\"description\":\"\",\"publisher\":{\"@id\":\"https:\\\/\\\/redamlo.com\\\/#organization\"},\"potentialAction\":[{\"@type\":\"SearchAction\",\"target\":{\"@type\":\"EntryPoint\",\"urlTemplate\":\"https:\\\/\\\/redamlo.com\\\/?s={search_term_string}\"},\"query-input\":{\"@type\":\"PropertyValueSpecification\",\"valueRequired\":true,\"valueName\":\"search_term_string\"}}],\"inLanguage\":\"es\"},{\"@type\":\"Organization\",\"@id\":\"https:\\\/\\\/redamlo.com\\\/#organization\",\"name\":\"NOTICIAS DE LA 4T\",\"url\":\"https:\\\/\\\/redamlo.com\\\/\",\"logo\":{\"@type\":\"ImageObject\",\"inLanguage\":\"es\",\"@id\":\"https:\\\/\\\/redamlo.com\\\/#\\\/schema\\\/logo\\\/image\\\/\",\"url\":\"https:\\\/\\\/redamlo.com\\\/wp-content\\\/uploads\\\/2024\\\/08\\\/cropped-RED-AMLO-logo-50.png\",\"contentUrl\":\"https:\\\/\\\/redamlo.com\\\/wp-content\\\/uploads\\\/2024\\\/08\\\/cropped-RED-AMLO-logo-50.png\",\"width\":256,\"height\":256,\"caption\":\"NOTICIAS DE LA 4T\"},\"image\":{\"@id\":\"https:\\\/\\\/redamlo.com\\\/#\\\/schema\\\/logo\\\/image\\\/\"}},{\"@type\":\"Person\",\"@id\":\"https:\\\/\\\/redamlo.com\\\/#\\\/schema\\\/person\\\/7223a4375eb8f1a782fcae010a7115cf\",\"name\":\"Blanca\",\"image\":{\"@type\":\"ImageObject\",\"inLanguage\":\"es\",\"@id\":\"https:\\\/\\\/secure.gravatar.com\\\/avatar\\\/3f79bc8336367a4e6093eae8757acaaf61d1124834b905616de7829b0273426d?s=96&d=mm&r=g\",\"url\":\"https:\\\/\\\/secure.gravatar.com\\\/avatar\\\/3f79bc8336367a4e6093eae8757acaaf61d1124834b905616de7829b0273426d?s=96&d=mm&r=g\",\"contentUrl\":\"https:\\\/\\\/secure.gravatar.com\\\/avatar\\\/3f79bc8336367a4e6093eae8757acaaf61d1124834b905616de7829b0273426d?s=96&d=mm&r=g\",\"caption\":\"Blanca\"},\"url\":\"https:\\\/\\\/redamlo.com\\\/index.php\\\/author\\\/blanca\\\/\"}]}<\/script>\n<!-- \/ Yoast SEO plugin. -->","yoast_head_json":{"title":"\u00bfQui\u00e9n considera debe abanderar la coalici\u00f3n de morena ? - NOTICIAS DE LA 4T","robots":{"index":"noindex","follow":"follow","max-snippet":"max-snippet:-1","max-image-preview":"max-image-preview:large","max-video-preview":"max-video-preview:-1"},"og_locale":"es_MX","og_type":"article","og_title":"\u00bfQui\u00e9n considera debe abanderar la coalici\u00f3n de morena ? - NOTICIAS DE LA 4T","og_description":"Playa del Carmen Quintana Roo a 19 de febrero 2021.- MORENA\u00a0est\u00e1 firme rumbo a la...","og_url":"https:\/\/redamlo.com\/index.php\/2021\/02\/19\/quien-considera-debe-abanderar-la-coalicion-de-morena\/","og_site_name":"NOTICIAS DE LA 4T","article_published_time":"2021-02-19T13:49:15+00:00","og_image":[{"width":1200,"height":800,"url":"https:\/\/redamlo.com\/wp-content\/uploads\/2021\/02\/CANDIDATOS-MORENA-SOLIDARIDAD-QUINTANA-ROO-LAURA-BERISTAIN-Y-CRISTINA-TORRES.jpg","type":"image\/jpeg"}],"author":"Blanca","twitter_card":"summary_large_image","twitter_misc":{"Escrito por":"Blanca"},"schema":{"@context":"https:\/\/schema.org","@graph":[{"@type":"Article","@id":"https:\/\/redamlo.com\/index.php\/2021\/02\/19\/quien-considera-debe-abanderar-la-coalicion-de-morena\/#article","isPartOf":{"@id":"https:\/\/redamlo.com\/index.php\/2021\/02\/19\/quien-considera-debe-abanderar-la-coalicion-de-morena\/"},"author":{"name":"Blanca","@id":"https:\/\/redamlo.com\/#\/schema\/person\/7223a4375eb8f1a782fcae010a7115cf"},"headline":"\u00bfQui\u00e9n considera debe abanderar la coalici\u00f3n de morena ?","datePublished":"2021-02-19T13:49:15+00:00","mainEntityOfPage":{"@id":"https:\/\/redamlo.com\/index.php\/2021\/02\/19\/quien-considera-debe-abanderar-la-coalicion-de-morena\/"},"wordCount":106,"commentCount":0,"publisher":{"@id":"https:\/\/redamlo.com\/#organization"},"image":{"@id":"https:\/\/redamlo.com\/index.php\/2021\/02\/19\/quien-considera-debe-abanderar-la-coalicion-de-morena\/#primaryimage"},"thumbnailUrl":"https:\/\/redamlo.com\/wp-content\/uploads\/2021\/02\/CANDIDATOS-MORENA-SOLIDARIDAD-QUINTANA-ROO-LAURA-BERISTAIN-Y-CRISTINA-TORRES.jpg","keywords":["Cristina Torrez G\u00f3mez","Elecciones 2021","Elecciones Solidaridad Quintana Roo","Laura Beristain Navarrete","Morena","Morena Solidaridad","Quintana Roo"],"articleSection":["4T","Opini\u00f3n"],"inLanguage":"es","potentialAction":[{"@type":"CommentAction","name":"Comment","target":["https:\/\/redamlo.com\/index.php\/2021\/02\/19\/quien-considera-debe-abanderar-la-coalicion-de-morena\/#respond"]}]},{"@type":"WebPage","@id":"https:\/\/redamlo.com\/index.php\/2021\/02\/19\/quien-considera-debe-abanderar-la-coalicion-de-morena\/","url":"https:\/\/redamlo.com\/index.php\/2021\/02\/19\/quien-considera-debe-abanderar-la-coalicion-de-morena\/","name":"\u00bfQui\u00e9n considera debe abanderar la coalici\u00f3n de morena ? - NOTICIAS DE LA 4T","isPartOf":{"@id":"https:\/\/redamlo.com\/#website"},"primaryImageOfPage":{"@id":"https:\/\/redamlo.com\/index.php\/2021\/02\/19\/quien-considera-debe-abanderar-la-coalicion-de-morena\/#primaryimage"},"image":{"@id":"https:\/\/redamlo.com\/index.php\/2021\/02\/19\/quien-considera-debe-abanderar-la-coalicion-de-morena\/#primaryimage"},"thumbnailUrl":"https:\/\/redamlo.com\/wp-content\/uploads\/2021\/02\/CANDIDATOS-MORENA-SOLIDARIDAD-QUINTANA-ROO-LAURA-BERISTAIN-Y-CRISTINA-TORRES.jpg","datePublished":"2021-02-19T13:49:15+00:00","breadcrumb":{"@id":"https:\/\/redamlo.com\/index.php\/2021\/02\/19\/quien-considera-debe-abanderar-la-coalicion-de-morena\/#breadcrumb"},"inLanguage":"es","potentialAction":[{"@type":"ReadAction","target":["https:\/\/redamlo.com\/index.php\/2021\/02\/19\/quien-considera-debe-abanderar-la-coalicion-de-morena\/"]}]},{"@type":"ImageObject","inLanguage":"es","@id":"https:\/\/redamlo.com\/index.php\/2021\/02\/19\/quien-considera-debe-abanderar-la-coalicion-de-morena\/#primaryimage","url":"https:\/\/redamlo.com\/wp-content\/uploads\/2021\/02\/CANDIDATOS-MORENA-SOLIDARIDAD-QUINTANA-ROO-LAURA-BERISTAIN-Y-CRISTINA-TORRES.jpg","contentUrl":"https:\/\/redamlo.com\/wp-content\/uploads\/2021\/02\/CANDIDATOS-MORENA-SOLIDARIDAD-QUINTANA-ROO-LAURA-BERISTAIN-Y-CRISTINA-TORRES.jpg","width":1200,"height":800},{"@type":"BreadcrumbList","@id":"https:\/\/redamlo.com\/index.php\/2021\/02\/19\/quien-considera-debe-abanderar-la-coalicion-de-morena\/#breadcrumb","itemListElement":[{"@type":"ListItem","position":1,"name":"Inicio","item":"https:\/\/redamlo.com\/"},{"@type":"ListItem","position":2,"name":"\u00bfQui\u00e9n considera debe abanderar la coalici\u00f3n de morena ?"}]},{"@type":"WebSite","@id":"https:\/\/redamlo.com\/#website","url":"https:\/\/redamlo.com\/","name":"NOTICIAS DE LA 4T","description":"","publisher":{"@id":"https:\/\/redamlo.com\/#organization"},"potentialAction":[{"@type":"SearchAction","target":{"@type":"EntryPoint","urlTemplate":"https:\/\/redamlo.com\/?s={search_term_string}"},"query-input":{"@type":"PropertyValueSpecification","valueRequired":true,"valueName":"search_term_string"}}],"inLanguage":"es"},{"@type":"Organization","@id":"https:\/\/redamlo.com\/#organization","name":"NOTICIAS DE LA 4T","url":"https:\/\/redamlo.com\/","logo":{"@type":"ImageObject","inLanguage":"es","@id":"https:\/\/redamlo.com\/#\/schema\/logo\/image\/","url":"https:\/\/redamlo.com\/wp-content\/uploads\/2024\/08\/cropped-RED-AMLO-logo-50.png","contentUrl":"https:\/\/redamlo.com\/wp-content\/uploads\/2024\/08\/cropped-RED-AMLO-logo-50.png","width":256,"height":256,"caption":"NOTICIAS DE LA 4T"},"image":{"@id":"https:\/\/redamlo.com\/#\/schema\/logo\/image\/"}},{"@type":"Person","@id":"https:\/\/redamlo.com\/#\/schema\/person\/7223a4375eb8f1a782fcae010a7115cf","name":"Blanca","image":{"@type":"ImageObject","inLanguage":"es","@id":"https:\/\/secure.gravatar.com\/avatar\/3f79bc8336367a4e6093eae8757acaaf61d1124834b905616de7829b0273426d?s=96&d=mm&r=g","url":"https:\/\/secure.gravatar.com\/avatar\/3f79bc8336367a4e6093eae8757acaaf61d1124834b905616de7829b0273426d?s=96&d=mm&r=g","contentUrl":"https:\/\/secure.gravatar.com\/avatar\/3f79bc8336367a4e6093eae8757acaaf61d1124834b905616de7829b0273426d?s=96&d=mm&r=g","caption":"Blanca"},"url":"https:\/\/redamlo.com\/index.php\/author\/blanca\/"}]}},"_links":{"self":[{"href":"https:\/\/redamlo.com\/index.php\/wp-json\/wp\/v2\/posts\/3772","targetHints":{"allow":["GET"]}}],"collection":[{"href":"https:\/\/redamlo.com\/index.php\/wp-json\/wp\/v2\/posts"}],"about":[{"href":"https:\/\/redamlo.com\/index.php\/wp-json\/wp\/v2\/types\/post"}],"author":[{"embeddable":true,"href":"https:\/\/redamlo.com\/index.php\/wp-json\/wp\/v2\/users\/2"}],"replies":[{"embeddable":true,"href":"https:\/\/redamlo.com\/index.php\/wp-json\/wp\/v2\/comments?post=3772"}],"version-history":[{"count":0,"href":"https:\/\/redamlo.com\/index.php\/wp-json\/wp\/v2\/posts\/3772\/revisions"}],"wp:featuredmedia":[{"embeddable":true,"href":"https:\/\/redamlo.com\/index.php\/wp-json\/wp\/v2\/media\/3774"}],"wp:attachment":[{"href":"https:\/\/redamlo.com\/index.php\/wp-json\/wp\/v2\/media?parent=3772"}],"wp:term":[{"taxonomy":"category","embeddable":true,"href":"https:\/\/redamlo.com\/index.php\/wp-json\/wp\/v2\/categories?post=3772"},{"taxonomy":"post_tag","embeddable":true,"href":"https:\/\/redamlo.com\/index.php\/wp-json\/wp\/v2\/tags?post=3772"}],"curies":[{"name":"wp","href":"https:\/\/api.w.org\/{rel}","templated":true}]}}