{"id":3752,"date":"2021-02-17T09:54:40","date_gmt":"2021-02-17T15:54:40","guid":{"rendered":"https:\/\/redamlo.com\/?p=3752"},"modified":"2021-02-17T09:54:40","modified_gmt":"2021-02-17T15:54:40","slug":"la-derecha-tiene-miedo","status":"publish","type":"post","link":"https:\/\/redamlo.com\/index.php\/2021\/02\/17\/la-derecha-tiene-miedo\/","title":{"rendered":"La Derecha tiene miedo"},"content":{"rendered":"<p class=\"p1\"><span class=\"s1\">Sergio Lugo<\/span><\/p>\n<p class=\"p1\"><span class=\"s1\">La Derecha del PRI PAN y PRD tienen miedo porque saben que van a perder en las siguientes elecciones, tanto a nivel diputaciones federales, as\u00ed como la mayor\u00eda de las gubernaturas, las presidencias municipales y diputaciones locales.<\/span><\/p>\n<p class=\"p1\"><span class=\"s1\">El peor error de ellos fue aliarse de manera descarada, ya que el pueblo no perdona los errores de Vicente Fox, Felipe Calder\u00f3n ni de Pe\u00f1a Nieto. Todos ligados a esos partidos, junto con el PRD que se volvi\u00f3 un cascajo luego de que sus principales dirigentes de Izquierda abandonaran ese partido, precisamente porque la c\u00fapula se ali\u00f3 con Pe\u00f1a Nieto, v\u00eda el Pacto por M\u00e9xico.<\/span><\/p>\n<p class=\"p1\"><span class=\"s1\">El Presidente L\u00f3pez Obrador goza una muy alta popularidad, a pesar de la pandemia y de la crisis mundial, \u00e9l y su gabinete han salido airosos, porque no se han endeudado en el Fondo Monetario Internacional, principal organismo neoliberal.<\/span><\/p>\n<p class=\"p1\"><span class=\"s1\">El gobierno tiene suficiente dinero debido a la austeridad republicana que pregona el Presidente, donde todos sus principales colaboradores se han bajado el sueldo pero tambi\u00e9n han recortado muchas dependencias que solo serv\u00edan para la burocracia.<\/span><\/p>\n<p class=\"p1\"><span class=\"s1\">Junto a eso, Morena el partido de L\u00f3pez Obrador goza de una alta simpat\u00eda con la gente, en todas las encuestas van arriba, salvo en Quer\u00e9taro y Guanajuato, y junto con el PT (y desafortunadamente con el Verde) se vuelve una coalici\u00f3n casi indestructible.<\/span><\/p>\n<p class=\"p1\"><span class=\"s1\">La alianza maldita la conforman los partidos: PRI PAN PRD junto con el sector empresarial m\u00e1s neoliberal, y una parte del clero, el m\u00e1s fan\u00e1tico, ellos har\u00e1n un dispendio de recursos para tratar de sacar el mayor n\u00famero de votos en las pr\u00f3ximas elecciones.<\/span><\/p>\n<p class=\"p1\"><span class=\"s1\">Est\u00e1n desesperados porque ya perdieron la presidencia de la Rep\u00fablica en 2018 y tratan de recuperarla, primero en estas elecciones intermedias, y despu\u00e9s apostar\u00e1n todo en el 2024, pero recordando a un viejo pri\u00edsta, su \u201ccaballada est\u00e1 flaca&#8221;, no tienen ning\u00fan cuadro competitivo, ya que Ricardo Anaya es como el sargazo de las playas de Quintana Roo.<\/span><\/p>\n<p class=\"p1\"><span class=\"s1\">Y hablando de este bello estado del Caribe, el gobernador pri\u00edsta Carlos Joaqu\u00edn, (pero que gan\u00f3 bajo las siglas del PAN en alianza con el PRD) est\u00e1 frustrado porque va perder la gubernatura y se la va entregar a Morena en el 2022. Ya lo dijo Ricardo Monreal hace poco m\u00e1s de un a\u00f1o: \u201cQuintana Roo huele a perfume de mujer&#8221;.<\/span><\/p>\n<p class=\"p1\"><span class=\"s1\">Pero eso no es lo peor, tambi\u00e9n Morena (posiblemente en alianza con el PT y el Verde) volver\u00e1 a ganar los ayuntamientos de Benito Ju\u00e1rez (Canc\u00fan) y Solidaridad (Playa del Carmen), todas las encuestas serias as\u00ed lo confirman.<\/span><\/p>\n<p class=\"p1\"><span class=\"s1\">En el caso del municipio de Puerto Morelos, se ha dicho que se negoci\u00f3 para que Morena y el PT apoyen al Verde para la alcald\u00eda.<\/span><\/p>\n<p class=\"p1\"><span class=\"s1\">Tulum es gobernado por el PRD en alianza con el PAN y tambi\u00e9n es muy probable que se pinte de vino para las siguientes elecciones, gracias a una joven diputada.<\/span><\/p>\n<p class=\"p1\"><span class=\"s1\">Cozumel es el basti\u00f3n hist\u00f3rico del PRI pero est\u00e1 en riesgo de perder, en manos de Morena (con mujer), tal y como sucedi\u00f3 en Atlacomulco, Estado de M\u00e9xico, en 2018.<\/span><\/p>\n<p class=\"p1\"><span class=\"s1\">Chetumal la capital, aunque se encuentra en la punta sur del estado, actualmente es gobernado por Morena y va a retener el poder.<\/span><\/p>\n<p class=\"p1\"><span class=\"s1\">Por tal motivo, resulta incre\u00edble que Carlos Joaqu\u00edn quiere mantener el sem\u00e1foro naranja s\u00f3lo en la zona norte del estado, justamente donde se ubican dichos municipios. El mandatario est\u00e1 tan aferrado al poder que se dice que mandar\u00e1 a sem\u00e1foro rojo, justamente para que los candidatos de Morena no puedan hacer campa\u00f1a en las calles.<\/span><\/p>\n<p class=\"p1\"><span class=\"s1\">A pesar de eso, resulta contraproducente, porque ahora tenemos el poder de las redes sociales.<\/span><\/p>\n<p class=\"p1\"><span class=\"s1\">Veamos el caso de Solidaridad, donde hasta el momento se dice que se lleg\u00f3 a un acuerdo para que la candidata de Morena sea mujer, por lo que se han apuntado Laura Beristain, las Regidoras B\u00e1rbara Delgado y Luz Elena Mu\u00f1oz, as\u00ed como Alondra Name, hija de la ex Regidora de Morena Norma Ang\u00e9lica R\u00edos, quien en 2018 apoy\u00f3 al PAN.<\/span><\/p>\n<p class=\"p1\"><span class=\"s1\">En el caso particular de Laura Beristain, es la actual alcaldesa y busca su reelecci\u00f3n. Tuve la oportunidad de caminar junto a ella, en la campa\u00f1a de 2018, ah\u00ed constat\u00e9 lo que siempre cuenta un amigo: su forma de hacer campa\u00f1a, la cual consiste en estar estar con la gente, abrazarla, apapacharla, llorar con ella, ser emp\u00e1tica; por eso, con iron\u00eda, mi camarada dec\u00eda que no avanz\u00e1bamos ni una cuadra porque ella se quedaba platicando con la gente; y as\u00ed gan\u00f3, pese a los intentos de fraude del PAN.<\/span><\/p>\n<p class=\"p1\"><span class=\"s1\">A eso le tiene miedo el gobernador Carlos Joaqu\u00edn (y los Conservadores en general), y su mejor pretexto es la PANdemia, y as\u00ed mandarnos al sem\u00e1foro rojo (o mantenernos en naranja), exactamente como lo ha hecho H\u00e9ctor Astudillo, gobernador del PRI en Guerrero, estado donde tambi\u00e9n arrasar\u00e1 Morena.<\/span><\/p>\n<p class=\"p1\"><span class=\"s1\">As\u00ed de grande es el miedo de la Derecha.<\/span><\/p>\n<p class=\"p1\"><span class=\"s1\">Laura Beristain ha trabajado de la mano con el gobierno de L\u00f3pez Obrador, demostrando que aqu\u00ed se lleva a cabo la 4 Transformaci\u00f3n.<\/span><\/p>\n<p class=\"p1\"><span class=\"s1\">Y para ejemplo basta citar los edificios que han sido construidos e inaugurados por la SEDATU v\u00eda su titular Rom\u00e1n Meyer, como el mercado de Las Pi\u00f1atas, Ciudad Juventud (donde de manera provisional se encuentra la Universidad para el Bienestar Benito Ju\u00e1rez, de parte del gobierno federal, en la cual se impartir\u00e1 una licenciatura<span class=\"Apple-converted-space\">\u00a0 <\/span>relacionada al turismo, totalmente gratis y hasta con beca).<\/span><\/p>\n<p class=\"p1\"><span class=\"s1\">As\u00ed como el mejoramiento de algunos Centros de Desarrollo Comunitarios (CDC) todo eso forma parte del programa federal \u201cM\u00ed M\u00e9xico late\u201d, el cual pretende crear desarrollo social en lugares donde la diferencia de clases es muy marcada, tal como es el caso de Solidaridad.<\/span><\/p>\n<p class=\"p1\"><span class=\"s1\">El presidente L\u00f3pez Obrador en su visita a Playa del Carmen, en febrero del a\u00f1o pasado, volvi\u00f3 a reiterar su compromiso de regularizar la tierra de la colonia Colosio, para darles certeza jur\u00eddica, t\u00edtulos a sus habitantes, ya que una desarrolladora privada: Derimaya (conocida por sus fraudes y evasi\u00f3n fiscal), pretende privatizar todo, donde por cierto, la diputada panista Lilly Campos es su apoderada legal (y quiere ser presidenta municipal por el PAN), y Cristina Torres es su asesora jur\u00eddica y Consejera, ya gobern\u00f3 Solidaridad por el PAN y ahora intenta hacerlo descaradamente por Morena. Ella est\u00e1 formada en el PRI.<\/span><\/p>\n<p class=\"p1\"><span class=\"s1\">Es as\u00ed como la Derecha hip\u00f3crita quiere despojar de sus hogares a los solidarenses. L\u00f3pez Obrador se comprometi\u00f3 a resolver eso, desde su campa\u00f1a, y lo cumplir\u00e1.<\/span><\/p>\n<p class=\"p1\"><span class=\"s1\">El gobierno de Laura Beristain no se ha endeudado, a diferencia de los alcades anteriores del PRIAN. Por cierto, la culpable de los parqu\u00edmetros y el deficiente servicio de basura es Cristina Torres cuando fue alcaldesa.<\/span><\/p>\n<p class=\"p1\"><span class=\"s1\">El actual gobierno de Solidaridad es el \u00fanico que cuenta con Centros de Salud gratuitos para la poblaci\u00f3n, garantizando as\u00ed el derecho universal a la salud que propusieron Morena y el Presidente, lo cual ya es ley.<\/span><\/p>\n<p class=\"p1\"><span class=\"s1\">Aunado a eso, en Puerto Aventuras existe un centro de rehabilitaci\u00f3n abierto al p\u00fablico.<\/span><\/p>\n<p class=\"p1\"><span class=\"s1\">Laura Beristain es de Izquierda, y ha sido compa\u00f1era de lucha de L\u00f3pez Obrador desde los 90 junto con su familia, no es ninguna improvisada ni arribista, ya que ahora de la noche a la ma\u00f1ana varias mujeres y hombres pretenden ser de Izquierda pero vienen de la Derecha.<\/span><\/p>\n<p class=\"p1\"><span class=\"s1\">Tambi\u00e9n ser de Izquierda es apoyar a la diversidad sexual, y en el gobierno de Solidaridad se atiende a esa poblaci\u00f3n. Laura enarbola esa bandera de lucha junto con su pareja Karla Robles, quien ha desempe\u00f1ado un gran trabajo al frente del DIF.<\/span><\/p>\n<p class=\"p1\"><span class=\"s1\">Los ataques que sufren en las redes sociales, ciertamente deben ser en parte por el descontento del ciudadano, pero tambi\u00e9n existe una campa\u00f1a coordinada de bots en contra de Laura Beristain.<\/span><\/p>\n<p class=\"p1\"><span class=\"s1\">Desde que inici\u00f3 su gobierno, ha sido atacada con p\u00e1ginas de Facebook que replican la informaci\u00f3n falsa, s\u00f3lo copian y pegan, sin ning\u00fan an\u00e1lisis, pretenden denostar e infundir confusi\u00f3n entre la poblaci\u00f3n, culpando a Laura de todo lo que sucede, cuando hay cosas que no son de su atribuci\u00f3n.<\/span><\/p>\n<p class=\"p1\"><span class=\"s1\">Ese tipo de campa\u00f1as debido a su nivel de videos editados, de publicidad pagada, y del tipo de informaci\u00f3n y datos que se manejan, evidentemente son financiados por empresarios y el gobierno panista, as\u00ed como de sus diputados, utilizando los impuestos de la gente, en la guerra sucia. Las p\u00e1ginas de Facebook son improvisadas, no hay periodismo real que haga an\u00e1lisis veraz, salvo contadas excepciones, un ej\u00e9rcito de bots opera bajo las \u00f3rdenes de la Derecha desesperada porque est\u00e1 perdiendo sus privilegios.<\/span><\/p>\n<p class=\"p1\"><span class=\"s1\">De manera de cr\u00edtica constructiva, los directores de comunicaci\u00f3n social que ha tenido la presidenta, no supieron contrarrestar la guerra sucia en contra de la alcaldesa, bajo el argumento de no pelearse, casi nunca contestaron de manera puntual a los infundios de la Derecha, y de los reclamos francos de los ciudadanos. Esperemos que ahora en adelante, todo mejore.<\/span><\/p>\n<p class=\"p1\"><span class=\"s1\">Hoy m\u00e1s que nunca, todos debemos estar unidos, los diferentes grupos y corrientes de Izquierda, en Solidaridad,<span class=\"Apple-converted-space\">\u00a0 <\/span>en todo Quintana Roo y en el pa\u00eds, tal y como lo ha pregonado el Diputado Gerardo Fern\u00e1ndez Noro\u00f1a , porque la Derecha viene con todo, no va permitir que le arrebaten sus privilegios.<\/span><\/p>\n<p class=\"p1\"><span class=\"s1\">Tratar\u00e1 de apoderarse del gobierno en Playa del Carmen, ya sea con candidatos del PRIAN o con alguna infiltrada en Morena, porque los Conservadores as\u00ed son de descarados.<\/span><\/p>\n<p class=\"p1\"><span class=\"s1\">Por tal motivo, Morena y el PT deben lanzar a sus mejores cuadros de Izquierda, los m\u00e1s preparados ideol\u00f3gica, intelectual, y acad\u00e9micamente, para que no traicionen, no se trata de poner al que tenga m\u00e1s votos, sino al m\u00e1s comprometido con la 4T.<\/span><\/p>\n<p class=\"p1\"><span class=\"s1\">Recordemos que el enemigo est\u00e1 enfrente, con la alianza maldita del PRIANRD y no entre nosotros (salvo los sectarios). Nos encontramos en un momento hist\u00f3rico donde nuestro respaldo al Presidente L\u00f3pez Obrador y a la 4T debe ser crucial, sin improvisaciones y sin vacilaciones.<\/span><\/p>\n<p class=\"p1\"><span class=\"s1\">Hace muchos a\u00f1os la actriz y ahora Senadora Jesusa Rodr\u00edguez, (de la diversidad sexual) expres\u00f3 en un mitin de L\u00f3pez Obrador: \u201cNos tienen miedo porque no tenemos miedo&#8221;, y as\u00ed es, estamos m\u00e1s que listos para defender los principios de la Izquierda y los ideales de Morena.<\/span><\/p>\n","protected":false},"excerpt":{"rendered":"<p>Sergio Lugo La Derecha del PRI PAN y PRD tienen miedo porque saben que van&#8230;<\/p>\n","protected":false},"author":2,"featured_media":3754,"comment_status":"open","ping_status":"closed","sticky":false,"template":"","format":"standard","meta":{"footnotes":""},"categories":[1],"tags":[],"class_list":["post-3752","post","type-post","status-publish","format-standard","has-post-thumbnail","hentry","category-uncategorized"],"yoast_head":"<!-- This site is optimized with the Yoast SEO plugin v27.5 - https:\/\/yoast.com\/product\/yoast-seo-wordpress\/ -->\n<title>La Derecha tiene miedo - NOTICIAS DE LA 4T<\/title>\n<meta name=\"robots\" content=\"noindex, follow, max-snippet:-1, max-image-preview:large, max-video-preview:-1\" \/>\n<meta property=\"og:locale\" content=\"es_MX\" \/>\n<meta property=\"og:type\" content=\"article\" \/>\n<meta property=\"og:title\" content=\"La Derecha tiene miedo - NOTICIAS DE LA 4T\" \/>\n<meta property=\"og:description\" content=\"Sergio Lugo La Derecha del PRI PAN y PRD tienen miedo porque saben que van...\" \/>\n<meta property=\"og:url\" content=\"https:\/\/redamlo.com\/index.php\/2021\/02\/17\/la-derecha-tiene-miedo\/\" \/>\n<meta property=\"og:site_name\" content=\"NOTICIAS DE LA 4T\" \/>\n<meta property=\"article:published_time\" content=\"2021-02-17T15:54:40+00:00\" \/>\n<meta property=\"og:image\" content=\"https:\/\/redamlo.com\/wp-content\/uploads\/2021\/02\/41377038-379F-4A1F-8834-E2D0B77548E2.jpeg\" \/>\n\t<meta property=\"og:image:width\" content=\"720\" \/>\n\t<meta property=\"og:image:height\" content=\"597\" \/>\n\t<meta property=\"og:image:type\" content=\"image\/jpeg\" \/>\n<meta name=\"author\" content=\"Blanca\" \/>\n<meta name=\"twitter:card\" content=\"summary_large_image\" \/>\n<meta name=\"twitter:label1\" content=\"Escrito por\" \/>\n\t<meta name=\"twitter:data1\" content=\"Blanca\" \/>\n\t<meta name=\"twitter:label2\" content=\"Tiempo de lectura\" \/>\n\t<meta name=\"twitter:data2\" content=\"9 minutos\" \/>\n<script type=\"application\/ld+json\" class=\"yoast-schema-graph\">{\"@context\":\"https:\\\/\\\/schema.org\",\"@graph\":[{\"@type\":\"Article\",\"@id\":\"https:\\\/\\\/redamlo.com\\\/index.php\\\/2021\\\/02\\\/17\\\/la-derecha-tiene-miedo\\\/#article\",\"isPartOf\":{\"@id\":\"https:\\\/\\\/redamlo.com\\\/index.php\\\/2021\\\/02\\\/17\\\/la-derecha-tiene-miedo\\\/\"},\"author\":{\"name\":\"Blanca\",\"@id\":\"https:\\\/\\\/redamlo.com\\\/#\\\/schema\\\/person\\\/7223a4375eb8f1a782fcae010a7115cf\"},\"headline\":\"La Derecha tiene miedo\",\"datePublished\":\"2021-02-17T15:54:40+00:00\",\"mainEntityOfPage\":{\"@id\":\"https:\\\/\\\/redamlo.com\\\/index.php\\\/2021\\\/02\\\/17\\\/la-derecha-tiene-miedo\\\/\"},\"wordCount\":1793,\"commentCount\":0,\"publisher\":{\"@id\":\"https:\\\/\\\/redamlo.com\\\/#organization\"},\"image\":{\"@id\":\"https:\\\/\\\/redamlo.com\\\/index.php\\\/2021\\\/02\\\/17\\\/la-derecha-tiene-miedo\\\/#primaryimage\"},\"thumbnailUrl\":\"https:\\\/\\\/redamlo.com\\\/wp-content\\\/uploads\\\/2021\\\/02\\\/41377038-379F-4A1F-8834-E2D0B77548E2.jpeg\",\"articleSection\":[\"Uncategorized\"],\"inLanguage\":\"es\",\"potentialAction\":[{\"@type\":\"CommentAction\",\"name\":\"Comment\",\"target\":[\"https:\\\/\\\/redamlo.com\\\/index.php\\\/2021\\\/02\\\/17\\\/la-derecha-tiene-miedo\\\/#respond\"]}]},{\"@type\":\"WebPage\",\"@id\":\"https:\\\/\\\/redamlo.com\\\/index.php\\\/2021\\\/02\\\/17\\\/la-derecha-tiene-miedo\\\/\",\"url\":\"https:\\\/\\\/redamlo.com\\\/index.php\\\/2021\\\/02\\\/17\\\/la-derecha-tiene-miedo\\\/\",\"name\":\"La Derecha tiene miedo - NOTICIAS DE LA 4T\",\"isPartOf\":{\"@id\":\"https:\\\/\\\/redamlo.com\\\/#website\"},\"primaryImageOfPage\":{\"@id\":\"https:\\\/\\\/redamlo.com\\\/index.php\\\/2021\\\/02\\\/17\\\/la-derecha-tiene-miedo\\\/#primaryimage\"},\"image\":{\"@id\":\"https:\\\/\\\/redamlo.com\\\/index.php\\\/2021\\\/02\\\/17\\\/la-derecha-tiene-miedo\\\/#primaryimage\"},\"thumbnailUrl\":\"https:\\\/\\\/redamlo.com\\\/wp-content\\\/uploads\\\/2021\\\/02\\\/41377038-379F-4A1F-8834-E2D0B77548E2.jpeg\",\"datePublished\":\"2021-02-17T15:54:40+00:00\",\"breadcrumb\":{\"@id\":\"https:\\\/\\\/redamlo.com\\\/index.php\\\/2021\\\/02\\\/17\\\/la-derecha-tiene-miedo\\\/#breadcrumb\"},\"inLanguage\":\"es\",\"potentialAction\":[{\"@type\":\"ReadAction\",\"target\":[\"https:\\\/\\\/redamlo.com\\\/index.php\\\/2021\\\/02\\\/17\\\/la-derecha-tiene-miedo\\\/\"]}]},{\"@type\":\"ImageObject\",\"inLanguage\":\"es\",\"@id\":\"https:\\\/\\\/redamlo.com\\\/index.php\\\/2021\\\/02\\\/17\\\/la-derecha-tiene-miedo\\\/#primaryimage\",\"url\":\"https:\\\/\\\/redamlo.com\\\/wp-content\\\/uploads\\\/2021\\\/02\\\/41377038-379F-4A1F-8834-E2D0B77548E2.jpeg\",\"contentUrl\":\"https:\\\/\\\/redamlo.com\\\/wp-content\\\/uploads\\\/2021\\\/02\\\/41377038-379F-4A1F-8834-E2D0B77548E2.jpeg\",\"width\":720,\"height\":597},{\"@type\":\"BreadcrumbList\",\"@id\":\"https:\\\/\\\/redamlo.com\\\/index.php\\\/2021\\\/02\\\/17\\\/la-derecha-tiene-miedo\\\/#breadcrumb\",\"itemListElement\":[{\"@type\":\"ListItem\",\"position\":1,\"name\":\"Inicio\",\"item\":\"https:\\\/\\\/redamlo.com\\\/\"},{\"@type\":\"ListItem\",\"position\":2,\"name\":\"La Derecha tiene miedo\"}]},{\"@type\":\"WebSite\",\"@id\":\"https:\\\/\\\/redamlo.com\\\/#website\",\"url\":\"https:\\\/\\\/redamlo.com\\\/\",\"name\":\"NOTICIAS DE LA 4T\",\"description\":\"\",\"publisher\":{\"@id\":\"https:\\\/\\\/redamlo.com\\\/#organization\"},\"potentialAction\":[{\"@type\":\"SearchAction\",\"target\":{\"@type\":\"EntryPoint\",\"urlTemplate\":\"https:\\\/\\\/redamlo.com\\\/?s={search_term_string}\"},\"query-input\":{\"@type\":\"PropertyValueSpecification\",\"valueRequired\":true,\"valueName\":\"search_term_string\"}}],\"inLanguage\":\"es\"},{\"@type\":\"Organization\",\"@id\":\"https:\\\/\\\/redamlo.com\\\/#organization\",\"name\":\"NOTICIAS DE LA 4T\",\"url\":\"https:\\\/\\\/redamlo.com\\\/\",\"logo\":{\"@type\":\"ImageObject\",\"inLanguage\":\"es\",\"@id\":\"https:\\\/\\\/redamlo.com\\\/#\\\/schema\\\/logo\\\/image\\\/\",\"url\":\"https:\\\/\\\/redamlo.com\\\/wp-content\\\/uploads\\\/2024\\\/08\\\/cropped-RED-AMLO-logo-50.png\",\"contentUrl\":\"https:\\\/\\\/redamlo.com\\\/wp-content\\\/uploads\\\/2024\\\/08\\\/cropped-RED-AMLO-logo-50.png\",\"width\":256,\"height\":256,\"caption\":\"NOTICIAS DE LA 4T\"},\"image\":{\"@id\":\"https:\\\/\\\/redamlo.com\\\/#\\\/schema\\\/logo\\\/image\\\/\"}},{\"@type\":\"Person\",\"@id\":\"https:\\\/\\\/redamlo.com\\\/#\\\/schema\\\/person\\\/7223a4375eb8f1a782fcae010a7115cf\",\"name\":\"Blanca\",\"image\":{\"@type\":\"ImageObject\",\"inLanguage\":\"es\",\"@id\":\"https:\\\/\\\/secure.gravatar.com\\\/avatar\\\/3f79bc8336367a4e6093eae8757acaaf61d1124834b905616de7829b0273426d?s=96&d=mm&r=g\",\"url\":\"https:\\\/\\\/secure.gravatar.com\\\/avatar\\\/3f79bc8336367a4e6093eae8757acaaf61d1124834b905616de7829b0273426d?s=96&d=mm&r=g\",\"contentUrl\":\"https:\\\/\\\/secure.gravatar.com\\\/avatar\\\/3f79bc8336367a4e6093eae8757acaaf61d1124834b905616de7829b0273426d?s=96&d=mm&r=g\",\"caption\":\"Blanca\"},\"url\":\"https:\\\/\\\/redamlo.com\\\/index.php\\\/author\\\/blanca\\\/\"}]}<\/script>\n<!-- \/ Yoast SEO plugin. -->","yoast_head_json":{"title":"La Derecha tiene miedo - NOTICIAS DE LA 4T","robots":{"index":"noindex","follow":"follow","max-snippet":"max-snippet:-1","max-image-preview":"max-image-preview:large","max-video-preview":"max-video-preview:-1"},"og_locale":"es_MX","og_type":"article","og_title":"La Derecha tiene miedo - NOTICIAS DE LA 4T","og_description":"Sergio Lugo La Derecha del PRI PAN y PRD tienen miedo porque saben que van...","og_url":"https:\/\/redamlo.com\/index.php\/2021\/02\/17\/la-derecha-tiene-miedo\/","og_site_name":"NOTICIAS DE LA 4T","article_published_time":"2021-02-17T15:54:40+00:00","og_image":[{"width":720,"height":597,"url":"https:\/\/redamlo.com\/wp-content\/uploads\/2021\/02\/41377038-379F-4A1F-8834-E2D0B77548E2.jpeg","type":"image\/jpeg"}],"author":"Blanca","twitter_card":"summary_large_image","twitter_misc":{"Escrito por":"Blanca","Tiempo de lectura":"9 minutos"},"schema":{"@context":"https:\/\/schema.org","@graph":[{"@type":"Article","@id":"https:\/\/redamlo.com\/index.php\/2021\/02\/17\/la-derecha-tiene-miedo\/#article","isPartOf":{"@id":"https:\/\/redamlo.com\/index.php\/2021\/02\/17\/la-derecha-tiene-miedo\/"},"author":{"name":"Blanca","@id":"https:\/\/redamlo.com\/#\/schema\/person\/7223a4375eb8f1a782fcae010a7115cf"},"headline":"La Derecha tiene miedo","datePublished":"2021-02-17T15:54:40+00:00","mainEntityOfPage":{"@id":"https:\/\/redamlo.com\/index.php\/2021\/02\/17\/la-derecha-tiene-miedo\/"},"wordCount":1793,"commentCount":0,"publisher":{"@id":"https:\/\/redamlo.com\/#organization"},"image":{"@id":"https:\/\/redamlo.com\/index.php\/2021\/02\/17\/la-derecha-tiene-miedo\/#primaryimage"},"thumbnailUrl":"https:\/\/redamlo.com\/wp-content\/uploads\/2021\/02\/41377038-379F-4A1F-8834-E2D0B77548E2.jpeg","articleSection":["Uncategorized"],"inLanguage":"es","potentialAction":[{"@type":"CommentAction","name":"Comment","target":["https:\/\/redamlo.com\/index.php\/2021\/02\/17\/la-derecha-tiene-miedo\/#respond"]}]},{"@type":"WebPage","@id":"https:\/\/redamlo.com\/index.php\/2021\/02\/17\/la-derecha-tiene-miedo\/","url":"https:\/\/redamlo.com\/index.php\/2021\/02\/17\/la-derecha-tiene-miedo\/","name":"La Derecha tiene miedo - NOTICIAS DE LA 4T","isPartOf":{"@id":"https:\/\/redamlo.com\/#website"},"primaryImageOfPage":{"@id":"https:\/\/redamlo.com\/index.php\/2021\/02\/17\/la-derecha-tiene-miedo\/#primaryimage"},"image":{"@id":"https:\/\/redamlo.com\/index.php\/2021\/02\/17\/la-derecha-tiene-miedo\/#primaryimage"},"thumbnailUrl":"https:\/\/redamlo.com\/wp-content\/uploads\/2021\/02\/41377038-379F-4A1F-8834-E2D0B77548E2.jpeg","datePublished":"2021-02-17T15:54:40+00:00","breadcrumb":{"@id":"https:\/\/redamlo.com\/index.php\/2021\/02\/17\/la-derecha-tiene-miedo\/#breadcrumb"},"inLanguage":"es","potentialAction":[{"@type":"ReadAction","target":["https:\/\/redamlo.com\/index.php\/2021\/02\/17\/la-derecha-tiene-miedo\/"]}]},{"@type":"ImageObject","inLanguage":"es","@id":"https:\/\/redamlo.com\/index.php\/2021\/02\/17\/la-derecha-tiene-miedo\/#primaryimage","url":"https:\/\/redamlo.com\/wp-content\/uploads\/2021\/02\/41377038-379F-4A1F-8834-E2D0B77548E2.jpeg","contentUrl":"https:\/\/redamlo.com\/wp-content\/uploads\/2021\/02\/41377038-379F-4A1F-8834-E2D0B77548E2.jpeg","width":720,"height":597},{"@type":"BreadcrumbList","@id":"https:\/\/redamlo.com\/index.php\/2021\/02\/17\/la-derecha-tiene-miedo\/#breadcrumb","itemListElement":[{"@type":"ListItem","position":1,"name":"Inicio","item":"https:\/\/redamlo.com\/"},{"@type":"ListItem","position":2,"name":"La Derecha tiene miedo"}]},{"@type":"WebSite","@id":"https:\/\/redamlo.com\/#website","url":"https:\/\/redamlo.com\/","name":"NOTICIAS DE LA 4T","description":"","publisher":{"@id":"https:\/\/redamlo.com\/#organization"},"potentialAction":[{"@type":"SearchAction","target":{"@type":"EntryPoint","urlTemplate":"https:\/\/redamlo.com\/?s={search_term_string}"},"query-input":{"@type":"PropertyValueSpecification","valueRequired":true,"valueName":"search_term_string"}}],"inLanguage":"es"},{"@type":"Organization","@id":"https:\/\/redamlo.com\/#organization","name":"NOTICIAS DE LA 4T","url":"https:\/\/redamlo.com\/","logo":{"@type":"ImageObject","inLanguage":"es","@id":"https:\/\/redamlo.com\/#\/schema\/logo\/image\/","url":"https:\/\/redamlo.com\/wp-content\/uploads\/2024\/08\/cropped-RED-AMLO-logo-50.png","contentUrl":"https:\/\/redamlo.com\/wp-content\/uploads\/2024\/08\/cropped-RED-AMLO-logo-50.png","width":256,"height":256,"caption":"NOTICIAS DE LA 4T"},"image":{"@id":"https:\/\/redamlo.com\/#\/schema\/logo\/image\/"}},{"@type":"Person","@id":"https:\/\/redamlo.com\/#\/schema\/person\/7223a4375eb8f1a782fcae010a7115cf","name":"Blanca","image":{"@type":"ImageObject","inLanguage":"es","@id":"https:\/\/secure.gravatar.com\/avatar\/3f79bc8336367a4e6093eae8757acaaf61d1124834b905616de7829b0273426d?s=96&d=mm&r=g","url":"https:\/\/secure.gravatar.com\/avatar\/3f79bc8336367a4e6093eae8757acaaf61d1124834b905616de7829b0273426d?s=96&d=mm&r=g","contentUrl":"https:\/\/secure.gravatar.com\/avatar\/3f79bc8336367a4e6093eae8757acaaf61d1124834b905616de7829b0273426d?s=96&d=mm&r=g","caption":"Blanca"},"url":"https:\/\/redamlo.com\/index.php\/author\/blanca\/"}]}},"_links":{"self":[{"href":"https:\/\/redamlo.com\/index.php\/wp-json\/wp\/v2\/posts\/3752","targetHints":{"allow":["GET"]}}],"collection":[{"href":"https:\/\/redamlo.com\/index.php\/wp-json\/wp\/v2\/posts"}],"about":[{"href":"https:\/\/redamlo.com\/index.php\/wp-json\/wp\/v2\/types\/post"}],"author":[{"embeddable":true,"href":"https:\/\/redamlo.com\/index.php\/wp-json\/wp\/v2\/users\/2"}],"replies":[{"embeddable":true,"href":"https:\/\/redamlo.com\/index.php\/wp-json\/wp\/v2\/comments?post=3752"}],"version-history":[{"count":0,"href":"https:\/\/redamlo.com\/index.php\/wp-json\/wp\/v2\/posts\/3752\/revisions"}],"wp:featuredmedia":[{"embeddable":true,"href":"https:\/\/redamlo.com\/index.php\/wp-json\/wp\/v2\/media\/3754"}],"wp:attachment":[{"href":"https:\/\/redamlo.com\/index.php\/wp-json\/wp\/v2\/media?parent=3752"}],"wp:term":[{"taxonomy":"category","embeddable":true,"href":"https:\/\/redamlo.com\/index.php\/wp-json\/wp\/v2\/categories?post=3752"},{"taxonomy":"post_tag","embeddable":true,"href":"https:\/\/redamlo.com\/index.php\/wp-json\/wp\/v2\/tags?post=3752"}],"curies":[{"name":"wp","href":"https:\/\/api.w.org\/{rel}","templated":true}]}}