{"id":3737,"date":"2021-02-15T06:33:57","date_gmt":"2021-02-15T12:33:57","guid":{"rendered":"https:\/\/redamlo.com\/?p=3737"},"modified":"2021-02-15T06:33:57","modified_gmt":"2021-02-15T12:33:57","slug":"el-periodista-erick-xavier-huerta-anuncia-su-registro-como-precandidato-por-la-alcaldia-de-cortazar","status":"publish","type":"post","link":"https:\/\/redamlo.com\/index.php\/2021\/02\/15\/el-periodista-erick-xavier-huerta-anuncia-su-registro-como-precandidato-por-la-alcaldia-de-cortazar\/","title":{"rendered":"El Periodista Erick Xavier Huerta anuncia su registro  como precandidato por la alcald\u00eda de Cortazar"},"content":{"rendered":"<h3>Cort\u00e1zar Guanajuato a 15 de febrero 2021 Bajio Press.-<\/h3>\n<p>Despu\u00e9s de varias conversaciones con ciudadanos, compa\u00f1eros, con militantes y simpatizantes del movimiento de regeneraci\u00f3n nacional, hemos ratificado que nuestro compromiso siga vigente en la plataforma de la regeneraci\u00f3n nacional, porque eso necesita nuestro municipio de Cortazar, el estado de Guanajuato; es lo que ha necesitado el pa\u00eds desde hace varios a\u00f1os.<\/p>\n<p>No podemos permitir que siga gobernando el miedo. M\u00e9xico y nuestro pueblo nos requieren para contribuir a su desarrollo.<\/p>\n<p>Hoy, el cambio estriba en reconfigurar el tejido social que se\u00a0 perdi\u00f3, para recuperar la paz y el bienestar del pueblo. Tal descomposici\u00f3n social no podemos permitir que contin\u00fae, pues ello incide directamente en el auge de la corrupci\u00f3n, de la impunidad y de la poca credibilidad de nuestras instituciones. La descomposici\u00f3n social es el gran c\u00e1ncer que provoc\u00f3 el tumor de los malos gobiernos que hemos padecido bajo las banderas del PRI, PAN y del PRD.<\/p>\n<p><iframe loading=\"lazy\" style=\"border: none; overflow: hidden;\" src=\"https:\/\/www.facebook.com\/plugins\/video.php?height=314&amp;href=https%3A%2F%2Fwww.facebook.com%2Ferickxhs%2Fvideos%2F2726519407662971%2F&amp;show_text=false&amp;width=560\" width=\"560\" height=\"314\" frameborder=\"0\" scrolling=\"no\" allowfullscreen=\"allowfullscreen\"><\/iframe><\/p>\n<p><img loading=\"lazy\" decoding=\"async\" class=\"alignnone wp-image-5611 \" src=\"https:\/\/redamlo.com\/wp-content\/uploads\/2021\/02\/ERICK-XAVIER-HUERTA.jpg\" alt=\"\" width=\"558\" height=\"284\" \/><\/p>\n","protected":false},"excerpt":{"rendered":"<p>Cort\u00e1zar Guanajuato a 15 de febrero 2021 Bajio Press.- Despu\u00e9s de varias conversaciones con ciudadanos,&#8230;<\/p>\n","protected":false},"author":2,"featured_media":3739,"comment_status":"open","ping_status":"closed","sticky":false,"template":"","format":"standard","meta":{"footnotes":""},"categories":[25],"tags":[],"class_list":["post-3737","post","type-post","status-publish","format-standard","has-post-thumbnail","hentry","category-4t"],"yoast_head":"<!-- This site is optimized with the Yoast SEO plugin v27.5 - https:\/\/yoast.com\/product\/yoast-seo-wordpress\/ -->\n<title>El Periodista Erick Xavier Huerta anuncia su registro como precandidato por la alcald\u00eda de Cortazar - NOTICIAS DE LA 4T<\/title>\n<meta name=\"robots\" content=\"noindex, follow, max-snippet:-1, max-image-preview:large, max-video-preview:-1\" \/>\n<meta property=\"og:locale\" content=\"es_MX\" \/>\n<meta property=\"og:type\" content=\"article\" \/>\n<meta property=\"og:title\" content=\"El Periodista Erick Xavier Huerta anuncia su registro como precandidato por la alcald\u00eda de Cortazar - NOTICIAS DE LA 4T\" \/>\n<meta property=\"og:description\" content=\"Cort\u00e1zar Guanajuato a 15 de febrero 2021 Bajio Press.- Despu\u00e9s de varias conversaciones con ciudadanos,...\" \/>\n<meta property=\"og:url\" content=\"https:\/\/redamlo.com\/index.php\/2021\/02\/15\/el-periodista-erick-xavier-huerta-anuncia-su-registro-como-precandidato-por-la-alcaldia-de-cortazar\/\" \/>\n<meta property=\"og:site_name\" content=\"NOTICIAS DE LA 4T\" \/>\n<meta property=\"article:published_time\" content=\"2021-02-15T12:33:57+00:00\" \/>\n<meta property=\"og:image\" content=\"https:\/\/redamlo.com\/wp-content\/uploads\/2021\/02\/ERICK-XAVIER-HUERTA-EN-CORTAZAR.jpg\" \/>\n\t<meta property=\"og:image:width\" content=\"940\" \/>\n\t<meta property=\"og:image:height\" content=\"788\" \/>\n\t<meta property=\"og:image:type\" content=\"image\/jpeg\" \/>\n<meta name=\"author\" content=\"Blanca\" \/>\n<meta name=\"twitter:card\" content=\"summary_large_image\" \/>\n<meta name=\"twitter:label1\" content=\"Escrito por\" \/>\n\t<meta name=\"twitter:data1\" content=\"Blanca\" \/>\n\t<meta name=\"twitter:label2\" content=\"Tiempo de lectura\" \/>\n\t<meta name=\"twitter:data2\" content=\"1 minuto\" \/>\n<script type=\"application\/ld+json\" class=\"yoast-schema-graph\">{\"@context\":\"https:\\\/\\\/schema.org\",\"@graph\":[{\"@type\":\"Article\",\"@id\":\"https:\\\/\\\/redamlo.com\\\/index.php\\\/2021\\\/02\\\/15\\\/el-periodista-erick-xavier-huerta-anuncia-su-registro-como-precandidato-por-la-alcaldia-de-cortazar\\\/#article\",\"isPartOf\":{\"@id\":\"https:\\\/\\\/redamlo.com\\\/index.php\\\/2021\\\/02\\\/15\\\/el-periodista-erick-xavier-huerta-anuncia-su-registro-como-precandidato-por-la-alcaldia-de-cortazar\\\/\"},\"author\":{\"name\":\"Blanca\",\"@id\":\"https:\\\/\\\/redamlo.com\\\/#\\\/schema\\\/person\\\/7223a4375eb8f1a782fcae010a7115cf\"},\"headline\":\"El Periodista Erick Xavier Huerta anuncia su registro como precandidato por la alcald\u00eda de Cortazar\",\"datePublished\":\"2021-02-15T12:33:57+00:00\",\"mainEntityOfPage\":{\"@id\":\"https:\\\/\\\/redamlo.com\\\/index.php\\\/2021\\\/02\\\/15\\\/el-periodista-erick-xavier-huerta-anuncia-su-registro-como-precandidato-por-la-alcaldia-de-cortazar\\\/\"},\"wordCount\":185,\"commentCount\":0,\"publisher\":{\"@id\":\"https:\\\/\\\/redamlo.com\\\/#organization\"},\"image\":{\"@id\":\"https:\\\/\\\/redamlo.com\\\/index.php\\\/2021\\\/02\\\/15\\\/el-periodista-erick-xavier-huerta-anuncia-su-registro-como-precandidato-por-la-alcaldia-de-cortazar\\\/#primaryimage\"},\"thumbnailUrl\":\"https:\\\/\\\/redamlo.com\\\/wp-content\\\/uploads\\\/2021\\\/02\\\/ERICK-XAVIER-HUERTA-EN-CORTAZAR.jpg\",\"articleSection\":[\"4T\"],\"inLanguage\":\"es\",\"potentialAction\":[{\"@type\":\"CommentAction\",\"name\":\"Comment\",\"target\":[\"https:\\\/\\\/redamlo.com\\\/index.php\\\/2021\\\/02\\\/15\\\/el-periodista-erick-xavier-huerta-anuncia-su-registro-como-precandidato-por-la-alcaldia-de-cortazar\\\/#respond\"]}]},{\"@type\":\"WebPage\",\"@id\":\"https:\\\/\\\/redamlo.com\\\/index.php\\\/2021\\\/02\\\/15\\\/el-periodista-erick-xavier-huerta-anuncia-su-registro-como-precandidato-por-la-alcaldia-de-cortazar\\\/\",\"url\":\"https:\\\/\\\/redamlo.com\\\/index.php\\\/2021\\\/02\\\/15\\\/el-periodista-erick-xavier-huerta-anuncia-su-registro-como-precandidato-por-la-alcaldia-de-cortazar\\\/\",\"name\":\"El Periodista Erick Xavier Huerta anuncia su registro como precandidato por la alcald\u00eda de Cortazar - NOTICIAS DE LA 4T\",\"isPartOf\":{\"@id\":\"https:\\\/\\\/redamlo.com\\\/#website\"},\"primaryImageOfPage\":{\"@id\":\"https:\\\/\\\/redamlo.com\\\/index.php\\\/2021\\\/02\\\/15\\\/el-periodista-erick-xavier-huerta-anuncia-su-registro-como-precandidato-por-la-alcaldia-de-cortazar\\\/#primaryimage\"},\"image\":{\"@id\":\"https:\\\/\\\/redamlo.com\\\/index.php\\\/2021\\\/02\\\/15\\\/el-periodista-erick-xavier-huerta-anuncia-su-registro-como-precandidato-por-la-alcaldia-de-cortazar\\\/#primaryimage\"},\"thumbnailUrl\":\"https:\\\/\\\/redamlo.com\\\/wp-content\\\/uploads\\\/2021\\\/02\\\/ERICK-XAVIER-HUERTA-EN-CORTAZAR.jpg\",\"datePublished\":\"2021-02-15T12:33:57+00:00\",\"breadcrumb\":{\"@id\":\"https:\\\/\\\/redamlo.com\\\/index.php\\\/2021\\\/02\\\/15\\\/el-periodista-erick-xavier-huerta-anuncia-su-registro-como-precandidato-por-la-alcaldia-de-cortazar\\\/#breadcrumb\"},\"inLanguage\":\"es\",\"potentialAction\":[{\"@type\":\"ReadAction\",\"target\":[\"https:\\\/\\\/redamlo.com\\\/index.php\\\/2021\\\/02\\\/15\\\/el-periodista-erick-xavier-huerta-anuncia-su-registro-como-precandidato-por-la-alcaldia-de-cortazar\\\/\"]}]},{\"@type\":\"ImageObject\",\"inLanguage\":\"es\",\"@id\":\"https:\\\/\\\/redamlo.com\\\/index.php\\\/2021\\\/02\\\/15\\\/el-periodista-erick-xavier-huerta-anuncia-su-registro-como-precandidato-por-la-alcaldia-de-cortazar\\\/#primaryimage\",\"url\":\"https:\\\/\\\/redamlo.com\\\/wp-content\\\/uploads\\\/2021\\\/02\\\/ERICK-XAVIER-HUERTA-EN-CORTAZAR.jpg\",\"contentUrl\":\"https:\\\/\\\/redamlo.com\\\/wp-content\\\/uploads\\\/2021\\\/02\\\/ERICK-XAVIER-HUERTA-EN-CORTAZAR.jpg\",\"width\":940,\"height\":788},{\"@type\":\"BreadcrumbList\",\"@id\":\"https:\\\/\\\/redamlo.com\\\/index.php\\\/2021\\\/02\\\/15\\\/el-periodista-erick-xavier-huerta-anuncia-su-registro-como-precandidato-por-la-alcaldia-de-cortazar\\\/#breadcrumb\",\"itemListElement\":[{\"@type\":\"ListItem\",\"position\":1,\"name\":\"Inicio\",\"item\":\"https:\\\/\\\/redamlo.com\\\/\"},{\"@type\":\"ListItem\",\"position\":2,\"name\":\"El Periodista Erick Xavier Huerta anuncia su registro como precandidato por la alcald\u00eda de Cortazar\"}]},{\"@type\":\"WebSite\",\"@id\":\"https:\\\/\\\/redamlo.com\\\/#website\",\"url\":\"https:\\\/\\\/redamlo.com\\\/\",\"name\":\"NOTICIAS DE LA 4T\",\"description\":\"\",\"publisher\":{\"@id\":\"https:\\\/\\\/redamlo.com\\\/#organization\"},\"potentialAction\":[{\"@type\":\"SearchAction\",\"target\":{\"@type\":\"EntryPoint\",\"urlTemplate\":\"https:\\\/\\\/redamlo.com\\\/?s={search_term_string}\"},\"query-input\":{\"@type\":\"PropertyValueSpecification\",\"valueRequired\":true,\"valueName\":\"search_term_string\"}}],\"inLanguage\":\"es\"},{\"@type\":\"Organization\",\"@id\":\"https:\\\/\\\/redamlo.com\\\/#organization\",\"name\":\"NOTICIAS DE LA 4T\",\"url\":\"https:\\\/\\\/redamlo.com\\\/\",\"logo\":{\"@type\":\"ImageObject\",\"inLanguage\":\"es\",\"@id\":\"https:\\\/\\\/redamlo.com\\\/#\\\/schema\\\/logo\\\/image\\\/\",\"url\":\"https:\\\/\\\/redamlo.com\\\/wp-content\\\/uploads\\\/2024\\\/08\\\/cropped-RED-AMLO-logo-50.png\",\"contentUrl\":\"https:\\\/\\\/redamlo.com\\\/wp-content\\\/uploads\\\/2024\\\/08\\\/cropped-RED-AMLO-logo-50.png\",\"width\":256,\"height\":256,\"caption\":\"NOTICIAS DE LA 4T\"},\"image\":{\"@id\":\"https:\\\/\\\/redamlo.com\\\/#\\\/schema\\\/logo\\\/image\\\/\"}},{\"@type\":\"Person\",\"@id\":\"https:\\\/\\\/redamlo.com\\\/#\\\/schema\\\/person\\\/7223a4375eb8f1a782fcae010a7115cf\",\"name\":\"Blanca\",\"image\":{\"@type\":\"ImageObject\",\"inLanguage\":\"es\",\"@id\":\"https:\\\/\\\/secure.gravatar.com\\\/avatar\\\/3f79bc8336367a4e6093eae8757acaaf61d1124834b905616de7829b0273426d?s=96&d=mm&r=g\",\"url\":\"https:\\\/\\\/secure.gravatar.com\\\/avatar\\\/3f79bc8336367a4e6093eae8757acaaf61d1124834b905616de7829b0273426d?s=96&d=mm&r=g\",\"contentUrl\":\"https:\\\/\\\/secure.gravatar.com\\\/avatar\\\/3f79bc8336367a4e6093eae8757acaaf61d1124834b905616de7829b0273426d?s=96&d=mm&r=g\",\"caption\":\"Blanca\"},\"url\":\"https:\\\/\\\/redamlo.com\\\/index.php\\\/author\\\/blanca\\\/\"}]}<\/script>\n<!-- \/ Yoast SEO plugin. -->","yoast_head_json":{"title":"El Periodista Erick Xavier Huerta anuncia su registro como precandidato por la alcald\u00eda de Cortazar - NOTICIAS DE LA 4T","robots":{"index":"noindex","follow":"follow","max-snippet":"max-snippet:-1","max-image-preview":"max-image-preview:large","max-video-preview":"max-video-preview:-1"},"og_locale":"es_MX","og_type":"article","og_title":"El Periodista Erick Xavier Huerta anuncia su registro como precandidato por la alcald\u00eda de Cortazar - NOTICIAS DE LA 4T","og_description":"Cort\u00e1zar Guanajuato a 15 de febrero 2021 Bajio Press.- Despu\u00e9s de varias conversaciones con ciudadanos,...","og_url":"https:\/\/redamlo.com\/index.php\/2021\/02\/15\/el-periodista-erick-xavier-huerta-anuncia-su-registro-como-precandidato-por-la-alcaldia-de-cortazar\/","og_site_name":"NOTICIAS DE LA 4T","article_published_time":"2021-02-15T12:33:57+00:00","og_image":[{"width":940,"height":788,"url":"https:\/\/redamlo.com\/wp-content\/uploads\/2021\/02\/ERICK-XAVIER-HUERTA-EN-CORTAZAR.jpg","type":"image\/jpeg"}],"author":"Blanca","twitter_card":"summary_large_image","twitter_misc":{"Escrito por":"Blanca","Tiempo de lectura":"1 minuto"},"schema":{"@context":"https:\/\/schema.org","@graph":[{"@type":"Article","@id":"https:\/\/redamlo.com\/index.php\/2021\/02\/15\/el-periodista-erick-xavier-huerta-anuncia-su-registro-como-precandidato-por-la-alcaldia-de-cortazar\/#article","isPartOf":{"@id":"https:\/\/redamlo.com\/index.php\/2021\/02\/15\/el-periodista-erick-xavier-huerta-anuncia-su-registro-como-precandidato-por-la-alcaldia-de-cortazar\/"},"author":{"name":"Blanca","@id":"https:\/\/redamlo.com\/#\/schema\/person\/7223a4375eb8f1a782fcae010a7115cf"},"headline":"El Periodista Erick Xavier Huerta anuncia su registro como precandidato por la alcald\u00eda de Cortazar","datePublished":"2021-02-15T12:33:57+00:00","mainEntityOfPage":{"@id":"https:\/\/redamlo.com\/index.php\/2021\/02\/15\/el-periodista-erick-xavier-huerta-anuncia-su-registro-como-precandidato-por-la-alcaldia-de-cortazar\/"},"wordCount":185,"commentCount":0,"publisher":{"@id":"https:\/\/redamlo.com\/#organization"},"image":{"@id":"https:\/\/redamlo.com\/index.php\/2021\/02\/15\/el-periodista-erick-xavier-huerta-anuncia-su-registro-como-precandidato-por-la-alcaldia-de-cortazar\/#primaryimage"},"thumbnailUrl":"https:\/\/redamlo.com\/wp-content\/uploads\/2021\/02\/ERICK-XAVIER-HUERTA-EN-CORTAZAR.jpg","articleSection":["4T"],"inLanguage":"es","potentialAction":[{"@type":"CommentAction","name":"Comment","target":["https:\/\/redamlo.com\/index.php\/2021\/02\/15\/el-periodista-erick-xavier-huerta-anuncia-su-registro-como-precandidato-por-la-alcaldia-de-cortazar\/#respond"]}]},{"@type":"WebPage","@id":"https:\/\/redamlo.com\/index.php\/2021\/02\/15\/el-periodista-erick-xavier-huerta-anuncia-su-registro-como-precandidato-por-la-alcaldia-de-cortazar\/","url":"https:\/\/redamlo.com\/index.php\/2021\/02\/15\/el-periodista-erick-xavier-huerta-anuncia-su-registro-como-precandidato-por-la-alcaldia-de-cortazar\/","name":"El Periodista Erick Xavier Huerta anuncia su registro como precandidato por la alcald\u00eda de Cortazar - NOTICIAS DE LA 4T","isPartOf":{"@id":"https:\/\/redamlo.com\/#website"},"primaryImageOfPage":{"@id":"https:\/\/redamlo.com\/index.php\/2021\/02\/15\/el-periodista-erick-xavier-huerta-anuncia-su-registro-como-precandidato-por-la-alcaldia-de-cortazar\/#primaryimage"},"image":{"@id":"https:\/\/redamlo.com\/index.php\/2021\/02\/15\/el-periodista-erick-xavier-huerta-anuncia-su-registro-como-precandidato-por-la-alcaldia-de-cortazar\/#primaryimage"},"thumbnailUrl":"https:\/\/redamlo.com\/wp-content\/uploads\/2021\/02\/ERICK-XAVIER-HUERTA-EN-CORTAZAR.jpg","datePublished":"2021-02-15T12:33:57+00:00","breadcrumb":{"@id":"https:\/\/redamlo.com\/index.php\/2021\/02\/15\/el-periodista-erick-xavier-huerta-anuncia-su-registro-como-precandidato-por-la-alcaldia-de-cortazar\/#breadcrumb"},"inLanguage":"es","potentialAction":[{"@type":"ReadAction","target":["https:\/\/redamlo.com\/index.php\/2021\/02\/15\/el-periodista-erick-xavier-huerta-anuncia-su-registro-como-precandidato-por-la-alcaldia-de-cortazar\/"]}]},{"@type":"ImageObject","inLanguage":"es","@id":"https:\/\/redamlo.com\/index.php\/2021\/02\/15\/el-periodista-erick-xavier-huerta-anuncia-su-registro-como-precandidato-por-la-alcaldia-de-cortazar\/#primaryimage","url":"https:\/\/redamlo.com\/wp-content\/uploads\/2021\/02\/ERICK-XAVIER-HUERTA-EN-CORTAZAR.jpg","contentUrl":"https:\/\/redamlo.com\/wp-content\/uploads\/2021\/02\/ERICK-XAVIER-HUERTA-EN-CORTAZAR.jpg","width":940,"height":788},{"@type":"BreadcrumbList","@id":"https:\/\/redamlo.com\/index.php\/2021\/02\/15\/el-periodista-erick-xavier-huerta-anuncia-su-registro-como-precandidato-por-la-alcaldia-de-cortazar\/#breadcrumb","itemListElement":[{"@type":"ListItem","position":1,"name":"Inicio","item":"https:\/\/redamlo.com\/"},{"@type":"ListItem","position":2,"name":"El Periodista Erick Xavier Huerta anuncia su registro como precandidato por la alcald\u00eda de Cortazar"}]},{"@type":"WebSite","@id":"https:\/\/redamlo.com\/#website","url":"https:\/\/redamlo.com\/","name":"NOTICIAS DE LA 4T","description":"","publisher":{"@id":"https:\/\/redamlo.com\/#organization"},"potentialAction":[{"@type":"SearchAction","target":{"@type":"EntryPoint","urlTemplate":"https:\/\/redamlo.com\/?s={search_term_string}"},"query-input":{"@type":"PropertyValueSpecification","valueRequired":true,"valueName":"search_term_string"}}],"inLanguage":"es"},{"@type":"Organization","@id":"https:\/\/redamlo.com\/#organization","name":"NOTICIAS DE LA 4T","url":"https:\/\/redamlo.com\/","logo":{"@type":"ImageObject","inLanguage":"es","@id":"https:\/\/redamlo.com\/#\/schema\/logo\/image\/","url":"https:\/\/redamlo.com\/wp-content\/uploads\/2024\/08\/cropped-RED-AMLO-logo-50.png","contentUrl":"https:\/\/redamlo.com\/wp-content\/uploads\/2024\/08\/cropped-RED-AMLO-logo-50.png","width":256,"height":256,"caption":"NOTICIAS DE LA 4T"},"image":{"@id":"https:\/\/redamlo.com\/#\/schema\/logo\/image\/"}},{"@type":"Person","@id":"https:\/\/redamlo.com\/#\/schema\/person\/7223a4375eb8f1a782fcae010a7115cf","name":"Blanca","image":{"@type":"ImageObject","inLanguage":"es","@id":"https:\/\/secure.gravatar.com\/avatar\/3f79bc8336367a4e6093eae8757acaaf61d1124834b905616de7829b0273426d?s=96&d=mm&r=g","url":"https:\/\/secure.gravatar.com\/avatar\/3f79bc8336367a4e6093eae8757acaaf61d1124834b905616de7829b0273426d?s=96&d=mm&r=g","contentUrl":"https:\/\/secure.gravatar.com\/avatar\/3f79bc8336367a4e6093eae8757acaaf61d1124834b905616de7829b0273426d?s=96&d=mm&r=g","caption":"Blanca"},"url":"https:\/\/redamlo.com\/index.php\/author\/blanca\/"}]}},"_links":{"self":[{"href":"https:\/\/redamlo.com\/index.php\/wp-json\/wp\/v2\/posts\/3737","targetHints":{"allow":["GET"]}}],"collection":[{"href":"https:\/\/redamlo.com\/index.php\/wp-json\/wp\/v2\/posts"}],"about":[{"href":"https:\/\/redamlo.com\/index.php\/wp-json\/wp\/v2\/types\/post"}],"author":[{"embeddable":true,"href":"https:\/\/redamlo.com\/index.php\/wp-json\/wp\/v2\/users\/2"}],"replies":[{"embeddable":true,"href":"https:\/\/redamlo.com\/index.php\/wp-json\/wp\/v2\/comments?post=3737"}],"version-history":[{"count":0,"href":"https:\/\/redamlo.com\/index.php\/wp-json\/wp\/v2\/posts\/3737\/revisions"}],"wp:featuredmedia":[{"embeddable":true,"href":"https:\/\/redamlo.com\/index.php\/wp-json\/wp\/v2\/media\/3739"}],"wp:attachment":[{"href":"https:\/\/redamlo.com\/index.php\/wp-json\/wp\/v2\/media?parent=3737"}],"wp:term":[{"taxonomy":"category","embeddable":true,"href":"https:\/\/redamlo.com\/index.php\/wp-json\/wp\/v2\/categories?post=3737"},{"taxonomy":"post_tag","embeddable":true,"href":"https:\/\/redamlo.com\/index.php\/wp-json\/wp\/v2\/tags?post=3737"}],"curies":[{"name":"wp","href":"https:\/\/api.w.org\/{rel}","templated":true}]}}