{"id":3652,"date":"2021-02-01T11:50:38","date_gmt":"2021-02-01T17:50:38","guid":{"rendered":"https:\/\/redamlo.com\/?p=3652"},"modified":"2021-02-01T11:50:38","modified_gmt":"2021-02-01T17:50:38","slug":"el-bloque-ut4-va-con-mario-ulises-lara-velazquez-por-alcaldia-de-othon-p-blanco-por-morena","status":"publish","type":"post","link":"https:\/\/redamlo.com\/index.php\/2021\/02\/01\/el-bloque-ut4-va-con-mario-ulises-lara-velazquez-por-alcaldia-de-othon-p-blanco-por-morena\/","title":{"rendered":"El Bloque UT4  va con Mario Ulises Lara Vel\u00e1zquez, por alcald\u00eda de Oth\u00f3n P Blanco por Morena"},"content":{"rendered":"<h4>Chetumal Quntana Roo a 1 de febrero 2021 QRoo Press.-<\/h4>\n<p>Siendo las 20 :31 hrs del 31 de enero del 2021 Lara Vel\u00e1zquez cumpli\u00f3 cabalmente con los requisitos en la convocatoria al proceso de registro para presidencia municipal en l\u00ednea, de manera transparente, leg\u00edtima, abierta y plural como lo propuso Morena desde el principio a trav\u00e9s de su dirigente nacional\u00a0<strong>Mario Delgado Carrillo<\/strong>\u00a0y la dirigente estatal\u00a0<strong>Anahi Gonz\u00e1lez Hernandez.<\/strong><\/p>\n<p>Cabe recalcar que\u00a0<strong>Ulises Lara\u00a0<\/strong><b>Vel\u00e1zquez<\/b>\u00a0es el aspirante del pueblo y como tal respondi\u00f3:<br \/>\n\u00a1La revoluci\u00f3n empieza ahora, la revoluci\u00f3n no ser\u00e1 una tarea f\u00e1cil, la revoluci\u00f3n ser\u00e1 dura y llena de peligros! \u00a1Pero El Gran Arquitecto del Universo me respalda!<\/p>\n<p>Asegur\u00f3 que cuenta con comit\u00e9s del cambio verdadero y con el respaldo de estructuras morenistas, as\u00ed como una fuerte estructura paralela de diversas organizaciones sociales, una de ellas por mencionar\u00a0<strong>EL MOVIMIENTO NACIONAL POR LA ESPERANZA Y EL BUEN VIVIR<\/strong>\u00a0de la cual su enlace municipal, es la Regidora Martha Bella Reyes Mejia .<\/p>\n<p>Ulises Lara, quien sostiene los principios de la 4T, No mentir, No robar, No traicionar, goza de la gran simpatia de los othonenses y el respaldo de fundadores, militantes y simpatizantes de 4 municipios que conforman el bloque de unidad 4T.<\/p>\n<p>Con esto queda claro que si dicha selecci\u00f3n de candidatos se hace de manera transparente, justa, imparcial y cumpliendo con todas las especificaciones de los estatutos de morena, ULISES LARA SERA EL CANDIDATO PARA REPRESENTAR DIGNAMENTE AL MOVIMIENTO DE REGENERACI\u00d3N NACIONAL Y ENCABEZAR\u00cdA LA COALICI\u00d3N \u201cJuntos Haremos Historia por Quintana Roo \u201c( MORENA-PT-PVEM- MAS)<\/p>\n","protected":false},"excerpt":{"rendered":"<p>Chetumal Quntana Roo a 1 de febrero 2021 QRoo Press.- Siendo las 20 :31 hrs&#8230;<\/p>\n","protected":false},"author":2,"featured_media":3654,"comment_status":"open","ping_status":"closed","sticky":false,"template":"","format":"standard","meta":{"footnotes":""},"categories":[25],"tags":[487,366,397,415,24,488,489],"class_list":["post-3652","post","type-post","status-publish","format-standard","has-post-thumbnail","hentry","category-4t","tag-anahi-gonzalez-hernandez","tag-elecciones-2021","tag-elecciones-en-quintana-roo","tag-mario-delgado-carrillo","tag-morena","tag-morena-othon-p-blanco","tag-ulises-lara-velazquez"],"yoast_head":"<!-- This site is optimized with the Yoast SEO plugin v27.5 - https:\/\/yoast.com\/product\/yoast-seo-wordpress\/ -->\n<title>El Bloque UT4 va con Mario Ulises Lara Vel\u00e1zquez, por alcald\u00eda de Oth\u00f3n P Blanco por Morena - NOTICIAS DE LA 4T<\/title>\n<meta name=\"robots\" content=\"noindex, follow, max-snippet:-1, max-image-preview:large, max-video-preview:-1\" \/>\n<meta property=\"og:locale\" content=\"es_MX\" \/>\n<meta property=\"og:type\" content=\"article\" \/>\n<meta property=\"og:title\" content=\"El Bloque UT4 va con Mario Ulises Lara Vel\u00e1zquez, por alcald\u00eda de Oth\u00f3n P Blanco por Morena - NOTICIAS DE LA 4T\" \/>\n<meta property=\"og:description\" content=\"Chetumal Quntana Roo a 1 de febrero 2021 QRoo Press.- Siendo las 20 :31 hrs...\" \/>\n<meta property=\"og:url\" content=\"https:\/\/redamlo.com\/index.php\/2021\/02\/01\/el-bloque-ut4-va-con-mario-ulises-lara-velazquez-por-alcaldia-de-othon-p-blanco-por-morena\/\" \/>\n<meta property=\"og:site_name\" content=\"NOTICIAS DE LA 4T\" \/>\n<meta property=\"article:published_time\" content=\"2021-02-01T17:50:38+00:00\" \/>\n<meta property=\"og:image\" content=\"https:\/\/redamlo.com\/wp-content\/uploads\/2021\/02\/ulises-lara-vazquez-chetumal.jpg\" \/>\n\t<meta property=\"og:image:width\" content=\"960\" \/>\n\t<meta property=\"og:image:height\" content=\"1201\" \/>\n\t<meta property=\"og:image:type\" content=\"image\/jpeg\" \/>\n<meta name=\"author\" content=\"Blanca\" \/>\n<meta name=\"twitter:card\" content=\"summary_large_image\" \/>\n<meta name=\"twitter:label1\" content=\"Escrito por\" \/>\n\t<meta name=\"twitter:data1\" content=\"Blanca\" \/>\n\t<meta name=\"twitter:label2\" content=\"Tiempo de lectura\" \/>\n\t<meta name=\"twitter:data2\" content=\"1 minuto\" \/>\n<script type=\"application\/ld+json\" class=\"yoast-schema-graph\">{\"@context\":\"https:\\\/\\\/schema.org\",\"@graph\":[{\"@type\":\"Article\",\"@id\":\"https:\\\/\\\/redamlo.com\\\/index.php\\\/2021\\\/02\\\/01\\\/el-bloque-ut4-va-con-mario-ulises-lara-velazquez-por-alcaldia-de-othon-p-blanco-por-morena\\\/#article\",\"isPartOf\":{\"@id\":\"https:\\\/\\\/redamlo.com\\\/index.php\\\/2021\\\/02\\\/01\\\/el-bloque-ut4-va-con-mario-ulises-lara-velazquez-por-alcaldia-de-othon-p-blanco-por-morena\\\/\"},\"author\":{\"name\":\"Blanca\",\"@id\":\"https:\\\/\\\/redamlo.com\\\/#\\\/schema\\\/person\\\/7223a4375eb8f1a782fcae010a7115cf\"},\"headline\":\"El Bloque UT4 va con Mario Ulises Lara Vel\u00e1zquez, por alcald\u00eda de Oth\u00f3n P Blanco por Morena\",\"datePublished\":\"2021-02-01T17:50:38+00:00\",\"mainEntityOfPage\":{\"@id\":\"https:\\\/\\\/redamlo.com\\\/index.php\\\/2021\\\/02\\\/01\\\/el-bloque-ut4-va-con-mario-ulises-lara-velazquez-por-alcaldia-de-othon-p-blanco-por-morena\\\/\"},\"wordCount\":288,\"commentCount\":0,\"publisher\":{\"@id\":\"https:\\\/\\\/redamlo.com\\\/#organization\"},\"image\":{\"@id\":\"https:\\\/\\\/redamlo.com\\\/index.php\\\/2021\\\/02\\\/01\\\/el-bloque-ut4-va-con-mario-ulises-lara-velazquez-por-alcaldia-de-othon-p-blanco-por-morena\\\/#primaryimage\"},\"thumbnailUrl\":\"https:\\\/\\\/redamlo.com\\\/wp-content\\\/uploads\\\/2021\\\/02\\\/ulises-lara-vazquez-chetumal.jpg\",\"keywords\":[\"Anahi Gonz\u00e1lez Hernandez.\",\"Elecciones 2021\",\"Elecciones en Quintana Roo\",\"Mario Delgado Carrillo\",\"Morena\",\"Morena Oth\u00f3n P.Blanco\",\"Ulises Lara\u00a0Vel\u00e1zquez\"],\"articleSection\":[\"4T\"],\"inLanguage\":\"es\",\"potentialAction\":[{\"@type\":\"CommentAction\",\"name\":\"Comment\",\"target\":[\"https:\\\/\\\/redamlo.com\\\/index.php\\\/2021\\\/02\\\/01\\\/el-bloque-ut4-va-con-mario-ulises-lara-velazquez-por-alcaldia-de-othon-p-blanco-por-morena\\\/#respond\"]}]},{\"@type\":\"WebPage\",\"@id\":\"https:\\\/\\\/redamlo.com\\\/index.php\\\/2021\\\/02\\\/01\\\/el-bloque-ut4-va-con-mario-ulises-lara-velazquez-por-alcaldia-de-othon-p-blanco-por-morena\\\/\",\"url\":\"https:\\\/\\\/redamlo.com\\\/index.php\\\/2021\\\/02\\\/01\\\/el-bloque-ut4-va-con-mario-ulises-lara-velazquez-por-alcaldia-de-othon-p-blanco-por-morena\\\/\",\"name\":\"El Bloque UT4 va con Mario Ulises Lara Vel\u00e1zquez, por alcald\u00eda de Oth\u00f3n P Blanco por Morena - NOTICIAS DE LA 4T\",\"isPartOf\":{\"@id\":\"https:\\\/\\\/redamlo.com\\\/#website\"},\"primaryImageOfPage\":{\"@id\":\"https:\\\/\\\/redamlo.com\\\/index.php\\\/2021\\\/02\\\/01\\\/el-bloque-ut4-va-con-mario-ulises-lara-velazquez-por-alcaldia-de-othon-p-blanco-por-morena\\\/#primaryimage\"},\"image\":{\"@id\":\"https:\\\/\\\/redamlo.com\\\/index.php\\\/2021\\\/02\\\/01\\\/el-bloque-ut4-va-con-mario-ulises-lara-velazquez-por-alcaldia-de-othon-p-blanco-por-morena\\\/#primaryimage\"},\"thumbnailUrl\":\"https:\\\/\\\/redamlo.com\\\/wp-content\\\/uploads\\\/2021\\\/02\\\/ulises-lara-vazquez-chetumal.jpg\",\"datePublished\":\"2021-02-01T17:50:38+00:00\",\"breadcrumb\":{\"@id\":\"https:\\\/\\\/redamlo.com\\\/index.php\\\/2021\\\/02\\\/01\\\/el-bloque-ut4-va-con-mario-ulises-lara-velazquez-por-alcaldia-de-othon-p-blanco-por-morena\\\/#breadcrumb\"},\"inLanguage\":\"es\",\"potentialAction\":[{\"@type\":\"ReadAction\",\"target\":[\"https:\\\/\\\/redamlo.com\\\/index.php\\\/2021\\\/02\\\/01\\\/el-bloque-ut4-va-con-mario-ulises-lara-velazquez-por-alcaldia-de-othon-p-blanco-por-morena\\\/\"]}]},{\"@type\":\"ImageObject\",\"inLanguage\":\"es\",\"@id\":\"https:\\\/\\\/redamlo.com\\\/index.php\\\/2021\\\/02\\\/01\\\/el-bloque-ut4-va-con-mario-ulises-lara-velazquez-por-alcaldia-de-othon-p-blanco-por-morena\\\/#primaryimage\",\"url\":\"https:\\\/\\\/redamlo.com\\\/wp-content\\\/uploads\\\/2021\\\/02\\\/ulises-lara-vazquez-chetumal.jpg\",\"contentUrl\":\"https:\\\/\\\/redamlo.com\\\/wp-content\\\/uploads\\\/2021\\\/02\\\/ulises-lara-vazquez-chetumal.jpg\",\"width\":960,\"height\":1201},{\"@type\":\"BreadcrumbList\",\"@id\":\"https:\\\/\\\/redamlo.com\\\/index.php\\\/2021\\\/02\\\/01\\\/el-bloque-ut4-va-con-mario-ulises-lara-velazquez-por-alcaldia-de-othon-p-blanco-por-morena\\\/#breadcrumb\",\"itemListElement\":[{\"@type\":\"ListItem\",\"position\":1,\"name\":\"Inicio\",\"item\":\"https:\\\/\\\/redamlo.com\\\/\"},{\"@type\":\"ListItem\",\"position\":2,\"name\":\"El Bloque UT4 va con Mario Ulises Lara Vel\u00e1zquez, por alcald\u00eda de Oth\u00f3n P Blanco por Morena\"}]},{\"@type\":\"WebSite\",\"@id\":\"https:\\\/\\\/redamlo.com\\\/#website\",\"url\":\"https:\\\/\\\/redamlo.com\\\/\",\"name\":\"NOTICIAS DE LA 4T\",\"description\":\"\",\"publisher\":{\"@id\":\"https:\\\/\\\/redamlo.com\\\/#organization\"},\"potentialAction\":[{\"@type\":\"SearchAction\",\"target\":{\"@type\":\"EntryPoint\",\"urlTemplate\":\"https:\\\/\\\/redamlo.com\\\/?s={search_term_string}\"},\"query-input\":{\"@type\":\"PropertyValueSpecification\",\"valueRequired\":true,\"valueName\":\"search_term_string\"}}],\"inLanguage\":\"es\"},{\"@type\":\"Organization\",\"@id\":\"https:\\\/\\\/redamlo.com\\\/#organization\",\"name\":\"NOTICIAS DE LA 4T\",\"url\":\"https:\\\/\\\/redamlo.com\\\/\",\"logo\":{\"@type\":\"ImageObject\",\"inLanguage\":\"es\",\"@id\":\"https:\\\/\\\/redamlo.com\\\/#\\\/schema\\\/logo\\\/image\\\/\",\"url\":\"https:\\\/\\\/redamlo.com\\\/wp-content\\\/uploads\\\/2024\\\/08\\\/cropped-RED-AMLO-logo-50.png\",\"contentUrl\":\"https:\\\/\\\/redamlo.com\\\/wp-content\\\/uploads\\\/2024\\\/08\\\/cropped-RED-AMLO-logo-50.png\",\"width\":256,\"height\":256,\"caption\":\"NOTICIAS DE LA 4T\"},\"image\":{\"@id\":\"https:\\\/\\\/redamlo.com\\\/#\\\/schema\\\/logo\\\/image\\\/\"}},{\"@type\":\"Person\",\"@id\":\"https:\\\/\\\/redamlo.com\\\/#\\\/schema\\\/person\\\/7223a4375eb8f1a782fcae010a7115cf\",\"name\":\"Blanca\",\"image\":{\"@type\":\"ImageObject\",\"inLanguage\":\"es\",\"@id\":\"https:\\\/\\\/secure.gravatar.com\\\/avatar\\\/3f79bc8336367a4e6093eae8757acaaf61d1124834b905616de7829b0273426d?s=96&d=mm&r=g\",\"url\":\"https:\\\/\\\/secure.gravatar.com\\\/avatar\\\/3f79bc8336367a4e6093eae8757acaaf61d1124834b905616de7829b0273426d?s=96&d=mm&r=g\",\"contentUrl\":\"https:\\\/\\\/secure.gravatar.com\\\/avatar\\\/3f79bc8336367a4e6093eae8757acaaf61d1124834b905616de7829b0273426d?s=96&d=mm&r=g\",\"caption\":\"Blanca\"},\"url\":\"https:\\\/\\\/redamlo.com\\\/index.php\\\/author\\\/blanca\\\/\"}]}<\/script>\n<!-- \/ Yoast SEO plugin. -->","yoast_head_json":{"title":"El Bloque UT4 va con Mario Ulises Lara Vel\u00e1zquez, por alcald\u00eda de Oth\u00f3n P Blanco por Morena - NOTICIAS DE LA 4T","robots":{"index":"noindex","follow":"follow","max-snippet":"max-snippet:-1","max-image-preview":"max-image-preview:large","max-video-preview":"max-video-preview:-1"},"og_locale":"es_MX","og_type":"article","og_title":"El Bloque UT4 va con Mario Ulises Lara Vel\u00e1zquez, por alcald\u00eda de Oth\u00f3n P Blanco por Morena - NOTICIAS DE LA 4T","og_description":"Chetumal Quntana Roo a 1 de febrero 2021 QRoo Press.- Siendo las 20 :31 hrs...","og_url":"https:\/\/redamlo.com\/index.php\/2021\/02\/01\/el-bloque-ut4-va-con-mario-ulises-lara-velazquez-por-alcaldia-de-othon-p-blanco-por-morena\/","og_site_name":"NOTICIAS DE LA 4T","article_published_time":"2021-02-01T17:50:38+00:00","og_image":[{"width":960,"height":1201,"url":"https:\/\/redamlo.com\/wp-content\/uploads\/2021\/02\/ulises-lara-vazquez-chetumal.jpg","type":"image\/jpeg"}],"author":"Blanca","twitter_card":"summary_large_image","twitter_misc":{"Escrito por":"Blanca","Tiempo de lectura":"1 minuto"},"schema":{"@context":"https:\/\/schema.org","@graph":[{"@type":"Article","@id":"https:\/\/redamlo.com\/index.php\/2021\/02\/01\/el-bloque-ut4-va-con-mario-ulises-lara-velazquez-por-alcaldia-de-othon-p-blanco-por-morena\/#article","isPartOf":{"@id":"https:\/\/redamlo.com\/index.php\/2021\/02\/01\/el-bloque-ut4-va-con-mario-ulises-lara-velazquez-por-alcaldia-de-othon-p-blanco-por-morena\/"},"author":{"name":"Blanca","@id":"https:\/\/redamlo.com\/#\/schema\/person\/7223a4375eb8f1a782fcae010a7115cf"},"headline":"El Bloque UT4 va con Mario Ulises Lara Vel\u00e1zquez, por alcald\u00eda de Oth\u00f3n P Blanco por Morena","datePublished":"2021-02-01T17:50:38+00:00","mainEntityOfPage":{"@id":"https:\/\/redamlo.com\/index.php\/2021\/02\/01\/el-bloque-ut4-va-con-mario-ulises-lara-velazquez-por-alcaldia-de-othon-p-blanco-por-morena\/"},"wordCount":288,"commentCount":0,"publisher":{"@id":"https:\/\/redamlo.com\/#organization"},"image":{"@id":"https:\/\/redamlo.com\/index.php\/2021\/02\/01\/el-bloque-ut4-va-con-mario-ulises-lara-velazquez-por-alcaldia-de-othon-p-blanco-por-morena\/#primaryimage"},"thumbnailUrl":"https:\/\/redamlo.com\/wp-content\/uploads\/2021\/02\/ulises-lara-vazquez-chetumal.jpg","keywords":["Anahi Gonz\u00e1lez Hernandez.","Elecciones 2021","Elecciones en Quintana Roo","Mario Delgado Carrillo","Morena","Morena Oth\u00f3n P.Blanco","Ulises Lara\u00a0Vel\u00e1zquez"],"articleSection":["4T"],"inLanguage":"es","potentialAction":[{"@type":"CommentAction","name":"Comment","target":["https:\/\/redamlo.com\/index.php\/2021\/02\/01\/el-bloque-ut4-va-con-mario-ulises-lara-velazquez-por-alcaldia-de-othon-p-blanco-por-morena\/#respond"]}]},{"@type":"WebPage","@id":"https:\/\/redamlo.com\/index.php\/2021\/02\/01\/el-bloque-ut4-va-con-mario-ulises-lara-velazquez-por-alcaldia-de-othon-p-blanco-por-morena\/","url":"https:\/\/redamlo.com\/index.php\/2021\/02\/01\/el-bloque-ut4-va-con-mario-ulises-lara-velazquez-por-alcaldia-de-othon-p-blanco-por-morena\/","name":"El Bloque UT4 va con Mario Ulises Lara Vel\u00e1zquez, por alcald\u00eda de Oth\u00f3n P Blanco por Morena - NOTICIAS DE LA 4T","isPartOf":{"@id":"https:\/\/redamlo.com\/#website"},"primaryImageOfPage":{"@id":"https:\/\/redamlo.com\/index.php\/2021\/02\/01\/el-bloque-ut4-va-con-mario-ulises-lara-velazquez-por-alcaldia-de-othon-p-blanco-por-morena\/#primaryimage"},"image":{"@id":"https:\/\/redamlo.com\/index.php\/2021\/02\/01\/el-bloque-ut4-va-con-mario-ulises-lara-velazquez-por-alcaldia-de-othon-p-blanco-por-morena\/#primaryimage"},"thumbnailUrl":"https:\/\/redamlo.com\/wp-content\/uploads\/2021\/02\/ulises-lara-vazquez-chetumal.jpg","datePublished":"2021-02-01T17:50:38+00:00","breadcrumb":{"@id":"https:\/\/redamlo.com\/index.php\/2021\/02\/01\/el-bloque-ut4-va-con-mario-ulises-lara-velazquez-por-alcaldia-de-othon-p-blanco-por-morena\/#breadcrumb"},"inLanguage":"es","potentialAction":[{"@type":"ReadAction","target":["https:\/\/redamlo.com\/index.php\/2021\/02\/01\/el-bloque-ut4-va-con-mario-ulises-lara-velazquez-por-alcaldia-de-othon-p-blanco-por-morena\/"]}]},{"@type":"ImageObject","inLanguage":"es","@id":"https:\/\/redamlo.com\/index.php\/2021\/02\/01\/el-bloque-ut4-va-con-mario-ulises-lara-velazquez-por-alcaldia-de-othon-p-blanco-por-morena\/#primaryimage","url":"https:\/\/redamlo.com\/wp-content\/uploads\/2021\/02\/ulises-lara-vazquez-chetumal.jpg","contentUrl":"https:\/\/redamlo.com\/wp-content\/uploads\/2021\/02\/ulises-lara-vazquez-chetumal.jpg","width":960,"height":1201},{"@type":"BreadcrumbList","@id":"https:\/\/redamlo.com\/index.php\/2021\/02\/01\/el-bloque-ut4-va-con-mario-ulises-lara-velazquez-por-alcaldia-de-othon-p-blanco-por-morena\/#breadcrumb","itemListElement":[{"@type":"ListItem","position":1,"name":"Inicio","item":"https:\/\/redamlo.com\/"},{"@type":"ListItem","position":2,"name":"El Bloque UT4 va con Mario Ulises Lara Vel\u00e1zquez, por alcald\u00eda de Oth\u00f3n P Blanco por Morena"}]},{"@type":"WebSite","@id":"https:\/\/redamlo.com\/#website","url":"https:\/\/redamlo.com\/","name":"NOTICIAS DE LA 4T","description":"","publisher":{"@id":"https:\/\/redamlo.com\/#organization"},"potentialAction":[{"@type":"SearchAction","target":{"@type":"EntryPoint","urlTemplate":"https:\/\/redamlo.com\/?s={search_term_string}"},"query-input":{"@type":"PropertyValueSpecification","valueRequired":true,"valueName":"search_term_string"}}],"inLanguage":"es"},{"@type":"Organization","@id":"https:\/\/redamlo.com\/#organization","name":"NOTICIAS DE LA 4T","url":"https:\/\/redamlo.com\/","logo":{"@type":"ImageObject","inLanguage":"es","@id":"https:\/\/redamlo.com\/#\/schema\/logo\/image\/","url":"https:\/\/redamlo.com\/wp-content\/uploads\/2024\/08\/cropped-RED-AMLO-logo-50.png","contentUrl":"https:\/\/redamlo.com\/wp-content\/uploads\/2024\/08\/cropped-RED-AMLO-logo-50.png","width":256,"height":256,"caption":"NOTICIAS DE LA 4T"},"image":{"@id":"https:\/\/redamlo.com\/#\/schema\/logo\/image\/"}},{"@type":"Person","@id":"https:\/\/redamlo.com\/#\/schema\/person\/7223a4375eb8f1a782fcae010a7115cf","name":"Blanca","image":{"@type":"ImageObject","inLanguage":"es","@id":"https:\/\/secure.gravatar.com\/avatar\/3f79bc8336367a4e6093eae8757acaaf61d1124834b905616de7829b0273426d?s=96&d=mm&r=g","url":"https:\/\/secure.gravatar.com\/avatar\/3f79bc8336367a4e6093eae8757acaaf61d1124834b905616de7829b0273426d?s=96&d=mm&r=g","contentUrl":"https:\/\/secure.gravatar.com\/avatar\/3f79bc8336367a4e6093eae8757acaaf61d1124834b905616de7829b0273426d?s=96&d=mm&r=g","caption":"Blanca"},"url":"https:\/\/redamlo.com\/index.php\/author\/blanca\/"}]}},"_links":{"self":[{"href":"https:\/\/redamlo.com\/index.php\/wp-json\/wp\/v2\/posts\/3652","targetHints":{"allow":["GET"]}}],"collection":[{"href":"https:\/\/redamlo.com\/index.php\/wp-json\/wp\/v2\/posts"}],"about":[{"href":"https:\/\/redamlo.com\/index.php\/wp-json\/wp\/v2\/types\/post"}],"author":[{"embeddable":true,"href":"https:\/\/redamlo.com\/index.php\/wp-json\/wp\/v2\/users\/2"}],"replies":[{"embeddable":true,"href":"https:\/\/redamlo.com\/index.php\/wp-json\/wp\/v2\/comments?post=3652"}],"version-history":[{"count":0,"href":"https:\/\/redamlo.com\/index.php\/wp-json\/wp\/v2\/posts\/3652\/revisions"}],"wp:featuredmedia":[{"embeddable":true,"href":"https:\/\/redamlo.com\/index.php\/wp-json\/wp\/v2\/media\/3654"}],"wp:attachment":[{"href":"https:\/\/redamlo.com\/index.php\/wp-json\/wp\/v2\/media?parent=3652"}],"wp:term":[{"taxonomy":"category","embeddable":true,"href":"https:\/\/redamlo.com\/index.php\/wp-json\/wp\/v2\/categories?post=3652"},{"taxonomy":"post_tag","embeddable":true,"href":"https:\/\/redamlo.com\/index.php\/wp-json\/wp\/v2\/tags?post=3652"}],"curies":[{"name":"wp","href":"https:\/\/api.w.org\/{rel}","templated":true}]}}